{"id":14083501,"date":"2024-09-29T10:17:57","date_gmt":"2024-09-29T09:17:57","guid":{"rendered":"https:\/\/kapitalis.com\/tunisie\/?p=14083501"},"modified":"2024-09-29T10:17:58","modified_gmt":"2024-09-29T09:17:58","slug":"maghzaoui-appelle-les-tunisiens-a-voter-massivement-a-la-presidentielle-video","status":"publish","type":"post","link":"https:\/\/kapitalis.com\/tunisie\/2024\/09\/29\/maghzaoui-appelle-les-tunisiens-a-voter-massivement-a-la-presidentielle-video\/","title":{"rendered":"Maghzaoui appelle les Tunisiens \u00e0 voter massivement \u00e0 la pr\u00e9sidentielle (vid\u00e9o)"},"content":{"rendered":"\n<p><strong><em>Zouhair Maghzaoui a appel\u00e9 les Tunisiens \u00e0 participer massivement \u00e0 la pr\u00e9sidentielle du 6 octobre 2024 afin d&rsquo;\u00e9lire le candidat qui convient le mieux pour la Tunisie et son avenir.<\/em> Il est sans doute conscient qu&rsquo;une forte abstention servirait les int\u00e9r\u00eats du pr\u00e9sident sortant, Ka\u00efs Sa\u00efed<\/strong>. <a href=\"https:\/\/www.facebook.com\/zouhairMeg\/videos\/916411403634447\" target=\"_blank\" rel=\"noreferrer noopener\">Vid\u00e9o.<\/a><\/p>\n\n\n\n<!--more-->\n\n\n\n<p>Le candidat du mouvement Echa\u00e2b, qui a men\u00e9 campagne, samedi 28 septembre, dans les souks de Sfax, s\u2019est engag\u00e9 \u00e0 \u0153uvrer, une fois \u00e9lu, \u00e0 r\u00e9gler le probl\u00e8me de la migration irr\u00e9guli\u00e8re et de la pr\u00e9sence massive des migrants africains subsahariens \u00e0 Jebeniana et El-Amra, et \u00e0 compenser les pertes essuy\u00e9es par les habitants de ces deux r\u00e9gions \u00e0 cause de ce probl\u00e8me devenu une plaie purulente dans la r\u00e9gion.<\/p>\n\n\n\n<p>Maghzaoui s\u2019est \u00e9galement engag\u00e9 \u00e0 \u0153uvrer pour le d\u00e9veloppement des diff\u00e9rentes d\u00e9l\u00e9gations du gouvernorat de Sfax, notamment par l\u2019extension du port de Skhira, une meilleure exploitation de Henchir Echa\u00e2l, un immense champ d\u2019oliviers g\u00e9r\u00e9 par l\u2019Office des terres domaniales (OTD), l\u2019am\u00e9lioration des infrastructures et l\u2019ach\u00e8vement des grands projets en panne, comme ceux de Tapatura, du m\u00e9tro et du stade, afin que Sfax retrouve sa position naturelle de capitale du sud et de moteur de l\u2019\u00e9conomie nationale.<\/p>\n\n\n\n<p>Maghzaoui qui s&rsquo;est rendu \u00e0 El-Amra, a d\u00e9clar\u00e9 que la Tunisie ne sera pas une terre d&rsquo;installation des migrants et que les Tunisiens ne resteront pas des <em>\u00abgardiens chez les Italiens comme ils le sont aujourd&rsquo;hui\u00bb<\/em>, faisant ainsi allusion \u00e0 l&rsquo;accord sur la lutte contre la migration irr\u00e9guli\u00e8re pass\u00e9 par la Tunisie avec l&rsquo;Italie et l&rsquo;Union europ\u00e9enne et qui s&rsquo;est traduit, jusque-l\u00e0, par l&rsquo;installation des migrants sur les terres agricoles d&rsquo;El-Amra et ses environs. <\/p>\n\n\n\n<p class=\"has-text-align-right\"><strong>I. B.<\/strong> <\/p>\n","protected":false},"excerpt":{"rendered":"<p>A Sfax, Maghzaoui s\u2019est engag\u00e9, une fois \u00e9lu, \u00e0 r\u00e9gler le probl\u00e8me de la migration irr\u00e9guli\u00e8re et de la pr\u00e9sence massive des migrants subsahariens \u00e0 Jebeniana et El-Amra,<\/p>\n","protected":false},"author":8,"featured_media":14083631,"comment_status":"closed","ping_status":"open","sticky":false,"template":"","format":"standard","meta":{"footnotes":""},"categories":[997,2433,4806],"tags":[110725,118164,25732,76012,107094,18689,4797,4929,4896],"class_list":["post-14083501","post","type-post","status-publish","format-standard","has-post-thumbnail","hentry","category-politique","category-tunisie","category-videos","tag-el-amra","tag-henchir-echaal","tag-jebeniana","tag-kais-saied-2","tag-migrants-africains","tag-mouvement-echaab","tag-presidentielle","tag-skhira","tag-zouhair-maghzaoui"],"yoast_head":"<!-- This site is optimized with the Yoast SEO plugin v26.6 - https:\/\/yoast.com\/wordpress\/plugins\/seo\/ -->\n<title>Maghzaoui appelle les Tunisiens \u00e0 voter massivement \u00e0 la pr\u00e9sidentielle (vid\u00e9o) - Kapitalis<\/title>\n<meta name=\"robots\" content=\"index, follow, max-snippet:-1, max-image-preview:large, max-video-preview:-1\" \/>\n<link rel=\"canonical\" href=\"https:\/\/kapitalis.com\/tunisie\/2024\/09\/29\/maghzaoui-appelle-les-tunisiens-a-voter-massivement-a-la-presidentielle-video\/\" \/>\n<meta property=\"og:locale\" content=\"fr_FR\" \/>\n<meta property=\"og:type\" content=\"article\" \/>\n<meta property=\"og:title\" content=\"Maghzaoui appelle les Tunisiens \u00e0 voter massivement \u00e0 la pr\u00e9sidentielle (vid\u00e9o) - Kapitalis\" \/>\n<meta property=\"og:description\" content=\"A Sfax, Maghzaoui s\u2019est engag\u00e9, une fois \u00e9lu, \u00e0 r\u00e9gler le probl\u00e8me de la migration irr\u00e9guli\u00e8re et de la pr\u00e9sence massive des migrants subsahariens \u00e0 Jebeniana et El-Amra,\" \/>\n<meta property=\"og:url\" content=\"https:\/\/kapitalis.com\/tunisie\/2024\/09\/29\/maghzaoui-appelle-les-tunisiens-a-voter-massivement-a-la-presidentielle-video\/\" \/>\n<meta property=\"og:site_name\" content=\"Kapitalis\" \/>\n<meta property=\"article:publisher\" content=\"https:\/\/www.facebook.com\/KapitalisInfo\/\" \/>\n<meta property=\"article:published_time\" content=\"2024-09-29T09:17:57+00:00\" \/>\n<meta property=\"article:modified_time\" content=\"2024-09-29T09:17:58+00:00\" \/>\n<meta property=\"og:image\" content=\"https:\/\/kapitalis.com\/tunisie\/wp-content\/uploads\/2024\/09\/Zouhair-Maghzaoui-Sfax.jpg\" \/>\n\t<meta property=\"og:image:width\" content=\"1200\" \/>\n\t<meta property=\"og:image:height\" content=\"630\" \/>\n\t<meta property=\"og:image:type\" content=\"image\/jpeg\" \/>\n<meta name=\"author\" content=\"webmaster kapitalis\" \/>\n<meta name=\"twitter:card\" content=\"summary_large_image\" \/>\n<meta name=\"twitter:creator\" content=\"@KapitalisInfo\" \/>\n<meta name=\"twitter:site\" content=\"@KapitalisInfo\" \/>\n<meta name=\"twitter:label1\" content=\"\u00c9crit par\" \/>\n\t<meta name=\"twitter:data1\" content=\"webmaster kapitalis\" \/>\n\t<meta name=\"twitter:label2\" content=\"Dur\u00e9e de lecture estim\u00e9e\" \/>\n\t<meta name=\"twitter:data2\" content=\"2 minutes\" \/>\n<script type=\"application\/ld+json\" class=\"yoast-schema-graph\">{\"@context\":\"https:\/\/schema.org\",\"@graph\":[{\"@type\":\"Article\",\"@id\":\"https:\/\/kapitalis.com\/tunisie\/2024\/09\/29\/maghzaoui-appelle-les-tunisiens-a-voter-massivement-a-la-presidentielle-video\/#article\",\"isPartOf\":{\"@id\":\"https:\/\/kapitalis.com\/tunisie\/2024\/09\/29\/maghzaoui-appelle-les-tunisiens-a-voter-massivement-a-la-presidentielle-video\/\"},\"author\":{\"name\":\"webmaster kapitalis\",\"@id\":\"https:\/\/kapitalis.com\/tunisie\/#\/schema\/person\/d71f33a9ca44f7bad4698210b480c8e9\"},\"headline\":\"Maghzaoui appelle les Tunisiens \u00e0 voter massivement \u00e0 la pr\u00e9sidentielle (vid\u00e9o)\",\"datePublished\":\"2024-09-29T09:17:57+00:00\",\"dateModified\":\"2024-09-29T09:17:58+00:00\",\"mainEntityOfPage\":{\"@id\":\"https:\/\/kapitalis.com\/tunisie\/2024\/09\/29\/maghzaoui-appelle-les-tunisiens-a-voter-massivement-a-la-presidentielle-video\/\"},\"wordCount\":306,\"publisher\":{\"@id\":\"https:\/\/kapitalis.com\/tunisie\/#organization\"},\"image\":{\"@id\":\"https:\/\/kapitalis.com\/tunisie\/2024\/09\/29\/maghzaoui-appelle-les-tunisiens-a-voter-massivement-a-la-presidentielle-video\/#primaryimage\"},\"thumbnailUrl\":\"https:\/\/kapitalis.com\/tunisie\/wp-content\/uploads\/2024\/09\/Zouhair-Maghzaoui-Sfax.jpg\",\"keywords\":[\"El-Amra\",\"Henchir Echa\u00e2l\",\"Jebeniana\",\"Ka\u00efs Sa\u00efed\",\"migrants africains\",\"Mouvement Echa\u00e2b\",\"pr\u00e9sidentielle\",\"Skhira\",\"Zouhair Maghzaoui\"],\"articleSection\":[\"POLITIQUE\",\"Tunisie\",\"VIDEOS\"],\"inLanguage\":\"fr-FR\"},{\"@type\":\"WebPage\",\"@id\":\"https:\/\/kapitalis.com\/tunisie\/2024\/09\/29\/maghzaoui-appelle-les-tunisiens-a-voter-massivement-a-la-presidentielle-video\/\",\"url\":\"https:\/\/kapitalis.com\/tunisie\/2024\/09\/29\/maghzaoui-appelle-les-tunisiens-a-voter-massivement-a-la-presidentielle-video\/\",\"name\":\"Maghzaoui appelle les Tunisiens \u00e0 voter massivement \u00e0 la pr\u00e9sidentielle (vid\u00e9o) - Kapitalis\",\"isPartOf\":{\"@id\":\"https:\/\/kapitalis.com\/tunisie\/#website\"},\"primaryImageOfPage\":{\"@id\":\"https:\/\/kapitalis.com\/tunisie\/2024\/09\/29\/maghzaoui-appelle-les-tunisiens-a-voter-massivement-a-la-presidentielle-video\/#primaryimage\"},\"image\":{\"@id\":\"https:\/\/kapitalis.com\/tunisie\/2024\/09\/29\/maghzaoui-appelle-les-tunisiens-a-voter-massivement-a-la-presidentielle-video\/#primaryimage\"},\"thumbnailUrl\":\"https:\/\/kapitalis.com\/tunisie\/wp-content\/uploads\/2024\/09\/Zouhair-Maghzaoui-Sfax.jpg\",\"datePublished\":\"2024-09-29T09:17:57+00:00\",\"dateModified\":\"2024-09-29T09:17:58+00:00\",\"breadcrumb\":{\"@id\":\"https:\/\/kapitalis.com\/tunisie\/2024\/09\/29\/maghzaoui-appelle-les-tunisiens-a-voter-massivement-a-la-presidentielle-video\/#breadcrumb\"},\"inLanguage\":\"fr-FR\",\"potentialAction\":[{\"@type\":\"ReadAction\",\"target\":[\"https:\/\/kapitalis.com\/tunisie\/2024\/09\/29\/maghzaoui-appelle-les-tunisiens-a-voter-massivement-a-la-presidentielle-video\/\"]}]},{\"@type\":\"ImageObject\",\"inLanguage\":\"fr-FR\",\"@id\":\"https:\/\/kapitalis.com\/tunisie\/2024\/09\/29\/maghzaoui-appelle-les-tunisiens-a-voter-massivement-a-la-presidentielle-video\/#primaryimage\",\"url\":\"https:\/\/kapitalis.com\/tunisie\/wp-content\/uploads\/2024\/09\/Zouhair-Maghzaoui-Sfax.jpg\",\"contentUrl\":\"https:\/\/kapitalis.com\/tunisie\/wp-content\/uploads\/2024\/09\/Zouhair-Maghzaoui-Sfax.jpg\",\"width\":1200,\"height\":630},{\"@type\":\"BreadcrumbList\",\"@id\":\"https:\/\/kapitalis.com\/tunisie\/2024\/09\/29\/maghzaoui-appelle-les-tunisiens-a-voter-massivement-a-la-presidentielle-video\/#breadcrumb\",\"itemListElement\":[{\"@type\":\"ListItem\",\"position\":1,\"name\":\"Accueil\",\"item\":\"https:\/\/kapitalis.com\/tunisie\/\"},{\"@type\":\"ListItem\",\"position\":2,\"name\":\"Maghzaoui appelle les Tunisiens \u00e0 voter massivement \u00e0 la pr\u00e9sidentielle (vid\u00e9o)\"}]},{\"@type\":\"WebSite\",\"@id\":\"https:\/\/kapitalis.com\/tunisie\/#website\",\"url\":\"https:\/\/kapitalis.com\/tunisie\/\",\"name\":\"Kapitalis\",\"description\":\"L&#039;actualit\u00e9 en Tunisie et dans le monde\",\"publisher\":{\"@id\":\"https:\/\/kapitalis.com\/tunisie\/#organization\"},\"potentialAction\":[{\"@type\":\"SearchAction\",\"target\":{\"@type\":\"EntryPoint\",\"urlTemplate\":\"https:\/\/kapitalis.com\/tunisie\/?s={search_term_string}\"},\"query-input\":{\"@type\":\"PropertyValueSpecification\",\"valueRequired\":true,\"valueName\":\"search_term_string\"}}],\"inLanguage\":\"fr-FR\"},{\"@type\":\"Organization\",\"@id\":\"https:\/\/kapitalis.com\/tunisie\/#organization\",\"name\":\"Kapitalis\",\"url\":\"https:\/\/kapitalis.com\/tunisie\/\",\"logo\":{\"@type\":\"ImageObject\",\"inLanguage\":\"fr-FR\",\"@id\":\"https:\/\/kapitalis.com\/tunisie\/#\/schema\/logo\/image\/\",\"url\":\"https:\/\/kapitalis.com\/tunisie\/wp-content\/uploads\/2022\/05\/Kapitalis-big-size.png\",\"contentUrl\":\"https:\/\/kapitalis.com\/tunisie\/wp-content\/uploads\/2022\/05\/Kapitalis-big-size.png\",\"width\":5000,\"height\":1500,\"caption\":\"Kapitalis\"},\"image\":{\"@id\":\"https:\/\/kapitalis.com\/tunisie\/#\/schema\/logo\/image\/\"},\"sameAs\":[\"https:\/\/www.facebook.com\/KapitalisInfo\/\",\"https:\/\/x.com\/KapitalisInfo\",\"https:\/\/www.youtube.com\/channel\/UC-yDYrHyfFBWWZaOw3FPg9Q\"]},{\"@type\":\"Person\",\"@id\":\"https:\/\/kapitalis.com\/tunisie\/#\/schema\/person\/d71f33a9ca44f7bad4698210b480c8e9\",\"name\":\"webmaster kapitalis\",\"url\":\"https:\/\/kapitalis.com\/tunisie\/author\/webmaster-kapitalis\/\"}]}<\/script>\n<!-- \/ Yoast SEO plugin. -->","yoast_head_json":{"title":"Maghzaoui appelle les Tunisiens \u00e0 voter massivement \u00e0 la pr\u00e9sidentielle (vid\u00e9o) - Kapitalis","robots":{"index":"index","follow":"follow","max-snippet":"max-snippet:-1","max-image-preview":"max-image-preview:large","max-video-preview":"max-video-preview:-1"},"canonical":"https:\/\/kapitalis.com\/tunisie\/2024\/09\/29\/maghzaoui-appelle-les-tunisiens-a-voter-massivement-a-la-presidentielle-video\/","og_locale":"fr_FR","og_type":"article","og_title":"Maghzaoui appelle les Tunisiens \u00e0 voter massivement \u00e0 la pr\u00e9sidentielle (vid\u00e9o) - Kapitalis","og_description":"A Sfax, Maghzaoui s\u2019est engag\u00e9, une fois \u00e9lu, \u00e0 r\u00e9gler le probl\u00e8me de la migration irr\u00e9guli\u00e8re et de la pr\u00e9sence massive des migrants subsahariens \u00e0 Jebeniana et El-Amra,","og_url":"https:\/\/kapitalis.com\/tunisie\/2024\/09\/29\/maghzaoui-appelle-les-tunisiens-a-voter-massivement-a-la-presidentielle-video\/","og_site_name":"Kapitalis","article_publisher":"https:\/\/www.facebook.com\/KapitalisInfo\/","article_published_time":"2024-09-29T09:17:57+00:00","article_modified_time":"2024-09-29T09:17:58+00:00","og_image":[{"width":1200,"height":630,"url":"https:\/\/kapitalis.com\/tunisie\/wp-content\/uploads\/2024\/09\/Zouhair-Maghzaoui-Sfax.jpg","type":"image\/jpeg"}],"author":"webmaster kapitalis","twitter_card":"summary_large_image","twitter_creator":"@KapitalisInfo","twitter_site":"@KapitalisInfo","twitter_misc":{"\u00c9crit par":"webmaster kapitalis","Dur\u00e9e de lecture estim\u00e9e":"2 minutes"},"schema":{"@context":"https:\/\/schema.org","@graph":[{"@type":"Article","@id":"https:\/\/kapitalis.com\/tunisie\/2024\/09\/29\/maghzaoui-appelle-les-tunisiens-a-voter-massivement-a-la-presidentielle-video\/#article","isPartOf":{"@id":"https:\/\/kapitalis.com\/tunisie\/2024\/09\/29\/maghzaoui-appelle-les-tunisiens-a-voter-massivement-a-la-presidentielle-video\/"},"author":{"name":"webmaster kapitalis","@id":"https:\/\/kapitalis.com\/tunisie\/#\/schema\/person\/d71f33a9ca44f7bad4698210b480c8e9"},"headline":"Maghzaoui appelle les Tunisiens \u00e0 voter massivement \u00e0 la pr\u00e9sidentielle (vid\u00e9o)","datePublished":"2024-09-29T09:17:57+00:00","dateModified":"2024-09-29T09:17:58+00:00","mainEntityOfPage":{"@id":"https:\/\/kapitalis.com\/tunisie\/2024\/09\/29\/maghzaoui-appelle-les-tunisiens-a-voter-massivement-a-la-presidentielle-video\/"},"wordCount":306,"publisher":{"@id":"https:\/\/kapitalis.com\/tunisie\/#organization"},"image":{"@id":"https:\/\/kapitalis.com\/tunisie\/2024\/09\/29\/maghzaoui-appelle-les-tunisiens-a-voter-massivement-a-la-presidentielle-video\/#primaryimage"},"thumbnailUrl":"https:\/\/kapitalis.com\/tunisie\/wp-content\/uploads\/2024\/09\/Zouhair-Maghzaoui-Sfax.jpg","keywords":["El-Amra","Henchir Echa\u00e2l","Jebeniana","Ka\u00efs Sa\u00efed","migrants africains","Mouvement Echa\u00e2b","pr\u00e9sidentielle","Skhira","Zouhair Maghzaoui"],"articleSection":["POLITIQUE","Tunisie","VIDEOS"],"inLanguage":"fr-FR"},{"@type":"WebPage","@id":"https:\/\/kapitalis.com\/tunisie\/2024\/09\/29\/maghzaoui-appelle-les-tunisiens-a-voter-massivement-a-la-presidentielle-video\/","url":"https:\/\/kapitalis.com\/tunisie\/2024\/09\/29\/maghzaoui-appelle-les-tunisiens-a-voter-massivement-a-la-presidentielle-video\/","name":"Maghzaoui appelle les Tunisiens \u00e0 voter massivement \u00e0 la pr\u00e9sidentielle (vid\u00e9o) - Kapitalis","isPartOf":{"@id":"https:\/\/kapitalis.com\/tunisie\/#website"},"primaryImageOfPage":{"@id":"https:\/\/kapitalis.com\/tunisie\/2024\/09\/29\/maghzaoui-appelle-les-tunisiens-a-voter-massivement-a-la-presidentielle-video\/#primaryimage"},"image":{"@id":"https:\/\/kapitalis.com\/tunisie\/2024\/09\/29\/maghzaoui-appelle-les-tunisiens-a-voter-massivement-a-la-presidentielle-video\/#primaryimage"},"thumbnailUrl":"https:\/\/kapitalis.com\/tunisie\/wp-content\/uploads\/2024\/09\/Zouhair-Maghzaoui-Sfax.jpg","datePublished":"2024-09-29T09:17:57+00:00","dateModified":"2024-09-29T09:17:58+00:00","breadcrumb":{"@id":"https:\/\/kapitalis.com\/tunisie\/2024\/09\/29\/maghzaoui-appelle-les-tunisiens-a-voter-massivement-a-la-presidentielle-video\/#breadcrumb"},"inLanguage":"fr-FR","potentialAction":[{"@type":"ReadAction","target":["https:\/\/kapitalis.com\/tunisie\/2024\/09\/29\/maghzaoui-appelle-les-tunisiens-a-voter-massivement-a-la-presidentielle-video\/"]}]},{"@type":"ImageObject","inLanguage":"fr-FR","@id":"https:\/\/kapitalis.com\/tunisie\/2024\/09\/29\/maghzaoui-appelle-les-tunisiens-a-voter-massivement-a-la-presidentielle-video\/#primaryimage","url":"https:\/\/kapitalis.com\/tunisie\/wp-content\/uploads\/2024\/09\/Zouhair-Maghzaoui-Sfax.jpg","contentUrl":"https:\/\/kapitalis.com\/tunisie\/wp-content\/uploads\/2024\/09\/Zouhair-Maghzaoui-Sfax.jpg","width":1200,"height":630},{"@type":"BreadcrumbList","@id":"https:\/\/kapitalis.com\/tunisie\/2024\/09\/29\/maghzaoui-appelle-les-tunisiens-a-voter-massivement-a-la-presidentielle-video\/#breadcrumb","itemListElement":[{"@type":"ListItem","position":1,"name":"Accueil","item":"https:\/\/kapitalis.com\/tunisie\/"},{"@type":"ListItem","position":2,"name":"Maghzaoui appelle les Tunisiens \u00e0 voter massivement \u00e0 la pr\u00e9sidentielle (vid\u00e9o)"}]},{"@type":"WebSite","@id":"https:\/\/kapitalis.com\/tunisie\/#website","url":"https:\/\/kapitalis.com\/tunisie\/","name":"Kapitalis","description":"L&#039;actualit\u00e9 en Tunisie et dans le monde","publisher":{"@id":"https:\/\/kapitalis.com\/tunisie\/#organization"},"potentialAction":[{"@type":"SearchAction","target":{"@type":"EntryPoint","urlTemplate":"https:\/\/kapitalis.com\/tunisie\/?s={search_term_string}"},"query-input":{"@type":"PropertyValueSpecification","valueRequired":true,"valueName":"search_term_string"}}],"inLanguage":"fr-FR"},{"@type":"Organization","@id":"https:\/\/kapitalis.com\/tunisie\/#organization","name":"Kapitalis","url":"https:\/\/kapitalis.com\/tunisie\/","logo":{"@type":"ImageObject","inLanguage":"fr-FR","@id":"https:\/\/kapitalis.com\/tunisie\/#\/schema\/logo\/image\/","url":"https:\/\/kapitalis.com\/tunisie\/wp-content\/uploads\/2022\/05\/Kapitalis-big-size.png","contentUrl":"https:\/\/kapitalis.com\/tunisie\/wp-content\/uploads\/2022\/05\/Kapitalis-big-size.png","width":5000,"height":1500,"caption":"Kapitalis"},"image":{"@id":"https:\/\/kapitalis.com\/tunisie\/#\/schema\/logo\/image\/"},"sameAs":["https:\/\/www.facebook.com\/KapitalisInfo\/","https:\/\/x.com\/KapitalisInfo","https:\/\/www.youtube.com\/channel\/UC-yDYrHyfFBWWZaOw3FPg9Q"]},{"@type":"Person","@id":"https:\/\/kapitalis.com\/tunisie\/#\/schema\/person\/d71f33a9ca44f7bad4698210b480c8e9","name":"webmaster kapitalis","url":"https:\/\/kapitalis.com\/tunisie\/author\/webmaster-kapitalis\/"}]}},"_links":{"self":[{"href":"https:\/\/kapitalis.com\/tunisie\/wp-json\/wp\/v2\/posts\/14083501","targetHints":{"allow":["GET"]}}],"collection":[{"href":"https:\/\/kapitalis.com\/tunisie\/wp-json\/wp\/v2\/posts"}],"about":[{"href":"https:\/\/kapitalis.com\/tunisie\/wp-json\/wp\/v2\/types\/post"}],"author":[{"embeddable":true,"href":"https:\/\/kapitalis.com\/tunisie\/wp-json\/wp\/v2\/users\/8"}],"replies":[{"embeddable":true,"href":"https:\/\/kapitalis.com\/tunisie\/wp-json\/wp\/v2\/comments?post=14083501"}],"version-history":[{"count":1,"href":"https:\/\/kapitalis.com\/tunisie\/wp-json\/wp\/v2\/posts\/14083501\/revisions"}],"predecessor-version":[{"id":14083658,"href":"https:\/\/kapitalis.com\/tunisie\/wp-json\/wp\/v2\/posts\/14083501\/revisions\/14083658"}],"wp:featuredmedia":[{"embeddable":true,"href":"https:\/\/kapitalis.com\/tunisie\/wp-json\/wp\/v2\/media\/14083631"}],"wp:attachment":[{"href":"https:\/\/kapitalis.com\/tunisie\/wp-json\/wp\/v2\/media?parent=14083501"}],"wp:term":[{"taxonomy":"category","embeddable":true,"href":"https:\/\/kapitalis.com\/tunisie\/wp-json\/wp\/v2\/categories?post=14083501"},{"taxonomy":"post_tag","embeddable":true,"href":"https:\/\/kapitalis.com\/tunisie\/wp-json\/wp\/v2\/tags?post=14083501"}],"curies":[{"name":"wp","href":"https:\/\/api.w.org\/{rel}","templated":true}]}}