{"id":140851,"date":"2018-02-27T14:54:09","date_gmt":"2018-02-27T13:54:09","guid":{"rendered":"http:\/\/kapitalis.com\/tunisie\/?p=140851"},"modified":"2018-02-27T14:54:09","modified_gmt":"2018-02-27T13:54:09","slug":"port-du-hijab-dans-ladministration-tunisienne-de-la-villardiere-mal-informe","status":"publish","type":"post","link":"https:\/\/kapitalis.com\/tunisie\/2018\/02\/27\/port-du-hijab-dans-ladministration-tunisienne-de-la-villardiere-mal-informe\/","title":{"rendered":"Port du hijab dans l&rsquo;administration tunisienne : De la Villardi\u00e8re mal inform\u00e9"},"content":{"rendered":"<p style=\"text-align: center;\"><img loading=\"lazy\" decoding=\"async\" class=\"alignnone size-full wp-image-140857\" src=\"http:\/\/kapitalis.com\/tunisie\/wp-content\/uploads\/2018\/02\/bernard_de_la_villardiere.jpg\" alt=\"\" width=\"626\" height=\"380\" \/><\/p>\n<p><em><strong>Sans doute mal inform\u00e9e, le journaliste fran\u00e7ais Bernard de la Villardi\u00e8re a affirm\u00e9 que\u00a0 la Tunisie interdit le port du hijab dans l&rsquo;administration publique.\u00a0<\/strong><\/em><!--more--><\/p>\n<p>Invit\u00e9 \u00e0 au plateau \u00ab\u00a0<em>Touche pas \u00e0 mon poste<\/em>\u00a0\u00bb sur C8, lundi 26 f\u00e9vrier 2018, le pr\u00e9sentateur du magazine d&rsquo;investigation \u00ab\u00a0<em>Enqu\u00eate exclusive<\/em>\u00a0\u00bb diffus\u00e9 sur la cha\u00eene M6 a assur\u00e9 que la Tunisie, apr\u00e8s la r\u00e9volution, a interdit aux femmes de porter le hijab dans les administrations publiques, affirmant que des musulmans tunisiens et alg\u00e9riens estiment que la France doit faire face au danger de la propagation du voile int\u00e9gral.<\/p>\n<p>Bernard de la Villardi\u00e8re semble avoir confondu le hijab et le niqab, c&rsquo;est-\u00e0-dire\u00a0le voile int\u00e9gral, qui, lui, est interdit dans les services publics en Tunisie (\u00e9tablissements scolaires, universit\u00e9s, h\u00f4pitaux, etc.), par une loi adopt\u00e9e en 2016, suite \u00e0 une initiative l\u00e9gislative du bloc Al-Horra (Machrou Tounes).<\/p>\n<blockquote class=\"twitter-video\" data-lang=\"fr\">\n<p dir=\"ltr\" lang=\"fr\">Bernard de la Villardi\u00e8re a r\u00e9pondu \u00e0 toutes les questions des chroniqueurs de <a href=\"https:\/\/twitter.com\/hashtag\/TPMP?src=hash&amp;ref_src=twsrc%5Etfw\">#TPMP<\/a> ! Votre avis sur ses d\u00e9clarations ? <a href=\"https:\/\/t.co\/JJ9rKwNXGq\">pic.twitter.com\/JJ9rKwNXGq<\/a><\/p>\n<p>\u2014 TPMP (@TPMP) <a href=\"https:\/\/twitter.com\/TPMP\/status\/968404092769812480?ref_src=twsrc%5Etfw\">27 f\u00e9vrier 2018<\/a><\/p><\/blockquote>\n<p><script async src=\"https:\/\/platform.twitter.com\/widgets.js\" charset=\"utf-8\"><\/script><\/p>\n<p>Le port du hijab \u00e9tait certes interdits dans l&rsquo;administration tunisienne sous le r\u00e9gime de Ben Ali, mais au lendemain de la r\u00e9volution de 2011, cette interdiction est tomb\u00e9e. Mais une\u00a0pol\u00e9mique a \u00e9clat\u00e9 sur le port du niqab, suite \u00e0 la d\u00e9couverte d&rsquo;extr\u00e9mistes religieux d\u00e9guis\u00e9s en femmes niqab\u00e9es. D&rsquo;o\u00f9 la promulgation de la loi de 2016, dans le cadre de la lutte contre le terrorisme.<\/p>\n<p style=\"text-align: right;\"><strong>E. B. A.<\/strong><\/p>\n<p>&nbsp;<\/p>\n","protected":false},"excerpt":{"rendered":"<p>Sans doute mal inform\u00e9e, le journaliste fran\u00e7ais Bernard de la Villardi\u00e8re a affirm\u00e9 que\u00a0 la Tunisie interdit le port du hijab dans l&rsquo;administration publique.\u00a0<\/p>\n","protected":false},"author":16,"featured_media":140857,"comment_status":"open","ping_status":"open","sticky":false,"template":"","format":"standard","meta":{"footnotes":""},"categories":[998,2433,4806],"tags":[4694,3159,2239],"class_list":["post-140851","post","type-post","status-publish","format-standard","has-post-thumbnail","hentry","category-societe","category-tunisie","category-videos","tag-hijab","tag-neji-jalloul","tag-niqab"],"yoast_head":"<!-- This site is optimized with the Yoast SEO plugin v26.6 - https:\/\/yoast.com\/wordpress\/plugins\/seo\/ -->\n<title>Port du hijab dans l&#039;administration tunisienne : De la Villardi\u00e8re mal inform\u00e9 - Kapitalis<\/title>\n<meta name=\"robots\" content=\"index, follow, max-snippet:-1, max-image-preview:large, max-video-preview:-1\" \/>\n<link rel=\"canonical\" href=\"https:\/\/kapitalis.com\/tunisie\/2018\/02\/27\/port-du-hijab-dans-ladministration-tunisienne-de-la-villardiere-mal-informe\/\" \/>\n<meta property=\"og:locale\" content=\"fr_FR\" \/>\n<meta property=\"og:type\" content=\"article\" \/>\n<meta property=\"og:title\" content=\"Port du hijab dans l&#039;administration tunisienne : De la Villardi\u00e8re mal inform\u00e9 - Kapitalis\" \/>\n<meta property=\"og:description\" content=\"Sans doute mal inform\u00e9e, le journaliste fran\u00e7ais Bernard de la Villardi\u00e8re a affirm\u00e9 que\u00a0 la Tunisie interdit le port du hijab dans l&rsquo;administration publique.\u00a0\" \/>\n<meta property=\"og:url\" content=\"https:\/\/kapitalis.com\/tunisie\/2018\/02\/27\/port-du-hijab-dans-ladministration-tunisienne-de-la-villardiere-mal-informe\/\" \/>\n<meta property=\"og:site_name\" content=\"Kapitalis\" \/>\n<meta property=\"article:publisher\" content=\"https:\/\/www.facebook.com\/KapitalisInfo\/\" \/>\n<meta property=\"article:published_time\" content=\"2018-02-27T13:54:09+00:00\" \/>\n<meta property=\"og:image\" content=\"https:\/\/kapitalis.com\/tunisie\/wp-content\/uploads\/2022\/05\/kapitalis-logo-fb.png\" \/>\n\t<meta property=\"og:image:width\" content=\"1200\" \/>\n\t<meta property=\"og:image:height\" content=\"630\" \/>\n\t<meta property=\"og:image:type\" content=\"image\/png\" \/>\n<meta name=\"author\" content=\"emna benabdallah\" \/>\n<meta name=\"twitter:card\" content=\"summary_large_image\" \/>\n<meta name=\"twitter:creator\" content=\"@KapitalisInfo\" \/>\n<meta name=\"twitter:site\" content=\"@KapitalisInfo\" \/>\n<meta name=\"twitter:label1\" content=\"\u00c9crit par\" \/>\n\t<meta name=\"twitter:data1\" content=\"emna benabdallah\" \/>\n\t<meta name=\"twitter:label2\" content=\"Dur\u00e9e de lecture estim\u00e9e\" \/>\n\t<meta name=\"twitter:data2\" content=\"1 minute\" \/>\n<script type=\"application\/ld+json\" class=\"yoast-schema-graph\">{\"@context\":\"https:\/\/schema.org\",\"@graph\":[{\"@type\":\"Article\",\"@id\":\"https:\/\/kapitalis.com\/tunisie\/2018\/02\/27\/port-du-hijab-dans-ladministration-tunisienne-de-la-villardiere-mal-informe\/#article\",\"isPartOf\":{\"@id\":\"https:\/\/kapitalis.com\/tunisie\/2018\/02\/27\/port-du-hijab-dans-ladministration-tunisienne-de-la-villardiere-mal-informe\/\"},\"author\":{\"name\":\"emna benabdallah\",\"@id\":\"https:\/\/kapitalis.com\/tunisie\/#\/schema\/person\/2c6e134b2f3369dffcd1daf5f087d28b\"},\"headline\":\"Port du hijab dans l&rsquo;administration tunisienne : De la Villardi\u00e8re mal inform\u00e9\",\"datePublished\":\"2018-02-27T13:54:09+00:00\",\"mainEntityOfPage\":{\"@id\":\"https:\/\/kapitalis.com\/tunisie\/2018\/02\/27\/port-du-hijab-dans-ladministration-tunisienne-de-la-villardiere-mal-informe\/\"},\"wordCount\":269,\"commentCount\":6,\"publisher\":{\"@id\":\"https:\/\/kapitalis.com\/tunisie\/#organization\"},\"image\":{\"@id\":\"https:\/\/kapitalis.com\/tunisie\/2018\/02\/27\/port-du-hijab-dans-ladministration-tunisienne-de-la-villardiere-mal-informe\/#primaryimage\"},\"thumbnailUrl\":\"\",\"keywords\":[\"hijab\",\"Neji Jalloul\",\"niqab\"],\"articleSection\":[\"SOCIETE\",\"Tunisie\",\"VIDEOS\"],\"inLanguage\":\"fr-FR\",\"potentialAction\":[{\"@type\":\"CommentAction\",\"name\":\"Comment\",\"target\":[\"https:\/\/kapitalis.com\/tunisie\/2018\/02\/27\/port-du-hijab-dans-ladministration-tunisienne-de-la-villardiere-mal-informe\/#respond\"]}]},{\"@type\":\"WebPage\",\"@id\":\"https:\/\/kapitalis.com\/tunisie\/2018\/02\/27\/port-du-hijab-dans-ladministration-tunisienne-de-la-villardiere-mal-informe\/\",\"url\":\"https:\/\/kapitalis.com\/tunisie\/2018\/02\/27\/port-du-hijab-dans-ladministration-tunisienne-de-la-villardiere-mal-informe\/\",\"name\":\"Port du hijab dans l'administration tunisienne : De la Villardi\u00e8re mal inform\u00e9 - Kapitalis\",\"isPartOf\":{\"@id\":\"https:\/\/kapitalis.com\/tunisie\/#website\"},\"primaryImageOfPage\":{\"@id\":\"https:\/\/kapitalis.com\/tunisie\/2018\/02\/27\/port-du-hijab-dans-ladministration-tunisienne-de-la-villardiere-mal-informe\/#primaryimage\"},\"image\":{\"@id\":\"https:\/\/kapitalis.com\/tunisie\/2018\/02\/27\/port-du-hijab-dans-ladministration-tunisienne-de-la-villardiere-mal-informe\/#primaryimage\"},\"thumbnailUrl\":\"\",\"datePublished\":\"2018-02-27T13:54:09+00:00\",\"breadcrumb\":{\"@id\":\"https:\/\/kapitalis.com\/tunisie\/2018\/02\/27\/port-du-hijab-dans-ladministration-tunisienne-de-la-villardiere-mal-informe\/#breadcrumb\"},\"inLanguage\":\"fr-FR\",\"potentialAction\":[{\"@type\":\"ReadAction\",\"target\":[\"https:\/\/kapitalis.com\/tunisie\/2018\/02\/27\/port-du-hijab-dans-ladministration-tunisienne-de-la-villardiere-mal-informe\/\"]}]},{\"@type\":\"ImageObject\",\"inLanguage\":\"fr-FR\",\"@id\":\"https:\/\/kapitalis.com\/tunisie\/2018\/02\/27\/port-du-hijab-dans-ladministration-tunisienne-de-la-villardiere-mal-informe\/#primaryimage\",\"url\":\"\",\"contentUrl\":\"\"},{\"@type\":\"BreadcrumbList\",\"@id\":\"https:\/\/kapitalis.com\/tunisie\/2018\/02\/27\/port-du-hijab-dans-ladministration-tunisienne-de-la-villardiere-mal-informe\/#breadcrumb\",\"itemListElement\":[{\"@type\":\"ListItem\",\"position\":1,\"name\":\"Accueil\",\"item\":\"https:\/\/kapitalis.com\/tunisie\/\"},{\"@type\":\"ListItem\",\"position\":2,\"name\":\"Port du hijab dans l&rsquo;administration tunisienne : De la Villardi\u00e8re mal inform\u00e9\"}]},{\"@type\":\"WebSite\",\"@id\":\"https:\/\/kapitalis.com\/tunisie\/#website\",\"url\":\"https:\/\/kapitalis.com\/tunisie\/\",\"name\":\"Kapitalis\",\"description\":\"L&#039;actualit\u00e9 en Tunisie et dans le monde\",\"publisher\":{\"@id\":\"https:\/\/kapitalis.com\/tunisie\/#organization\"},\"potentialAction\":[{\"@type\":\"SearchAction\",\"target\":{\"@type\":\"EntryPoint\",\"urlTemplate\":\"https:\/\/kapitalis.com\/tunisie\/?s={search_term_string}\"},\"query-input\":{\"@type\":\"PropertyValueSpecification\",\"valueRequired\":true,\"valueName\":\"search_term_string\"}}],\"inLanguage\":\"fr-FR\"},{\"@type\":\"Organization\",\"@id\":\"https:\/\/kapitalis.com\/tunisie\/#organization\",\"name\":\"Kapitalis\",\"url\":\"https:\/\/kapitalis.com\/tunisie\/\",\"logo\":{\"@type\":\"ImageObject\",\"inLanguage\":\"fr-FR\",\"@id\":\"https:\/\/kapitalis.com\/tunisie\/#\/schema\/logo\/image\/\",\"url\":\"https:\/\/kapitalis.com\/tunisie\/wp-content\/uploads\/2022\/05\/Kapitalis-big-size.png\",\"contentUrl\":\"https:\/\/kapitalis.com\/tunisie\/wp-content\/uploads\/2022\/05\/Kapitalis-big-size.png\",\"width\":5000,\"height\":1500,\"caption\":\"Kapitalis\"},\"image\":{\"@id\":\"https:\/\/kapitalis.com\/tunisie\/#\/schema\/logo\/image\/\"},\"sameAs\":[\"https:\/\/www.facebook.com\/KapitalisInfo\/\",\"https:\/\/x.com\/KapitalisInfo\",\"https:\/\/www.youtube.com\/channel\/UC-yDYrHyfFBWWZaOw3FPg9Q\"]},{\"@type\":\"Person\",\"@id\":\"https:\/\/kapitalis.com\/tunisie\/#\/schema\/person\/2c6e134b2f3369dffcd1daf5f087d28b\",\"name\":\"emna benabdallah\",\"url\":\"https:\/\/kapitalis.com\/tunisie\/author\/emna\/\"}]}<\/script>\n<!-- \/ Yoast SEO plugin. -->","yoast_head_json":{"title":"Port du hijab dans l'administration tunisienne : De la Villardi\u00e8re mal inform\u00e9 - Kapitalis","robots":{"index":"index","follow":"follow","max-snippet":"max-snippet:-1","max-image-preview":"max-image-preview:large","max-video-preview":"max-video-preview:-1"},"canonical":"https:\/\/kapitalis.com\/tunisie\/2018\/02\/27\/port-du-hijab-dans-ladministration-tunisienne-de-la-villardiere-mal-informe\/","og_locale":"fr_FR","og_type":"article","og_title":"Port du hijab dans l'administration tunisienne : De la Villardi\u00e8re mal inform\u00e9 - Kapitalis","og_description":"Sans doute mal inform\u00e9e, le journaliste fran\u00e7ais Bernard de la Villardi\u00e8re a affirm\u00e9 que\u00a0 la Tunisie interdit le port du hijab dans l&rsquo;administration publique.\u00a0","og_url":"https:\/\/kapitalis.com\/tunisie\/2018\/02\/27\/port-du-hijab-dans-ladministration-tunisienne-de-la-villardiere-mal-informe\/","og_site_name":"Kapitalis","article_publisher":"https:\/\/www.facebook.com\/KapitalisInfo\/","article_published_time":"2018-02-27T13:54:09+00:00","og_image":[{"width":1200,"height":630,"url":"https:\/\/kapitalis.com\/tunisie\/wp-content\/uploads\/2022\/05\/kapitalis-logo-fb.png","type":"image\/png"}],"author":"emna benabdallah","twitter_card":"summary_large_image","twitter_creator":"@KapitalisInfo","twitter_site":"@KapitalisInfo","twitter_misc":{"\u00c9crit par":"emna benabdallah","Dur\u00e9e de lecture estim\u00e9e":"1 minute"},"schema":{"@context":"https:\/\/schema.org","@graph":[{"@type":"Article","@id":"https:\/\/kapitalis.com\/tunisie\/2018\/02\/27\/port-du-hijab-dans-ladministration-tunisienne-de-la-villardiere-mal-informe\/#article","isPartOf":{"@id":"https:\/\/kapitalis.com\/tunisie\/2018\/02\/27\/port-du-hijab-dans-ladministration-tunisienne-de-la-villardiere-mal-informe\/"},"author":{"name":"emna benabdallah","@id":"https:\/\/kapitalis.com\/tunisie\/#\/schema\/person\/2c6e134b2f3369dffcd1daf5f087d28b"},"headline":"Port du hijab dans l&rsquo;administration tunisienne : De la Villardi\u00e8re mal inform\u00e9","datePublished":"2018-02-27T13:54:09+00:00","mainEntityOfPage":{"@id":"https:\/\/kapitalis.com\/tunisie\/2018\/02\/27\/port-du-hijab-dans-ladministration-tunisienne-de-la-villardiere-mal-informe\/"},"wordCount":269,"commentCount":6,"publisher":{"@id":"https:\/\/kapitalis.com\/tunisie\/#organization"},"image":{"@id":"https:\/\/kapitalis.com\/tunisie\/2018\/02\/27\/port-du-hijab-dans-ladministration-tunisienne-de-la-villardiere-mal-informe\/#primaryimage"},"thumbnailUrl":"","keywords":["hijab","Neji Jalloul","niqab"],"articleSection":["SOCIETE","Tunisie","VIDEOS"],"inLanguage":"fr-FR","potentialAction":[{"@type":"CommentAction","name":"Comment","target":["https:\/\/kapitalis.com\/tunisie\/2018\/02\/27\/port-du-hijab-dans-ladministration-tunisienne-de-la-villardiere-mal-informe\/#respond"]}]},{"@type":"WebPage","@id":"https:\/\/kapitalis.com\/tunisie\/2018\/02\/27\/port-du-hijab-dans-ladministration-tunisienne-de-la-villardiere-mal-informe\/","url":"https:\/\/kapitalis.com\/tunisie\/2018\/02\/27\/port-du-hijab-dans-ladministration-tunisienne-de-la-villardiere-mal-informe\/","name":"Port du hijab dans l'administration tunisienne : De la Villardi\u00e8re mal inform\u00e9 - Kapitalis","isPartOf":{"@id":"https:\/\/kapitalis.com\/tunisie\/#website"},"primaryImageOfPage":{"@id":"https:\/\/kapitalis.com\/tunisie\/2018\/02\/27\/port-du-hijab-dans-ladministration-tunisienne-de-la-villardiere-mal-informe\/#primaryimage"},"image":{"@id":"https:\/\/kapitalis.com\/tunisie\/2018\/02\/27\/port-du-hijab-dans-ladministration-tunisienne-de-la-villardiere-mal-informe\/#primaryimage"},"thumbnailUrl":"","datePublished":"2018-02-27T13:54:09+00:00","breadcrumb":{"@id":"https:\/\/kapitalis.com\/tunisie\/2018\/02\/27\/port-du-hijab-dans-ladministration-tunisienne-de-la-villardiere-mal-informe\/#breadcrumb"},"inLanguage":"fr-FR","potentialAction":[{"@type":"ReadAction","target":["https:\/\/kapitalis.com\/tunisie\/2018\/02\/27\/port-du-hijab-dans-ladministration-tunisienne-de-la-villardiere-mal-informe\/"]}]},{"@type":"ImageObject","inLanguage":"fr-FR","@id":"https:\/\/kapitalis.com\/tunisie\/2018\/02\/27\/port-du-hijab-dans-ladministration-tunisienne-de-la-villardiere-mal-informe\/#primaryimage","url":"","contentUrl":""},{"@type":"BreadcrumbList","@id":"https:\/\/kapitalis.com\/tunisie\/2018\/02\/27\/port-du-hijab-dans-ladministration-tunisienne-de-la-villardiere-mal-informe\/#breadcrumb","itemListElement":[{"@type":"ListItem","position":1,"name":"Accueil","item":"https:\/\/kapitalis.com\/tunisie\/"},{"@type":"ListItem","position":2,"name":"Port du hijab dans l&rsquo;administration tunisienne : De la Villardi\u00e8re mal inform\u00e9"}]},{"@type":"WebSite","@id":"https:\/\/kapitalis.com\/tunisie\/#website","url":"https:\/\/kapitalis.com\/tunisie\/","name":"Kapitalis","description":"L&#039;actualit\u00e9 en Tunisie et dans le monde","publisher":{"@id":"https:\/\/kapitalis.com\/tunisie\/#organization"},"potentialAction":[{"@type":"SearchAction","target":{"@type":"EntryPoint","urlTemplate":"https:\/\/kapitalis.com\/tunisie\/?s={search_term_string}"},"query-input":{"@type":"PropertyValueSpecification","valueRequired":true,"valueName":"search_term_string"}}],"inLanguage":"fr-FR"},{"@type":"Organization","@id":"https:\/\/kapitalis.com\/tunisie\/#organization","name":"Kapitalis","url":"https:\/\/kapitalis.com\/tunisie\/","logo":{"@type":"ImageObject","inLanguage":"fr-FR","@id":"https:\/\/kapitalis.com\/tunisie\/#\/schema\/logo\/image\/","url":"https:\/\/kapitalis.com\/tunisie\/wp-content\/uploads\/2022\/05\/Kapitalis-big-size.png","contentUrl":"https:\/\/kapitalis.com\/tunisie\/wp-content\/uploads\/2022\/05\/Kapitalis-big-size.png","width":5000,"height":1500,"caption":"Kapitalis"},"image":{"@id":"https:\/\/kapitalis.com\/tunisie\/#\/schema\/logo\/image\/"},"sameAs":["https:\/\/www.facebook.com\/KapitalisInfo\/","https:\/\/x.com\/KapitalisInfo","https:\/\/www.youtube.com\/channel\/UC-yDYrHyfFBWWZaOw3FPg9Q"]},{"@type":"Person","@id":"https:\/\/kapitalis.com\/tunisie\/#\/schema\/person\/2c6e134b2f3369dffcd1daf5f087d28b","name":"emna benabdallah","url":"https:\/\/kapitalis.com\/tunisie\/author\/emna\/"}]}},"_links":{"self":[{"href":"https:\/\/kapitalis.com\/tunisie\/wp-json\/wp\/v2\/posts\/140851","targetHints":{"allow":["GET"]}}],"collection":[{"href":"https:\/\/kapitalis.com\/tunisie\/wp-json\/wp\/v2\/posts"}],"about":[{"href":"https:\/\/kapitalis.com\/tunisie\/wp-json\/wp\/v2\/types\/post"}],"author":[{"embeddable":true,"href":"https:\/\/kapitalis.com\/tunisie\/wp-json\/wp\/v2\/users\/16"}],"replies":[{"embeddable":true,"href":"https:\/\/kapitalis.com\/tunisie\/wp-json\/wp\/v2\/comments?post=140851"}],"version-history":[{"count":0,"href":"https:\/\/kapitalis.com\/tunisie\/wp-json\/wp\/v2\/posts\/140851\/revisions"}],"wp:featuredmedia":[{"embeddable":true,"href":"https:\/\/kapitalis.com\/tunisie\/wp-json\/wp\/v2\/media\/140857"}],"wp:attachment":[{"href":"https:\/\/kapitalis.com\/tunisie\/wp-json\/wp\/v2\/media?parent=140851"}],"wp:term":[{"taxonomy":"category","embeddable":true,"href":"https:\/\/kapitalis.com\/tunisie\/wp-json\/wp\/v2\/categories?post=140851"},{"taxonomy":"post_tag","embeddable":true,"href":"https:\/\/kapitalis.com\/tunisie\/wp-json\/wp\/v2\/tags?post=140851"}],"curies":[{"name":"wp","href":"https:\/\/api.w.org\/{rel}","templated":true}]}}