{"id":14093694,"date":"2024-10-01T12:06:49","date_gmt":"2024-10-01T11:06:49","guid":{"rendered":"https:\/\/kapitalis.com\/tunisie\/?p=14093694"},"modified":"2024-10-01T12:06:51","modified_gmt":"2024-10-01T11:06:51","slug":"migration-kais-saied-commente-lincident-tragique-et-inhabituel-de-djerba","status":"publish","type":"post","link":"https:\/\/kapitalis.com\/tunisie\/2024\/10\/01\/migration-kais-saied-commente-lincident-tragique-et-inhabituel-de-djerba\/","title":{"rendered":"Migration\u00a0: Ka\u00efs Sa\u00efed commente \u00a0l\u2019incident \u00abtragique et inhabituel\u00bb de Djerba"},"content":{"rendered":"\n<p><strong><em>Evoquant le <a href=\"https:\/\/kapitalis.com\/tunisie\/2024\/10\/01\/naufrage-dune-embarcation-a-djerba-le-bilan-salourdit\/\" target=\"_blank\" rel=\"noreferrer noopener\">naufrage<\/a> d&rsquo;une barque de migrants ill\u00e9gaux survenu hier matin, lundi 30 septembre 2024, au large de l\u2019\u00eele de Djerba, Ka\u00efs Sa\u00efed a qualifi\u00e9 cet incident de \u00abtragique et inhabituel\u00bb et donn\u00e9 ses instructions pour que ses circonstances soient \u00e9lucid\u00e9es et que les op\u00e9rations de recherche et de sauvetage se poursuivent.<\/em><\/strong><\/p>\n\n\n\n<!--more-->\n\n\n\n<p>Le pr\u00e9sident de la r\u00e9publique, qui parlait lors de sa r\u00e9union au palais de Carthage avec Kais Sa\u00efed, le ministre de l\u2019Int\u00e9rieur Khaled Nouri et le secr\u00e9taire d\u2019\u00c9tat aupr\u00e8s du ministre de l\u2019Int\u00e9rieur charg\u00e9 de la s\u00fbret\u00e9 nationale, Sofien Bessadok.<\/p>\n\n\n\n<p>Djerba n\u2019est pas un point de d\u00e9part pour les tentatives de migration irr\u00e9guli\u00e8re, a cru devoir expliquer le pr\u00e9sident, en faisant remarquer que certains survivants ont indiqu\u00e9 qu\u2019ils s\u00e9journaient dans des appartements meubl\u00e9s lou\u00e9s \u00e0 1 200 dinars la semaine, faisant ainsi allusion \u00e0 la th\u00e8se qu\u2019il a souvent d\u00e9fendue et selon laquelle les flux de migrants ill\u00e9gaux transitant par la Tunisie sur leur route vers l\u2019Europe participent en r\u00e9alit\u00e9 d\u2019un complot international visant \u00e0 changer la dimension arabo-musulmane de la population tunisienne.<\/p>\n\n\n\n<p>Selon un communiqu\u00e9 publi\u00e9 par la pr\u00e9sidence de la R\u00e9publique, le chef de l\u2019Etat a insist\u00e9 sur la n\u00e9cessit\u00e9 de redoubler d\u2019efforts pour lutter contre toutes sortes de crimes et garantir la s\u00e9curit\u00e9 des citoyens o\u00f9 qu\u2019ils soient et \u00e0 tout moment.<\/p>\n\n\n\n<p>A rappeler qu\u2019une embarcation transportant entre 57 et 60 migrants irr\u00e9guliers, parmi lesquels des enfants et des femmes, a fait naufrage lundi \u00e0 l\u2019aube au large de l\u2019\u00eele de Djerba. Selon le dernier bilan, 15 corps ont \u00e9t\u00e9 rep\u00each\u00e9s, dont ceux de femmes et de b\u00e9b\u00e9s. <\/p>\n\n\n\n<p class=\"has-text-align-right\"><strong>I. B.<\/strong><\/p>\n","protected":false},"excerpt":{"rendered":"<p>Ka\u00efs Sa\u00efed qualifie le naufrage d&rsquo;une barque de migrants ill\u00e9gaux au large de l\u2019\u00eele de Djerba d&rsquo;incident de \u00abtragique et inhabituel\u00bb. <\/p>\n","protected":false},"author":8,"featured_media":13923909,"comment_status":"open","ping_status":"open","sticky":false,"template":"","format":"standard","meta":{"footnotes":""},"categories":[997,998,2433],"tags":[284,78464,64674,118179],"class_list":["post-14093694","post","type-post","status-publish","format-standard","has-post-thumbnail","hentry","category-politique","category-societe","category-tunisie","tag-djerba","tag-kais-saied-4","tag-migrants-illegaux","tag-sofien-bessadok"],"yoast_head":"<!-- This site is optimized with the Yoast SEO plugin v26.6 - https:\/\/yoast.com\/wordpress\/plugins\/seo\/ -->\n<title>Migration\u00a0: Ka\u00efs Sa\u00efed commente \u00a0l\u2019incident \u00abtragique et inhabituel\u00bb de Djerba - Kapitalis<\/title>\n<meta name=\"robots\" content=\"index, follow, max-snippet:-1, max-image-preview:large, max-video-preview:-1\" \/>\n<link rel=\"canonical\" href=\"https:\/\/kapitalis.com\/tunisie\/2024\/10\/01\/migration-kais-saied-commente-lincident-tragique-et-inhabituel-de-djerba\/\" \/>\n<meta property=\"og:locale\" content=\"fr_FR\" \/>\n<meta property=\"og:type\" content=\"article\" \/>\n<meta property=\"og:title\" content=\"Migration\u00a0: Ka\u00efs Sa\u00efed commente \u00a0l\u2019incident \u00abtragique et inhabituel\u00bb de Djerba - Kapitalis\" \/>\n<meta property=\"og:description\" content=\"Ka\u00efs Sa\u00efed qualifie le naufrage d&#039;une barque de migrants ill\u00e9gaux au large de l\u2019\u00eele de Djerba d&#039;incident de \u00abtragique et inhabituel\u00bb.\" \/>\n<meta property=\"og:url\" content=\"https:\/\/kapitalis.com\/tunisie\/2024\/10\/01\/migration-kais-saied-commente-lincident-tragique-et-inhabituel-de-djerba\/\" \/>\n<meta property=\"og:site_name\" content=\"Kapitalis\" \/>\n<meta property=\"article:publisher\" content=\"https:\/\/www.facebook.com\/KapitalisInfo\/\" \/>\n<meta property=\"article:published_time\" content=\"2024-10-01T11:06:49+00:00\" \/>\n<meta property=\"article:modified_time\" content=\"2024-10-01T11:06:51+00:00\" \/>\n<meta property=\"og:image\" content=\"https:\/\/kapitalis.com\/tunisie\/wp-content\/uploads\/2024\/09\/Kais-Saied-khaled-Nouri-Sofiene-Bessadok.jpg\" \/>\n\t<meta property=\"og:image:width\" content=\"1200\" \/>\n\t<meta property=\"og:image:height\" content=\"630\" \/>\n\t<meta property=\"og:image:type\" content=\"image\/jpeg\" \/>\n<meta name=\"author\" content=\"webmaster kapitalis\" \/>\n<meta name=\"twitter:card\" content=\"summary_large_image\" \/>\n<meta name=\"twitter:creator\" content=\"@KapitalisInfo\" \/>\n<meta name=\"twitter:site\" content=\"@KapitalisInfo\" \/>\n<meta name=\"twitter:label1\" content=\"\u00c9crit par\" \/>\n\t<meta name=\"twitter:data1\" content=\"webmaster kapitalis\" \/>\n\t<meta name=\"twitter:label2\" content=\"Dur\u00e9e de lecture estim\u00e9e\" \/>\n\t<meta name=\"twitter:data2\" content=\"2 minutes\" \/>\n<script type=\"application\/ld+json\" class=\"yoast-schema-graph\">{\"@context\":\"https:\/\/schema.org\",\"@graph\":[{\"@type\":\"Article\",\"@id\":\"https:\/\/kapitalis.com\/tunisie\/2024\/10\/01\/migration-kais-saied-commente-lincident-tragique-et-inhabituel-de-djerba\/#article\",\"isPartOf\":{\"@id\":\"https:\/\/kapitalis.com\/tunisie\/2024\/10\/01\/migration-kais-saied-commente-lincident-tragique-et-inhabituel-de-djerba\/\"},\"author\":{\"name\":\"webmaster kapitalis\",\"@id\":\"https:\/\/kapitalis.com\/tunisie\/#\/schema\/person\/d71f33a9ca44f7bad4698210b480c8e9\"},\"headline\":\"Migration\u00a0: Ka\u00efs Sa\u00efed commente \u00a0l\u2019incident \u00abtragique et inhabituel\u00bb de Djerba\",\"datePublished\":\"2024-10-01T11:06:49+00:00\",\"dateModified\":\"2024-10-01T11:06:51+00:00\",\"mainEntityOfPage\":{\"@id\":\"https:\/\/kapitalis.com\/tunisie\/2024\/10\/01\/migration-kais-saied-commente-lincident-tragique-et-inhabituel-de-djerba\/\"},\"wordCount\":315,\"commentCount\":1,\"publisher\":{\"@id\":\"https:\/\/kapitalis.com\/tunisie\/#organization\"},\"image\":{\"@id\":\"https:\/\/kapitalis.com\/tunisie\/2024\/10\/01\/migration-kais-saied-commente-lincident-tragique-et-inhabituel-de-djerba\/#primaryimage\"},\"thumbnailUrl\":\"https:\/\/kapitalis.com\/tunisie\/wp-content\/uploads\/2024\/09\/Kais-Saied-khaled-Nouri-Sofiene-Bessadok.jpg\",\"keywords\":[\"Djerba\",\"kais sa\u00efed\",\"migrants ill\u00e9gaux\",\"Sofien Bessadok\"],\"articleSection\":[\"POLITIQUE\",\"SOCIETE\",\"Tunisie\"],\"inLanguage\":\"fr-FR\",\"potentialAction\":[{\"@type\":\"CommentAction\",\"name\":\"Comment\",\"target\":[\"https:\/\/kapitalis.com\/tunisie\/2024\/10\/01\/migration-kais-saied-commente-lincident-tragique-et-inhabituel-de-djerba\/#respond\"]}]},{\"@type\":\"WebPage\",\"@id\":\"https:\/\/kapitalis.com\/tunisie\/2024\/10\/01\/migration-kais-saied-commente-lincident-tragique-et-inhabituel-de-djerba\/\",\"url\":\"https:\/\/kapitalis.com\/tunisie\/2024\/10\/01\/migration-kais-saied-commente-lincident-tragique-et-inhabituel-de-djerba\/\",\"name\":\"Migration\u00a0: Ka\u00efs Sa\u00efed commente \u00a0l\u2019incident \u00abtragique et inhabituel\u00bb de Djerba - Kapitalis\",\"isPartOf\":{\"@id\":\"https:\/\/kapitalis.com\/tunisie\/#website\"},\"primaryImageOfPage\":{\"@id\":\"https:\/\/kapitalis.com\/tunisie\/2024\/10\/01\/migration-kais-saied-commente-lincident-tragique-et-inhabituel-de-djerba\/#primaryimage\"},\"image\":{\"@id\":\"https:\/\/kapitalis.com\/tunisie\/2024\/10\/01\/migration-kais-saied-commente-lincident-tragique-et-inhabituel-de-djerba\/#primaryimage\"},\"thumbnailUrl\":\"https:\/\/kapitalis.com\/tunisie\/wp-content\/uploads\/2024\/09\/Kais-Saied-khaled-Nouri-Sofiene-Bessadok.jpg\",\"datePublished\":\"2024-10-01T11:06:49+00:00\",\"dateModified\":\"2024-10-01T11:06:51+00:00\",\"breadcrumb\":{\"@id\":\"https:\/\/kapitalis.com\/tunisie\/2024\/10\/01\/migration-kais-saied-commente-lincident-tragique-et-inhabituel-de-djerba\/#breadcrumb\"},\"inLanguage\":\"fr-FR\",\"potentialAction\":[{\"@type\":\"ReadAction\",\"target\":[\"https:\/\/kapitalis.com\/tunisie\/2024\/10\/01\/migration-kais-saied-commente-lincident-tragique-et-inhabituel-de-djerba\/\"]}]},{\"@type\":\"ImageObject\",\"inLanguage\":\"fr-FR\",\"@id\":\"https:\/\/kapitalis.com\/tunisie\/2024\/10\/01\/migration-kais-saied-commente-lincident-tragique-et-inhabituel-de-djerba\/#primaryimage\",\"url\":\"https:\/\/kapitalis.com\/tunisie\/wp-content\/uploads\/2024\/09\/Kais-Saied-khaled-Nouri-Sofiene-Bessadok.jpg\",\"contentUrl\":\"https:\/\/kapitalis.com\/tunisie\/wp-content\/uploads\/2024\/09\/Kais-Saied-khaled-Nouri-Sofiene-Bessadok.jpg\",\"width\":1200,\"height\":630},{\"@type\":\"BreadcrumbList\",\"@id\":\"https:\/\/kapitalis.com\/tunisie\/2024\/10\/01\/migration-kais-saied-commente-lincident-tragique-et-inhabituel-de-djerba\/#breadcrumb\",\"itemListElement\":[{\"@type\":\"ListItem\",\"position\":1,\"name\":\"Accueil\",\"item\":\"https:\/\/kapitalis.com\/tunisie\/\"},{\"@type\":\"ListItem\",\"position\":2,\"name\":\"Migration\u00a0: Ka\u00efs Sa\u00efed commente \u00a0l\u2019incident \u00abtragique et inhabituel\u00bb de Djerba\"}]},{\"@type\":\"WebSite\",\"@id\":\"https:\/\/kapitalis.com\/tunisie\/#website\",\"url\":\"https:\/\/kapitalis.com\/tunisie\/\",\"name\":\"Kapitalis\",\"description\":\"L&#039;actualit\u00e9 en Tunisie et dans le monde\",\"publisher\":{\"@id\":\"https:\/\/kapitalis.com\/tunisie\/#organization\"},\"potentialAction\":[{\"@type\":\"SearchAction\",\"target\":{\"@type\":\"EntryPoint\",\"urlTemplate\":\"https:\/\/kapitalis.com\/tunisie\/?s={search_term_string}\"},\"query-input\":{\"@type\":\"PropertyValueSpecification\",\"valueRequired\":true,\"valueName\":\"search_term_string\"}}],\"inLanguage\":\"fr-FR\"},{\"@type\":\"Organization\",\"@id\":\"https:\/\/kapitalis.com\/tunisie\/#organization\",\"name\":\"Kapitalis\",\"url\":\"https:\/\/kapitalis.com\/tunisie\/\",\"logo\":{\"@type\":\"ImageObject\",\"inLanguage\":\"fr-FR\",\"@id\":\"https:\/\/kapitalis.com\/tunisie\/#\/schema\/logo\/image\/\",\"url\":\"https:\/\/kapitalis.com\/tunisie\/wp-content\/uploads\/2022\/05\/Kapitalis-big-size.png\",\"contentUrl\":\"https:\/\/kapitalis.com\/tunisie\/wp-content\/uploads\/2022\/05\/Kapitalis-big-size.png\",\"width\":5000,\"height\":1500,\"caption\":\"Kapitalis\"},\"image\":{\"@id\":\"https:\/\/kapitalis.com\/tunisie\/#\/schema\/logo\/image\/\"},\"sameAs\":[\"https:\/\/www.facebook.com\/KapitalisInfo\/\",\"https:\/\/x.com\/KapitalisInfo\",\"https:\/\/www.youtube.com\/channel\/UC-yDYrHyfFBWWZaOw3FPg9Q\"]},{\"@type\":\"Person\",\"@id\":\"https:\/\/kapitalis.com\/tunisie\/#\/schema\/person\/d71f33a9ca44f7bad4698210b480c8e9\",\"name\":\"webmaster kapitalis\",\"url\":\"https:\/\/kapitalis.com\/tunisie\/author\/webmaster-kapitalis\/\"}]}<\/script>\n<!-- \/ Yoast SEO plugin. -->","yoast_head_json":{"title":"Migration\u00a0: Ka\u00efs Sa\u00efed commente \u00a0l\u2019incident \u00abtragique et inhabituel\u00bb de Djerba - Kapitalis","robots":{"index":"index","follow":"follow","max-snippet":"max-snippet:-1","max-image-preview":"max-image-preview:large","max-video-preview":"max-video-preview:-1"},"canonical":"https:\/\/kapitalis.com\/tunisie\/2024\/10\/01\/migration-kais-saied-commente-lincident-tragique-et-inhabituel-de-djerba\/","og_locale":"fr_FR","og_type":"article","og_title":"Migration\u00a0: Ka\u00efs Sa\u00efed commente \u00a0l\u2019incident \u00abtragique et inhabituel\u00bb de Djerba - Kapitalis","og_description":"Ka\u00efs Sa\u00efed qualifie le naufrage d'une barque de migrants ill\u00e9gaux au large de l\u2019\u00eele de Djerba d'incident de \u00abtragique et inhabituel\u00bb.","og_url":"https:\/\/kapitalis.com\/tunisie\/2024\/10\/01\/migration-kais-saied-commente-lincident-tragique-et-inhabituel-de-djerba\/","og_site_name":"Kapitalis","article_publisher":"https:\/\/www.facebook.com\/KapitalisInfo\/","article_published_time":"2024-10-01T11:06:49+00:00","article_modified_time":"2024-10-01T11:06:51+00:00","og_image":[{"width":1200,"height":630,"url":"https:\/\/kapitalis.com\/tunisie\/wp-content\/uploads\/2024\/09\/Kais-Saied-khaled-Nouri-Sofiene-Bessadok.jpg","type":"image\/jpeg"}],"author":"webmaster kapitalis","twitter_card":"summary_large_image","twitter_creator":"@KapitalisInfo","twitter_site":"@KapitalisInfo","twitter_misc":{"\u00c9crit par":"webmaster kapitalis","Dur\u00e9e de lecture estim\u00e9e":"2 minutes"},"schema":{"@context":"https:\/\/schema.org","@graph":[{"@type":"Article","@id":"https:\/\/kapitalis.com\/tunisie\/2024\/10\/01\/migration-kais-saied-commente-lincident-tragique-et-inhabituel-de-djerba\/#article","isPartOf":{"@id":"https:\/\/kapitalis.com\/tunisie\/2024\/10\/01\/migration-kais-saied-commente-lincident-tragique-et-inhabituel-de-djerba\/"},"author":{"name":"webmaster kapitalis","@id":"https:\/\/kapitalis.com\/tunisie\/#\/schema\/person\/d71f33a9ca44f7bad4698210b480c8e9"},"headline":"Migration\u00a0: Ka\u00efs Sa\u00efed commente \u00a0l\u2019incident \u00abtragique et inhabituel\u00bb de Djerba","datePublished":"2024-10-01T11:06:49+00:00","dateModified":"2024-10-01T11:06:51+00:00","mainEntityOfPage":{"@id":"https:\/\/kapitalis.com\/tunisie\/2024\/10\/01\/migration-kais-saied-commente-lincident-tragique-et-inhabituel-de-djerba\/"},"wordCount":315,"commentCount":1,"publisher":{"@id":"https:\/\/kapitalis.com\/tunisie\/#organization"},"image":{"@id":"https:\/\/kapitalis.com\/tunisie\/2024\/10\/01\/migration-kais-saied-commente-lincident-tragique-et-inhabituel-de-djerba\/#primaryimage"},"thumbnailUrl":"https:\/\/kapitalis.com\/tunisie\/wp-content\/uploads\/2024\/09\/Kais-Saied-khaled-Nouri-Sofiene-Bessadok.jpg","keywords":["Djerba","kais sa\u00efed","migrants ill\u00e9gaux","Sofien Bessadok"],"articleSection":["POLITIQUE","SOCIETE","Tunisie"],"inLanguage":"fr-FR","potentialAction":[{"@type":"CommentAction","name":"Comment","target":["https:\/\/kapitalis.com\/tunisie\/2024\/10\/01\/migration-kais-saied-commente-lincident-tragique-et-inhabituel-de-djerba\/#respond"]}]},{"@type":"WebPage","@id":"https:\/\/kapitalis.com\/tunisie\/2024\/10\/01\/migration-kais-saied-commente-lincident-tragique-et-inhabituel-de-djerba\/","url":"https:\/\/kapitalis.com\/tunisie\/2024\/10\/01\/migration-kais-saied-commente-lincident-tragique-et-inhabituel-de-djerba\/","name":"Migration\u00a0: Ka\u00efs Sa\u00efed commente \u00a0l\u2019incident \u00abtragique et inhabituel\u00bb de Djerba - Kapitalis","isPartOf":{"@id":"https:\/\/kapitalis.com\/tunisie\/#website"},"primaryImageOfPage":{"@id":"https:\/\/kapitalis.com\/tunisie\/2024\/10\/01\/migration-kais-saied-commente-lincident-tragique-et-inhabituel-de-djerba\/#primaryimage"},"image":{"@id":"https:\/\/kapitalis.com\/tunisie\/2024\/10\/01\/migration-kais-saied-commente-lincident-tragique-et-inhabituel-de-djerba\/#primaryimage"},"thumbnailUrl":"https:\/\/kapitalis.com\/tunisie\/wp-content\/uploads\/2024\/09\/Kais-Saied-khaled-Nouri-Sofiene-Bessadok.jpg","datePublished":"2024-10-01T11:06:49+00:00","dateModified":"2024-10-01T11:06:51+00:00","breadcrumb":{"@id":"https:\/\/kapitalis.com\/tunisie\/2024\/10\/01\/migration-kais-saied-commente-lincident-tragique-et-inhabituel-de-djerba\/#breadcrumb"},"inLanguage":"fr-FR","potentialAction":[{"@type":"ReadAction","target":["https:\/\/kapitalis.com\/tunisie\/2024\/10\/01\/migration-kais-saied-commente-lincident-tragique-et-inhabituel-de-djerba\/"]}]},{"@type":"ImageObject","inLanguage":"fr-FR","@id":"https:\/\/kapitalis.com\/tunisie\/2024\/10\/01\/migration-kais-saied-commente-lincident-tragique-et-inhabituel-de-djerba\/#primaryimage","url":"https:\/\/kapitalis.com\/tunisie\/wp-content\/uploads\/2024\/09\/Kais-Saied-khaled-Nouri-Sofiene-Bessadok.jpg","contentUrl":"https:\/\/kapitalis.com\/tunisie\/wp-content\/uploads\/2024\/09\/Kais-Saied-khaled-Nouri-Sofiene-Bessadok.jpg","width":1200,"height":630},{"@type":"BreadcrumbList","@id":"https:\/\/kapitalis.com\/tunisie\/2024\/10\/01\/migration-kais-saied-commente-lincident-tragique-et-inhabituel-de-djerba\/#breadcrumb","itemListElement":[{"@type":"ListItem","position":1,"name":"Accueil","item":"https:\/\/kapitalis.com\/tunisie\/"},{"@type":"ListItem","position":2,"name":"Migration\u00a0: Ka\u00efs Sa\u00efed commente \u00a0l\u2019incident \u00abtragique et inhabituel\u00bb de Djerba"}]},{"@type":"WebSite","@id":"https:\/\/kapitalis.com\/tunisie\/#website","url":"https:\/\/kapitalis.com\/tunisie\/","name":"Kapitalis","description":"L&#039;actualit\u00e9 en Tunisie et dans le monde","publisher":{"@id":"https:\/\/kapitalis.com\/tunisie\/#organization"},"potentialAction":[{"@type":"SearchAction","target":{"@type":"EntryPoint","urlTemplate":"https:\/\/kapitalis.com\/tunisie\/?s={search_term_string}"},"query-input":{"@type":"PropertyValueSpecification","valueRequired":true,"valueName":"search_term_string"}}],"inLanguage":"fr-FR"},{"@type":"Organization","@id":"https:\/\/kapitalis.com\/tunisie\/#organization","name":"Kapitalis","url":"https:\/\/kapitalis.com\/tunisie\/","logo":{"@type":"ImageObject","inLanguage":"fr-FR","@id":"https:\/\/kapitalis.com\/tunisie\/#\/schema\/logo\/image\/","url":"https:\/\/kapitalis.com\/tunisie\/wp-content\/uploads\/2022\/05\/Kapitalis-big-size.png","contentUrl":"https:\/\/kapitalis.com\/tunisie\/wp-content\/uploads\/2022\/05\/Kapitalis-big-size.png","width":5000,"height":1500,"caption":"Kapitalis"},"image":{"@id":"https:\/\/kapitalis.com\/tunisie\/#\/schema\/logo\/image\/"},"sameAs":["https:\/\/www.facebook.com\/KapitalisInfo\/","https:\/\/x.com\/KapitalisInfo","https:\/\/www.youtube.com\/channel\/UC-yDYrHyfFBWWZaOw3FPg9Q"]},{"@type":"Person","@id":"https:\/\/kapitalis.com\/tunisie\/#\/schema\/person\/d71f33a9ca44f7bad4698210b480c8e9","name":"webmaster kapitalis","url":"https:\/\/kapitalis.com\/tunisie\/author\/webmaster-kapitalis\/"}]}},"_links":{"self":[{"href":"https:\/\/kapitalis.com\/tunisie\/wp-json\/wp\/v2\/posts\/14093694","targetHints":{"allow":["GET"]}}],"collection":[{"href":"https:\/\/kapitalis.com\/tunisie\/wp-json\/wp\/v2\/posts"}],"about":[{"href":"https:\/\/kapitalis.com\/tunisie\/wp-json\/wp\/v2\/types\/post"}],"author":[{"embeddable":true,"href":"https:\/\/kapitalis.com\/tunisie\/wp-json\/wp\/v2\/users\/8"}],"replies":[{"embeddable":true,"href":"https:\/\/kapitalis.com\/tunisie\/wp-json\/wp\/v2\/comments?post=14093694"}],"version-history":[{"count":1,"href":"https:\/\/kapitalis.com\/tunisie\/wp-json\/wp\/v2\/posts\/14093694\/revisions"}],"predecessor-version":[{"id":14093718,"href":"https:\/\/kapitalis.com\/tunisie\/wp-json\/wp\/v2\/posts\/14093694\/revisions\/14093718"}],"wp:featuredmedia":[{"embeddable":true,"href":"https:\/\/kapitalis.com\/tunisie\/wp-json\/wp\/v2\/media\/13923909"}],"wp:attachment":[{"href":"https:\/\/kapitalis.com\/tunisie\/wp-json\/wp\/v2\/media?parent=14093694"}],"wp:term":[{"taxonomy":"category","embeddable":true,"href":"https:\/\/kapitalis.com\/tunisie\/wp-json\/wp\/v2\/categories?post=14093694"},{"taxonomy":"post_tag","embeddable":true,"href":"https:\/\/kapitalis.com\/tunisie\/wp-json\/wp\/v2\/tags?post=14093694"}],"curies":[{"name":"wp","href":"https:\/\/api.w.org\/{rel}","templated":true}]}}