{"id":14097997,"date":"2024-10-02T07:13:35","date_gmt":"2024-10-02T06:13:35","guid":{"rendered":"https:\/\/kapitalis.com\/tunisie\/?p=14097997"},"modified":"2024-10-02T07:13:37","modified_gmt":"2024-10-02T06:13:37","slug":"le-grand-projet-sioniste-de-domination-du-moyen-orient-et-la-guerre-contre-liran","status":"publish","type":"post","link":"https:\/\/kapitalis.com\/tunisie\/2024\/10\/02\/le-grand-projet-sioniste-de-domination-du-moyen-orient-et-la-guerre-contre-liran\/","title":{"rendered":"Le grand projet sioniste de domination du Moyen-Orient et la guerre contre l\u2019Iran"},"content":{"rendered":"\n<p><strong><em>Tout ceux au fait de la seconde guerre mondiale connaissent l\u2019obsession qu\u2019entretenait\u00a0Adolf Hitler \u00e0 l\u2019encontre de l\u2019Union Sovi\u00e9tique, et son d\u00e9sir de la d\u00e9truire et d\u2019en exploiter les richesses. C\u2019est une obsession comparable qui semble animer Benjamin Netanyahu dans sa recherche fr\u00e9n\u00e9tique de d\u2019affronter l\u2019Iran afin de remodeler le Moyen-Orient selon les exigences strat\u00e9giques isra\u00e9liennes.<\/em><\/strong><\/p>\n\n\n\n<p><strong>Dr Mounir Hanablia <\/strong>*<\/p>\n\n\n\n<!--more-->\n\n\n\n<p>Les \u00e9v\u00e9nements dans la r\u00e9gion sont en train de prendre une tournure dramatique. Avec l\u2019\u00e9crasement de Gaza, le bombardement massif du Liban, les milliers de victimes et les centaines de milliers de r\u00e9fugi\u00e9s, l\u2019invasion et l\u2019annexion du Sud Liban qui s\u2019annoncent, la colonisation \u00e0 outrance des&nbsp;territoires palestiniens, le soutien ind\u00e9fectible de l\u2019administration Biden, la politique d\u2019assassinats frappant tous ceux qui s\u2019opposent \u00e0 la politique coloniale et belliciste d\u2019Isra\u00ebl, sous le pr\u00e9texte d\u2019\u00e9liminer les terroristes, et surtout les menaces r\u00e9p\u00e9t\u00e9es de Netanyahu contre le r\u00e9gime de T\u00e9h\u00e9ran.<\/p>\n\n\n\n<p>Objet de dures sanctions internationales depuis plus d\u2019une d\u00e9cennie, l\u2019Iran ne pouvait plus ignorer la r\u00e9alit\u00e9 des nouveaux dangers qui d\u00e9sormais l\u2019entourent, ni s\u2019abstenir d\u2019y r\u00e9agir. Il a donc frapp\u00e9 le territoire isra\u00e9lien en lan\u00e7ant, hier, mardi 1<sup>er<\/sup> octobre 2024, quelques centaines de missiles contre des objectifs militaires dont on ignore s\u2019ils ont caus\u00e9 des&nbsp;d\u00e9g\u00e2ts importants. Quelques heures auparavant deux hommes arm\u00e9s avaient ouvert le feu dans une station de bus \u00e0 Tel Aviv faisant 8 morts. Aussit\u00f4t le gouvernement isra\u00e9lien r\u00e9uni pour la premi\u00e8re fois dans un bunker souterrain a annonc\u00e9 qu\u2019il y aurait une riposte et que l\u2019Iran regretterait son attaque, \u00e0 quoi les autorit\u00e9s iraniennes ont annonc\u00e9 de nouvelles attaques bien plus dures en cas de repr\u00e9sailles.<\/p>\n\n\n\n<h2 class=\"wp-block-heading\">Une escalade militaire recherch\u00e9e<\/h2>\n\n\n\n<p>L\u2019heure est donc \u00e0 l\u2019escalade militaire. Il est \u00e0 parier que les Isra\u00e9liens, forts du parapluie militaire am\u00e9ricain,&nbsp;n\u2019h\u00e9siteront&nbsp;pas \u00e0 tenter d\u2019\u00e9liminer des membres importants du gouvernement iranien, sinon le gouvernement iranien dans sa totalit\u00e9, ni \u00e0 frapper des cibles civiles \u00e0 T\u00e9h\u00e9ran ou ailleurs. Frapperont-ils les installations p\u00e9troli\u00e8res vitales \u00e0 l\u2019\u00e9conomie iranienne ainsi que l\u2019avaient fait les Irakiens pendant la premi\u00e8re guerre du Golfe? C\u2019est la grande question, mais il faut se souvenir du caract\u00e8re vuln\u00e9rable des champs gaziers isra\u00e9liens de Kimish et Natanz au large du Liban. Et les installations nucl\u00e9aires iraniennes \u00e9tant dispers\u00e9es aux quatre coins du pays, il est douteux que toute action militaire les visant soit couronn\u00e9e de succ\u00e8s, au moins durablement.<\/p>\n\n\n\n<figure class=\"wp-block-embed is-type-wp-embed is-provider-kapitalis wp-block-embed-kapitalis\"><div class=\"wp-block-embed__wrapper\">\n<blockquote class=\"wp-embedded-content\" data-secret=\"mLhIExoGqH\"><a href=\"https:\/\/kapitalis.com\/tunisie\/2024\/10\/01\/bachar-al-assad-et-maintenant-que-vais-je-faire\/\">Bachar Al-Assad: Et maintenant, que vais-je faire?<\/a><\/blockquote><iframe loading=\"lazy\" class=\"wp-embedded-content\" sandbox=\"allow-scripts\" security=\"restricted\" style=\"position: absolute; visibility: hidden;\" title=\"\u00ab\u00a0Bachar Al-Assad: Et maintenant, que vais-je faire?\u00a0\u00bb &#8212; Kapitalis\" src=\"https:\/\/kapitalis.com\/tunisie\/2024\/10\/01\/bachar-al-assad-et-maintenant-que-vais-je-faire\/embed\/#?secret=zR1eAivf2Z#?secret=mLhIExoGqH\" data-secret=\"mLhIExoGqH\" width=\"600\" height=\"338\" frameborder=\"0\" marginwidth=\"0\" marginheight=\"0\" scrolling=\"no\"><\/iframe>\n<\/div><\/figure>\n\n\n\n<p>La grande question concerne \u00e9videmment l\u2019attitude am\u00e9ricaine. Les Isra\u00e9liens estiment l\u2019occasion propice \u00e0&nbsp; un changement de r\u00e9gime \u00e0 T\u00e9h\u00e9ran qui les d\u00e9barrassera d\u00e9finitivement de leur ennemi jur\u00e9, dont l\u2019\u00e9ventualit\u00e9 de la possession par lui de l\u2019arme&nbsp; nucl\u00e9aire constitue pour eux une perspective&nbsp;inqui\u00e9tante. Ils savent que sans l\u2019engagement militaire am\u00e9ricain, autrement dit des frappes a\u00e9riennes massives sur tout&nbsp;le&nbsp;territoire suivies d\u2019une invasion terrestre, \u00e0 l\u2019instar des sc\u00e9narios des deux guerres du Golfe de 1991 et 2003,&nbsp;les chances d\u2019y parvenir demeurent faibles. Malgr\u00e9 les d\u00e9boires am\u00e9ricains en Irak et en Afghanistan, cette \u00e9ventualit\u00e9 est \u00e0 prendre au s\u00e9rieux.<\/p>\n\n\n\n<p>Les Iraniens se sont en effet montr\u00e9s capables de menacer la navigation en mer Rouge et tiennent dans la ligne de mire de leurs missiles les \u00c9tats du Golfe arabo-persique, le d\u00e9troit d\u2019Ormuz, ainsi que les installations p\u00e9troli\u00e8res am\u00e9ricaines ultra importantes de Dhahran en Arabie Saoudite. Toute action contre l\u2019Iran aura donc in\u00e9vitablement des cons\u00e9quences sur les prix du p\u00e9trole et du gaz au moment m\u00eame o\u00f9 la guerre en Ukraine prive&nbsp;l\u2019Europe de gaz Russe et la soumet \u00e0 des contraintes militaires et financi\u00e8res sans pr\u00e9c\u00e9dent.<\/p>\n\n\n\n<p>Cependant la classe politique am\u00e9ricaine dans son ensemble ne s\u2019est jamais autant rang\u00e9e derri\u00e8re les th\u00e8ses jusqu\u2019au-boutistes isra\u00e9liennes. Cela semble m\u00eame relever id\u00e9ologiquement du fondamentalisme messianique chr\u00e9tien protestant am\u00e9ricain, dont le sionisme constitue une part essentielle. C\u2019est \u00e0 eux que Benjamin Netanyahu s\u2019adressait du haut de la tribune de l\u2019Onu lorsqu\u2019il parlait de la guerre \u00e9voqu\u00e9e par la Bible entre les fils de la lumi\u00e8re (les juifs)&nbsp;et ceux des t\u00e9n\u00e8bres (les musulmans), entre le bien et le mal. Ce qu\u2019il a omis de mentionner, mais que tout chr\u00e9tien sioniste a compris, c\u2019est que cette guerre est cens\u00e9e h\u00e2ter la venue du Messie. Ce sont ces fondamentalistes chr\u00e9tiens qui l\u2019avaient accueilli triomphalement lors de son discours devant le Congr\u00e8s am\u00e9ricain.<\/p>\n\n\n\n<figure class=\"wp-block-embed is-type-wp-embed is-provider-kapitalis wp-block-embed-kapitalis\"><div class=\"wp-block-embed__wrapper\">\n<blockquote class=\"wp-embedded-content\" data-secret=\"q2i0gZZ1IG\"><a href=\"https:\/\/kapitalis.com\/tunisie\/2024\/09\/30\/pendant-le-hezbollah-se-faisait-decimer-liran-draguait-les-occidentaux-a-new-york\/\">Pendant que le Hezbollah se faisait d\u00e9cimer, l\u2019Iran draguait les Occidentaux \u00e0 New York<\/a><\/blockquote><iframe loading=\"lazy\" class=\"wp-embedded-content\" sandbox=\"allow-scripts\" security=\"restricted\" style=\"position: absolute; visibility: hidden;\" title=\"\u00ab\u00a0Pendant que le Hezbollah se faisait d\u00e9cimer, l\u2019Iran draguait les Occidentaux \u00e0 New York\u00a0\u00bb &#8212; Kapitalis\" src=\"https:\/\/kapitalis.com\/tunisie\/2024\/09\/30\/pendant-le-hezbollah-se-faisait-decimer-liran-draguait-les-occidentaux-a-new-york\/embed\/#?secret=PEgxPPfInf#?secret=q2i0gZZ1IG\" data-secret=\"q2i0gZZ1IG\" width=\"600\" height=\"338\" frameborder=\"0\" marginwidth=\"0\" marginheight=\"0\" scrolling=\"no\"><\/iframe>\n<\/div><\/figure>\n\n\n\n<h2 class=\"wp-block-heading\">La passivit\u00e9 du troupeau arabe<\/h2>\n\n\n\n<p>Mais ainsi qu\u2019on l\u2019aura compris, l\u2019enjeu de la guerre actuelle est beaucoup plus terre \u00e0 terre que le retour du Messie, c\u2019est \u00e9videmment le corridor qui reliera Isra\u00ebl \u00e0 l\u2019oc\u00e9an Indien \u00e0 travers la p\u00e9ninsule arabique et que le Premier ministre isra\u00e9lien a une nouvelle fois appel\u00e9 des ses v\u0153ux en brandissant une carte g\u00e9ographique lors de sa c\u00e9l\u00e8bre harangue \u00e0 l\u2019Onu. Les Iraniens avaient&nbsp;voulu en emp\u00eacher la r\u00e9alisation en s\u2019engageant dans la guerre, parce qu\u2019il reviendrait \u00e0 marginaliser leur pays,&nbsp;et \u00e0 unir contre lui les Arabes men\u00e9s par Isra\u00ebl en un bloc hostile et mena\u00e7ant. &nbsp;<\/p>\n\n\n\n<p>Etant donn\u00e9 l\u2019importance de l\u2019enjeu et la puissance lobby sioniste am\u00e9ricain, il est \u00e0 craindre que l\u2019int\u00e9r\u00eat des Europ\u00e9ens, la justice pour les Palestiniens, la paix \u00e0 Gaza,&nbsp;la s\u00e9curit\u00e9 des Libanais ou des otages isra\u00e9liens, tout cela ne p\u00e8se que de peu de poids face aux excit\u00e9s et aux va-t-en -guerre qui peuplent la Maison Blanche et le Pentagone.<\/p>\n\n\n\n<p>Dans tout cela, la passivit\u00e9 du troupeau arabe face au boucher isra\u00e9lien et au cow-boy am\u00e9ricain, a de quoi \u00e9tonner. Il ne faudra pas s\u2019y tromper, ce sont les Arabes qui au final financeront l\u2019effort de guerre am\u00e9ricano-isra\u00e9lien contre l\u2019Iran, ainsi qu\u2019ils l\u2019avaient fait en Irak. Celui qui oublie d\u2019o\u00f9 il&nbsp;vient ne sait pas o\u00f9 il va&#8230;&nbsp;<\/p>\n\n\n\n<p>* <em>M\u00e9decin de libre pratique.<\/em><\/p>\n\n\n\n<figure class=\"wp-block-embed is-type-wp-embed is-provider-kapitalis wp-block-embed-kapitalis\"><div class=\"wp-block-embed__wrapper\">\n<blockquote class=\"wp-embedded-content\" data-secret=\"zaOFvF3DOu\"><a href=\"https:\/\/kapitalis.com\/tunisie\/2024\/09\/29\/le-timing-de-la-guerre-entre-israel-et-le-hezbollah-ne-convient-pas-a-liran\/\">Le timing de la guerre entre Isra\u00ebl et le Hezbollah ne convient pas \u00e0 l\u2019Iran<\/a><\/blockquote><iframe loading=\"lazy\" class=\"wp-embedded-content\" sandbox=\"allow-scripts\" security=\"restricted\" style=\"position: absolute; visibility: hidden;\" title=\"\u00ab\u00a0Le timing de la guerre entre Isra\u00ebl et le Hezbollah ne convient pas \u00e0 l\u2019Iran\u00a0\u00bb &#8212; Kapitalis\" src=\"https:\/\/kapitalis.com\/tunisie\/2024\/09\/29\/le-timing-de-la-guerre-entre-israel-et-le-hezbollah-ne-convient-pas-a-liran\/embed\/#?secret=eysAS0s14Q#?secret=zaOFvF3DOu\" data-secret=\"zaOFvF3DOu\" width=\"600\" height=\"338\" frameborder=\"0\" marginwidth=\"0\" marginheight=\"0\" scrolling=\"no\"><\/iframe>\n<\/div><\/figure>\n","protected":false},"excerpt":{"rendered":"<p>Qui arr\u00eatera la folie expansionniste isra\u00e9lienne soutenue par les fondamentalistes chr\u00e9tiens am\u00e9ricains ?<\/p>\n","protected":false},"author":8,"featured_media":14098059,"comment_status":"open","ping_status":"open","sticky":false,"template":"","format":"standard","meta":{"footnotes":""},"categories":[992,997,2433],"tags":[1613,78944,87558,75918,2444,497,2478,8563,79371,709],"class_list":["post-14097997","post","type-post","status-publish","format-standard","has-post-thumbnail","hentry","category-a-la-une","category-politique","category-tunisie","tag-arabes","tag-benjamin-netanyahu","tag-dr-mounir-hanablia","tag-etats-unis-2","tag-gaza","tag-iran","tag-israel","tag-liban","tag-moyen-orient-2","tag-petrole"],"yoast_head":"<!-- This site is optimized with the Yoast SEO plugin v26.6 - https:\/\/yoast.com\/wordpress\/plugins\/seo\/ -->\n<title>Le grand projet sioniste de domination du Moyen-Orient et la guerre contre l\u2019Iran - Kapitalis<\/title>\n<meta name=\"robots\" content=\"index, follow, max-snippet:-1, max-image-preview:large, max-video-preview:-1\" \/>\n<link rel=\"canonical\" href=\"https:\/\/kapitalis.com\/tunisie\/2024\/10\/02\/le-grand-projet-sioniste-de-domination-du-moyen-orient-et-la-guerre-contre-liran\/\" \/>\n<meta property=\"og:locale\" content=\"fr_FR\" \/>\n<meta property=\"og:type\" content=\"article\" \/>\n<meta property=\"og:title\" content=\"Le grand projet sioniste de domination du Moyen-Orient et la guerre contre l\u2019Iran - Kapitalis\" \/>\n<meta property=\"og:description\" content=\"Qui arr\u00eatera la folie expansionniste isra\u00e9lienne soutenue par les fondamentalistes chr\u00e9tiens am\u00e9ricains ?\" \/>\n<meta property=\"og:url\" content=\"https:\/\/kapitalis.com\/tunisie\/2024\/10\/02\/le-grand-projet-sioniste-de-domination-du-moyen-orient-et-la-guerre-contre-liran\/\" \/>\n<meta property=\"og:site_name\" content=\"Kapitalis\" \/>\n<meta property=\"article:publisher\" content=\"https:\/\/www.facebook.com\/KapitalisInfo\/\" \/>\n<meta property=\"article:published_time\" content=\"2024-10-02T06:13:35+00:00\" \/>\n<meta property=\"article:modified_time\" content=\"2024-10-02T06:13:37+00:00\" \/>\n<meta property=\"og:image\" content=\"https:\/\/kapitalis.com\/tunisie\/wp-content\/uploads\/2024\/10\/Benjamin-Netanyahu-Nations-unies.jpg\" \/>\n\t<meta property=\"og:image:width\" content=\"1200\" \/>\n\t<meta property=\"og:image:height\" content=\"630\" \/>\n\t<meta property=\"og:image:type\" content=\"image\/jpeg\" \/>\n<meta name=\"author\" content=\"webmaster kapitalis\" \/>\n<meta name=\"twitter:card\" content=\"summary_large_image\" \/>\n<meta name=\"twitter:creator\" content=\"@KapitalisInfo\" \/>\n<meta name=\"twitter:site\" content=\"@KapitalisInfo\" \/>\n<meta name=\"twitter:label1\" content=\"\u00c9crit par\" \/>\n\t<meta name=\"twitter:data1\" content=\"webmaster kapitalis\" \/>\n\t<meta name=\"twitter:label2\" content=\"Dur\u00e9e de lecture estim\u00e9e\" \/>\n\t<meta name=\"twitter:data2\" content=\"5 minutes\" \/>\n<script type=\"application\/ld+json\" class=\"yoast-schema-graph\">{\"@context\":\"https:\/\/schema.org\",\"@graph\":[{\"@type\":\"Article\",\"@id\":\"https:\/\/kapitalis.com\/tunisie\/2024\/10\/02\/le-grand-projet-sioniste-de-domination-du-moyen-orient-et-la-guerre-contre-liran\/#article\",\"isPartOf\":{\"@id\":\"https:\/\/kapitalis.com\/tunisie\/2024\/10\/02\/le-grand-projet-sioniste-de-domination-du-moyen-orient-et-la-guerre-contre-liran\/\"},\"author\":{\"name\":\"webmaster kapitalis\",\"@id\":\"https:\/\/kapitalis.com\/tunisie\/#\/schema\/person\/d71f33a9ca44f7bad4698210b480c8e9\"},\"headline\":\"Le grand projet sioniste de domination du Moyen-Orient et la guerre contre l\u2019Iran\",\"datePublished\":\"2024-10-02T06:13:35+00:00\",\"dateModified\":\"2024-10-02T06:13:37+00:00\",\"mainEntityOfPage\":{\"@id\":\"https:\/\/kapitalis.com\/tunisie\/2024\/10\/02\/le-grand-projet-sioniste-de-domination-du-moyen-orient-et-la-guerre-contre-liran\/\"},\"wordCount\":1130,\"commentCount\":1,\"publisher\":{\"@id\":\"https:\/\/kapitalis.com\/tunisie\/#organization\"},\"image\":{\"@id\":\"https:\/\/kapitalis.com\/tunisie\/2024\/10\/02\/le-grand-projet-sioniste-de-domination-du-moyen-orient-et-la-guerre-contre-liran\/#primaryimage\"},\"thumbnailUrl\":\"https:\/\/kapitalis.com\/tunisie\/wp-content\/uploads\/2024\/10\/Benjamin-Netanyahu-Nations-unies.jpg\",\"keywords\":[\"arabes\",\"Benjamin Netanyahu\",\"Dr Mounir Hanablia\",\"Etats-Unis\",\"Gaza\",\"Iran\",\"Isra\u00ebl\",\"Liban\",\"Moyen-Orient\",\"p\u00e9trole\"],\"articleSection\":[\"A LA UNE\",\"POLITIQUE\",\"Tunisie\"],\"inLanguage\":\"fr-FR\",\"potentialAction\":[{\"@type\":\"CommentAction\",\"name\":\"Comment\",\"target\":[\"https:\/\/kapitalis.com\/tunisie\/2024\/10\/02\/le-grand-projet-sioniste-de-domination-du-moyen-orient-et-la-guerre-contre-liran\/#respond\"]}]},{\"@type\":\"WebPage\",\"@id\":\"https:\/\/kapitalis.com\/tunisie\/2024\/10\/02\/le-grand-projet-sioniste-de-domination-du-moyen-orient-et-la-guerre-contre-liran\/\",\"url\":\"https:\/\/kapitalis.com\/tunisie\/2024\/10\/02\/le-grand-projet-sioniste-de-domination-du-moyen-orient-et-la-guerre-contre-liran\/\",\"name\":\"Le grand projet sioniste de domination du Moyen-Orient et la guerre contre l\u2019Iran - Kapitalis\",\"isPartOf\":{\"@id\":\"https:\/\/kapitalis.com\/tunisie\/#website\"},\"primaryImageOfPage\":{\"@id\":\"https:\/\/kapitalis.com\/tunisie\/2024\/10\/02\/le-grand-projet-sioniste-de-domination-du-moyen-orient-et-la-guerre-contre-liran\/#primaryimage\"},\"image\":{\"@id\":\"https:\/\/kapitalis.com\/tunisie\/2024\/10\/02\/le-grand-projet-sioniste-de-domination-du-moyen-orient-et-la-guerre-contre-liran\/#primaryimage\"},\"thumbnailUrl\":\"https:\/\/kapitalis.com\/tunisie\/wp-content\/uploads\/2024\/10\/Benjamin-Netanyahu-Nations-unies.jpg\",\"datePublished\":\"2024-10-02T06:13:35+00:00\",\"dateModified\":\"2024-10-02T06:13:37+00:00\",\"breadcrumb\":{\"@id\":\"https:\/\/kapitalis.com\/tunisie\/2024\/10\/02\/le-grand-projet-sioniste-de-domination-du-moyen-orient-et-la-guerre-contre-liran\/#breadcrumb\"},\"inLanguage\":\"fr-FR\",\"potentialAction\":[{\"@type\":\"ReadAction\",\"target\":[\"https:\/\/kapitalis.com\/tunisie\/2024\/10\/02\/le-grand-projet-sioniste-de-domination-du-moyen-orient-et-la-guerre-contre-liran\/\"]}]},{\"@type\":\"ImageObject\",\"inLanguage\":\"fr-FR\",\"@id\":\"https:\/\/kapitalis.com\/tunisie\/2024\/10\/02\/le-grand-projet-sioniste-de-domination-du-moyen-orient-et-la-guerre-contre-liran\/#primaryimage\",\"url\":\"https:\/\/kapitalis.com\/tunisie\/wp-content\/uploads\/2024\/10\/Benjamin-Netanyahu-Nations-unies.jpg\",\"contentUrl\":\"https:\/\/kapitalis.com\/tunisie\/wp-content\/uploads\/2024\/10\/Benjamin-Netanyahu-Nations-unies.jpg\",\"width\":1200,\"height\":630},{\"@type\":\"BreadcrumbList\",\"@id\":\"https:\/\/kapitalis.com\/tunisie\/2024\/10\/02\/le-grand-projet-sioniste-de-domination-du-moyen-orient-et-la-guerre-contre-liran\/#breadcrumb\",\"itemListElement\":[{\"@type\":\"ListItem\",\"position\":1,\"name\":\"Accueil\",\"item\":\"https:\/\/kapitalis.com\/tunisie\/\"},{\"@type\":\"ListItem\",\"position\":2,\"name\":\"Le grand projet sioniste de domination du Moyen-Orient et la guerre contre l\u2019Iran\"}]},{\"@type\":\"WebSite\",\"@id\":\"https:\/\/kapitalis.com\/tunisie\/#website\",\"url\":\"https:\/\/kapitalis.com\/tunisie\/\",\"name\":\"Kapitalis\",\"description\":\"L&#039;actualit\u00e9 en Tunisie et dans le monde\",\"publisher\":{\"@id\":\"https:\/\/kapitalis.com\/tunisie\/#organization\"},\"potentialAction\":[{\"@type\":\"SearchAction\",\"target\":{\"@type\":\"EntryPoint\",\"urlTemplate\":\"https:\/\/kapitalis.com\/tunisie\/?s={search_term_string}\"},\"query-input\":{\"@type\":\"PropertyValueSpecification\",\"valueRequired\":true,\"valueName\":\"search_term_string\"}}],\"inLanguage\":\"fr-FR\"},{\"@type\":\"Organization\",\"@id\":\"https:\/\/kapitalis.com\/tunisie\/#organization\",\"name\":\"Kapitalis\",\"url\":\"https:\/\/kapitalis.com\/tunisie\/\",\"logo\":{\"@type\":\"ImageObject\",\"inLanguage\":\"fr-FR\",\"@id\":\"https:\/\/kapitalis.com\/tunisie\/#\/schema\/logo\/image\/\",\"url\":\"https:\/\/kapitalis.com\/tunisie\/wp-content\/uploads\/2022\/05\/Kapitalis-big-size.png\",\"contentUrl\":\"https:\/\/kapitalis.com\/tunisie\/wp-content\/uploads\/2022\/05\/Kapitalis-big-size.png\",\"width\":5000,\"height\":1500,\"caption\":\"Kapitalis\"},\"image\":{\"@id\":\"https:\/\/kapitalis.com\/tunisie\/#\/schema\/logo\/image\/\"},\"sameAs\":[\"https:\/\/www.facebook.com\/KapitalisInfo\/\",\"https:\/\/x.com\/KapitalisInfo\",\"https:\/\/www.youtube.com\/channel\/UC-yDYrHyfFBWWZaOw3FPg9Q\"]},{\"@type\":\"Person\",\"@id\":\"https:\/\/kapitalis.com\/tunisie\/#\/schema\/person\/d71f33a9ca44f7bad4698210b480c8e9\",\"name\":\"webmaster kapitalis\",\"url\":\"https:\/\/kapitalis.com\/tunisie\/author\/webmaster-kapitalis\/\"}]}<\/script>\n<!-- \/ Yoast SEO plugin. -->","yoast_head_json":{"title":"Le grand projet sioniste de domination du Moyen-Orient et la guerre contre l\u2019Iran - Kapitalis","robots":{"index":"index","follow":"follow","max-snippet":"max-snippet:-1","max-image-preview":"max-image-preview:large","max-video-preview":"max-video-preview:-1"},"canonical":"https:\/\/kapitalis.com\/tunisie\/2024\/10\/02\/le-grand-projet-sioniste-de-domination-du-moyen-orient-et-la-guerre-contre-liran\/","og_locale":"fr_FR","og_type":"article","og_title":"Le grand projet sioniste de domination du Moyen-Orient et la guerre contre l\u2019Iran - Kapitalis","og_description":"Qui arr\u00eatera la folie expansionniste isra\u00e9lienne soutenue par les fondamentalistes chr\u00e9tiens am\u00e9ricains ?","og_url":"https:\/\/kapitalis.com\/tunisie\/2024\/10\/02\/le-grand-projet-sioniste-de-domination-du-moyen-orient-et-la-guerre-contre-liran\/","og_site_name":"Kapitalis","article_publisher":"https:\/\/www.facebook.com\/KapitalisInfo\/","article_published_time":"2024-10-02T06:13:35+00:00","article_modified_time":"2024-10-02T06:13:37+00:00","og_image":[{"width":1200,"height":630,"url":"https:\/\/kapitalis.com\/tunisie\/wp-content\/uploads\/2024\/10\/Benjamin-Netanyahu-Nations-unies.jpg","type":"image\/jpeg"}],"author":"webmaster kapitalis","twitter_card":"summary_large_image","twitter_creator":"@KapitalisInfo","twitter_site":"@KapitalisInfo","twitter_misc":{"\u00c9crit par":"webmaster kapitalis","Dur\u00e9e de lecture estim\u00e9e":"5 minutes"},"schema":{"@context":"https:\/\/schema.org","@graph":[{"@type":"Article","@id":"https:\/\/kapitalis.com\/tunisie\/2024\/10\/02\/le-grand-projet-sioniste-de-domination-du-moyen-orient-et-la-guerre-contre-liran\/#article","isPartOf":{"@id":"https:\/\/kapitalis.com\/tunisie\/2024\/10\/02\/le-grand-projet-sioniste-de-domination-du-moyen-orient-et-la-guerre-contre-liran\/"},"author":{"name":"webmaster kapitalis","@id":"https:\/\/kapitalis.com\/tunisie\/#\/schema\/person\/d71f33a9ca44f7bad4698210b480c8e9"},"headline":"Le grand projet sioniste de domination du Moyen-Orient et la guerre contre l\u2019Iran","datePublished":"2024-10-02T06:13:35+00:00","dateModified":"2024-10-02T06:13:37+00:00","mainEntityOfPage":{"@id":"https:\/\/kapitalis.com\/tunisie\/2024\/10\/02\/le-grand-projet-sioniste-de-domination-du-moyen-orient-et-la-guerre-contre-liran\/"},"wordCount":1130,"commentCount":1,"publisher":{"@id":"https:\/\/kapitalis.com\/tunisie\/#organization"},"image":{"@id":"https:\/\/kapitalis.com\/tunisie\/2024\/10\/02\/le-grand-projet-sioniste-de-domination-du-moyen-orient-et-la-guerre-contre-liran\/#primaryimage"},"thumbnailUrl":"https:\/\/kapitalis.com\/tunisie\/wp-content\/uploads\/2024\/10\/Benjamin-Netanyahu-Nations-unies.jpg","keywords":["arabes","Benjamin Netanyahu","Dr Mounir Hanablia","Etats-Unis","Gaza","Iran","Isra\u00ebl","Liban","Moyen-Orient","p\u00e9trole"],"articleSection":["A LA UNE","POLITIQUE","Tunisie"],"inLanguage":"fr-FR","potentialAction":[{"@type":"CommentAction","name":"Comment","target":["https:\/\/kapitalis.com\/tunisie\/2024\/10\/02\/le-grand-projet-sioniste-de-domination-du-moyen-orient-et-la-guerre-contre-liran\/#respond"]}]},{"@type":"WebPage","@id":"https:\/\/kapitalis.com\/tunisie\/2024\/10\/02\/le-grand-projet-sioniste-de-domination-du-moyen-orient-et-la-guerre-contre-liran\/","url":"https:\/\/kapitalis.com\/tunisie\/2024\/10\/02\/le-grand-projet-sioniste-de-domination-du-moyen-orient-et-la-guerre-contre-liran\/","name":"Le grand projet sioniste de domination du Moyen-Orient et la guerre contre l\u2019Iran - Kapitalis","isPartOf":{"@id":"https:\/\/kapitalis.com\/tunisie\/#website"},"primaryImageOfPage":{"@id":"https:\/\/kapitalis.com\/tunisie\/2024\/10\/02\/le-grand-projet-sioniste-de-domination-du-moyen-orient-et-la-guerre-contre-liran\/#primaryimage"},"image":{"@id":"https:\/\/kapitalis.com\/tunisie\/2024\/10\/02\/le-grand-projet-sioniste-de-domination-du-moyen-orient-et-la-guerre-contre-liran\/#primaryimage"},"thumbnailUrl":"https:\/\/kapitalis.com\/tunisie\/wp-content\/uploads\/2024\/10\/Benjamin-Netanyahu-Nations-unies.jpg","datePublished":"2024-10-02T06:13:35+00:00","dateModified":"2024-10-02T06:13:37+00:00","breadcrumb":{"@id":"https:\/\/kapitalis.com\/tunisie\/2024\/10\/02\/le-grand-projet-sioniste-de-domination-du-moyen-orient-et-la-guerre-contre-liran\/#breadcrumb"},"inLanguage":"fr-FR","potentialAction":[{"@type":"ReadAction","target":["https:\/\/kapitalis.com\/tunisie\/2024\/10\/02\/le-grand-projet-sioniste-de-domination-du-moyen-orient-et-la-guerre-contre-liran\/"]}]},{"@type":"ImageObject","inLanguage":"fr-FR","@id":"https:\/\/kapitalis.com\/tunisie\/2024\/10\/02\/le-grand-projet-sioniste-de-domination-du-moyen-orient-et-la-guerre-contre-liran\/#primaryimage","url":"https:\/\/kapitalis.com\/tunisie\/wp-content\/uploads\/2024\/10\/Benjamin-Netanyahu-Nations-unies.jpg","contentUrl":"https:\/\/kapitalis.com\/tunisie\/wp-content\/uploads\/2024\/10\/Benjamin-Netanyahu-Nations-unies.jpg","width":1200,"height":630},{"@type":"BreadcrumbList","@id":"https:\/\/kapitalis.com\/tunisie\/2024\/10\/02\/le-grand-projet-sioniste-de-domination-du-moyen-orient-et-la-guerre-contre-liran\/#breadcrumb","itemListElement":[{"@type":"ListItem","position":1,"name":"Accueil","item":"https:\/\/kapitalis.com\/tunisie\/"},{"@type":"ListItem","position":2,"name":"Le grand projet sioniste de domination du Moyen-Orient et la guerre contre l\u2019Iran"}]},{"@type":"WebSite","@id":"https:\/\/kapitalis.com\/tunisie\/#website","url":"https:\/\/kapitalis.com\/tunisie\/","name":"Kapitalis","description":"L&#039;actualit\u00e9 en Tunisie et dans le monde","publisher":{"@id":"https:\/\/kapitalis.com\/tunisie\/#organization"},"potentialAction":[{"@type":"SearchAction","target":{"@type":"EntryPoint","urlTemplate":"https:\/\/kapitalis.com\/tunisie\/?s={search_term_string}"},"query-input":{"@type":"PropertyValueSpecification","valueRequired":true,"valueName":"search_term_string"}}],"inLanguage":"fr-FR"},{"@type":"Organization","@id":"https:\/\/kapitalis.com\/tunisie\/#organization","name":"Kapitalis","url":"https:\/\/kapitalis.com\/tunisie\/","logo":{"@type":"ImageObject","inLanguage":"fr-FR","@id":"https:\/\/kapitalis.com\/tunisie\/#\/schema\/logo\/image\/","url":"https:\/\/kapitalis.com\/tunisie\/wp-content\/uploads\/2022\/05\/Kapitalis-big-size.png","contentUrl":"https:\/\/kapitalis.com\/tunisie\/wp-content\/uploads\/2022\/05\/Kapitalis-big-size.png","width":5000,"height":1500,"caption":"Kapitalis"},"image":{"@id":"https:\/\/kapitalis.com\/tunisie\/#\/schema\/logo\/image\/"},"sameAs":["https:\/\/www.facebook.com\/KapitalisInfo\/","https:\/\/x.com\/KapitalisInfo","https:\/\/www.youtube.com\/channel\/UC-yDYrHyfFBWWZaOw3FPg9Q"]},{"@type":"Person","@id":"https:\/\/kapitalis.com\/tunisie\/#\/schema\/person\/d71f33a9ca44f7bad4698210b480c8e9","name":"webmaster kapitalis","url":"https:\/\/kapitalis.com\/tunisie\/author\/webmaster-kapitalis\/"}]}},"_links":{"self":[{"href":"https:\/\/kapitalis.com\/tunisie\/wp-json\/wp\/v2\/posts\/14097997","targetHints":{"allow":["GET"]}}],"collection":[{"href":"https:\/\/kapitalis.com\/tunisie\/wp-json\/wp\/v2\/posts"}],"about":[{"href":"https:\/\/kapitalis.com\/tunisie\/wp-json\/wp\/v2\/types\/post"}],"author":[{"embeddable":true,"href":"https:\/\/kapitalis.com\/tunisie\/wp-json\/wp\/v2\/users\/8"}],"replies":[{"embeddable":true,"href":"https:\/\/kapitalis.com\/tunisie\/wp-json\/wp\/v2\/comments?post=14097997"}],"version-history":[{"count":1,"href":"https:\/\/kapitalis.com\/tunisie\/wp-json\/wp\/v2\/posts\/14097997\/revisions"}],"predecessor-version":[{"id":14098086,"href":"https:\/\/kapitalis.com\/tunisie\/wp-json\/wp\/v2\/posts\/14097997\/revisions\/14098086"}],"wp:featuredmedia":[{"embeddable":true,"href":"https:\/\/kapitalis.com\/tunisie\/wp-json\/wp\/v2\/media\/14098059"}],"wp:attachment":[{"href":"https:\/\/kapitalis.com\/tunisie\/wp-json\/wp\/v2\/media?parent=14097997"}],"wp:term":[{"taxonomy":"category","embeddable":true,"href":"https:\/\/kapitalis.com\/tunisie\/wp-json\/wp\/v2\/categories?post=14097997"},{"taxonomy":"post_tag","embeddable":true,"href":"https:\/\/kapitalis.com\/tunisie\/wp-json\/wp\/v2\/tags?post=14097997"}],"curies":[{"name":"wp","href":"https:\/\/api.w.org\/{rel}","templated":true}]}}