{"id":14098509,"date":"2024-10-02T07:57:19","date_gmt":"2024-10-02T06:57:19","guid":{"rendered":"https:\/\/kapitalis.com\/tunisie\/?p=14098509"},"modified":"2024-10-02T07:57:21","modified_gmt":"2024-10-02T06:57:21","slug":"des-educatrices-denfance-tunisiennes-formees-pour-travailler-au-canada","status":"publish","type":"post","link":"https:\/\/kapitalis.com\/tunisie\/2024\/10\/02\/des-educatrices-denfance-tunisiennes-formees-pour-travailler-au-canada\/","title":{"rendered":"Des \u00e9ducatrices d\u2019enfance tunisiennes form\u00e9es pour travailler au Canada \u00a0"},"content":{"rendered":"\n<p><strong><em>Quelque 39 \u00e9ducatrices d\u2019enfance tunisiennes, ayant un BTS (brevet de technicienne sup\u00e9rieure), ont \u00e9t\u00e9 form\u00e9es sp\u00e9cialement pour des contrats de travail dans la r\u00e9gion Vaudreuil-Soulanges, une des r\u00e9gions les plus prosp\u00e8res du Qu\u00e9bec (Canada).<\/em><\/strong><\/p>\n\n\n\n<!--more-->\n\n\n\n<p>Cela s\u2019est fait dans le cadre d\u2019un accord de coop\u00e9ration entre le cabinet de recrutement international Meeter, l\u2019ONG canadienne \u2018\u2018Vivre et Grandir Autrement\u2019\u2019, la Chambre de commerce et d\u2019industrie de Tunis et des entreprises du Qu\u00e9bec,<\/p>\n\n\n\n<p>Dans le cadre de ce programme pilote de formation et de placement professionnel, une d\u00e9l\u00e9gation qu\u00e9b\u00e9coise a visit\u00e9 la Tunisie, du 22 au 27 septembre 2024, et a conduit les premiers entretiens d\u2019embauche pour les candidates s\u00e9lectionn\u00e9es.<\/p>\n\n\n\n<p>La d\u00e9l\u00e9gation a par ailleurs entrepris plusieurs d\u00e9marches de coop\u00e9ration \u00e9conomique et d\u2019\u00e9changes, en vue de s\u2019informer sur le potentiel du march\u00e9 tunisien et d\u2019intensifier les recherches de ressources humaines dans plusieurs m\u00e9tiers en tension au Qu\u00e9bec, tels que l\u2019\u00e9ducation, l\u2019industrie (plasturgie, manutention, maintenance\u2026), la construction, l\u2019\u00e9nergie et la sant\u00e9.<\/p>\n\n\n\n<p>D\u2019apr\u00e8s Mohamed Rezgui, dirigeant du cabinet Meeter, <em>\u00abil s\u2019agit d\u2019un premier pas vers la consolidation des relations avec les entreprises et institutions de la r\u00e9gion Vaudreuil-Soulanges du Qu\u00e9bec, qui aujourd\u2019hui regroupe 23 municipalit\u00e9s actives et connait une croissance rapide de sa population et de son \u00e9conomie\u00bb. <\/em>Il a ajout\u00e9&nbsp;: <em>\u00aboutre la recherche des cadres et employ\u00e9s ad\u00e9quats dans les m\u00e9tiers en tension, nous esp\u00e9rons aussi pousser les entreprises canadiennes \u00e0 investir en Tunisie ou m\u00eame \u00e0 conclure des partenariats avec les entrepreneurs tunisiens, via les chambres de commerce locales ou mixtes et les organisations professionnelles\u00bb.<\/em><\/p>\n\n\n\n<p>M\u00e9lanie Deveault, pr\u00e9sidente directrice g\u00e9n\u00e9rale de l\u2019ONG canadienne \u2018\u2018Vivre et Grandir Autrement\u2019\u2019 a pour sa part soulign\u00e9&nbsp;: <em>\u00abNotre r\u00f4le en tant qu\u2019organisation \u00e0 but non lucratif est de cr\u00e9er cette synergie de coop\u00e9ration entre les diff\u00e9rents intervenants et d\u2019assurer une meilleure int\u00e9gration sociale et professionnelle des employ\u00e9s \u00e9trangers dans nos territoires\u00bb. <\/em>Et d\u2019ajouter<em>&nbsp;: \u00abNous sommes tr\u00e8s fiers de ce programme pilote de placement professionnel et nous esp\u00e9rons d\u00e9velopper davantage nos relations d\u2019\u00e9changes et de coop\u00e9ration avec la Tunisie, qui est un berceau de civilisations et un bon pourvoyeur de main d\u2019\u0153uvre qualifi\u00e9e\u00bb.&nbsp;&nbsp;<\/em><\/p>\n\n\n\n<p>Souhaib H\u2019sini, directeur g\u00e9n\u00e9ral de la Chambre de commerce et d\u2019industrie de Tunis, a de son c\u00f4t\u00e9 d\u00e9clar\u00e9&nbsp;: <em>\u00abNotre structure est consciente de la n\u00e9cessit\u00e9 d\u2019une ad\u00e9quation entre la main d\u2019\u0153uvre et les besoins croissants des entreprises, que ce soit sur le plan national ou international, c\u2019est pour cela que nous avons cr\u00e9\u00e9 notre \u00e9cole pratique de commerce EPC et des cycles de renforcement des capacit\u00e9s pour les entrepreneurs et hommes d\u2019affaires. Pour ce projet pilote sp\u00e9cifique avec la r\u00e9gion Vaudreuil-Soulanges du Qu\u00e9bec et en coordination avec le cabinet Meeter, nous avons coordonn\u00e9 et facilit\u00e9 le processus de formation des \u00e9ducatrices de l\u2019enfance, en leur octroyant des formations pratiques et compl\u00e9mentaires \u00e0 leurs BTS selon des modules du CEGEP qu\u00e9b\u00e9cois (Coll\u00e8ge d\u2019enseignement g\u00e9n\u00e9ral et professionnel). Trois sessions intensives, depuis le d\u00e9but d\u2019ann\u00e9e, ont \u00e9t\u00e9 ainsi assur\u00e9es, au profit de 39 candidates, et ce en collaboration avec 3 centres de formation agr\u00e9\u00e9s en Tunisie\u00bb.<\/em>&nbsp;&nbsp;<\/p>\n\n\n\n<p>La MRC (municipalit\u00e9 r\u00e9gionale de comt\u00e9) de Vaudreuil-Soulanges est situ\u00e9e dans la r\u00e9gion administrative de la Mont\u00e9r\u00e9gie, dans la r\u00e9gion du Suro\u00eet (Qu\u00e9bec). Elle regroupe 23 municipalit\u00e9s qui travaillent de concert afin de concr\u00e9tiser de nombreux projets. Sa population compte plus de 150 000 Vaudreuil-Soulangeois sur une superficie de 855 km<sup>2<\/sup>. Elle offre \u00e0 ses citoyens et immigrants un milieu de vie exceptionnel o\u00f9 r\u00e8gne l\u2019harmonie entre l\u2019urbain et le rural ainsi qu\u2019entre le d\u00e9veloppement et la protection de l\u2019environnement.<\/p>\n\n\n\n<p>Meeter est un cabinet de recrutement international, de placement, d\u2019\u00e9tudes, de formation et de conseils, bas\u00e9 en France et dirig\u00e9 par des Tunisiens. Il ouvre actuellement une nouvelle filiale au Canada et offre une plateforme en ligne <a href=\"http:\/\/www.meeter.fr\/\">Meeter<\/a> de mise en relation entre les entreprises et des candidats qualifi\u00e9s dans les m\u00e9tiers en tension.<\/p>\n\n\n\n<p><em>Communiqu\u00e9.<\/em><\/p>\n","protected":false},"excerpt":{"rendered":"<p>39 \u00e9ducatrices d\u2019enfance tunisiennes ont \u00e9t\u00e9 form\u00e9es sp\u00e9cialement pour des contrats de travail au Qu\u00e9bec au Canada. <\/p>\n","protected":false},"author":8,"featured_media":14098577,"comment_status":"open","ping_status":"open","sticky":false,"template":"","format":"standard","meta":{"footnotes":""},"categories":[995,998,2433],"tags":[6537,118188,118189,118191,118190,18773,118192,62643,118187],"class_list":["post-14098509","post","type-post","status-publish","format-standard","has-post-thumbnail","hentry","category-economie","category-societe","category-tunisie","tag-canada","tag-educatrices-denfance","tag-meeter","tag-melanie-deveault","tag-mohamed-rezgui","tag-quebec","tag-souhaib-hsini","tag-tunisie","tag-vaudreuil-soulanges"],"yoast_head":"<!-- This site is optimized with the Yoast SEO plugin v26.6 - https:\/\/yoast.com\/wordpress\/plugins\/seo\/ -->\n<title>Des \u00e9ducatrices d\u2019enfance tunisiennes form\u00e9es pour travailler au Canada \u00a0 - Kapitalis<\/title>\n<meta name=\"robots\" content=\"index, follow, max-snippet:-1, max-image-preview:large, max-video-preview:-1\" \/>\n<link rel=\"canonical\" href=\"https:\/\/kapitalis.com\/tunisie\/2024\/10\/02\/des-educatrices-denfance-tunisiennes-formees-pour-travailler-au-canada\/\" \/>\n<meta property=\"og:locale\" content=\"fr_FR\" \/>\n<meta property=\"og:type\" content=\"article\" \/>\n<meta property=\"og:title\" content=\"Des \u00e9ducatrices d\u2019enfance tunisiennes form\u00e9es pour travailler au Canada \u00a0 - Kapitalis\" \/>\n<meta property=\"og:description\" content=\"39 \u00e9ducatrices d\u2019enfance tunisiennes ont \u00e9t\u00e9 form\u00e9es sp\u00e9cialement pour des contrats de travail au Qu\u00e9bec au Canada.\" \/>\n<meta property=\"og:url\" content=\"https:\/\/kapitalis.com\/tunisie\/2024\/10\/02\/des-educatrices-denfance-tunisiennes-formees-pour-travailler-au-canada\/\" \/>\n<meta property=\"og:site_name\" content=\"Kapitalis\" \/>\n<meta property=\"article:publisher\" content=\"https:\/\/www.facebook.com\/KapitalisInfo\/\" \/>\n<meta property=\"article:published_time\" content=\"2024-10-02T06:57:19+00:00\" \/>\n<meta property=\"article:modified_time\" content=\"2024-10-02T06:57:21+00:00\" \/>\n<meta property=\"og:image\" content=\"https:\/\/kapitalis.com\/tunisie\/wp-content\/uploads\/2024\/10\/Tunisie-Canada-Educatrices.jpg\" \/>\n\t<meta property=\"og:image:width\" content=\"1200\" \/>\n\t<meta property=\"og:image:height\" content=\"630\" \/>\n\t<meta property=\"og:image:type\" content=\"image\/jpeg\" \/>\n<meta name=\"author\" content=\"webmaster kapitalis\" \/>\n<meta name=\"twitter:card\" content=\"summary_large_image\" \/>\n<meta name=\"twitter:creator\" content=\"@KapitalisInfo\" \/>\n<meta name=\"twitter:site\" content=\"@KapitalisInfo\" \/>\n<meta name=\"twitter:label1\" content=\"\u00c9crit par\" \/>\n\t<meta name=\"twitter:data1\" content=\"webmaster kapitalis\" \/>\n\t<meta name=\"twitter:label2\" content=\"Dur\u00e9e de lecture estim\u00e9e\" \/>\n\t<meta name=\"twitter:data2\" content=\"4 minutes\" \/>\n<script type=\"application\/ld+json\" class=\"yoast-schema-graph\">{\"@context\":\"https:\/\/schema.org\",\"@graph\":[{\"@type\":\"Article\",\"@id\":\"https:\/\/kapitalis.com\/tunisie\/2024\/10\/02\/des-educatrices-denfance-tunisiennes-formees-pour-travailler-au-canada\/#article\",\"isPartOf\":{\"@id\":\"https:\/\/kapitalis.com\/tunisie\/2024\/10\/02\/des-educatrices-denfance-tunisiennes-formees-pour-travailler-au-canada\/\"},\"author\":{\"name\":\"webmaster kapitalis\",\"@id\":\"https:\/\/kapitalis.com\/tunisie\/#\/schema\/person\/d71f33a9ca44f7bad4698210b480c8e9\"},\"headline\":\"Des \u00e9ducatrices d\u2019enfance tunisiennes form\u00e9es pour travailler au Canada \u00a0\",\"datePublished\":\"2024-10-02T06:57:19+00:00\",\"dateModified\":\"2024-10-02T06:57:21+00:00\",\"mainEntityOfPage\":{\"@id\":\"https:\/\/kapitalis.com\/tunisie\/2024\/10\/02\/des-educatrices-denfance-tunisiennes-formees-pour-travailler-au-canada\/\"},\"wordCount\":750,\"commentCount\":0,\"publisher\":{\"@id\":\"https:\/\/kapitalis.com\/tunisie\/#organization\"},\"image\":{\"@id\":\"https:\/\/kapitalis.com\/tunisie\/2024\/10\/02\/des-educatrices-denfance-tunisiennes-formees-pour-travailler-au-canada\/#primaryimage\"},\"thumbnailUrl\":\"https:\/\/kapitalis.com\/tunisie\/wp-content\/uploads\/2024\/10\/Tunisie-Canada-Educatrices.jpg\",\"keywords\":[\"Canada\",\"\u00e9ducatrices d\u2019enfance\",\"Meeter\",\"M\u00e9lanie Deveault\",\"Mohamed Rezgui\",\"Qu\u00e9bec\",\"Souhaib H\u2019sini\",\"Tunisie\",\"Vaudreuil-Soulanges\"],\"articleSection\":[\"ECONOMIE\",\"SOCIETE\",\"Tunisie\"],\"inLanguage\":\"fr-FR\",\"potentialAction\":[{\"@type\":\"CommentAction\",\"name\":\"Comment\",\"target\":[\"https:\/\/kapitalis.com\/tunisie\/2024\/10\/02\/des-educatrices-denfance-tunisiennes-formees-pour-travailler-au-canada\/#respond\"]}]},{\"@type\":\"WebPage\",\"@id\":\"https:\/\/kapitalis.com\/tunisie\/2024\/10\/02\/des-educatrices-denfance-tunisiennes-formees-pour-travailler-au-canada\/\",\"url\":\"https:\/\/kapitalis.com\/tunisie\/2024\/10\/02\/des-educatrices-denfance-tunisiennes-formees-pour-travailler-au-canada\/\",\"name\":\"Des \u00e9ducatrices d\u2019enfance tunisiennes form\u00e9es pour travailler au Canada \u00a0 - Kapitalis\",\"isPartOf\":{\"@id\":\"https:\/\/kapitalis.com\/tunisie\/#website\"},\"primaryImageOfPage\":{\"@id\":\"https:\/\/kapitalis.com\/tunisie\/2024\/10\/02\/des-educatrices-denfance-tunisiennes-formees-pour-travailler-au-canada\/#primaryimage\"},\"image\":{\"@id\":\"https:\/\/kapitalis.com\/tunisie\/2024\/10\/02\/des-educatrices-denfance-tunisiennes-formees-pour-travailler-au-canada\/#primaryimage\"},\"thumbnailUrl\":\"https:\/\/kapitalis.com\/tunisie\/wp-content\/uploads\/2024\/10\/Tunisie-Canada-Educatrices.jpg\",\"datePublished\":\"2024-10-02T06:57:19+00:00\",\"dateModified\":\"2024-10-02T06:57:21+00:00\",\"breadcrumb\":{\"@id\":\"https:\/\/kapitalis.com\/tunisie\/2024\/10\/02\/des-educatrices-denfance-tunisiennes-formees-pour-travailler-au-canada\/#breadcrumb\"},\"inLanguage\":\"fr-FR\",\"potentialAction\":[{\"@type\":\"ReadAction\",\"target\":[\"https:\/\/kapitalis.com\/tunisie\/2024\/10\/02\/des-educatrices-denfance-tunisiennes-formees-pour-travailler-au-canada\/\"]}]},{\"@type\":\"ImageObject\",\"inLanguage\":\"fr-FR\",\"@id\":\"https:\/\/kapitalis.com\/tunisie\/2024\/10\/02\/des-educatrices-denfance-tunisiennes-formees-pour-travailler-au-canada\/#primaryimage\",\"url\":\"https:\/\/kapitalis.com\/tunisie\/wp-content\/uploads\/2024\/10\/Tunisie-Canada-Educatrices.jpg\",\"contentUrl\":\"https:\/\/kapitalis.com\/tunisie\/wp-content\/uploads\/2024\/10\/Tunisie-Canada-Educatrices.jpg\",\"width\":1200,\"height\":630},{\"@type\":\"BreadcrumbList\",\"@id\":\"https:\/\/kapitalis.com\/tunisie\/2024\/10\/02\/des-educatrices-denfance-tunisiennes-formees-pour-travailler-au-canada\/#breadcrumb\",\"itemListElement\":[{\"@type\":\"ListItem\",\"position\":1,\"name\":\"Accueil\",\"item\":\"https:\/\/kapitalis.com\/tunisie\/\"},{\"@type\":\"ListItem\",\"position\":2,\"name\":\"Des \u00e9ducatrices d\u2019enfance tunisiennes form\u00e9es pour travailler au Canada \u00a0\"}]},{\"@type\":\"WebSite\",\"@id\":\"https:\/\/kapitalis.com\/tunisie\/#website\",\"url\":\"https:\/\/kapitalis.com\/tunisie\/\",\"name\":\"Kapitalis\",\"description\":\"L&#039;actualit\u00e9 en Tunisie et dans le monde\",\"publisher\":{\"@id\":\"https:\/\/kapitalis.com\/tunisie\/#organization\"},\"potentialAction\":[{\"@type\":\"SearchAction\",\"target\":{\"@type\":\"EntryPoint\",\"urlTemplate\":\"https:\/\/kapitalis.com\/tunisie\/?s={search_term_string}\"},\"query-input\":{\"@type\":\"PropertyValueSpecification\",\"valueRequired\":true,\"valueName\":\"search_term_string\"}}],\"inLanguage\":\"fr-FR\"},{\"@type\":\"Organization\",\"@id\":\"https:\/\/kapitalis.com\/tunisie\/#organization\",\"name\":\"Kapitalis\",\"url\":\"https:\/\/kapitalis.com\/tunisie\/\",\"logo\":{\"@type\":\"ImageObject\",\"inLanguage\":\"fr-FR\",\"@id\":\"https:\/\/kapitalis.com\/tunisie\/#\/schema\/logo\/image\/\",\"url\":\"https:\/\/kapitalis.com\/tunisie\/wp-content\/uploads\/2022\/05\/Kapitalis-big-size.png\",\"contentUrl\":\"https:\/\/kapitalis.com\/tunisie\/wp-content\/uploads\/2022\/05\/Kapitalis-big-size.png\",\"width\":5000,\"height\":1500,\"caption\":\"Kapitalis\"},\"image\":{\"@id\":\"https:\/\/kapitalis.com\/tunisie\/#\/schema\/logo\/image\/\"},\"sameAs\":[\"https:\/\/www.facebook.com\/KapitalisInfo\/\",\"https:\/\/x.com\/KapitalisInfo\",\"https:\/\/www.youtube.com\/channel\/UC-yDYrHyfFBWWZaOw3FPg9Q\"]},{\"@type\":\"Person\",\"@id\":\"https:\/\/kapitalis.com\/tunisie\/#\/schema\/person\/d71f33a9ca44f7bad4698210b480c8e9\",\"name\":\"webmaster kapitalis\",\"url\":\"https:\/\/kapitalis.com\/tunisie\/author\/webmaster-kapitalis\/\"}]}<\/script>\n<!-- \/ Yoast SEO plugin. -->","yoast_head_json":{"title":"Des \u00e9ducatrices d\u2019enfance tunisiennes form\u00e9es pour travailler au Canada \u00a0 - Kapitalis","robots":{"index":"index","follow":"follow","max-snippet":"max-snippet:-1","max-image-preview":"max-image-preview:large","max-video-preview":"max-video-preview:-1"},"canonical":"https:\/\/kapitalis.com\/tunisie\/2024\/10\/02\/des-educatrices-denfance-tunisiennes-formees-pour-travailler-au-canada\/","og_locale":"fr_FR","og_type":"article","og_title":"Des \u00e9ducatrices d\u2019enfance tunisiennes form\u00e9es pour travailler au Canada \u00a0 - Kapitalis","og_description":"39 \u00e9ducatrices d\u2019enfance tunisiennes ont \u00e9t\u00e9 form\u00e9es sp\u00e9cialement pour des contrats de travail au Qu\u00e9bec au Canada.","og_url":"https:\/\/kapitalis.com\/tunisie\/2024\/10\/02\/des-educatrices-denfance-tunisiennes-formees-pour-travailler-au-canada\/","og_site_name":"Kapitalis","article_publisher":"https:\/\/www.facebook.com\/KapitalisInfo\/","article_published_time":"2024-10-02T06:57:19+00:00","article_modified_time":"2024-10-02T06:57:21+00:00","og_image":[{"width":1200,"height":630,"url":"https:\/\/kapitalis.com\/tunisie\/wp-content\/uploads\/2024\/10\/Tunisie-Canada-Educatrices.jpg","type":"image\/jpeg"}],"author":"webmaster kapitalis","twitter_card":"summary_large_image","twitter_creator":"@KapitalisInfo","twitter_site":"@KapitalisInfo","twitter_misc":{"\u00c9crit par":"webmaster kapitalis","Dur\u00e9e de lecture estim\u00e9e":"4 minutes"},"schema":{"@context":"https:\/\/schema.org","@graph":[{"@type":"Article","@id":"https:\/\/kapitalis.com\/tunisie\/2024\/10\/02\/des-educatrices-denfance-tunisiennes-formees-pour-travailler-au-canada\/#article","isPartOf":{"@id":"https:\/\/kapitalis.com\/tunisie\/2024\/10\/02\/des-educatrices-denfance-tunisiennes-formees-pour-travailler-au-canada\/"},"author":{"name":"webmaster kapitalis","@id":"https:\/\/kapitalis.com\/tunisie\/#\/schema\/person\/d71f33a9ca44f7bad4698210b480c8e9"},"headline":"Des \u00e9ducatrices d\u2019enfance tunisiennes form\u00e9es pour travailler au Canada \u00a0","datePublished":"2024-10-02T06:57:19+00:00","dateModified":"2024-10-02T06:57:21+00:00","mainEntityOfPage":{"@id":"https:\/\/kapitalis.com\/tunisie\/2024\/10\/02\/des-educatrices-denfance-tunisiennes-formees-pour-travailler-au-canada\/"},"wordCount":750,"commentCount":0,"publisher":{"@id":"https:\/\/kapitalis.com\/tunisie\/#organization"},"image":{"@id":"https:\/\/kapitalis.com\/tunisie\/2024\/10\/02\/des-educatrices-denfance-tunisiennes-formees-pour-travailler-au-canada\/#primaryimage"},"thumbnailUrl":"https:\/\/kapitalis.com\/tunisie\/wp-content\/uploads\/2024\/10\/Tunisie-Canada-Educatrices.jpg","keywords":["Canada","\u00e9ducatrices d\u2019enfance","Meeter","M\u00e9lanie Deveault","Mohamed Rezgui","Qu\u00e9bec","Souhaib H\u2019sini","Tunisie","Vaudreuil-Soulanges"],"articleSection":["ECONOMIE","SOCIETE","Tunisie"],"inLanguage":"fr-FR","potentialAction":[{"@type":"CommentAction","name":"Comment","target":["https:\/\/kapitalis.com\/tunisie\/2024\/10\/02\/des-educatrices-denfance-tunisiennes-formees-pour-travailler-au-canada\/#respond"]}]},{"@type":"WebPage","@id":"https:\/\/kapitalis.com\/tunisie\/2024\/10\/02\/des-educatrices-denfance-tunisiennes-formees-pour-travailler-au-canada\/","url":"https:\/\/kapitalis.com\/tunisie\/2024\/10\/02\/des-educatrices-denfance-tunisiennes-formees-pour-travailler-au-canada\/","name":"Des \u00e9ducatrices d\u2019enfance tunisiennes form\u00e9es pour travailler au Canada \u00a0 - Kapitalis","isPartOf":{"@id":"https:\/\/kapitalis.com\/tunisie\/#website"},"primaryImageOfPage":{"@id":"https:\/\/kapitalis.com\/tunisie\/2024\/10\/02\/des-educatrices-denfance-tunisiennes-formees-pour-travailler-au-canada\/#primaryimage"},"image":{"@id":"https:\/\/kapitalis.com\/tunisie\/2024\/10\/02\/des-educatrices-denfance-tunisiennes-formees-pour-travailler-au-canada\/#primaryimage"},"thumbnailUrl":"https:\/\/kapitalis.com\/tunisie\/wp-content\/uploads\/2024\/10\/Tunisie-Canada-Educatrices.jpg","datePublished":"2024-10-02T06:57:19+00:00","dateModified":"2024-10-02T06:57:21+00:00","breadcrumb":{"@id":"https:\/\/kapitalis.com\/tunisie\/2024\/10\/02\/des-educatrices-denfance-tunisiennes-formees-pour-travailler-au-canada\/#breadcrumb"},"inLanguage":"fr-FR","potentialAction":[{"@type":"ReadAction","target":["https:\/\/kapitalis.com\/tunisie\/2024\/10\/02\/des-educatrices-denfance-tunisiennes-formees-pour-travailler-au-canada\/"]}]},{"@type":"ImageObject","inLanguage":"fr-FR","@id":"https:\/\/kapitalis.com\/tunisie\/2024\/10\/02\/des-educatrices-denfance-tunisiennes-formees-pour-travailler-au-canada\/#primaryimage","url":"https:\/\/kapitalis.com\/tunisie\/wp-content\/uploads\/2024\/10\/Tunisie-Canada-Educatrices.jpg","contentUrl":"https:\/\/kapitalis.com\/tunisie\/wp-content\/uploads\/2024\/10\/Tunisie-Canada-Educatrices.jpg","width":1200,"height":630},{"@type":"BreadcrumbList","@id":"https:\/\/kapitalis.com\/tunisie\/2024\/10\/02\/des-educatrices-denfance-tunisiennes-formees-pour-travailler-au-canada\/#breadcrumb","itemListElement":[{"@type":"ListItem","position":1,"name":"Accueil","item":"https:\/\/kapitalis.com\/tunisie\/"},{"@type":"ListItem","position":2,"name":"Des \u00e9ducatrices d\u2019enfance tunisiennes form\u00e9es pour travailler au Canada \u00a0"}]},{"@type":"WebSite","@id":"https:\/\/kapitalis.com\/tunisie\/#website","url":"https:\/\/kapitalis.com\/tunisie\/","name":"Kapitalis","description":"L&#039;actualit\u00e9 en Tunisie et dans le monde","publisher":{"@id":"https:\/\/kapitalis.com\/tunisie\/#organization"},"potentialAction":[{"@type":"SearchAction","target":{"@type":"EntryPoint","urlTemplate":"https:\/\/kapitalis.com\/tunisie\/?s={search_term_string}"},"query-input":{"@type":"PropertyValueSpecification","valueRequired":true,"valueName":"search_term_string"}}],"inLanguage":"fr-FR"},{"@type":"Organization","@id":"https:\/\/kapitalis.com\/tunisie\/#organization","name":"Kapitalis","url":"https:\/\/kapitalis.com\/tunisie\/","logo":{"@type":"ImageObject","inLanguage":"fr-FR","@id":"https:\/\/kapitalis.com\/tunisie\/#\/schema\/logo\/image\/","url":"https:\/\/kapitalis.com\/tunisie\/wp-content\/uploads\/2022\/05\/Kapitalis-big-size.png","contentUrl":"https:\/\/kapitalis.com\/tunisie\/wp-content\/uploads\/2022\/05\/Kapitalis-big-size.png","width":5000,"height":1500,"caption":"Kapitalis"},"image":{"@id":"https:\/\/kapitalis.com\/tunisie\/#\/schema\/logo\/image\/"},"sameAs":["https:\/\/www.facebook.com\/KapitalisInfo\/","https:\/\/x.com\/KapitalisInfo","https:\/\/www.youtube.com\/channel\/UC-yDYrHyfFBWWZaOw3FPg9Q"]},{"@type":"Person","@id":"https:\/\/kapitalis.com\/tunisie\/#\/schema\/person\/d71f33a9ca44f7bad4698210b480c8e9","name":"webmaster kapitalis","url":"https:\/\/kapitalis.com\/tunisie\/author\/webmaster-kapitalis\/"}]}},"_links":{"self":[{"href":"https:\/\/kapitalis.com\/tunisie\/wp-json\/wp\/v2\/posts\/14098509","targetHints":{"allow":["GET"]}}],"collection":[{"href":"https:\/\/kapitalis.com\/tunisie\/wp-json\/wp\/v2\/posts"}],"about":[{"href":"https:\/\/kapitalis.com\/tunisie\/wp-json\/wp\/v2\/types\/post"}],"author":[{"embeddable":true,"href":"https:\/\/kapitalis.com\/tunisie\/wp-json\/wp\/v2\/users\/8"}],"replies":[{"embeddable":true,"href":"https:\/\/kapitalis.com\/tunisie\/wp-json\/wp\/v2\/comments?post=14098509"}],"version-history":[{"count":1,"href":"https:\/\/kapitalis.com\/tunisie\/wp-json\/wp\/v2\/posts\/14098509\/revisions"}],"predecessor-version":[{"id":14098608,"href":"https:\/\/kapitalis.com\/tunisie\/wp-json\/wp\/v2\/posts\/14098509\/revisions\/14098608"}],"wp:featuredmedia":[{"embeddable":true,"href":"https:\/\/kapitalis.com\/tunisie\/wp-json\/wp\/v2\/media\/14098577"}],"wp:attachment":[{"href":"https:\/\/kapitalis.com\/tunisie\/wp-json\/wp\/v2\/media?parent=14098509"}],"wp:term":[{"taxonomy":"category","embeddable":true,"href":"https:\/\/kapitalis.com\/tunisie\/wp-json\/wp\/v2\/categories?post=14098509"},{"taxonomy":"post_tag","embeddable":true,"href":"https:\/\/kapitalis.com\/tunisie\/wp-json\/wp\/v2\/tags?post=14098509"}],"curies":[{"name":"wp","href":"https:\/\/api.w.org\/{rel}","templated":true}]}}