{"id":141074,"date":"2018-02-28T11:47:36","date_gmt":"2018-02-28T10:47:36","guid":{"rendered":"http:\/\/kapitalis.com\/tunisie\/?p=141074"},"modified":"2018-02-28T11:47:36","modified_gmt":"2018-02-28T10:47:36","slug":"football-belgique-hamdi-harbaoui-prend-2-matches-de-suspension","status":"publish","type":"post","link":"https:\/\/kapitalis.com\/tunisie\/2018\/02\/28\/football-belgique-hamdi-harbaoui-prend-2-matches-de-suspension\/","title":{"rendered":"Football-Belgique : Hamdi Harbaoui prend 2 matches de suspension"},"content":{"rendered":"<p style=\"text-align: center;\"><img loading=\"lazy\" decoding=\"async\" class=\"alignnone size-full wp-image-63087\" src=\"http:\/\/kapitalis.com\/tunisie\/wp-content\/uploads\/2016\/08\/Hamdi-Harbaoui.jpg\" alt=\"\" width=\"626\" height=\"380\" \/><\/p>\n<p><em><strong>L&rsquo;attaquant tunisien de Zulte Waregem Hamdi Harbaoui a \u00e9t\u00e9 sanctionn\u00e9 de 3 matches de suspension dont 2 effectifs et d\u2019une amende de 1200 euros (3600 dinars tunisiens).<\/strong> <\/em><\/p>\n<p><!--more--><\/p>\n<p>Zulte Waregem a d\u00e9j\u00e0 fait savoir qu\u2019il n\u2019irait pas en appel.<\/p>\n<p>Le Tunisien va manquer les 2 derniers matches de la phase r\u00e9guli\u00e8re du championnat belge contre Anderlecht, samedi prochain 3 mars 2018 et \u00e0 Lokeren le 11 mars.<\/p>\n<p>Hamdi Harbaoui a \u00e9t\u00e9 jug\u00e9 coupable d\u2019un coup au visage sur le d\u00e9fenseur d\u2019Eupen R\u00e9mi Mulumba, le 17 f\u00e9vrier dernier. L\u2019arbitre de la rencontre n\u2019avait pas vu la phase litigieuse mais les images t\u00e9l\u00e9vis\u00e9es ont confondu l\u2019ex-international tunisien.<\/p>\n<p>Hamdi Harbaoui s&rsquo;est plaint dans la presse de la r\u00e9action des arbitres \u00e0 son encontre car il estime \u00eatre victime de plusieurs d\u00e9cisions qui lui sont d\u00e9favorables sur le terrain.<\/p>\n<p style=\"text-align: right;\"><strong>H. M.<\/strong><\/p>\n<blockquote class=\"wp-embedded-content\" data-secret=\"gkuAxZF7SP\"><p><a href=\"https:\/\/kapitalis.com\/tunisie\/2018\/02\/27\/football-belgique-le-ras-le-bol-de-hamdi-harbaoui\/\">Football-Belgique : Le ras-le-bol de Hamdi Harbaoui<\/a><\/p><\/blockquote>\n<p><iframe loading=\"lazy\" class=\"wp-embedded-content\" sandbox=\"allow-scripts\" security=\"restricted\" style=\"position: absolute; clip: rect(1px, 1px, 1px, 1px);\" title=\"\u00ab\u00a0Football-Belgique : Le ras-le-bol de Hamdi Harbaoui\u00a0\u00bb &#8212; Kapitalis\" src=\"https:\/\/kapitalis.com\/tunisie\/2018\/02\/27\/football-belgique-le-ras-le-bol-de-hamdi-harbaoui\/embed\/#?secret=txhS9kTPxZ#?secret=gkuAxZF7SP\" data-secret=\"gkuAxZF7SP\" width=\"600\" height=\"338\" frameborder=\"0\" marginwidth=\"0\" marginheight=\"0\" scrolling=\"no\"><\/iframe><\/p>\n<blockquote class=\"wp-embedded-content\" data-secret=\"Moup4inahg\"><p><a href=\"https:\/\/kapitalis.com\/tunisie\/2018\/02\/21\/football-double-tunisien-hamdi-harbaoui-belgique\/\">Football : Un doubl\u00e9 du Tunisien Hamdi Harbaoui en Belgique<\/a><\/p><\/blockquote>\n<p><iframe loading=\"lazy\" class=\"wp-embedded-content\" sandbox=\"allow-scripts\" security=\"restricted\" style=\"position: absolute; clip: rect(1px, 1px, 1px, 1px);\" title=\"\u00ab\u00a0Football : Un doubl\u00e9 du Tunisien Hamdi Harbaoui en Belgique\u00a0\u00bb &#8212; Kapitalis\" src=\"https:\/\/kapitalis.com\/tunisie\/2018\/02\/21\/football-double-tunisien-hamdi-harbaoui-belgique\/embed\/#?secret=O6n4kZ4RMi#?secret=Moup4inahg\" data-secret=\"Moup4inahg\" width=\"600\" height=\"338\" frameborder=\"0\" marginwidth=\"0\" marginheight=\"0\" scrolling=\"no\"><\/iframe><\/p>\n","protected":false},"excerpt":{"rendered":"<p>L&rsquo;attaquant tunisien de Zulte Waregem Hamdi Harbaoui a \u00e9t\u00e9 sanctionn\u00e9 de 3 matches de suspension dont 2 effectifs et d\u2019une amende de 1200 euros (3600 dinars tunisiens).<\/p>\n","protected":false},"author":8,"featured_media":0,"comment_status":"open","ping_status":"open","sticky":false,"template":"","format":"standard","meta":{"footnotes":""},"categories":[999,2433],"tags":[138,18922,42825],"class_list":["post-141074","post","type-post","status-publish","format-standard","hentry","category-sport","category-tunisie","tag-belgique","tag-hamdi-harbaoui","tag-zulte-waregem"],"yoast_head":"<!-- This site is optimized with the Yoast SEO plugin v26.6 - https:\/\/yoast.com\/wordpress\/plugins\/seo\/ -->\n<title>Football-Belgique : Hamdi Harbaoui prend 2 matches de suspension - Kapitalis<\/title>\n<meta name=\"robots\" content=\"index, follow, max-snippet:-1, max-image-preview:large, max-video-preview:-1\" \/>\n<link rel=\"canonical\" href=\"https:\/\/kapitalis.com\/tunisie\/2018\/02\/28\/football-belgique-hamdi-harbaoui-prend-2-matches-de-suspension\/\" \/>\n<meta property=\"og:locale\" content=\"fr_FR\" \/>\n<meta property=\"og:type\" content=\"article\" \/>\n<meta property=\"og:title\" content=\"Football-Belgique : Hamdi Harbaoui prend 2 matches de suspension - Kapitalis\" \/>\n<meta property=\"og:description\" content=\"L&rsquo;attaquant tunisien de Zulte Waregem Hamdi Harbaoui a \u00e9t\u00e9 sanctionn\u00e9 de 3 matches de suspension dont 2 effectifs et d\u2019une amende de 1200 euros (3600 dinars tunisiens).\" \/>\n<meta property=\"og:url\" content=\"https:\/\/kapitalis.com\/tunisie\/2018\/02\/28\/football-belgique-hamdi-harbaoui-prend-2-matches-de-suspension\/\" \/>\n<meta property=\"og:site_name\" content=\"Kapitalis\" \/>\n<meta property=\"article:publisher\" content=\"https:\/\/www.facebook.com\/KapitalisInfo\/\" \/>\n<meta property=\"article:published_time\" content=\"2018-02-28T10:47:36+00:00\" \/>\n<meta property=\"og:image\" content=\"http:\/\/kapitalis.com\/tunisie\/wp-content\/uploads\/2016\/08\/Hamdi-Harbaoui.jpg\" \/>\n<meta name=\"author\" content=\"webmaster kapitalis\" \/>\n<meta name=\"twitter:card\" content=\"summary_large_image\" \/>\n<meta name=\"twitter:creator\" content=\"@KapitalisInfo\" \/>\n<meta name=\"twitter:site\" content=\"@KapitalisInfo\" \/>\n<meta name=\"twitter:label1\" content=\"\u00c9crit par\" \/>\n\t<meta name=\"twitter:data1\" content=\"webmaster kapitalis\" \/>\n\t<meta name=\"twitter:label2\" content=\"Dur\u00e9e de lecture estim\u00e9e\" \/>\n\t<meta name=\"twitter:data2\" content=\"1 minute\" \/>\n<script type=\"application\/ld+json\" class=\"yoast-schema-graph\">{\"@context\":\"https:\/\/schema.org\",\"@graph\":[{\"@type\":\"Article\",\"@id\":\"https:\/\/kapitalis.com\/tunisie\/2018\/02\/28\/football-belgique-hamdi-harbaoui-prend-2-matches-de-suspension\/#article\",\"isPartOf\":{\"@id\":\"https:\/\/kapitalis.com\/tunisie\/2018\/02\/28\/football-belgique-hamdi-harbaoui-prend-2-matches-de-suspension\/\"},\"author\":{\"name\":\"webmaster kapitalis\",\"@id\":\"https:\/\/kapitalis.com\/tunisie\/#\/schema\/person\/d71f33a9ca44f7bad4698210b480c8e9\"},\"headline\":\"Football-Belgique : Hamdi Harbaoui prend 2 matches de suspension\",\"datePublished\":\"2018-02-28T10:47:36+00:00\",\"mainEntityOfPage\":{\"@id\":\"https:\/\/kapitalis.com\/tunisie\/2018\/02\/28\/football-belgique-hamdi-harbaoui-prend-2-matches-de-suspension\/\"},\"wordCount\":162,\"commentCount\":0,\"publisher\":{\"@id\":\"https:\/\/kapitalis.com\/tunisie\/#organization\"},\"image\":{\"@id\":\"https:\/\/kapitalis.com\/tunisie\/2018\/02\/28\/football-belgique-hamdi-harbaoui-prend-2-matches-de-suspension\/#primaryimage\"},\"thumbnailUrl\":\"http:\/\/kapitalis.com\/tunisie\/wp-content\/uploads\/2016\/08\/Hamdi-Harbaoui.jpg\",\"keywords\":[\"Belgique\",\"Hamdi Harbaoui\",\"Zulte Waregem\"],\"articleSection\":[\"SPORT\",\"Tunisie\"],\"inLanguage\":\"fr-FR\",\"potentialAction\":[{\"@type\":\"CommentAction\",\"name\":\"Comment\",\"target\":[\"https:\/\/kapitalis.com\/tunisie\/2018\/02\/28\/football-belgique-hamdi-harbaoui-prend-2-matches-de-suspension\/#respond\"]}]},{\"@type\":\"WebPage\",\"@id\":\"https:\/\/kapitalis.com\/tunisie\/2018\/02\/28\/football-belgique-hamdi-harbaoui-prend-2-matches-de-suspension\/\",\"url\":\"https:\/\/kapitalis.com\/tunisie\/2018\/02\/28\/football-belgique-hamdi-harbaoui-prend-2-matches-de-suspension\/\",\"name\":\"Football-Belgique : Hamdi Harbaoui prend 2 matches de suspension - Kapitalis\",\"isPartOf\":{\"@id\":\"https:\/\/kapitalis.com\/tunisie\/#website\"},\"primaryImageOfPage\":{\"@id\":\"https:\/\/kapitalis.com\/tunisie\/2018\/02\/28\/football-belgique-hamdi-harbaoui-prend-2-matches-de-suspension\/#primaryimage\"},\"image\":{\"@id\":\"https:\/\/kapitalis.com\/tunisie\/2018\/02\/28\/football-belgique-hamdi-harbaoui-prend-2-matches-de-suspension\/#primaryimage\"},\"thumbnailUrl\":\"http:\/\/kapitalis.com\/tunisie\/wp-content\/uploads\/2016\/08\/Hamdi-Harbaoui.jpg\",\"datePublished\":\"2018-02-28T10:47:36+00:00\",\"breadcrumb\":{\"@id\":\"https:\/\/kapitalis.com\/tunisie\/2018\/02\/28\/football-belgique-hamdi-harbaoui-prend-2-matches-de-suspension\/#breadcrumb\"},\"inLanguage\":\"fr-FR\",\"potentialAction\":[{\"@type\":\"ReadAction\",\"target\":[\"https:\/\/kapitalis.com\/tunisie\/2018\/02\/28\/football-belgique-hamdi-harbaoui-prend-2-matches-de-suspension\/\"]}]},{\"@type\":\"ImageObject\",\"inLanguage\":\"fr-FR\",\"@id\":\"https:\/\/kapitalis.com\/tunisie\/2018\/02\/28\/football-belgique-hamdi-harbaoui-prend-2-matches-de-suspension\/#primaryimage\",\"url\":\"http:\/\/kapitalis.com\/tunisie\/wp-content\/uploads\/2016\/08\/Hamdi-Harbaoui.jpg\",\"contentUrl\":\"http:\/\/kapitalis.com\/tunisie\/wp-content\/uploads\/2016\/08\/Hamdi-Harbaoui.jpg\"},{\"@type\":\"BreadcrumbList\",\"@id\":\"https:\/\/kapitalis.com\/tunisie\/2018\/02\/28\/football-belgique-hamdi-harbaoui-prend-2-matches-de-suspension\/#breadcrumb\",\"itemListElement\":[{\"@type\":\"ListItem\",\"position\":1,\"name\":\"Accueil\",\"item\":\"https:\/\/kapitalis.com\/tunisie\/\"},{\"@type\":\"ListItem\",\"position\":2,\"name\":\"Football-Belgique : Hamdi Harbaoui prend 2 matches de suspension\"}]},{\"@type\":\"WebSite\",\"@id\":\"https:\/\/kapitalis.com\/tunisie\/#website\",\"url\":\"https:\/\/kapitalis.com\/tunisie\/\",\"name\":\"Kapitalis\",\"description\":\"L&#039;actualit\u00e9 en Tunisie et dans le monde\",\"publisher\":{\"@id\":\"https:\/\/kapitalis.com\/tunisie\/#organization\"},\"potentialAction\":[{\"@type\":\"SearchAction\",\"target\":{\"@type\":\"EntryPoint\",\"urlTemplate\":\"https:\/\/kapitalis.com\/tunisie\/?s={search_term_string}\"},\"query-input\":{\"@type\":\"PropertyValueSpecification\",\"valueRequired\":true,\"valueName\":\"search_term_string\"}}],\"inLanguage\":\"fr-FR\"},{\"@type\":\"Organization\",\"@id\":\"https:\/\/kapitalis.com\/tunisie\/#organization\",\"name\":\"Kapitalis\",\"url\":\"https:\/\/kapitalis.com\/tunisie\/\",\"logo\":{\"@type\":\"ImageObject\",\"inLanguage\":\"fr-FR\",\"@id\":\"https:\/\/kapitalis.com\/tunisie\/#\/schema\/logo\/image\/\",\"url\":\"https:\/\/kapitalis.com\/tunisie\/wp-content\/uploads\/2022\/05\/Kapitalis-big-size.png\",\"contentUrl\":\"https:\/\/kapitalis.com\/tunisie\/wp-content\/uploads\/2022\/05\/Kapitalis-big-size.png\",\"width\":5000,\"height\":1500,\"caption\":\"Kapitalis\"},\"image\":{\"@id\":\"https:\/\/kapitalis.com\/tunisie\/#\/schema\/logo\/image\/\"},\"sameAs\":[\"https:\/\/www.facebook.com\/KapitalisInfo\/\",\"https:\/\/x.com\/KapitalisInfo\",\"https:\/\/www.youtube.com\/channel\/UC-yDYrHyfFBWWZaOw3FPg9Q\"]},{\"@type\":\"Person\",\"@id\":\"https:\/\/kapitalis.com\/tunisie\/#\/schema\/person\/d71f33a9ca44f7bad4698210b480c8e9\",\"name\":\"webmaster kapitalis\",\"url\":\"https:\/\/kapitalis.com\/tunisie\/author\/webmaster-kapitalis\/\"}]}<\/script>\n<!-- \/ Yoast SEO plugin. -->","yoast_head_json":{"title":"Football-Belgique : Hamdi Harbaoui prend 2 matches de suspension - Kapitalis","robots":{"index":"index","follow":"follow","max-snippet":"max-snippet:-1","max-image-preview":"max-image-preview:large","max-video-preview":"max-video-preview:-1"},"canonical":"https:\/\/kapitalis.com\/tunisie\/2018\/02\/28\/football-belgique-hamdi-harbaoui-prend-2-matches-de-suspension\/","og_locale":"fr_FR","og_type":"article","og_title":"Football-Belgique : Hamdi Harbaoui prend 2 matches de suspension - Kapitalis","og_description":"L&rsquo;attaquant tunisien de Zulte Waregem Hamdi Harbaoui a \u00e9t\u00e9 sanctionn\u00e9 de 3 matches de suspension dont 2 effectifs et d\u2019une amende de 1200 euros (3600 dinars tunisiens).","og_url":"https:\/\/kapitalis.com\/tunisie\/2018\/02\/28\/football-belgique-hamdi-harbaoui-prend-2-matches-de-suspension\/","og_site_name":"Kapitalis","article_publisher":"https:\/\/www.facebook.com\/KapitalisInfo\/","article_published_time":"2018-02-28T10:47:36+00:00","og_image":[{"url":"http:\/\/kapitalis.com\/tunisie\/wp-content\/uploads\/2016\/08\/Hamdi-Harbaoui.jpg","type":"","width":"","height":""}],"author":"webmaster kapitalis","twitter_card":"summary_large_image","twitter_creator":"@KapitalisInfo","twitter_site":"@KapitalisInfo","twitter_misc":{"\u00c9crit par":"webmaster kapitalis","Dur\u00e9e de lecture estim\u00e9e":"1 minute"},"schema":{"@context":"https:\/\/schema.org","@graph":[{"@type":"Article","@id":"https:\/\/kapitalis.com\/tunisie\/2018\/02\/28\/football-belgique-hamdi-harbaoui-prend-2-matches-de-suspension\/#article","isPartOf":{"@id":"https:\/\/kapitalis.com\/tunisie\/2018\/02\/28\/football-belgique-hamdi-harbaoui-prend-2-matches-de-suspension\/"},"author":{"name":"webmaster kapitalis","@id":"https:\/\/kapitalis.com\/tunisie\/#\/schema\/person\/d71f33a9ca44f7bad4698210b480c8e9"},"headline":"Football-Belgique : Hamdi Harbaoui prend 2 matches de suspension","datePublished":"2018-02-28T10:47:36+00:00","mainEntityOfPage":{"@id":"https:\/\/kapitalis.com\/tunisie\/2018\/02\/28\/football-belgique-hamdi-harbaoui-prend-2-matches-de-suspension\/"},"wordCount":162,"commentCount":0,"publisher":{"@id":"https:\/\/kapitalis.com\/tunisie\/#organization"},"image":{"@id":"https:\/\/kapitalis.com\/tunisie\/2018\/02\/28\/football-belgique-hamdi-harbaoui-prend-2-matches-de-suspension\/#primaryimage"},"thumbnailUrl":"http:\/\/kapitalis.com\/tunisie\/wp-content\/uploads\/2016\/08\/Hamdi-Harbaoui.jpg","keywords":["Belgique","Hamdi Harbaoui","Zulte Waregem"],"articleSection":["SPORT","Tunisie"],"inLanguage":"fr-FR","potentialAction":[{"@type":"CommentAction","name":"Comment","target":["https:\/\/kapitalis.com\/tunisie\/2018\/02\/28\/football-belgique-hamdi-harbaoui-prend-2-matches-de-suspension\/#respond"]}]},{"@type":"WebPage","@id":"https:\/\/kapitalis.com\/tunisie\/2018\/02\/28\/football-belgique-hamdi-harbaoui-prend-2-matches-de-suspension\/","url":"https:\/\/kapitalis.com\/tunisie\/2018\/02\/28\/football-belgique-hamdi-harbaoui-prend-2-matches-de-suspension\/","name":"Football-Belgique : Hamdi Harbaoui prend 2 matches de suspension - Kapitalis","isPartOf":{"@id":"https:\/\/kapitalis.com\/tunisie\/#website"},"primaryImageOfPage":{"@id":"https:\/\/kapitalis.com\/tunisie\/2018\/02\/28\/football-belgique-hamdi-harbaoui-prend-2-matches-de-suspension\/#primaryimage"},"image":{"@id":"https:\/\/kapitalis.com\/tunisie\/2018\/02\/28\/football-belgique-hamdi-harbaoui-prend-2-matches-de-suspension\/#primaryimage"},"thumbnailUrl":"http:\/\/kapitalis.com\/tunisie\/wp-content\/uploads\/2016\/08\/Hamdi-Harbaoui.jpg","datePublished":"2018-02-28T10:47:36+00:00","breadcrumb":{"@id":"https:\/\/kapitalis.com\/tunisie\/2018\/02\/28\/football-belgique-hamdi-harbaoui-prend-2-matches-de-suspension\/#breadcrumb"},"inLanguage":"fr-FR","potentialAction":[{"@type":"ReadAction","target":["https:\/\/kapitalis.com\/tunisie\/2018\/02\/28\/football-belgique-hamdi-harbaoui-prend-2-matches-de-suspension\/"]}]},{"@type":"ImageObject","inLanguage":"fr-FR","@id":"https:\/\/kapitalis.com\/tunisie\/2018\/02\/28\/football-belgique-hamdi-harbaoui-prend-2-matches-de-suspension\/#primaryimage","url":"http:\/\/kapitalis.com\/tunisie\/wp-content\/uploads\/2016\/08\/Hamdi-Harbaoui.jpg","contentUrl":"http:\/\/kapitalis.com\/tunisie\/wp-content\/uploads\/2016\/08\/Hamdi-Harbaoui.jpg"},{"@type":"BreadcrumbList","@id":"https:\/\/kapitalis.com\/tunisie\/2018\/02\/28\/football-belgique-hamdi-harbaoui-prend-2-matches-de-suspension\/#breadcrumb","itemListElement":[{"@type":"ListItem","position":1,"name":"Accueil","item":"https:\/\/kapitalis.com\/tunisie\/"},{"@type":"ListItem","position":2,"name":"Football-Belgique : Hamdi Harbaoui prend 2 matches de suspension"}]},{"@type":"WebSite","@id":"https:\/\/kapitalis.com\/tunisie\/#website","url":"https:\/\/kapitalis.com\/tunisie\/","name":"Kapitalis","description":"L&#039;actualit\u00e9 en Tunisie et dans le monde","publisher":{"@id":"https:\/\/kapitalis.com\/tunisie\/#organization"},"potentialAction":[{"@type":"SearchAction","target":{"@type":"EntryPoint","urlTemplate":"https:\/\/kapitalis.com\/tunisie\/?s={search_term_string}"},"query-input":{"@type":"PropertyValueSpecification","valueRequired":true,"valueName":"search_term_string"}}],"inLanguage":"fr-FR"},{"@type":"Organization","@id":"https:\/\/kapitalis.com\/tunisie\/#organization","name":"Kapitalis","url":"https:\/\/kapitalis.com\/tunisie\/","logo":{"@type":"ImageObject","inLanguage":"fr-FR","@id":"https:\/\/kapitalis.com\/tunisie\/#\/schema\/logo\/image\/","url":"https:\/\/kapitalis.com\/tunisie\/wp-content\/uploads\/2022\/05\/Kapitalis-big-size.png","contentUrl":"https:\/\/kapitalis.com\/tunisie\/wp-content\/uploads\/2022\/05\/Kapitalis-big-size.png","width":5000,"height":1500,"caption":"Kapitalis"},"image":{"@id":"https:\/\/kapitalis.com\/tunisie\/#\/schema\/logo\/image\/"},"sameAs":["https:\/\/www.facebook.com\/KapitalisInfo\/","https:\/\/x.com\/KapitalisInfo","https:\/\/www.youtube.com\/channel\/UC-yDYrHyfFBWWZaOw3FPg9Q"]},{"@type":"Person","@id":"https:\/\/kapitalis.com\/tunisie\/#\/schema\/person\/d71f33a9ca44f7bad4698210b480c8e9","name":"webmaster kapitalis","url":"https:\/\/kapitalis.com\/tunisie\/author\/webmaster-kapitalis\/"}]}},"_links":{"self":[{"href":"https:\/\/kapitalis.com\/tunisie\/wp-json\/wp\/v2\/posts\/141074","targetHints":{"allow":["GET"]}}],"collection":[{"href":"https:\/\/kapitalis.com\/tunisie\/wp-json\/wp\/v2\/posts"}],"about":[{"href":"https:\/\/kapitalis.com\/tunisie\/wp-json\/wp\/v2\/types\/post"}],"author":[{"embeddable":true,"href":"https:\/\/kapitalis.com\/tunisie\/wp-json\/wp\/v2\/users\/8"}],"replies":[{"embeddable":true,"href":"https:\/\/kapitalis.com\/tunisie\/wp-json\/wp\/v2\/comments?post=141074"}],"version-history":[{"count":0,"href":"https:\/\/kapitalis.com\/tunisie\/wp-json\/wp\/v2\/posts\/141074\/revisions"}],"wp:attachment":[{"href":"https:\/\/kapitalis.com\/tunisie\/wp-json\/wp\/v2\/media?parent=141074"}],"wp:term":[{"taxonomy":"category","embeddable":true,"href":"https:\/\/kapitalis.com\/tunisie\/wp-json\/wp\/v2\/categories?post=141074"},{"taxonomy":"post_tag","embeddable":true,"href":"https:\/\/kapitalis.com\/tunisie\/wp-json\/wp\/v2\/tags?post=141074"}],"curies":[{"name":"wp","href":"https:\/\/api.w.org\/{rel}","templated":true}]}}