{"id":14116300,"date":"2024-10-04T07:02:30","date_gmt":"2024-10-04T06:02:30","guid":{"rendered":"https:\/\/kapitalis.com\/tunisie\/?p=14116300"},"modified":"2024-10-04T07:02:32","modified_gmt":"2024-10-04T06:02:32","slug":"linscription-de-la-muqaddima-sur-le-registre-memoire-du-monde-de-lunesco-sur-la-bonne-voie","status":"publish","type":"post","link":"https:\/\/kapitalis.com\/tunisie\/2024\/10\/04\/linscription-de-la-muqaddima-sur-le-registre-memoire-du-monde-de-lunesco-sur-la-bonne-voie\/","title":{"rendered":"L\u2019inscription de la \u00abMuqaddima\u00bb sur le registre \u00abM\u00e9moire du Monde\u00bb de l\u2019Unesco sur la bonne voie"},"content":{"rendered":"\n<p><strong><em>Apr\u00e8s une saison r\u00e9ussie consacr\u00e9e \u00e0 la promotion de l\u2019\u0153uvre scientifique et intellectuelle d\u2019Ibn Khaldun, la phase institutionnelle de la d\u00e9marche pour l\u2019inscription sur le registre de la m\u00e9moire du monde fut entam\u00e9e avec succ\u00e8s.<\/em><\/strong><\/p>\n\n\n\n<p><strong>Chiraz Ben Mrad<\/strong> *<\/p>\n\n\n\n<!--more-->\n\n\n\n<p>En effet, les principaux partenaires concern\u00e9s par ce dossier patrimonial ont r\u00e9agi positivement, \u00e0 commencer par la Commission nationale pour l\u2019Unesco pr\u00e9sid\u00e9e par le ministre de l\u2019\u00c9ducation nationale, ainsi que le comit\u00e9 tunisien du programme <em>\u00abM\u00e9moire du Monde\u00bb <\/em>aupr\u00e8s de l\u2019Unesco pr\u00e9sid\u00e9 par H\u00e9di Jalleb, directeur des Archives nationales.<\/p>\n\n\n\n<p>C\u2019est ce qui ressort de la s\u00e9rie de r\u00e9unions tenues par les animateurs du collectif universitaire de soutien \u00e0 l\u2019initiative.<\/p>\n\n\n\n<p>En effet, un accueil chaleureux et un engagement en faveur de l\u2019inscription furent r\u00e9serv\u00e9s \u00e0 la proposition tant par les institutions directement concern\u00e9es que par les diplomates tunisiens en charge de la diplomatie culturelle.<\/p>\n\n\n\n<p>Ceci a \u00e9t\u00e9 possible gr\u00e2ce \u00e0 l\u2019intense action de sensibilisation et de promotion culturelle men\u00e9e durant toute l\u2019ann\u00e9e 2024 par le collectif universitaire qui a mont\u00e9 des expositions \u00e0 Tunis et en France, organis\u00e9 des colloques et conf\u00e9rences et qui continue \u00e0 en faire un sujet d\u2019actualit\u00e9.<\/p>\n\n\n\n<h2 class=\"wp-block-heading\">Un travail pr\u00e9paratoire cons\u00e9quent<\/h2>\n\n\n\n<p>Notons que le collectif universitaire a men\u00e9 une campagne infatigable pour la collecte des copies num\u00e9riques des manuscrits de la <em>\u00abMuqaddima\u00bb<\/em> aupr\u00e8s des principales biblioth\u00e8ques du Monde, dont Tunis, Paris, Princeton, Londres, Leyden, le Caire et autres biblioth\u00e8ques centrales du monde.<\/p>\n\n\n\n<figure class=\"wp-block-embed is-type-wp-embed is-provider-kapitalis wp-block-embed-kapitalis\"><div class=\"wp-block-embed__wrapper\">\n<blockquote class=\"wp-embedded-content\" data-secret=\"xgrybTuy1W\"><a href=\"https:\/\/kapitalis.com\/tunisie\/2024\/04\/08\/la-muqaddima-dibn-khaldoun-sur-le-registre-de-la-memoire-du-monde-de-lunesco\/\">La \u2018\u2018Muqaddima\u2019\u2019 d\u2019Ibn Khaldoun sur le registre de la M\u00e9moire du Monde de l\u2019Unesco<\/a><\/blockquote><iframe loading=\"lazy\" class=\"wp-embedded-content\" sandbox=\"allow-scripts\" security=\"restricted\" style=\"position: absolute; visibility: hidden;\" title=\"\u00ab\u00a0La \u2018\u2018Muqaddima\u2019\u2019 d\u2019Ibn Khaldoun sur le registre de la M\u00e9moire du Monde de l\u2019Unesco\u00a0\u00bb &#8212; Kapitalis\" src=\"https:\/\/kapitalis.com\/tunisie\/2024\/04\/08\/la-muqaddima-dibn-khaldoun-sur-le-registre-de-la-memoire-du-monde-de-lunesco\/embed\/#?secret=jOinBcwXdz#?secret=xgrybTuy1W\" data-secret=\"xgrybTuy1W\" width=\"600\" height=\"338\" frameborder=\"0\" marginwidth=\"0\" marginheight=\"0\" scrolling=\"no\"><\/iframe>\n<\/div><\/figure>\n\n\n\n<p>De m\u00eame, les copies des premi\u00e8res traductions et \u00e9tudes sur Ibn Khaldun qui remontent aux XVIII<sup>e<\/sup> et XIX<sup>e<\/sup> si\u00e8cles sont d\u00e9j\u00e0 inventori\u00e9es et r\u00e9unies par le collectif.<\/p>\n\n\n\n<p>Tout en continuant son travail scientifique et de promotion, le collectif a entrepris les contacts utiles avec les partenaires potentiels en vue d\u2019une inscription conjointe de la <em>\u00abMuqaddima\u00bb<\/em>.<\/p>\n\n\n\n<p>En effet, l\u2019Unesco favorise les inscriptions conjointes des \u0153uvres de l\u2019esprit en se basant sur le principe de l\u2019universalit\u00e9 des ces \u0153uvres. La France, pays de la plus ancienne traduction fran\u00e7aise du XIX<sup>e<\/sup> si\u00e8cle et qui poss\u00e8de plusieurs manuscrits de la <em>\u00abMuqaddima\u00bb<\/em> dans les r\u00e9serves de la BNF a exprim\u00e9 par le biais de sa Commission pour l\u2019Unesco son soutien \u00e0 l\u2019initiative et sa disposition \u00e0 y adh\u00e9rer.<\/p>\n\n\n\n<h2 class=\"wp-block-heading\">Des partenaires \u00e9trangers pour une inscription conjointe<\/h2>\n\n\n\n<p>Reste \u00e0 voir avec d\u2019autres partenaires dont l\u2019Alg\u00e9rie, le Maroc, l\u2019\u00c9gypte et la Turquie et m\u00eame l\u2019Espagne qui a montr\u00e9 un int\u00e9r\u00eat pour Ibn Khaldun et son \u0153uvre.<\/p>\n\n\n\n<p>Le travail de finalisation du dossier commencera bient\u00f4t avec le concours de toutes les parties en vue d\u2019une pr\u00e9sentation de la candidature pr\u00e9vue pour l\u2019ann\u00e9e 2025.<\/p>\n\n\n\n<p>Bonne chance pour ce premier dossier d\u2019une \u0153uvre intellectuelle tunisienne de port\u00e9e universelle.<\/p>\n\n\n\n<p>* <em>Charg\u00e9e de la communication du projet d\u2019inscription de la \u00abMuqaddima\u00bb.<\/em><\/p>\n\n\n\n<figure class=\"wp-block-embed is-type-wp-embed is-provider-kapitalis wp-block-embed-kapitalis\"><div class=\"wp-block-embed__wrapper\">\n<blockquote class=\"wp-embedded-content\" data-secret=\"BbWDj6K9R4\"><a href=\"https:\/\/kapitalis.com\/tunisie\/2024\/05\/27\/la-muqaddima-dibn-khaldoun-sur-le-registre-de-la-memoire-du-monde\/\">La Muqaddima d\u2019Ibn Khaldoun, sur le registre de la M\u00e9moire du Monde<\/a><\/blockquote><iframe loading=\"lazy\" class=\"wp-embedded-content\" sandbox=\"allow-scripts\" security=\"restricted\" style=\"position: absolute; visibility: hidden;\" title=\"\u00ab\u00a0La Muqaddima d\u2019Ibn Khaldoun, sur le registre de la M\u00e9moire du Monde\u00a0\u00bb &#8212; Kapitalis\" src=\"https:\/\/kapitalis.com\/tunisie\/2024\/05\/27\/la-muqaddima-dibn-khaldoun-sur-le-registre-de-la-memoire-du-monde\/embed\/#?secret=3YWeqVLVYM#?secret=BbWDj6K9R4\" data-secret=\"BbWDj6K9R4\" width=\"600\" height=\"338\" frameborder=\"0\" marginwidth=\"0\" marginheight=\"0\" scrolling=\"no\"><\/iframe>\n<\/div><\/figure>\n","protected":false},"excerpt":{"rendered":"<p>L\u2019inscription de la Muqaddima d&rsquo;Ibn Khaldoun sur le registre de la m\u00e9moire du monde de l&rsquo;Unesco est en bonne voie. <\/p>\n","protected":false},"author":8,"featured_media":14116328,"comment_status":"open","ping_status":"open","sticky":false,"template":"","format":"standard","meta":{"footnotes":""},"categories":[992,994,2433],"tags":[115874,100935,1068],"class_list":["post-14116300","post","type-post","status-publish","format-standard","has-post-thumbnail","hentry","category-a-la-une","category-culture","category-tunisie","tag-ibn-khaldun","tag-muqaddima","tag-unesco"],"yoast_head":"<!-- This site is optimized with the Yoast SEO plugin v26.6 - https:\/\/yoast.com\/wordpress\/plugins\/seo\/ -->\n<title>L\u2019inscription de la \u00abMuqaddima\u00bb sur le registre \u00abM\u00e9moire du Monde\u00bb de l\u2019Unesco sur la bonne voie - Kapitalis<\/title>\n<meta name=\"robots\" content=\"index, follow, max-snippet:-1, max-image-preview:large, max-video-preview:-1\" \/>\n<link rel=\"canonical\" href=\"https:\/\/kapitalis.com\/tunisie\/2024\/10\/04\/linscription-de-la-muqaddima-sur-le-registre-memoire-du-monde-de-lunesco-sur-la-bonne-voie\/\" \/>\n<meta property=\"og:locale\" content=\"fr_FR\" \/>\n<meta property=\"og:type\" content=\"article\" \/>\n<meta property=\"og:title\" content=\"L\u2019inscription de la \u00abMuqaddima\u00bb sur le registre \u00abM\u00e9moire du Monde\u00bb de l\u2019Unesco sur la bonne voie - Kapitalis\" \/>\n<meta property=\"og:description\" content=\"L\u2019inscription de la Muqaddima d&#039;Ibn Khaldoun sur le registre de la m\u00e9moire du monde de l&#039;Unesco est en bonne voie.\" \/>\n<meta property=\"og:url\" content=\"https:\/\/kapitalis.com\/tunisie\/2024\/10\/04\/linscription-de-la-muqaddima-sur-le-registre-memoire-du-monde-de-lunesco-sur-la-bonne-voie\/\" \/>\n<meta property=\"og:site_name\" content=\"Kapitalis\" \/>\n<meta property=\"article:publisher\" content=\"https:\/\/www.facebook.com\/KapitalisInfo\/\" \/>\n<meta property=\"article:published_time\" content=\"2024-10-04T06:02:30+00:00\" \/>\n<meta property=\"article:modified_time\" content=\"2024-10-04T06:02:32+00:00\" \/>\n<meta property=\"og:image\" content=\"https:\/\/kapitalis.com\/tunisie\/wp-content\/uploads\/2024\/10\/Ibn-Khaldoun.jpg\" \/>\n\t<meta property=\"og:image:width\" content=\"1200\" \/>\n\t<meta property=\"og:image:height\" content=\"630\" \/>\n\t<meta property=\"og:image:type\" content=\"image\/jpeg\" \/>\n<meta name=\"author\" content=\"webmaster kapitalis\" \/>\n<meta name=\"twitter:card\" content=\"summary_large_image\" \/>\n<meta name=\"twitter:creator\" content=\"@KapitalisInfo\" \/>\n<meta name=\"twitter:site\" content=\"@KapitalisInfo\" \/>\n<meta name=\"twitter:label1\" content=\"\u00c9crit par\" \/>\n\t<meta name=\"twitter:data1\" content=\"webmaster kapitalis\" \/>\n\t<meta name=\"twitter:label2\" content=\"Dur\u00e9e de lecture estim\u00e9e\" \/>\n\t<meta name=\"twitter:data2\" content=\"3 minutes\" \/>\n<script type=\"application\/ld+json\" class=\"yoast-schema-graph\">{\"@context\":\"https:\/\/schema.org\",\"@graph\":[{\"@type\":\"Article\",\"@id\":\"https:\/\/kapitalis.com\/tunisie\/2024\/10\/04\/linscription-de-la-muqaddima-sur-le-registre-memoire-du-monde-de-lunesco-sur-la-bonne-voie\/#article\",\"isPartOf\":{\"@id\":\"https:\/\/kapitalis.com\/tunisie\/2024\/10\/04\/linscription-de-la-muqaddima-sur-le-registre-memoire-du-monde-de-lunesco-sur-la-bonne-voie\/\"},\"author\":{\"name\":\"webmaster kapitalis\",\"@id\":\"https:\/\/kapitalis.com\/tunisie\/#\/schema\/person\/d71f33a9ca44f7bad4698210b480c8e9\"},\"headline\":\"L\u2019inscription de la \u00abMuqaddima\u00bb sur le registre \u00abM\u00e9moire du Monde\u00bb de l\u2019Unesco sur la bonne voie\",\"datePublished\":\"2024-10-04T06:02:30+00:00\",\"dateModified\":\"2024-10-04T06:02:32+00:00\",\"mainEntityOfPage\":{\"@id\":\"https:\/\/kapitalis.com\/tunisie\/2024\/10\/04\/linscription-de-la-muqaddima-sur-le-registre-memoire-du-monde-de-lunesco-sur-la-bonne-voie\/\"},\"wordCount\":534,\"commentCount\":0,\"publisher\":{\"@id\":\"https:\/\/kapitalis.com\/tunisie\/#organization\"},\"image\":{\"@id\":\"https:\/\/kapitalis.com\/tunisie\/2024\/10\/04\/linscription-de-la-muqaddima-sur-le-registre-memoire-du-monde-de-lunesco-sur-la-bonne-voie\/#primaryimage\"},\"thumbnailUrl\":\"https:\/\/kapitalis.com\/tunisie\/wp-content\/uploads\/2024\/10\/Ibn-Khaldoun.jpg\",\"keywords\":[\"Ibn Khaldun\",\"Muqaddima\",\"Unesco\"],\"articleSection\":[\"A LA UNE\",\"CULTURE\",\"Tunisie\"],\"inLanguage\":\"fr-FR\",\"potentialAction\":[{\"@type\":\"CommentAction\",\"name\":\"Comment\",\"target\":[\"https:\/\/kapitalis.com\/tunisie\/2024\/10\/04\/linscription-de-la-muqaddima-sur-le-registre-memoire-du-monde-de-lunesco-sur-la-bonne-voie\/#respond\"]}]},{\"@type\":\"WebPage\",\"@id\":\"https:\/\/kapitalis.com\/tunisie\/2024\/10\/04\/linscription-de-la-muqaddima-sur-le-registre-memoire-du-monde-de-lunesco-sur-la-bonne-voie\/\",\"url\":\"https:\/\/kapitalis.com\/tunisie\/2024\/10\/04\/linscription-de-la-muqaddima-sur-le-registre-memoire-du-monde-de-lunesco-sur-la-bonne-voie\/\",\"name\":\"L\u2019inscription de la \u00abMuqaddima\u00bb sur le registre \u00abM\u00e9moire du Monde\u00bb de l\u2019Unesco sur la bonne voie - Kapitalis\",\"isPartOf\":{\"@id\":\"https:\/\/kapitalis.com\/tunisie\/#website\"},\"primaryImageOfPage\":{\"@id\":\"https:\/\/kapitalis.com\/tunisie\/2024\/10\/04\/linscription-de-la-muqaddima-sur-le-registre-memoire-du-monde-de-lunesco-sur-la-bonne-voie\/#primaryimage\"},\"image\":{\"@id\":\"https:\/\/kapitalis.com\/tunisie\/2024\/10\/04\/linscription-de-la-muqaddima-sur-le-registre-memoire-du-monde-de-lunesco-sur-la-bonne-voie\/#primaryimage\"},\"thumbnailUrl\":\"https:\/\/kapitalis.com\/tunisie\/wp-content\/uploads\/2024\/10\/Ibn-Khaldoun.jpg\",\"datePublished\":\"2024-10-04T06:02:30+00:00\",\"dateModified\":\"2024-10-04T06:02:32+00:00\",\"breadcrumb\":{\"@id\":\"https:\/\/kapitalis.com\/tunisie\/2024\/10\/04\/linscription-de-la-muqaddima-sur-le-registre-memoire-du-monde-de-lunesco-sur-la-bonne-voie\/#breadcrumb\"},\"inLanguage\":\"fr-FR\",\"potentialAction\":[{\"@type\":\"ReadAction\",\"target\":[\"https:\/\/kapitalis.com\/tunisie\/2024\/10\/04\/linscription-de-la-muqaddima-sur-le-registre-memoire-du-monde-de-lunesco-sur-la-bonne-voie\/\"]}]},{\"@type\":\"ImageObject\",\"inLanguage\":\"fr-FR\",\"@id\":\"https:\/\/kapitalis.com\/tunisie\/2024\/10\/04\/linscription-de-la-muqaddima-sur-le-registre-memoire-du-monde-de-lunesco-sur-la-bonne-voie\/#primaryimage\",\"url\":\"https:\/\/kapitalis.com\/tunisie\/wp-content\/uploads\/2024\/10\/Ibn-Khaldoun.jpg\",\"contentUrl\":\"https:\/\/kapitalis.com\/tunisie\/wp-content\/uploads\/2024\/10\/Ibn-Khaldoun.jpg\",\"width\":1200,\"height\":630},{\"@type\":\"BreadcrumbList\",\"@id\":\"https:\/\/kapitalis.com\/tunisie\/2024\/10\/04\/linscription-de-la-muqaddima-sur-le-registre-memoire-du-monde-de-lunesco-sur-la-bonne-voie\/#breadcrumb\",\"itemListElement\":[{\"@type\":\"ListItem\",\"position\":1,\"name\":\"Accueil\",\"item\":\"https:\/\/kapitalis.com\/tunisie\/\"},{\"@type\":\"ListItem\",\"position\":2,\"name\":\"L\u2019inscription de la \u00abMuqaddima\u00bb sur le registre \u00abM\u00e9moire du Monde\u00bb de l\u2019Unesco sur la bonne voie\"}]},{\"@type\":\"WebSite\",\"@id\":\"https:\/\/kapitalis.com\/tunisie\/#website\",\"url\":\"https:\/\/kapitalis.com\/tunisie\/\",\"name\":\"Kapitalis\",\"description\":\"L&#039;actualit\u00e9 en Tunisie et dans le monde\",\"publisher\":{\"@id\":\"https:\/\/kapitalis.com\/tunisie\/#organization\"},\"potentialAction\":[{\"@type\":\"SearchAction\",\"target\":{\"@type\":\"EntryPoint\",\"urlTemplate\":\"https:\/\/kapitalis.com\/tunisie\/?s={search_term_string}\"},\"query-input\":{\"@type\":\"PropertyValueSpecification\",\"valueRequired\":true,\"valueName\":\"search_term_string\"}}],\"inLanguage\":\"fr-FR\"},{\"@type\":\"Organization\",\"@id\":\"https:\/\/kapitalis.com\/tunisie\/#organization\",\"name\":\"Kapitalis\",\"url\":\"https:\/\/kapitalis.com\/tunisie\/\",\"logo\":{\"@type\":\"ImageObject\",\"inLanguage\":\"fr-FR\",\"@id\":\"https:\/\/kapitalis.com\/tunisie\/#\/schema\/logo\/image\/\",\"url\":\"https:\/\/kapitalis.com\/tunisie\/wp-content\/uploads\/2022\/05\/Kapitalis-big-size.png\",\"contentUrl\":\"https:\/\/kapitalis.com\/tunisie\/wp-content\/uploads\/2022\/05\/Kapitalis-big-size.png\",\"width\":5000,\"height\":1500,\"caption\":\"Kapitalis\"},\"image\":{\"@id\":\"https:\/\/kapitalis.com\/tunisie\/#\/schema\/logo\/image\/\"},\"sameAs\":[\"https:\/\/www.facebook.com\/KapitalisInfo\/\",\"https:\/\/x.com\/KapitalisInfo\",\"https:\/\/www.youtube.com\/channel\/UC-yDYrHyfFBWWZaOw3FPg9Q\"]},{\"@type\":\"Person\",\"@id\":\"https:\/\/kapitalis.com\/tunisie\/#\/schema\/person\/d71f33a9ca44f7bad4698210b480c8e9\",\"name\":\"webmaster kapitalis\",\"url\":\"https:\/\/kapitalis.com\/tunisie\/author\/webmaster-kapitalis\/\"}]}<\/script>\n<!-- \/ Yoast SEO plugin. -->","yoast_head_json":{"title":"L\u2019inscription de la \u00abMuqaddima\u00bb sur le registre \u00abM\u00e9moire du Monde\u00bb de l\u2019Unesco sur la bonne voie - Kapitalis","robots":{"index":"index","follow":"follow","max-snippet":"max-snippet:-1","max-image-preview":"max-image-preview:large","max-video-preview":"max-video-preview:-1"},"canonical":"https:\/\/kapitalis.com\/tunisie\/2024\/10\/04\/linscription-de-la-muqaddima-sur-le-registre-memoire-du-monde-de-lunesco-sur-la-bonne-voie\/","og_locale":"fr_FR","og_type":"article","og_title":"L\u2019inscription de la \u00abMuqaddima\u00bb sur le registre \u00abM\u00e9moire du Monde\u00bb de l\u2019Unesco sur la bonne voie - Kapitalis","og_description":"L\u2019inscription de la Muqaddima d'Ibn Khaldoun sur le registre de la m\u00e9moire du monde de l'Unesco est en bonne voie.","og_url":"https:\/\/kapitalis.com\/tunisie\/2024\/10\/04\/linscription-de-la-muqaddima-sur-le-registre-memoire-du-monde-de-lunesco-sur-la-bonne-voie\/","og_site_name":"Kapitalis","article_publisher":"https:\/\/www.facebook.com\/KapitalisInfo\/","article_published_time":"2024-10-04T06:02:30+00:00","article_modified_time":"2024-10-04T06:02:32+00:00","og_image":[{"width":1200,"height":630,"url":"https:\/\/kapitalis.com\/tunisie\/wp-content\/uploads\/2024\/10\/Ibn-Khaldoun.jpg","type":"image\/jpeg"}],"author":"webmaster kapitalis","twitter_card":"summary_large_image","twitter_creator":"@KapitalisInfo","twitter_site":"@KapitalisInfo","twitter_misc":{"\u00c9crit par":"webmaster kapitalis","Dur\u00e9e de lecture estim\u00e9e":"3 minutes"},"schema":{"@context":"https:\/\/schema.org","@graph":[{"@type":"Article","@id":"https:\/\/kapitalis.com\/tunisie\/2024\/10\/04\/linscription-de-la-muqaddima-sur-le-registre-memoire-du-monde-de-lunesco-sur-la-bonne-voie\/#article","isPartOf":{"@id":"https:\/\/kapitalis.com\/tunisie\/2024\/10\/04\/linscription-de-la-muqaddima-sur-le-registre-memoire-du-monde-de-lunesco-sur-la-bonne-voie\/"},"author":{"name":"webmaster kapitalis","@id":"https:\/\/kapitalis.com\/tunisie\/#\/schema\/person\/d71f33a9ca44f7bad4698210b480c8e9"},"headline":"L\u2019inscription de la \u00abMuqaddima\u00bb sur le registre \u00abM\u00e9moire du Monde\u00bb de l\u2019Unesco sur la bonne voie","datePublished":"2024-10-04T06:02:30+00:00","dateModified":"2024-10-04T06:02:32+00:00","mainEntityOfPage":{"@id":"https:\/\/kapitalis.com\/tunisie\/2024\/10\/04\/linscription-de-la-muqaddima-sur-le-registre-memoire-du-monde-de-lunesco-sur-la-bonne-voie\/"},"wordCount":534,"commentCount":0,"publisher":{"@id":"https:\/\/kapitalis.com\/tunisie\/#organization"},"image":{"@id":"https:\/\/kapitalis.com\/tunisie\/2024\/10\/04\/linscription-de-la-muqaddima-sur-le-registre-memoire-du-monde-de-lunesco-sur-la-bonne-voie\/#primaryimage"},"thumbnailUrl":"https:\/\/kapitalis.com\/tunisie\/wp-content\/uploads\/2024\/10\/Ibn-Khaldoun.jpg","keywords":["Ibn Khaldun","Muqaddima","Unesco"],"articleSection":["A LA UNE","CULTURE","Tunisie"],"inLanguage":"fr-FR","potentialAction":[{"@type":"CommentAction","name":"Comment","target":["https:\/\/kapitalis.com\/tunisie\/2024\/10\/04\/linscription-de-la-muqaddima-sur-le-registre-memoire-du-monde-de-lunesco-sur-la-bonne-voie\/#respond"]}]},{"@type":"WebPage","@id":"https:\/\/kapitalis.com\/tunisie\/2024\/10\/04\/linscription-de-la-muqaddima-sur-le-registre-memoire-du-monde-de-lunesco-sur-la-bonne-voie\/","url":"https:\/\/kapitalis.com\/tunisie\/2024\/10\/04\/linscription-de-la-muqaddima-sur-le-registre-memoire-du-monde-de-lunesco-sur-la-bonne-voie\/","name":"L\u2019inscription de la \u00abMuqaddima\u00bb sur le registre \u00abM\u00e9moire du Monde\u00bb de l\u2019Unesco sur la bonne voie - Kapitalis","isPartOf":{"@id":"https:\/\/kapitalis.com\/tunisie\/#website"},"primaryImageOfPage":{"@id":"https:\/\/kapitalis.com\/tunisie\/2024\/10\/04\/linscription-de-la-muqaddima-sur-le-registre-memoire-du-monde-de-lunesco-sur-la-bonne-voie\/#primaryimage"},"image":{"@id":"https:\/\/kapitalis.com\/tunisie\/2024\/10\/04\/linscription-de-la-muqaddima-sur-le-registre-memoire-du-monde-de-lunesco-sur-la-bonne-voie\/#primaryimage"},"thumbnailUrl":"https:\/\/kapitalis.com\/tunisie\/wp-content\/uploads\/2024\/10\/Ibn-Khaldoun.jpg","datePublished":"2024-10-04T06:02:30+00:00","dateModified":"2024-10-04T06:02:32+00:00","breadcrumb":{"@id":"https:\/\/kapitalis.com\/tunisie\/2024\/10\/04\/linscription-de-la-muqaddima-sur-le-registre-memoire-du-monde-de-lunesco-sur-la-bonne-voie\/#breadcrumb"},"inLanguage":"fr-FR","potentialAction":[{"@type":"ReadAction","target":["https:\/\/kapitalis.com\/tunisie\/2024\/10\/04\/linscription-de-la-muqaddima-sur-le-registre-memoire-du-monde-de-lunesco-sur-la-bonne-voie\/"]}]},{"@type":"ImageObject","inLanguage":"fr-FR","@id":"https:\/\/kapitalis.com\/tunisie\/2024\/10\/04\/linscription-de-la-muqaddima-sur-le-registre-memoire-du-monde-de-lunesco-sur-la-bonne-voie\/#primaryimage","url":"https:\/\/kapitalis.com\/tunisie\/wp-content\/uploads\/2024\/10\/Ibn-Khaldoun.jpg","contentUrl":"https:\/\/kapitalis.com\/tunisie\/wp-content\/uploads\/2024\/10\/Ibn-Khaldoun.jpg","width":1200,"height":630},{"@type":"BreadcrumbList","@id":"https:\/\/kapitalis.com\/tunisie\/2024\/10\/04\/linscription-de-la-muqaddima-sur-le-registre-memoire-du-monde-de-lunesco-sur-la-bonne-voie\/#breadcrumb","itemListElement":[{"@type":"ListItem","position":1,"name":"Accueil","item":"https:\/\/kapitalis.com\/tunisie\/"},{"@type":"ListItem","position":2,"name":"L\u2019inscription de la \u00abMuqaddima\u00bb sur le registre \u00abM\u00e9moire du Monde\u00bb de l\u2019Unesco sur la bonne voie"}]},{"@type":"WebSite","@id":"https:\/\/kapitalis.com\/tunisie\/#website","url":"https:\/\/kapitalis.com\/tunisie\/","name":"Kapitalis","description":"L&#039;actualit\u00e9 en Tunisie et dans le monde","publisher":{"@id":"https:\/\/kapitalis.com\/tunisie\/#organization"},"potentialAction":[{"@type":"SearchAction","target":{"@type":"EntryPoint","urlTemplate":"https:\/\/kapitalis.com\/tunisie\/?s={search_term_string}"},"query-input":{"@type":"PropertyValueSpecification","valueRequired":true,"valueName":"search_term_string"}}],"inLanguage":"fr-FR"},{"@type":"Organization","@id":"https:\/\/kapitalis.com\/tunisie\/#organization","name":"Kapitalis","url":"https:\/\/kapitalis.com\/tunisie\/","logo":{"@type":"ImageObject","inLanguage":"fr-FR","@id":"https:\/\/kapitalis.com\/tunisie\/#\/schema\/logo\/image\/","url":"https:\/\/kapitalis.com\/tunisie\/wp-content\/uploads\/2022\/05\/Kapitalis-big-size.png","contentUrl":"https:\/\/kapitalis.com\/tunisie\/wp-content\/uploads\/2022\/05\/Kapitalis-big-size.png","width":5000,"height":1500,"caption":"Kapitalis"},"image":{"@id":"https:\/\/kapitalis.com\/tunisie\/#\/schema\/logo\/image\/"},"sameAs":["https:\/\/www.facebook.com\/KapitalisInfo\/","https:\/\/x.com\/KapitalisInfo","https:\/\/www.youtube.com\/channel\/UC-yDYrHyfFBWWZaOw3FPg9Q"]},{"@type":"Person","@id":"https:\/\/kapitalis.com\/tunisie\/#\/schema\/person\/d71f33a9ca44f7bad4698210b480c8e9","name":"webmaster kapitalis","url":"https:\/\/kapitalis.com\/tunisie\/author\/webmaster-kapitalis\/"}]}},"_links":{"self":[{"href":"https:\/\/kapitalis.com\/tunisie\/wp-json\/wp\/v2\/posts\/14116300","targetHints":{"allow":["GET"]}}],"collection":[{"href":"https:\/\/kapitalis.com\/tunisie\/wp-json\/wp\/v2\/posts"}],"about":[{"href":"https:\/\/kapitalis.com\/tunisie\/wp-json\/wp\/v2\/types\/post"}],"author":[{"embeddable":true,"href":"https:\/\/kapitalis.com\/tunisie\/wp-json\/wp\/v2\/users\/8"}],"replies":[{"embeddable":true,"href":"https:\/\/kapitalis.com\/tunisie\/wp-json\/wp\/v2\/comments?post=14116300"}],"version-history":[{"count":1,"href":"https:\/\/kapitalis.com\/tunisie\/wp-json\/wp\/v2\/posts\/14116300\/revisions"}],"predecessor-version":[{"id":14116334,"href":"https:\/\/kapitalis.com\/tunisie\/wp-json\/wp\/v2\/posts\/14116300\/revisions\/14116334"}],"wp:featuredmedia":[{"embeddable":true,"href":"https:\/\/kapitalis.com\/tunisie\/wp-json\/wp\/v2\/media\/14116328"}],"wp:attachment":[{"href":"https:\/\/kapitalis.com\/tunisie\/wp-json\/wp\/v2\/media?parent=14116300"}],"wp:term":[{"taxonomy":"category","embeddable":true,"href":"https:\/\/kapitalis.com\/tunisie\/wp-json\/wp\/v2\/categories?post=14116300"},{"taxonomy":"post_tag","embeddable":true,"href":"https:\/\/kapitalis.com\/tunisie\/wp-json\/wp\/v2\/tags?post=14116300"}],"curies":[{"name":"wp","href":"https:\/\/api.w.org\/{rel}","templated":true}]}}