{"id":14121787,"date":"2024-10-05T07:29:02","date_gmt":"2024-10-05T06:29:02","guid":{"rendered":"https:\/\/kapitalis.com\/tunisie\/?p=14121787"},"modified":"2024-10-05T07:29:04","modified_gmt":"2024-10-05T06:29:04","slug":"lotfi-achour-et-meryam-joobeur-primes-au-fiff-namur-2024","status":"publish","type":"post","link":"https:\/\/kapitalis.com\/tunisie\/2024\/10\/05\/lotfi-achour-et-meryam-joobeur-primes-au-fiff-namur-2024\/","title":{"rendered":"Lotfi Achour et Meryam Joobeur prim\u00e9s au FIFF Namur 2024"},"content":{"rendered":"\n<p><strong><em>Le film \u2018\u2018Les enfants rouges\u2019\u2019 (Tunisie\/Belgique\/France) du r\u00e9alisateur tunisien Lotfi Achour a \u00e9t\u00e9 couronn\u00e9 du Bayard d\u2019Or du meilleur film de la 39e \u00e9dition du Festival international du film francophone de Namur (FIFF Namur) qui s\u2019est d\u00e9roul\u00e9e du 27 septembre au 4 octobre 2024 au c\u0153ur de la capitale wallonne.&nbsp;<\/em><\/strong><\/p>\n\n\n\n<!--more-->\n\n\n\n<p>Le film de 1h38 <em>\u00abest bas\u00e9 sur une histoire vraie, cruelle, qui \u00e9volue entre duret\u00e9 et douceur dans un onirisme po\u00e9tique \u00e9pousant l&rsquo;imagination d&rsquo;un enfant confront\u00e9 \u00e0 une incompr\u00e9hensible injustice\u00bb<\/em>, lit-on dans sa pr\u00e9sentation. <\/p>\n\n\n\n<p>Outre la distinction, Eye-lite offre 14 000\u20ac \u00e0 la bo\u00eete de distribution pour la promotion et la diffusion en salles commerciales en Belgique.<\/p>\n\n\n\n<p>Le Bayard de la meilleure 1<sup>\u00e8re<\/sup> \u0153uvre a distingu\u00e9 le film<em> \u2018\u2018L\u00e0 d\u2019o\u00f9 l\u2019on vient\u2019\u2019<\/em> ou<em> \u2018\u2018M\u00e9 el A\u00efn\u2019\u2019 <\/em>(Tunisie\/Qu\u00e9bec\/France) de la la r\u00e9alisatrice tunisienne Meryam Joobeur.<\/p>\n\n\n\n<p>La F\u00e9d\u00e9ration Wallonie-Bruxelles offre 7 500\u20ac pour la promotion et la diffusion en salles commerciales en Belgique au distributeur (localis\u00e9 en Wallonie ou \u00e0 Bruxelles), ou 4 000\u20ac dans le cadre d\u2019une sortie \u00e9v\u00e9nementielle au producteur, coproducteur ou distributeur (localis\u00e9 en Wallonie ou \u00e0 Bruxelles). Et BNP Paribas Fortis offre 5 000\u20ac au distributeur belge pour une aide \u00e0 la promotion du film prim\u00e9.&nbsp;<\/p>\n\n\n\n<p>Par ailleurs, Wojciech Staron, chef op\u00e9rateur du film<em> \u2018\u2018Les enfants rouges\u2019\u2019<\/em> s\u2019est vu d\u00e9cerner le Bayard de la meilleure photographie, soutenu par la Soci\u00e9t\u00e9 belge des cin\u00e9matogtaphes (SBC). D\u2019une valeur de 5&nbsp;000\u20ac en location de mat\u00e9riel au directeur de la photographie.<\/p>\n\n\n\n<p class=\"has-text-align-right\"><strong>I. B.<\/strong><\/p>\n","protected":false},"excerpt":{"rendered":"<p>Lotfi Achour et Meryam Joobeur distingu\u00e9s \u00e0 la 39e \u00e9dition du Festival international du film francophone de Namur.  <\/p>\n","protected":false},"author":8,"featured_media":14121837,"comment_status":"open","ping_status":"open","sticky":false,"template":"","format":"standard","meta":{"footnotes":""},"categories":[994,2433],"tags":[118250,103504,118247,118249,16796,118248,68851,118246],"class_list":["post-14121787","post","type-post","status-publish","format-standard","has-post-thumbnail","hentry","category-culture","category-tunisie","tag-bayard-dor-2","tag-fiff-namur","tag-la-dou-lon-vient","tag-les-enfants-rouges","tag-lotfi-achour","tag-me-el-ain","tag-meryam-joobeur","tag-wojciech-staron"],"yoast_head":"<!-- This site is optimized with the Yoast SEO plugin v26.6 - https:\/\/yoast.com\/wordpress\/plugins\/seo\/ -->\n<title>Lotfi Achour et Meryam Joobeur prim\u00e9s au FIFF Namur 2024 - Kapitalis<\/title>\n<meta name=\"robots\" content=\"index, follow, max-snippet:-1, max-image-preview:large, max-video-preview:-1\" \/>\n<link rel=\"canonical\" href=\"https:\/\/kapitalis.com\/tunisie\/2024\/10\/05\/lotfi-achour-et-meryam-joobeur-primes-au-fiff-namur-2024\/\" \/>\n<meta property=\"og:locale\" content=\"fr_FR\" \/>\n<meta property=\"og:type\" content=\"article\" \/>\n<meta property=\"og:title\" content=\"Lotfi Achour et Meryam Joobeur prim\u00e9s au FIFF Namur 2024 - Kapitalis\" \/>\n<meta property=\"og:description\" content=\"Lotfi Achour et Meryam Joobeur distingu\u00e9s \u00e0 la 39e \u00e9dition du Festival international du film francophone de Namur.\" \/>\n<meta property=\"og:url\" content=\"https:\/\/kapitalis.com\/tunisie\/2024\/10\/05\/lotfi-achour-et-meryam-joobeur-primes-au-fiff-namur-2024\/\" \/>\n<meta property=\"og:site_name\" content=\"Kapitalis\" \/>\n<meta property=\"article:publisher\" content=\"https:\/\/www.facebook.com\/KapitalisInfo\/\" \/>\n<meta property=\"article:published_time\" content=\"2024-10-05T06:29:02+00:00\" \/>\n<meta property=\"article:modified_time\" content=\"2024-10-05T06:29:04+00:00\" \/>\n<meta property=\"og:image\" content=\"https:\/\/kapitalis.com\/tunisie\/wp-content\/uploads\/2024\/10\/Meryam-Joobeur-Lotfi-Achour.jpg\" \/>\n\t<meta property=\"og:image:width\" content=\"1200\" \/>\n\t<meta property=\"og:image:height\" content=\"630\" \/>\n\t<meta property=\"og:image:type\" content=\"image\/jpeg\" \/>\n<meta name=\"author\" content=\"webmaster kapitalis\" \/>\n<meta name=\"twitter:card\" content=\"summary_large_image\" \/>\n<meta name=\"twitter:creator\" content=\"@KapitalisInfo\" \/>\n<meta name=\"twitter:site\" content=\"@KapitalisInfo\" \/>\n<meta name=\"twitter:label1\" content=\"\u00c9crit par\" \/>\n\t<meta name=\"twitter:data1\" content=\"webmaster kapitalis\" \/>\n\t<meta name=\"twitter:label2\" content=\"Dur\u00e9e de lecture estim\u00e9e\" \/>\n\t<meta name=\"twitter:data2\" content=\"2 minutes\" \/>\n<script type=\"application\/ld+json\" class=\"yoast-schema-graph\">{\"@context\":\"https:\/\/schema.org\",\"@graph\":[{\"@type\":\"Article\",\"@id\":\"https:\/\/kapitalis.com\/tunisie\/2024\/10\/05\/lotfi-achour-et-meryam-joobeur-primes-au-fiff-namur-2024\/#article\",\"isPartOf\":{\"@id\":\"https:\/\/kapitalis.com\/tunisie\/2024\/10\/05\/lotfi-achour-et-meryam-joobeur-primes-au-fiff-namur-2024\/\"},\"author\":{\"name\":\"webmaster kapitalis\",\"@id\":\"https:\/\/kapitalis.com\/tunisie\/#\/schema\/person\/d71f33a9ca44f7bad4698210b480c8e9\"},\"headline\":\"Lotfi Achour et Meryam Joobeur prim\u00e9s au FIFF Namur 2024\",\"datePublished\":\"2024-10-05T06:29:02+00:00\",\"dateModified\":\"2024-10-05T06:29:04+00:00\",\"mainEntityOfPage\":{\"@id\":\"https:\/\/kapitalis.com\/tunisie\/2024\/10\/05\/lotfi-achour-et-meryam-joobeur-primes-au-fiff-namur-2024\/\"},\"wordCount\":267,\"commentCount\":0,\"publisher\":{\"@id\":\"https:\/\/kapitalis.com\/tunisie\/#organization\"},\"image\":{\"@id\":\"https:\/\/kapitalis.com\/tunisie\/2024\/10\/05\/lotfi-achour-et-meryam-joobeur-primes-au-fiff-namur-2024\/#primaryimage\"},\"thumbnailUrl\":\"https:\/\/kapitalis.com\/tunisie\/wp-content\/uploads\/2024\/10\/Meryam-Joobeur-Lotfi-Achour.jpg\",\"keywords\":[\"Bayard d\u2019Or\",\"FIFF Namur\",\"L\u00e0 d\u2019o\u00f9 l\u2019on vient\",\"Les enfants rouges\",\"Lotfi Achour\",\"M\u00e9 el A\u00efn\",\"Meryam Joobeur\",\"Wojciech Staron\"],\"articleSection\":[\"CULTURE\",\"Tunisie\"],\"inLanguage\":\"fr-FR\",\"potentialAction\":[{\"@type\":\"CommentAction\",\"name\":\"Comment\",\"target\":[\"https:\/\/kapitalis.com\/tunisie\/2024\/10\/05\/lotfi-achour-et-meryam-joobeur-primes-au-fiff-namur-2024\/#respond\"]}]},{\"@type\":\"WebPage\",\"@id\":\"https:\/\/kapitalis.com\/tunisie\/2024\/10\/05\/lotfi-achour-et-meryam-joobeur-primes-au-fiff-namur-2024\/\",\"url\":\"https:\/\/kapitalis.com\/tunisie\/2024\/10\/05\/lotfi-achour-et-meryam-joobeur-primes-au-fiff-namur-2024\/\",\"name\":\"Lotfi Achour et Meryam Joobeur prim\u00e9s au FIFF Namur 2024 - Kapitalis\",\"isPartOf\":{\"@id\":\"https:\/\/kapitalis.com\/tunisie\/#website\"},\"primaryImageOfPage\":{\"@id\":\"https:\/\/kapitalis.com\/tunisie\/2024\/10\/05\/lotfi-achour-et-meryam-joobeur-primes-au-fiff-namur-2024\/#primaryimage\"},\"image\":{\"@id\":\"https:\/\/kapitalis.com\/tunisie\/2024\/10\/05\/lotfi-achour-et-meryam-joobeur-primes-au-fiff-namur-2024\/#primaryimage\"},\"thumbnailUrl\":\"https:\/\/kapitalis.com\/tunisie\/wp-content\/uploads\/2024\/10\/Meryam-Joobeur-Lotfi-Achour.jpg\",\"datePublished\":\"2024-10-05T06:29:02+00:00\",\"dateModified\":\"2024-10-05T06:29:04+00:00\",\"breadcrumb\":{\"@id\":\"https:\/\/kapitalis.com\/tunisie\/2024\/10\/05\/lotfi-achour-et-meryam-joobeur-primes-au-fiff-namur-2024\/#breadcrumb\"},\"inLanguage\":\"fr-FR\",\"potentialAction\":[{\"@type\":\"ReadAction\",\"target\":[\"https:\/\/kapitalis.com\/tunisie\/2024\/10\/05\/lotfi-achour-et-meryam-joobeur-primes-au-fiff-namur-2024\/\"]}]},{\"@type\":\"ImageObject\",\"inLanguage\":\"fr-FR\",\"@id\":\"https:\/\/kapitalis.com\/tunisie\/2024\/10\/05\/lotfi-achour-et-meryam-joobeur-primes-au-fiff-namur-2024\/#primaryimage\",\"url\":\"https:\/\/kapitalis.com\/tunisie\/wp-content\/uploads\/2024\/10\/Meryam-Joobeur-Lotfi-Achour.jpg\",\"contentUrl\":\"https:\/\/kapitalis.com\/tunisie\/wp-content\/uploads\/2024\/10\/Meryam-Joobeur-Lotfi-Achour.jpg\",\"width\":1200,\"height\":630},{\"@type\":\"BreadcrumbList\",\"@id\":\"https:\/\/kapitalis.com\/tunisie\/2024\/10\/05\/lotfi-achour-et-meryam-joobeur-primes-au-fiff-namur-2024\/#breadcrumb\",\"itemListElement\":[{\"@type\":\"ListItem\",\"position\":1,\"name\":\"Accueil\",\"item\":\"https:\/\/kapitalis.com\/tunisie\/\"},{\"@type\":\"ListItem\",\"position\":2,\"name\":\"Lotfi Achour et Meryam Joobeur prim\u00e9s au FIFF Namur 2024\"}]},{\"@type\":\"WebSite\",\"@id\":\"https:\/\/kapitalis.com\/tunisie\/#website\",\"url\":\"https:\/\/kapitalis.com\/tunisie\/\",\"name\":\"Kapitalis\",\"description\":\"L&#039;actualit\u00e9 en Tunisie et dans le monde\",\"publisher\":{\"@id\":\"https:\/\/kapitalis.com\/tunisie\/#organization\"},\"potentialAction\":[{\"@type\":\"SearchAction\",\"target\":{\"@type\":\"EntryPoint\",\"urlTemplate\":\"https:\/\/kapitalis.com\/tunisie\/?s={search_term_string}\"},\"query-input\":{\"@type\":\"PropertyValueSpecification\",\"valueRequired\":true,\"valueName\":\"search_term_string\"}}],\"inLanguage\":\"fr-FR\"},{\"@type\":\"Organization\",\"@id\":\"https:\/\/kapitalis.com\/tunisie\/#organization\",\"name\":\"Kapitalis\",\"url\":\"https:\/\/kapitalis.com\/tunisie\/\",\"logo\":{\"@type\":\"ImageObject\",\"inLanguage\":\"fr-FR\",\"@id\":\"https:\/\/kapitalis.com\/tunisie\/#\/schema\/logo\/image\/\",\"url\":\"https:\/\/kapitalis.com\/tunisie\/wp-content\/uploads\/2022\/05\/Kapitalis-big-size.png\",\"contentUrl\":\"https:\/\/kapitalis.com\/tunisie\/wp-content\/uploads\/2022\/05\/Kapitalis-big-size.png\",\"width\":5000,\"height\":1500,\"caption\":\"Kapitalis\"},\"image\":{\"@id\":\"https:\/\/kapitalis.com\/tunisie\/#\/schema\/logo\/image\/\"},\"sameAs\":[\"https:\/\/www.facebook.com\/KapitalisInfo\/\",\"https:\/\/x.com\/KapitalisInfo\",\"https:\/\/www.youtube.com\/channel\/UC-yDYrHyfFBWWZaOw3FPg9Q\"]},{\"@type\":\"Person\",\"@id\":\"https:\/\/kapitalis.com\/tunisie\/#\/schema\/person\/d71f33a9ca44f7bad4698210b480c8e9\",\"name\":\"webmaster kapitalis\",\"url\":\"https:\/\/kapitalis.com\/tunisie\/author\/webmaster-kapitalis\/\"}]}<\/script>\n<!-- \/ Yoast SEO plugin. -->","yoast_head_json":{"title":"Lotfi Achour et Meryam Joobeur prim\u00e9s au FIFF Namur 2024 - Kapitalis","robots":{"index":"index","follow":"follow","max-snippet":"max-snippet:-1","max-image-preview":"max-image-preview:large","max-video-preview":"max-video-preview:-1"},"canonical":"https:\/\/kapitalis.com\/tunisie\/2024\/10\/05\/lotfi-achour-et-meryam-joobeur-primes-au-fiff-namur-2024\/","og_locale":"fr_FR","og_type":"article","og_title":"Lotfi Achour et Meryam Joobeur prim\u00e9s au FIFF Namur 2024 - Kapitalis","og_description":"Lotfi Achour et Meryam Joobeur distingu\u00e9s \u00e0 la 39e \u00e9dition du Festival international du film francophone de Namur.","og_url":"https:\/\/kapitalis.com\/tunisie\/2024\/10\/05\/lotfi-achour-et-meryam-joobeur-primes-au-fiff-namur-2024\/","og_site_name":"Kapitalis","article_publisher":"https:\/\/www.facebook.com\/KapitalisInfo\/","article_published_time":"2024-10-05T06:29:02+00:00","article_modified_time":"2024-10-05T06:29:04+00:00","og_image":[{"width":1200,"height":630,"url":"https:\/\/kapitalis.com\/tunisie\/wp-content\/uploads\/2024\/10\/Meryam-Joobeur-Lotfi-Achour.jpg","type":"image\/jpeg"}],"author":"webmaster kapitalis","twitter_card":"summary_large_image","twitter_creator":"@KapitalisInfo","twitter_site":"@KapitalisInfo","twitter_misc":{"\u00c9crit par":"webmaster kapitalis","Dur\u00e9e de lecture estim\u00e9e":"2 minutes"},"schema":{"@context":"https:\/\/schema.org","@graph":[{"@type":"Article","@id":"https:\/\/kapitalis.com\/tunisie\/2024\/10\/05\/lotfi-achour-et-meryam-joobeur-primes-au-fiff-namur-2024\/#article","isPartOf":{"@id":"https:\/\/kapitalis.com\/tunisie\/2024\/10\/05\/lotfi-achour-et-meryam-joobeur-primes-au-fiff-namur-2024\/"},"author":{"name":"webmaster kapitalis","@id":"https:\/\/kapitalis.com\/tunisie\/#\/schema\/person\/d71f33a9ca44f7bad4698210b480c8e9"},"headline":"Lotfi Achour et Meryam Joobeur prim\u00e9s au FIFF Namur 2024","datePublished":"2024-10-05T06:29:02+00:00","dateModified":"2024-10-05T06:29:04+00:00","mainEntityOfPage":{"@id":"https:\/\/kapitalis.com\/tunisie\/2024\/10\/05\/lotfi-achour-et-meryam-joobeur-primes-au-fiff-namur-2024\/"},"wordCount":267,"commentCount":0,"publisher":{"@id":"https:\/\/kapitalis.com\/tunisie\/#organization"},"image":{"@id":"https:\/\/kapitalis.com\/tunisie\/2024\/10\/05\/lotfi-achour-et-meryam-joobeur-primes-au-fiff-namur-2024\/#primaryimage"},"thumbnailUrl":"https:\/\/kapitalis.com\/tunisie\/wp-content\/uploads\/2024\/10\/Meryam-Joobeur-Lotfi-Achour.jpg","keywords":["Bayard d\u2019Or","FIFF Namur","L\u00e0 d\u2019o\u00f9 l\u2019on vient","Les enfants rouges","Lotfi Achour","M\u00e9 el A\u00efn","Meryam Joobeur","Wojciech Staron"],"articleSection":["CULTURE","Tunisie"],"inLanguage":"fr-FR","potentialAction":[{"@type":"CommentAction","name":"Comment","target":["https:\/\/kapitalis.com\/tunisie\/2024\/10\/05\/lotfi-achour-et-meryam-joobeur-primes-au-fiff-namur-2024\/#respond"]}]},{"@type":"WebPage","@id":"https:\/\/kapitalis.com\/tunisie\/2024\/10\/05\/lotfi-achour-et-meryam-joobeur-primes-au-fiff-namur-2024\/","url":"https:\/\/kapitalis.com\/tunisie\/2024\/10\/05\/lotfi-achour-et-meryam-joobeur-primes-au-fiff-namur-2024\/","name":"Lotfi Achour et Meryam Joobeur prim\u00e9s au FIFF Namur 2024 - Kapitalis","isPartOf":{"@id":"https:\/\/kapitalis.com\/tunisie\/#website"},"primaryImageOfPage":{"@id":"https:\/\/kapitalis.com\/tunisie\/2024\/10\/05\/lotfi-achour-et-meryam-joobeur-primes-au-fiff-namur-2024\/#primaryimage"},"image":{"@id":"https:\/\/kapitalis.com\/tunisie\/2024\/10\/05\/lotfi-achour-et-meryam-joobeur-primes-au-fiff-namur-2024\/#primaryimage"},"thumbnailUrl":"https:\/\/kapitalis.com\/tunisie\/wp-content\/uploads\/2024\/10\/Meryam-Joobeur-Lotfi-Achour.jpg","datePublished":"2024-10-05T06:29:02+00:00","dateModified":"2024-10-05T06:29:04+00:00","breadcrumb":{"@id":"https:\/\/kapitalis.com\/tunisie\/2024\/10\/05\/lotfi-achour-et-meryam-joobeur-primes-au-fiff-namur-2024\/#breadcrumb"},"inLanguage":"fr-FR","potentialAction":[{"@type":"ReadAction","target":["https:\/\/kapitalis.com\/tunisie\/2024\/10\/05\/lotfi-achour-et-meryam-joobeur-primes-au-fiff-namur-2024\/"]}]},{"@type":"ImageObject","inLanguage":"fr-FR","@id":"https:\/\/kapitalis.com\/tunisie\/2024\/10\/05\/lotfi-achour-et-meryam-joobeur-primes-au-fiff-namur-2024\/#primaryimage","url":"https:\/\/kapitalis.com\/tunisie\/wp-content\/uploads\/2024\/10\/Meryam-Joobeur-Lotfi-Achour.jpg","contentUrl":"https:\/\/kapitalis.com\/tunisie\/wp-content\/uploads\/2024\/10\/Meryam-Joobeur-Lotfi-Achour.jpg","width":1200,"height":630},{"@type":"BreadcrumbList","@id":"https:\/\/kapitalis.com\/tunisie\/2024\/10\/05\/lotfi-achour-et-meryam-joobeur-primes-au-fiff-namur-2024\/#breadcrumb","itemListElement":[{"@type":"ListItem","position":1,"name":"Accueil","item":"https:\/\/kapitalis.com\/tunisie\/"},{"@type":"ListItem","position":2,"name":"Lotfi Achour et Meryam Joobeur prim\u00e9s au FIFF Namur 2024"}]},{"@type":"WebSite","@id":"https:\/\/kapitalis.com\/tunisie\/#website","url":"https:\/\/kapitalis.com\/tunisie\/","name":"Kapitalis","description":"L&#039;actualit\u00e9 en Tunisie et dans le monde","publisher":{"@id":"https:\/\/kapitalis.com\/tunisie\/#organization"},"potentialAction":[{"@type":"SearchAction","target":{"@type":"EntryPoint","urlTemplate":"https:\/\/kapitalis.com\/tunisie\/?s={search_term_string}"},"query-input":{"@type":"PropertyValueSpecification","valueRequired":true,"valueName":"search_term_string"}}],"inLanguage":"fr-FR"},{"@type":"Organization","@id":"https:\/\/kapitalis.com\/tunisie\/#organization","name":"Kapitalis","url":"https:\/\/kapitalis.com\/tunisie\/","logo":{"@type":"ImageObject","inLanguage":"fr-FR","@id":"https:\/\/kapitalis.com\/tunisie\/#\/schema\/logo\/image\/","url":"https:\/\/kapitalis.com\/tunisie\/wp-content\/uploads\/2022\/05\/Kapitalis-big-size.png","contentUrl":"https:\/\/kapitalis.com\/tunisie\/wp-content\/uploads\/2022\/05\/Kapitalis-big-size.png","width":5000,"height":1500,"caption":"Kapitalis"},"image":{"@id":"https:\/\/kapitalis.com\/tunisie\/#\/schema\/logo\/image\/"},"sameAs":["https:\/\/www.facebook.com\/KapitalisInfo\/","https:\/\/x.com\/KapitalisInfo","https:\/\/www.youtube.com\/channel\/UC-yDYrHyfFBWWZaOw3FPg9Q"]},{"@type":"Person","@id":"https:\/\/kapitalis.com\/tunisie\/#\/schema\/person\/d71f33a9ca44f7bad4698210b480c8e9","name":"webmaster kapitalis","url":"https:\/\/kapitalis.com\/tunisie\/author\/webmaster-kapitalis\/"}]}},"_links":{"self":[{"href":"https:\/\/kapitalis.com\/tunisie\/wp-json\/wp\/v2\/posts\/14121787","targetHints":{"allow":["GET"]}}],"collection":[{"href":"https:\/\/kapitalis.com\/tunisie\/wp-json\/wp\/v2\/posts"}],"about":[{"href":"https:\/\/kapitalis.com\/tunisie\/wp-json\/wp\/v2\/types\/post"}],"author":[{"embeddable":true,"href":"https:\/\/kapitalis.com\/tunisie\/wp-json\/wp\/v2\/users\/8"}],"replies":[{"embeddable":true,"href":"https:\/\/kapitalis.com\/tunisie\/wp-json\/wp\/v2\/comments?post=14121787"}],"version-history":[{"count":2,"href":"https:\/\/kapitalis.com\/tunisie\/wp-json\/wp\/v2\/posts\/14121787\/revisions"}],"predecessor-version":[{"id":14121845,"href":"https:\/\/kapitalis.com\/tunisie\/wp-json\/wp\/v2\/posts\/14121787\/revisions\/14121845"}],"wp:featuredmedia":[{"embeddable":true,"href":"https:\/\/kapitalis.com\/tunisie\/wp-json\/wp\/v2\/media\/14121837"}],"wp:attachment":[{"href":"https:\/\/kapitalis.com\/tunisie\/wp-json\/wp\/v2\/media?parent=14121787"}],"wp:term":[{"taxonomy":"category","embeddable":true,"href":"https:\/\/kapitalis.com\/tunisie\/wp-json\/wp\/v2\/categories?post=14121787"},{"taxonomy":"post_tag","embeddable":true,"href":"https:\/\/kapitalis.com\/tunisie\/wp-json\/wp\/v2\/tags?post=14121787"}],"curies":[{"name":"wp","href":"https:\/\/api.w.org\/{rel}","templated":true}]}}