{"id":14126494,"date":"2024-10-06T09:03:28","date_gmt":"2024-10-06T08:03:28","guid":{"rendered":"https:\/\/kapitalis.com\/tunisie\/?p=14126494"},"modified":"2024-10-06T09:04:41","modified_gmt":"2024-10-06T08:04:41","slug":"en-images-marche-a-paris-pour-denoncer-le-genocide-disrael-a-gaza","status":"publish","type":"post","link":"https:\/\/kapitalis.com\/tunisie\/2024\/10\/06\/en-images-marche-a-paris-pour-denoncer-le-genocide-disrael-a-gaza\/","title":{"rendered":"En images: Marche \u00e0 Paris pour d\u00e9noncer le g\u00e9nocide perp\u00e9tr\u00e9 par Isra\u00ebl \u00e0 Gaza"},"content":{"rendered":"\n<p><strong><em>Au Cap (Afrique du Sud), \u00e0 Londres (Royaume-Uni), \u00e0 Paris, Lyon, Toulouse, Nantes ou Strasbourg (France), mais aussi en Gr\u00e8ce ou encore aux Pays-Bas, des milliers de personnes ont d\u00e9fil\u00e9, samedi 5 octobre 2024, lors de rassemblements pro-palestiniens et pour appeler \u00e0 la fin du g\u00e9nocide perp\u00e9tr\u00e9 par Isra\u00ebl \u00e0 Gaza depuis le 7 octobre 2023.<\/em><\/strong><\/p>\n\n\n\n<p>Reportage <strong>Abdellatif Ben Salem<\/strong><\/p>\n\n\n\n<!--more-->\n\n\n\n<p>Ces manifestations, qui marquaient le premier anniversaire du d\u00e9clenchement du sanglant conflit \u00e0 Gaza, ont lieu alors qu\u2019Isra\u00ebl continue de mener\u00a0des bombardements dans les territoires palestiniens et au Liban, notamment dans la banlieue sud de Beyrouth, fief du Hezbollah, mais sur tous ces fronts ce sont les civils qui payent le lourd tribut de la guerre.\u00a0<\/p>\n\n\n\n<figure class=\"wp-block-gallery aligncenter has-nested-images columns-default is-cropped wp-block-gallery-1 is-layout-flex wp-block-gallery-is-layout-flex\">\n<figure class=\"wp-block-image size-large\"><img loading=\"lazy\" decoding=\"async\" width=\"682\" height=\"910\" data-id=\"14126523\" src=\"https:\/\/kapitalis.com\/tunisie\/wp-content\/uploads\/2024\/10\/Manif-Paris-5-octobre-2024-0.jpg\" alt=\"\" class=\"wp-image-14126523\" srcset=\"https:\/\/kapitalis.com\/tunisie\/wp-content\/uploads\/2024\/10\/Manif-Paris-5-octobre-2024-0.jpg 682w, https:\/\/kapitalis.com\/tunisie\/wp-content\/uploads\/2024\/10\/Manif-Paris-5-octobre-2024-0-225x300.jpg 225w, https:\/\/kapitalis.com\/tunisie\/wp-content\/uploads\/2024\/10\/Manif-Paris-5-octobre-2024-0-580x774.jpg 580w\" sizes=\"auto, (max-width: 682px) 100vw, 682px\" \/><\/figure>\n\n\n\n<figure class=\"wp-block-image size-large\"><img loading=\"lazy\" decoding=\"async\" width=\"682\" height=\"910\" data-id=\"14126525\" src=\"https:\/\/kapitalis.com\/tunisie\/wp-content\/uploads\/2024\/10\/Manif-Paris-5-octobre-2024-1.jpg\" alt=\"\" class=\"wp-image-14126525\" srcset=\"https:\/\/kapitalis.com\/tunisie\/wp-content\/uploads\/2024\/10\/Manif-Paris-5-octobre-2024-1.jpg 682w, https:\/\/kapitalis.com\/tunisie\/wp-content\/uploads\/2024\/10\/Manif-Paris-5-octobre-2024-1-225x300.jpg 225w, https:\/\/kapitalis.com\/tunisie\/wp-content\/uploads\/2024\/10\/Manif-Paris-5-octobre-2024-1-580x774.jpg 580w\" sizes=\"auto, (max-width: 682px) 100vw, 682px\" \/><\/figure>\n\n\n\n<figure class=\"wp-block-image size-large\"><img loading=\"lazy\" decoding=\"async\" width=\"682\" height=\"910\" data-id=\"14126524\" src=\"https:\/\/kapitalis.com\/tunisie\/wp-content\/uploads\/2024\/10\/Manif-Paris-5-octobre-2024-3.jpg\" alt=\"\" class=\"wp-image-14126524\" srcset=\"https:\/\/kapitalis.com\/tunisie\/wp-content\/uploads\/2024\/10\/Manif-Paris-5-octobre-2024-3.jpg 682w, https:\/\/kapitalis.com\/tunisie\/wp-content\/uploads\/2024\/10\/Manif-Paris-5-octobre-2024-3-225x300.jpg 225w, https:\/\/kapitalis.com\/tunisie\/wp-content\/uploads\/2024\/10\/Manif-Paris-5-octobre-2024-3-580x774.jpg 580w\" sizes=\"auto, (max-width: 682px) 100vw, 682px\" \/><\/figure>\n<\/figure>\n\n\n\n<p>A Paris les 5000 personnes, selon la police, qui ont d\u00e9fil\u00e9, sous un soleil radieux, entre la place de la R\u00e9publique et celle de Clichy, criaient <em>\u00abPalestine vivra, Palestine vaincra\u00bb,<\/em> <em>\u00abFree Free Palestine\u00bb<\/em> et <em>\u00abGaza, Gaza, Paris est avec toi\u00bb<\/em>, drapeaux palestiniens, libanais et de partis politiques de gauche (NPA, Nouveau front populaire, LFI, PCF, etc.) au vent. En t\u00eate de cort\u00e8ge, plusieurs figures politiques de l\u2019extr\u00eame gauche, notamment les Insoumis Jean-Luc M\u00e9lenchon, Manon Aubry, Thomas Portes, Louis Boyard ou encore Manuel Bompard, qui, dans une d\u00e9claration \u00e0 l\u2019AFP, a demand\u00e9 une nouvelle fois au pr\u00e9sident Emmanuel Macron de <em>\u00abreconna\u00eetre l\u2019Etat de Palestine\u00bb<\/em>.<\/p>\n\n\n\n<figure class=\"wp-block-gallery aligncenter has-nested-images columns-default is-cropped wp-block-gallery-2 is-layout-flex wp-block-gallery-is-layout-flex\">\n<figure class=\"wp-block-image size-large\"><img loading=\"lazy\" decoding=\"async\" width=\"682\" height=\"910\" data-id=\"14126526\" src=\"https:\/\/kapitalis.com\/tunisie\/wp-content\/uploads\/2024\/10\/Manif-Paris-5-octobre-2024-4.jpg\" alt=\"\" class=\"wp-image-14126526\" srcset=\"https:\/\/kapitalis.com\/tunisie\/wp-content\/uploads\/2024\/10\/Manif-Paris-5-octobre-2024-4.jpg 682w, https:\/\/kapitalis.com\/tunisie\/wp-content\/uploads\/2024\/10\/Manif-Paris-5-octobre-2024-4-225x300.jpg 225w, https:\/\/kapitalis.com\/tunisie\/wp-content\/uploads\/2024\/10\/Manif-Paris-5-octobre-2024-4-580x774.jpg 580w\" sizes=\"auto, (max-width: 682px) 100vw, 682px\" \/><\/figure>\n\n\n\n<figure class=\"wp-block-image size-large\"><img loading=\"lazy\" decoding=\"async\" width=\"682\" height=\"910\" data-id=\"14126528\" src=\"https:\/\/kapitalis.com\/tunisie\/wp-content\/uploads\/2024\/10\/Manif-Paris-5-octobre-2024-5.jpg\" alt=\"\" class=\"wp-image-14126528\" srcset=\"https:\/\/kapitalis.com\/tunisie\/wp-content\/uploads\/2024\/10\/Manif-Paris-5-octobre-2024-5.jpg 682w, https:\/\/kapitalis.com\/tunisie\/wp-content\/uploads\/2024\/10\/Manif-Paris-5-octobre-2024-5-225x300.jpg 225w, https:\/\/kapitalis.com\/tunisie\/wp-content\/uploads\/2024\/10\/Manif-Paris-5-octobre-2024-5-580x774.jpg 580w\" sizes=\"auto, (max-width: 682px) 100vw, 682px\" \/><\/figure>\n\n\n\n<figure class=\"wp-block-image size-large\"><img loading=\"lazy\" decoding=\"async\" width=\"682\" height=\"910\" data-id=\"14126527\" src=\"https:\/\/kapitalis.com\/tunisie\/wp-content\/uploads\/2024\/10\/Manif-Paris-5-octobre-2024-6.jpg\" alt=\"\" class=\"wp-image-14126527\" srcset=\"https:\/\/kapitalis.com\/tunisie\/wp-content\/uploads\/2024\/10\/Manif-Paris-5-octobre-2024-6.jpg 682w, https:\/\/kapitalis.com\/tunisie\/wp-content\/uploads\/2024\/10\/Manif-Paris-5-octobre-2024-6-225x300.jpg 225w, https:\/\/kapitalis.com\/tunisie\/wp-content\/uploads\/2024\/10\/Manif-Paris-5-octobre-2024-6-580x774.jpg 580w\" sizes=\"auto, (max-width: 682px) 100vw, 682px\" \/><\/figure>\n<\/figure>\n\n\n\n<p>Au micro d\u2019un camion pr\u00e9sent dans le cort\u00e8ge, M\u00e9lenchon a r\u00e9it\u00e9r\u00e9 son appel aux \u00e9tudiants \u00e0 <em>\u00abpavoiser aux couleurs de la Palestine\u00bb<\/em> et <em>\u00abdu Liban\u00bb<\/em> \u00e0 partir du 8 octobre, en r\u00e9action \u00e0 une circulaire minist\u00e9rielle sur le maintien de l\u2019ordre dans les universit\u00e9s \u00e0 la veille du 7 octobre, date anniversaire du d\u00e9but de la guerre isra\u00e9lienne contre Gaza.<\/p>\n\n\n\n<figure class=\"wp-block-gallery aligncenter has-nested-images columns-default is-cropped wp-block-gallery-3 is-layout-flex wp-block-gallery-is-layout-flex\">\n<figure class=\"wp-block-image size-large\"><img loading=\"lazy\" decoding=\"async\" width=\"682\" height=\"910\" data-id=\"14126532\" src=\"https:\/\/kapitalis.com\/tunisie\/wp-content\/uploads\/2024\/10\/Manif-Paris-5-octobre-2024-7.jpg\" alt=\"\" class=\"wp-image-14126532\" srcset=\"https:\/\/kapitalis.com\/tunisie\/wp-content\/uploads\/2024\/10\/Manif-Paris-5-octobre-2024-7.jpg 682w, https:\/\/kapitalis.com\/tunisie\/wp-content\/uploads\/2024\/10\/Manif-Paris-5-octobre-2024-7-225x300.jpg 225w, https:\/\/kapitalis.com\/tunisie\/wp-content\/uploads\/2024\/10\/Manif-Paris-5-octobre-2024-7-580x774.jpg 580w\" sizes=\"auto, (max-width: 682px) 100vw, 682px\" \/><\/figure>\n\n\n\n<figure class=\"wp-block-image size-large\"><img loading=\"lazy\" decoding=\"async\" width=\"682\" height=\"910\" data-id=\"14126530\" src=\"https:\/\/kapitalis.com\/tunisie\/wp-content\/uploads\/2024\/10\/Manif-Paris-5-octobre-2024-8.jpg\" alt=\"\" class=\"wp-image-14126530\" srcset=\"https:\/\/kapitalis.com\/tunisie\/wp-content\/uploads\/2024\/10\/Manif-Paris-5-octobre-2024-8.jpg 682w, https:\/\/kapitalis.com\/tunisie\/wp-content\/uploads\/2024\/10\/Manif-Paris-5-octobre-2024-8-225x300.jpg 225w, https:\/\/kapitalis.com\/tunisie\/wp-content\/uploads\/2024\/10\/Manif-Paris-5-octobre-2024-8-580x774.jpg 580w\" sizes=\"auto, (max-width: 682px) 100vw, 682px\" \/><\/figure>\n\n\n\n<figure class=\"wp-block-image size-large\"><img loading=\"lazy\" decoding=\"async\" width=\"682\" height=\"910\" data-id=\"14126531\" src=\"https:\/\/kapitalis.com\/tunisie\/wp-content\/uploads\/2024\/10\/Manif-Paris-5-octobre-2024-9.jpg\" alt=\"\" class=\"wp-image-14126531\" srcset=\"https:\/\/kapitalis.com\/tunisie\/wp-content\/uploads\/2024\/10\/Manif-Paris-5-octobre-2024-9.jpg 682w, https:\/\/kapitalis.com\/tunisie\/wp-content\/uploads\/2024\/10\/Manif-Paris-5-octobre-2024-9-225x300.jpg 225w, https:\/\/kapitalis.com\/tunisie\/wp-content\/uploads\/2024\/10\/Manif-Paris-5-octobre-2024-9-580x774.jpg 580w\" sizes=\"auto, (max-width: 682px) 100vw, 682px\" \/><\/figure>\n<\/figure>\n\n\n\n<p>Dans la foule, Maya, 37\u00a0ans, chercheuse en physique\u00a0franco-libanaise\u00a0est arriv\u00e9e de Beyrouth il y a une semaine. Elle se dit\u00a0<em>\u00absid\u00e9r\u00e9e du traitement m\u00e9diatique\u00bb<\/em>\u00a0de l\u2019escalade au Liban.<em>\u00abOn n\u2019entend pas parler des bombardements des civils tous les jours, on n\u2019entend pas parler de la r\u00e9alit\u00e9. [\u2026] On demande des actions du gouvernement fran\u00e7ais ou des gouvernements europ\u00e9ens\u00bb,<\/em> explique-t-elle \u00e0 l\u2019<em>AFP<\/em>.<\/p>\n\n\n\n<figure class=\"wp-block-gallery aligncenter has-nested-images columns-default is-cropped wp-block-gallery-4 is-layout-flex wp-block-gallery-is-layout-flex\">\n<figure class=\"wp-block-image size-large\"><img loading=\"lazy\" decoding=\"async\" width=\"682\" height=\"910\" data-id=\"14126533\" src=\"https:\/\/kapitalis.com\/tunisie\/wp-content\/uploads\/2024\/10\/Manif-Paris-5-octobre-2024-10.jpg\" alt=\"\" class=\"wp-image-14126533\" srcset=\"https:\/\/kapitalis.com\/tunisie\/wp-content\/uploads\/2024\/10\/Manif-Paris-5-octobre-2024-10.jpg 682w, https:\/\/kapitalis.com\/tunisie\/wp-content\/uploads\/2024\/10\/Manif-Paris-5-octobre-2024-10-225x300.jpg 225w, https:\/\/kapitalis.com\/tunisie\/wp-content\/uploads\/2024\/10\/Manif-Paris-5-octobre-2024-10-580x774.jpg 580w\" sizes=\"auto, (max-width: 682px) 100vw, 682px\" \/><\/figure>\n\n\n\n<figure class=\"wp-block-image size-large\"><img loading=\"lazy\" decoding=\"async\" width=\"682\" height=\"910\" data-id=\"14126534\" src=\"https:\/\/kapitalis.com\/tunisie\/wp-content\/uploads\/2024\/10\/Manif-Paris-5-octobre-2024-11.jpg\" alt=\"\" class=\"wp-image-14126534\" srcset=\"https:\/\/kapitalis.com\/tunisie\/wp-content\/uploads\/2024\/10\/Manif-Paris-5-octobre-2024-11.jpg 682w, https:\/\/kapitalis.com\/tunisie\/wp-content\/uploads\/2024\/10\/Manif-Paris-5-octobre-2024-11-225x300.jpg 225w, https:\/\/kapitalis.com\/tunisie\/wp-content\/uploads\/2024\/10\/Manif-Paris-5-octobre-2024-11-580x774.jpg 580w\" sizes=\"auto, (max-width: 682px) 100vw, 682px\" \/><\/figure>\n\n\n\n<figure class=\"wp-block-image size-large\"><img loading=\"lazy\" decoding=\"async\" width=\"682\" height=\"910\" data-id=\"14126535\" src=\"https:\/\/kapitalis.com\/tunisie\/wp-content\/uploads\/2024\/10\/Manif-Paris-5-octobre-2024-13.jpg\" alt=\"\" class=\"wp-image-14126535\" srcset=\"https:\/\/kapitalis.com\/tunisie\/wp-content\/uploads\/2024\/10\/Manif-Paris-5-octobre-2024-13.jpg 682w, https:\/\/kapitalis.com\/tunisie\/wp-content\/uploads\/2024\/10\/Manif-Paris-5-octobre-2024-13-225x300.jpg 225w, https:\/\/kapitalis.com\/tunisie\/wp-content\/uploads\/2024\/10\/Manif-Paris-5-octobre-2024-13-580x774.jpg 580w\" sizes=\"auto, (max-width: 682px) 100vw, 682px\" \/><\/figure>\n<\/figure>\n\n\n\n<p>Emmanuel Macron s\u2019est lui prononc\u00e9 dans l\u2019apr\u00e8s-midi pour l\u2019arr\u00eat des livraisons \u00e0 Isra\u00ebl d\u2019armes utilis\u00e9es \u00e0 Gaza. Mais pour Mohammed Ghili, 52 ans et membre de l\u2019association Solidarit\u00e9 Palestine, si <em>\u00abc\u2019est une bonne nouvelle, \u00e7a arrive bien trop tard\u00bb<\/em> face \u00e0 ce qu\u2019il nomme <em>\u00abg\u00e9nocide\u00bb<\/em>.<\/p>\n\n\n\n<figure class=\"wp-block-gallery aligncenter has-nested-images columns-default is-cropped wp-block-gallery-5 is-layout-flex wp-block-gallery-is-layout-flex\">\n<figure class=\"wp-block-image size-large\"><img loading=\"lazy\" decoding=\"async\" width=\"682\" height=\"910\" data-id=\"14126536\" src=\"https:\/\/kapitalis.com\/tunisie\/wp-content\/uploads\/2024\/10\/Manif-Paris-5-octobre-2024-14.jpg\" alt=\"\" class=\"wp-image-14126536\" srcset=\"https:\/\/kapitalis.com\/tunisie\/wp-content\/uploads\/2024\/10\/Manif-Paris-5-octobre-2024-14.jpg 682w, https:\/\/kapitalis.com\/tunisie\/wp-content\/uploads\/2024\/10\/Manif-Paris-5-octobre-2024-14-225x300.jpg 225w, https:\/\/kapitalis.com\/tunisie\/wp-content\/uploads\/2024\/10\/Manif-Paris-5-octobre-2024-14-580x774.jpg 580w\" sizes=\"auto, (max-width: 682px) 100vw, 682px\" \/><\/figure>\n\n\n\n<figure class=\"wp-block-image size-large\"><img loading=\"lazy\" decoding=\"async\" width=\"682\" height=\"910\" data-id=\"14126537\" src=\"https:\/\/kapitalis.com\/tunisie\/wp-content\/uploads\/2024\/10\/Manif-Paris-5-octobre-2024-15.jpg\" alt=\"\" class=\"wp-image-14126537\" srcset=\"https:\/\/kapitalis.com\/tunisie\/wp-content\/uploads\/2024\/10\/Manif-Paris-5-octobre-2024-15.jpg 682w, https:\/\/kapitalis.com\/tunisie\/wp-content\/uploads\/2024\/10\/Manif-Paris-5-octobre-2024-15-225x300.jpg 225w, https:\/\/kapitalis.com\/tunisie\/wp-content\/uploads\/2024\/10\/Manif-Paris-5-octobre-2024-15-580x774.jpg 580w\" sizes=\"auto, (max-width: 682px) 100vw, 682px\" \/><\/figure>\n\n\n\n<figure class=\"wp-block-image size-large\"><img loading=\"lazy\" decoding=\"async\" width=\"682\" height=\"910\" data-id=\"14126538\" src=\"https:\/\/kapitalis.com\/tunisie\/wp-content\/uploads\/2024\/10\/Manif-Paris-5-octobre-2024-16.jpg\" alt=\"\" class=\"wp-image-14126538\" srcset=\"https:\/\/kapitalis.com\/tunisie\/wp-content\/uploads\/2024\/10\/Manif-Paris-5-octobre-2024-16.jpg 682w, https:\/\/kapitalis.com\/tunisie\/wp-content\/uploads\/2024\/10\/Manif-Paris-5-octobre-2024-16-225x300.jpg 225w, https:\/\/kapitalis.com\/tunisie\/wp-content\/uploads\/2024\/10\/Manif-Paris-5-octobre-2024-16-580x774.jpg 580w\" sizes=\"auto, (max-width: 682px) 100vw, 682px\" \/><\/figure>\n<\/figure>\n\n\n\n<p>Pour Sanna El-Fazani, 21 ans, une \u00e9tudiante \u00e9gypto-libyenne \u00e0 Paris, le probl\u00e8me est qu\u2019<em>\u00abil y a d\u2019autres pays qui continuent de soutenir Isra\u00ebl. Les Etats-Unis surtout\u00bb<\/em>.<\/p>\n\n\n\n<figure class=\"wp-block-gallery aligncenter has-nested-images columns-default is-cropped wp-block-gallery-6 is-layout-flex wp-block-gallery-is-layout-flex\">\n<figure class=\"wp-block-image size-large\"><img loading=\"lazy\" decoding=\"async\" width=\"682\" height=\"910\" data-id=\"14126540\" src=\"https:\/\/kapitalis.com\/tunisie\/wp-content\/uploads\/2024\/10\/Manif-Paris-5-octobre-2024-19.jpg\" alt=\"\" class=\"wp-image-14126540\" srcset=\"https:\/\/kapitalis.com\/tunisie\/wp-content\/uploads\/2024\/10\/Manif-Paris-5-octobre-2024-19.jpg 682w, https:\/\/kapitalis.com\/tunisie\/wp-content\/uploads\/2024\/10\/Manif-Paris-5-octobre-2024-19-225x300.jpg 225w, https:\/\/kapitalis.com\/tunisie\/wp-content\/uploads\/2024\/10\/Manif-Paris-5-octobre-2024-19-580x774.jpg 580w\" sizes=\"auto, (max-width: 682px) 100vw, 682px\" \/><\/figure>\n\n\n\n<figure class=\"wp-block-image size-large\"><img loading=\"lazy\" decoding=\"async\" width=\"682\" height=\"910\" data-id=\"14126541\" src=\"https:\/\/kapitalis.com\/tunisie\/wp-content\/uploads\/2024\/10\/Manif-Paris-5-octobre-2024-20.jpg\" alt=\"\" class=\"wp-image-14126541\" srcset=\"https:\/\/kapitalis.com\/tunisie\/wp-content\/uploads\/2024\/10\/Manif-Paris-5-octobre-2024-20.jpg 682w, https:\/\/kapitalis.com\/tunisie\/wp-content\/uploads\/2024\/10\/Manif-Paris-5-octobre-2024-20-225x300.jpg 225w, https:\/\/kapitalis.com\/tunisie\/wp-content\/uploads\/2024\/10\/Manif-Paris-5-octobre-2024-20-580x774.jpg 580w\" sizes=\"auto, (max-width: 682px) 100vw, 682px\" \/><\/figure>\n\n\n\n<figure class=\"wp-block-image size-large\"><img loading=\"lazy\" decoding=\"async\" width=\"682\" height=\"910\" data-id=\"14126539\" src=\"https:\/\/kapitalis.com\/tunisie\/wp-content\/uploads\/2024\/10\/Manif-Paris-5-octobre-2024-21.jpg\" alt=\"\" class=\"wp-image-14126539\" srcset=\"https:\/\/kapitalis.com\/tunisie\/wp-content\/uploads\/2024\/10\/Manif-Paris-5-octobre-2024-21.jpg 682w, https:\/\/kapitalis.com\/tunisie\/wp-content\/uploads\/2024\/10\/Manif-Paris-5-octobre-2024-21-225x300.jpg 225w, https:\/\/kapitalis.com\/tunisie\/wp-content\/uploads\/2024\/10\/Manif-Paris-5-octobre-2024-21-580x774.jpg 580w\" sizes=\"auto, (max-width: 682px) 100vw, 682px\" \/><\/figure>\n<\/figure>\n\n\n\n<p>Au moins 41 825 Palestiniens ont \u00e9t\u00e9 tu\u00e9s en un an, en majorit\u00e9 des civils, selon les donn\u00e9es du minist\u00e8re de la Sant\u00e9 \u00e0 Gaza, jug\u00e9es fiables par l\u2019Onu. Et ce chiffre est jug\u00e9 en-de\u00e7\u00e0 de la r\u00e9alit\u00e9, puisqu\u2019il ne compte que les personnes retrouv\u00e9es et identifi\u00e9es, alors que beaucoup d\u2019autres sont encore sous les d\u00e9combres des b\u00e2timents d\u00e9truits qui n\u2019ont pu \u00eatre d\u00e9blay\u00e9s, faute de moyens et parce que l\u2019aviation isra\u00e9lienne poursuit ses bombardements alors que plus de la moiti\u00e9 des constructions \u00e0 Gaza sont d\u00e9j\u00e0 d\u00e9truites. &nbsp;<\/p>\n\n\n\n<figure class=\"wp-block-gallery aligncenter has-nested-images columns-default is-cropped wp-block-gallery-7 is-layout-flex wp-block-gallery-is-layout-flex\">\n<figure class=\"wp-block-image size-large\"><img loading=\"lazy\" decoding=\"async\" width=\"682\" height=\"910\" data-id=\"14126542\" src=\"https:\/\/kapitalis.com\/tunisie\/wp-content\/uploads\/2024\/10\/Manif-Paris-5-octobre-2024-23.jpg\" alt=\"\" class=\"wp-image-14126542\" srcset=\"https:\/\/kapitalis.com\/tunisie\/wp-content\/uploads\/2024\/10\/Manif-Paris-5-octobre-2024-23.jpg 682w, https:\/\/kapitalis.com\/tunisie\/wp-content\/uploads\/2024\/10\/Manif-Paris-5-octobre-2024-23-225x300.jpg 225w, https:\/\/kapitalis.com\/tunisie\/wp-content\/uploads\/2024\/10\/Manif-Paris-5-octobre-2024-23-580x774.jpg 580w\" sizes=\"auto, (max-width: 682px) 100vw, 682px\" \/><\/figure>\n\n\n\n<figure class=\"wp-block-image size-large\"><img loading=\"lazy\" decoding=\"async\" width=\"682\" height=\"910\" data-id=\"14126543\" src=\"https:\/\/kapitalis.com\/tunisie\/wp-content\/uploads\/2024\/10\/Manif-Paris-5-octobre-2024-24.jpg\" alt=\"\" class=\"wp-image-14126543\" srcset=\"https:\/\/kapitalis.com\/tunisie\/wp-content\/uploads\/2024\/10\/Manif-Paris-5-octobre-2024-24.jpg 682w, https:\/\/kapitalis.com\/tunisie\/wp-content\/uploads\/2024\/10\/Manif-Paris-5-octobre-2024-24-225x300.jpg 225w, https:\/\/kapitalis.com\/tunisie\/wp-content\/uploads\/2024\/10\/Manif-Paris-5-octobre-2024-24-580x774.jpg 580w\" sizes=\"auto, (max-width: 682px) 100vw, 682px\" \/><\/figure>\n\n\n\n<figure class=\"wp-block-image size-large\"><img loading=\"lazy\" decoding=\"async\" width=\"682\" height=\"910\" data-id=\"14126544\" src=\"https:\/\/kapitalis.com\/tunisie\/wp-content\/uploads\/2024\/10\/Manif-Paris-5-octobre-2024-25.jpg\" alt=\"\" class=\"wp-image-14126544\" srcset=\"https:\/\/kapitalis.com\/tunisie\/wp-content\/uploads\/2024\/10\/Manif-Paris-5-octobre-2024-25.jpg 682w, https:\/\/kapitalis.com\/tunisie\/wp-content\/uploads\/2024\/10\/Manif-Paris-5-octobre-2024-25-225x300.jpg 225w, https:\/\/kapitalis.com\/tunisie\/wp-content\/uploads\/2024\/10\/Manif-Paris-5-octobre-2024-25-580x774.jpg 580w\" sizes=\"auto, (max-width: 682px) 100vw, 682px\" \/><\/figure>\n<\/figure>\n\n\n\n<p>Au Liban, selon les autorit\u00e9s, ce sont plus de 2 000 personnes qui ont \u00e9t\u00e9 tu\u00e9es depuis octobre 2023, dont plus d\u2019un millier depuis le 23 septembre. Alors que la plupart des pays occidentaux continuent de soutenir Isra\u00ebl, de fermer les yeux sur ses crimes immondes et de lui livrer m\u00eame les armes et les renseignements assassins, y compris la France de Monsieur Macron, qui, contrairement \u00e0 la majorit\u00e9 de ses pr\u00e9d\u00e9cesseurs, de De-Gaulle \u00e0 Hollande, s\u2019aligne aveugl\u00e9ment sur les positions pro-sionistes des Etats-Unis.<\/p>\n\n\n\n<p><strong><em>Avec AFP<\/em><\/strong><\/p>\n","protected":false},"excerpt":{"rendered":"<p>A Paris, 5000 personnes, selon la police, ont d\u00e9fil\u00e9,  entre la place de la R\u00e9publique et celle de Clichy, criaient \u00abPalestine vivra, Palestine vaincra\u00bb. <\/p>\n","protected":false},"author":8,"featured_media":14126521,"comment_status":"open","ping_status":"open","sticky":false,"template":"","format":"standard","meta":{"footnotes":""},"categories":[992,997,2433],"tags":[111620,395,2444,111719,2478,8563,5634,2739,1364,1899],"class_list":["post-14126494","post","type-post","status-publish","format-standard","has-post-thumbnail","hentry","category-a-la-une","category-politique","category-tunisie","tag-cessez-le-feu","tag-france","tag-gaza","tag-genocide","tag-israel","tag-liban","tag-lyon","tag-palestiniens","tag-paris","tag-toulouse"],"yoast_head":"<!-- This site is optimized with the Yoast SEO plugin v26.6 - https:\/\/yoast.com\/wordpress\/plugins\/seo\/ -->\n<title>En images: Marche \u00e0 Paris pour d\u00e9noncer le g\u00e9nocide perp\u00e9tr\u00e9 par Isra\u00ebl \u00e0 Gaza - Kapitalis<\/title>\n<meta name=\"robots\" content=\"index, follow, max-snippet:-1, max-image-preview:large, max-video-preview:-1\" \/>\n<link rel=\"canonical\" href=\"https:\/\/kapitalis.com\/tunisie\/2024\/10\/06\/en-images-marche-a-paris-pour-denoncer-le-genocide-disrael-a-gaza\/\" \/>\n<meta property=\"og:locale\" content=\"fr_FR\" \/>\n<meta property=\"og:type\" content=\"article\" \/>\n<meta property=\"og:title\" content=\"En images: Marche \u00e0 Paris pour d\u00e9noncer le g\u00e9nocide perp\u00e9tr\u00e9 par Isra\u00ebl \u00e0 Gaza - Kapitalis\" \/>\n<meta property=\"og:description\" content=\"A Paris, 5000 personnes, selon la police, ont d\u00e9fil\u00e9, entre la place de la R\u00e9publique et celle de Clichy, criaient \u00abPalestine vivra, Palestine vaincra\u00bb.\" \/>\n<meta property=\"og:url\" content=\"https:\/\/kapitalis.com\/tunisie\/2024\/10\/06\/en-images-marche-a-paris-pour-denoncer-le-genocide-disrael-a-gaza\/\" \/>\n<meta property=\"og:site_name\" content=\"Kapitalis\" \/>\n<meta property=\"article:publisher\" content=\"https:\/\/www.facebook.com\/KapitalisInfo\/\" \/>\n<meta property=\"article:published_time\" content=\"2024-10-06T08:03:28+00:00\" \/>\n<meta property=\"article:modified_time\" content=\"2024-10-06T08:04:41+00:00\" \/>\n<meta property=\"og:image\" content=\"https:\/\/kapitalis.com\/tunisie\/wp-content\/uploads\/2024\/10\/Manif-Paris-5-octobre-2024-Ban-.jpg\" \/>\n\t<meta property=\"og:image:width\" content=\"1200\" \/>\n\t<meta property=\"og:image:height\" content=\"630\" \/>\n\t<meta property=\"og:image:type\" content=\"image\/jpeg\" \/>\n<meta name=\"author\" content=\"webmaster kapitalis\" \/>\n<meta name=\"twitter:card\" content=\"summary_large_image\" \/>\n<meta name=\"twitter:creator\" content=\"@KapitalisInfo\" \/>\n<meta name=\"twitter:site\" content=\"@KapitalisInfo\" \/>\n<meta name=\"twitter:label1\" content=\"\u00c9crit par\" \/>\n\t<meta name=\"twitter:data1\" content=\"webmaster kapitalis\" \/>\n\t<meta name=\"twitter:label2\" content=\"Dur\u00e9e de lecture estim\u00e9e\" \/>\n\t<meta name=\"twitter:data2\" content=\"8 minutes\" \/>\n<script type=\"application\/ld+json\" class=\"yoast-schema-graph\">{\"@context\":\"https:\/\/schema.org\",\"@graph\":[{\"@type\":\"Article\",\"@id\":\"https:\/\/kapitalis.com\/tunisie\/2024\/10\/06\/en-images-marche-a-paris-pour-denoncer-le-genocide-disrael-a-gaza\/#article\",\"isPartOf\":{\"@id\":\"https:\/\/kapitalis.com\/tunisie\/2024\/10\/06\/en-images-marche-a-paris-pour-denoncer-le-genocide-disrael-a-gaza\/\"},\"author\":{\"name\":\"webmaster kapitalis\",\"@id\":\"https:\/\/kapitalis.com\/tunisie\/#\/schema\/person\/d71f33a9ca44f7bad4698210b480c8e9\"},\"headline\":\"En images: Marche \u00e0 Paris pour d\u00e9noncer le g\u00e9nocide perp\u00e9tr\u00e9 par Isra\u00ebl \u00e0 Gaza\",\"datePublished\":\"2024-10-06T08:03:28+00:00\",\"dateModified\":\"2024-10-06T08:04:41+00:00\",\"mainEntityOfPage\":{\"@id\":\"https:\/\/kapitalis.com\/tunisie\/2024\/10\/06\/en-images-marche-a-paris-pour-denoncer-le-genocide-disrael-a-gaza\/\"},\"wordCount\":657,\"commentCount\":0,\"publisher\":{\"@id\":\"https:\/\/kapitalis.com\/tunisie\/#organization\"},\"image\":{\"@id\":\"https:\/\/kapitalis.com\/tunisie\/2024\/10\/06\/en-images-marche-a-paris-pour-denoncer-le-genocide-disrael-a-gaza\/#primaryimage\"},\"thumbnailUrl\":\"https:\/\/kapitalis.com\/tunisie\/wp-content\/uploads\/2024\/10\/Manif-Paris-5-octobre-2024-Ban-.jpg\",\"keywords\":[\"cessez-le-feu\",\"France\",\"Gaza\",\"g\u00e9nocide\",\"Isra\u00ebl\",\"Liban\",\"Lyon\",\"Palestiniens\",\"Paris\",\"Toulouse\"],\"articleSection\":[\"A LA UNE\",\"POLITIQUE\",\"Tunisie\"],\"inLanguage\":\"fr-FR\",\"potentialAction\":[{\"@type\":\"CommentAction\",\"name\":\"Comment\",\"target\":[\"https:\/\/kapitalis.com\/tunisie\/2024\/10\/06\/en-images-marche-a-paris-pour-denoncer-le-genocide-disrael-a-gaza\/#respond\"]}]},{\"@type\":\"WebPage\",\"@id\":\"https:\/\/kapitalis.com\/tunisie\/2024\/10\/06\/en-images-marche-a-paris-pour-denoncer-le-genocide-disrael-a-gaza\/\",\"url\":\"https:\/\/kapitalis.com\/tunisie\/2024\/10\/06\/en-images-marche-a-paris-pour-denoncer-le-genocide-disrael-a-gaza\/\",\"name\":\"En images: Marche \u00e0 Paris pour d\u00e9noncer le g\u00e9nocide perp\u00e9tr\u00e9 par Isra\u00ebl \u00e0 Gaza - Kapitalis\",\"isPartOf\":{\"@id\":\"https:\/\/kapitalis.com\/tunisie\/#website\"},\"primaryImageOfPage\":{\"@id\":\"https:\/\/kapitalis.com\/tunisie\/2024\/10\/06\/en-images-marche-a-paris-pour-denoncer-le-genocide-disrael-a-gaza\/#primaryimage\"},\"image\":{\"@id\":\"https:\/\/kapitalis.com\/tunisie\/2024\/10\/06\/en-images-marche-a-paris-pour-denoncer-le-genocide-disrael-a-gaza\/#primaryimage\"},\"thumbnailUrl\":\"https:\/\/kapitalis.com\/tunisie\/wp-content\/uploads\/2024\/10\/Manif-Paris-5-octobre-2024-Ban-.jpg\",\"datePublished\":\"2024-10-06T08:03:28+00:00\",\"dateModified\":\"2024-10-06T08:04:41+00:00\",\"breadcrumb\":{\"@id\":\"https:\/\/kapitalis.com\/tunisie\/2024\/10\/06\/en-images-marche-a-paris-pour-denoncer-le-genocide-disrael-a-gaza\/#breadcrumb\"},\"inLanguage\":\"fr-FR\",\"potentialAction\":[{\"@type\":\"ReadAction\",\"target\":[\"https:\/\/kapitalis.com\/tunisie\/2024\/10\/06\/en-images-marche-a-paris-pour-denoncer-le-genocide-disrael-a-gaza\/\"]}]},{\"@type\":\"ImageObject\",\"inLanguage\":\"fr-FR\",\"@id\":\"https:\/\/kapitalis.com\/tunisie\/2024\/10\/06\/en-images-marche-a-paris-pour-denoncer-le-genocide-disrael-a-gaza\/#primaryimage\",\"url\":\"https:\/\/kapitalis.com\/tunisie\/wp-content\/uploads\/2024\/10\/Manif-Paris-5-octobre-2024-Ban-.jpg\",\"contentUrl\":\"https:\/\/kapitalis.com\/tunisie\/wp-content\/uploads\/2024\/10\/Manif-Paris-5-octobre-2024-Ban-.jpg\",\"width\":1200,\"height\":630},{\"@type\":\"BreadcrumbList\",\"@id\":\"https:\/\/kapitalis.com\/tunisie\/2024\/10\/06\/en-images-marche-a-paris-pour-denoncer-le-genocide-disrael-a-gaza\/#breadcrumb\",\"itemListElement\":[{\"@type\":\"ListItem\",\"position\":1,\"name\":\"Accueil\",\"item\":\"https:\/\/kapitalis.com\/tunisie\/\"},{\"@type\":\"ListItem\",\"position\":2,\"name\":\"En images: Marche \u00e0 Paris pour d\u00e9noncer le g\u00e9nocide perp\u00e9tr\u00e9 par Isra\u00ebl \u00e0 Gaza\"}]},{\"@type\":\"WebSite\",\"@id\":\"https:\/\/kapitalis.com\/tunisie\/#website\",\"url\":\"https:\/\/kapitalis.com\/tunisie\/\",\"name\":\"Kapitalis\",\"description\":\"L&#039;actualit\u00e9 en Tunisie et dans le monde\",\"publisher\":{\"@id\":\"https:\/\/kapitalis.com\/tunisie\/#organization\"},\"potentialAction\":[{\"@type\":\"SearchAction\",\"target\":{\"@type\":\"EntryPoint\",\"urlTemplate\":\"https:\/\/kapitalis.com\/tunisie\/?s={search_term_string}\"},\"query-input\":{\"@type\":\"PropertyValueSpecification\",\"valueRequired\":true,\"valueName\":\"search_term_string\"}}],\"inLanguage\":\"fr-FR\"},{\"@type\":\"Organization\",\"@id\":\"https:\/\/kapitalis.com\/tunisie\/#organization\",\"name\":\"Kapitalis\",\"url\":\"https:\/\/kapitalis.com\/tunisie\/\",\"logo\":{\"@type\":\"ImageObject\",\"inLanguage\":\"fr-FR\",\"@id\":\"https:\/\/kapitalis.com\/tunisie\/#\/schema\/logo\/image\/\",\"url\":\"https:\/\/kapitalis.com\/tunisie\/wp-content\/uploads\/2022\/05\/Kapitalis-big-size.png\",\"contentUrl\":\"https:\/\/kapitalis.com\/tunisie\/wp-content\/uploads\/2022\/05\/Kapitalis-big-size.png\",\"width\":5000,\"height\":1500,\"caption\":\"Kapitalis\"},\"image\":{\"@id\":\"https:\/\/kapitalis.com\/tunisie\/#\/schema\/logo\/image\/\"},\"sameAs\":[\"https:\/\/www.facebook.com\/KapitalisInfo\/\",\"https:\/\/x.com\/KapitalisInfo\",\"https:\/\/www.youtube.com\/channel\/UC-yDYrHyfFBWWZaOw3FPg9Q\"]},{\"@type\":\"Person\",\"@id\":\"https:\/\/kapitalis.com\/tunisie\/#\/schema\/person\/d71f33a9ca44f7bad4698210b480c8e9\",\"name\":\"webmaster kapitalis\",\"url\":\"https:\/\/kapitalis.com\/tunisie\/author\/webmaster-kapitalis\/\"}]}<\/script>\n<!-- \/ Yoast SEO plugin. -->","yoast_head_json":{"title":"En images: Marche \u00e0 Paris pour d\u00e9noncer le g\u00e9nocide perp\u00e9tr\u00e9 par Isra\u00ebl \u00e0 Gaza - Kapitalis","robots":{"index":"index","follow":"follow","max-snippet":"max-snippet:-1","max-image-preview":"max-image-preview:large","max-video-preview":"max-video-preview:-1"},"canonical":"https:\/\/kapitalis.com\/tunisie\/2024\/10\/06\/en-images-marche-a-paris-pour-denoncer-le-genocide-disrael-a-gaza\/","og_locale":"fr_FR","og_type":"article","og_title":"En images: Marche \u00e0 Paris pour d\u00e9noncer le g\u00e9nocide perp\u00e9tr\u00e9 par Isra\u00ebl \u00e0 Gaza - Kapitalis","og_description":"A Paris, 5000 personnes, selon la police, ont d\u00e9fil\u00e9, entre la place de la R\u00e9publique et celle de Clichy, criaient \u00abPalestine vivra, Palestine vaincra\u00bb.","og_url":"https:\/\/kapitalis.com\/tunisie\/2024\/10\/06\/en-images-marche-a-paris-pour-denoncer-le-genocide-disrael-a-gaza\/","og_site_name":"Kapitalis","article_publisher":"https:\/\/www.facebook.com\/KapitalisInfo\/","article_published_time":"2024-10-06T08:03:28+00:00","article_modified_time":"2024-10-06T08:04:41+00:00","og_image":[{"width":1200,"height":630,"url":"https:\/\/kapitalis.com\/tunisie\/wp-content\/uploads\/2024\/10\/Manif-Paris-5-octobre-2024-Ban-.jpg","type":"image\/jpeg"}],"author":"webmaster kapitalis","twitter_card":"summary_large_image","twitter_creator":"@KapitalisInfo","twitter_site":"@KapitalisInfo","twitter_misc":{"\u00c9crit par":"webmaster kapitalis","Dur\u00e9e de lecture estim\u00e9e":"8 minutes"},"schema":{"@context":"https:\/\/schema.org","@graph":[{"@type":"Article","@id":"https:\/\/kapitalis.com\/tunisie\/2024\/10\/06\/en-images-marche-a-paris-pour-denoncer-le-genocide-disrael-a-gaza\/#article","isPartOf":{"@id":"https:\/\/kapitalis.com\/tunisie\/2024\/10\/06\/en-images-marche-a-paris-pour-denoncer-le-genocide-disrael-a-gaza\/"},"author":{"name":"webmaster kapitalis","@id":"https:\/\/kapitalis.com\/tunisie\/#\/schema\/person\/d71f33a9ca44f7bad4698210b480c8e9"},"headline":"En images: Marche \u00e0 Paris pour d\u00e9noncer le g\u00e9nocide perp\u00e9tr\u00e9 par Isra\u00ebl \u00e0 Gaza","datePublished":"2024-10-06T08:03:28+00:00","dateModified":"2024-10-06T08:04:41+00:00","mainEntityOfPage":{"@id":"https:\/\/kapitalis.com\/tunisie\/2024\/10\/06\/en-images-marche-a-paris-pour-denoncer-le-genocide-disrael-a-gaza\/"},"wordCount":657,"commentCount":0,"publisher":{"@id":"https:\/\/kapitalis.com\/tunisie\/#organization"},"image":{"@id":"https:\/\/kapitalis.com\/tunisie\/2024\/10\/06\/en-images-marche-a-paris-pour-denoncer-le-genocide-disrael-a-gaza\/#primaryimage"},"thumbnailUrl":"https:\/\/kapitalis.com\/tunisie\/wp-content\/uploads\/2024\/10\/Manif-Paris-5-octobre-2024-Ban-.jpg","keywords":["cessez-le-feu","France","Gaza","g\u00e9nocide","Isra\u00ebl","Liban","Lyon","Palestiniens","Paris","Toulouse"],"articleSection":["A LA UNE","POLITIQUE","Tunisie"],"inLanguage":"fr-FR","potentialAction":[{"@type":"CommentAction","name":"Comment","target":["https:\/\/kapitalis.com\/tunisie\/2024\/10\/06\/en-images-marche-a-paris-pour-denoncer-le-genocide-disrael-a-gaza\/#respond"]}]},{"@type":"WebPage","@id":"https:\/\/kapitalis.com\/tunisie\/2024\/10\/06\/en-images-marche-a-paris-pour-denoncer-le-genocide-disrael-a-gaza\/","url":"https:\/\/kapitalis.com\/tunisie\/2024\/10\/06\/en-images-marche-a-paris-pour-denoncer-le-genocide-disrael-a-gaza\/","name":"En images: Marche \u00e0 Paris pour d\u00e9noncer le g\u00e9nocide perp\u00e9tr\u00e9 par Isra\u00ebl \u00e0 Gaza - Kapitalis","isPartOf":{"@id":"https:\/\/kapitalis.com\/tunisie\/#website"},"primaryImageOfPage":{"@id":"https:\/\/kapitalis.com\/tunisie\/2024\/10\/06\/en-images-marche-a-paris-pour-denoncer-le-genocide-disrael-a-gaza\/#primaryimage"},"image":{"@id":"https:\/\/kapitalis.com\/tunisie\/2024\/10\/06\/en-images-marche-a-paris-pour-denoncer-le-genocide-disrael-a-gaza\/#primaryimage"},"thumbnailUrl":"https:\/\/kapitalis.com\/tunisie\/wp-content\/uploads\/2024\/10\/Manif-Paris-5-octobre-2024-Ban-.jpg","datePublished":"2024-10-06T08:03:28+00:00","dateModified":"2024-10-06T08:04:41+00:00","breadcrumb":{"@id":"https:\/\/kapitalis.com\/tunisie\/2024\/10\/06\/en-images-marche-a-paris-pour-denoncer-le-genocide-disrael-a-gaza\/#breadcrumb"},"inLanguage":"fr-FR","potentialAction":[{"@type":"ReadAction","target":["https:\/\/kapitalis.com\/tunisie\/2024\/10\/06\/en-images-marche-a-paris-pour-denoncer-le-genocide-disrael-a-gaza\/"]}]},{"@type":"ImageObject","inLanguage":"fr-FR","@id":"https:\/\/kapitalis.com\/tunisie\/2024\/10\/06\/en-images-marche-a-paris-pour-denoncer-le-genocide-disrael-a-gaza\/#primaryimage","url":"https:\/\/kapitalis.com\/tunisie\/wp-content\/uploads\/2024\/10\/Manif-Paris-5-octobre-2024-Ban-.jpg","contentUrl":"https:\/\/kapitalis.com\/tunisie\/wp-content\/uploads\/2024\/10\/Manif-Paris-5-octobre-2024-Ban-.jpg","width":1200,"height":630},{"@type":"BreadcrumbList","@id":"https:\/\/kapitalis.com\/tunisie\/2024\/10\/06\/en-images-marche-a-paris-pour-denoncer-le-genocide-disrael-a-gaza\/#breadcrumb","itemListElement":[{"@type":"ListItem","position":1,"name":"Accueil","item":"https:\/\/kapitalis.com\/tunisie\/"},{"@type":"ListItem","position":2,"name":"En images: Marche \u00e0 Paris pour d\u00e9noncer le g\u00e9nocide perp\u00e9tr\u00e9 par Isra\u00ebl \u00e0 Gaza"}]},{"@type":"WebSite","@id":"https:\/\/kapitalis.com\/tunisie\/#website","url":"https:\/\/kapitalis.com\/tunisie\/","name":"Kapitalis","description":"L&#039;actualit\u00e9 en Tunisie et dans le monde","publisher":{"@id":"https:\/\/kapitalis.com\/tunisie\/#organization"},"potentialAction":[{"@type":"SearchAction","target":{"@type":"EntryPoint","urlTemplate":"https:\/\/kapitalis.com\/tunisie\/?s={search_term_string}"},"query-input":{"@type":"PropertyValueSpecification","valueRequired":true,"valueName":"search_term_string"}}],"inLanguage":"fr-FR"},{"@type":"Organization","@id":"https:\/\/kapitalis.com\/tunisie\/#organization","name":"Kapitalis","url":"https:\/\/kapitalis.com\/tunisie\/","logo":{"@type":"ImageObject","inLanguage":"fr-FR","@id":"https:\/\/kapitalis.com\/tunisie\/#\/schema\/logo\/image\/","url":"https:\/\/kapitalis.com\/tunisie\/wp-content\/uploads\/2022\/05\/Kapitalis-big-size.png","contentUrl":"https:\/\/kapitalis.com\/tunisie\/wp-content\/uploads\/2022\/05\/Kapitalis-big-size.png","width":5000,"height":1500,"caption":"Kapitalis"},"image":{"@id":"https:\/\/kapitalis.com\/tunisie\/#\/schema\/logo\/image\/"},"sameAs":["https:\/\/www.facebook.com\/KapitalisInfo\/","https:\/\/x.com\/KapitalisInfo","https:\/\/www.youtube.com\/channel\/UC-yDYrHyfFBWWZaOw3FPg9Q"]},{"@type":"Person","@id":"https:\/\/kapitalis.com\/tunisie\/#\/schema\/person\/d71f33a9ca44f7bad4698210b480c8e9","name":"webmaster kapitalis","url":"https:\/\/kapitalis.com\/tunisie\/author\/webmaster-kapitalis\/"}]}},"_links":{"self":[{"href":"https:\/\/kapitalis.com\/tunisie\/wp-json\/wp\/v2\/posts\/14126494","targetHints":{"allow":["GET"]}}],"collection":[{"href":"https:\/\/kapitalis.com\/tunisie\/wp-json\/wp\/v2\/posts"}],"about":[{"href":"https:\/\/kapitalis.com\/tunisie\/wp-json\/wp\/v2\/types\/post"}],"author":[{"embeddable":true,"href":"https:\/\/kapitalis.com\/tunisie\/wp-json\/wp\/v2\/users\/8"}],"replies":[{"embeddable":true,"href":"https:\/\/kapitalis.com\/tunisie\/wp-json\/wp\/v2\/comments?post=14126494"}],"version-history":[{"count":2,"href":"https:\/\/kapitalis.com\/tunisie\/wp-json\/wp\/v2\/posts\/14126494\/revisions"}],"predecessor-version":[{"id":14126557,"href":"https:\/\/kapitalis.com\/tunisie\/wp-json\/wp\/v2\/posts\/14126494\/revisions\/14126557"}],"wp:featuredmedia":[{"embeddable":true,"href":"https:\/\/kapitalis.com\/tunisie\/wp-json\/wp\/v2\/media\/14126521"}],"wp:attachment":[{"href":"https:\/\/kapitalis.com\/tunisie\/wp-json\/wp\/v2\/media?parent=14126494"}],"wp:term":[{"taxonomy":"category","embeddable":true,"href":"https:\/\/kapitalis.com\/tunisie\/wp-json\/wp\/v2\/categories?post=14126494"},{"taxonomy":"post_tag","embeddable":true,"href":"https:\/\/kapitalis.com\/tunisie\/wp-json\/wp\/v2\/tags?post=14126494"}],"curies":[{"name":"wp","href":"https:\/\/api.w.org\/{rel}","templated":true}]}}