{"id":14140205,"date":"2024-10-08T13:09:19","date_gmt":"2024-10-08T12:09:19","guid":{"rendered":"https:\/\/kapitalis.com\/tunisie\/?p=14140205"},"modified":"2024-10-08T13:09:21","modified_gmt":"2024-10-08T12:09:21","slug":"vient-de-paraitre-la-mortalite-infantile-en-tunisie","status":"publish","type":"post","link":"https:\/\/kapitalis.com\/tunisie\/2024\/10\/08\/vient-de-paraitre-la-mortalite-infantile-en-tunisie\/","title":{"rendered":"Vient de para\u00eetre\u00a0: \u2018\u2018La mortalit\u00e9 infantile en Tunisie\u2019\u2019"},"content":{"rendered":"\n<p><strong><em>Sofiane Bouhdiba, professeur de d\u00e9mographie \u00e0 l\u2019Universit\u00e9 de Tunis, vient de publier un nouvel ouvrage intitul\u00e9 \u2018\u2018La mortalit\u00e9 infantile en Tunisie\u00a0: Histoire, culture, pratiques\u2019\u2019 (\u00e9d. L\u2019Harmattan, Paris, octobre 2024, 194 pages).<\/em><\/strong><\/p>\n\n\n\n<!--more-->\n\n\n\n<p>La mortalit\u00e9 infantile est consid\u00e9r\u00e9e comme un crit\u00e8re majeur de sous-d\u00e9veloppement, puisqu\u2019elle t\u00e9moigne d\u2019un retard, non seulement au niveau des infrastructures m\u00e9dicales et param\u00e9dicales mises \u00e0 la disposition des populations, mais \u00e9galement au niveau des mentalit\u00e9s et des modes de vie, qui se traduit par exemple par le manque de savoir-faire et le fatalisme des familles face \u00e0 la maladie de l\u2019enfant.<\/p>\n\n\n\n<p>Dans cet ouvrage, accessible \u00e0 tous, Sofiane Bouhdiba n\u2019ambitionne pas simplement de d\u00e9crire la mortalit\u00e9 infantile en Tunisie, mais plut\u00f4t d\u2019analyser le plus finement possible les d\u00e9terminants socioculturels du ph\u00e9nom\u00e8ne, et notamment la nature de la souffrance des personnes touch\u00e9es d\u2019une mani\u00e8re ou d\u2019une autre par la perte d\u2019un enfant dans un contexte arabo-musulman \u00e9mancip\u00e9, comme c\u2019est le cas en Tunisie.<\/p>\n\n\n\n<p>Sofiane Bouhdiba est professeur de d\u00e9mographie \u00e0 l\u2019Universit\u00e9 de Tunis. Il a enseign\u00e9 dans de nombreuses universit\u00e9s en Europe, en Afrique et aux \u00c9tats-Unis, et particip\u00e9 \u00e0 un grand nombre de conf\u00e9rences internationales sur diverses th\u00e9matiques li\u00e9es \u00e0 l\u2019\u00e9tude des populations. Consultant international aux Nations unies, grand sp\u00e9cialiste de la mortalit\u00e9, il a \u00e9crit une vingtaine de livres et une soixantaine d\u2019articles scientifiques en fran\u00e7ais et en anglais, publi\u00e9s dans des revues internationales.<\/p>\n","protected":false},"excerpt":{"rendered":"<p>Sofiane Bouhdiba, professeur de d\u00e9mographie \u00e0 l\u2019Universit\u00e9 de Tunis, vient de publier un nouvel ouvrage intitul\u00e9 \u2018\u2018La mortalit\u00e9 infantile en Tunisie\u00a0\u00bb?<\/p>\n","protected":false},"author":8,"featured_media":14140216,"comment_status":"open","ping_status":"open","sticky":false,"template":"","format":"standard","meta":{"footnotes":""},"categories":[994,2433],"tags":[104429,118287,73727,30333],"class_list":["post-14140205","post","type-post","status-publish","format-standard","has-post-thumbnail","hentry","category-culture","category-tunisie","tag-demographie","tag-mortalite-infantile","tag-sofiane-bouhdiba","tag-universite-de-tunis"],"yoast_head":"<!-- This site is optimized with the Yoast SEO plugin v26.6 - https:\/\/yoast.com\/wordpress\/plugins\/seo\/ -->\n<title>Vient de para\u00eetre\u00a0: \u2018\u2018La mortalit\u00e9 infantile en Tunisie\u2019\u2019 - Kapitalis<\/title>\n<meta name=\"robots\" content=\"index, follow, max-snippet:-1, max-image-preview:large, max-video-preview:-1\" \/>\n<link rel=\"canonical\" href=\"https:\/\/kapitalis.com\/tunisie\/2024\/10\/08\/vient-de-paraitre-la-mortalite-infantile-en-tunisie\/\" \/>\n<meta property=\"og:locale\" content=\"fr_FR\" \/>\n<meta property=\"og:type\" content=\"article\" \/>\n<meta property=\"og:title\" content=\"Vient de para\u00eetre\u00a0: \u2018\u2018La mortalit\u00e9 infantile en Tunisie\u2019\u2019 - Kapitalis\" \/>\n<meta property=\"og:description\" content=\"Sofiane Bouhdiba, professeur de d\u00e9mographie \u00e0 l\u2019Universit\u00e9 de Tunis, vient de publier un nouvel ouvrage intitul\u00e9 \u2018\u2018La mortalit\u00e9 infantile en Tunisie&quot;?\" \/>\n<meta property=\"og:url\" content=\"https:\/\/kapitalis.com\/tunisie\/2024\/10\/08\/vient-de-paraitre-la-mortalite-infantile-en-tunisie\/\" \/>\n<meta property=\"og:site_name\" content=\"Kapitalis\" \/>\n<meta property=\"article:publisher\" content=\"https:\/\/www.facebook.com\/KapitalisInfo\/\" \/>\n<meta property=\"article:published_time\" content=\"2024-10-08T12:09:19+00:00\" \/>\n<meta property=\"article:modified_time\" content=\"2024-10-08T12:09:21+00:00\" \/>\n<meta property=\"og:image\" content=\"https:\/\/kapitalis.com\/tunisie\/wp-content\/uploads\/2024\/10\/Sofiane-Bouhdiba.jpg\" \/>\n\t<meta property=\"og:image:width\" content=\"1200\" \/>\n\t<meta property=\"og:image:height\" content=\"630\" \/>\n\t<meta property=\"og:image:type\" content=\"image\/jpeg\" \/>\n<meta name=\"author\" content=\"webmaster kapitalis\" \/>\n<meta name=\"twitter:card\" content=\"summary_large_image\" \/>\n<meta name=\"twitter:creator\" content=\"@KapitalisInfo\" \/>\n<meta name=\"twitter:site\" content=\"@KapitalisInfo\" \/>\n<meta name=\"twitter:label1\" content=\"\u00c9crit par\" \/>\n\t<meta name=\"twitter:data1\" content=\"webmaster kapitalis\" \/>\n\t<meta name=\"twitter:label2\" content=\"Dur\u00e9e de lecture estim\u00e9e\" \/>\n\t<meta name=\"twitter:data2\" content=\"2 minutes\" \/>\n<script type=\"application\/ld+json\" class=\"yoast-schema-graph\">{\"@context\":\"https:\/\/schema.org\",\"@graph\":[{\"@type\":\"Article\",\"@id\":\"https:\/\/kapitalis.com\/tunisie\/2024\/10\/08\/vient-de-paraitre-la-mortalite-infantile-en-tunisie\/#article\",\"isPartOf\":{\"@id\":\"https:\/\/kapitalis.com\/tunisie\/2024\/10\/08\/vient-de-paraitre-la-mortalite-infantile-en-tunisie\/\"},\"author\":{\"name\":\"webmaster kapitalis\",\"@id\":\"https:\/\/kapitalis.com\/tunisie\/#\/schema\/person\/d71f33a9ca44f7bad4698210b480c8e9\"},\"headline\":\"Vient de para\u00eetre\u00a0: \u2018\u2018La mortalit\u00e9 infantile en Tunisie\u2019\u2019\",\"datePublished\":\"2024-10-08T12:09:19+00:00\",\"dateModified\":\"2024-10-08T12:09:21+00:00\",\"mainEntityOfPage\":{\"@id\":\"https:\/\/kapitalis.com\/tunisie\/2024\/10\/08\/vient-de-paraitre-la-mortalite-infantile-en-tunisie\/\"},\"wordCount\":265,\"commentCount\":0,\"publisher\":{\"@id\":\"https:\/\/kapitalis.com\/tunisie\/#organization\"},\"image\":{\"@id\":\"https:\/\/kapitalis.com\/tunisie\/2024\/10\/08\/vient-de-paraitre-la-mortalite-infantile-en-tunisie\/#primaryimage\"},\"thumbnailUrl\":\"https:\/\/kapitalis.com\/tunisie\/wp-content\/uploads\/2024\/10\/Sofiane-Bouhdiba.jpg\",\"keywords\":[\"d\u00e9mographie\",\"mortalit\u00e9 infantile\",\"Sofiane Bouhdiba\",\"Universit\u00e9 de Tunis\"],\"articleSection\":[\"CULTURE\",\"Tunisie\"],\"inLanguage\":\"fr-FR\",\"potentialAction\":[{\"@type\":\"CommentAction\",\"name\":\"Comment\",\"target\":[\"https:\/\/kapitalis.com\/tunisie\/2024\/10\/08\/vient-de-paraitre-la-mortalite-infantile-en-tunisie\/#respond\"]}]},{\"@type\":\"WebPage\",\"@id\":\"https:\/\/kapitalis.com\/tunisie\/2024\/10\/08\/vient-de-paraitre-la-mortalite-infantile-en-tunisie\/\",\"url\":\"https:\/\/kapitalis.com\/tunisie\/2024\/10\/08\/vient-de-paraitre-la-mortalite-infantile-en-tunisie\/\",\"name\":\"Vient de para\u00eetre\u00a0: \u2018\u2018La mortalit\u00e9 infantile en Tunisie\u2019\u2019 - Kapitalis\",\"isPartOf\":{\"@id\":\"https:\/\/kapitalis.com\/tunisie\/#website\"},\"primaryImageOfPage\":{\"@id\":\"https:\/\/kapitalis.com\/tunisie\/2024\/10\/08\/vient-de-paraitre-la-mortalite-infantile-en-tunisie\/#primaryimage\"},\"image\":{\"@id\":\"https:\/\/kapitalis.com\/tunisie\/2024\/10\/08\/vient-de-paraitre-la-mortalite-infantile-en-tunisie\/#primaryimage\"},\"thumbnailUrl\":\"https:\/\/kapitalis.com\/tunisie\/wp-content\/uploads\/2024\/10\/Sofiane-Bouhdiba.jpg\",\"datePublished\":\"2024-10-08T12:09:19+00:00\",\"dateModified\":\"2024-10-08T12:09:21+00:00\",\"breadcrumb\":{\"@id\":\"https:\/\/kapitalis.com\/tunisie\/2024\/10\/08\/vient-de-paraitre-la-mortalite-infantile-en-tunisie\/#breadcrumb\"},\"inLanguage\":\"fr-FR\",\"potentialAction\":[{\"@type\":\"ReadAction\",\"target\":[\"https:\/\/kapitalis.com\/tunisie\/2024\/10\/08\/vient-de-paraitre-la-mortalite-infantile-en-tunisie\/\"]}]},{\"@type\":\"ImageObject\",\"inLanguage\":\"fr-FR\",\"@id\":\"https:\/\/kapitalis.com\/tunisie\/2024\/10\/08\/vient-de-paraitre-la-mortalite-infantile-en-tunisie\/#primaryimage\",\"url\":\"https:\/\/kapitalis.com\/tunisie\/wp-content\/uploads\/2024\/10\/Sofiane-Bouhdiba.jpg\",\"contentUrl\":\"https:\/\/kapitalis.com\/tunisie\/wp-content\/uploads\/2024\/10\/Sofiane-Bouhdiba.jpg\",\"width\":1200,\"height\":630},{\"@type\":\"BreadcrumbList\",\"@id\":\"https:\/\/kapitalis.com\/tunisie\/2024\/10\/08\/vient-de-paraitre-la-mortalite-infantile-en-tunisie\/#breadcrumb\",\"itemListElement\":[{\"@type\":\"ListItem\",\"position\":1,\"name\":\"Accueil\",\"item\":\"https:\/\/kapitalis.com\/tunisie\/\"},{\"@type\":\"ListItem\",\"position\":2,\"name\":\"Vient de para\u00eetre\u00a0: \u2018\u2018La mortalit\u00e9 infantile en Tunisie\u2019\u2019\"}]},{\"@type\":\"WebSite\",\"@id\":\"https:\/\/kapitalis.com\/tunisie\/#website\",\"url\":\"https:\/\/kapitalis.com\/tunisie\/\",\"name\":\"Kapitalis\",\"description\":\"L&#039;actualit\u00e9 en Tunisie et dans le monde\",\"publisher\":{\"@id\":\"https:\/\/kapitalis.com\/tunisie\/#organization\"},\"potentialAction\":[{\"@type\":\"SearchAction\",\"target\":{\"@type\":\"EntryPoint\",\"urlTemplate\":\"https:\/\/kapitalis.com\/tunisie\/?s={search_term_string}\"},\"query-input\":{\"@type\":\"PropertyValueSpecification\",\"valueRequired\":true,\"valueName\":\"search_term_string\"}}],\"inLanguage\":\"fr-FR\"},{\"@type\":\"Organization\",\"@id\":\"https:\/\/kapitalis.com\/tunisie\/#organization\",\"name\":\"Kapitalis\",\"url\":\"https:\/\/kapitalis.com\/tunisie\/\",\"logo\":{\"@type\":\"ImageObject\",\"inLanguage\":\"fr-FR\",\"@id\":\"https:\/\/kapitalis.com\/tunisie\/#\/schema\/logo\/image\/\",\"url\":\"https:\/\/kapitalis.com\/tunisie\/wp-content\/uploads\/2022\/05\/Kapitalis-big-size.png\",\"contentUrl\":\"https:\/\/kapitalis.com\/tunisie\/wp-content\/uploads\/2022\/05\/Kapitalis-big-size.png\",\"width\":5000,\"height\":1500,\"caption\":\"Kapitalis\"},\"image\":{\"@id\":\"https:\/\/kapitalis.com\/tunisie\/#\/schema\/logo\/image\/\"},\"sameAs\":[\"https:\/\/www.facebook.com\/KapitalisInfo\/\",\"https:\/\/x.com\/KapitalisInfo\",\"https:\/\/www.youtube.com\/channel\/UC-yDYrHyfFBWWZaOw3FPg9Q\"]},{\"@type\":\"Person\",\"@id\":\"https:\/\/kapitalis.com\/tunisie\/#\/schema\/person\/d71f33a9ca44f7bad4698210b480c8e9\",\"name\":\"webmaster kapitalis\",\"url\":\"https:\/\/kapitalis.com\/tunisie\/author\/webmaster-kapitalis\/\"}]}<\/script>\n<!-- \/ Yoast SEO plugin. -->","yoast_head_json":{"title":"Vient de para\u00eetre\u00a0: \u2018\u2018La mortalit\u00e9 infantile en Tunisie\u2019\u2019 - Kapitalis","robots":{"index":"index","follow":"follow","max-snippet":"max-snippet:-1","max-image-preview":"max-image-preview:large","max-video-preview":"max-video-preview:-1"},"canonical":"https:\/\/kapitalis.com\/tunisie\/2024\/10\/08\/vient-de-paraitre-la-mortalite-infantile-en-tunisie\/","og_locale":"fr_FR","og_type":"article","og_title":"Vient de para\u00eetre\u00a0: \u2018\u2018La mortalit\u00e9 infantile en Tunisie\u2019\u2019 - Kapitalis","og_description":"Sofiane Bouhdiba, professeur de d\u00e9mographie \u00e0 l\u2019Universit\u00e9 de Tunis, vient de publier un nouvel ouvrage intitul\u00e9 \u2018\u2018La mortalit\u00e9 infantile en Tunisie\"?","og_url":"https:\/\/kapitalis.com\/tunisie\/2024\/10\/08\/vient-de-paraitre-la-mortalite-infantile-en-tunisie\/","og_site_name":"Kapitalis","article_publisher":"https:\/\/www.facebook.com\/KapitalisInfo\/","article_published_time":"2024-10-08T12:09:19+00:00","article_modified_time":"2024-10-08T12:09:21+00:00","og_image":[{"width":1200,"height":630,"url":"https:\/\/kapitalis.com\/tunisie\/wp-content\/uploads\/2024\/10\/Sofiane-Bouhdiba.jpg","type":"image\/jpeg"}],"author":"webmaster kapitalis","twitter_card":"summary_large_image","twitter_creator":"@KapitalisInfo","twitter_site":"@KapitalisInfo","twitter_misc":{"\u00c9crit par":"webmaster kapitalis","Dur\u00e9e de lecture estim\u00e9e":"2 minutes"},"schema":{"@context":"https:\/\/schema.org","@graph":[{"@type":"Article","@id":"https:\/\/kapitalis.com\/tunisie\/2024\/10\/08\/vient-de-paraitre-la-mortalite-infantile-en-tunisie\/#article","isPartOf":{"@id":"https:\/\/kapitalis.com\/tunisie\/2024\/10\/08\/vient-de-paraitre-la-mortalite-infantile-en-tunisie\/"},"author":{"name":"webmaster kapitalis","@id":"https:\/\/kapitalis.com\/tunisie\/#\/schema\/person\/d71f33a9ca44f7bad4698210b480c8e9"},"headline":"Vient de para\u00eetre\u00a0: \u2018\u2018La mortalit\u00e9 infantile en Tunisie\u2019\u2019","datePublished":"2024-10-08T12:09:19+00:00","dateModified":"2024-10-08T12:09:21+00:00","mainEntityOfPage":{"@id":"https:\/\/kapitalis.com\/tunisie\/2024\/10\/08\/vient-de-paraitre-la-mortalite-infantile-en-tunisie\/"},"wordCount":265,"commentCount":0,"publisher":{"@id":"https:\/\/kapitalis.com\/tunisie\/#organization"},"image":{"@id":"https:\/\/kapitalis.com\/tunisie\/2024\/10\/08\/vient-de-paraitre-la-mortalite-infantile-en-tunisie\/#primaryimage"},"thumbnailUrl":"https:\/\/kapitalis.com\/tunisie\/wp-content\/uploads\/2024\/10\/Sofiane-Bouhdiba.jpg","keywords":["d\u00e9mographie","mortalit\u00e9 infantile","Sofiane Bouhdiba","Universit\u00e9 de Tunis"],"articleSection":["CULTURE","Tunisie"],"inLanguage":"fr-FR","potentialAction":[{"@type":"CommentAction","name":"Comment","target":["https:\/\/kapitalis.com\/tunisie\/2024\/10\/08\/vient-de-paraitre-la-mortalite-infantile-en-tunisie\/#respond"]}]},{"@type":"WebPage","@id":"https:\/\/kapitalis.com\/tunisie\/2024\/10\/08\/vient-de-paraitre-la-mortalite-infantile-en-tunisie\/","url":"https:\/\/kapitalis.com\/tunisie\/2024\/10\/08\/vient-de-paraitre-la-mortalite-infantile-en-tunisie\/","name":"Vient de para\u00eetre\u00a0: \u2018\u2018La mortalit\u00e9 infantile en Tunisie\u2019\u2019 - Kapitalis","isPartOf":{"@id":"https:\/\/kapitalis.com\/tunisie\/#website"},"primaryImageOfPage":{"@id":"https:\/\/kapitalis.com\/tunisie\/2024\/10\/08\/vient-de-paraitre-la-mortalite-infantile-en-tunisie\/#primaryimage"},"image":{"@id":"https:\/\/kapitalis.com\/tunisie\/2024\/10\/08\/vient-de-paraitre-la-mortalite-infantile-en-tunisie\/#primaryimage"},"thumbnailUrl":"https:\/\/kapitalis.com\/tunisie\/wp-content\/uploads\/2024\/10\/Sofiane-Bouhdiba.jpg","datePublished":"2024-10-08T12:09:19+00:00","dateModified":"2024-10-08T12:09:21+00:00","breadcrumb":{"@id":"https:\/\/kapitalis.com\/tunisie\/2024\/10\/08\/vient-de-paraitre-la-mortalite-infantile-en-tunisie\/#breadcrumb"},"inLanguage":"fr-FR","potentialAction":[{"@type":"ReadAction","target":["https:\/\/kapitalis.com\/tunisie\/2024\/10\/08\/vient-de-paraitre-la-mortalite-infantile-en-tunisie\/"]}]},{"@type":"ImageObject","inLanguage":"fr-FR","@id":"https:\/\/kapitalis.com\/tunisie\/2024\/10\/08\/vient-de-paraitre-la-mortalite-infantile-en-tunisie\/#primaryimage","url":"https:\/\/kapitalis.com\/tunisie\/wp-content\/uploads\/2024\/10\/Sofiane-Bouhdiba.jpg","contentUrl":"https:\/\/kapitalis.com\/tunisie\/wp-content\/uploads\/2024\/10\/Sofiane-Bouhdiba.jpg","width":1200,"height":630},{"@type":"BreadcrumbList","@id":"https:\/\/kapitalis.com\/tunisie\/2024\/10\/08\/vient-de-paraitre-la-mortalite-infantile-en-tunisie\/#breadcrumb","itemListElement":[{"@type":"ListItem","position":1,"name":"Accueil","item":"https:\/\/kapitalis.com\/tunisie\/"},{"@type":"ListItem","position":2,"name":"Vient de para\u00eetre\u00a0: \u2018\u2018La mortalit\u00e9 infantile en Tunisie\u2019\u2019"}]},{"@type":"WebSite","@id":"https:\/\/kapitalis.com\/tunisie\/#website","url":"https:\/\/kapitalis.com\/tunisie\/","name":"Kapitalis","description":"L&#039;actualit\u00e9 en Tunisie et dans le monde","publisher":{"@id":"https:\/\/kapitalis.com\/tunisie\/#organization"},"potentialAction":[{"@type":"SearchAction","target":{"@type":"EntryPoint","urlTemplate":"https:\/\/kapitalis.com\/tunisie\/?s={search_term_string}"},"query-input":{"@type":"PropertyValueSpecification","valueRequired":true,"valueName":"search_term_string"}}],"inLanguage":"fr-FR"},{"@type":"Organization","@id":"https:\/\/kapitalis.com\/tunisie\/#organization","name":"Kapitalis","url":"https:\/\/kapitalis.com\/tunisie\/","logo":{"@type":"ImageObject","inLanguage":"fr-FR","@id":"https:\/\/kapitalis.com\/tunisie\/#\/schema\/logo\/image\/","url":"https:\/\/kapitalis.com\/tunisie\/wp-content\/uploads\/2022\/05\/Kapitalis-big-size.png","contentUrl":"https:\/\/kapitalis.com\/tunisie\/wp-content\/uploads\/2022\/05\/Kapitalis-big-size.png","width":5000,"height":1500,"caption":"Kapitalis"},"image":{"@id":"https:\/\/kapitalis.com\/tunisie\/#\/schema\/logo\/image\/"},"sameAs":["https:\/\/www.facebook.com\/KapitalisInfo\/","https:\/\/x.com\/KapitalisInfo","https:\/\/www.youtube.com\/channel\/UC-yDYrHyfFBWWZaOw3FPg9Q"]},{"@type":"Person","@id":"https:\/\/kapitalis.com\/tunisie\/#\/schema\/person\/d71f33a9ca44f7bad4698210b480c8e9","name":"webmaster kapitalis","url":"https:\/\/kapitalis.com\/tunisie\/author\/webmaster-kapitalis\/"}]}},"_links":{"self":[{"href":"https:\/\/kapitalis.com\/tunisie\/wp-json\/wp\/v2\/posts\/14140205","targetHints":{"allow":["GET"]}}],"collection":[{"href":"https:\/\/kapitalis.com\/tunisie\/wp-json\/wp\/v2\/posts"}],"about":[{"href":"https:\/\/kapitalis.com\/tunisie\/wp-json\/wp\/v2\/types\/post"}],"author":[{"embeddable":true,"href":"https:\/\/kapitalis.com\/tunisie\/wp-json\/wp\/v2\/users\/8"}],"replies":[{"embeddable":true,"href":"https:\/\/kapitalis.com\/tunisie\/wp-json\/wp\/v2\/comments?post=14140205"}],"version-history":[{"count":1,"href":"https:\/\/kapitalis.com\/tunisie\/wp-json\/wp\/v2\/posts\/14140205\/revisions"}],"predecessor-version":[{"id":14140218,"href":"https:\/\/kapitalis.com\/tunisie\/wp-json\/wp\/v2\/posts\/14140205\/revisions\/14140218"}],"wp:featuredmedia":[{"embeddable":true,"href":"https:\/\/kapitalis.com\/tunisie\/wp-json\/wp\/v2\/media\/14140216"}],"wp:attachment":[{"href":"https:\/\/kapitalis.com\/tunisie\/wp-json\/wp\/v2\/media?parent=14140205"}],"wp:term":[{"taxonomy":"category","embeddable":true,"href":"https:\/\/kapitalis.com\/tunisie\/wp-json\/wp\/v2\/categories?post=14140205"},{"taxonomy":"post_tag","embeddable":true,"href":"https:\/\/kapitalis.com\/tunisie\/wp-json\/wp\/v2\/tags?post=14140205"}],"curies":[{"name":"wp","href":"https:\/\/api.w.org\/{rel}","templated":true}]}}