{"id":14145014,"date":"2024-10-09T12:00:35","date_gmt":"2024-10-09T11:00:35","guid":{"rendered":"https:\/\/kapitalis.com\/tunisie\/?p=14145014"},"modified":"2024-10-09T12:00:37","modified_gmt":"2024-10-09T11:00:37","slug":"commerce-samir-abid-promet-la-fin-des-penuries-dici-la-fin-de-lannee","status":"publish","type":"post","link":"https:\/\/kapitalis.com\/tunisie\/2024\/10\/09\/commerce-samir-abid-promet-la-fin-des-penuries-dici-la-fin-de-lannee\/","title":{"rendered":"Commerce\u00a0: Samir Abid promet la fin des p\u00e9nuries d\u2019ici la fin de l\u2019ann\u00e9e"},"content":{"rendered":"\n<p><strong><em>Le ministre du Commerce et de la Promotion des exportations a d\u00e9clar\u00e9 que son d\u00e9partement \u0153uvre \u00e0 garantir l\u2019approvisionnement du march\u00e9 national en diff\u00e9rents produits de consommation et la satisfaction des besoins des citoyens en ces produits, et notamment ceux d\u2019entre eux qui connaissent des perturbations sur les circuits de distribution, \u00e0 l\u2019instar du caf\u00e9.<\/em><\/strong><em><strong> <\/strong>(Illustration: Samir Abid au march\u00e9 de gros de Moknine, le 3 octobre).<\/em><\/p>\n\n\n\n<!--more-->\n\n\n\n<p>Samir Abid, qui parlait aux m\u00e9dias en marge d\u2019une visite de travail effectu\u00e9e mardi 8 octobre 2024 au Kef, a assur\u00e9 que le caf\u00e9 sera disponible en quantit\u00e9 suffisante dans un d\u00e9lai qui ne d\u00e9passera pas deux semaines, rapporte <a href=\"https:\/\/www.mosaiquefm.net\/ar\/%D8%AA%D9%88%D9%86%D8%B3-%D8%A3%D8%AE%D8%A8%D8%A7%D8%B1-%D9%88%D8%B7%D9%86%D9%8A%D8%A9\/1324577\/%D9%88%D8%B2%D9%8A%D8%B1-%D8%A7%D9%84%D8%AA%D8%AC%D8%A7%D8%B1%D8%A9-%D8%A7%D9%84%D9%82%D9%87%D9%88%D8%A9-%D8%B3%D8%AA%D9%83%D9%88%D9%86-%D9%85%D8%AA%D9%88%D9%81%D8%B1%D8%A9-%D8%A8%D9%83%D9%85%D9%8A%D8%A7%D8%AA-%D9%83%D8%A7%D9%81%D9%8A%D8%A9-%D8%AE%D9%84%D8%A7%D9%84-%D8%A3%D8%B3%D8%A8%D9%88%D8%B9%D9%8A%D9%86\" target=\"_blank\" rel=\"noreferrer noopener\">Mosa\u00efque<\/a>.<\/p>\n\n\n\n<p>Ces assurances sont bonnes \u00e0 prendre et elles seront bien accueillies par les citoyens, qu\u2019ils soient de simples consommateurs ou des professionnels (industriels, cafetiers, h\u00f4teliers, restaurateurs, etc.), mais on aurait aim\u00e9 savoir les causes exactes de ces ruptures de stocks et de ces p\u00e9nuries qui se multiplient depuis deux ans et surviennent \u00e0 un rythme r\u00e9gulier. Sauf que le ministre, en bon technocrate affectionnant la langue de bois, nous laisse sur notre faim, se contentant de vagues promesses qui n\u2019engagent que ceux qui y croient.<\/p>\n\n\n\n<p>L\u2019Etat va \u0153uvrer \u00e0 l\u2019avenir \u00e0 approvisionner le march\u00e9 en diff\u00e9rents produits de consommation via les entreprises sp\u00e9cialis\u00e9es, afin que ces produits soient disponibles en quantit\u00e9 suffisante avant la fin de cette ann\u00e9e et afin de faciliter aux citoyens leur acquisition de mani\u00e8re normale, a promis le ministre, sachant que ses pr\u00e9d\u00e9cesseurs au poste avaient d\u00e9j\u00e0 fait cette m\u00eame promesse, et on ne sait pas pourquoi celle-ci n\u2019a-t-elle pas \u00e9t\u00e9 tenue et si elle va l\u2019\u00eatre vraiment un jour.<\/p>\n\n\n\n<p>Le gouvernement va \u0153uvrer \u00e0 renforcer la surveillance des r\u00e9seaux de distribution et \u00e0 pr\u00e9server le <em>\u00abcouffin du citoyen\u00bb<\/em>, objectif qui sera r\u00e9alis\u00e9, selon le ministre, gr\u00e2ce \u00e0 la lutte contre la sp\u00e9culation et les monopoles, sauf que l\u00e0 aussi, rien n\u2019indique que les p\u00e9nuries vont cesser, que la sp\u00e9culation va \u00eatre vaincue, que les monopoles seront d\u00e9mantel\u00e9s et que les prix cesseront leur escalade vertigineuse, qui affecte dangereusement le pouvoir d\u2019achat des citoyens.<\/p>\n\n\n\n<p>Nous ne doutons pas l\u00e0 de la volont\u00e9 du ministre et de la d\u00e9termination du gouvernement, mais nous avons souvent entendu, ces derni\u00e8res ann\u00e9es, de pareilles d\u00e9clarations, qui sont devenues ennuyeusement redondantes, sans constater de progr\u00e8s palpables sur le front des p\u00e9nuries et de la hausse des prix, ph\u00e9nom\u00e8nes devenus structurellement banals dans notre pays.<\/p>\n\n\n\n<p>Le effets d&rsquo;annonce, nous en sommes gav\u00e9s, nous attendons des r\u00e9sultats palpables qui rejaillissent positivement sur notre quotidien, mais on en est encore loin.   <\/p>\n\n\n\n<p class=\"has-text-align-right\"><strong>I. B. \u00a0<\/strong><\/p>\n\n\n\n<figure class=\"wp-block-embed is-type-wp-embed is-provider-kapitalis wp-block-embed-kapitalis\"><div class=\"wp-block-embed__wrapper\">\n<blockquote class=\"wp-embedded-content\" data-secret=\"qT1JPn2n1g\"><a href=\"https:\/\/kapitalis.com\/tunisie\/2024\/01\/14\/penuries-en-tunisie-manoeuvres-des-lobbys-et-inaction-du-gouvernement\/\">P\u00e9nuries en Tunisie : man\u0153uvres des lobbys et inaction du gouvernement<\/a><\/blockquote><iframe loading=\"lazy\" class=\"wp-embedded-content\" sandbox=\"allow-scripts\" security=\"restricted\" style=\"position: absolute; visibility: hidden;\" title=\"\u00ab\u00a0P\u00e9nuries en Tunisie : man\u0153uvres des lobbys et inaction du gouvernement\u00a0\u00bb &#8212; Kapitalis\" src=\"https:\/\/kapitalis.com\/tunisie\/2024\/01\/14\/penuries-en-tunisie-manoeuvres-des-lobbys-et-inaction-du-gouvernement\/embed\/#?secret=f0QNsfSNvn#?secret=qT1JPn2n1g\" data-secret=\"qT1JPn2n1g\" width=\"600\" height=\"338\" frameborder=\"0\" marginwidth=\"0\" marginheight=\"0\" scrolling=\"no\"><\/iframe>\n<\/div><\/figure>\n\n\n\n<p class=\"has-text-align-right\"><strong>\u00a0<\/strong><\/p>\n","protected":false},"excerpt":{"rendered":"<p>Le ministre du commerce promet l\u2019approvisionnement du march\u00e9 national en diff\u00e9rents produits de consommation avant la fin de l&rsquo;ann\u00e9e. <\/p>\n","protected":false},"author":8,"featured_media":14145050,"comment_status":"open","ping_status":"open","sticky":false,"template":"","format":"standard","meta":{"footnotes":""},"categories":[993,995,2433],"tags":[101875,1092,98109,527,631,107699,2538,117777,14022,62643],"class_list":["post-14145014","post","type-post","status-publish","format-standard","has-post-thumbnail","hentry","category-conso","category-economie","category-tunisie","tag-approvisionnement","tag-cafe","tag-circuits-de-distribution","tag-kef","tag-moknine","tag-monopoles","tag-penurie","tag-samir-abid","tag-speculation","tag-tunisie"],"yoast_head":"<!-- This site is optimized with the Yoast SEO plugin v26.6 - https:\/\/yoast.com\/wordpress\/plugins\/seo\/ -->\n<title>Commerce\u00a0: Samir Abid promet la fin des p\u00e9nuries d\u2019ici la fin de l\u2019ann\u00e9e - Kapitalis<\/title>\n<meta name=\"robots\" content=\"index, follow, max-snippet:-1, max-image-preview:large, max-video-preview:-1\" \/>\n<link rel=\"canonical\" href=\"https:\/\/kapitalis.com\/tunisie\/2024\/10\/09\/commerce-samir-abid-promet-la-fin-des-penuries-dici-la-fin-de-lannee\/\" \/>\n<meta property=\"og:locale\" content=\"fr_FR\" \/>\n<meta property=\"og:type\" content=\"article\" \/>\n<meta property=\"og:title\" content=\"Commerce\u00a0: Samir Abid promet la fin des p\u00e9nuries d\u2019ici la fin de l\u2019ann\u00e9e - Kapitalis\" \/>\n<meta property=\"og:description\" content=\"Le ministre du commerce promet l\u2019approvisionnement du march\u00e9 national en diff\u00e9rents produits de consommation avant la fin de l&#039;ann\u00e9e.\" \/>\n<meta property=\"og:url\" content=\"https:\/\/kapitalis.com\/tunisie\/2024\/10\/09\/commerce-samir-abid-promet-la-fin-des-penuries-dici-la-fin-de-lannee\/\" \/>\n<meta property=\"og:site_name\" content=\"Kapitalis\" \/>\n<meta property=\"article:publisher\" content=\"https:\/\/www.facebook.com\/KapitalisInfo\/\" \/>\n<meta property=\"article:published_time\" content=\"2024-10-09T11:00:35+00:00\" \/>\n<meta property=\"article:modified_time\" content=\"2024-10-09T11:00:37+00:00\" \/>\n<meta property=\"og:image\" content=\"https:\/\/kapitalis.com\/tunisie\/wp-content\/uploads\/2024\/10\/Samir-Abid-Moknine.jpg\" \/>\n\t<meta property=\"og:image:width\" content=\"1200\" \/>\n\t<meta property=\"og:image:height\" content=\"630\" \/>\n\t<meta property=\"og:image:type\" content=\"image\/jpeg\" \/>\n<meta name=\"author\" content=\"webmaster kapitalis\" \/>\n<meta name=\"twitter:card\" content=\"summary_large_image\" \/>\n<meta name=\"twitter:creator\" content=\"@KapitalisInfo\" \/>\n<meta name=\"twitter:site\" content=\"@KapitalisInfo\" \/>\n<meta name=\"twitter:label1\" content=\"\u00c9crit par\" \/>\n\t<meta name=\"twitter:data1\" content=\"webmaster kapitalis\" \/>\n\t<meta name=\"twitter:label2\" content=\"Dur\u00e9e de lecture estim\u00e9e\" \/>\n\t<meta name=\"twitter:data2\" content=\"3 minutes\" \/>\n<script type=\"application\/ld+json\" class=\"yoast-schema-graph\">{\"@context\":\"https:\/\/schema.org\",\"@graph\":[{\"@type\":\"Article\",\"@id\":\"https:\/\/kapitalis.com\/tunisie\/2024\/10\/09\/commerce-samir-abid-promet-la-fin-des-penuries-dici-la-fin-de-lannee\/#article\",\"isPartOf\":{\"@id\":\"https:\/\/kapitalis.com\/tunisie\/2024\/10\/09\/commerce-samir-abid-promet-la-fin-des-penuries-dici-la-fin-de-lannee\/\"},\"author\":{\"name\":\"webmaster kapitalis\",\"@id\":\"https:\/\/kapitalis.com\/tunisie\/#\/schema\/person\/d71f33a9ca44f7bad4698210b480c8e9\"},\"headline\":\"Commerce\u00a0: Samir Abid promet la fin des p\u00e9nuries d\u2019ici la fin de l\u2019ann\u00e9e\",\"datePublished\":\"2024-10-09T11:00:35+00:00\",\"dateModified\":\"2024-10-09T11:00:37+00:00\",\"mainEntityOfPage\":{\"@id\":\"https:\/\/kapitalis.com\/tunisie\/2024\/10\/09\/commerce-samir-abid-promet-la-fin-des-penuries-dici-la-fin-de-lannee\/\"},\"wordCount\":487,\"commentCount\":0,\"publisher\":{\"@id\":\"https:\/\/kapitalis.com\/tunisie\/#organization\"},\"image\":{\"@id\":\"https:\/\/kapitalis.com\/tunisie\/2024\/10\/09\/commerce-samir-abid-promet-la-fin-des-penuries-dici-la-fin-de-lannee\/#primaryimage\"},\"thumbnailUrl\":\"https:\/\/kapitalis.com\/tunisie\/wp-content\/uploads\/2024\/10\/Samir-Abid-Moknine.jpg\",\"keywords\":[\"approvisionnement\",\"caf\u00e9\",\"circuits de distribution\",\"Kef\",\"Moknine\",\"monopoles\",\"p\u00e9nurie\",\"Samir Abid\",\"sp\u00e9culation\",\"Tunisie\"],\"articleSection\":[\"CONSO\",\"ECONOMIE\",\"Tunisie\"],\"inLanguage\":\"fr-FR\",\"potentialAction\":[{\"@type\":\"CommentAction\",\"name\":\"Comment\",\"target\":[\"https:\/\/kapitalis.com\/tunisie\/2024\/10\/09\/commerce-samir-abid-promet-la-fin-des-penuries-dici-la-fin-de-lannee\/#respond\"]}]},{\"@type\":\"WebPage\",\"@id\":\"https:\/\/kapitalis.com\/tunisie\/2024\/10\/09\/commerce-samir-abid-promet-la-fin-des-penuries-dici-la-fin-de-lannee\/\",\"url\":\"https:\/\/kapitalis.com\/tunisie\/2024\/10\/09\/commerce-samir-abid-promet-la-fin-des-penuries-dici-la-fin-de-lannee\/\",\"name\":\"Commerce\u00a0: Samir Abid promet la fin des p\u00e9nuries d\u2019ici la fin de l\u2019ann\u00e9e - Kapitalis\",\"isPartOf\":{\"@id\":\"https:\/\/kapitalis.com\/tunisie\/#website\"},\"primaryImageOfPage\":{\"@id\":\"https:\/\/kapitalis.com\/tunisie\/2024\/10\/09\/commerce-samir-abid-promet-la-fin-des-penuries-dici-la-fin-de-lannee\/#primaryimage\"},\"image\":{\"@id\":\"https:\/\/kapitalis.com\/tunisie\/2024\/10\/09\/commerce-samir-abid-promet-la-fin-des-penuries-dici-la-fin-de-lannee\/#primaryimage\"},\"thumbnailUrl\":\"https:\/\/kapitalis.com\/tunisie\/wp-content\/uploads\/2024\/10\/Samir-Abid-Moknine.jpg\",\"datePublished\":\"2024-10-09T11:00:35+00:00\",\"dateModified\":\"2024-10-09T11:00:37+00:00\",\"breadcrumb\":{\"@id\":\"https:\/\/kapitalis.com\/tunisie\/2024\/10\/09\/commerce-samir-abid-promet-la-fin-des-penuries-dici-la-fin-de-lannee\/#breadcrumb\"},\"inLanguage\":\"fr-FR\",\"potentialAction\":[{\"@type\":\"ReadAction\",\"target\":[\"https:\/\/kapitalis.com\/tunisie\/2024\/10\/09\/commerce-samir-abid-promet-la-fin-des-penuries-dici-la-fin-de-lannee\/\"]}]},{\"@type\":\"ImageObject\",\"inLanguage\":\"fr-FR\",\"@id\":\"https:\/\/kapitalis.com\/tunisie\/2024\/10\/09\/commerce-samir-abid-promet-la-fin-des-penuries-dici-la-fin-de-lannee\/#primaryimage\",\"url\":\"https:\/\/kapitalis.com\/tunisie\/wp-content\/uploads\/2024\/10\/Samir-Abid-Moknine.jpg\",\"contentUrl\":\"https:\/\/kapitalis.com\/tunisie\/wp-content\/uploads\/2024\/10\/Samir-Abid-Moknine.jpg\",\"width\":1200,\"height\":630},{\"@type\":\"BreadcrumbList\",\"@id\":\"https:\/\/kapitalis.com\/tunisie\/2024\/10\/09\/commerce-samir-abid-promet-la-fin-des-penuries-dici-la-fin-de-lannee\/#breadcrumb\",\"itemListElement\":[{\"@type\":\"ListItem\",\"position\":1,\"name\":\"Accueil\",\"item\":\"https:\/\/kapitalis.com\/tunisie\/\"},{\"@type\":\"ListItem\",\"position\":2,\"name\":\"Commerce\u00a0: Samir Abid promet la fin des p\u00e9nuries d\u2019ici la fin de l\u2019ann\u00e9e\"}]},{\"@type\":\"WebSite\",\"@id\":\"https:\/\/kapitalis.com\/tunisie\/#website\",\"url\":\"https:\/\/kapitalis.com\/tunisie\/\",\"name\":\"Kapitalis\",\"description\":\"L&#039;actualit\u00e9 en Tunisie et dans le monde\",\"publisher\":{\"@id\":\"https:\/\/kapitalis.com\/tunisie\/#organization\"},\"potentialAction\":[{\"@type\":\"SearchAction\",\"target\":{\"@type\":\"EntryPoint\",\"urlTemplate\":\"https:\/\/kapitalis.com\/tunisie\/?s={search_term_string}\"},\"query-input\":{\"@type\":\"PropertyValueSpecification\",\"valueRequired\":true,\"valueName\":\"search_term_string\"}}],\"inLanguage\":\"fr-FR\"},{\"@type\":\"Organization\",\"@id\":\"https:\/\/kapitalis.com\/tunisie\/#organization\",\"name\":\"Kapitalis\",\"url\":\"https:\/\/kapitalis.com\/tunisie\/\",\"logo\":{\"@type\":\"ImageObject\",\"inLanguage\":\"fr-FR\",\"@id\":\"https:\/\/kapitalis.com\/tunisie\/#\/schema\/logo\/image\/\",\"url\":\"https:\/\/kapitalis.com\/tunisie\/wp-content\/uploads\/2022\/05\/Kapitalis-big-size.png\",\"contentUrl\":\"https:\/\/kapitalis.com\/tunisie\/wp-content\/uploads\/2022\/05\/Kapitalis-big-size.png\",\"width\":5000,\"height\":1500,\"caption\":\"Kapitalis\"},\"image\":{\"@id\":\"https:\/\/kapitalis.com\/tunisie\/#\/schema\/logo\/image\/\"},\"sameAs\":[\"https:\/\/www.facebook.com\/KapitalisInfo\/\",\"https:\/\/x.com\/KapitalisInfo\",\"https:\/\/www.youtube.com\/channel\/UC-yDYrHyfFBWWZaOw3FPg9Q\"]},{\"@type\":\"Person\",\"@id\":\"https:\/\/kapitalis.com\/tunisie\/#\/schema\/person\/d71f33a9ca44f7bad4698210b480c8e9\",\"name\":\"webmaster kapitalis\",\"url\":\"https:\/\/kapitalis.com\/tunisie\/author\/webmaster-kapitalis\/\"}]}<\/script>\n<!-- \/ Yoast SEO plugin. -->","yoast_head_json":{"title":"Commerce\u00a0: Samir Abid promet la fin des p\u00e9nuries d\u2019ici la fin de l\u2019ann\u00e9e - Kapitalis","robots":{"index":"index","follow":"follow","max-snippet":"max-snippet:-1","max-image-preview":"max-image-preview:large","max-video-preview":"max-video-preview:-1"},"canonical":"https:\/\/kapitalis.com\/tunisie\/2024\/10\/09\/commerce-samir-abid-promet-la-fin-des-penuries-dici-la-fin-de-lannee\/","og_locale":"fr_FR","og_type":"article","og_title":"Commerce\u00a0: Samir Abid promet la fin des p\u00e9nuries d\u2019ici la fin de l\u2019ann\u00e9e - Kapitalis","og_description":"Le ministre du commerce promet l\u2019approvisionnement du march\u00e9 national en diff\u00e9rents produits de consommation avant la fin de l'ann\u00e9e.","og_url":"https:\/\/kapitalis.com\/tunisie\/2024\/10\/09\/commerce-samir-abid-promet-la-fin-des-penuries-dici-la-fin-de-lannee\/","og_site_name":"Kapitalis","article_publisher":"https:\/\/www.facebook.com\/KapitalisInfo\/","article_published_time":"2024-10-09T11:00:35+00:00","article_modified_time":"2024-10-09T11:00:37+00:00","og_image":[{"width":1200,"height":630,"url":"https:\/\/kapitalis.com\/tunisie\/wp-content\/uploads\/2024\/10\/Samir-Abid-Moknine.jpg","type":"image\/jpeg"}],"author":"webmaster kapitalis","twitter_card":"summary_large_image","twitter_creator":"@KapitalisInfo","twitter_site":"@KapitalisInfo","twitter_misc":{"\u00c9crit par":"webmaster kapitalis","Dur\u00e9e de lecture estim\u00e9e":"3 minutes"},"schema":{"@context":"https:\/\/schema.org","@graph":[{"@type":"Article","@id":"https:\/\/kapitalis.com\/tunisie\/2024\/10\/09\/commerce-samir-abid-promet-la-fin-des-penuries-dici-la-fin-de-lannee\/#article","isPartOf":{"@id":"https:\/\/kapitalis.com\/tunisie\/2024\/10\/09\/commerce-samir-abid-promet-la-fin-des-penuries-dici-la-fin-de-lannee\/"},"author":{"name":"webmaster kapitalis","@id":"https:\/\/kapitalis.com\/tunisie\/#\/schema\/person\/d71f33a9ca44f7bad4698210b480c8e9"},"headline":"Commerce\u00a0: Samir Abid promet la fin des p\u00e9nuries d\u2019ici la fin de l\u2019ann\u00e9e","datePublished":"2024-10-09T11:00:35+00:00","dateModified":"2024-10-09T11:00:37+00:00","mainEntityOfPage":{"@id":"https:\/\/kapitalis.com\/tunisie\/2024\/10\/09\/commerce-samir-abid-promet-la-fin-des-penuries-dici-la-fin-de-lannee\/"},"wordCount":487,"commentCount":0,"publisher":{"@id":"https:\/\/kapitalis.com\/tunisie\/#organization"},"image":{"@id":"https:\/\/kapitalis.com\/tunisie\/2024\/10\/09\/commerce-samir-abid-promet-la-fin-des-penuries-dici-la-fin-de-lannee\/#primaryimage"},"thumbnailUrl":"https:\/\/kapitalis.com\/tunisie\/wp-content\/uploads\/2024\/10\/Samir-Abid-Moknine.jpg","keywords":["approvisionnement","caf\u00e9","circuits de distribution","Kef","Moknine","monopoles","p\u00e9nurie","Samir Abid","sp\u00e9culation","Tunisie"],"articleSection":["CONSO","ECONOMIE","Tunisie"],"inLanguage":"fr-FR","potentialAction":[{"@type":"CommentAction","name":"Comment","target":["https:\/\/kapitalis.com\/tunisie\/2024\/10\/09\/commerce-samir-abid-promet-la-fin-des-penuries-dici-la-fin-de-lannee\/#respond"]}]},{"@type":"WebPage","@id":"https:\/\/kapitalis.com\/tunisie\/2024\/10\/09\/commerce-samir-abid-promet-la-fin-des-penuries-dici-la-fin-de-lannee\/","url":"https:\/\/kapitalis.com\/tunisie\/2024\/10\/09\/commerce-samir-abid-promet-la-fin-des-penuries-dici-la-fin-de-lannee\/","name":"Commerce\u00a0: Samir Abid promet la fin des p\u00e9nuries d\u2019ici la fin de l\u2019ann\u00e9e - Kapitalis","isPartOf":{"@id":"https:\/\/kapitalis.com\/tunisie\/#website"},"primaryImageOfPage":{"@id":"https:\/\/kapitalis.com\/tunisie\/2024\/10\/09\/commerce-samir-abid-promet-la-fin-des-penuries-dici-la-fin-de-lannee\/#primaryimage"},"image":{"@id":"https:\/\/kapitalis.com\/tunisie\/2024\/10\/09\/commerce-samir-abid-promet-la-fin-des-penuries-dici-la-fin-de-lannee\/#primaryimage"},"thumbnailUrl":"https:\/\/kapitalis.com\/tunisie\/wp-content\/uploads\/2024\/10\/Samir-Abid-Moknine.jpg","datePublished":"2024-10-09T11:00:35+00:00","dateModified":"2024-10-09T11:00:37+00:00","breadcrumb":{"@id":"https:\/\/kapitalis.com\/tunisie\/2024\/10\/09\/commerce-samir-abid-promet-la-fin-des-penuries-dici-la-fin-de-lannee\/#breadcrumb"},"inLanguage":"fr-FR","potentialAction":[{"@type":"ReadAction","target":["https:\/\/kapitalis.com\/tunisie\/2024\/10\/09\/commerce-samir-abid-promet-la-fin-des-penuries-dici-la-fin-de-lannee\/"]}]},{"@type":"ImageObject","inLanguage":"fr-FR","@id":"https:\/\/kapitalis.com\/tunisie\/2024\/10\/09\/commerce-samir-abid-promet-la-fin-des-penuries-dici-la-fin-de-lannee\/#primaryimage","url":"https:\/\/kapitalis.com\/tunisie\/wp-content\/uploads\/2024\/10\/Samir-Abid-Moknine.jpg","contentUrl":"https:\/\/kapitalis.com\/tunisie\/wp-content\/uploads\/2024\/10\/Samir-Abid-Moknine.jpg","width":1200,"height":630},{"@type":"BreadcrumbList","@id":"https:\/\/kapitalis.com\/tunisie\/2024\/10\/09\/commerce-samir-abid-promet-la-fin-des-penuries-dici-la-fin-de-lannee\/#breadcrumb","itemListElement":[{"@type":"ListItem","position":1,"name":"Accueil","item":"https:\/\/kapitalis.com\/tunisie\/"},{"@type":"ListItem","position":2,"name":"Commerce\u00a0: Samir Abid promet la fin des p\u00e9nuries d\u2019ici la fin de l\u2019ann\u00e9e"}]},{"@type":"WebSite","@id":"https:\/\/kapitalis.com\/tunisie\/#website","url":"https:\/\/kapitalis.com\/tunisie\/","name":"Kapitalis","description":"L&#039;actualit\u00e9 en Tunisie et dans le monde","publisher":{"@id":"https:\/\/kapitalis.com\/tunisie\/#organization"},"potentialAction":[{"@type":"SearchAction","target":{"@type":"EntryPoint","urlTemplate":"https:\/\/kapitalis.com\/tunisie\/?s={search_term_string}"},"query-input":{"@type":"PropertyValueSpecification","valueRequired":true,"valueName":"search_term_string"}}],"inLanguage":"fr-FR"},{"@type":"Organization","@id":"https:\/\/kapitalis.com\/tunisie\/#organization","name":"Kapitalis","url":"https:\/\/kapitalis.com\/tunisie\/","logo":{"@type":"ImageObject","inLanguage":"fr-FR","@id":"https:\/\/kapitalis.com\/tunisie\/#\/schema\/logo\/image\/","url":"https:\/\/kapitalis.com\/tunisie\/wp-content\/uploads\/2022\/05\/Kapitalis-big-size.png","contentUrl":"https:\/\/kapitalis.com\/tunisie\/wp-content\/uploads\/2022\/05\/Kapitalis-big-size.png","width":5000,"height":1500,"caption":"Kapitalis"},"image":{"@id":"https:\/\/kapitalis.com\/tunisie\/#\/schema\/logo\/image\/"},"sameAs":["https:\/\/www.facebook.com\/KapitalisInfo\/","https:\/\/x.com\/KapitalisInfo","https:\/\/www.youtube.com\/channel\/UC-yDYrHyfFBWWZaOw3FPg9Q"]},{"@type":"Person","@id":"https:\/\/kapitalis.com\/tunisie\/#\/schema\/person\/d71f33a9ca44f7bad4698210b480c8e9","name":"webmaster kapitalis","url":"https:\/\/kapitalis.com\/tunisie\/author\/webmaster-kapitalis\/"}]}},"_links":{"self":[{"href":"https:\/\/kapitalis.com\/tunisie\/wp-json\/wp\/v2\/posts\/14145014","targetHints":{"allow":["GET"]}}],"collection":[{"href":"https:\/\/kapitalis.com\/tunisie\/wp-json\/wp\/v2\/posts"}],"about":[{"href":"https:\/\/kapitalis.com\/tunisie\/wp-json\/wp\/v2\/types\/post"}],"author":[{"embeddable":true,"href":"https:\/\/kapitalis.com\/tunisie\/wp-json\/wp\/v2\/users\/8"}],"replies":[{"embeddable":true,"href":"https:\/\/kapitalis.com\/tunisie\/wp-json\/wp\/v2\/comments?post=14145014"}],"version-history":[{"count":1,"href":"https:\/\/kapitalis.com\/tunisie\/wp-json\/wp\/v2\/posts\/14145014\/revisions"}],"predecessor-version":[{"id":14145059,"href":"https:\/\/kapitalis.com\/tunisie\/wp-json\/wp\/v2\/posts\/14145014\/revisions\/14145059"}],"wp:featuredmedia":[{"embeddable":true,"href":"https:\/\/kapitalis.com\/tunisie\/wp-json\/wp\/v2\/media\/14145050"}],"wp:attachment":[{"href":"https:\/\/kapitalis.com\/tunisie\/wp-json\/wp\/v2\/media?parent=14145014"}],"wp:term":[{"taxonomy":"category","embeddable":true,"href":"https:\/\/kapitalis.com\/tunisie\/wp-json\/wp\/v2\/categories?post=14145014"},{"taxonomy":"post_tag","embeddable":true,"href":"https:\/\/kapitalis.com\/tunisie\/wp-json\/wp\/v2\/tags?post=14145014"}],"curies":[{"name":"wp","href":"https:\/\/api.w.org\/{rel}","templated":true}]}}