{"id":141494,"date":"2018-03-02T13:02:05","date_gmt":"2018-03-02T12:02:05","guid":{"rendered":"http:\/\/kapitalis.com\/tunisie\/?p=141494"},"modified":"2018-03-02T13:02:05","modified_gmt":"2018-03-02T12:02:05","slug":"hammam-lif-appel-a-temoins-retrouver-seif-13-ans","status":"publish","type":"post","link":"https:\/\/kapitalis.com\/tunisie\/2018\/03\/02\/hammam-lif-appel-a-temoins-retrouver-seif-13-ans\/","title":{"rendered":"Hammam-Lif : Appel \u00e0 t\u00e9moins pour retrouver Seif (13 ans)"},"content":{"rendered":"<p style=\"text-align: center;\"><img loading=\"lazy\" decoding=\"async\" class=\"alignnone size-full wp-image-141497\" src=\"http:\/\/kapitalis.com\/tunisie\/wp-content\/uploads\/2018\/03\/Hammam-Lif-Seif-13ans-disparu.jpg\" alt=\"\" width=\"626\" height=\"380\" \/><\/p>\n<p><em><strong>La famille de Seifallah Khiari (13ans), originaire de Hammam-Lif (banlieue sud de Tunis), appelle \u00e0 l\u2019aide pour retrouver leur fils port\u00e9 disparu depuis mardi 27 f\u00e9vrier 2018.<\/strong><\/em><!--more--><\/p>\n<p>Lamia, sa maman, a pr\u00e9cis\u00e9 dans une intervention sur Radio Boukornine, que son fils est sorti vers 8h30, mardi dernier, pour se rendre au coll\u00e8ge, mais il n\u2019est pas all\u00e9 en cours et ses camarades ne l&rsquo;ont pas crois\u00e9. La police a \u00e9t\u00e9 alert\u00e9e et les recherches effectu\u00e9es n&rsquo;ont donn\u00e9 aucun r\u00e9sultat.<\/p>\n<p>Elle se dit tr\u00e8s inqui\u00e8te et pense qu\u2019il a \u00e9t\u00e9 enlev\u00e9\u00a0: \u00ab<em>Mon fils est de nature peureuse, il ne va m\u00eame pas seul chez l\u2019\u00e9picier du coin et lorsqu\u2019il rentre de l\u2019\u00e9cole quand il fait nuit, il m\u2019appelle pour que je le r\u00e9cup\u00e8re car il a peur du noir\u00bb<\/em>, a-t-elle soulign\u00e9.<\/p>\n<p style=\"text-align: right;\"><strong>Y. N.<\/strong><\/p>\n","protected":false},"excerpt":{"rendered":"<p>La famille de Seifallah Khiari (13ans), originaire de Hammam-Lif (banlieue sud de Tunis), appelle \u00e0 l\u2019aide pour retrouver leur fils port\u00e9 disparu depuis mardi 27 f\u00e9vrier 2018.<\/p>\n","protected":false},"author":6,"featured_media":141497,"comment_status":"open","ping_status":"open","sticky":false,"template":"","format":"standard","meta":{"footnotes":""},"categories":[998,2433],"tags":[13798,2107,5204,282,438],"class_list":["post-141494","post","type-post","status-publish","format-standard","has-post-thumbnail","hentry","category-societe","category-tunisie","tag-ado","tag-banlieue-sud","tag-college","tag-disparition","tag-hammam-lif"],"yoast_head":"<!-- This site is optimized with the Yoast SEO plugin v26.6 - https:\/\/yoast.com\/wordpress\/plugins\/seo\/ -->\n<title>Hammam-Lif : Appel \u00e0 t\u00e9moins pour retrouver Seif (13 ans) - Kapitalis<\/title>\n<meta name=\"robots\" content=\"index, follow, max-snippet:-1, max-image-preview:large, max-video-preview:-1\" \/>\n<link rel=\"canonical\" href=\"https:\/\/kapitalis.com\/tunisie\/2018\/03\/02\/hammam-lif-appel-a-temoins-retrouver-seif-13-ans\/\" \/>\n<meta property=\"og:locale\" content=\"fr_FR\" \/>\n<meta property=\"og:type\" content=\"article\" \/>\n<meta property=\"og:title\" content=\"Hammam-Lif : Appel \u00e0 t\u00e9moins pour retrouver Seif (13 ans) - Kapitalis\" \/>\n<meta property=\"og:description\" content=\"La famille de Seifallah Khiari (13ans), originaire de Hammam-Lif (banlieue sud de Tunis), appelle \u00e0 l\u2019aide pour retrouver leur fils port\u00e9 disparu depuis mardi 27 f\u00e9vrier 2018.\" \/>\n<meta property=\"og:url\" content=\"https:\/\/kapitalis.com\/tunisie\/2018\/03\/02\/hammam-lif-appel-a-temoins-retrouver-seif-13-ans\/\" \/>\n<meta property=\"og:site_name\" content=\"Kapitalis\" \/>\n<meta property=\"article:publisher\" content=\"https:\/\/www.facebook.com\/KapitalisInfo\/\" \/>\n<meta property=\"article:published_time\" content=\"2018-03-02T12:02:05+00:00\" \/>\n<meta property=\"og:image\" content=\"https:\/\/kapitalis.com\/tunisie\/wp-content\/uploads\/2022\/05\/kapitalis-logo-fb.png\" \/>\n\t<meta property=\"og:image:width\" content=\"1200\" \/>\n\t<meta property=\"og:image:height\" content=\"630\" \/>\n\t<meta property=\"og:image:type\" content=\"image\/png\" \/>\n<meta name=\"author\" content=\"Yusra NY\" \/>\n<meta name=\"twitter:card\" content=\"summary_large_image\" \/>\n<meta name=\"twitter:creator\" content=\"@KapitalisInfo\" \/>\n<meta name=\"twitter:site\" content=\"@KapitalisInfo\" \/>\n<meta name=\"twitter:label1\" content=\"\u00c9crit par\" \/>\n\t<meta name=\"twitter:data1\" content=\"Yusra NY\" \/>\n\t<meta name=\"twitter:label2\" content=\"Dur\u00e9e de lecture estim\u00e9e\" \/>\n\t<meta name=\"twitter:data2\" content=\"1 minute\" \/>\n<script type=\"application\/ld+json\" class=\"yoast-schema-graph\">{\"@context\":\"https:\/\/schema.org\",\"@graph\":[{\"@type\":\"Article\",\"@id\":\"https:\/\/kapitalis.com\/tunisie\/2018\/03\/02\/hammam-lif-appel-a-temoins-retrouver-seif-13-ans\/#article\",\"isPartOf\":{\"@id\":\"https:\/\/kapitalis.com\/tunisie\/2018\/03\/02\/hammam-lif-appel-a-temoins-retrouver-seif-13-ans\/\"},\"author\":{\"name\":\"Yusra NY\",\"@id\":\"https:\/\/kapitalis.com\/tunisie\/#\/schema\/person\/74bbde0154d49d790a92aaeac5bc01d5\"},\"headline\":\"Hammam-Lif : Appel \u00e0 t\u00e9moins pour retrouver Seif (13 ans)\",\"datePublished\":\"2018-03-02T12:02:05+00:00\",\"mainEntityOfPage\":{\"@id\":\"https:\/\/kapitalis.com\/tunisie\/2018\/03\/02\/hammam-lif-appel-a-temoins-retrouver-seif-13-ans\/\"},\"wordCount\":155,\"commentCount\":0,\"publisher\":{\"@id\":\"https:\/\/kapitalis.com\/tunisie\/#organization\"},\"image\":{\"@id\":\"https:\/\/kapitalis.com\/tunisie\/2018\/03\/02\/hammam-lif-appel-a-temoins-retrouver-seif-13-ans\/#primaryimage\"},\"thumbnailUrl\":\"\",\"keywords\":[\"Ado\",\"banlieue sud\",\"coll\u00e8ge\",\"Disparition\",\"Hammam-Lif\"],\"articleSection\":[\"SOCIETE\",\"Tunisie\"],\"inLanguage\":\"fr-FR\",\"potentialAction\":[{\"@type\":\"CommentAction\",\"name\":\"Comment\",\"target\":[\"https:\/\/kapitalis.com\/tunisie\/2018\/03\/02\/hammam-lif-appel-a-temoins-retrouver-seif-13-ans\/#respond\"]}]},{\"@type\":\"WebPage\",\"@id\":\"https:\/\/kapitalis.com\/tunisie\/2018\/03\/02\/hammam-lif-appel-a-temoins-retrouver-seif-13-ans\/\",\"url\":\"https:\/\/kapitalis.com\/tunisie\/2018\/03\/02\/hammam-lif-appel-a-temoins-retrouver-seif-13-ans\/\",\"name\":\"Hammam-Lif : Appel \u00e0 t\u00e9moins pour retrouver Seif (13 ans) - Kapitalis\",\"isPartOf\":{\"@id\":\"https:\/\/kapitalis.com\/tunisie\/#website\"},\"primaryImageOfPage\":{\"@id\":\"https:\/\/kapitalis.com\/tunisie\/2018\/03\/02\/hammam-lif-appel-a-temoins-retrouver-seif-13-ans\/#primaryimage\"},\"image\":{\"@id\":\"https:\/\/kapitalis.com\/tunisie\/2018\/03\/02\/hammam-lif-appel-a-temoins-retrouver-seif-13-ans\/#primaryimage\"},\"thumbnailUrl\":\"\",\"datePublished\":\"2018-03-02T12:02:05+00:00\",\"breadcrumb\":{\"@id\":\"https:\/\/kapitalis.com\/tunisie\/2018\/03\/02\/hammam-lif-appel-a-temoins-retrouver-seif-13-ans\/#breadcrumb\"},\"inLanguage\":\"fr-FR\",\"potentialAction\":[{\"@type\":\"ReadAction\",\"target\":[\"https:\/\/kapitalis.com\/tunisie\/2018\/03\/02\/hammam-lif-appel-a-temoins-retrouver-seif-13-ans\/\"]}]},{\"@type\":\"ImageObject\",\"inLanguage\":\"fr-FR\",\"@id\":\"https:\/\/kapitalis.com\/tunisie\/2018\/03\/02\/hammam-lif-appel-a-temoins-retrouver-seif-13-ans\/#primaryimage\",\"url\":\"\",\"contentUrl\":\"\"},{\"@type\":\"BreadcrumbList\",\"@id\":\"https:\/\/kapitalis.com\/tunisie\/2018\/03\/02\/hammam-lif-appel-a-temoins-retrouver-seif-13-ans\/#breadcrumb\",\"itemListElement\":[{\"@type\":\"ListItem\",\"position\":1,\"name\":\"Accueil\",\"item\":\"https:\/\/kapitalis.com\/tunisie\/\"},{\"@type\":\"ListItem\",\"position\":2,\"name\":\"Hammam-Lif : Appel \u00e0 t\u00e9moins pour retrouver Seif (13 ans)\"}]},{\"@type\":\"WebSite\",\"@id\":\"https:\/\/kapitalis.com\/tunisie\/#website\",\"url\":\"https:\/\/kapitalis.com\/tunisie\/\",\"name\":\"Kapitalis\",\"description\":\"L&#039;actualit\u00e9 en Tunisie et dans le monde\",\"publisher\":{\"@id\":\"https:\/\/kapitalis.com\/tunisie\/#organization\"},\"potentialAction\":[{\"@type\":\"SearchAction\",\"target\":{\"@type\":\"EntryPoint\",\"urlTemplate\":\"https:\/\/kapitalis.com\/tunisie\/?s={search_term_string}\"},\"query-input\":{\"@type\":\"PropertyValueSpecification\",\"valueRequired\":true,\"valueName\":\"search_term_string\"}}],\"inLanguage\":\"fr-FR\"},{\"@type\":\"Organization\",\"@id\":\"https:\/\/kapitalis.com\/tunisie\/#organization\",\"name\":\"Kapitalis\",\"url\":\"https:\/\/kapitalis.com\/tunisie\/\",\"logo\":{\"@type\":\"ImageObject\",\"inLanguage\":\"fr-FR\",\"@id\":\"https:\/\/kapitalis.com\/tunisie\/#\/schema\/logo\/image\/\",\"url\":\"https:\/\/kapitalis.com\/tunisie\/wp-content\/uploads\/2022\/05\/Kapitalis-big-size.png\",\"contentUrl\":\"https:\/\/kapitalis.com\/tunisie\/wp-content\/uploads\/2022\/05\/Kapitalis-big-size.png\",\"width\":5000,\"height\":1500,\"caption\":\"Kapitalis\"},\"image\":{\"@id\":\"https:\/\/kapitalis.com\/tunisie\/#\/schema\/logo\/image\/\"},\"sameAs\":[\"https:\/\/www.facebook.com\/KapitalisInfo\/\",\"https:\/\/x.com\/KapitalisInfo\",\"https:\/\/www.youtube.com\/channel\/UC-yDYrHyfFBWWZaOw3FPg9Q\"]},{\"@type\":\"Person\",\"@id\":\"https:\/\/kapitalis.com\/tunisie\/#\/schema\/person\/74bbde0154d49d790a92aaeac5bc01d5\",\"name\":\"Yusra NY\",\"url\":\"https:\/\/kapitalis.com\/tunisie\/author\/yuza_adam\/\"}]}<\/script>\n<!-- \/ Yoast SEO plugin. -->","yoast_head_json":{"title":"Hammam-Lif : Appel \u00e0 t\u00e9moins pour retrouver Seif (13 ans) - Kapitalis","robots":{"index":"index","follow":"follow","max-snippet":"max-snippet:-1","max-image-preview":"max-image-preview:large","max-video-preview":"max-video-preview:-1"},"canonical":"https:\/\/kapitalis.com\/tunisie\/2018\/03\/02\/hammam-lif-appel-a-temoins-retrouver-seif-13-ans\/","og_locale":"fr_FR","og_type":"article","og_title":"Hammam-Lif : Appel \u00e0 t\u00e9moins pour retrouver Seif (13 ans) - Kapitalis","og_description":"La famille de Seifallah Khiari (13ans), originaire de Hammam-Lif (banlieue sud de Tunis), appelle \u00e0 l\u2019aide pour retrouver leur fils port\u00e9 disparu depuis mardi 27 f\u00e9vrier 2018.","og_url":"https:\/\/kapitalis.com\/tunisie\/2018\/03\/02\/hammam-lif-appel-a-temoins-retrouver-seif-13-ans\/","og_site_name":"Kapitalis","article_publisher":"https:\/\/www.facebook.com\/KapitalisInfo\/","article_published_time":"2018-03-02T12:02:05+00:00","og_image":[{"width":1200,"height":630,"url":"https:\/\/kapitalis.com\/tunisie\/wp-content\/uploads\/2022\/05\/kapitalis-logo-fb.png","type":"image\/png"}],"author":"Yusra NY","twitter_card":"summary_large_image","twitter_creator":"@KapitalisInfo","twitter_site":"@KapitalisInfo","twitter_misc":{"\u00c9crit par":"Yusra NY","Dur\u00e9e de lecture estim\u00e9e":"1 minute"},"schema":{"@context":"https:\/\/schema.org","@graph":[{"@type":"Article","@id":"https:\/\/kapitalis.com\/tunisie\/2018\/03\/02\/hammam-lif-appel-a-temoins-retrouver-seif-13-ans\/#article","isPartOf":{"@id":"https:\/\/kapitalis.com\/tunisie\/2018\/03\/02\/hammam-lif-appel-a-temoins-retrouver-seif-13-ans\/"},"author":{"name":"Yusra NY","@id":"https:\/\/kapitalis.com\/tunisie\/#\/schema\/person\/74bbde0154d49d790a92aaeac5bc01d5"},"headline":"Hammam-Lif : Appel \u00e0 t\u00e9moins pour retrouver Seif (13 ans)","datePublished":"2018-03-02T12:02:05+00:00","mainEntityOfPage":{"@id":"https:\/\/kapitalis.com\/tunisie\/2018\/03\/02\/hammam-lif-appel-a-temoins-retrouver-seif-13-ans\/"},"wordCount":155,"commentCount":0,"publisher":{"@id":"https:\/\/kapitalis.com\/tunisie\/#organization"},"image":{"@id":"https:\/\/kapitalis.com\/tunisie\/2018\/03\/02\/hammam-lif-appel-a-temoins-retrouver-seif-13-ans\/#primaryimage"},"thumbnailUrl":"","keywords":["Ado","banlieue sud","coll\u00e8ge","Disparition","Hammam-Lif"],"articleSection":["SOCIETE","Tunisie"],"inLanguage":"fr-FR","potentialAction":[{"@type":"CommentAction","name":"Comment","target":["https:\/\/kapitalis.com\/tunisie\/2018\/03\/02\/hammam-lif-appel-a-temoins-retrouver-seif-13-ans\/#respond"]}]},{"@type":"WebPage","@id":"https:\/\/kapitalis.com\/tunisie\/2018\/03\/02\/hammam-lif-appel-a-temoins-retrouver-seif-13-ans\/","url":"https:\/\/kapitalis.com\/tunisie\/2018\/03\/02\/hammam-lif-appel-a-temoins-retrouver-seif-13-ans\/","name":"Hammam-Lif : Appel \u00e0 t\u00e9moins pour retrouver Seif (13 ans) - Kapitalis","isPartOf":{"@id":"https:\/\/kapitalis.com\/tunisie\/#website"},"primaryImageOfPage":{"@id":"https:\/\/kapitalis.com\/tunisie\/2018\/03\/02\/hammam-lif-appel-a-temoins-retrouver-seif-13-ans\/#primaryimage"},"image":{"@id":"https:\/\/kapitalis.com\/tunisie\/2018\/03\/02\/hammam-lif-appel-a-temoins-retrouver-seif-13-ans\/#primaryimage"},"thumbnailUrl":"","datePublished":"2018-03-02T12:02:05+00:00","breadcrumb":{"@id":"https:\/\/kapitalis.com\/tunisie\/2018\/03\/02\/hammam-lif-appel-a-temoins-retrouver-seif-13-ans\/#breadcrumb"},"inLanguage":"fr-FR","potentialAction":[{"@type":"ReadAction","target":["https:\/\/kapitalis.com\/tunisie\/2018\/03\/02\/hammam-lif-appel-a-temoins-retrouver-seif-13-ans\/"]}]},{"@type":"ImageObject","inLanguage":"fr-FR","@id":"https:\/\/kapitalis.com\/tunisie\/2018\/03\/02\/hammam-lif-appel-a-temoins-retrouver-seif-13-ans\/#primaryimage","url":"","contentUrl":""},{"@type":"BreadcrumbList","@id":"https:\/\/kapitalis.com\/tunisie\/2018\/03\/02\/hammam-lif-appel-a-temoins-retrouver-seif-13-ans\/#breadcrumb","itemListElement":[{"@type":"ListItem","position":1,"name":"Accueil","item":"https:\/\/kapitalis.com\/tunisie\/"},{"@type":"ListItem","position":2,"name":"Hammam-Lif : Appel \u00e0 t\u00e9moins pour retrouver Seif (13 ans)"}]},{"@type":"WebSite","@id":"https:\/\/kapitalis.com\/tunisie\/#website","url":"https:\/\/kapitalis.com\/tunisie\/","name":"Kapitalis","description":"L&#039;actualit\u00e9 en Tunisie et dans le monde","publisher":{"@id":"https:\/\/kapitalis.com\/tunisie\/#organization"},"potentialAction":[{"@type":"SearchAction","target":{"@type":"EntryPoint","urlTemplate":"https:\/\/kapitalis.com\/tunisie\/?s={search_term_string}"},"query-input":{"@type":"PropertyValueSpecification","valueRequired":true,"valueName":"search_term_string"}}],"inLanguage":"fr-FR"},{"@type":"Organization","@id":"https:\/\/kapitalis.com\/tunisie\/#organization","name":"Kapitalis","url":"https:\/\/kapitalis.com\/tunisie\/","logo":{"@type":"ImageObject","inLanguage":"fr-FR","@id":"https:\/\/kapitalis.com\/tunisie\/#\/schema\/logo\/image\/","url":"https:\/\/kapitalis.com\/tunisie\/wp-content\/uploads\/2022\/05\/Kapitalis-big-size.png","contentUrl":"https:\/\/kapitalis.com\/tunisie\/wp-content\/uploads\/2022\/05\/Kapitalis-big-size.png","width":5000,"height":1500,"caption":"Kapitalis"},"image":{"@id":"https:\/\/kapitalis.com\/tunisie\/#\/schema\/logo\/image\/"},"sameAs":["https:\/\/www.facebook.com\/KapitalisInfo\/","https:\/\/x.com\/KapitalisInfo","https:\/\/www.youtube.com\/channel\/UC-yDYrHyfFBWWZaOw3FPg9Q"]},{"@type":"Person","@id":"https:\/\/kapitalis.com\/tunisie\/#\/schema\/person\/74bbde0154d49d790a92aaeac5bc01d5","name":"Yusra NY","url":"https:\/\/kapitalis.com\/tunisie\/author\/yuza_adam\/"}]}},"_links":{"self":[{"href":"https:\/\/kapitalis.com\/tunisie\/wp-json\/wp\/v2\/posts\/141494","targetHints":{"allow":["GET"]}}],"collection":[{"href":"https:\/\/kapitalis.com\/tunisie\/wp-json\/wp\/v2\/posts"}],"about":[{"href":"https:\/\/kapitalis.com\/tunisie\/wp-json\/wp\/v2\/types\/post"}],"author":[{"embeddable":true,"href":"https:\/\/kapitalis.com\/tunisie\/wp-json\/wp\/v2\/users\/6"}],"replies":[{"embeddable":true,"href":"https:\/\/kapitalis.com\/tunisie\/wp-json\/wp\/v2\/comments?post=141494"}],"version-history":[{"count":0,"href":"https:\/\/kapitalis.com\/tunisie\/wp-json\/wp\/v2\/posts\/141494\/revisions"}],"wp:featuredmedia":[{"embeddable":true,"href":"https:\/\/kapitalis.com\/tunisie\/wp-json\/wp\/v2\/media\/141497"}],"wp:attachment":[{"href":"https:\/\/kapitalis.com\/tunisie\/wp-json\/wp\/v2\/media?parent=141494"}],"wp:term":[{"taxonomy":"category","embeddable":true,"href":"https:\/\/kapitalis.com\/tunisie\/wp-json\/wp\/v2\/categories?post=141494"},{"taxonomy":"post_tag","embeddable":true,"href":"https:\/\/kapitalis.com\/tunisie\/wp-json\/wp\/v2\/tags?post=141494"}],"curies":[{"name":"wp","href":"https:\/\/api.w.org\/{rel}","templated":true}]}}