{"id":141785,"date":"2018-03-04T11:38:45","date_gmt":"2018-03-04T10:38:45","guid":{"rendered":"http:\/\/kapitalis.com\/tunisie\/?p=141785"},"modified":"2018-03-04T11:40:11","modified_gmt":"2018-03-04T10:40:11","slug":"bloc-notes-pour-sauver-letat-tunisien-dun-peril-imminent","status":"publish","type":"post","link":"https:\/\/kapitalis.com\/tunisie\/2018\/03\/04\/bloc-notes-pour-sauver-letat-tunisien-dun-peril-imminent\/","title":{"rendered":"Bloc-notes : Pour sauver l\u2019\u00c9tat tunisien d\u2019un p\u00e9ril imminent"},"content":{"rendered":"<p style=\"text-align: center;\"><img loading=\"lazy\" decoding=\"async\" class=\"alignnone size-full wp-image-137997\" src=\"http:\/\/kapitalis.com\/tunisie\/wp-content\/uploads\/2018\/02\/Rached-Ghannouchi.jpg\" alt=\"\" width=\"626\" height=\"380\" \/><\/p>\n<p style=\"text-align: center;\"><em>La marche erdoganienne de Ghannouchi sur le pouvoir en Tunisie se pr\u00e9cise.\u00a0<\/em><\/p>\n<p><em><strong>Le p\u00e9ril imminent mena\u00e7ant l\u2019\u00c9tat impose le recours \u00e0 l\u2019article 80 de la Constitution comme \u00e9lectrochoc en mesure de r\u00e9veiller les consciences anesth\u00e9si\u00e9es et rappeler aux responsabilit\u00e9s.<\/strong> <\/em><\/p>\n<p>Par <strong>Farhat Othman<\/strong> *<\/p>\n<p><!--more--><\/p>\n<p><img loading=\"lazy\" decoding=\"async\" class=\"alignnone size-full wp-image-80097 alignleft\" src=\"http:\/\/kapitalis.com\/tunisie\/wp-content\/uploads\/2017\/01\/Farhat-Othman.jpg\" alt=\"\" width=\"200\" height=\"150\" \/>La d\u00e9gradation continue de l\u2019\u00c9tat en Tunisie, sournoisement entretenue par certains lobbies, int\u00e9rieurs comme ext\u00e9rieurs, soucieux du pouvoir ou de leurs int\u00e9r\u00eats, non du salut de la patrie et des droits et libert\u00e9s du peuple, impose le recours \u00e0 l\u2019article 80 de la Constitution. C\u2019est la seule parade au sc\u00e9nario \u00e0 l\u2019alg\u00e9rienne qui se met cahin-caha en place et qui est, au mieux, un canevas turc de ma\u00eetre Erdogan, r\u00e9f\u00e9rence absolue, au reste, de nos islamistes et de l\u2019art de simuler et de dissimuler pour une th\u00e9ocratie masqu\u00e9e, une religiosit\u00e9 ou salafisme aux allures civiles.<\/p>\n<p>Rappelons que ledit article stipule que <em>\u00able Pr\u00e9sident de la R\u00e9publique peut prendre les mesures qu\u2019impose l\u2019\u00e9tat d\u2019exception <\/em>(qui) <em>doivent avoir pour objectif de garantir, dans les plus brefs d\u00e9lais, le retour au fonctionnement r\u00e9gulier des pouvoirs publics\u00bb,<\/em> et ce \u00aben cas de p\u00e9ril imminent mena\u00e7ant l\u2019int\u00e9grit\u00e9 nationale, la s\u00e9curit\u00e9 ou l\u2019ind\u00e9pendance du pays et entravant le fonctionnement r\u00e9gulier des pouvoirs publics\u00bb.<\/p>\n<h3>Sauver la d\u00e9mocratie<\/h3>\n<p>Les ministres de l\u2019Int\u00e9rieur et des Affaires \u00e9trang\u00e8res l\u2019ont bien dit : la Tunisie est loin encore de la pratique d\u00e9mocratique. Le premier a m\u00eame parl\u00e9 d\u2019adolescence politique; ce qui suppose et impose un encadrement adulte. D\u2019o\u00f9 ce rappel \u00e0 l\u2019ordre afin de tenter de faire des ordres du d\u00e9sordre actuel, soit un ordre rationalis\u00e9, surtout \u00e9thique, et donc b\u00e9n\u00e9fique pour toute la patrie et non juste \u00e0 deux partis.<\/p>\n<p>Car l\u2019\u00c9tat tunisien est en grave danger avec ce qui se passe \u00e0 l\u2019int\u00e9rieur du pays et \u00e0 ses fronti\u00e8res, notamment au sud, mais aussi dans la t\u00eate de certains d\u00e9mons de la politique politicienne. Un tel p\u00e9ril imminent mena\u00e7ant la s\u00fbret\u00e9 et l\u2019existence de l\u2019unit\u00e9 du peuple est encore plus grave en l\u2019absence de la r\u00e9forme \u00e9thique n\u00e9cessaire de la l\u00e9gislation sc\u00e9l\u00e9rate de la dictature qui brime et brimera encore plus les innocents en multipliant les centres de d\u00e9cision qu\u2019augurent les \u00e9lections municipales. Ce sera la dictature d\u00e9multipli\u00e9e en autant de municipalit\u00e9s dans le pays et garantie par la l\u00e9gislation de l\u2019ancien r\u00e9gime toujours en vigueur.<\/p>\n<p>Le luxe de se soucier des \u00e9lections municipales n\u2019est plus permis, d\u2019autant mieux qu\u2019on les annonce comme un fiasco en termes de participation et qui, en assurant l\u2019h\u00e9g\u00e9monie des deux partis principaux du pays dans les r\u00e9gions, feront voler en \u00e9clats ce qui reste de la tradition de l\u2019\u00c9tat structur\u00e9, au service du peuple tout entier.<\/p>\n<p>La reconnaissance du p\u00e9ril encouru par la patrie doit donc entra\u00eener la suspension des \u00e9lections remises \u00e0 des temps moins troubles, cet acquis d\u00e9mocratique \u00e9tant aujourd\u2019hui d\u00e9vergond\u00e9, op\u00e9ration politicienne divisant encore plus le pays au lieu de l\u2019unir.<\/p>\n<p>De fait, le recours \u00e0 l\u2019article 80 de la Constitution ne fera que sauvegarder l\u2019esprit de ces \u00e9lections devenues m\u00eame une op\u00e9ration commerciale, outre d\u2019\u00eatre de contr\u00f4le du pouvoir par des forces servant leurs propres int\u00e9r\u00eats, nullement soucieuses de ceux du peuple. Et comme il ouvre une p\u00e9riode o\u00f9 l\u2019Assembl\u00e9e des repr\u00e9sentants du peuple (ARP) sera en \u00e9tat de session permanente, cela donnera \u00e0 ces derniers l\u2019occasion d\u2019entreprendre enfin ce qui aurait d\u00fb \u00eatre accompli d\u00e8s le d\u00e9but : la r\u00e9forme de la l\u00e9gislation de la dictature pour la conformer aux droits et libert\u00e9s consacr\u00e9s par la Constitution.<\/p>\n<p>Quel p\u00e9ril plus grave encourt un \u00c9tat, en effet, que celui qui fait les juges appliquer des lois ill\u00e9gales, nulles de nullit\u00e9 absolue de par le texte juridique supr\u00eame du pays? Comment, dans ce cas, en appeler au respect de la loi quand c\u2019est la loi qui opprime et donne licence pour une injustice l\u00e9gale?<\/p>\n<p>Le d\u00e9lai de trente jours donn\u00e9 par la Constitution apr\u00e8s le d\u00e9but de la p\u00e9riode ouverte par l\u2019article 80 pour l\u2019entr\u00e9e en sc\u00e8ne de la Cour constitutionnelle (si elle est enfin constitu\u00e9e) devrait suffire pour, au moins, abolir les lois les plus sc\u00e9l\u00e9rates et en finir avec ces comportements d\u2019autant plus irresponsables qu\u2019ils sont le fait de qui est cens\u00e9 donner l\u2019exemple du respect sinon de la loi du moins de son esprit d\u2019\u00e9thique et de justice.<\/p>\n<p>L\u2019\u00e9tat d\u2019exception ne doit pas moins \u00eatre maintenu tant qu\u2019on n\u2019aura mis sur pied un v\u00e9ritable \u00c9tat de droit en lieu et place de cette caricature, \u00c9tat de simili-droit et sous-d\u00e9mocratie, qu\u2019on veut imposer \u00e0 un peuple mature. Ce dernier n\u2019accepte plus un ordre au strict service des int\u00e9r\u00eats de lobbies gouvernant ou souhaitant gouverner le pays en tordant le cou \u00e0 la l\u00e9galit\u00e9 pour cadrer avec leurs ambitions politiciennes. Or, elles sont d\u2019autant plus voraces qu\u2019elles b\u00e9n\u00e9ficient de protections de la part d\u2019un capitalisme sauvage jamais aussi arrogant en Tunisie que depuis qu\u2019il s\u2019est alli\u00e9 \u00e0 un int\u00e9grisme, religieux et profane, aussi sauvage que lui sinon plus.<\/p>\n<h3>Stopper la jonglerie islamiste<\/h3>\n<p>L\u2019acte extr\u00eame du recours \u00e0 l\u2019article 80 est devenu imp\u00e9ratif et est la seule mesure salutaire que peut, ici et maintenant, prendre un homme politique au fait des arcanes de la politique et soucieux du salut de la patrie menac\u00e9e. Aucune autre initiative n\u2019aurait son impact et ses retomb\u00e9es utiles, la situation \u00e9tant cauchemardesque, interdisant de se contenter de cette langue de bois l\u00e9nifiante, artificiellement empaquet\u00e9e dans les bons sentiments et qui entend faussement rassurer pour vainement ne pas envenimer les choses. Par un tel acte de d\u00e9tresse, il importe de donner l\u2019alarme au plus vite, nommant les p\u00e9rils en y sensibilisant; et ils sont multiples, repr\u00e9sent\u00e9s non seulement par les textes juridiques sc\u00e9l\u00e9rats, mais aussi par les comportements qu\u2019ils induisent, tous d\u2019exclusions et d\u2019injustices.<\/p>\n<p>Outre la d\u00e9mobilisation de plus en plus effarante pour l\u2019int\u00e9r\u00eat g\u00e9n\u00e9ral des bonnes volont\u00e9s, la situation actuelle encourage un v\u00e9ritable terrorisme mental qui niche m\u00eame dans les t\u00eates suppos\u00e9es bien faites, les autorisant \u00e0 se croire tout permis, comme de d\u00e9finir la Tunisie en \u00c9tat islamique. Une telle jonglerie politique se retrouve chez un esprit normalement responsable, se disant \u00e9clair\u00e9, tel celui du chef du parti islamiste. Comment \u00eatre alors \u00e9tonn\u00e9 que cela fasse des d\u00e9g\u00e2ts encore plus grands dans l\u2019esprit de ses \u00e9mules moins responsables ou ceux dont il avoue ne pas contr\u00f4ler l\u2019extr\u00e9misme? Comment tol\u00e9rer que le chef du plus grand parti de la coalition au pouvoir, se jouant des termes de la Constitution, en d\u00e9tournant m\u00eame le sens, d\u00e9finisse la Tunisie en une future th\u00e9ocratie, parlant d\u2019\u00c9tat islamique, oubliant ou feignant d\u2019oublier que cette constitution d\u00e9finit bien Tunisie comme \u00e9tant un \u00c9tat civil ? Et il a os\u00e9 le faire dans une r\u00e9cente interview \u00e0 un journal argentin.<\/p>\n<p>En effet, si l\u2019article premier de la loi fondamentale parle de religion du pays, affirmant que <em>\u00abl\u2019islam est sa religion\u00bb<\/em>, il ne dit pas moins et de mani\u00e8re encore plus claire et affirmative que <em>\u00abla Tunisie est un \u00c9tat civil, fond\u00e9 sur la citoyennet\u00e9, la volont\u00e9 du peuple et la primaut\u00e9 du droit.\u00bb<\/em><\/p>\n<p>Doit-on alors dire enfin et p\u00e9remptoirement que le faux masque de d\u00e9mocrate est tomb\u00e9 et que M. Ghannouchi ne fait que jouer au Tartuffe politique? Ses plus r\u00e9cents propos imposent un tel verdict. Au vrai, il continue \u00e0 jouer des mots \u00e0 son habitude en cette jonglerie politique inspir\u00e9e de la rh\u00e9torique arabe o\u00f9 il est bien connu que les mots peuvent avoir un sens et son contraire. Dans son interview au journal sud-am\u00e9ricain, pr\u00e9tendant qu\u2019il existe diff\u00e9rents sens au terme d\u2019\u00c9tat islamique, il se base sur l\u2019article 1er de la Constitution pour se croire autoris\u00e9 \u00e0 dire que cela est conforme \u00e0 la r\u00e9alit\u00e9; or, la r\u00e9alit\u00e9 est que la majorit\u00e9 des Tunisiens ne fr\u00e9quentent pas les mosqu\u00e9es, vivant l\u2019islam en culture, non en religion.<\/p>\n<p>Il faut lire entre les lignes M. Ghannouchi et \u00e9couter ce qu\u2019il ne dit qu\u2019\u00e0 demi-mot quand il assure que <em>\u00absi le peuple choisit les valeurs de l\u2019islam, les lois devraient les refl\u00e9ter\u00bb<\/em>. Voil\u00e0 qui annonce la couleur pour les municipalit\u00e9s qui vont, dans leur majorit\u00e9, tomber entre les mains des islamistes du fait du d\u00e9sint\u00e9r\u00eat des \u00e9lecteurs. N\u2019a-t-il pas pr\u00e9tendu, au m\u00eame quotidien d\u2019Argentine, que la Tunisie n\u2019a jamais \u00e9t\u00e9 un pays la\u00efc, y compris apr\u00e8s l\u2019ind\u00e9pendance, ce qui d\u00e9montre \u00e0 quel point il joue au cam\u00e9l\u00e9on, puisqu\u2019il soutenait la th\u00e8se contraire auparavant? Il y a aussi revendiqu\u00e9 le terme islamo-d\u00e9mocrate, assurant vouloir r\u00e9affirmer sa loyaut\u00e9 <em>\u00abenvers un \u00c9tat fond\u00e9 sur le droit et la citoyennet\u00e9. Musulmans et non-musulmans, hommes et femmes devraient avoir les m\u00eames droits\u00bb<\/em>; ce qui reste de la pure rh\u00e9torique, de tels droits \u00e9tant illusoires, le parti refusant d\u2019abolir les lois sc\u00e9l\u00e9rates actuelles.<\/p>\n<p>D\u2019o\u00f9 la n\u00e9cessit\u00e9 de mettre fin au plus t\u00f4t \u00e0 la tragi-com\u00e9die d\u2019une fausse d\u00e9mocratie en usant de l\u2019article 80 de la Constitution en vue de rendre effectives ses dispositions encore inappliqu\u00e9es et oser \u00e9riger dans le pays un \u00c9tat qui ne soit plus de faux droit. Pour ce faire, ne nous illusionnons pas : il est imp\u00e9ratif d\u2019articuler le pays \u00e0 un syst\u00e8me de droit qui marche, \u00e0 savoir l\u2019\u00c9tat de droit europ\u00e9en, en se d\u00e9cidant enfin \u00e0 demander l\u2019adh\u00e9sion de la Tunisie \u00e0 sa voisine l\u2019Union europ\u00e9enne (UE). Ce sera tout autant dans l\u2019int\u00e9r\u00eat de cette derni\u00e8re que celui de la Tunisie qui en d\u00e9pend d\u00e9j\u00e0 informellement et dont la chute dans l\u2019escarcelle des terroristes et des dogmatiques islamistes n\u2019aura que les pires retomb\u00e9es sur la stabilit\u00e9 europ\u00e9enne et sa prosp\u00e9rit\u00e9. Aussi, ce sera la prosp\u00e9rit\u00e9 et la paix ou le chaos et la guerre de part et d\u2019autre de la M\u00e9diterran\u00e9e, ce lac unissant nos destin\u00e9es <em>nolens volens<\/em>.<\/p>\n<p><em>* Ancien diplomate et \u00e9crivain, son dernier ouvrage \u2018\u2018Les conqu\u00eates tunisiennes\u2019\u2019 (en arabe), a \u00e9t\u00e9 publi\u00e9 par les \u00e9ditions L\u2019Or du Temps.<\/em><\/p>\n<p><em><strong>Articles du m\u00eame auteur dans Kapitalis:\u00a0<\/strong><\/em><\/p>\n<blockquote class=\"wp-embedded-content\" data-secret=\"KPUV8X4ios\"><p><a href=\"https:\/\/kapitalis.com\/tunisie\/2018\/02\/25\/bloc-notes-tragicomedie-municipales-tunisiennes\/\">Bloc-notes : La tragicom\u00e9die des municipales tunisiennes<\/a><\/p><\/blockquote>\n<p><iframe loading=\"lazy\" class=\"wp-embedded-content\" sandbox=\"allow-scripts\" security=\"restricted\" style=\"position: absolute; clip: rect(1px, 1px, 1px, 1px);\" title=\"\u00ab\u00a0Bloc-notes : La tragicom\u00e9die des municipales tunisiennes\u00a0\u00bb &#8212; Kapitalis\" src=\"https:\/\/kapitalis.com\/tunisie\/2018\/02\/25\/bloc-notes-tragicomedie-municipales-tunisiennes\/embed\/#?secret=CKJp5PQA3Y#?secret=KPUV8X4ios\" data-secret=\"KPUV8X4ios\" width=\"600\" height=\"338\" frameborder=\"0\" marginwidth=\"0\" marginheight=\"0\" scrolling=\"no\"><\/iframe><\/p>\n<blockquote class=\"wp-embedded-content\" data-secret=\"2EBxBDiuEx\"><p><a href=\"https:\/\/kapitalis.com\/tunisie\/2017\/12\/24\/bloc-notes-parti-ennahdha-etre-dissous\/\">Bloc-notes : Le parti Ennahdha doit-il \u00eatre dissous?<\/a><\/p><\/blockquote>\n<p><iframe loading=\"lazy\" class=\"wp-embedded-content\" sandbox=\"allow-scripts\" security=\"restricted\" style=\"position: absolute; clip: rect(1px, 1px, 1px, 1px);\" title=\"\u00ab\u00a0Bloc-notes : Le parti Ennahdha doit-il \u00eatre dissous?\u00a0\u00bb &#8212; Kapitalis\" src=\"https:\/\/kapitalis.com\/tunisie\/2017\/12\/24\/bloc-notes-parti-ennahdha-etre-dissous\/embed\/#?secret=E7FRGZVEAX#?secret=2EBxBDiuEx\" data-secret=\"2EBxBDiuEx\" width=\"600\" height=\"338\" frameborder=\"0\" marginwidth=\"0\" marginheight=\"0\" scrolling=\"no\"><\/iframe><\/p>\n<p>&nbsp;<\/p>\n","protected":false},"excerpt":{"rendered":"<p>La marche erdoganienne de Ghannouchi sur le pouvoir en Tunisie se pr\u00e9cise.\u00a0 Le p\u00e9ril imminent mena\u00e7ant l\u2019\u00c9tat impose le recours \u00e0 l\u2019article 80 de la Constitution comme \u00e9lectrochoc en mesure de r\u00e9veiller les consciences anesth\u00e9si\u00e9es et rappeler aux responsabilit\u00e9s. Par Farhat Othman *<\/p>\n","protected":false},"author":8,"featured_media":0,"comment_status":"open","ping_status":"open","sticky":false,"template":"","format":"standard","meta":{"footnotes":""},"categories":[992,997,1000,2433],"tags":[1648,937],"class_list":["post-141785","post","type-post","status-publish","format-standard","hentry","category-a-la-une","category-politique","category-tribune","category-tunisie","tag-islamistes","tag-union-europeenne"],"yoast_head":"<!-- This site is optimized with the Yoast SEO plugin v26.6 - https:\/\/yoast.com\/wordpress\/plugins\/seo\/ -->\n<title>Bloc-notes : Pour sauver l\u2019\u00c9tat tunisien d\u2019un p\u00e9ril imminent - Kapitalis<\/title>\n<meta name=\"robots\" content=\"index, follow, max-snippet:-1, max-image-preview:large, max-video-preview:-1\" \/>\n<link rel=\"canonical\" href=\"https:\/\/kapitalis.com\/tunisie\/2018\/03\/04\/bloc-notes-pour-sauver-letat-tunisien-dun-peril-imminent\/\" \/>\n<meta property=\"og:locale\" content=\"fr_FR\" \/>\n<meta property=\"og:type\" content=\"article\" \/>\n<meta property=\"og:title\" content=\"Bloc-notes : Pour sauver l\u2019\u00c9tat tunisien d\u2019un p\u00e9ril imminent - Kapitalis\" \/>\n<meta property=\"og:description\" content=\"La marche erdoganienne de Ghannouchi sur le pouvoir en Tunisie se pr\u00e9cise.\u00a0 Le p\u00e9ril imminent mena\u00e7ant l\u2019\u00c9tat impose le recours \u00e0 l\u2019article 80 de la Constitution comme \u00e9lectrochoc en mesure de r\u00e9veiller les consciences anesth\u00e9si\u00e9es et rappeler aux responsabilit\u00e9s. Par Farhat Othman *\" \/>\n<meta property=\"og:url\" content=\"https:\/\/kapitalis.com\/tunisie\/2018\/03\/04\/bloc-notes-pour-sauver-letat-tunisien-dun-peril-imminent\/\" \/>\n<meta property=\"og:site_name\" content=\"Kapitalis\" \/>\n<meta property=\"article:publisher\" content=\"https:\/\/www.facebook.com\/KapitalisInfo\/\" \/>\n<meta property=\"article:published_time\" content=\"2018-03-04T10:38:45+00:00\" \/>\n<meta property=\"article:modified_time\" content=\"2018-03-04T10:40:11+00:00\" \/>\n<meta property=\"og:image\" content=\"http:\/\/kapitalis.com\/tunisie\/wp-content\/uploads\/2018\/02\/Rached-Ghannouchi.jpg\" \/>\n<meta name=\"author\" content=\"webmaster kapitalis\" \/>\n<meta name=\"twitter:card\" content=\"summary_large_image\" \/>\n<meta name=\"twitter:creator\" content=\"@KapitalisInfo\" \/>\n<meta name=\"twitter:site\" content=\"@KapitalisInfo\" \/>\n<meta name=\"twitter:label1\" content=\"\u00c9crit par\" \/>\n\t<meta name=\"twitter:data1\" content=\"webmaster kapitalis\" \/>\n\t<meta name=\"twitter:label2\" content=\"Dur\u00e9e de lecture estim\u00e9e\" \/>\n\t<meta name=\"twitter:data2\" content=\"9 minutes\" \/>\n<script type=\"application\/ld+json\" class=\"yoast-schema-graph\">{\"@context\":\"https:\/\/schema.org\",\"@graph\":[{\"@type\":\"Article\",\"@id\":\"https:\/\/kapitalis.com\/tunisie\/2018\/03\/04\/bloc-notes-pour-sauver-letat-tunisien-dun-peril-imminent\/#article\",\"isPartOf\":{\"@id\":\"https:\/\/kapitalis.com\/tunisie\/2018\/03\/04\/bloc-notes-pour-sauver-letat-tunisien-dun-peril-imminent\/\"},\"author\":{\"name\":\"webmaster kapitalis\",\"@id\":\"https:\/\/kapitalis.com\/tunisie\/#\/schema\/person\/d71f33a9ca44f7bad4698210b480c8e9\"},\"headline\":\"Bloc-notes : Pour sauver l\u2019\u00c9tat tunisien d\u2019un p\u00e9ril imminent\",\"datePublished\":\"2018-03-04T10:38:45+00:00\",\"dateModified\":\"2018-03-04T10:40:11+00:00\",\"mainEntityOfPage\":{\"@id\":\"https:\/\/kapitalis.com\/tunisie\/2018\/03\/04\/bloc-notes-pour-sauver-letat-tunisien-dun-peril-imminent\/\"},\"wordCount\":1886,\"commentCount\":11,\"publisher\":{\"@id\":\"https:\/\/kapitalis.com\/tunisie\/#organization\"},\"image\":{\"@id\":\"https:\/\/kapitalis.com\/tunisie\/2018\/03\/04\/bloc-notes-pour-sauver-letat-tunisien-dun-peril-imminent\/#primaryimage\"},\"thumbnailUrl\":\"http:\/\/kapitalis.com\/tunisie\/wp-content\/uploads\/2018\/02\/Rached-Ghannouchi.jpg\",\"keywords\":[\"islamistes\",\"Union europ\u00e9enne\"],\"articleSection\":[\"A LA UNE\",\"POLITIQUE\",\"TRIBUNE\",\"Tunisie\"],\"inLanguage\":\"fr-FR\",\"potentialAction\":[{\"@type\":\"CommentAction\",\"name\":\"Comment\",\"target\":[\"https:\/\/kapitalis.com\/tunisie\/2018\/03\/04\/bloc-notes-pour-sauver-letat-tunisien-dun-peril-imminent\/#respond\"]}]},{\"@type\":\"WebPage\",\"@id\":\"https:\/\/kapitalis.com\/tunisie\/2018\/03\/04\/bloc-notes-pour-sauver-letat-tunisien-dun-peril-imminent\/\",\"url\":\"https:\/\/kapitalis.com\/tunisie\/2018\/03\/04\/bloc-notes-pour-sauver-letat-tunisien-dun-peril-imminent\/\",\"name\":\"Bloc-notes : Pour sauver l\u2019\u00c9tat tunisien d\u2019un p\u00e9ril imminent - Kapitalis\",\"isPartOf\":{\"@id\":\"https:\/\/kapitalis.com\/tunisie\/#website\"},\"primaryImageOfPage\":{\"@id\":\"https:\/\/kapitalis.com\/tunisie\/2018\/03\/04\/bloc-notes-pour-sauver-letat-tunisien-dun-peril-imminent\/#primaryimage\"},\"image\":{\"@id\":\"https:\/\/kapitalis.com\/tunisie\/2018\/03\/04\/bloc-notes-pour-sauver-letat-tunisien-dun-peril-imminent\/#primaryimage\"},\"thumbnailUrl\":\"http:\/\/kapitalis.com\/tunisie\/wp-content\/uploads\/2018\/02\/Rached-Ghannouchi.jpg\",\"datePublished\":\"2018-03-04T10:38:45+00:00\",\"dateModified\":\"2018-03-04T10:40:11+00:00\",\"breadcrumb\":{\"@id\":\"https:\/\/kapitalis.com\/tunisie\/2018\/03\/04\/bloc-notes-pour-sauver-letat-tunisien-dun-peril-imminent\/#breadcrumb\"},\"inLanguage\":\"fr-FR\",\"potentialAction\":[{\"@type\":\"ReadAction\",\"target\":[\"https:\/\/kapitalis.com\/tunisie\/2018\/03\/04\/bloc-notes-pour-sauver-letat-tunisien-dun-peril-imminent\/\"]}]},{\"@type\":\"ImageObject\",\"inLanguage\":\"fr-FR\",\"@id\":\"https:\/\/kapitalis.com\/tunisie\/2018\/03\/04\/bloc-notes-pour-sauver-letat-tunisien-dun-peril-imminent\/#primaryimage\",\"url\":\"http:\/\/kapitalis.com\/tunisie\/wp-content\/uploads\/2018\/02\/Rached-Ghannouchi.jpg\",\"contentUrl\":\"http:\/\/kapitalis.com\/tunisie\/wp-content\/uploads\/2018\/02\/Rached-Ghannouchi.jpg\"},{\"@type\":\"BreadcrumbList\",\"@id\":\"https:\/\/kapitalis.com\/tunisie\/2018\/03\/04\/bloc-notes-pour-sauver-letat-tunisien-dun-peril-imminent\/#breadcrumb\",\"itemListElement\":[{\"@type\":\"ListItem\",\"position\":1,\"name\":\"Accueil\",\"item\":\"https:\/\/kapitalis.com\/tunisie\/\"},{\"@type\":\"ListItem\",\"position\":2,\"name\":\"Bloc-notes : Pour sauver l\u2019\u00c9tat tunisien d\u2019un p\u00e9ril imminent\"}]},{\"@type\":\"WebSite\",\"@id\":\"https:\/\/kapitalis.com\/tunisie\/#website\",\"url\":\"https:\/\/kapitalis.com\/tunisie\/\",\"name\":\"Kapitalis\",\"description\":\"L&#039;actualit\u00e9 en Tunisie et dans le monde\",\"publisher\":{\"@id\":\"https:\/\/kapitalis.com\/tunisie\/#organization\"},\"potentialAction\":[{\"@type\":\"SearchAction\",\"target\":{\"@type\":\"EntryPoint\",\"urlTemplate\":\"https:\/\/kapitalis.com\/tunisie\/?s={search_term_string}\"},\"query-input\":{\"@type\":\"PropertyValueSpecification\",\"valueRequired\":true,\"valueName\":\"search_term_string\"}}],\"inLanguage\":\"fr-FR\"},{\"@type\":\"Organization\",\"@id\":\"https:\/\/kapitalis.com\/tunisie\/#organization\",\"name\":\"Kapitalis\",\"url\":\"https:\/\/kapitalis.com\/tunisie\/\",\"logo\":{\"@type\":\"ImageObject\",\"inLanguage\":\"fr-FR\",\"@id\":\"https:\/\/kapitalis.com\/tunisie\/#\/schema\/logo\/image\/\",\"url\":\"https:\/\/kapitalis.com\/tunisie\/wp-content\/uploads\/2022\/05\/Kapitalis-big-size.png\",\"contentUrl\":\"https:\/\/kapitalis.com\/tunisie\/wp-content\/uploads\/2022\/05\/Kapitalis-big-size.png\",\"width\":5000,\"height\":1500,\"caption\":\"Kapitalis\"},\"image\":{\"@id\":\"https:\/\/kapitalis.com\/tunisie\/#\/schema\/logo\/image\/\"},\"sameAs\":[\"https:\/\/www.facebook.com\/KapitalisInfo\/\",\"https:\/\/x.com\/KapitalisInfo\",\"https:\/\/www.youtube.com\/channel\/UC-yDYrHyfFBWWZaOw3FPg9Q\"]},{\"@type\":\"Person\",\"@id\":\"https:\/\/kapitalis.com\/tunisie\/#\/schema\/person\/d71f33a9ca44f7bad4698210b480c8e9\",\"name\":\"webmaster kapitalis\",\"url\":\"https:\/\/kapitalis.com\/tunisie\/author\/webmaster-kapitalis\/\"}]}<\/script>\n<!-- \/ Yoast SEO plugin. -->","yoast_head_json":{"title":"Bloc-notes : Pour sauver l\u2019\u00c9tat tunisien d\u2019un p\u00e9ril imminent - Kapitalis","robots":{"index":"index","follow":"follow","max-snippet":"max-snippet:-1","max-image-preview":"max-image-preview:large","max-video-preview":"max-video-preview:-1"},"canonical":"https:\/\/kapitalis.com\/tunisie\/2018\/03\/04\/bloc-notes-pour-sauver-letat-tunisien-dun-peril-imminent\/","og_locale":"fr_FR","og_type":"article","og_title":"Bloc-notes : Pour sauver l\u2019\u00c9tat tunisien d\u2019un p\u00e9ril imminent - Kapitalis","og_description":"La marche erdoganienne de Ghannouchi sur le pouvoir en Tunisie se pr\u00e9cise.\u00a0 Le p\u00e9ril imminent mena\u00e7ant l\u2019\u00c9tat impose le recours \u00e0 l\u2019article 80 de la Constitution comme \u00e9lectrochoc en mesure de r\u00e9veiller les consciences anesth\u00e9si\u00e9es et rappeler aux responsabilit\u00e9s. Par Farhat Othman *","og_url":"https:\/\/kapitalis.com\/tunisie\/2018\/03\/04\/bloc-notes-pour-sauver-letat-tunisien-dun-peril-imminent\/","og_site_name":"Kapitalis","article_publisher":"https:\/\/www.facebook.com\/KapitalisInfo\/","article_published_time":"2018-03-04T10:38:45+00:00","article_modified_time":"2018-03-04T10:40:11+00:00","og_image":[{"url":"http:\/\/kapitalis.com\/tunisie\/wp-content\/uploads\/2018\/02\/Rached-Ghannouchi.jpg","type":"","width":"","height":""}],"author":"webmaster kapitalis","twitter_card":"summary_large_image","twitter_creator":"@KapitalisInfo","twitter_site":"@KapitalisInfo","twitter_misc":{"\u00c9crit par":"webmaster kapitalis","Dur\u00e9e de lecture estim\u00e9e":"9 minutes"},"schema":{"@context":"https:\/\/schema.org","@graph":[{"@type":"Article","@id":"https:\/\/kapitalis.com\/tunisie\/2018\/03\/04\/bloc-notes-pour-sauver-letat-tunisien-dun-peril-imminent\/#article","isPartOf":{"@id":"https:\/\/kapitalis.com\/tunisie\/2018\/03\/04\/bloc-notes-pour-sauver-letat-tunisien-dun-peril-imminent\/"},"author":{"name":"webmaster kapitalis","@id":"https:\/\/kapitalis.com\/tunisie\/#\/schema\/person\/d71f33a9ca44f7bad4698210b480c8e9"},"headline":"Bloc-notes : Pour sauver l\u2019\u00c9tat tunisien d\u2019un p\u00e9ril imminent","datePublished":"2018-03-04T10:38:45+00:00","dateModified":"2018-03-04T10:40:11+00:00","mainEntityOfPage":{"@id":"https:\/\/kapitalis.com\/tunisie\/2018\/03\/04\/bloc-notes-pour-sauver-letat-tunisien-dun-peril-imminent\/"},"wordCount":1886,"commentCount":11,"publisher":{"@id":"https:\/\/kapitalis.com\/tunisie\/#organization"},"image":{"@id":"https:\/\/kapitalis.com\/tunisie\/2018\/03\/04\/bloc-notes-pour-sauver-letat-tunisien-dun-peril-imminent\/#primaryimage"},"thumbnailUrl":"http:\/\/kapitalis.com\/tunisie\/wp-content\/uploads\/2018\/02\/Rached-Ghannouchi.jpg","keywords":["islamistes","Union europ\u00e9enne"],"articleSection":["A LA UNE","POLITIQUE","TRIBUNE","Tunisie"],"inLanguage":"fr-FR","potentialAction":[{"@type":"CommentAction","name":"Comment","target":["https:\/\/kapitalis.com\/tunisie\/2018\/03\/04\/bloc-notes-pour-sauver-letat-tunisien-dun-peril-imminent\/#respond"]}]},{"@type":"WebPage","@id":"https:\/\/kapitalis.com\/tunisie\/2018\/03\/04\/bloc-notes-pour-sauver-letat-tunisien-dun-peril-imminent\/","url":"https:\/\/kapitalis.com\/tunisie\/2018\/03\/04\/bloc-notes-pour-sauver-letat-tunisien-dun-peril-imminent\/","name":"Bloc-notes : Pour sauver l\u2019\u00c9tat tunisien d\u2019un p\u00e9ril imminent - Kapitalis","isPartOf":{"@id":"https:\/\/kapitalis.com\/tunisie\/#website"},"primaryImageOfPage":{"@id":"https:\/\/kapitalis.com\/tunisie\/2018\/03\/04\/bloc-notes-pour-sauver-letat-tunisien-dun-peril-imminent\/#primaryimage"},"image":{"@id":"https:\/\/kapitalis.com\/tunisie\/2018\/03\/04\/bloc-notes-pour-sauver-letat-tunisien-dun-peril-imminent\/#primaryimage"},"thumbnailUrl":"http:\/\/kapitalis.com\/tunisie\/wp-content\/uploads\/2018\/02\/Rached-Ghannouchi.jpg","datePublished":"2018-03-04T10:38:45+00:00","dateModified":"2018-03-04T10:40:11+00:00","breadcrumb":{"@id":"https:\/\/kapitalis.com\/tunisie\/2018\/03\/04\/bloc-notes-pour-sauver-letat-tunisien-dun-peril-imminent\/#breadcrumb"},"inLanguage":"fr-FR","potentialAction":[{"@type":"ReadAction","target":["https:\/\/kapitalis.com\/tunisie\/2018\/03\/04\/bloc-notes-pour-sauver-letat-tunisien-dun-peril-imminent\/"]}]},{"@type":"ImageObject","inLanguage":"fr-FR","@id":"https:\/\/kapitalis.com\/tunisie\/2018\/03\/04\/bloc-notes-pour-sauver-letat-tunisien-dun-peril-imminent\/#primaryimage","url":"http:\/\/kapitalis.com\/tunisie\/wp-content\/uploads\/2018\/02\/Rached-Ghannouchi.jpg","contentUrl":"http:\/\/kapitalis.com\/tunisie\/wp-content\/uploads\/2018\/02\/Rached-Ghannouchi.jpg"},{"@type":"BreadcrumbList","@id":"https:\/\/kapitalis.com\/tunisie\/2018\/03\/04\/bloc-notes-pour-sauver-letat-tunisien-dun-peril-imminent\/#breadcrumb","itemListElement":[{"@type":"ListItem","position":1,"name":"Accueil","item":"https:\/\/kapitalis.com\/tunisie\/"},{"@type":"ListItem","position":2,"name":"Bloc-notes : Pour sauver l\u2019\u00c9tat tunisien d\u2019un p\u00e9ril imminent"}]},{"@type":"WebSite","@id":"https:\/\/kapitalis.com\/tunisie\/#website","url":"https:\/\/kapitalis.com\/tunisie\/","name":"Kapitalis","description":"L&#039;actualit\u00e9 en Tunisie et dans le monde","publisher":{"@id":"https:\/\/kapitalis.com\/tunisie\/#organization"},"potentialAction":[{"@type":"SearchAction","target":{"@type":"EntryPoint","urlTemplate":"https:\/\/kapitalis.com\/tunisie\/?s={search_term_string}"},"query-input":{"@type":"PropertyValueSpecification","valueRequired":true,"valueName":"search_term_string"}}],"inLanguage":"fr-FR"},{"@type":"Organization","@id":"https:\/\/kapitalis.com\/tunisie\/#organization","name":"Kapitalis","url":"https:\/\/kapitalis.com\/tunisie\/","logo":{"@type":"ImageObject","inLanguage":"fr-FR","@id":"https:\/\/kapitalis.com\/tunisie\/#\/schema\/logo\/image\/","url":"https:\/\/kapitalis.com\/tunisie\/wp-content\/uploads\/2022\/05\/Kapitalis-big-size.png","contentUrl":"https:\/\/kapitalis.com\/tunisie\/wp-content\/uploads\/2022\/05\/Kapitalis-big-size.png","width":5000,"height":1500,"caption":"Kapitalis"},"image":{"@id":"https:\/\/kapitalis.com\/tunisie\/#\/schema\/logo\/image\/"},"sameAs":["https:\/\/www.facebook.com\/KapitalisInfo\/","https:\/\/x.com\/KapitalisInfo","https:\/\/www.youtube.com\/channel\/UC-yDYrHyfFBWWZaOw3FPg9Q"]},{"@type":"Person","@id":"https:\/\/kapitalis.com\/tunisie\/#\/schema\/person\/d71f33a9ca44f7bad4698210b480c8e9","name":"webmaster kapitalis","url":"https:\/\/kapitalis.com\/tunisie\/author\/webmaster-kapitalis\/"}]}},"_links":{"self":[{"href":"https:\/\/kapitalis.com\/tunisie\/wp-json\/wp\/v2\/posts\/141785","targetHints":{"allow":["GET"]}}],"collection":[{"href":"https:\/\/kapitalis.com\/tunisie\/wp-json\/wp\/v2\/posts"}],"about":[{"href":"https:\/\/kapitalis.com\/tunisie\/wp-json\/wp\/v2\/types\/post"}],"author":[{"embeddable":true,"href":"https:\/\/kapitalis.com\/tunisie\/wp-json\/wp\/v2\/users\/8"}],"replies":[{"embeddable":true,"href":"https:\/\/kapitalis.com\/tunisie\/wp-json\/wp\/v2\/comments?post=141785"}],"version-history":[{"count":0,"href":"https:\/\/kapitalis.com\/tunisie\/wp-json\/wp\/v2\/posts\/141785\/revisions"}],"wp:attachment":[{"href":"https:\/\/kapitalis.com\/tunisie\/wp-json\/wp\/v2\/media?parent=141785"}],"wp:term":[{"taxonomy":"category","embeddable":true,"href":"https:\/\/kapitalis.com\/tunisie\/wp-json\/wp\/v2\/categories?post=141785"},{"taxonomy":"post_tag","embeddable":true,"href":"https:\/\/kapitalis.com\/tunisie\/wp-json\/wp\/v2\/tags?post=141785"}],"curies":[{"name":"wp","href":"https:\/\/api.w.org\/{rel}","templated":true}]}}