{"id":1418864,"date":"2022-06-13T10:44:53","date_gmt":"2022-06-13T09:44:53","guid":{"rendered":"https:\/\/kapitalis.com\/tunisie\/?p=1418864"},"modified":"2022-06-13T10:44:54","modified_gmt":"2022-06-13T09:44:54","slug":"la-tunisie-accroit-ses-exportations-de-fruits-de-25","status":"publish","type":"post","link":"https:\/\/kapitalis.com\/tunisie\/2022\/06\/13\/la-tunisie-accroit-ses-exportations-de-fruits-de-25\/","title":{"rendered":"La Tunisie accro\u00eet ses exportations de fruits de 25%"},"content":{"rendered":"\n<p><strong><em>La valeur des exportations tunisiennes de fruits a augment\u00e9 de 25% \u00e0 55,9 millions de dinars tunisiens (MDT) du 1er janvier au 10 juin 2022, contre 44,5 MDT durant la m\u00eame p\u00e9riode de 2021.<\/em><\/strong><\/p>\n\n\n\n<!--more-->\n\n\n\n<p>Les donn\u00e9es du Groupement interprofessionnel des fruits (Gifruits) cit\u00e9s par l\u2019agence Tap ont montr\u00e9 que l&rsquo;augmentation comprenait \u00e9galement les quantit\u00e9s export\u00e9es qui s&rsquo;\u00e9levaient \u00e0 15 763 tonnes, jusqu&rsquo;au 10 juin de cette ann\u00e9e, contre 14 076 tonnes au cours de la m\u00eame p\u00e9riode l&rsquo;an dernier, en hausse de 12%.<\/p>\n\n\n\n<p>Le march\u00e9 libyen a gard\u00e9 la t\u00eate des pays importateurs des fruits tunisiens, avec une valeur de 6,8 MDT, suivi de l&rsquo;Italie, avec 5 MDT. La troisi\u00e8me place est revenue aux Emirats arabes unis, avec une valeur de plus de 500 000 dinars, suivis de la France avec 396 000 dinars. Quant \u00e0 la cinqui\u00e8me place, elle est revenue \u00e0 l&rsquo;Etat du Kowe\u00eft avec 297 000 dinars.<\/p>\n\n\n\n<p>Le volume des exportations vers les march\u00e9s europ\u00e9ens a atteint 5 751 tonnes, tandis que celles destin\u00e9es aux march\u00e9s du Golfe se sont \u00e9lev\u00e9es \u00e0 1 372 tonnes.<br>En termes de vari\u00e9t\u00e9, la past\u00e8que repr\u00e9sente la plus grande part des fruits export\u00e9s, avec des ventes de 4 887 tonnes, suivie des p\u00eaches avec 4 226 tonnes, puis de l&rsquo;abricot avec 2 734 tonnes, du n\u00e8fle avec 1 215 kg et de la prune avec 712 kg.<\/p>\n\n\n\n<p>Selon des estimations pr\u00e9liminaires, la production de fruits d&rsquo;\u00e9t\u00e9 \u00e0 noyau devrait atteindre 295 000 tonnes, contre 285 000 tonnes la saison pr\u00e9c\u00e9dente, affichant une l\u00e9g\u00e8re hausse de 3,5%.<\/p>\n","protected":false},"excerpt":{"rendered":"<p>La production de fruits d&rsquo;\u00e9t\u00e9 \u00e0 noyau devrait atteindre, en Tunisie; 295 000 tonnes, contre 285 000 tonnes la saison pr\u00e9c\u00e9dente, en l\u00e9g\u00e8re hausse de 3,5%.<\/p>\n","protected":false},"author":8,"featured_media":1418911,"comment_status":"open","ping_status":"open","sticky":false,"template":"","format":"standard","meta":{"footnotes":""},"categories":[995,2433],"tags":[100548,365,84786,100547,94543,62643],"class_list":["post-1418864","post","type-post","status-publish","format-standard","has-post-thumbnail","hentry","category-economie","category-tunisie","tag-abricot","tag-exportations","tag-gifruits","tag-pasteque","tag-peche-2","tag-tunisie"],"yoast_head":"<!-- This site is optimized with the Yoast SEO plugin v26.6 - https:\/\/yoast.com\/wordpress\/plugins\/seo\/ -->\n<title>La Tunisie accro\u00eet ses exportations de fruits de 25% - Kapitalis<\/title>\n<meta name=\"robots\" content=\"index, follow, max-snippet:-1, max-image-preview:large, max-video-preview:-1\" \/>\n<link rel=\"canonical\" href=\"https:\/\/kapitalis.com\/tunisie\/2022\/06\/13\/la-tunisie-accroit-ses-exportations-de-fruits-de-25\/\" \/>\n<meta property=\"og:locale\" content=\"fr_FR\" \/>\n<meta property=\"og:type\" content=\"article\" \/>\n<meta property=\"og:title\" content=\"La Tunisie accro\u00eet ses exportations de fruits de 25% - Kapitalis\" \/>\n<meta property=\"og:description\" content=\"La production de fruits d&#039;\u00e9t\u00e9 \u00e0 noyau devrait atteindre, en Tunisie; 295 000 tonnes, contre 285 000 tonnes la saison pr\u00e9c\u00e9dente, en l\u00e9g\u00e8re hausse de 3,5%.\" \/>\n<meta property=\"og:url\" content=\"https:\/\/kapitalis.com\/tunisie\/2022\/06\/13\/la-tunisie-accroit-ses-exportations-de-fruits-de-25\/\" \/>\n<meta property=\"og:site_name\" content=\"Kapitalis\" \/>\n<meta property=\"article:publisher\" content=\"https:\/\/www.facebook.com\/KapitalisInfo\/\" \/>\n<meta property=\"article:published_time\" content=\"2022-06-13T09:44:53+00:00\" \/>\n<meta property=\"article:modified_time\" content=\"2022-06-13T09:44:54+00:00\" \/>\n<meta property=\"og:image\" content=\"https:\/\/kapitalis.com\/tunisie\/wp-content\/uploads\/2022\/06\/Fruits.jpg\" \/>\n\t<meta property=\"og:image:width\" content=\"1200\" \/>\n\t<meta property=\"og:image:height\" content=\"630\" \/>\n\t<meta property=\"og:image:type\" content=\"image\/jpeg\" \/>\n<meta name=\"author\" content=\"webmaster kapitalis\" \/>\n<meta name=\"twitter:card\" content=\"summary_large_image\" \/>\n<meta name=\"twitter:creator\" content=\"@KapitalisInfo\" \/>\n<meta name=\"twitter:site\" content=\"@KapitalisInfo\" \/>\n<meta name=\"twitter:label1\" content=\"\u00c9crit par\" \/>\n\t<meta name=\"twitter:data1\" content=\"webmaster kapitalis\" \/>\n\t<meta name=\"twitter:label2\" content=\"Dur\u00e9e de lecture estim\u00e9e\" \/>\n\t<meta name=\"twitter:data2\" content=\"2 minutes\" \/>\n<script type=\"application\/ld+json\" class=\"yoast-schema-graph\">{\"@context\":\"https:\/\/schema.org\",\"@graph\":[{\"@type\":\"Article\",\"@id\":\"https:\/\/kapitalis.com\/tunisie\/2022\/06\/13\/la-tunisie-accroit-ses-exportations-de-fruits-de-25\/#article\",\"isPartOf\":{\"@id\":\"https:\/\/kapitalis.com\/tunisie\/2022\/06\/13\/la-tunisie-accroit-ses-exportations-de-fruits-de-25\/\"},\"author\":{\"name\":\"webmaster kapitalis\",\"@id\":\"https:\/\/kapitalis.com\/tunisie\/#\/schema\/person\/d71f33a9ca44f7bad4698210b480c8e9\"},\"headline\":\"La Tunisie accro\u00eet ses exportations de fruits de 25%\",\"datePublished\":\"2022-06-13T09:44:53+00:00\",\"dateModified\":\"2022-06-13T09:44:54+00:00\",\"mainEntityOfPage\":{\"@id\":\"https:\/\/kapitalis.com\/tunisie\/2022\/06\/13\/la-tunisie-accroit-ses-exportations-de-fruits-de-25\/\"},\"wordCount\":252,\"commentCount\":1,\"publisher\":{\"@id\":\"https:\/\/kapitalis.com\/tunisie\/#organization\"},\"image\":{\"@id\":\"https:\/\/kapitalis.com\/tunisie\/2022\/06\/13\/la-tunisie-accroit-ses-exportations-de-fruits-de-25\/#primaryimage\"},\"thumbnailUrl\":\"https:\/\/kapitalis.com\/tunisie\/wp-content\/uploads\/2022\/06\/Fruits.jpg\",\"keywords\":[\"abricot\",\"exportations\",\"Gifruits\",\"past\u00e8que\",\"p\u00eache\",\"Tunisie\"],\"articleSection\":[\"ECONOMIE\",\"Tunisie\"],\"inLanguage\":\"fr-FR\",\"potentialAction\":[{\"@type\":\"CommentAction\",\"name\":\"Comment\",\"target\":[\"https:\/\/kapitalis.com\/tunisie\/2022\/06\/13\/la-tunisie-accroit-ses-exportations-de-fruits-de-25\/#respond\"]}]},{\"@type\":\"WebPage\",\"@id\":\"https:\/\/kapitalis.com\/tunisie\/2022\/06\/13\/la-tunisie-accroit-ses-exportations-de-fruits-de-25\/\",\"url\":\"https:\/\/kapitalis.com\/tunisie\/2022\/06\/13\/la-tunisie-accroit-ses-exportations-de-fruits-de-25\/\",\"name\":\"La Tunisie accro\u00eet ses exportations de fruits de 25% - Kapitalis\",\"isPartOf\":{\"@id\":\"https:\/\/kapitalis.com\/tunisie\/#website\"},\"primaryImageOfPage\":{\"@id\":\"https:\/\/kapitalis.com\/tunisie\/2022\/06\/13\/la-tunisie-accroit-ses-exportations-de-fruits-de-25\/#primaryimage\"},\"image\":{\"@id\":\"https:\/\/kapitalis.com\/tunisie\/2022\/06\/13\/la-tunisie-accroit-ses-exportations-de-fruits-de-25\/#primaryimage\"},\"thumbnailUrl\":\"https:\/\/kapitalis.com\/tunisie\/wp-content\/uploads\/2022\/06\/Fruits.jpg\",\"datePublished\":\"2022-06-13T09:44:53+00:00\",\"dateModified\":\"2022-06-13T09:44:54+00:00\",\"breadcrumb\":{\"@id\":\"https:\/\/kapitalis.com\/tunisie\/2022\/06\/13\/la-tunisie-accroit-ses-exportations-de-fruits-de-25\/#breadcrumb\"},\"inLanguage\":\"fr-FR\",\"potentialAction\":[{\"@type\":\"ReadAction\",\"target\":[\"https:\/\/kapitalis.com\/tunisie\/2022\/06\/13\/la-tunisie-accroit-ses-exportations-de-fruits-de-25\/\"]}]},{\"@type\":\"ImageObject\",\"inLanguage\":\"fr-FR\",\"@id\":\"https:\/\/kapitalis.com\/tunisie\/2022\/06\/13\/la-tunisie-accroit-ses-exportations-de-fruits-de-25\/#primaryimage\",\"url\":\"https:\/\/kapitalis.com\/tunisie\/wp-content\/uploads\/2022\/06\/Fruits.jpg\",\"contentUrl\":\"https:\/\/kapitalis.com\/tunisie\/wp-content\/uploads\/2022\/06\/Fruits.jpg\",\"width\":1200,\"height\":630},{\"@type\":\"BreadcrumbList\",\"@id\":\"https:\/\/kapitalis.com\/tunisie\/2022\/06\/13\/la-tunisie-accroit-ses-exportations-de-fruits-de-25\/#breadcrumb\",\"itemListElement\":[{\"@type\":\"ListItem\",\"position\":1,\"name\":\"Accueil\",\"item\":\"https:\/\/kapitalis.com\/tunisie\/\"},{\"@type\":\"ListItem\",\"position\":2,\"name\":\"La Tunisie accro\u00eet ses exportations de fruits de 25%\"}]},{\"@type\":\"WebSite\",\"@id\":\"https:\/\/kapitalis.com\/tunisie\/#website\",\"url\":\"https:\/\/kapitalis.com\/tunisie\/\",\"name\":\"Kapitalis\",\"description\":\"L&#039;actualit\u00e9 en Tunisie et dans le monde\",\"publisher\":{\"@id\":\"https:\/\/kapitalis.com\/tunisie\/#organization\"},\"potentialAction\":[{\"@type\":\"SearchAction\",\"target\":{\"@type\":\"EntryPoint\",\"urlTemplate\":\"https:\/\/kapitalis.com\/tunisie\/?s={search_term_string}\"},\"query-input\":{\"@type\":\"PropertyValueSpecification\",\"valueRequired\":true,\"valueName\":\"search_term_string\"}}],\"inLanguage\":\"fr-FR\"},{\"@type\":\"Organization\",\"@id\":\"https:\/\/kapitalis.com\/tunisie\/#organization\",\"name\":\"Kapitalis\",\"url\":\"https:\/\/kapitalis.com\/tunisie\/\",\"logo\":{\"@type\":\"ImageObject\",\"inLanguage\":\"fr-FR\",\"@id\":\"https:\/\/kapitalis.com\/tunisie\/#\/schema\/logo\/image\/\",\"url\":\"https:\/\/kapitalis.com\/tunisie\/wp-content\/uploads\/2022\/05\/Kapitalis-big-size.png\",\"contentUrl\":\"https:\/\/kapitalis.com\/tunisie\/wp-content\/uploads\/2022\/05\/Kapitalis-big-size.png\",\"width\":5000,\"height\":1500,\"caption\":\"Kapitalis\"},\"image\":{\"@id\":\"https:\/\/kapitalis.com\/tunisie\/#\/schema\/logo\/image\/\"},\"sameAs\":[\"https:\/\/www.facebook.com\/KapitalisInfo\/\",\"https:\/\/x.com\/KapitalisInfo\",\"https:\/\/www.youtube.com\/channel\/UC-yDYrHyfFBWWZaOw3FPg9Q\"]},{\"@type\":\"Person\",\"@id\":\"https:\/\/kapitalis.com\/tunisie\/#\/schema\/person\/d71f33a9ca44f7bad4698210b480c8e9\",\"name\":\"webmaster kapitalis\",\"url\":\"https:\/\/kapitalis.com\/tunisie\/author\/webmaster-kapitalis\/\"}]}<\/script>\n<!-- \/ Yoast SEO plugin. -->","yoast_head_json":{"title":"La Tunisie accro\u00eet ses exportations de fruits de 25% - Kapitalis","robots":{"index":"index","follow":"follow","max-snippet":"max-snippet:-1","max-image-preview":"max-image-preview:large","max-video-preview":"max-video-preview:-1"},"canonical":"https:\/\/kapitalis.com\/tunisie\/2022\/06\/13\/la-tunisie-accroit-ses-exportations-de-fruits-de-25\/","og_locale":"fr_FR","og_type":"article","og_title":"La Tunisie accro\u00eet ses exportations de fruits de 25% - Kapitalis","og_description":"La production de fruits d'\u00e9t\u00e9 \u00e0 noyau devrait atteindre, en Tunisie; 295 000 tonnes, contre 285 000 tonnes la saison pr\u00e9c\u00e9dente, en l\u00e9g\u00e8re hausse de 3,5%.","og_url":"https:\/\/kapitalis.com\/tunisie\/2022\/06\/13\/la-tunisie-accroit-ses-exportations-de-fruits-de-25\/","og_site_name":"Kapitalis","article_publisher":"https:\/\/www.facebook.com\/KapitalisInfo\/","article_published_time":"2022-06-13T09:44:53+00:00","article_modified_time":"2022-06-13T09:44:54+00:00","og_image":[{"width":1200,"height":630,"url":"https:\/\/kapitalis.com\/tunisie\/wp-content\/uploads\/2022\/06\/Fruits.jpg","type":"image\/jpeg"}],"author":"webmaster kapitalis","twitter_card":"summary_large_image","twitter_creator":"@KapitalisInfo","twitter_site":"@KapitalisInfo","twitter_misc":{"\u00c9crit par":"webmaster kapitalis","Dur\u00e9e de lecture estim\u00e9e":"2 minutes"},"schema":{"@context":"https:\/\/schema.org","@graph":[{"@type":"Article","@id":"https:\/\/kapitalis.com\/tunisie\/2022\/06\/13\/la-tunisie-accroit-ses-exportations-de-fruits-de-25\/#article","isPartOf":{"@id":"https:\/\/kapitalis.com\/tunisie\/2022\/06\/13\/la-tunisie-accroit-ses-exportations-de-fruits-de-25\/"},"author":{"name":"webmaster kapitalis","@id":"https:\/\/kapitalis.com\/tunisie\/#\/schema\/person\/d71f33a9ca44f7bad4698210b480c8e9"},"headline":"La Tunisie accro\u00eet ses exportations de fruits de 25%","datePublished":"2022-06-13T09:44:53+00:00","dateModified":"2022-06-13T09:44:54+00:00","mainEntityOfPage":{"@id":"https:\/\/kapitalis.com\/tunisie\/2022\/06\/13\/la-tunisie-accroit-ses-exportations-de-fruits-de-25\/"},"wordCount":252,"commentCount":1,"publisher":{"@id":"https:\/\/kapitalis.com\/tunisie\/#organization"},"image":{"@id":"https:\/\/kapitalis.com\/tunisie\/2022\/06\/13\/la-tunisie-accroit-ses-exportations-de-fruits-de-25\/#primaryimage"},"thumbnailUrl":"https:\/\/kapitalis.com\/tunisie\/wp-content\/uploads\/2022\/06\/Fruits.jpg","keywords":["abricot","exportations","Gifruits","past\u00e8que","p\u00eache","Tunisie"],"articleSection":["ECONOMIE","Tunisie"],"inLanguage":"fr-FR","potentialAction":[{"@type":"CommentAction","name":"Comment","target":["https:\/\/kapitalis.com\/tunisie\/2022\/06\/13\/la-tunisie-accroit-ses-exportations-de-fruits-de-25\/#respond"]}]},{"@type":"WebPage","@id":"https:\/\/kapitalis.com\/tunisie\/2022\/06\/13\/la-tunisie-accroit-ses-exportations-de-fruits-de-25\/","url":"https:\/\/kapitalis.com\/tunisie\/2022\/06\/13\/la-tunisie-accroit-ses-exportations-de-fruits-de-25\/","name":"La Tunisie accro\u00eet ses exportations de fruits de 25% - Kapitalis","isPartOf":{"@id":"https:\/\/kapitalis.com\/tunisie\/#website"},"primaryImageOfPage":{"@id":"https:\/\/kapitalis.com\/tunisie\/2022\/06\/13\/la-tunisie-accroit-ses-exportations-de-fruits-de-25\/#primaryimage"},"image":{"@id":"https:\/\/kapitalis.com\/tunisie\/2022\/06\/13\/la-tunisie-accroit-ses-exportations-de-fruits-de-25\/#primaryimage"},"thumbnailUrl":"https:\/\/kapitalis.com\/tunisie\/wp-content\/uploads\/2022\/06\/Fruits.jpg","datePublished":"2022-06-13T09:44:53+00:00","dateModified":"2022-06-13T09:44:54+00:00","breadcrumb":{"@id":"https:\/\/kapitalis.com\/tunisie\/2022\/06\/13\/la-tunisie-accroit-ses-exportations-de-fruits-de-25\/#breadcrumb"},"inLanguage":"fr-FR","potentialAction":[{"@type":"ReadAction","target":["https:\/\/kapitalis.com\/tunisie\/2022\/06\/13\/la-tunisie-accroit-ses-exportations-de-fruits-de-25\/"]}]},{"@type":"ImageObject","inLanguage":"fr-FR","@id":"https:\/\/kapitalis.com\/tunisie\/2022\/06\/13\/la-tunisie-accroit-ses-exportations-de-fruits-de-25\/#primaryimage","url":"https:\/\/kapitalis.com\/tunisie\/wp-content\/uploads\/2022\/06\/Fruits.jpg","contentUrl":"https:\/\/kapitalis.com\/tunisie\/wp-content\/uploads\/2022\/06\/Fruits.jpg","width":1200,"height":630},{"@type":"BreadcrumbList","@id":"https:\/\/kapitalis.com\/tunisie\/2022\/06\/13\/la-tunisie-accroit-ses-exportations-de-fruits-de-25\/#breadcrumb","itemListElement":[{"@type":"ListItem","position":1,"name":"Accueil","item":"https:\/\/kapitalis.com\/tunisie\/"},{"@type":"ListItem","position":2,"name":"La Tunisie accro\u00eet ses exportations de fruits de 25%"}]},{"@type":"WebSite","@id":"https:\/\/kapitalis.com\/tunisie\/#website","url":"https:\/\/kapitalis.com\/tunisie\/","name":"Kapitalis","description":"L&#039;actualit\u00e9 en Tunisie et dans le monde","publisher":{"@id":"https:\/\/kapitalis.com\/tunisie\/#organization"},"potentialAction":[{"@type":"SearchAction","target":{"@type":"EntryPoint","urlTemplate":"https:\/\/kapitalis.com\/tunisie\/?s={search_term_string}"},"query-input":{"@type":"PropertyValueSpecification","valueRequired":true,"valueName":"search_term_string"}}],"inLanguage":"fr-FR"},{"@type":"Organization","@id":"https:\/\/kapitalis.com\/tunisie\/#organization","name":"Kapitalis","url":"https:\/\/kapitalis.com\/tunisie\/","logo":{"@type":"ImageObject","inLanguage":"fr-FR","@id":"https:\/\/kapitalis.com\/tunisie\/#\/schema\/logo\/image\/","url":"https:\/\/kapitalis.com\/tunisie\/wp-content\/uploads\/2022\/05\/Kapitalis-big-size.png","contentUrl":"https:\/\/kapitalis.com\/tunisie\/wp-content\/uploads\/2022\/05\/Kapitalis-big-size.png","width":5000,"height":1500,"caption":"Kapitalis"},"image":{"@id":"https:\/\/kapitalis.com\/tunisie\/#\/schema\/logo\/image\/"},"sameAs":["https:\/\/www.facebook.com\/KapitalisInfo\/","https:\/\/x.com\/KapitalisInfo","https:\/\/www.youtube.com\/channel\/UC-yDYrHyfFBWWZaOw3FPg9Q"]},{"@type":"Person","@id":"https:\/\/kapitalis.com\/tunisie\/#\/schema\/person\/d71f33a9ca44f7bad4698210b480c8e9","name":"webmaster kapitalis","url":"https:\/\/kapitalis.com\/tunisie\/author\/webmaster-kapitalis\/"}]}},"_links":{"self":[{"href":"https:\/\/kapitalis.com\/tunisie\/wp-json\/wp\/v2\/posts\/1418864","targetHints":{"allow":["GET"]}}],"collection":[{"href":"https:\/\/kapitalis.com\/tunisie\/wp-json\/wp\/v2\/posts"}],"about":[{"href":"https:\/\/kapitalis.com\/tunisie\/wp-json\/wp\/v2\/types\/post"}],"author":[{"embeddable":true,"href":"https:\/\/kapitalis.com\/tunisie\/wp-json\/wp\/v2\/users\/8"}],"replies":[{"embeddable":true,"href":"https:\/\/kapitalis.com\/tunisie\/wp-json\/wp\/v2\/comments?post=1418864"}],"version-history":[{"count":0,"href":"https:\/\/kapitalis.com\/tunisie\/wp-json\/wp\/v2\/posts\/1418864\/revisions"}],"wp:featuredmedia":[{"embeddable":true,"href":"https:\/\/kapitalis.com\/tunisie\/wp-json\/wp\/v2\/media\/1418911"}],"wp:attachment":[{"href":"https:\/\/kapitalis.com\/tunisie\/wp-json\/wp\/v2\/media?parent=1418864"}],"wp:term":[{"taxonomy":"category","embeddable":true,"href":"https:\/\/kapitalis.com\/tunisie\/wp-json\/wp\/v2\/categories?post=1418864"},{"taxonomy":"post_tag","embeddable":true,"href":"https:\/\/kapitalis.com\/tunisie\/wp-json\/wp\/v2\/tags?post=1418864"}],"curies":[{"name":"wp","href":"https:\/\/api.w.org\/{rel}","templated":true}]}}