{"id":14200497,"date":"2024-10-13T08:47:27","date_gmt":"2024-10-13T07:47:27","guid":{"rendered":"https:\/\/kapitalis.com\/tunisie\/?p=14200497"},"modified":"2024-10-13T08:47:29","modified_gmt":"2024-10-13T07:47:29","slug":"tunisie-moez-ben-zaghden-elu-a-la-tete-de-lutap","status":"publish","type":"post","link":"https:\/\/kapitalis.com\/tunisie\/2024\/10\/13\/tunisie-moez-ben-zaghden-elu-a-la-tete-de-lutap\/","title":{"rendered":"Tunisie\u00a0: Moez Ben Zaghden \u00e9lu \u00e0 la t\u00eate de l\u2019Utap"},"content":{"rendered":"\n<p><strong><em>L\u2019Union tunisienne de l\u2019agriculture et de la p\u00eache (Utap) a annonc\u00e9, samedi \u00a012 octobre 2024 que Moez Ben Zaghden a pris la t\u00eate de l\u2019organisation apr\u00e8s son \u00e9lection \u00e0 l\u2019unanimit\u00e9 par les membres de son conseil central.<\/em><\/strong><\/p>\n\n\n\n<!--more-->\n\n\n\n<p>Dans un communiqu\u00e9 publi\u00e9 samedi 12 octobre 2024, l\u2019Utap a expliqu\u00e9 que ce vote a eu lieu apr\u00e8s la d\u00e9mission de Noureddine Ben Ayed pour des raisons de sant\u00e9. Il avait occup\u00e9 le poste officiellement depuis le 17 juin 2022, date de la publication de l\u2019information sur le Journal officiel de la r\u00e9publique tunisienne (Jort). En fait, il avait \u00e9t\u00e9 \u00e9lu lors d\u2019un vote du conseil central le 18 mai de la m\u00eame ann\u00e9e dans des circonstances controvers\u00e9es et d\u00e9nonc\u00e9es \u00e0 l\u2019\u00e9poque par son pr\u00e9d\u00e9cesseur Abdelmajid Zar (31 mai 2013 &#8211; 18 mai 2022), proche du parti islamiste Ennahdha, tomb\u00e9 apr\u00e8s la chute de ce parti et son \u00e9cartement du gouvernement apr\u00e8s la proclamation de l&rsquo;\u00e9tat d&rsquo;exception par le pr\u00e9sident de la r\u00e9publique Ka\u00efs  Sa\u00efed, le 25 juillet 2021 .<\/p>\n\n\n\n<p class=\"has-text-align-right\"><strong>I. B.<\/strong> <\/p>\n","protected":false},"excerpt":{"rendered":"<p> Moez Ben Zaghden \u00e9lu pr\u00e9sident du syndicat des agriculteurs tunisiens. <\/p>\n","protected":false},"author":8,"featured_media":14200530,"comment_status":"open","ping_status":"open","sticky":false,"template":"","format":"standard","meta":{"footnotes":""},"categories":[995,2433],"tags":[93333,46,49543,76012,118362,99829,3614],"class_list":["post-14200497","post","type-post","status-publish","format-standard","has-post-thumbnail","hentry","category-economie","category-tunisie","tag-abdelmajid-zar","tag-agriculteurs","tag-ennahdha","tag-kais-saied-2","tag-moez-ben-zaghden","tag-noureddine-ben-ayed","tag-utap"],"yoast_head":"<!-- This site is optimized with the Yoast SEO plugin v26.6 - https:\/\/yoast.com\/wordpress\/plugins\/seo\/ -->\n<title>Tunisie\u00a0: Moez Ben Zaghden \u00e9lu \u00e0 la t\u00eate de l\u2019Utap - Kapitalis<\/title>\n<meta name=\"robots\" content=\"index, follow, max-snippet:-1, max-image-preview:large, max-video-preview:-1\" \/>\n<link rel=\"canonical\" href=\"https:\/\/kapitalis.com\/tunisie\/2024\/10\/13\/tunisie-moez-ben-zaghden-elu-a-la-tete-de-lutap\/\" \/>\n<meta property=\"og:locale\" content=\"fr_FR\" \/>\n<meta property=\"og:type\" content=\"article\" \/>\n<meta property=\"og:title\" content=\"Tunisie\u00a0: Moez Ben Zaghden \u00e9lu \u00e0 la t\u00eate de l\u2019Utap - Kapitalis\" \/>\n<meta property=\"og:description\" content=\"Moez Ben Zaghden \u00e9lu pr\u00e9sident du syndicat des agriculteurs tunisiens.\" \/>\n<meta property=\"og:url\" content=\"https:\/\/kapitalis.com\/tunisie\/2024\/10\/13\/tunisie-moez-ben-zaghden-elu-a-la-tete-de-lutap\/\" \/>\n<meta property=\"og:site_name\" content=\"Kapitalis\" \/>\n<meta property=\"article:publisher\" content=\"https:\/\/www.facebook.com\/KapitalisInfo\/\" \/>\n<meta property=\"article:published_time\" content=\"2024-10-13T07:47:27+00:00\" \/>\n<meta property=\"article:modified_time\" content=\"2024-10-13T07:47:29+00:00\" \/>\n<meta property=\"og:image\" content=\"https:\/\/kapitalis.com\/tunisie\/wp-content\/uploads\/2024\/10\/Moez-Saghden-Utap.jpg\" \/>\n\t<meta property=\"og:image:width\" content=\"1200\" \/>\n\t<meta property=\"og:image:height\" content=\"630\" \/>\n\t<meta property=\"og:image:type\" content=\"image\/jpeg\" \/>\n<meta name=\"author\" content=\"webmaster kapitalis\" \/>\n<meta name=\"twitter:card\" content=\"summary_large_image\" \/>\n<meta name=\"twitter:creator\" content=\"@KapitalisInfo\" \/>\n<meta name=\"twitter:site\" content=\"@KapitalisInfo\" \/>\n<meta name=\"twitter:label1\" content=\"\u00c9crit par\" \/>\n\t<meta name=\"twitter:data1\" content=\"webmaster kapitalis\" \/>\n\t<meta name=\"twitter:label2\" content=\"Dur\u00e9e de lecture estim\u00e9e\" \/>\n\t<meta name=\"twitter:data2\" content=\"2 minutes\" \/>\n<script type=\"application\/ld+json\" class=\"yoast-schema-graph\">{\"@context\":\"https:\/\/schema.org\",\"@graph\":[{\"@type\":\"Article\",\"@id\":\"https:\/\/kapitalis.com\/tunisie\/2024\/10\/13\/tunisie-moez-ben-zaghden-elu-a-la-tete-de-lutap\/#article\",\"isPartOf\":{\"@id\":\"https:\/\/kapitalis.com\/tunisie\/2024\/10\/13\/tunisie-moez-ben-zaghden-elu-a-la-tete-de-lutap\/\"},\"author\":{\"name\":\"webmaster kapitalis\",\"@id\":\"https:\/\/kapitalis.com\/tunisie\/#\/schema\/person\/d71f33a9ca44f7bad4698210b480c8e9\"},\"headline\":\"Tunisie\u00a0: Moez Ben Zaghden \u00e9lu \u00e0 la t\u00eate de l\u2019Utap\",\"datePublished\":\"2024-10-13T07:47:27+00:00\",\"dateModified\":\"2024-10-13T07:47:29+00:00\",\"mainEntityOfPage\":{\"@id\":\"https:\/\/kapitalis.com\/tunisie\/2024\/10\/13\/tunisie-moez-ben-zaghden-elu-a-la-tete-de-lutap\/\"},\"wordCount\":192,\"commentCount\":0,\"publisher\":{\"@id\":\"https:\/\/kapitalis.com\/tunisie\/#organization\"},\"image\":{\"@id\":\"https:\/\/kapitalis.com\/tunisie\/2024\/10\/13\/tunisie-moez-ben-zaghden-elu-a-la-tete-de-lutap\/#primaryimage\"},\"thumbnailUrl\":\"https:\/\/kapitalis.com\/tunisie\/wp-content\/uploads\/2024\/10\/Moez-Saghden-Utap.jpg\",\"keywords\":[\"Abdelmajid Zar\",\"agriculteurs\",\"Ennahdha\",\"Ka\u00efs Sa\u00efed\",\"Moez Ben Zaghden\",\"Noureddine Ben Ayed\",\"Utap\"],\"articleSection\":[\"ECONOMIE\",\"Tunisie\"],\"inLanguage\":\"fr-FR\",\"potentialAction\":[{\"@type\":\"CommentAction\",\"name\":\"Comment\",\"target\":[\"https:\/\/kapitalis.com\/tunisie\/2024\/10\/13\/tunisie-moez-ben-zaghden-elu-a-la-tete-de-lutap\/#respond\"]}]},{\"@type\":\"WebPage\",\"@id\":\"https:\/\/kapitalis.com\/tunisie\/2024\/10\/13\/tunisie-moez-ben-zaghden-elu-a-la-tete-de-lutap\/\",\"url\":\"https:\/\/kapitalis.com\/tunisie\/2024\/10\/13\/tunisie-moez-ben-zaghden-elu-a-la-tete-de-lutap\/\",\"name\":\"Tunisie\u00a0: Moez Ben Zaghden \u00e9lu \u00e0 la t\u00eate de l\u2019Utap - Kapitalis\",\"isPartOf\":{\"@id\":\"https:\/\/kapitalis.com\/tunisie\/#website\"},\"primaryImageOfPage\":{\"@id\":\"https:\/\/kapitalis.com\/tunisie\/2024\/10\/13\/tunisie-moez-ben-zaghden-elu-a-la-tete-de-lutap\/#primaryimage\"},\"image\":{\"@id\":\"https:\/\/kapitalis.com\/tunisie\/2024\/10\/13\/tunisie-moez-ben-zaghden-elu-a-la-tete-de-lutap\/#primaryimage\"},\"thumbnailUrl\":\"https:\/\/kapitalis.com\/tunisie\/wp-content\/uploads\/2024\/10\/Moez-Saghden-Utap.jpg\",\"datePublished\":\"2024-10-13T07:47:27+00:00\",\"dateModified\":\"2024-10-13T07:47:29+00:00\",\"breadcrumb\":{\"@id\":\"https:\/\/kapitalis.com\/tunisie\/2024\/10\/13\/tunisie-moez-ben-zaghden-elu-a-la-tete-de-lutap\/#breadcrumb\"},\"inLanguage\":\"fr-FR\",\"potentialAction\":[{\"@type\":\"ReadAction\",\"target\":[\"https:\/\/kapitalis.com\/tunisie\/2024\/10\/13\/tunisie-moez-ben-zaghden-elu-a-la-tete-de-lutap\/\"]}]},{\"@type\":\"ImageObject\",\"inLanguage\":\"fr-FR\",\"@id\":\"https:\/\/kapitalis.com\/tunisie\/2024\/10\/13\/tunisie-moez-ben-zaghden-elu-a-la-tete-de-lutap\/#primaryimage\",\"url\":\"https:\/\/kapitalis.com\/tunisie\/wp-content\/uploads\/2024\/10\/Moez-Saghden-Utap.jpg\",\"contentUrl\":\"https:\/\/kapitalis.com\/tunisie\/wp-content\/uploads\/2024\/10\/Moez-Saghden-Utap.jpg\",\"width\":1200,\"height\":630},{\"@type\":\"BreadcrumbList\",\"@id\":\"https:\/\/kapitalis.com\/tunisie\/2024\/10\/13\/tunisie-moez-ben-zaghden-elu-a-la-tete-de-lutap\/#breadcrumb\",\"itemListElement\":[{\"@type\":\"ListItem\",\"position\":1,\"name\":\"Accueil\",\"item\":\"https:\/\/kapitalis.com\/tunisie\/\"},{\"@type\":\"ListItem\",\"position\":2,\"name\":\"Tunisie\u00a0: Moez Ben Zaghden \u00e9lu \u00e0 la t\u00eate de l\u2019Utap\"}]},{\"@type\":\"WebSite\",\"@id\":\"https:\/\/kapitalis.com\/tunisie\/#website\",\"url\":\"https:\/\/kapitalis.com\/tunisie\/\",\"name\":\"Kapitalis\",\"description\":\"L&#039;actualit\u00e9 en Tunisie et dans le monde\",\"publisher\":{\"@id\":\"https:\/\/kapitalis.com\/tunisie\/#organization\"},\"potentialAction\":[{\"@type\":\"SearchAction\",\"target\":{\"@type\":\"EntryPoint\",\"urlTemplate\":\"https:\/\/kapitalis.com\/tunisie\/?s={search_term_string}\"},\"query-input\":{\"@type\":\"PropertyValueSpecification\",\"valueRequired\":true,\"valueName\":\"search_term_string\"}}],\"inLanguage\":\"fr-FR\"},{\"@type\":\"Organization\",\"@id\":\"https:\/\/kapitalis.com\/tunisie\/#organization\",\"name\":\"Kapitalis\",\"url\":\"https:\/\/kapitalis.com\/tunisie\/\",\"logo\":{\"@type\":\"ImageObject\",\"inLanguage\":\"fr-FR\",\"@id\":\"https:\/\/kapitalis.com\/tunisie\/#\/schema\/logo\/image\/\",\"url\":\"https:\/\/kapitalis.com\/tunisie\/wp-content\/uploads\/2022\/05\/Kapitalis-big-size.png\",\"contentUrl\":\"https:\/\/kapitalis.com\/tunisie\/wp-content\/uploads\/2022\/05\/Kapitalis-big-size.png\",\"width\":5000,\"height\":1500,\"caption\":\"Kapitalis\"},\"image\":{\"@id\":\"https:\/\/kapitalis.com\/tunisie\/#\/schema\/logo\/image\/\"},\"sameAs\":[\"https:\/\/www.facebook.com\/KapitalisInfo\/\",\"https:\/\/x.com\/KapitalisInfo\",\"https:\/\/www.youtube.com\/channel\/UC-yDYrHyfFBWWZaOw3FPg9Q\"]},{\"@type\":\"Person\",\"@id\":\"https:\/\/kapitalis.com\/tunisie\/#\/schema\/person\/d71f33a9ca44f7bad4698210b480c8e9\",\"name\":\"webmaster kapitalis\",\"url\":\"https:\/\/kapitalis.com\/tunisie\/author\/webmaster-kapitalis\/\"}]}<\/script>\n<!-- \/ Yoast SEO plugin. -->","yoast_head_json":{"title":"Tunisie\u00a0: Moez Ben Zaghden \u00e9lu \u00e0 la t\u00eate de l\u2019Utap - Kapitalis","robots":{"index":"index","follow":"follow","max-snippet":"max-snippet:-1","max-image-preview":"max-image-preview:large","max-video-preview":"max-video-preview:-1"},"canonical":"https:\/\/kapitalis.com\/tunisie\/2024\/10\/13\/tunisie-moez-ben-zaghden-elu-a-la-tete-de-lutap\/","og_locale":"fr_FR","og_type":"article","og_title":"Tunisie\u00a0: Moez Ben Zaghden \u00e9lu \u00e0 la t\u00eate de l\u2019Utap - Kapitalis","og_description":"Moez Ben Zaghden \u00e9lu pr\u00e9sident du syndicat des agriculteurs tunisiens.","og_url":"https:\/\/kapitalis.com\/tunisie\/2024\/10\/13\/tunisie-moez-ben-zaghden-elu-a-la-tete-de-lutap\/","og_site_name":"Kapitalis","article_publisher":"https:\/\/www.facebook.com\/KapitalisInfo\/","article_published_time":"2024-10-13T07:47:27+00:00","article_modified_time":"2024-10-13T07:47:29+00:00","og_image":[{"width":1200,"height":630,"url":"https:\/\/kapitalis.com\/tunisie\/wp-content\/uploads\/2024\/10\/Moez-Saghden-Utap.jpg","type":"image\/jpeg"}],"author":"webmaster kapitalis","twitter_card":"summary_large_image","twitter_creator":"@KapitalisInfo","twitter_site":"@KapitalisInfo","twitter_misc":{"\u00c9crit par":"webmaster kapitalis","Dur\u00e9e de lecture estim\u00e9e":"2 minutes"},"schema":{"@context":"https:\/\/schema.org","@graph":[{"@type":"Article","@id":"https:\/\/kapitalis.com\/tunisie\/2024\/10\/13\/tunisie-moez-ben-zaghden-elu-a-la-tete-de-lutap\/#article","isPartOf":{"@id":"https:\/\/kapitalis.com\/tunisie\/2024\/10\/13\/tunisie-moez-ben-zaghden-elu-a-la-tete-de-lutap\/"},"author":{"name":"webmaster kapitalis","@id":"https:\/\/kapitalis.com\/tunisie\/#\/schema\/person\/d71f33a9ca44f7bad4698210b480c8e9"},"headline":"Tunisie\u00a0: Moez Ben Zaghden \u00e9lu \u00e0 la t\u00eate de l\u2019Utap","datePublished":"2024-10-13T07:47:27+00:00","dateModified":"2024-10-13T07:47:29+00:00","mainEntityOfPage":{"@id":"https:\/\/kapitalis.com\/tunisie\/2024\/10\/13\/tunisie-moez-ben-zaghden-elu-a-la-tete-de-lutap\/"},"wordCount":192,"commentCount":0,"publisher":{"@id":"https:\/\/kapitalis.com\/tunisie\/#organization"},"image":{"@id":"https:\/\/kapitalis.com\/tunisie\/2024\/10\/13\/tunisie-moez-ben-zaghden-elu-a-la-tete-de-lutap\/#primaryimage"},"thumbnailUrl":"https:\/\/kapitalis.com\/tunisie\/wp-content\/uploads\/2024\/10\/Moez-Saghden-Utap.jpg","keywords":["Abdelmajid Zar","agriculteurs","Ennahdha","Ka\u00efs Sa\u00efed","Moez Ben Zaghden","Noureddine Ben Ayed","Utap"],"articleSection":["ECONOMIE","Tunisie"],"inLanguage":"fr-FR","potentialAction":[{"@type":"CommentAction","name":"Comment","target":["https:\/\/kapitalis.com\/tunisie\/2024\/10\/13\/tunisie-moez-ben-zaghden-elu-a-la-tete-de-lutap\/#respond"]}]},{"@type":"WebPage","@id":"https:\/\/kapitalis.com\/tunisie\/2024\/10\/13\/tunisie-moez-ben-zaghden-elu-a-la-tete-de-lutap\/","url":"https:\/\/kapitalis.com\/tunisie\/2024\/10\/13\/tunisie-moez-ben-zaghden-elu-a-la-tete-de-lutap\/","name":"Tunisie\u00a0: Moez Ben Zaghden \u00e9lu \u00e0 la t\u00eate de l\u2019Utap - Kapitalis","isPartOf":{"@id":"https:\/\/kapitalis.com\/tunisie\/#website"},"primaryImageOfPage":{"@id":"https:\/\/kapitalis.com\/tunisie\/2024\/10\/13\/tunisie-moez-ben-zaghden-elu-a-la-tete-de-lutap\/#primaryimage"},"image":{"@id":"https:\/\/kapitalis.com\/tunisie\/2024\/10\/13\/tunisie-moez-ben-zaghden-elu-a-la-tete-de-lutap\/#primaryimage"},"thumbnailUrl":"https:\/\/kapitalis.com\/tunisie\/wp-content\/uploads\/2024\/10\/Moez-Saghden-Utap.jpg","datePublished":"2024-10-13T07:47:27+00:00","dateModified":"2024-10-13T07:47:29+00:00","breadcrumb":{"@id":"https:\/\/kapitalis.com\/tunisie\/2024\/10\/13\/tunisie-moez-ben-zaghden-elu-a-la-tete-de-lutap\/#breadcrumb"},"inLanguage":"fr-FR","potentialAction":[{"@type":"ReadAction","target":["https:\/\/kapitalis.com\/tunisie\/2024\/10\/13\/tunisie-moez-ben-zaghden-elu-a-la-tete-de-lutap\/"]}]},{"@type":"ImageObject","inLanguage":"fr-FR","@id":"https:\/\/kapitalis.com\/tunisie\/2024\/10\/13\/tunisie-moez-ben-zaghden-elu-a-la-tete-de-lutap\/#primaryimage","url":"https:\/\/kapitalis.com\/tunisie\/wp-content\/uploads\/2024\/10\/Moez-Saghden-Utap.jpg","contentUrl":"https:\/\/kapitalis.com\/tunisie\/wp-content\/uploads\/2024\/10\/Moez-Saghden-Utap.jpg","width":1200,"height":630},{"@type":"BreadcrumbList","@id":"https:\/\/kapitalis.com\/tunisie\/2024\/10\/13\/tunisie-moez-ben-zaghden-elu-a-la-tete-de-lutap\/#breadcrumb","itemListElement":[{"@type":"ListItem","position":1,"name":"Accueil","item":"https:\/\/kapitalis.com\/tunisie\/"},{"@type":"ListItem","position":2,"name":"Tunisie\u00a0: Moez Ben Zaghden \u00e9lu \u00e0 la t\u00eate de l\u2019Utap"}]},{"@type":"WebSite","@id":"https:\/\/kapitalis.com\/tunisie\/#website","url":"https:\/\/kapitalis.com\/tunisie\/","name":"Kapitalis","description":"L&#039;actualit\u00e9 en Tunisie et dans le monde","publisher":{"@id":"https:\/\/kapitalis.com\/tunisie\/#organization"},"potentialAction":[{"@type":"SearchAction","target":{"@type":"EntryPoint","urlTemplate":"https:\/\/kapitalis.com\/tunisie\/?s={search_term_string}"},"query-input":{"@type":"PropertyValueSpecification","valueRequired":true,"valueName":"search_term_string"}}],"inLanguage":"fr-FR"},{"@type":"Organization","@id":"https:\/\/kapitalis.com\/tunisie\/#organization","name":"Kapitalis","url":"https:\/\/kapitalis.com\/tunisie\/","logo":{"@type":"ImageObject","inLanguage":"fr-FR","@id":"https:\/\/kapitalis.com\/tunisie\/#\/schema\/logo\/image\/","url":"https:\/\/kapitalis.com\/tunisie\/wp-content\/uploads\/2022\/05\/Kapitalis-big-size.png","contentUrl":"https:\/\/kapitalis.com\/tunisie\/wp-content\/uploads\/2022\/05\/Kapitalis-big-size.png","width":5000,"height":1500,"caption":"Kapitalis"},"image":{"@id":"https:\/\/kapitalis.com\/tunisie\/#\/schema\/logo\/image\/"},"sameAs":["https:\/\/www.facebook.com\/KapitalisInfo\/","https:\/\/x.com\/KapitalisInfo","https:\/\/www.youtube.com\/channel\/UC-yDYrHyfFBWWZaOw3FPg9Q"]},{"@type":"Person","@id":"https:\/\/kapitalis.com\/tunisie\/#\/schema\/person\/d71f33a9ca44f7bad4698210b480c8e9","name":"webmaster kapitalis","url":"https:\/\/kapitalis.com\/tunisie\/author\/webmaster-kapitalis\/"}]}},"_links":{"self":[{"href":"https:\/\/kapitalis.com\/tunisie\/wp-json\/wp\/v2\/posts\/14200497","targetHints":{"allow":["GET"]}}],"collection":[{"href":"https:\/\/kapitalis.com\/tunisie\/wp-json\/wp\/v2\/posts"}],"about":[{"href":"https:\/\/kapitalis.com\/tunisie\/wp-json\/wp\/v2\/types\/post"}],"author":[{"embeddable":true,"href":"https:\/\/kapitalis.com\/tunisie\/wp-json\/wp\/v2\/users\/8"}],"replies":[{"embeddable":true,"href":"https:\/\/kapitalis.com\/tunisie\/wp-json\/wp\/v2\/comments?post=14200497"}],"version-history":[{"count":1,"href":"https:\/\/kapitalis.com\/tunisie\/wp-json\/wp\/v2\/posts\/14200497\/revisions"}],"predecessor-version":[{"id":14200537,"href":"https:\/\/kapitalis.com\/tunisie\/wp-json\/wp\/v2\/posts\/14200497\/revisions\/14200537"}],"wp:featuredmedia":[{"embeddable":true,"href":"https:\/\/kapitalis.com\/tunisie\/wp-json\/wp\/v2\/media\/14200530"}],"wp:attachment":[{"href":"https:\/\/kapitalis.com\/tunisie\/wp-json\/wp\/v2\/media?parent=14200497"}],"wp:term":[{"taxonomy":"category","embeddable":true,"href":"https:\/\/kapitalis.com\/tunisie\/wp-json\/wp\/v2\/categories?post=14200497"},{"taxonomy":"post_tag","embeddable":true,"href":"https:\/\/kapitalis.com\/tunisie\/wp-json\/wp\/v2\/tags?post=14200497"}],"curies":[{"name":"wp","href":"https:\/\/api.w.org\/{rel}","templated":true}]}}