{"id":142019,"date":"2018-03-06T08:57:38","date_gmt":"2018-03-06T07:57:38","guid":{"rendered":"http:\/\/kapitalis.com\/tunisie\/?p=142019"},"modified":"2018-03-06T08:58:39","modified_gmt":"2018-03-06T07:58:39","slug":"football-ligue-champions-nouveau-defi-de-letoile-sahel","status":"publish","type":"post","link":"https:\/\/kapitalis.com\/tunisie\/2018\/03\/06\/football-ligue-champions-nouveau-defi-de-letoile-sahel\/","title":{"rendered":"Football-Ligue des champions: Le nouveau d\u00e9fi de l\u2019Etoile du Sahel"},"content":{"rendered":"<p style=\"text-align: center;\"><img loading=\"lazy\" decoding=\"async\" class=\"alignnone size-full wp-image-142021\" src=\"http:\/\/kapitalis.com\/tunisie\/wp-content\/uploads\/2018\/03\/Etoile-du-Sahel.jpg\" alt=\"\" width=\"626\" height=\"380\" \/><\/p>\n<p><em><strong>L\u2019Etoile sportive du Sahel (ESS) fait son entr\u00e9e aujourd\u2019hui, mardi 6 mars 2018, \u00e0 18h, en Ligue des champions 2018 d\u2019Afrique.<\/strong> <\/em><\/p>\n<p><!--more--><\/p>\n<p>Comme le Wydad Casablanca, tenant du titre, dirig\u00e9 depuis un mois par le Tunisien Faouzi Benzarti, ainsi que plusieurs grands noms du continent africain, l\u2019ESS joue, aujourd\u2019hui, \u00e0 Sousse, le premier tour qui va d\u00e9signer les 8 \u00e9quipes du tournoi de groupes.<\/p>\n<p>L\u2019\u00e9dition 2018 sera l\u2019occasion de v\u00e9rifier les ambitions de l\u2019Etoile, malheureux demi-finaliste l\u2019ann\u00e9e derni\u00e8re contre Al Ahly.<\/p>\n<p>L\u2019Afrique c\u2019est le domaine pr\u00e9f\u00e9r\u00e9 de l\u2019ESS, premier club tunisien au nombre des pr\u00e9sences cons\u00e9cutives (25), toutes comp\u00e9titions confondues. C\u2019est donc un nouveau d\u00e9fi pour le club qui attend depuis 10 ans, un second titre majeur.<\/p>\n<h3>Une semaine tr\u00e8s charg\u00e9e<\/h3>\n<p>L\u2019ESS va en d\u00e9coudre avec les Nig\u00e9rians de Plateau United. L\u2019enjeu est entier avec le premier des deux rendez-vous d\u00e9cisifs de la saison. Ce face-\u00e0-face avec les Nig\u00e9rians est, en effet, la premi\u00e8re \u00e9ch\u00e9ance importante avant la grande explication, dimanche prochain, en championnat, avec le Club africain (CA).<\/p>\n<p>Confiants, surtout apr\u00e8s leur dernier succ\u00e8s aux d\u00e9pens du Club sportif sfaxien (CSS), les co\u00e9quipiers de Hamza Lahmar, l\u2019un des hommes les plus en forme de l\u2019\u00e9quipe, visent comme c\u2019est la r\u00e8gle \u00e0 faire le plein \u00e0 domicile, sans encaisser le moindre but, avant le d\u00e9placement au Nigeria.<br \/>\nInvaincus sur leur terrain lors des 8 derniers matches en Ligue des champions, les joueurs de l\u2019Etoile souhaitent bien encha\u00eener ensuite avec l\u2019autre rendez vous d\u00e9terminant pour la seconde place du championnat.<\/p>\n<p>Champion en titre du Nigeria et 3e du classement cette saison, Plateau United, club cr\u00e9\u00e9 seulement en 2012, est une formation solide (4 buts encaiss\u00e9s en 9 journ\u00e9es).<\/p>\n<p>L\u2019ESS s\u2019appuiera sur l\u2019exp\u00e9rience de ses joueurs et de\u2026 son coach, l\u2019Alg\u00e9rien Kheireddine Madoui, champion d\u2019Afrique 2014 avec l\u2019Entente de S\u00e9tif, pour r\u00e9ussir cette premi\u00e8re mission.<\/p>\n<p style=\"text-align: right;\"><strong>H. M.<\/strong><\/p>\n<blockquote class=\"wp-embedded-content\" data-secret=\"imZoVSeAJQ\"><p><a href=\"https:\/\/kapitalis.com\/tunisie\/2018\/03\/05\/ligue-des-champions-letoile-du-sahel-avec-le-moral-au-beau-fixe\/\">Ligue des champions : L\u2019Etoile du Sahel avec le moral au beau fixe<\/a><\/p><\/blockquote>\n<p><iframe loading=\"lazy\" class=\"wp-embedded-content\" sandbox=\"allow-scripts\" security=\"restricted\" style=\"position: absolute; clip: rect(1px, 1px, 1px, 1px);\" title=\"\u00ab\u00a0Ligue des champions : L\u2019Etoile du Sahel avec le moral au beau fixe\u00a0\u00bb &#8212; Kapitalis\" src=\"https:\/\/kapitalis.com\/tunisie\/2018\/03\/05\/ligue-des-champions-letoile-du-sahel-avec-le-moral-au-beau-fixe\/embed\/#?secret=50lktGqJXT#?secret=imZoVSeAJQ\" data-secret=\"imZoVSeAJQ\" width=\"600\" height=\"338\" frameborder=\"0\" marginwidth=\"0\" marginheight=\"0\" scrolling=\"no\"><\/iframe><\/p>\n","protected":false},"excerpt":{"rendered":"<p>L\u2019Etoile sportive du Sahel (ESS) fait son entr\u00e9e aujourd\u2019hui, mardi 6 mars 2018, \u00e0 18h, en Ligue des champions 2018 d\u2019Afrique.<\/p>\n","protected":false},"author":8,"featured_media":142021,"comment_status":"open","ping_status":"open","sticky":false,"template":"","format":"standard","meta":{"footnotes":""},"categories":[999,2433],"tags":[21572,40013,30028,43391],"class_list":["post-142019","post","type-post","status-publish","format-standard","has-post-thumbnail","hentry","category-sport","category-tunisie","tag-hamza-lahmar","tag-kheireddine-madoui","tag-ligue-des-champions","tag-plateau-united"],"yoast_head":"<!-- This site is optimized with the Yoast SEO plugin v26.6 - https:\/\/yoast.com\/wordpress\/plugins\/seo\/ -->\n<title>Football-Ligue des champions: Le nouveau d\u00e9fi de l\u2019Etoile du Sahel - Kapitalis<\/title>\n<meta name=\"robots\" content=\"index, follow, max-snippet:-1, max-image-preview:large, max-video-preview:-1\" \/>\n<link rel=\"canonical\" href=\"https:\/\/kapitalis.com\/tunisie\/2018\/03\/06\/football-ligue-champions-nouveau-defi-de-letoile-sahel\/\" \/>\n<meta property=\"og:locale\" content=\"fr_FR\" \/>\n<meta property=\"og:type\" content=\"article\" \/>\n<meta property=\"og:title\" content=\"Football-Ligue des champions: Le nouveau d\u00e9fi de l\u2019Etoile du Sahel - Kapitalis\" \/>\n<meta property=\"og:description\" content=\"L\u2019Etoile sportive du Sahel (ESS) fait son entr\u00e9e aujourd\u2019hui, mardi 6 mars 2018, \u00e0 18h, en Ligue des champions 2018 d\u2019Afrique.\" \/>\n<meta property=\"og:url\" content=\"https:\/\/kapitalis.com\/tunisie\/2018\/03\/06\/football-ligue-champions-nouveau-defi-de-letoile-sahel\/\" \/>\n<meta property=\"og:site_name\" content=\"Kapitalis\" \/>\n<meta property=\"article:publisher\" content=\"https:\/\/www.facebook.com\/KapitalisInfo\/\" \/>\n<meta property=\"article:published_time\" content=\"2018-03-06T07:57:38+00:00\" \/>\n<meta property=\"article:modified_time\" content=\"2018-03-06T07:58:39+00:00\" \/>\n<meta property=\"og:image\" content=\"https:\/\/kapitalis.com\/tunisie\/wp-content\/uploads\/2022\/05\/kapitalis-logo-fb.png\" \/>\n\t<meta property=\"og:image:width\" content=\"1200\" \/>\n\t<meta property=\"og:image:height\" content=\"630\" \/>\n\t<meta property=\"og:image:type\" content=\"image\/png\" \/>\n<meta name=\"author\" content=\"webmaster kapitalis\" \/>\n<meta name=\"twitter:card\" content=\"summary_large_image\" \/>\n<meta name=\"twitter:creator\" content=\"@KapitalisInfo\" \/>\n<meta name=\"twitter:site\" content=\"@KapitalisInfo\" \/>\n<meta name=\"twitter:label1\" content=\"\u00c9crit par\" \/>\n\t<meta name=\"twitter:data1\" content=\"webmaster kapitalis\" \/>\n\t<meta name=\"twitter:label2\" content=\"Dur\u00e9e de lecture estim\u00e9e\" \/>\n\t<meta name=\"twitter:data2\" content=\"2 minutes\" \/>\n<script type=\"application\/ld+json\" class=\"yoast-schema-graph\">{\"@context\":\"https:\/\/schema.org\",\"@graph\":[{\"@type\":\"Article\",\"@id\":\"https:\/\/kapitalis.com\/tunisie\/2018\/03\/06\/football-ligue-champions-nouveau-defi-de-letoile-sahel\/#article\",\"isPartOf\":{\"@id\":\"https:\/\/kapitalis.com\/tunisie\/2018\/03\/06\/football-ligue-champions-nouveau-defi-de-letoile-sahel\/\"},\"author\":{\"name\":\"webmaster kapitalis\",\"@id\":\"https:\/\/kapitalis.com\/tunisie\/#\/schema\/person\/d71f33a9ca44f7bad4698210b480c8e9\"},\"headline\":\"Football-Ligue des champions: Le nouveau d\u00e9fi de l\u2019Etoile du Sahel\",\"datePublished\":\"2018-03-06T07:57:38+00:00\",\"dateModified\":\"2018-03-06T07:58:39+00:00\",\"mainEntityOfPage\":{\"@id\":\"https:\/\/kapitalis.com\/tunisie\/2018\/03\/06\/football-ligue-champions-nouveau-defi-de-letoile-sahel\/\"},\"wordCount\":366,\"commentCount\":0,\"publisher\":{\"@id\":\"https:\/\/kapitalis.com\/tunisie\/#organization\"},\"image\":{\"@id\":\"https:\/\/kapitalis.com\/tunisie\/2018\/03\/06\/football-ligue-champions-nouveau-defi-de-letoile-sahel\/#primaryimage\"},\"thumbnailUrl\":\"\",\"keywords\":[\"Hamza Lahmar\",\"Khe\u00efreddine Madoui\",\"Ligue des champions\",\"Plateau United\"],\"articleSection\":[\"SPORT\",\"Tunisie\"],\"inLanguage\":\"fr-FR\",\"potentialAction\":[{\"@type\":\"CommentAction\",\"name\":\"Comment\",\"target\":[\"https:\/\/kapitalis.com\/tunisie\/2018\/03\/06\/football-ligue-champions-nouveau-defi-de-letoile-sahel\/#respond\"]}]},{\"@type\":\"WebPage\",\"@id\":\"https:\/\/kapitalis.com\/tunisie\/2018\/03\/06\/football-ligue-champions-nouveau-defi-de-letoile-sahel\/\",\"url\":\"https:\/\/kapitalis.com\/tunisie\/2018\/03\/06\/football-ligue-champions-nouveau-defi-de-letoile-sahel\/\",\"name\":\"Football-Ligue des champions: Le nouveau d\u00e9fi de l\u2019Etoile du Sahel - Kapitalis\",\"isPartOf\":{\"@id\":\"https:\/\/kapitalis.com\/tunisie\/#website\"},\"primaryImageOfPage\":{\"@id\":\"https:\/\/kapitalis.com\/tunisie\/2018\/03\/06\/football-ligue-champions-nouveau-defi-de-letoile-sahel\/#primaryimage\"},\"image\":{\"@id\":\"https:\/\/kapitalis.com\/tunisie\/2018\/03\/06\/football-ligue-champions-nouveau-defi-de-letoile-sahel\/#primaryimage\"},\"thumbnailUrl\":\"\",\"datePublished\":\"2018-03-06T07:57:38+00:00\",\"dateModified\":\"2018-03-06T07:58:39+00:00\",\"breadcrumb\":{\"@id\":\"https:\/\/kapitalis.com\/tunisie\/2018\/03\/06\/football-ligue-champions-nouveau-defi-de-letoile-sahel\/#breadcrumb\"},\"inLanguage\":\"fr-FR\",\"potentialAction\":[{\"@type\":\"ReadAction\",\"target\":[\"https:\/\/kapitalis.com\/tunisie\/2018\/03\/06\/football-ligue-champions-nouveau-defi-de-letoile-sahel\/\"]}]},{\"@type\":\"ImageObject\",\"inLanguage\":\"fr-FR\",\"@id\":\"https:\/\/kapitalis.com\/tunisie\/2018\/03\/06\/football-ligue-champions-nouveau-defi-de-letoile-sahel\/#primaryimage\",\"url\":\"\",\"contentUrl\":\"\"},{\"@type\":\"BreadcrumbList\",\"@id\":\"https:\/\/kapitalis.com\/tunisie\/2018\/03\/06\/football-ligue-champions-nouveau-defi-de-letoile-sahel\/#breadcrumb\",\"itemListElement\":[{\"@type\":\"ListItem\",\"position\":1,\"name\":\"Accueil\",\"item\":\"https:\/\/kapitalis.com\/tunisie\/\"},{\"@type\":\"ListItem\",\"position\":2,\"name\":\"Football-Ligue des champions: Le nouveau d\u00e9fi de l\u2019Etoile du Sahel\"}]},{\"@type\":\"WebSite\",\"@id\":\"https:\/\/kapitalis.com\/tunisie\/#website\",\"url\":\"https:\/\/kapitalis.com\/tunisie\/\",\"name\":\"Kapitalis\",\"description\":\"L&#039;actualit\u00e9 en Tunisie et dans le monde\",\"publisher\":{\"@id\":\"https:\/\/kapitalis.com\/tunisie\/#organization\"},\"potentialAction\":[{\"@type\":\"SearchAction\",\"target\":{\"@type\":\"EntryPoint\",\"urlTemplate\":\"https:\/\/kapitalis.com\/tunisie\/?s={search_term_string}\"},\"query-input\":{\"@type\":\"PropertyValueSpecification\",\"valueRequired\":true,\"valueName\":\"search_term_string\"}}],\"inLanguage\":\"fr-FR\"},{\"@type\":\"Organization\",\"@id\":\"https:\/\/kapitalis.com\/tunisie\/#organization\",\"name\":\"Kapitalis\",\"url\":\"https:\/\/kapitalis.com\/tunisie\/\",\"logo\":{\"@type\":\"ImageObject\",\"inLanguage\":\"fr-FR\",\"@id\":\"https:\/\/kapitalis.com\/tunisie\/#\/schema\/logo\/image\/\",\"url\":\"https:\/\/kapitalis.com\/tunisie\/wp-content\/uploads\/2022\/05\/Kapitalis-big-size.png\",\"contentUrl\":\"https:\/\/kapitalis.com\/tunisie\/wp-content\/uploads\/2022\/05\/Kapitalis-big-size.png\",\"width\":5000,\"height\":1500,\"caption\":\"Kapitalis\"},\"image\":{\"@id\":\"https:\/\/kapitalis.com\/tunisie\/#\/schema\/logo\/image\/\"},\"sameAs\":[\"https:\/\/www.facebook.com\/KapitalisInfo\/\",\"https:\/\/x.com\/KapitalisInfo\",\"https:\/\/www.youtube.com\/channel\/UC-yDYrHyfFBWWZaOw3FPg9Q\"]},{\"@type\":\"Person\",\"@id\":\"https:\/\/kapitalis.com\/tunisie\/#\/schema\/person\/d71f33a9ca44f7bad4698210b480c8e9\",\"name\":\"webmaster kapitalis\",\"url\":\"https:\/\/kapitalis.com\/tunisie\/author\/webmaster-kapitalis\/\"}]}<\/script>\n<!-- \/ Yoast SEO plugin. -->","yoast_head_json":{"title":"Football-Ligue des champions: Le nouveau d\u00e9fi de l\u2019Etoile du Sahel - Kapitalis","robots":{"index":"index","follow":"follow","max-snippet":"max-snippet:-1","max-image-preview":"max-image-preview:large","max-video-preview":"max-video-preview:-1"},"canonical":"https:\/\/kapitalis.com\/tunisie\/2018\/03\/06\/football-ligue-champions-nouveau-defi-de-letoile-sahel\/","og_locale":"fr_FR","og_type":"article","og_title":"Football-Ligue des champions: Le nouveau d\u00e9fi de l\u2019Etoile du Sahel - Kapitalis","og_description":"L\u2019Etoile sportive du Sahel (ESS) fait son entr\u00e9e aujourd\u2019hui, mardi 6 mars 2018, \u00e0 18h, en Ligue des champions 2018 d\u2019Afrique.","og_url":"https:\/\/kapitalis.com\/tunisie\/2018\/03\/06\/football-ligue-champions-nouveau-defi-de-letoile-sahel\/","og_site_name":"Kapitalis","article_publisher":"https:\/\/www.facebook.com\/KapitalisInfo\/","article_published_time":"2018-03-06T07:57:38+00:00","article_modified_time":"2018-03-06T07:58:39+00:00","og_image":[{"width":1200,"height":630,"url":"https:\/\/kapitalis.com\/tunisie\/wp-content\/uploads\/2022\/05\/kapitalis-logo-fb.png","type":"image\/png"}],"author":"webmaster kapitalis","twitter_card":"summary_large_image","twitter_creator":"@KapitalisInfo","twitter_site":"@KapitalisInfo","twitter_misc":{"\u00c9crit par":"webmaster kapitalis","Dur\u00e9e de lecture estim\u00e9e":"2 minutes"},"schema":{"@context":"https:\/\/schema.org","@graph":[{"@type":"Article","@id":"https:\/\/kapitalis.com\/tunisie\/2018\/03\/06\/football-ligue-champions-nouveau-defi-de-letoile-sahel\/#article","isPartOf":{"@id":"https:\/\/kapitalis.com\/tunisie\/2018\/03\/06\/football-ligue-champions-nouveau-defi-de-letoile-sahel\/"},"author":{"name":"webmaster kapitalis","@id":"https:\/\/kapitalis.com\/tunisie\/#\/schema\/person\/d71f33a9ca44f7bad4698210b480c8e9"},"headline":"Football-Ligue des champions: Le nouveau d\u00e9fi de l\u2019Etoile du Sahel","datePublished":"2018-03-06T07:57:38+00:00","dateModified":"2018-03-06T07:58:39+00:00","mainEntityOfPage":{"@id":"https:\/\/kapitalis.com\/tunisie\/2018\/03\/06\/football-ligue-champions-nouveau-defi-de-letoile-sahel\/"},"wordCount":366,"commentCount":0,"publisher":{"@id":"https:\/\/kapitalis.com\/tunisie\/#organization"},"image":{"@id":"https:\/\/kapitalis.com\/tunisie\/2018\/03\/06\/football-ligue-champions-nouveau-defi-de-letoile-sahel\/#primaryimage"},"thumbnailUrl":"","keywords":["Hamza Lahmar","Khe\u00efreddine Madoui","Ligue des champions","Plateau United"],"articleSection":["SPORT","Tunisie"],"inLanguage":"fr-FR","potentialAction":[{"@type":"CommentAction","name":"Comment","target":["https:\/\/kapitalis.com\/tunisie\/2018\/03\/06\/football-ligue-champions-nouveau-defi-de-letoile-sahel\/#respond"]}]},{"@type":"WebPage","@id":"https:\/\/kapitalis.com\/tunisie\/2018\/03\/06\/football-ligue-champions-nouveau-defi-de-letoile-sahel\/","url":"https:\/\/kapitalis.com\/tunisie\/2018\/03\/06\/football-ligue-champions-nouveau-defi-de-letoile-sahel\/","name":"Football-Ligue des champions: Le nouveau d\u00e9fi de l\u2019Etoile du Sahel - Kapitalis","isPartOf":{"@id":"https:\/\/kapitalis.com\/tunisie\/#website"},"primaryImageOfPage":{"@id":"https:\/\/kapitalis.com\/tunisie\/2018\/03\/06\/football-ligue-champions-nouveau-defi-de-letoile-sahel\/#primaryimage"},"image":{"@id":"https:\/\/kapitalis.com\/tunisie\/2018\/03\/06\/football-ligue-champions-nouveau-defi-de-letoile-sahel\/#primaryimage"},"thumbnailUrl":"","datePublished":"2018-03-06T07:57:38+00:00","dateModified":"2018-03-06T07:58:39+00:00","breadcrumb":{"@id":"https:\/\/kapitalis.com\/tunisie\/2018\/03\/06\/football-ligue-champions-nouveau-defi-de-letoile-sahel\/#breadcrumb"},"inLanguage":"fr-FR","potentialAction":[{"@type":"ReadAction","target":["https:\/\/kapitalis.com\/tunisie\/2018\/03\/06\/football-ligue-champions-nouveau-defi-de-letoile-sahel\/"]}]},{"@type":"ImageObject","inLanguage":"fr-FR","@id":"https:\/\/kapitalis.com\/tunisie\/2018\/03\/06\/football-ligue-champions-nouveau-defi-de-letoile-sahel\/#primaryimage","url":"","contentUrl":""},{"@type":"BreadcrumbList","@id":"https:\/\/kapitalis.com\/tunisie\/2018\/03\/06\/football-ligue-champions-nouveau-defi-de-letoile-sahel\/#breadcrumb","itemListElement":[{"@type":"ListItem","position":1,"name":"Accueil","item":"https:\/\/kapitalis.com\/tunisie\/"},{"@type":"ListItem","position":2,"name":"Football-Ligue des champions: Le nouveau d\u00e9fi de l\u2019Etoile du Sahel"}]},{"@type":"WebSite","@id":"https:\/\/kapitalis.com\/tunisie\/#website","url":"https:\/\/kapitalis.com\/tunisie\/","name":"Kapitalis","description":"L&#039;actualit\u00e9 en Tunisie et dans le monde","publisher":{"@id":"https:\/\/kapitalis.com\/tunisie\/#organization"},"potentialAction":[{"@type":"SearchAction","target":{"@type":"EntryPoint","urlTemplate":"https:\/\/kapitalis.com\/tunisie\/?s={search_term_string}"},"query-input":{"@type":"PropertyValueSpecification","valueRequired":true,"valueName":"search_term_string"}}],"inLanguage":"fr-FR"},{"@type":"Organization","@id":"https:\/\/kapitalis.com\/tunisie\/#organization","name":"Kapitalis","url":"https:\/\/kapitalis.com\/tunisie\/","logo":{"@type":"ImageObject","inLanguage":"fr-FR","@id":"https:\/\/kapitalis.com\/tunisie\/#\/schema\/logo\/image\/","url":"https:\/\/kapitalis.com\/tunisie\/wp-content\/uploads\/2022\/05\/Kapitalis-big-size.png","contentUrl":"https:\/\/kapitalis.com\/tunisie\/wp-content\/uploads\/2022\/05\/Kapitalis-big-size.png","width":5000,"height":1500,"caption":"Kapitalis"},"image":{"@id":"https:\/\/kapitalis.com\/tunisie\/#\/schema\/logo\/image\/"},"sameAs":["https:\/\/www.facebook.com\/KapitalisInfo\/","https:\/\/x.com\/KapitalisInfo","https:\/\/www.youtube.com\/channel\/UC-yDYrHyfFBWWZaOw3FPg9Q"]},{"@type":"Person","@id":"https:\/\/kapitalis.com\/tunisie\/#\/schema\/person\/d71f33a9ca44f7bad4698210b480c8e9","name":"webmaster kapitalis","url":"https:\/\/kapitalis.com\/tunisie\/author\/webmaster-kapitalis\/"}]}},"_links":{"self":[{"href":"https:\/\/kapitalis.com\/tunisie\/wp-json\/wp\/v2\/posts\/142019","targetHints":{"allow":["GET"]}}],"collection":[{"href":"https:\/\/kapitalis.com\/tunisie\/wp-json\/wp\/v2\/posts"}],"about":[{"href":"https:\/\/kapitalis.com\/tunisie\/wp-json\/wp\/v2\/types\/post"}],"author":[{"embeddable":true,"href":"https:\/\/kapitalis.com\/tunisie\/wp-json\/wp\/v2\/users\/8"}],"replies":[{"embeddable":true,"href":"https:\/\/kapitalis.com\/tunisie\/wp-json\/wp\/v2\/comments?post=142019"}],"version-history":[{"count":0,"href":"https:\/\/kapitalis.com\/tunisie\/wp-json\/wp\/v2\/posts\/142019\/revisions"}],"wp:featuredmedia":[{"embeddable":true,"href":"https:\/\/kapitalis.com\/tunisie\/wp-json\/wp\/v2\/media\/142021"}],"wp:attachment":[{"href":"https:\/\/kapitalis.com\/tunisie\/wp-json\/wp\/v2\/media?parent=142019"}],"wp:term":[{"taxonomy":"category","embeddable":true,"href":"https:\/\/kapitalis.com\/tunisie\/wp-json\/wp\/v2\/categories?post=142019"},{"taxonomy":"post_tag","embeddable":true,"href":"https:\/\/kapitalis.com\/tunisie\/wp-json\/wp\/v2\/tags?post=142019"}],"curies":[{"name":"wp","href":"https:\/\/api.w.org\/{rel}","templated":true}]}}