{"id":142100,"date":"2018-03-06T13:12:10","date_gmt":"2018-03-06T12:12:10","guid":{"rendered":"http:\/\/kapitalis.com\/tunisie\/?p=142100"},"modified":"2018-03-06T13:12:10","modified_gmt":"2018-03-06T12:12:10","slug":"lancement-des-travaux-de-restauration-de-la-synagogue-de-tataouine","status":"publish","type":"post","link":"https:\/\/kapitalis.com\/tunisie\/2018\/03\/06\/lancement-des-travaux-de-restauration-de-la-synagogue-de-tataouine\/","title":{"rendered":"Lancement des travaux de restauration de la synagogue de Tataouine"},"content":{"rendered":"<p style=\"text-align: center;\"><img loading=\"lazy\" decoding=\"async\" class=\"alignnone size-full wp-image-142105\" src=\"http:\/\/kapitalis.com\/tunisie\/wp-content\/uploads\/2018\/03\/Synagogue-Tataouine-.jpg\" alt=\"\" width=\"626\" height=\"380\" \/><\/p>\n<p><em><strong>Les travaux de restauration de la synagogue de Tataouine, pr\u00e9vus depuis 2015, ont enfin d\u00e9marr\u00e9 hier, lundi 5 mars 2018, sous la tutelle de l\u2019Institut national du patrimoine (INP).<\/strong><\/em><\/p>\n<p><!--more--><\/p>\n<p>Situ\u00e9e au centre de cette ville du sud de la Tunisie, pr\u00e8s du march\u00e9 des artisans, et b\u00e2tie en 1916, cette synagogue abandonn\u00e9e et dont les murs tombaient en ruine, avait fait parler d\u2019elle en 2015, quand des rumeurs ont circul\u00e9 sur sa vente \u00e0 un homme d\u2019affaires.<\/p>\n<p style=\"text-align: center;\"><img loading=\"lazy\" decoding=\"async\" class=\"alignnone wp-image-142106\" src=\"http:\/\/kapitalis.com\/tunisie\/wp-content\/uploads\/2018\/03\/Synagogue-murs-ext-Tataouine-.jpg\" alt=\"\" width=\"500\" height=\"304\" \/><\/p>\n<p>Cette information, qui avait provoqu\u00e9 la col\u00e8re des habitants, des activistes de la soci\u00e9t\u00e9 civile et de la communaut\u00e9 juive de la ville, a \u00e9t\u00e9 d\u00e9mentie par les autorit\u00e9s et des travaux de restauration ont \u00e9t\u00e9 d\u00e9cid\u00e9s par le minist\u00e8re des Affaires culturelles.<\/p>\n<p style=\"text-align: center;\"><img loading=\"lazy\" decoding=\"async\" class=\"alignnone wp-image-142107\" src=\"http:\/\/kapitalis.com\/tunisie\/wp-content\/uploads\/2018\/03\/Tataouine-synagogue-.jpg\" alt=\"\" width=\"500\" height=\"304\" \/><\/p>\n<p>Trois ans apr\u00e8s, les travaux ont enfin commenc\u00e9&#8230; Mieux vaut tard que jamais.<\/p>\n<p style=\"text-align: right;\"><strong>Y. N.<\/strong><\/p>\n","protected":false},"excerpt":{"rendered":"<p>Les travaux de restauration de la synagogue de Tataouine, pr\u00e9vus depuis 2015, ont enfin d\u00e9marr\u00e9 hier, lundi 5 mars 2018, sous la tutelle de l\u2019Institut national du patrimoine (INP).<\/p>\n","protected":false},"author":6,"featured_media":142105,"comment_status":"open","ping_status":"open","sticky":false,"template":"","format":"standard","meta":{"footnotes":""},"categories":[994,2433],"tags":[18438,5624,25078,697,2115,1126],"class_list":["post-142100","post","type-post","status-publish","format-standard","has-post-thumbnail","hentry","category-culture","category-tunisie","tag-communaute-juive","tag-inp","tag-ministere-affaires-culturelles","tag-patrimoine","tag-restauration","tag-tataouine"],"yoast_head":"<!-- This site is optimized with the Yoast SEO plugin v26.6 - https:\/\/yoast.com\/wordpress\/plugins\/seo\/ -->\n<title>Lancement des travaux de restauration de la synagogue de Tataouine - Kapitalis<\/title>\n<meta name=\"robots\" content=\"index, follow, max-snippet:-1, max-image-preview:large, max-video-preview:-1\" \/>\n<link rel=\"canonical\" href=\"https:\/\/kapitalis.com\/tunisie\/2018\/03\/06\/lancement-des-travaux-de-restauration-de-la-synagogue-de-tataouine\/\" \/>\n<meta property=\"og:locale\" content=\"fr_FR\" \/>\n<meta property=\"og:type\" content=\"article\" \/>\n<meta property=\"og:title\" content=\"Lancement des travaux de restauration de la synagogue de Tataouine - Kapitalis\" \/>\n<meta property=\"og:description\" content=\"Les travaux de restauration de la synagogue de Tataouine, pr\u00e9vus depuis 2015, ont enfin d\u00e9marr\u00e9 hier, lundi 5 mars 2018, sous la tutelle de l\u2019Institut national du patrimoine (INP).\" \/>\n<meta property=\"og:url\" content=\"https:\/\/kapitalis.com\/tunisie\/2018\/03\/06\/lancement-des-travaux-de-restauration-de-la-synagogue-de-tataouine\/\" \/>\n<meta property=\"og:site_name\" content=\"Kapitalis\" \/>\n<meta property=\"article:publisher\" content=\"https:\/\/www.facebook.com\/KapitalisInfo\/\" \/>\n<meta property=\"article:published_time\" content=\"2018-03-06T12:12:10+00:00\" \/>\n<meta property=\"og:image\" content=\"https:\/\/kapitalis.com\/tunisie\/wp-content\/uploads\/2022\/05\/kapitalis-logo-fb.png\" \/>\n\t<meta property=\"og:image:width\" content=\"1200\" \/>\n\t<meta property=\"og:image:height\" content=\"630\" \/>\n\t<meta property=\"og:image:type\" content=\"image\/png\" \/>\n<meta name=\"author\" content=\"Yusra NY\" \/>\n<meta name=\"twitter:card\" content=\"summary_large_image\" \/>\n<meta name=\"twitter:creator\" content=\"@KapitalisInfo\" \/>\n<meta name=\"twitter:site\" content=\"@KapitalisInfo\" \/>\n<meta name=\"twitter:label1\" content=\"\u00c9crit par\" \/>\n\t<meta name=\"twitter:data1\" content=\"Yusra NY\" \/>\n\t<meta name=\"twitter:label2\" content=\"Dur\u00e9e de lecture estim\u00e9e\" \/>\n\t<meta name=\"twitter:data2\" content=\"1 minute\" \/>\n<script type=\"application\/ld+json\" class=\"yoast-schema-graph\">{\"@context\":\"https:\/\/schema.org\",\"@graph\":[{\"@type\":\"Article\",\"@id\":\"https:\/\/kapitalis.com\/tunisie\/2018\/03\/06\/lancement-des-travaux-de-restauration-de-la-synagogue-de-tataouine\/#article\",\"isPartOf\":{\"@id\":\"https:\/\/kapitalis.com\/tunisie\/2018\/03\/06\/lancement-des-travaux-de-restauration-de-la-synagogue-de-tataouine\/\"},\"author\":{\"name\":\"Yusra NY\",\"@id\":\"https:\/\/kapitalis.com\/tunisie\/#\/schema\/person\/74bbde0154d49d790a92aaeac5bc01d5\"},\"headline\":\"Lancement des travaux de restauration de la synagogue de Tataouine\",\"datePublished\":\"2018-03-06T12:12:10+00:00\",\"mainEntityOfPage\":{\"@id\":\"https:\/\/kapitalis.com\/tunisie\/2018\/03\/06\/lancement-des-travaux-de-restauration-de-la-synagogue-de-tataouine\/\"},\"wordCount\":156,\"commentCount\":1,\"publisher\":{\"@id\":\"https:\/\/kapitalis.com\/tunisie\/#organization\"},\"image\":{\"@id\":\"https:\/\/kapitalis.com\/tunisie\/2018\/03\/06\/lancement-des-travaux-de-restauration-de-la-synagogue-de-tataouine\/#primaryimage\"},\"thumbnailUrl\":\"\",\"keywords\":[\"communaut\u00e9 juive\",\"INP\",\"minist\u00e8re Affaires culturelles\",\"patrimoine\",\"restauration\",\"Tataouine\"],\"articleSection\":[\"CULTURE\",\"Tunisie\"],\"inLanguage\":\"fr-FR\",\"potentialAction\":[{\"@type\":\"CommentAction\",\"name\":\"Comment\",\"target\":[\"https:\/\/kapitalis.com\/tunisie\/2018\/03\/06\/lancement-des-travaux-de-restauration-de-la-synagogue-de-tataouine\/#respond\"]}]},{\"@type\":\"WebPage\",\"@id\":\"https:\/\/kapitalis.com\/tunisie\/2018\/03\/06\/lancement-des-travaux-de-restauration-de-la-synagogue-de-tataouine\/\",\"url\":\"https:\/\/kapitalis.com\/tunisie\/2018\/03\/06\/lancement-des-travaux-de-restauration-de-la-synagogue-de-tataouine\/\",\"name\":\"Lancement des travaux de restauration de la synagogue de Tataouine - Kapitalis\",\"isPartOf\":{\"@id\":\"https:\/\/kapitalis.com\/tunisie\/#website\"},\"primaryImageOfPage\":{\"@id\":\"https:\/\/kapitalis.com\/tunisie\/2018\/03\/06\/lancement-des-travaux-de-restauration-de-la-synagogue-de-tataouine\/#primaryimage\"},\"image\":{\"@id\":\"https:\/\/kapitalis.com\/tunisie\/2018\/03\/06\/lancement-des-travaux-de-restauration-de-la-synagogue-de-tataouine\/#primaryimage\"},\"thumbnailUrl\":\"\",\"datePublished\":\"2018-03-06T12:12:10+00:00\",\"breadcrumb\":{\"@id\":\"https:\/\/kapitalis.com\/tunisie\/2018\/03\/06\/lancement-des-travaux-de-restauration-de-la-synagogue-de-tataouine\/#breadcrumb\"},\"inLanguage\":\"fr-FR\",\"potentialAction\":[{\"@type\":\"ReadAction\",\"target\":[\"https:\/\/kapitalis.com\/tunisie\/2018\/03\/06\/lancement-des-travaux-de-restauration-de-la-synagogue-de-tataouine\/\"]}]},{\"@type\":\"ImageObject\",\"inLanguage\":\"fr-FR\",\"@id\":\"https:\/\/kapitalis.com\/tunisie\/2018\/03\/06\/lancement-des-travaux-de-restauration-de-la-synagogue-de-tataouine\/#primaryimage\",\"url\":\"\",\"contentUrl\":\"\"},{\"@type\":\"BreadcrumbList\",\"@id\":\"https:\/\/kapitalis.com\/tunisie\/2018\/03\/06\/lancement-des-travaux-de-restauration-de-la-synagogue-de-tataouine\/#breadcrumb\",\"itemListElement\":[{\"@type\":\"ListItem\",\"position\":1,\"name\":\"Accueil\",\"item\":\"https:\/\/kapitalis.com\/tunisie\/\"},{\"@type\":\"ListItem\",\"position\":2,\"name\":\"Lancement des travaux de restauration de la synagogue de Tataouine\"}]},{\"@type\":\"WebSite\",\"@id\":\"https:\/\/kapitalis.com\/tunisie\/#website\",\"url\":\"https:\/\/kapitalis.com\/tunisie\/\",\"name\":\"Kapitalis\",\"description\":\"L&#039;actualit\u00e9 en Tunisie et dans le monde\",\"publisher\":{\"@id\":\"https:\/\/kapitalis.com\/tunisie\/#organization\"},\"potentialAction\":[{\"@type\":\"SearchAction\",\"target\":{\"@type\":\"EntryPoint\",\"urlTemplate\":\"https:\/\/kapitalis.com\/tunisie\/?s={search_term_string}\"},\"query-input\":{\"@type\":\"PropertyValueSpecification\",\"valueRequired\":true,\"valueName\":\"search_term_string\"}}],\"inLanguage\":\"fr-FR\"},{\"@type\":\"Organization\",\"@id\":\"https:\/\/kapitalis.com\/tunisie\/#organization\",\"name\":\"Kapitalis\",\"url\":\"https:\/\/kapitalis.com\/tunisie\/\",\"logo\":{\"@type\":\"ImageObject\",\"inLanguage\":\"fr-FR\",\"@id\":\"https:\/\/kapitalis.com\/tunisie\/#\/schema\/logo\/image\/\",\"url\":\"https:\/\/kapitalis.com\/tunisie\/wp-content\/uploads\/2022\/05\/Kapitalis-big-size.png\",\"contentUrl\":\"https:\/\/kapitalis.com\/tunisie\/wp-content\/uploads\/2022\/05\/Kapitalis-big-size.png\",\"width\":5000,\"height\":1500,\"caption\":\"Kapitalis\"},\"image\":{\"@id\":\"https:\/\/kapitalis.com\/tunisie\/#\/schema\/logo\/image\/\"},\"sameAs\":[\"https:\/\/www.facebook.com\/KapitalisInfo\/\",\"https:\/\/x.com\/KapitalisInfo\",\"https:\/\/www.youtube.com\/channel\/UC-yDYrHyfFBWWZaOw3FPg9Q\"]},{\"@type\":\"Person\",\"@id\":\"https:\/\/kapitalis.com\/tunisie\/#\/schema\/person\/74bbde0154d49d790a92aaeac5bc01d5\",\"name\":\"Yusra NY\",\"url\":\"https:\/\/kapitalis.com\/tunisie\/author\/yuza_adam\/\"}]}<\/script>\n<!-- \/ Yoast SEO plugin. -->","yoast_head_json":{"title":"Lancement des travaux de restauration de la synagogue de Tataouine - Kapitalis","robots":{"index":"index","follow":"follow","max-snippet":"max-snippet:-1","max-image-preview":"max-image-preview:large","max-video-preview":"max-video-preview:-1"},"canonical":"https:\/\/kapitalis.com\/tunisie\/2018\/03\/06\/lancement-des-travaux-de-restauration-de-la-synagogue-de-tataouine\/","og_locale":"fr_FR","og_type":"article","og_title":"Lancement des travaux de restauration de la synagogue de Tataouine - Kapitalis","og_description":"Les travaux de restauration de la synagogue de Tataouine, pr\u00e9vus depuis 2015, ont enfin d\u00e9marr\u00e9 hier, lundi 5 mars 2018, sous la tutelle de l\u2019Institut national du patrimoine (INP).","og_url":"https:\/\/kapitalis.com\/tunisie\/2018\/03\/06\/lancement-des-travaux-de-restauration-de-la-synagogue-de-tataouine\/","og_site_name":"Kapitalis","article_publisher":"https:\/\/www.facebook.com\/KapitalisInfo\/","article_published_time":"2018-03-06T12:12:10+00:00","og_image":[{"width":1200,"height":630,"url":"https:\/\/kapitalis.com\/tunisie\/wp-content\/uploads\/2022\/05\/kapitalis-logo-fb.png","type":"image\/png"}],"author":"Yusra NY","twitter_card":"summary_large_image","twitter_creator":"@KapitalisInfo","twitter_site":"@KapitalisInfo","twitter_misc":{"\u00c9crit par":"Yusra NY","Dur\u00e9e de lecture estim\u00e9e":"1 minute"},"schema":{"@context":"https:\/\/schema.org","@graph":[{"@type":"Article","@id":"https:\/\/kapitalis.com\/tunisie\/2018\/03\/06\/lancement-des-travaux-de-restauration-de-la-synagogue-de-tataouine\/#article","isPartOf":{"@id":"https:\/\/kapitalis.com\/tunisie\/2018\/03\/06\/lancement-des-travaux-de-restauration-de-la-synagogue-de-tataouine\/"},"author":{"name":"Yusra NY","@id":"https:\/\/kapitalis.com\/tunisie\/#\/schema\/person\/74bbde0154d49d790a92aaeac5bc01d5"},"headline":"Lancement des travaux de restauration de la synagogue de Tataouine","datePublished":"2018-03-06T12:12:10+00:00","mainEntityOfPage":{"@id":"https:\/\/kapitalis.com\/tunisie\/2018\/03\/06\/lancement-des-travaux-de-restauration-de-la-synagogue-de-tataouine\/"},"wordCount":156,"commentCount":1,"publisher":{"@id":"https:\/\/kapitalis.com\/tunisie\/#organization"},"image":{"@id":"https:\/\/kapitalis.com\/tunisie\/2018\/03\/06\/lancement-des-travaux-de-restauration-de-la-synagogue-de-tataouine\/#primaryimage"},"thumbnailUrl":"","keywords":["communaut\u00e9 juive","INP","minist\u00e8re Affaires culturelles","patrimoine","restauration","Tataouine"],"articleSection":["CULTURE","Tunisie"],"inLanguage":"fr-FR","potentialAction":[{"@type":"CommentAction","name":"Comment","target":["https:\/\/kapitalis.com\/tunisie\/2018\/03\/06\/lancement-des-travaux-de-restauration-de-la-synagogue-de-tataouine\/#respond"]}]},{"@type":"WebPage","@id":"https:\/\/kapitalis.com\/tunisie\/2018\/03\/06\/lancement-des-travaux-de-restauration-de-la-synagogue-de-tataouine\/","url":"https:\/\/kapitalis.com\/tunisie\/2018\/03\/06\/lancement-des-travaux-de-restauration-de-la-synagogue-de-tataouine\/","name":"Lancement des travaux de restauration de la synagogue de Tataouine - Kapitalis","isPartOf":{"@id":"https:\/\/kapitalis.com\/tunisie\/#website"},"primaryImageOfPage":{"@id":"https:\/\/kapitalis.com\/tunisie\/2018\/03\/06\/lancement-des-travaux-de-restauration-de-la-synagogue-de-tataouine\/#primaryimage"},"image":{"@id":"https:\/\/kapitalis.com\/tunisie\/2018\/03\/06\/lancement-des-travaux-de-restauration-de-la-synagogue-de-tataouine\/#primaryimage"},"thumbnailUrl":"","datePublished":"2018-03-06T12:12:10+00:00","breadcrumb":{"@id":"https:\/\/kapitalis.com\/tunisie\/2018\/03\/06\/lancement-des-travaux-de-restauration-de-la-synagogue-de-tataouine\/#breadcrumb"},"inLanguage":"fr-FR","potentialAction":[{"@type":"ReadAction","target":["https:\/\/kapitalis.com\/tunisie\/2018\/03\/06\/lancement-des-travaux-de-restauration-de-la-synagogue-de-tataouine\/"]}]},{"@type":"ImageObject","inLanguage":"fr-FR","@id":"https:\/\/kapitalis.com\/tunisie\/2018\/03\/06\/lancement-des-travaux-de-restauration-de-la-synagogue-de-tataouine\/#primaryimage","url":"","contentUrl":""},{"@type":"BreadcrumbList","@id":"https:\/\/kapitalis.com\/tunisie\/2018\/03\/06\/lancement-des-travaux-de-restauration-de-la-synagogue-de-tataouine\/#breadcrumb","itemListElement":[{"@type":"ListItem","position":1,"name":"Accueil","item":"https:\/\/kapitalis.com\/tunisie\/"},{"@type":"ListItem","position":2,"name":"Lancement des travaux de restauration de la synagogue de Tataouine"}]},{"@type":"WebSite","@id":"https:\/\/kapitalis.com\/tunisie\/#website","url":"https:\/\/kapitalis.com\/tunisie\/","name":"Kapitalis","description":"L&#039;actualit\u00e9 en Tunisie et dans le monde","publisher":{"@id":"https:\/\/kapitalis.com\/tunisie\/#organization"},"potentialAction":[{"@type":"SearchAction","target":{"@type":"EntryPoint","urlTemplate":"https:\/\/kapitalis.com\/tunisie\/?s={search_term_string}"},"query-input":{"@type":"PropertyValueSpecification","valueRequired":true,"valueName":"search_term_string"}}],"inLanguage":"fr-FR"},{"@type":"Organization","@id":"https:\/\/kapitalis.com\/tunisie\/#organization","name":"Kapitalis","url":"https:\/\/kapitalis.com\/tunisie\/","logo":{"@type":"ImageObject","inLanguage":"fr-FR","@id":"https:\/\/kapitalis.com\/tunisie\/#\/schema\/logo\/image\/","url":"https:\/\/kapitalis.com\/tunisie\/wp-content\/uploads\/2022\/05\/Kapitalis-big-size.png","contentUrl":"https:\/\/kapitalis.com\/tunisie\/wp-content\/uploads\/2022\/05\/Kapitalis-big-size.png","width":5000,"height":1500,"caption":"Kapitalis"},"image":{"@id":"https:\/\/kapitalis.com\/tunisie\/#\/schema\/logo\/image\/"},"sameAs":["https:\/\/www.facebook.com\/KapitalisInfo\/","https:\/\/x.com\/KapitalisInfo","https:\/\/www.youtube.com\/channel\/UC-yDYrHyfFBWWZaOw3FPg9Q"]},{"@type":"Person","@id":"https:\/\/kapitalis.com\/tunisie\/#\/schema\/person\/74bbde0154d49d790a92aaeac5bc01d5","name":"Yusra NY","url":"https:\/\/kapitalis.com\/tunisie\/author\/yuza_adam\/"}]}},"_links":{"self":[{"href":"https:\/\/kapitalis.com\/tunisie\/wp-json\/wp\/v2\/posts\/142100","targetHints":{"allow":["GET"]}}],"collection":[{"href":"https:\/\/kapitalis.com\/tunisie\/wp-json\/wp\/v2\/posts"}],"about":[{"href":"https:\/\/kapitalis.com\/tunisie\/wp-json\/wp\/v2\/types\/post"}],"author":[{"embeddable":true,"href":"https:\/\/kapitalis.com\/tunisie\/wp-json\/wp\/v2\/users\/6"}],"replies":[{"embeddable":true,"href":"https:\/\/kapitalis.com\/tunisie\/wp-json\/wp\/v2\/comments?post=142100"}],"version-history":[{"count":0,"href":"https:\/\/kapitalis.com\/tunisie\/wp-json\/wp\/v2\/posts\/142100\/revisions"}],"wp:featuredmedia":[{"embeddable":true,"href":"https:\/\/kapitalis.com\/tunisie\/wp-json\/wp\/v2\/media\/142105"}],"wp:attachment":[{"href":"https:\/\/kapitalis.com\/tunisie\/wp-json\/wp\/v2\/media?parent=142100"}],"wp:term":[{"taxonomy":"category","embeddable":true,"href":"https:\/\/kapitalis.com\/tunisie\/wp-json\/wp\/v2\/categories?post=142100"},{"taxonomy":"post_tag","embeddable":true,"href":"https:\/\/kapitalis.com\/tunisie\/wp-json\/wp\/v2\/tags?post=142100"}],"curies":[{"name":"wp","href":"https:\/\/api.w.org\/{rel}","templated":true}]}}