{"id":14215890,"date":"2024-10-14T11:26:15","date_gmt":"2024-10-14T10:26:15","guid":{"rendered":"https:\/\/kapitalis.com\/tunisie\/?p=14215890"},"modified":"2024-10-14T11:26:17","modified_gmt":"2024-10-14T10:26:17","slug":"le-calvaire-algerien-de-donia-gueni-et-les-agents-subreptices-de-letranger","status":"publish","type":"post","link":"https:\/\/kapitalis.com\/tunisie\/2024\/10\/14\/le-calvaire-algerien-de-donia-gueni-et-les-agents-subreptices-de-letranger\/","title":{"rendered":"Le calvaire alg\u00e9rien de Donia Gueni et les \u00abagents subreptices de l\u2019\u00e9tranger\u00bb"},"content":{"rendered":"\n<p><strong><em>Dans son poste facebook publi\u00e9 dimanche 13 octobre 2024 et reproduit ci-dessous, l\u2019ancien ambassadeur Elyes Kasri r\u00e9agit aux r\u00e9actions honteuses de certains Tunisiens justifiant les harc\u00e8lements et les humiliations que leur compatriote <a href=\"https:\/\/kapitalis.com\/tunisie\/2024\/10\/11\/laffaire-donia-gueni-la-debacle\/\">Donia Gueni<\/a> * subit dans l\u2019\u00abAlg\u00e9rie s\u0153ur\u00bb au pr\u00e9texte que les relations entre les r\u00e9gimes en place dans les deux pays sont au beau fixe?<\/em><\/strong><\/p>\n\n\n\n<!--more-->\n\n\n\n<p><em>\u00abIl est v\u00e9ritablement pitoyable et path\u00e9tique d\u2019entendre certains thurif\u00e9raires du r\u00e9gime et adeptes du patriotisme \u00e0 g\u00e9om\u00e9trie variable justifier le silence que beaucoup consid\u00e8rent d\u00e9shonorable face au calvaire inflig\u00e9 \u00e0 une jeune touriste tunisienne dans un pays voisin alors que des centaines de milliers d\u2019originaires de ce pays se rendent en Tunisie et certains d\u2019entre eux ne se g\u00eanent pas pour se comporter des fois pire que les quelques Tunisiens emprisonn\u00e9s pour quelques menues marchandises et cette jeune tunisienne, en faisant montre des fois d\u2019actes et propos beaucoup plus provocateurs que celui que l\u2019on pourrait reprocher \u00e0 la jeune Tunisienne qui, jusqu\u2019\u00e0 preuve du contraire, a \u00e9t\u00e9 victime d\u2019une s\u00e9rie de harc\u00e8lements et n\u2019a pas pu b\u00e9n\u00e9ficier de la protection de la force publique de ce pays consid\u00e9r\u00e9 fr\u00e8re.<\/em><\/p>\n\n\n\n<p><em>\u00abPire que le comportement, selon toute apparence et jusqu\u2019\u00e0 preuve du contraire, misogyne et x\u00e9nophobe, dont aurait \u00e9t\u00e9 victime la jeune touriste tunisienne, le mutisme ou pire les tentatives par certains de justifier le traitement qui lui a \u00e9t\u00e9 inflig\u00e9 r\u00e9v\u00e8le la perversion des valeurs et le nationalisme \u00e0 l\u2019envers de ces faux patriotes qui agissent selon toute vraisemblance en avocats ou agents subreptices de l\u2019\u00e9tranger.<\/em><\/p>\n\n\n\n<p><em>\u00abA tous, en Tunisie et \u00e0 l\u2019\u00e9tranger de se rappeler que l\u2019un des principes de base des relations internationales et \u00e0 fortiori de bon voisinage est la r\u00e9ciprocit\u00e9, \u00e9videmment en Tunisie pour ceux qui ont la fiert\u00e9 et la dignit\u00e9 et ailleurs la d\u00e9cence de consid\u00e9rer que l\u2019h\u00e9riti\u00e8re de Carthage est un Etat souverain plurimill\u00e9naire et non pas une \u00e9ni\u00e8me wilaya d\u2019un quelconque pays tiers.\u00bb<\/em><\/p>\n\n\n\n<p><em>* La jeune touriste, rappelons-le, a \u00e9t\u00e9 condamn\u00e9e \u00e0 un an de prison ferme en Alg\u00e9rie pour avoir d\u00e9nonc\u00e9 dans une vid\u00e9o sur les r\u00e9seaux sociaux les harc\u00e8lements qu&rsquo;elle a subis de la part de voyous dans la rue et de policiers auxquels elle s&rsquo;\u00e9tait adress\u00e9e pour porter plainte.<\/em><\/p>\n\n\n\n<figure class=\"wp-block-embed is-type-wp-embed is-provider-kapitalis wp-block-embed-kapitalis\"><div class=\"wp-block-embed__wrapper\">\n<blockquote class=\"wp-embedded-content\" data-secret=\"xgk9x55d3x\"><a href=\"https:\/\/kapitalis.com\/tunisie\/2024\/10\/11\/laffaire-donia-gueni-la-debacle\/\">L\u2019affaire Donia Gueni\u00a0: La d\u00e9b\u00e2cle!<\/a><\/blockquote><iframe loading=\"lazy\" class=\"wp-embedded-content\" sandbox=\"allow-scripts\" security=\"restricted\" style=\"position: absolute; visibility: hidden;\" title=\"\u00ab\u00a0L\u2019affaire Donia Gueni\u00a0: La d\u00e9b\u00e2cle!\u00a0\u00bb &#8212; Kapitalis\" src=\"https:\/\/kapitalis.com\/tunisie\/2024\/10\/11\/laffaire-donia-gueni-la-debacle\/embed\/#?secret=lZjKfomFry#?secret=xgk9x55d3x\" data-secret=\"xgk9x55d3x\" width=\"600\" height=\"338\" frameborder=\"0\" marginwidth=\"0\" marginheight=\"0\" scrolling=\"no\"><\/iframe>\n<\/div><\/figure>\n","protected":false},"excerpt":{"rendered":"<p>A propos des r\u00e9actions honteuses de certains Tunisiens justifiant les humiliations que leur compatriote Donia Gueni subit dans l\u2019\u00abAlg\u00e9rie s\u0153ur\u00bb. <\/p>\n","protected":false},"author":8,"featured_media":14215983,"comment_status":"open","ping_status":"open","sticky":false,"template":"","format":"standard","meta":{"footnotes":""},"categories":[992,998,1000,2433],"tags":[64,118327,82931,118379,118378,62643],"class_list":["post-14215890","post","type-post","status-publish","format-standard","has-post-thumbnail","hentry","category-a-la-une","category-societe","category-tribune","category-tunisie","tag-algerie","tag-donia-gueni","tag-elyes-kasri-2","tag-harcelements","tag-policiers-algeriens","tag-tunisie"],"yoast_head":"<!-- This site is optimized with the Yoast SEO plugin v26.6 - https:\/\/yoast.com\/wordpress\/plugins\/seo\/ -->\n<title>Le calvaire alg\u00e9rien de Donia Gueni et les \u00abagents subreptices de l\u2019\u00e9tranger\u00bb - Kapitalis<\/title>\n<meta name=\"robots\" content=\"index, follow, max-snippet:-1, max-image-preview:large, max-video-preview:-1\" \/>\n<link rel=\"canonical\" href=\"https:\/\/kapitalis.com\/tunisie\/2024\/10\/14\/le-calvaire-algerien-de-donia-gueni-et-les-agents-subreptices-de-letranger\/\" \/>\n<meta property=\"og:locale\" content=\"fr_FR\" \/>\n<meta property=\"og:type\" content=\"article\" \/>\n<meta property=\"og:title\" content=\"Le calvaire alg\u00e9rien de Donia Gueni et les \u00abagents subreptices de l\u2019\u00e9tranger\u00bb - Kapitalis\" \/>\n<meta property=\"og:description\" content=\"A propos des r\u00e9actions honteuses de certains Tunisiens justifiant les humiliations que leur compatriote Donia Gueni subit dans l\u2019\u00abAlg\u00e9rie s\u0153ur\u00bb.\" \/>\n<meta property=\"og:url\" content=\"https:\/\/kapitalis.com\/tunisie\/2024\/10\/14\/le-calvaire-algerien-de-donia-gueni-et-les-agents-subreptices-de-letranger\/\" \/>\n<meta property=\"og:site_name\" content=\"Kapitalis\" \/>\n<meta property=\"article:publisher\" content=\"https:\/\/www.facebook.com\/KapitalisInfo\/\" \/>\n<meta property=\"article:published_time\" content=\"2024-10-14T10:26:15+00:00\" \/>\n<meta property=\"article:modified_time\" content=\"2024-10-14T10:26:17+00:00\" \/>\n<meta property=\"og:image\" content=\"https:\/\/kapitalis.com\/tunisie\/wp-content\/uploads\/2024\/10\/Donia-Gueni-1.jpg\" \/>\n\t<meta property=\"og:image:width\" content=\"1200\" \/>\n\t<meta property=\"og:image:height\" content=\"630\" \/>\n\t<meta property=\"og:image:type\" content=\"image\/jpeg\" \/>\n<meta name=\"author\" content=\"webmaster kapitalis\" \/>\n<meta name=\"twitter:card\" content=\"summary_large_image\" \/>\n<meta name=\"twitter:creator\" content=\"@KapitalisInfo\" \/>\n<meta name=\"twitter:site\" content=\"@KapitalisInfo\" \/>\n<meta name=\"twitter:label1\" content=\"\u00c9crit par\" \/>\n\t<meta name=\"twitter:data1\" content=\"webmaster kapitalis\" \/>\n\t<meta name=\"twitter:label2\" content=\"Dur\u00e9e de lecture estim\u00e9e\" \/>\n\t<meta name=\"twitter:data2\" content=\"3 minutes\" \/>\n<script type=\"application\/ld+json\" class=\"yoast-schema-graph\">{\"@context\":\"https:\/\/schema.org\",\"@graph\":[{\"@type\":\"Article\",\"@id\":\"https:\/\/kapitalis.com\/tunisie\/2024\/10\/14\/le-calvaire-algerien-de-donia-gueni-et-les-agents-subreptices-de-letranger\/#article\",\"isPartOf\":{\"@id\":\"https:\/\/kapitalis.com\/tunisie\/2024\/10\/14\/le-calvaire-algerien-de-donia-gueni-et-les-agents-subreptices-de-letranger\/\"},\"author\":{\"name\":\"webmaster kapitalis\",\"@id\":\"https:\/\/kapitalis.com\/tunisie\/#\/schema\/person\/d71f33a9ca44f7bad4698210b480c8e9\"},\"headline\":\"Le calvaire alg\u00e9rien de Donia Gueni et les \u00abagents subreptices de l\u2019\u00e9tranger\u00bb\",\"datePublished\":\"2024-10-14T10:26:15+00:00\",\"dateModified\":\"2024-10-14T10:26:17+00:00\",\"mainEntityOfPage\":{\"@id\":\"https:\/\/kapitalis.com\/tunisie\/2024\/10\/14\/le-calvaire-algerien-de-donia-gueni-et-les-agents-subreptices-de-letranger\/\"},\"wordCount\":430,\"commentCount\":4,\"publisher\":{\"@id\":\"https:\/\/kapitalis.com\/tunisie\/#organization\"},\"image\":{\"@id\":\"https:\/\/kapitalis.com\/tunisie\/2024\/10\/14\/le-calvaire-algerien-de-donia-gueni-et-les-agents-subreptices-de-letranger\/#primaryimage\"},\"thumbnailUrl\":\"https:\/\/kapitalis.com\/tunisie\/wp-content\/uploads\/2024\/10\/Donia-Gueni-1.jpg\",\"keywords\":[\"Alg\u00e9rie\",\"Donia Gueni\",\"Elyes Kasri\",\"harc\u00e8lements\",\"policiers alg\u00e9riens\",\"Tunisie\"],\"articleSection\":[\"A LA UNE\",\"SOCIETE\",\"TRIBUNE\",\"Tunisie\"],\"inLanguage\":\"fr-FR\",\"potentialAction\":[{\"@type\":\"CommentAction\",\"name\":\"Comment\",\"target\":[\"https:\/\/kapitalis.com\/tunisie\/2024\/10\/14\/le-calvaire-algerien-de-donia-gueni-et-les-agents-subreptices-de-letranger\/#respond\"]}]},{\"@type\":\"WebPage\",\"@id\":\"https:\/\/kapitalis.com\/tunisie\/2024\/10\/14\/le-calvaire-algerien-de-donia-gueni-et-les-agents-subreptices-de-letranger\/\",\"url\":\"https:\/\/kapitalis.com\/tunisie\/2024\/10\/14\/le-calvaire-algerien-de-donia-gueni-et-les-agents-subreptices-de-letranger\/\",\"name\":\"Le calvaire alg\u00e9rien de Donia Gueni et les \u00abagents subreptices de l\u2019\u00e9tranger\u00bb - Kapitalis\",\"isPartOf\":{\"@id\":\"https:\/\/kapitalis.com\/tunisie\/#website\"},\"primaryImageOfPage\":{\"@id\":\"https:\/\/kapitalis.com\/tunisie\/2024\/10\/14\/le-calvaire-algerien-de-donia-gueni-et-les-agents-subreptices-de-letranger\/#primaryimage\"},\"image\":{\"@id\":\"https:\/\/kapitalis.com\/tunisie\/2024\/10\/14\/le-calvaire-algerien-de-donia-gueni-et-les-agents-subreptices-de-letranger\/#primaryimage\"},\"thumbnailUrl\":\"https:\/\/kapitalis.com\/tunisie\/wp-content\/uploads\/2024\/10\/Donia-Gueni-1.jpg\",\"datePublished\":\"2024-10-14T10:26:15+00:00\",\"dateModified\":\"2024-10-14T10:26:17+00:00\",\"breadcrumb\":{\"@id\":\"https:\/\/kapitalis.com\/tunisie\/2024\/10\/14\/le-calvaire-algerien-de-donia-gueni-et-les-agents-subreptices-de-letranger\/#breadcrumb\"},\"inLanguage\":\"fr-FR\",\"potentialAction\":[{\"@type\":\"ReadAction\",\"target\":[\"https:\/\/kapitalis.com\/tunisie\/2024\/10\/14\/le-calvaire-algerien-de-donia-gueni-et-les-agents-subreptices-de-letranger\/\"]}]},{\"@type\":\"ImageObject\",\"inLanguage\":\"fr-FR\",\"@id\":\"https:\/\/kapitalis.com\/tunisie\/2024\/10\/14\/le-calvaire-algerien-de-donia-gueni-et-les-agents-subreptices-de-letranger\/#primaryimage\",\"url\":\"https:\/\/kapitalis.com\/tunisie\/wp-content\/uploads\/2024\/10\/Donia-Gueni-1.jpg\",\"contentUrl\":\"https:\/\/kapitalis.com\/tunisie\/wp-content\/uploads\/2024\/10\/Donia-Gueni-1.jpg\",\"width\":1200,\"height\":630},{\"@type\":\"BreadcrumbList\",\"@id\":\"https:\/\/kapitalis.com\/tunisie\/2024\/10\/14\/le-calvaire-algerien-de-donia-gueni-et-les-agents-subreptices-de-letranger\/#breadcrumb\",\"itemListElement\":[{\"@type\":\"ListItem\",\"position\":1,\"name\":\"Accueil\",\"item\":\"https:\/\/kapitalis.com\/tunisie\/\"},{\"@type\":\"ListItem\",\"position\":2,\"name\":\"Le calvaire alg\u00e9rien de Donia Gueni et les \u00abagents subreptices de l\u2019\u00e9tranger\u00bb\"}]},{\"@type\":\"WebSite\",\"@id\":\"https:\/\/kapitalis.com\/tunisie\/#website\",\"url\":\"https:\/\/kapitalis.com\/tunisie\/\",\"name\":\"Kapitalis\",\"description\":\"L&#039;actualit\u00e9 en Tunisie et dans le monde\",\"publisher\":{\"@id\":\"https:\/\/kapitalis.com\/tunisie\/#organization\"},\"potentialAction\":[{\"@type\":\"SearchAction\",\"target\":{\"@type\":\"EntryPoint\",\"urlTemplate\":\"https:\/\/kapitalis.com\/tunisie\/?s={search_term_string}\"},\"query-input\":{\"@type\":\"PropertyValueSpecification\",\"valueRequired\":true,\"valueName\":\"search_term_string\"}}],\"inLanguage\":\"fr-FR\"},{\"@type\":\"Organization\",\"@id\":\"https:\/\/kapitalis.com\/tunisie\/#organization\",\"name\":\"Kapitalis\",\"url\":\"https:\/\/kapitalis.com\/tunisie\/\",\"logo\":{\"@type\":\"ImageObject\",\"inLanguage\":\"fr-FR\",\"@id\":\"https:\/\/kapitalis.com\/tunisie\/#\/schema\/logo\/image\/\",\"url\":\"https:\/\/kapitalis.com\/tunisie\/wp-content\/uploads\/2022\/05\/Kapitalis-big-size.png\",\"contentUrl\":\"https:\/\/kapitalis.com\/tunisie\/wp-content\/uploads\/2022\/05\/Kapitalis-big-size.png\",\"width\":5000,\"height\":1500,\"caption\":\"Kapitalis\"},\"image\":{\"@id\":\"https:\/\/kapitalis.com\/tunisie\/#\/schema\/logo\/image\/\"},\"sameAs\":[\"https:\/\/www.facebook.com\/KapitalisInfo\/\",\"https:\/\/x.com\/KapitalisInfo\",\"https:\/\/www.youtube.com\/channel\/UC-yDYrHyfFBWWZaOw3FPg9Q\"]},{\"@type\":\"Person\",\"@id\":\"https:\/\/kapitalis.com\/tunisie\/#\/schema\/person\/d71f33a9ca44f7bad4698210b480c8e9\",\"name\":\"webmaster kapitalis\",\"url\":\"https:\/\/kapitalis.com\/tunisie\/author\/webmaster-kapitalis\/\"}]}<\/script>\n<!-- \/ Yoast SEO plugin. -->","yoast_head_json":{"title":"Le calvaire alg\u00e9rien de Donia Gueni et les \u00abagents subreptices de l\u2019\u00e9tranger\u00bb - Kapitalis","robots":{"index":"index","follow":"follow","max-snippet":"max-snippet:-1","max-image-preview":"max-image-preview:large","max-video-preview":"max-video-preview:-1"},"canonical":"https:\/\/kapitalis.com\/tunisie\/2024\/10\/14\/le-calvaire-algerien-de-donia-gueni-et-les-agents-subreptices-de-letranger\/","og_locale":"fr_FR","og_type":"article","og_title":"Le calvaire alg\u00e9rien de Donia Gueni et les \u00abagents subreptices de l\u2019\u00e9tranger\u00bb - Kapitalis","og_description":"A propos des r\u00e9actions honteuses de certains Tunisiens justifiant les humiliations que leur compatriote Donia Gueni subit dans l\u2019\u00abAlg\u00e9rie s\u0153ur\u00bb.","og_url":"https:\/\/kapitalis.com\/tunisie\/2024\/10\/14\/le-calvaire-algerien-de-donia-gueni-et-les-agents-subreptices-de-letranger\/","og_site_name":"Kapitalis","article_publisher":"https:\/\/www.facebook.com\/KapitalisInfo\/","article_published_time":"2024-10-14T10:26:15+00:00","article_modified_time":"2024-10-14T10:26:17+00:00","og_image":[{"width":1200,"height":630,"url":"https:\/\/kapitalis.com\/tunisie\/wp-content\/uploads\/2024\/10\/Donia-Gueni-1.jpg","type":"image\/jpeg"}],"author":"webmaster kapitalis","twitter_card":"summary_large_image","twitter_creator":"@KapitalisInfo","twitter_site":"@KapitalisInfo","twitter_misc":{"\u00c9crit par":"webmaster kapitalis","Dur\u00e9e de lecture estim\u00e9e":"3 minutes"},"schema":{"@context":"https:\/\/schema.org","@graph":[{"@type":"Article","@id":"https:\/\/kapitalis.com\/tunisie\/2024\/10\/14\/le-calvaire-algerien-de-donia-gueni-et-les-agents-subreptices-de-letranger\/#article","isPartOf":{"@id":"https:\/\/kapitalis.com\/tunisie\/2024\/10\/14\/le-calvaire-algerien-de-donia-gueni-et-les-agents-subreptices-de-letranger\/"},"author":{"name":"webmaster kapitalis","@id":"https:\/\/kapitalis.com\/tunisie\/#\/schema\/person\/d71f33a9ca44f7bad4698210b480c8e9"},"headline":"Le calvaire alg\u00e9rien de Donia Gueni et les \u00abagents subreptices de l\u2019\u00e9tranger\u00bb","datePublished":"2024-10-14T10:26:15+00:00","dateModified":"2024-10-14T10:26:17+00:00","mainEntityOfPage":{"@id":"https:\/\/kapitalis.com\/tunisie\/2024\/10\/14\/le-calvaire-algerien-de-donia-gueni-et-les-agents-subreptices-de-letranger\/"},"wordCount":430,"commentCount":4,"publisher":{"@id":"https:\/\/kapitalis.com\/tunisie\/#organization"},"image":{"@id":"https:\/\/kapitalis.com\/tunisie\/2024\/10\/14\/le-calvaire-algerien-de-donia-gueni-et-les-agents-subreptices-de-letranger\/#primaryimage"},"thumbnailUrl":"https:\/\/kapitalis.com\/tunisie\/wp-content\/uploads\/2024\/10\/Donia-Gueni-1.jpg","keywords":["Alg\u00e9rie","Donia Gueni","Elyes Kasri","harc\u00e8lements","policiers alg\u00e9riens","Tunisie"],"articleSection":["A LA UNE","SOCIETE","TRIBUNE","Tunisie"],"inLanguage":"fr-FR","potentialAction":[{"@type":"CommentAction","name":"Comment","target":["https:\/\/kapitalis.com\/tunisie\/2024\/10\/14\/le-calvaire-algerien-de-donia-gueni-et-les-agents-subreptices-de-letranger\/#respond"]}]},{"@type":"WebPage","@id":"https:\/\/kapitalis.com\/tunisie\/2024\/10\/14\/le-calvaire-algerien-de-donia-gueni-et-les-agents-subreptices-de-letranger\/","url":"https:\/\/kapitalis.com\/tunisie\/2024\/10\/14\/le-calvaire-algerien-de-donia-gueni-et-les-agents-subreptices-de-letranger\/","name":"Le calvaire alg\u00e9rien de Donia Gueni et les \u00abagents subreptices de l\u2019\u00e9tranger\u00bb - Kapitalis","isPartOf":{"@id":"https:\/\/kapitalis.com\/tunisie\/#website"},"primaryImageOfPage":{"@id":"https:\/\/kapitalis.com\/tunisie\/2024\/10\/14\/le-calvaire-algerien-de-donia-gueni-et-les-agents-subreptices-de-letranger\/#primaryimage"},"image":{"@id":"https:\/\/kapitalis.com\/tunisie\/2024\/10\/14\/le-calvaire-algerien-de-donia-gueni-et-les-agents-subreptices-de-letranger\/#primaryimage"},"thumbnailUrl":"https:\/\/kapitalis.com\/tunisie\/wp-content\/uploads\/2024\/10\/Donia-Gueni-1.jpg","datePublished":"2024-10-14T10:26:15+00:00","dateModified":"2024-10-14T10:26:17+00:00","breadcrumb":{"@id":"https:\/\/kapitalis.com\/tunisie\/2024\/10\/14\/le-calvaire-algerien-de-donia-gueni-et-les-agents-subreptices-de-letranger\/#breadcrumb"},"inLanguage":"fr-FR","potentialAction":[{"@type":"ReadAction","target":["https:\/\/kapitalis.com\/tunisie\/2024\/10\/14\/le-calvaire-algerien-de-donia-gueni-et-les-agents-subreptices-de-letranger\/"]}]},{"@type":"ImageObject","inLanguage":"fr-FR","@id":"https:\/\/kapitalis.com\/tunisie\/2024\/10\/14\/le-calvaire-algerien-de-donia-gueni-et-les-agents-subreptices-de-letranger\/#primaryimage","url":"https:\/\/kapitalis.com\/tunisie\/wp-content\/uploads\/2024\/10\/Donia-Gueni-1.jpg","contentUrl":"https:\/\/kapitalis.com\/tunisie\/wp-content\/uploads\/2024\/10\/Donia-Gueni-1.jpg","width":1200,"height":630},{"@type":"BreadcrumbList","@id":"https:\/\/kapitalis.com\/tunisie\/2024\/10\/14\/le-calvaire-algerien-de-donia-gueni-et-les-agents-subreptices-de-letranger\/#breadcrumb","itemListElement":[{"@type":"ListItem","position":1,"name":"Accueil","item":"https:\/\/kapitalis.com\/tunisie\/"},{"@type":"ListItem","position":2,"name":"Le calvaire alg\u00e9rien de Donia Gueni et les \u00abagents subreptices de l\u2019\u00e9tranger\u00bb"}]},{"@type":"WebSite","@id":"https:\/\/kapitalis.com\/tunisie\/#website","url":"https:\/\/kapitalis.com\/tunisie\/","name":"Kapitalis","description":"L&#039;actualit\u00e9 en Tunisie et dans le monde","publisher":{"@id":"https:\/\/kapitalis.com\/tunisie\/#organization"},"potentialAction":[{"@type":"SearchAction","target":{"@type":"EntryPoint","urlTemplate":"https:\/\/kapitalis.com\/tunisie\/?s={search_term_string}"},"query-input":{"@type":"PropertyValueSpecification","valueRequired":true,"valueName":"search_term_string"}}],"inLanguage":"fr-FR"},{"@type":"Organization","@id":"https:\/\/kapitalis.com\/tunisie\/#organization","name":"Kapitalis","url":"https:\/\/kapitalis.com\/tunisie\/","logo":{"@type":"ImageObject","inLanguage":"fr-FR","@id":"https:\/\/kapitalis.com\/tunisie\/#\/schema\/logo\/image\/","url":"https:\/\/kapitalis.com\/tunisie\/wp-content\/uploads\/2022\/05\/Kapitalis-big-size.png","contentUrl":"https:\/\/kapitalis.com\/tunisie\/wp-content\/uploads\/2022\/05\/Kapitalis-big-size.png","width":5000,"height":1500,"caption":"Kapitalis"},"image":{"@id":"https:\/\/kapitalis.com\/tunisie\/#\/schema\/logo\/image\/"},"sameAs":["https:\/\/www.facebook.com\/KapitalisInfo\/","https:\/\/x.com\/KapitalisInfo","https:\/\/www.youtube.com\/channel\/UC-yDYrHyfFBWWZaOw3FPg9Q"]},{"@type":"Person","@id":"https:\/\/kapitalis.com\/tunisie\/#\/schema\/person\/d71f33a9ca44f7bad4698210b480c8e9","name":"webmaster kapitalis","url":"https:\/\/kapitalis.com\/tunisie\/author\/webmaster-kapitalis\/"}]}},"_links":{"self":[{"href":"https:\/\/kapitalis.com\/tunisie\/wp-json\/wp\/v2\/posts\/14215890","targetHints":{"allow":["GET"]}}],"collection":[{"href":"https:\/\/kapitalis.com\/tunisie\/wp-json\/wp\/v2\/posts"}],"about":[{"href":"https:\/\/kapitalis.com\/tunisie\/wp-json\/wp\/v2\/types\/post"}],"author":[{"embeddable":true,"href":"https:\/\/kapitalis.com\/tunisie\/wp-json\/wp\/v2\/users\/8"}],"replies":[{"embeddable":true,"href":"https:\/\/kapitalis.com\/tunisie\/wp-json\/wp\/v2\/comments?post=14215890"}],"version-history":[{"count":2,"href":"https:\/\/kapitalis.com\/tunisie\/wp-json\/wp\/v2\/posts\/14215890\/revisions"}],"predecessor-version":[{"id":14224807,"href":"https:\/\/kapitalis.com\/tunisie\/wp-json\/wp\/v2\/posts\/14215890\/revisions\/14224807"}],"wp:featuredmedia":[{"embeddable":true,"href":"https:\/\/kapitalis.com\/tunisie\/wp-json\/wp\/v2\/media\/14215983"}],"wp:attachment":[{"href":"https:\/\/kapitalis.com\/tunisie\/wp-json\/wp\/v2\/media?parent=14215890"}],"wp:term":[{"taxonomy":"category","embeddable":true,"href":"https:\/\/kapitalis.com\/tunisie\/wp-json\/wp\/v2\/categories?post=14215890"},{"taxonomy":"post_tag","embeddable":true,"href":"https:\/\/kapitalis.com\/tunisie\/wp-json\/wp\/v2\/tags?post=14215890"}],"curies":[{"name":"wp","href":"https:\/\/api.w.org\/{rel}","templated":true}]}}