{"id":14219249,"date":"2024-10-14T18:09:13","date_gmt":"2024-10-14T17:09:13","guid":{"rendered":"https:\/\/kapitalis.com\/tunisie\/?p=14219249"},"modified":"2024-10-14T19:13:09","modified_gmt":"2024-10-14T18:13:09","slug":"lagora-marsa-djerba-avant-premiere-exclusive-du-film-monsieur-aznavour","status":"publish","type":"post","link":"https:\/\/kapitalis.com\/tunisie\/2024\/10\/14\/lagora-marsa-djerba-avant-premiere-exclusive-du-film-monsieur-aznavour\/","title":{"rendered":"L&rsquo;Agora Marsa &#038; Djerba : Avant-premi\u00e8re exclusive du film \u00ab\u00a0Monsieur Aznavour\u00a0\u00bb"},"content":{"rendered":"\n<p><strong><em>Le film \u00ab\u00a0Monsieur Aznavour\u00a0\u00bb r\u00e9alis\u00e9 par Grand Corps Malade et Mehdi Idir sera projet\u00e9 en avant-premi\u00e8re exclusive le 16 octobre 2024 \u00e0 l&rsquo;Agora Marsa &amp; Djerba.<\/em><\/strong><\/p>\n\n\n\n<!--more-->\n\n\n\n<p>Cin\u00e9philes, m\u00e9lomanes, et admirateurs de la l\u00e9gendeCharles Aznavour : Nous avons le plaisir de vous inviter \u00e0 l&rsquo;avant-premi\u00e8re exclusive de Monsieur Aznavour, un film incontournable r\u00e9alis\u00e9 par le duo talentueux Grand Corps Malade et Mehdi Idir. \ud83d\udcab<\/p>\n\n\n\n<p>\ud83d\udcc5 \ud835\udc0b\ud835\udc1e \ud835\udc26\ud835\udc1e\ud835\udc2b\ud835\udc1c\ud835\udc2b\ud835\udc1e\ud835\udc1d\ud835\udc22 \ud835\udfcf\ud835\udfd4 \ud835\udc28\ud835\udc1c\ud835\udc2d\ud835\udc28\ud835\udc1b\ud835\udc2b\ud835\udc1e \ud835\udfd0\ud835\udfce\ud835\udfd0\ud835\udfd2 \ud835\udc1a\u0300 \ud835\udfd0\ud835\udfce\ud835\udc21\ud835\udfd1\ud835\udfce \ud835\udc1a\ud835\udc2e\ud835\udc31 \ud835\udc1c\ud835\udc22\ud835\udc27\ud835\udc1e\u0301\ud835\udc26\ud835\udc1a\ud835\udc2c \ud835\udc0b&rsquo;\ud835\udc00\ud835\udc20\ud835\udc28\ud835\udc2b\ud835\udc1a \ud835\udc0c\ud835\udc1a\ud835\udc2b\ud835\udc2c\ud835\udc1a \ud835\udc1e\ud835\udc2d \ud835\udc03\ud835\udc23\ud835\udc1e\ud835\udc2b\ud835\udc1b\ud835\udc1a.<\/p>\n\n\n\n<p>\ud83c\udfa5 En version Fran\u00e7aise.<br>Dans ce biopic \u00e9mouvant, plongez au c\u0153ur de la vie fascinante d&rsquo;un des plus grands noms de la chanson fran\u00e7aise. Gr\u00e2ce \u00e0 l&rsquo;incroyable performance de Tahar Rahim, qui a su saisir l&rsquo;essence et l&rsquo;humanit\u00e9 d&rsquo;Aznavour, vous red\u00e9couvrirez l&rsquo;homme derri\u00e8re la l\u00e9gende, ses d\u00e9fis, ses succ\u00e8s, et sa qu\u00eate de perfection artistique.<\/p>\n\n\n\n<p>\u2728 \ud835\udc0f\ud835\udc28\ud835\udc2e\ud835\udc2b\ud835\udc2a\ud835\udc2e\ud835\udc28\ud835\udc22 \ud835\udc27\ud835\udc1e \ud835\udc29\ud835\udc1a\ud835\udc2c \ud835\udc26\ud835\udc1a\ud835\udc27\ud835\udc2a\ud835\udc2e\ud835\udc1e\ud835\udc2b \ud835\udc1c\ud835\udc1e\ud835\udc2d\ud835\udc2d\ud835\udc1e \ud835\udc2c\ud835\udc28\ud835\udc22\ud835\udc2b\ud835\udc1e\u0301\ud835\udc1e ?<br>\u2705 Un hommage vibrant \u00e0 l&rsquo;h\u00e9ritage musical et culturel de Charles Aznavour.<br>\u2705 Une occasion unique de voir le film avant sa sortie officielle.<br>\u2705 Une \u0153uvre touchante qui capture avec justesse la personnalit\u00e9 complexe d&rsquo;Aznavour.<br>\u2705 Et surtout, un moment de cin\u00e9ma fort et inspirant, qui r\u00e9sonnera longtemps apr\u00e8s la projection.<br>Rejoignez-nous pour c\u00e9l\u00e9brer cet artiste aux multiples facettes et laissez-vous transporter par un film qui marie brillamment musique, \u00e9motion et histoire personnelle. \ud83c\udfb6<\/p>\n\n\n\n<p class=\"has-text-align-right\"><strong>Communiqu\u00e9<\/strong><\/p>\n","protected":false},"excerpt":{"rendered":"<p>Le film \u00ab\u00a0Monsieur Aznavour\u00a0\u00bb r\u00e9alis\u00e9 par Grand Corps Malade et Mehdi Idir sera projet\u00e9 en avant-premi\u00e8re exclusive le 16 octobre 2024 \u00e0 l&rsquo;Agora Marsa &amp; Djerba.<\/p>\n","protected":false},"author":6,"featured_media":14219301,"comment_status":"open","ping_status":"open","sticky":false,"template":"","format":"standard","meta":{"footnotes":""},"categories":[994,2433],"tags":[118384,118385,62643],"class_list":["post-14219249","post","type-post","status-publish","format-standard","has-post-thumbnail","hentry","category-culture","category-tunisie","tag-grand-corps-malade","tag-monsieur-aznavour","tag-tunisie"],"yoast_head":"<!-- This site is optimized with the Yoast SEO plugin v26.6 - https:\/\/yoast.com\/wordpress\/plugins\/seo\/ -->\n<title>L&#039;Agora Marsa &amp; Djerba : Avant-premi\u00e8re exclusive du film &quot;Monsieur Aznavour&quot; - Kapitalis<\/title>\n<meta name=\"robots\" content=\"index, follow, max-snippet:-1, max-image-preview:large, max-video-preview:-1\" \/>\n<link rel=\"canonical\" href=\"https:\/\/kapitalis.com\/tunisie\/2024\/10\/14\/lagora-marsa-djerba-avant-premiere-exclusive-du-film-monsieur-aznavour\/\" \/>\n<meta property=\"og:locale\" content=\"fr_FR\" \/>\n<meta property=\"og:type\" content=\"article\" \/>\n<meta property=\"og:title\" content=\"L&#039;Agora Marsa &amp; Djerba : Avant-premi\u00e8re exclusive du film &quot;Monsieur Aznavour&quot; - Kapitalis\" \/>\n<meta property=\"og:description\" content=\"Le film \u00ab\u00a0Monsieur Aznavour\u00a0\u00bb r\u00e9alis\u00e9 par Grand Corps Malade et Mehdi Idir sera projet\u00e9 en avant-premi\u00e8re exclusive le 16 octobre 2024 \u00e0 l&rsquo;Agora Marsa &amp; Djerba.\" \/>\n<meta property=\"og:url\" content=\"https:\/\/kapitalis.com\/tunisie\/2024\/10\/14\/lagora-marsa-djerba-avant-premiere-exclusive-du-film-monsieur-aznavour\/\" \/>\n<meta property=\"og:site_name\" content=\"Kapitalis\" \/>\n<meta property=\"article:publisher\" content=\"https:\/\/www.facebook.com\/KapitalisInfo\/\" \/>\n<meta property=\"article:published_time\" content=\"2024-10-14T17:09:13+00:00\" \/>\n<meta property=\"article:modified_time\" content=\"2024-10-14T18:13:09+00:00\" \/>\n<meta property=\"og:image\" content=\"https:\/\/kapitalis.com\/tunisie\/wp-content\/uploads\/2024\/10\/Monsieur-Aznavour.jpg\" \/>\n\t<meta property=\"og:image:width\" content=\"1200\" \/>\n\t<meta property=\"og:image:height\" content=\"630\" \/>\n\t<meta property=\"og:image:type\" content=\"image\/jpeg\" \/>\n<meta name=\"author\" content=\"Yusra NY\" \/>\n<meta name=\"twitter:card\" content=\"summary_large_image\" \/>\n<meta name=\"twitter:creator\" content=\"@KapitalisInfo\" \/>\n<meta name=\"twitter:site\" content=\"@KapitalisInfo\" \/>\n<meta name=\"twitter:label1\" content=\"\u00c9crit par\" \/>\n\t<meta name=\"twitter:data1\" content=\"Yusra NY\" \/>\n\t<meta name=\"twitter:label2\" content=\"Dur\u00e9e de lecture estim\u00e9e\" \/>\n\t<meta name=\"twitter:data2\" content=\"2 minutes\" \/>\n<script type=\"application\/ld+json\" class=\"yoast-schema-graph\">{\"@context\":\"https:\/\/schema.org\",\"@graph\":[{\"@type\":\"Article\",\"@id\":\"https:\/\/kapitalis.com\/tunisie\/2024\/10\/14\/lagora-marsa-djerba-avant-premiere-exclusive-du-film-monsieur-aznavour\/#article\",\"isPartOf\":{\"@id\":\"https:\/\/kapitalis.com\/tunisie\/2024\/10\/14\/lagora-marsa-djerba-avant-premiere-exclusive-du-film-monsieur-aznavour\/\"},\"author\":{\"name\":\"Yusra NY\",\"@id\":\"https:\/\/kapitalis.com\/tunisie\/#\/schema\/person\/74bbde0154d49d790a92aaeac5bc01d5\"},\"headline\":\"L&rsquo;Agora Marsa &#038; Djerba : Avant-premi\u00e8re exclusive du film \u00ab\u00a0Monsieur Aznavour\u00a0\u00bb\",\"datePublished\":\"2024-10-14T17:09:13+00:00\",\"dateModified\":\"2024-10-14T18:13:09+00:00\",\"mainEntityOfPage\":{\"@id\":\"https:\/\/kapitalis.com\/tunisie\/2024\/10\/14\/lagora-marsa-djerba-avant-premiere-exclusive-du-film-monsieur-aznavour\/\"},\"wordCount\":214,\"commentCount\":0,\"publisher\":{\"@id\":\"https:\/\/kapitalis.com\/tunisie\/#organization\"},\"image\":{\"@id\":\"https:\/\/kapitalis.com\/tunisie\/2024\/10\/14\/lagora-marsa-djerba-avant-premiere-exclusive-du-film-monsieur-aznavour\/#primaryimage\"},\"thumbnailUrl\":\"https:\/\/kapitalis.com\/tunisie\/wp-content\/uploads\/2024\/10\/Monsieur-Aznavour.jpg\",\"keywords\":[\"Grand Corps Malade\",\"Monsieur Aznavour\",\"Tunisie\"],\"articleSection\":[\"CULTURE\",\"Tunisie\"],\"inLanguage\":\"fr-FR\",\"potentialAction\":[{\"@type\":\"CommentAction\",\"name\":\"Comment\",\"target\":[\"https:\/\/kapitalis.com\/tunisie\/2024\/10\/14\/lagora-marsa-djerba-avant-premiere-exclusive-du-film-monsieur-aznavour\/#respond\"]}]},{\"@type\":\"WebPage\",\"@id\":\"https:\/\/kapitalis.com\/tunisie\/2024\/10\/14\/lagora-marsa-djerba-avant-premiere-exclusive-du-film-monsieur-aznavour\/\",\"url\":\"https:\/\/kapitalis.com\/tunisie\/2024\/10\/14\/lagora-marsa-djerba-avant-premiere-exclusive-du-film-monsieur-aznavour\/\",\"name\":\"L'Agora Marsa & Djerba : Avant-premi\u00e8re exclusive du film \\\"Monsieur Aznavour\\\" - Kapitalis\",\"isPartOf\":{\"@id\":\"https:\/\/kapitalis.com\/tunisie\/#website\"},\"primaryImageOfPage\":{\"@id\":\"https:\/\/kapitalis.com\/tunisie\/2024\/10\/14\/lagora-marsa-djerba-avant-premiere-exclusive-du-film-monsieur-aznavour\/#primaryimage\"},\"image\":{\"@id\":\"https:\/\/kapitalis.com\/tunisie\/2024\/10\/14\/lagora-marsa-djerba-avant-premiere-exclusive-du-film-monsieur-aznavour\/#primaryimage\"},\"thumbnailUrl\":\"https:\/\/kapitalis.com\/tunisie\/wp-content\/uploads\/2024\/10\/Monsieur-Aznavour.jpg\",\"datePublished\":\"2024-10-14T17:09:13+00:00\",\"dateModified\":\"2024-10-14T18:13:09+00:00\",\"breadcrumb\":{\"@id\":\"https:\/\/kapitalis.com\/tunisie\/2024\/10\/14\/lagora-marsa-djerba-avant-premiere-exclusive-du-film-monsieur-aznavour\/#breadcrumb\"},\"inLanguage\":\"fr-FR\",\"potentialAction\":[{\"@type\":\"ReadAction\",\"target\":[\"https:\/\/kapitalis.com\/tunisie\/2024\/10\/14\/lagora-marsa-djerba-avant-premiere-exclusive-du-film-monsieur-aznavour\/\"]}]},{\"@type\":\"ImageObject\",\"inLanguage\":\"fr-FR\",\"@id\":\"https:\/\/kapitalis.com\/tunisie\/2024\/10\/14\/lagora-marsa-djerba-avant-premiere-exclusive-du-film-monsieur-aznavour\/#primaryimage\",\"url\":\"https:\/\/kapitalis.com\/tunisie\/wp-content\/uploads\/2024\/10\/Monsieur-Aznavour.jpg\",\"contentUrl\":\"https:\/\/kapitalis.com\/tunisie\/wp-content\/uploads\/2024\/10\/Monsieur-Aznavour.jpg\",\"width\":1200,\"height\":630},{\"@type\":\"BreadcrumbList\",\"@id\":\"https:\/\/kapitalis.com\/tunisie\/2024\/10\/14\/lagora-marsa-djerba-avant-premiere-exclusive-du-film-monsieur-aznavour\/#breadcrumb\",\"itemListElement\":[{\"@type\":\"ListItem\",\"position\":1,\"name\":\"Accueil\",\"item\":\"https:\/\/kapitalis.com\/tunisie\/\"},{\"@type\":\"ListItem\",\"position\":2,\"name\":\"L&rsquo;Agora Marsa &#038; Djerba : Avant-premi\u00e8re exclusive du film \u00ab\u00a0Monsieur Aznavour\u00a0\u00bb\"}]},{\"@type\":\"WebSite\",\"@id\":\"https:\/\/kapitalis.com\/tunisie\/#website\",\"url\":\"https:\/\/kapitalis.com\/tunisie\/\",\"name\":\"Kapitalis\",\"description\":\"L&#039;actualit\u00e9 en Tunisie et dans le monde\",\"publisher\":{\"@id\":\"https:\/\/kapitalis.com\/tunisie\/#organization\"},\"potentialAction\":[{\"@type\":\"SearchAction\",\"target\":{\"@type\":\"EntryPoint\",\"urlTemplate\":\"https:\/\/kapitalis.com\/tunisie\/?s={search_term_string}\"},\"query-input\":{\"@type\":\"PropertyValueSpecification\",\"valueRequired\":true,\"valueName\":\"search_term_string\"}}],\"inLanguage\":\"fr-FR\"},{\"@type\":\"Organization\",\"@id\":\"https:\/\/kapitalis.com\/tunisie\/#organization\",\"name\":\"Kapitalis\",\"url\":\"https:\/\/kapitalis.com\/tunisie\/\",\"logo\":{\"@type\":\"ImageObject\",\"inLanguage\":\"fr-FR\",\"@id\":\"https:\/\/kapitalis.com\/tunisie\/#\/schema\/logo\/image\/\",\"url\":\"https:\/\/kapitalis.com\/tunisie\/wp-content\/uploads\/2022\/05\/Kapitalis-big-size.png\",\"contentUrl\":\"https:\/\/kapitalis.com\/tunisie\/wp-content\/uploads\/2022\/05\/Kapitalis-big-size.png\",\"width\":5000,\"height\":1500,\"caption\":\"Kapitalis\"},\"image\":{\"@id\":\"https:\/\/kapitalis.com\/tunisie\/#\/schema\/logo\/image\/\"},\"sameAs\":[\"https:\/\/www.facebook.com\/KapitalisInfo\/\",\"https:\/\/x.com\/KapitalisInfo\",\"https:\/\/www.youtube.com\/channel\/UC-yDYrHyfFBWWZaOw3FPg9Q\"]},{\"@type\":\"Person\",\"@id\":\"https:\/\/kapitalis.com\/tunisie\/#\/schema\/person\/74bbde0154d49d790a92aaeac5bc01d5\",\"name\":\"Yusra NY\",\"url\":\"https:\/\/kapitalis.com\/tunisie\/author\/yuza_adam\/\"}]}<\/script>\n<!-- \/ Yoast SEO plugin. -->","yoast_head_json":{"title":"L'Agora Marsa & Djerba : Avant-premi\u00e8re exclusive du film \"Monsieur Aznavour\" - Kapitalis","robots":{"index":"index","follow":"follow","max-snippet":"max-snippet:-1","max-image-preview":"max-image-preview:large","max-video-preview":"max-video-preview:-1"},"canonical":"https:\/\/kapitalis.com\/tunisie\/2024\/10\/14\/lagora-marsa-djerba-avant-premiere-exclusive-du-film-monsieur-aznavour\/","og_locale":"fr_FR","og_type":"article","og_title":"L'Agora Marsa & Djerba : Avant-premi\u00e8re exclusive du film \"Monsieur Aznavour\" - Kapitalis","og_description":"Le film \u00ab\u00a0Monsieur Aznavour\u00a0\u00bb r\u00e9alis\u00e9 par Grand Corps Malade et Mehdi Idir sera projet\u00e9 en avant-premi\u00e8re exclusive le 16 octobre 2024 \u00e0 l&rsquo;Agora Marsa &amp; Djerba.","og_url":"https:\/\/kapitalis.com\/tunisie\/2024\/10\/14\/lagora-marsa-djerba-avant-premiere-exclusive-du-film-monsieur-aznavour\/","og_site_name":"Kapitalis","article_publisher":"https:\/\/www.facebook.com\/KapitalisInfo\/","article_published_time":"2024-10-14T17:09:13+00:00","article_modified_time":"2024-10-14T18:13:09+00:00","og_image":[{"width":1200,"height":630,"url":"https:\/\/kapitalis.com\/tunisie\/wp-content\/uploads\/2024\/10\/Monsieur-Aznavour.jpg","type":"image\/jpeg"}],"author":"Yusra NY","twitter_card":"summary_large_image","twitter_creator":"@KapitalisInfo","twitter_site":"@KapitalisInfo","twitter_misc":{"\u00c9crit par":"Yusra NY","Dur\u00e9e de lecture estim\u00e9e":"2 minutes"},"schema":{"@context":"https:\/\/schema.org","@graph":[{"@type":"Article","@id":"https:\/\/kapitalis.com\/tunisie\/2024\/10\/14\/lagora-marsa-djerba-avant-premiere-exclusive-du-film-monsieur-aznavour\/#article","isPartOf":{"@id":"https:\/\/kapitalis.com\/tunisie\/2024\/10\/14\/lagora-marsa-djerba-avant-premiere-exclusive-du-film-monsieur-aznavour\/"},"author":{"name":"Yusra NY","@id":"https:\/\/kapitalis.com\/tunisie\/#\/schema\/person\/74bbde0154d49d790a92aaeac5bc01d5"},"headline":"L&rsquo;Agora Marsa &#038; Djerba : Avant-premi\u00e8re exclusive du film \u00ab\u00a0Monsieur Aznavour\u00a0\u00bb","datePublished":"2024-10-14T17:09:13+00:00","dateModified":"2024-10-14T18:13:09+00:00","mainEntityOfPage":{"@id":"https:\/\/kapitalis.com\/tunisie\/2024\/10\/14\/lagora-marsa-djerba-avant-premiere-exclusive-du-film-monsieur-aznavour\/"},"wordCount":214,"commentCount":0,"publisher":{"@id":"https:\/\/kapitalis.com\/tunisie\/#organization"},"image":{"@id":"https:\/\/kapitalis.com\/tunisie\/2024\/10\/14\/lagora-marsa-djerba-avant-premiere-exclusive-du-film-monsieur-aznavour\/#primaryimage"},"thumbnailUrl":"https:\/\/kapitalis.com\/tunisie\/wp-content\/uploads\/2024\/10\/Monsieur-Aznavour.jpg","keywords":["Grand Corps Malade","Monsieur Aznavour","Tunisie"],"articleSection":["CULTURE","Tunisie"],"inLanguage":"fr-FR","potentialAction":[{"@type":"CommentAction","name":"Comment","target":["https:\/\/kapitalis.com\/tunisie\/2024\/10\/14\/lagora-marsa-djerba-avant-premiere-exclusive-du-film-monsieur-aznavour\/#respond"]}]},{"@type":"WebPage","@id":"https:\/\/kapitalis.com\/tunisie\/2024\/10\/14\/lagora-marsa-djerba-avant-premiere-exclusive-du-film-monsieur-aznavour\/","url":"https:\/\/kapitalis.com\/tunisie\/2024\/10\/14\/lagora-marsa-djerba-avant-premiere-exclusive-du-film-monsieur-aznavour\/","name":"L'Agora Marsa & Djerba : Avant-premi\u00e8re exclusive du film \"Monsieur Aznavour\" - Kapitalis","isPartOf":{"@id":"https:\/\/kapitalis.com\/tunisie\/#website"},"primaryImageOfPage":{"@id":"https:\/\/kapitalis.com\/tunisie\/2024\/10\/14\/lagora-marsa-djerba-avant-premiere-exclusive-du-film-monsieur-aznavour\/#primaryimage"},"image":{"@id":"https:\/\/kapitalis.com\/tunisie\/2024\/10\/14\/lagora-marsa-djerba-avant-premiere-exclusive-du-film-monsieur-aznavour\/#primaryimage"},"thumbnailUrl":"https:\/\/kapitalis.com\/tunisie\/wp-content\/uploads\/2024\/10\/Monsieur-Aznavour.jpg","datePublished":"2024-10-14T17:09:13+00:00","dateModified":"2024-10-14T18:13:09+00:00","breadcrumb":{"@id":"https:\/\/kapitalis.com\/tunisie\/2024\/10\/14\/lagora-marsa-djerba-avant-premiere-exclusive-du-film-monsieur-aznavour\/#breadcrumb"},"inLanguage":"fr-FR","potentialAction":[{"@type":"ReadAction","target":["https:\/\/kapitalis.com\/tunisie\/2024\/10\/14\/lagora-marsa-djerba-avant-premiere-exclusive-du-film-monsieur-aznavour\/"]}]},{"@type":"ImageObject","inLanguage":"fr-FR","@id":"https:\/\/kapitalis.com\/tunisie\/2024\/10\/14\/lagora-marsa-djerba-avant-premiere-exclusive-du-film-monsieur-aznavour\/#primaryimage","url":"https:\/\/kapitalis.com\/tunisie\/wp-content\/uploads\/2024\/10\/Monsieur-Aznavour.jpg","contentUrl":"https:\/\/kapitalis.com\/tunisie\/wp-content\/uploads\/2024\/10\/Monsieur-Aznavour.jpg","width":1200,"height":630},{"@type":"BreadcrumbList","@id":"https:\/\/kapitalis.com\/tunisie\/2024\/10\/14\/lagora-marsa-djerba-avant-premiere-exclusive-du-film-monsieur-aznavour\/#breadcrumb","itemListElement":[{"@type":"ListItem","position":1,"name":"Accueil","item":"https:\/\/kapitalis.com\/tunisie\/"},{"@type":"ListItem","position":2,"name":"L&rsquo;Agora Marsa &#038; Djerba : Avant-premi\u00e8re exclusive du film \u00ab\u00a0Monsieur Aznavour\u00a0\u00bb"}]},{"@type":"WebSite","@id":"https:\/\/kapitalis.com\/tunisie\/#website","url":"https:\/\/kapitalis.com\/tunisie\/","name":"Kapitalis","description":"L&#039;actualit\u00e9 en Tunisie et dans le monde","publisher":{"@id":"https:\/\/kapitalis.com\/tunisie\/#organization"},"potentialAction":[{"@type":"SearchAction","target":{"@type":"EntryPoint","urlTemplate":"https:\/\/kapitalis.com\/tunisie\/?s={search_term_string}"},"query-input":{"@type":"PropertyValueSpecification","valueRequired":true,"valueName":"search_term_string"}}],"inLanguage":"fr-FR"},{"@type":"Organization","@id":"https:\/\/kapitalis.com\/tunisie\/#organization","name":"Kapitalis","url":"https:\/\/kapitalis.com\/tunisie\/","logo":{"@type":"ImageObject","inLanguage":"fr-FR","@id":"https:\/\/kapitalis.com\/tunisie\/#\/schema\/logo\/image\/","url":"https:\/\/kapitalis.com\/tunisie\/wp-content\/uploads\/2022\/05\/Kapitalis-big-size.png","contentUrl":"https:\/\/kapitalis.com\/tunisie\/wp-content\/uploads\/2022\/05\/Kapitalis-big-size.png","width":5000,"height":1500,"caption":"Kapitalis"},"image":{"@id":"https:\/\/kapitalis.com\/tunisie\/#\/schema\/logo\/image\/"},"sameAs":["https:\/\/www.facebook.com\/KapitalisInfo\/","https:\/\/x.com\/KapitalisInfo","https:\/\/www.youtube.com\/channel\/UC-yDYrHyfFBWWZaOw3FPg9Q"]},{"@type":"Person","@id":"https:\/\/kapitalis.com\/tunisie\/#\/schema\/person\/74bbde0154d49d790a92aaeac5bc01d5","name":"Yusra NY","url":"https:\/\/kapitalis.com\/tunisie\/author\/yuza_adam\/"}]}},"_links":{"self":[{"href":"https:\/\/kapitalis.com\/tunisie\/wp-json\/wp\/v2\/posts\/14219249","targetHints":{"allow":["GET"]}}],"collection":[{"href":"https:\/\/kapitalis.com\/tunisie\/wp-json\/wp\/v2\/posts"}],"about":[{"href":"https:\/\/kapitalis.com\/tunisie\/wp-json\/wp\/v2\/types\/post"}],"author":[{"embeddable":true,"href":"https:\/\/kapitalis.com\/tunisie\/wp-json\/wp\/v2\/users\/6"}],"replies":[{"embeddable":true,"href":"https:\/\/kapitalis.com\/tunisie\/wp-json\/wp\/v2\/comments?post=14219249"}],"version-history":[{"count":1,"href":"https:\/\/kapitalis.com\/tunisie\/wp-json\/wp\/v2\/posts\/14219249\/revisions"}],"predecessor-version":[{"id":14219303,"href":"https:\/\/kapitalis.com\/tunisie\/wp-json\/wp\/v2\/posts\/14219249\/revisions\/14219303"}],"wp:featuredmedia":[{"embeddable":true,"href":"https:\/\/kapitalis.com\/tunisie\/wp-json\/wp\/v2\/media\/14219301"}],"wp:attachment":[{"href":"https:\/\/kapitalis.com\/tunisie\/wp-json\/wp\/v2\/media?parent=14219249"}],"wp:term":[{"taxonomy":"category","embeddable":true,"href":"https:\/\/kapitalis.com\/tunisie\/wp-json\/wp\/v2\/categories?post=14219249"},{"taxonomy":"post_tag","embeddable":true,"href":"https:\/\/kapitalis.com\/tunisie\/wp-json\/wp\/v2\/tags?post=14219249"}],"curies":[{"name":"wp","href":"https:\/\/api.w.org\/{rel}","templated":true}]}}