{"id":14224165,"date":"2024-10-15T12:13:57","date_gmt":"2024-10-15T11:13:57","guid":{"rendered":"https:\/\/kapitalis.com\/tunisie\/?p=14224165"},"modified":"2024-10-15T12:13:58","modified_gmt":"2024-10-15T11:13:58","slug":"turk-appelle-la-tunisie-a-respecter-letat-de-droit","status":"publish","type":"post","link":"https:\/\/kapitalis.com\/tunisie\/2024\/10\/15\/turk-appelle-la-tunisie-a-respecter-letat-de-droit\/","title":{"rendered":"T\u00fcrk appelle la Tunisie \u00e0 respecter l\u2019Etat de droit"},"content":{"rendered":"\n<p><strong><em>Dans le communiqu\u00e9 reproduit ci-dessous, publi\u00e9 mardi 15 octobre 2024 \u00e0 Gen\u00e8ve, le Haut-Commissaire des Nations Unies aux droits de l\u2019homme Volker T\u00fcrk a appel\u00e9 les autorit\u00e9s tunisiennes \u00ab\u00e0 prot\u00e9ger les processus d\u00e9mocratiques du pays et \u00e0 d\u00e9fendre les libert\u00e9s fondamentales apr\u00e8s une campagne pr\u00e9sidentielle marqu\u00e9e par la r\u00e9pression de l\u2019opposition, des militants ind\u00e9pendants et des journalistes\u00bb.<\/em><\/strong><\/p>\n\n\n\n<!--more-->\n\n\n\n<p>Dans les semaines pr\u00e9c\u00e9dant les \u00e9lections, plus d\u2019une centaine de candidats potentiels, de membres de leurs campagnes et d\u2019autres personnalit\u00e9s politiques ont \u00e9t\u00e9 arr\u00eat\u00e9s pour divers motifs allant de la falsification de documents \u00e9lectoraux \u00e0 des accusations li\u00e9es \u00e0 la s\u00e9curit\u00e9 nationale.<\/p>\n\n\n\n<p>Sur les 17&nbsp;candidats potentiels, l\u2019Instance sup\u00e9rieure ind\u00e9pendante pour les \u00e9lections n\u2019en a accept\u00e9 que trois.&nbsp;Plusieurs candidats ont \u00e9t\u00e9 arr\u00eat\u00e9s et condamn\u00e9s \u00e0 de lourdes peines de prison pour divers motifs, dont la falsification de parrainages.<\/p>\n\n\n\n<p><em>\u00abCes affaires sont pr\u00e9occupantes.&nbsp;Leurs proc\u00e8s t\u00e9moignent d\u2019un manque de respect pour les garanties d\u2019une proc\u00e9dure r\u00e9guli\u00e8re et d\u2019un proc\u00e8s \u00e9quitable\u00bb<\/em>, a affirm\u00e9 le Haut-Commissaire.<\/p>\n\n\n\n<p>Par ailleurs, le 2&nbsp;septembre dernier, l\u2019Instance sup\u00e9rieure ind\u00e9pendante pour les \u00e9lections a refus\u00e9 d\u2019appliquer une d\u00e9cision du Tribunal administratif ordonnant la r\u00e9admission de trois candidats exclus.&nbsp;<\/p>\n\n\n\n<p>Par la suite, lors d\u2019une session extraordinaire tenue quelques jours avant les \u00e9lections, le Parlement a adopt\u00e9 une loi soustrayant les litiges \u00e9lectoraux \u00e0 la comp\u00e9tence du Tribunal administratif.&nbsp;<\/p>\n\n\n\n<p><em>\u00abLe rejet d\u2019une d\u00e9cision de justice juridiquement contraignante est en contradiction avec le respect fondamental de l\u2019Etat de droit\u00bb<\/em>, a \u00e9nonc\u00e9 M.&nbsp;T\u00fcrk.<\/p>\n\n\n\n<p>Cette situation s\u2019inscrit dans un contexte de pressions de plus en plus fortes exerc\u00e9es sur la soci\u00e9t\u00e9 civile au cours de l\u2019ann\u00e9e \u00e9coul\u00e9e, durant laquelle de nombreux journalistes, d\u00e9fenseurs des droits humains et opposants politiques ont \u00e9t\u00e9 pris pour cibles, de m\u00eame que des juges et des avocats.&nbsp;<\/p>\n\n\n\n<p><em>\u00abDepuis&nbsp;2011, la Tunisie a \u00e9t\u00e9 pionni\u00e8re dans les efforts visant \u00e0 garantir la responsabilit\u00e9 et la r\u00e9paration des atteintes pass\u00e9s, notamment par le travail de l\u2019Instance v\u00e9rit\u00e9 et dignit\u00e9\u00bb<\/em>, a d\u00e9clar\u00e9 le Haut-Commissaire.&nbsp;<em>\u00abMalheureusement, plusieurs de ces acquis ont \u00e9t\u00e9 perdus, comme en t\u00e9moigne l\u2019arrestation r\u00e9cente de l\u2019ancien chef de l\u2019Instance\u00bb<\/em>, a-t-il ajout\u00e9.<\/p>\n\n\n\n<p><em>\u00abJe demande instamment \u00e0 la Tunisie de s\u2019engager \u00e0 nouveau en faveur de la justice transitionnelle dans l\u2019int\u00e9r\u00eat des victimes et d\u2019entreprendre les r\u00e9formes indispensables pour renforcer l\u2019\u00e9tat de droit, conform\u00e9ment au droit international des droits humains, notamment en ce qui concerne les libert\u00e9s d\u2019expression, de r\u00e9union et d\u2019association\u00bb, <\/em>a d\u00e9clar\u00e9 T\u00fcrk. <em>\u00abJ\u2019appelle \u00e9galement \u00e0 la lib\u00e9ration de toutes les personnes d\u00e9tenues arbitrairement\u00bb<\/em>, a-t-il ajout\u00e9.<\/p>\n\n\n\n<p><strong><em>Communiqu\u00e9. \u00a0<\/em><\/strong><\/p>\n","protected":false},"excerpt":{"rendered":"<p>Volker T\u00fcrk a appel\u00e9 les autorit\u00e9s tunisiennes \u00ab\u00e0 prot\u00e9ger les processus d\u00e9mocratiques du pays et \u00e0 d\u00e9fendre les libert\u00e9s fondamentales. <\/p>\n","protected":false},"author":8,"featured_media":6477457,"comment_status":"open","ping_status":"open","sticky":false,"template":"","format":"standard","meta":{"footnotes":""},"categories":[997,2433],"tags":[63229,101357,8698,118399,4013,1772,62643,106622],"class_list":["post-14224165","post","type-post","status-publish","format-standard","has-post-thumbnail","hentry","category-politique","category-tunisie","tag-election-presidentielle","tag-etat-de-droit","tag-liberte-dexpression","tag-libertes-fondamentales","tag-nations-unies","tag-tribunal-administratif","tag-tunisie","tag-volker-turk"],"yoast_head":"<!-- This site is optimized with the Yoast SEO plugin v26.6 - https:\/\/yoast.com\/wordpress\/plugins\/seo\/ -->\n<title>T\u00fcrk appelle la Tunisie \u00e0 respecter l\u2019Etat de droit - Kapitalis<\/title>\n<meta name=\"robots\" content=\"index, follow, max-snippet:-1, max-image-preview:large, max-video-preview:-1\" \/>\n<link rel=\"canonical\" href=\"https:\/\/kapitalis.com\/tunisie\/2024\/10\/15\/turk-appelle-la-tunisie-a-respecter-letat-de-droit\/\" \/>\n<meta property=\"og:locale\" content=\"fr_FR\" \/>\n<meta property=\"og:type\" content=\"article\" \/>\n<meta property=\"og:title\" content=\"T\u00fcrk appelle la Tunisie \u00e0 respecter l\u2019Etat de droit - Kapitalis\" \/>\n<meta property=\"og:description\" content=\"Volker T\u00fcrk a appel\u00e9 les autorit\u00e9s tunisiennes \u00ab\u00e0 prot\u00e9ger les processus d\u00e9mocratiques du pays et \u00e0 d\u00e9fendre les libert\u00e9s fondamentales.\" \/>\n<meta property=\"og:url\" content=\"https:\/\/kapitalis.com\/tunisie\/2024\/10\/15\/turk-appelle-la-tunisie-a-respecter-letat-de-droit\/\" \/>\n<meta property=\"og:site_name\" content=\"Kapitalis\" \/>\n<meta property=\"article:publisher\" content=\"https:\/\/www.facebook.com\/KapitalisInfo\/\" \/>\n<meta property=\"article:published_time\" content=\"2024-10-15T11:13:57+00:00\" \/>\n<meta property=\"article:modified_time\" content=\"2024-10-15T11:13:58+00:00\" \/>\n<meta property=\"og:image\" content=\"https:\/\/kapitalis.com\/tunisie\/wp-content\/uploads\/2023\/02\/Volker-Turk.jpg\" \/>\n\t<meta property=\"og:image:width\" content=\"1200\" \/>\n\t<meta property=\"og:image:height\" content=\"630\" \/>\n\t<meta property=\"og:image:type\" content=\"image\/jpeg\" \/>\n<meta name=\"author\" content=\"webmaster kapitalis\" \/>\n<meta name=\"twitter:card\" content=\"summary_large_image\" \/>\n<meta name=\"twitter:creator\" content=\"@KapitalisInfo\" \/>\n<meta name=\"twitter:site\" content=\"@KapitalisInfo\" \/>\n<meta name=\"twitter:label1\" content=\"\u00c9crit par\" \/>\n\t<meta name=\"twitter:data1\" content=\"webmaster kapitalis\" \/>\n\t<meta name=\"twitter:label2\" content=\"Dur\u00e9e de lecture estim\u00e9e\" \/>\n\t<meta name=\"twitter:data2\" content=\"3 minutes\" \/>\n<script type=\"application\/ld+json\" class=\"yoast-schema-graph\">{\"@context\":\"https:\/\/schema.org\",\"@graph\":[{\"@type\":\"Article\",\"@id\":\"https:\/\/kapitalis.com\/tunisie\/2024\/10\/15\/turk-appelle-la-tunisie-a-respecter-letat-de-droit\/#article\",\"isPartOf\":{\"@id\":\"https:\/\/kapitalis.com\/tunisie\/2024\/10\/15\/turk-appelle-la-tunisie-a-respecter-letat-de-droit\/\"},\"author\":{\"name\":\"webmaster kapitalis\",\"@id\":\"https:\/\/kapitalis.com\/tunisie\/#\/schema\/person\/d71f33a9ca44f7bad4698210b480c8e9\"},\"headline\":\"T\u00fcrk appelle la Tunisie \u00e0 respecter l\u2019Etat de droit\",\"datePublished\":\"2024-10-15T11:13:57+00:00\",\"dateModified\":\"2024-10-15T11:13:58+00:00\",\"mainEntityOfPage\":{\"@id\":\"https:\/\/kapitalis.com\/tunisie\/2024\/10\/15\/turk-appelle-la-tunisie-a-respecter-letat-de-droit\/\"},\"wordCount\":500,\"commentCount\":4,\"publisher\":{\"@id\":\"https:\/\/kapitalis.com\/tunisie\/#organization\"},\"image\":{\"@id\":\"https:\/\/kapitalis.com\/tunisie\/2024\/10\/15\/turk-appelle-la-tunisie-a-respecter-letat-de-droit\/#primaryimage\"},\"thumbnailUrl\":\"https:\/\/kapitalis.com\/tunisie\/wp-content\/uploads\/2023\/02\/Volker-Turk.jpg\",\"keywords\":[\"\u00e9lection pr\u00e9sidentielle\",\"\u00c9tat de droit\",\"libert\u00e9 d'expression\",\"libert\u00e9s fondamentales\",\"Nations unies\",\"tribunal administratif\",\"Tunisie\",\"Volker T\u00fcrk\"],\"articleSection\":[\"POLITIQUE\",\"Tunisie\"],\"inLanguage\":\"fr-FR\",\"potentialAction\":[{\"@type\":\"CommentAction\",\"name\":\"Comment\",\"target\":[\"https:\/\/kapitalis.com\/tunisie\/2024\/10\/15\/turk-appelle-la-tunisie-a-respecter-letat-de-droit\/#respond\"]}]},{\"@type\":\"WebPage\",\"@id\":\"https:\/\/kapitalis.com\/tunisie\/2024\/10\/15\/turk-appelle-la-tunisie-a-respecter-letat-de-droit\/\",\"url\":\"https:\/\/kapitalis.com\/tunisie\/2024\/10\/15\/turk-appelle-la-tunisie-a-respecter-letat-de-droit\/\",\"name\":\"T\u00fcrk appelle la Tunisie \u00e0 respecter l\u2019Etat de droit - Kapitalis\",\"isPartOf\":{\"@id\":\"https:\/\/kapitalis.com\/tunisie\/#website\"},\"primaryImageOfPage\":{\"@id\":\"https:\/\/kapitalis.com\/tunisie\/2024\/10\/15\/turk-appelle-la-tunisie-a-respecter-letat-de-droit\/#primaryimage\"},\"image\":{\"@id\":\"https:\/\/kapitalis.com\/tunisie\/2024\/10\/15\/turk-appelle-la-tunisie-a-respecter-letat-de-droit\/#primaryimage\"},\"thumbnailUrl\":\"https:\/\/kapitalis.com\/tunisie\/wp-content\/uploads\/2023\/02\/Volker-Turk.jpg\",\"datePublished\":\"2024-10-15T11:13:57+00:00\",\"dateModified\":\"2024-10-15T11:13:58+00:00\",\"breadcrumb\":{\"@id\":\"https:\/\/kapitalis.com\/tunisie\/2024\/10\/15\/turk-appelle-la-tunisie-a-respecter-letat-de-droit\/#breadcrumb\"},\"inLanguage\":\"fr-FR\",\"potentialAction\":[{\"@type\":\"ReadAction\",\"target\":[\"https:\/\/kapitalis.com\/tunisie\/2024\/10\/15\/turk-appelle-la-tunisie-a-respecter-letat-de-droit\/\"]}]},{\"@type\":\"ImageObject\",\"inLanguage\":\"fr-FR\",\"@id\":\"https:\/\/kapitalis.com\/tunisie\/2024\/10\/15\/turk-appelle-la-tunisie-a-respecter-letat-de-droit\/#primaryimage\",\"url\":\"https:\/\/kapitalis.com\/tunisie\/wp-content\/uploads\/2023\/02\/Volker-Turk.jpg\",\"contentUrl\":\"https:\/\/kapitalis.com\/tunisie\/wp-content\/uploads\/2023\/02\/Volker-Turk.jpg\",\"width\":1200,\"height\":630},{\"@type\":\"BreadcrumbList\",\"@id\":\"https:\/\/kapitalis.com\/tunisie\/2024\/10\/15\/turk-appelle-la-tunisie-a-respecter-letat-de-droit\/#breadcrumb\",\"itemListElement\":[{\"@type\":\"ListItem\",\"position\":1,\"name\":\"Accueil\",\"item\":\"https:\/\/kapitalis.com\/tunisie\/\"},{\"@type\":\"ListItem\",\"position\":2,\"name\":\"T\u00fcrk appelle la Tunisie \u00e0 respecter l\u2019Etat de droit\"}]},{\"@type\":\"WebSite\",\"@id\":\"https:\/\/kapitalis.com\/tunisie\/#website\",\"url\":\"https:\/\/kapitalis.com\/tunisie\/\",\"name\":\"Kapitalis\",\"description\":\"L&#039;actualit\u00e9 en Tunisie et dans le monde\",\"publisher\":{\"@id\":\"https:\/\/kapitalis.com\/tunisie\/#organization\"},\"potentialAction\":[{\"@type\":\"SearchAction\",\"target\":{\"@type\":\"EntryPoint\",\"urlTemplate\":\"https:\/\/kapitalis.com\/tunisie\/?s={search_term_string}\"},\"query-input\":{\"@type\":\"PropertyValueSpecification\",\"valueRequired\":true,\"valueName\":\"search_term_string\"}}],\"inLanguage\":\"fr-FR\"},{\"@type\":\"Organization\",\"@id\":\"https:\/\/kapitalis.com\/tunisie\/#organization\",\"name\":\"Kapitalis\",\"url\":\"https:\/\/kapitalis.com\/tunisie\/\",\"logo\":{\"@type\":\"ImageObject\",\"inLanguage\":\"fr-FR\",\"@id\":\"https:\/\/kapitalis.com\/tunisie\/#\/schema\/logo\/image\/\",\"url\":\"https:\/\/kapitalis.com\/tunisie\/wp-content\/uploads\/2022\/05\/Kapitalis-big-size.png\",\"contentUrl\":\"https:\/\/kapitalis.com\/tunisie\/wp-content\/uploads\/2022\/05\/Kapitalis-big-size.png\",\"width\":5000,\"height\":1500,\"caption\":\"Kapitalis\"},\"image\":{\"@id\":\"https:\/\/kapitalis.com\/tunisie\/#\/schema\/logo\/image\/\"},\"sameAs\":[\"https:\/\/www.facebook.com\/KapitalisInfo\/\",\"https:\/\/x.com\/KapitalisInfo\",\"https:\/\/www.youtube.com\/channel\/UC-yDYrHyfFBWWZaOw3FPg9Q\"]},{\"@type\":\"Person\",\"@id\":\"https:\/\/kapitalis.com\/tunisie\/#\/schema\/person\/d71f33a9ca44f7bad4698210b480c8e9\",\"name\":\"webmaster kapitalis\",\"url\":\"https:\/\/kapitalis.com\/tunisie\/author\/webmaster-kapitalis\/\"}]}<\/script>\n<!-- \/ Yoast SEO plugin. -->","yoast_head_json":{"title":"T\u00fcrk appelle la Tunisie \u00e0 respecter l\u2019Etat de droit - Kapitalis","robots":{"index":"index","follow":"follow","max-snippet":"max-snippet:-1","max-image-preview":"max-image-preview:large","max-video-preview":"max-video-preview:-1"},"canonical":"https:\/\/kapitalis.com\/tunisie\/2024\/10\/15\/turk-appelle-la-tunisie-a-respecter-letat-de-droit\/","og_locale":"fr_FR","og_type":"article","og_title":"T\u00fcrk appelle la Tunisie \u00e0 respecter l\u2019Etat de droit - Kapitalis","og_description":"Volker T\u00fcrk a appel\u00e9 les autorit\u00e9s tunisiennes \u00ab\u00e0 prot\u00e9ger les processus d\u00e9mocratiques du pays et \u00e0 d\u00e9fendre les libert\u00e9s fondamentales.","og_url":"https:\/\/kapitalis.com\/tunisie\/2024\/10\/15\/turk-appelle-la-tunisie-a-respecter-letat-de-droit\/","og_site_name":"Kapitalis","article_publisher":"https:\/\/www.facebook.com\/KapitalisInfo\/","article_published_time":"2024-10-15T11:13:57+00:00","article_modified_time":"2024-10-15T11:13:58+00:00","og_image":[{"width":1200,"height":630,"url":"https:\/\/kapitalis.com\/tunisie\/wp-content\/uploads\/2023\/02\/Volker-Turk.jpg","type":"image\/jpeg"}],"author":"webmaster kapitalis","twitter_card":"summary_large_image","twitter_creator":"@KapitalisInfo","twitter_site":"@KapitalisInfo","twitter_misc":{"\u00c9crit par":"webmaster kapitalis","Dur\u00e9e de lecture estim\u00e9e":"3 minutes"},"schema":{"@context":"https:\/\/schema.org","@graph":[{"@type":"Article","@id":"https:\/\/kapitalis.com\/tunisie\/2024\/10\/15\/turk-appelle-la-tunisie-a-respecter-letat-de-droit\/#article","isPartOf":{"@id":"https:\/\/kapitalis.com\/tunisie\/2024\/10\/15\/turk-appelle-la-tunisie-a-respecter-letat-de-droit\/"},"author":{"name":"webmaster kapitalis","@id":"https:\/\/kapitalis.com\/tunisie\/#\/schema\/person\/d71f33a9ca44f7bad4698210b480c8e9"},"headline":"T\u00fcrk appelle la Tunisie \u00e0 respecter l\u2019Etat de droit","datePublished":"2024-10-15T11:13:57+00:00","dateModified":"2024-10-15T11:13:58+00:00","mainEntityOfPage":{"@id":"https:\/\/kapitalis.com\/tunisie\/2024\/10\/15\/turk-appelle-la-tunisie-a-respecter-letat-de-droit\/"},"wordCount":500,"commentCount":4,"publisher":{"@id":"https:\/\/kapitalis.com\/tunisie\/#organization"},"image":{"@id":"https:\/\/kapitalis.com\/tunisie\/2024\/10\/15\/turk-appelle-la-tunisie-a-respecter-letat-de-droit\/#primaryimage"},"thumbnailUrl":"https:\/\/kapitalis.com\/tunisie\/wp-content\/uploads\/2023\/02\/Volker-Turk.jpg","keywords":["\u00e9lection pr\u00e9sidentielle","\u00c9tat de droit","libert\u00e9 d'expression","libert\u00e9s fondamentales","Nations unies","tribunal administratif","Tunisie","Volker T\u00fcrk"],"articleSection":["POLITIQUE","Tunisie"],"inLanguage":"fr-FR","potentialAction":[{"@type":"CommentAction","name":"Comment","target":["https:\/\/kapitalis.com\/tunisie\/2024\/10\/15\/turk-appelle-la-tunisie-a-respecter-letat-de-droit\/#respond"]}]},{"@type":"WebPage","@id":"https:\/\/kapitalis.com\/tunisie\/2024\/10\/15\/turk-appelle-la-tunisie-a-respecter-letat-de-droit\/","url":"https:\/\/kapitalis.com\/tunisie\/2024\/10\/15\/turk-appelle-la-tunisie-a-respecter-letat-de-droit\/","name":"T\u00fcrk appelle la Tunisie \u00e0 respecter l\u2019Etat de droit - Kapitalis","isPartOf":{"@id":"https:\/\/kapitalis.com\/tunisie\/#website"},"primaryImageOfPage":{"@id":"https:\/\/kapitalis.com\/tunisie\/2024\/10\/15\/turk-appelle-la-tunisie-a-respecter-letat-de-droit\/#primaryimage"},"image":{"@id":"https:\/\/kapitalis.com\/tunisie\/2024\/10\/15\/turk-appelle-la-tunisie-a-respecter-letat-de-droit\/#primaryimage"},"thumbnailUrl":"https:\/\/kapitalis.com\/tunisie\/wp-content\/uploads\/2023\/02\/Volker-Turk.jpg","datePublished":"2024-10-15T11:13:57+00:00","dateModified":"2024-10-15T11:13:58+00:00","breadcrumb":{"@id":"https:\/\/kapitalis.com\/tunisie\/2024\/10\/15\/turk-appelle-la-tunisie-a-respecter-letat-de-droit\/#breadcrumb"},"inLanguage":"fr-FR","potentialAction":[{"@type":"ReadAction","target":["https:\/\/kapitalis.com\/tunisie\/2024\/10\/15\/turk-appelle-la-tunisie-a-respecter-letat-de-droit\/"]}]},{"@type":"ImageObject","inLanguage":"fr-FR","@id":"https:\/\/kapitalis.com\/tunisie\/2024\/10\/15\/turk-appelle-la-tunisie-a-respecter-letat-de-droit\/#primaryimage","url":"https:\/\/kapitalis.com\/tunisie\/wp-content\/uploads\/2023\/02\/Volker-Turk.jpg","contentUrl":"https:\/\/kapitalis.com\/tunisie\/wp-content\/uploads\/2023\/02\/Volker-Turk.jpg","width":1200,"height":630},{"@type":"BreadcrumbList","@id":"https:\/\/kapitalis.com\/tunisie\/2024\/10\/15\/turk-appelle-la-tunisie-a-respecter-letat-de-droit\/#breadcrumb","itemListElement":[{"@type":"ListItem","position":1,"name":"Accueil","item":"https:\/\/kapitalis.com\/tunisie\/"},{"@type":"ListItem","position":2,"name":"T\u00fcrk appelle la Tunisie \u00e0 respecter l\u2019Etat de droit"}]},{"@type":"WebSite","@id":"https:\/\/kapitalis.com\/tunisie\/#website","url":"https:\/\/kapitalis.com\/tunisie\/","name":"Kapitalis","description":"L&#039;actualit\u00e9 en Tunisie et dans le monde","publisher":{"@id":"https:\/\/kapitalis.com\/tunisie\/#organization"},"potentialAction":[{"@type":"SearchAction","target":{"@type":"EntryPoint","urlTemplate":"https:\/\/kapitalis.com\/tunisie\/?s={search_term_string}"},"query-input":{"@type":"PropertyValueSpecification","valueRequired":true,"valueName":"search_term_string"}}],"inLanguage":"fr-FR"},{"@type":"Organization","@id":"https:\/\/kapitalis.com\/tunisie\/#organization","name":"Kapitalis","url":"https:\/\/kapitalis.com\/tunisie\/","logo":{"@type":"ImageObject","inLanguage":"fr-FR","@id":"https:\/\/kapitalis.com\/tunisie\/#\/schema\/logo\/image\/","url":"https:\/\/kapitalis.com\/tunisie\/wp-content\/uploads\/2022\/05\/Kapitalis-big-size.png","contentUrl":"https:\/\/kapitalis.com\/tunisie\/wp-content\/uploads\/2022\/05\/Kapitalis-big-size.png","width":5000,"height":1500,"caption":"Kapitalis"},"image":{"@id":"https:\/\/kapitalis.com\/tunisie\/#\/schema\/logo\/image\/"},"sameAs":["https:\/\/www.facebook.com\/KapitalisInfo\/","https:\/\/x.com\/KapitalisInfo","https:\/\/www.youtube.com\/channel\/UC-yDYrHyfFBWWZaOw3FPg9Q"]},{"@type":"Person","@id":"https:\/\/kapitalis.com\/tunisie\/#\/schema\/person\/d71f33a9ca44f7bad4698210b480c8e9","name":"webmaster kapitalis","url":"https:\/\/kapitalis.com\/tunisie\/author\/webmaster-kapitalis\/"}]}},"_links":{"self":[{"href":"https:\/\/kapitalis.com\/tunisie\/wp-json\/wp\/v2\/posts\/14224165","targetHints":{"allow":["GET"]}}],"collection":[{"href":"https:\/\/kapitalis.com\/tunisie\/wp-json\/wp\/v2\/posts"}],"about":[{"href":"https:\/\/kapitalis.com\/tunisie\/wp-json\/wp\/v2\/types\/post"}],"author":[{"embeddable":true,"href":"https:\/\/kapitalis.com\/tunisie\/wp-json\/wp\/v2\/users\/8"}],"replies":[{"embeddable":true,"href":"https:\/\/kapitalis.com\/tunisie\/wp-json\/wp\/v2\/comments?post=14224165"}],"version-history":[{"count":2,"href":"https:\/\/kapitalis.com\/tunisie\/wp-json\/wp\/v2\/posts\/14224165\/revisions"}],"predecessor-version":[{"id":14224218,"href":"https:\/\/kapitalis.com\/tunisie\/wp-json\/wp\/v2\/posts\/14224165\/revisions\/14224218"}],"wp:featuredmedia":[{"embeddable":true,"href":"https:\/\/kapitalis.com\/tunisie\/wp-json\/wp\/v2\/media\/6477457"}],"wp:attachment":[{"href":"https:\/\/kapitalis.com\/tunisie\/wp-json\/wp\/v2\/media?parent=14224165"}],"wp:term":[{"taxonomy":"category","embeddable":true,"href":"https:\/\/kapitalis.com\/tunisie\/wp-json\/wp\/v2\/categories?post=14224165"},{"taxonomy":"post_tag","embeddable":true,"href":"https:\/\/kapitalis.com\/tunisie\/wp-json\/wp\/v2\/tags?post=14224165"}],"curies":[{"name":"wp","href":"https:\/\/api.w.org\/{rel}","templated":true}]}}