{"id":142541,"date":"2018-03-08T18:33:24","date_gmt":"2018-03-08T17:33:24","guid":{"rendered":"http:\/\/kapitalis.com\/tunisie\/?p=142541"},"modified":"2018-03-08T18:34:34","modified_gmt":"2018-03-08T17:34:34","slug":"equipe-de-tunisie-convocation-du-defenseur-yohan-benalouane","status":"publish","type":"post","link":"https:\/\/kapitalis.com\/tunisie\/2018\/03\/08\/equipe-de-tunisie-convocation-du-defenseur-yohan-benalouane\/","title":{"rendered":"Equipe de Tunisie : Convocation du d\u00e9fenseur Yohan Benalouane"},"content":{"rendered":"<p style=\"text-align: center;\"><img loading=\"lazy\" decoding=\"async\" class=\"alignnone size-full wp-image-142543\" src=\"http:\/\/kapitalis.com\/tunisie\/wp-content\/uploads\/2018\/03\/Yohan-Benalouane.jpg\" alt=\"\" width=\"626\" height=\"380\" \/><\/p>\n<p><em><strong>Le joueur franco-tunisien Yohan Benalouane devrait rejoindre les rangs de la s\u00e9lection tunisienne dans les prochaines semaines.<\/strong><\/em><\/p>\n<p><!--more--><\/p>\n<p>Selon des sources concordantes, le joueur de Leicester City a d\u00e9j\u00e0 donn\u00e9 son accord au s\u00e9lectionneur Nabil Maaloul depuis au moins un mois.<\/p>\n<p>Si cette convocation venait \u00e0 \u00eatre confirm\u00e9e, les places seront tr\u00e8s ch\u00e8res en d\u00e9fense centrale de la s\u00e9lection nationale tunisienne et la concurrence sera rude entre Syam Ben Youssef, Dylan Bronn, Yassine Meriah et\u2026 peut-\u00eatre Yohan Benalouane.<\/p>\n<p>Il est \u00e0 rappeler que l\u2019ex-joueur de l&rsquo;AS Saint-Etienne, Parme, Cesena et Atalanta Bergame avait refus\u00e9 \u00e0 de nombreuses reprises par le pass\u00e9 de rejoindre la s\u00e9lection tunisienne, pr\u00e9f\u00e9rant toujours donner la priorit\u00e9 \u00e0 sa carri\u00e8re en club.<\/p>\n<p>La d\u00e9cision du joueur, compr\u00e9hensible en son temps, avait irrit\u00e9 certains esprits chagrins. Mais Nabil Maaloul est all\u00e9 r\u00e9cemment rencontrer Yohann Benalouane en Italie qui avait exprim\u00e9 \u00e0 l\u2019ex-international tunisien Radhi Jaidi, actuellement entra\u00eeneur des espoirs de Birmingham, sa disposition \u00e0 porter le maillot tunisien en Coupe du monde, en Russie, une exp\u00e9rience dont r\u00eave tout joueur.<\/p>\n<p>D\u2019ailleurs, l\u2019\u00e9ventuelle arriv\u00e9e en s\u00e9lection de Yohan Benalouane (31 ans) a fait l\u2019objet d\u2019une forte opposition de plusieurs membres f\u00e9d\u00e9raux mais Nabil a l\u2019intention de convoquer le d\u00e9fenseur de Leicester.<\/p>\n<p style=\"text-align: right;\"><strong>H. M.<\/strong><\/p>\n<blockquote class=\"wp-embedded-content\" data-secret=\"TbRuMg7Cz7\"><p><a href=\"https:\/\/kapitalis.com\/tunisie\/2018\/03\/06\/equipe-de-tunisie-bientot-liste-joueurs-liran-costa-rica\/\">Equipe de Tunisie : Bient\u00f4t, la liste des joueurs pour l\u2019Iran et le Costa Rica<\/a><\/p><\/blockquote>\n<p><iframe loading=\"lazy\" class=\"wp-embedded-content\" sandbox=\"allow-scripts\" security=\"restricted\" style=\"position: absolute; clip: rect(1px, 1px, 1px, 1px);\" title=\"\u00ab\u00a0Equipe de Tunisie : Bient\u00f4t, la liste des joueurs pour l\u2019Iran et le Costa Rica\u00a0\u00bb &#8212; Kapitalis\" src=\"https:\/\/kapitalis.com\/tunisie\/2018\/03\/06\/equipe-de-tunisie-bientot-liste-joueurs-liran-costa-rica\/embed\/#?secret=NJ2DPvHKe9#?secret=TbRuMg7Cz7\" data-secret=\"TbRuMg7Cz7\" width=\"600\" height=\"338\" frameborder=\"0\" marginwidth=\"0\" marginheight=\"0\" scrolling=\"no\"><\/iframe><\/p>\n<blockquote class=\"wp-embedded-content\" data-secret=\"k8JDVjoPUN\"><p><a href=\"https:\/\/kapitalis.com\/tunisie\/2018\/02\/07\/football-equipe-de-tunisie-trois-matches-amicaux-conclus\/\">Football-Equipe de Tunisie : Trois matches amicaux conclus<\/a><\/p><\/blockquote>\n<p><iframe loading=\"lazy\" class=\"wp-embedded-content\" sandbox=\"allow-scripts\" security=\"restricted\" style=\"position: absolute; clip: rect(1px, 1px, 1px, 1px);\" title=\"\u00ab\u00a0Football-Equipe de Tunisie : Trois matches amicaux conclus\u00a0\u00bb &#8212; Kapitalis\" src=\"https:\/\/kapitalis.com\/tunisie\/2018\/02\/07\/football-equipe-de-tunisie-trois-matches-amicaux-conclus\/embed\/#?secret=SJ6ifr3hOL#?secret=k8JDVjoPUN\" data-secret=\"k8JDVjoPUN\" width=\"600\" height=\"338\" frameborder=\"0\" marginwidth=\"0\" marginheight=\"0\" scrolling=\"no\"><\/iframe><\/p>\n","protected":false},"excerpt":{"rendered":"<p>Le joueur franco-tunisien Yohan Benalouane devrait rejoindre les rangs de la s\u00e9lection tunisienne dans les prochaines semaines.<\/p>\n","protected":false},"author":8,"featured_media":142543,"comment_status":"open","ping_status":"open","sticky":false,"template":"","format":"standard","meta":{"footnotes":""},"categories":[999,2433],"tags":[241,43547,33965,8091,796,33644,34983,38999],"class_list":["post-142541","post","type-post","status-publish","format-standard","has-post-thumbnail","hentry","category-sport","category-tunisie","tag-coupe-du-monde","tag-dylan-bronn","tag-equipe-de-tunisie","tag-nabil-maaloul","tag-russie","tag-syam-ben-youssef","tag-yassine-meriah","tag-yohan-benalouane"],"yoast_head":"<!-- This site is optimized with the Yoast SEO plugin v26.6 - https:\/\/yoast.com\/wordpress\/plugins\/seo\/ -->\n<title>Equipe de Tunisie : Convocation du d\u00e9fenseur Yohan Benalouane - Kapitalis<\/title>\n<meta name=\"robots\" content=\"index, follow, max-snippet:-1, max-image-preview:large, max-video-preview:-1\" \/>\n<link rel=\"canonical\" href=\"https:\/\/kapitalis.com\/tunisie\/2018\/03\/08\/equipe-de-tunisie-convocation-du-defenseur-yohan-benalouane\/\" \/>\n<meta property=\"og:locale\" content=\"fr_FR\" \/>\n<meta property=\"og:type\" content=\"article\" \/>\n<meta property=\"og:title\" content=\"Equipe de Tunisie : Convocation du d\u00e9fenseur Yohan Benalouane - Kapitalis\" \/>\n<meta property=\"og:description\" content=\"Le joueur franco-tunisien Yohan Benalouane devrait rejoindre les rangs de la s\u00e9lection tunisienne dans les prochaines semaines.\" \/>\n<meta property=\"og:url\" content=\"https:\/\/kapitalis.com\/tunisie\/2018\/03\/08\/equipe-de-tunisie-convocation-du-defenseur-yohan-benalouane\/\" \/>\n<meta property=\"og:site_name\" content=\"Kapitalis\" \/>\n<meta property=\"article:publisher\" content=\"https:\/\/www.facebook.com\/KapitalisInfo\/\" \/>\n<meta property=\"article:published_time\" content=\"2018-03-08T17:33:24+00:00\" \/>\n<meta property=\"article:modified_time\" content=\"2018-03-08T17:34:34+00:00\" \/>\n<meta property=\"og:image\" content=\"https:\/\/kapitalis.com\/tunisie\/wp-content\/uploads\/2022\/05\/kapitalis-logo-fb.png\" \/>\n\t<meta property=\"og:image:width\" content=\"1200\" \/>\n\t<meta property=\"og:image:height\" content=\"630\" \/>\n\t<meta property=\"og:image:type\" content=\"image\/png\" \/>\n<meta name=\"author\" content=\"webmaster kapitalis\" \/>\n<meta name=\"twitter:card\" content=\"summary_large_image\" \/>\n<meta name=\"twitter:creator\" content=\"@KapitalisInfo\" \/>\n<meta name=\"twitter:site\" content=\"@KapitalisInfo\" \/>\n<meta name=\"twitter:label1\" content=\"\u00c9crit par\" \/>\n\t<meta name=\"twitter:data1\" content=\"webmaster kapitalis\" \/>\n\t<meta name=\"twitter:label2\" content=\"Dur\u00e9e de lecture estim\u00e9e\" \/>\n\t<meta name=\"twitter:data2\" content=\"1 minute\" \/>\n<script type=\"application\/ld+json\" class=\"yoast-schema-graph\">{\"@context\":\"https:\/\/schema.org\",\"@graph\":[{\"@type\":\"Article\",\"@id\":\"https:\/\/kapitalis.com\/tunisie\/2018\/03\/08\/equipe-de-tunisie-convocation-du-defenseur-yohan-benalouane\/#article\",\"isPartOf\":{\"@id\":\"https:\/\/kapitalis.com\/tunisie\/2018\/03\/08\/equipe-de-tunisie-convocation-du-defenseur-yohan-benalouane\/\"},\"author\":{\"name\":\"webmaster kapitalis\",\"@id\":\"https:\/\/kapitalis.com\/tunisie\/#\/schema\/person\/d71f33a9ca44f7bad4698210b480c8e9\"},\"headline\":\"Equipe de Tunisie : Convocation du d\u00e9fenseur Yohan Benalouane\",\"datePublished\":\"2018-03-08T17:33:24+00:00\",\"dateModified\":\"2018-03-08T17:34:34+00:00\",\"mainEntityOfPage\":{\"@id\":\"https:\/\/kapitalis.com\/tunisie\/2018\/03\/08\/equipe-de-tunisie-convocation-du-defenseur-yohan-benalouane\/\"},\"wordCount\":247,\"commentCount\":3,\"publisher\":{\"@id\":\"https:\/\/kapitalis.com\/tunisie\/#organization\"},\"image\":{\"@id\":\"https:\/\/kapitalis.com\/tunisie\/2018\/03\/08\/equipe-de-tunisie-convocation-du-defenseur-yohan-benalouane\/#primaryimage\"},\"thumbnailUrl\":\"\",\"keywords\":[\"Coupe du Monde\",\"Dylan Bronn\",\"\u00e9quipe de Tunisie\",\"Nabil Ma\u00e2loul\",\"Russie\",\"Syam Ben Youssef\",\"Yassine Meriah\",\"Yohan Benalouane\"],\"articleSection\":[\"SPORT\",\"Tunisie\"],\"inLanguage\":\"fr-FR\",\"potentialAction\":[{\"@type\":\"CommentAction\",\"name\":\"Comment\",\"target\":[\"https:\/\/kapitalis.com\/tunisie\/2018\/03\/08\/equipe-de-tunisie-convocation-du-defenseur-yohan-benalouane\/#respond\"]}]},{\"@type\":\"WebPage\",\"@id\":\"https:\/\/kapitalis.com\/tunisie\/2018\/03\/08\/equipe-de-tunisie-convocation-du-defenseur-yohan-benalouane\/\",\"url\":\"https:\/\/kapitalis.com\/tunisie\/2018\/03\/08\/equipe-de-tunisie-convocation-du-defenseur-yohan-benalouane\/\",\"name\":\"Equipe de Tunisie : Convocation du d\u00e9fenseur Yohan Benalouane - Kapitalis\",\"isPartOf\":{\"@id\":\"https:\/\/kapitalis.com\/tunisie\/#website\"},\"primaryImageOfPage\":{\"@id\":\"https:\/\/kapitalis.com\/tunisie\/2018\/03\/08\/equipe-de-tunisie-convocation-du-defenseur-yohan-benalouane\/#primaryimage\"},\"image\":{\"@id\":\"https:\/\/kapitalis.com\/tunisie\/2018\/03\/08\/equipe-de-tunisie-convocation-du-defenseur-yohan-benalouane\/#primaryimage\"},\"thumbnailUrl\":\"\",\"datePublished\":\"2018-03-08T17:33:24+00:00\",\"dateModified\":\"2018-03-08T17:34:34+00:00\",\"breadcrumb\":{\"@id\":\"https:\/\/kapitalis.com\/tunisie\/2018\/03\/08\/equipe-de-tunisie-convocation-du-defenseur-yohan-benalouane\/#breadcrumb\"},\"inLanguage\":\"fr-FR\",\"potentialAction\":[{\"@type\":\"ReadAction\",\"target\":[\"https:\/\/kapitalis.com\/tunisie\/2018\/03\/08\/equipe-de-tunisie-convocation-du-defenseur-yohan-benalouane\/\"]}]},{\"@type\":\"ImageObject\",\"inLanguage\":\"fr-FR\",\"@id\":\"https:\/\/kapitalis.com\/tunisie\/2018\/03\/08\/equipe-de-tunisie-convocation-du-defenseur-yohan-benalouane\/#primaryimage\",\"url\":\"\",\"contentUrl\":\"\"},{\"@type\":\"BreadcrumbList\",\"@id\":\"https:\/\/kapitalis.com\/tunisie\/2018\/03\/08\/equipe-de-tunisie-convocation-du-defenseur-yohan-benalouane\/#breadcrumb\",\"itemListElement\":[{\"@type\":\"ListItem\",\"position\":1,\"name\":\"Accueil\",\"item\":\"https:\/\/kapitalis.com\/tunisie\/\"},{\"@type\":\"ListItem\",\"position\":2,\"name\":\"Equipe de Tunisie : Convocation du d\u00e9fenseur Yohan Benalouane\"}]},{\"@type\":\"WebSite\",\"@id\":\"https:\/\/kapitalis.com\/tunisie\/#website\",\"url\":\"https:\/\/kapitalis.com\/tunisie\/\",\"name\":\"Kapitalis\",\"description\":\"L&#039;actualit\u00e9 en Tunisie et dans le monde\",\"publisher\":{\"@id\":\"https:\/\/kapitalis.com\/tunisie\/#organization\"},\"potentialAction\":[{\"@type\":\"SearchAction\",\"target\":{\"@type\":\"EntryPoint\",\"urlTemplate\":\"https:\/\/kapitalis.com\/tunisie\/?s={search_term_string}\"},\"query-input\":{\"@type\":\"PropertyValueSpecification\",\"valueRequired\":true,\"valueName\":\"search_term_string\"}}],\"inLanguage\":\"fr-FR\"},{\"@type\":\"Organization\",\"@id\":\"https:\/\/kapitalis.com\/tunisie\/#organization\",\"name\":\"Kapitalis\",\"url\":\"https:\/\/kapitalis.com\/tunisie\/\",\"logo\":{\"@type\":\"ImageObject\",\"inLanguage\":\"fr-FR\",\"@id\":\"https:\/\/kapitalis.com\/tunisie\/#\/schema\/logo\/image\/\",\"url\":\"https:\/\/kapitalis.com\/tunisie\/wp-content\/uploads\/2022\/05\/Kapitalis-big-size.png\",\"contentUrl\":\"https:\/\/kapitalis.com\/tunisie\/wp-content\/uploads\/2022\/05\/Kapitalis-big-size.png\",\"width\":5000,\"height\":1500,\"caption\":\"Kapitalis\"},\"image\":{\"@id\":\"https:\/\/kapitalis.com\/tunisie\/#\/schema\/logo\/image\/\"},\"sameAs\":[\"https:\/\/www.facebook.com\/KapitalisInfo\/\",\"https:\/\/x.com\/KapitalisInfo\",\"https:\/\/www.youtube.com\/channel\/UC-yDYrHyfFBWWZaOw3FPg9Q\"]},{\"@type\":\"Person\",\"@id\":\"https:\/\/kapitalis.com\/tunisie\/#\/schema\/person\/d71f33a9ca44f7bad4698210b480c8e9\",\"name\":\"webmaster kapitalis\",\"url\":\"https:\/\/kapitalis.com\/tunisie\/author\/webmaster-kapitalis\/\"}]}<\/script>\n<!-- \/ Yoast SEO plugin. -->","yoast_head_json":{"title":"Equipe de Tunisie : Convocation du d\u00e9fenseur Yohan Benalouane - Kapitalis","robots":{"index":"index","follow":"follow","max-snippet":"max-snippet:-1","max-image-preview":"max-image-preview:large","max-video-preview":"max-video-preview:-1"},"canonical":"https:\/\/kapitalis.com\/tunisie\/2018\/03\/08\/equipe-de-tunisie-convocation-du-defenseur-yohan-benalouane\/","og_locale":"fr_FR","og_type":"article","og_title":"Equipe de Tunisie : Convocation du d\u00e9fenseur Yohan Benalouane - Kapitalis","og_description":"Le joueur franco-tunisien Yohan Benalouane devrait rejoindre les rangs de la s\u00e9lection tunisienne dans les prochaines semaines.","og_url":"https:\/\/kapitalis.com\/tunisie\/2018\/03\/08\/equipe-de-tunisie-convocation-du-defenseur-yohan-benalouane\/","og_site_name":"Kapitalis","article_publisher":"https:\/\/www.facebook.com\/KapitalisInfo\/","article_published_time":"2018-03-08T17:33:24+00:00","article_modified_time":"2018-03-08T17:34:34+00:00","og_image":[{"width":1200,"height":630,"url":"https:\/\/kapitalis.com\/tunisie\/wp-content\/uploads\/2022\/05\/kapitalis-logo-fb.png","type":"image\/png"}],"author":"webmaster kapitalis","twitter_card":"summary_large_image","twitter_creator":"@KapitalisInfo","twitter_site":"@KapitalisInfo","twitter_misc":{"\u00c9crit par":"webmaster kapitalis","Dur\u00e9e de lecture estim\u00e9e":"1 minute"},"schema":{"@context":"https:\/\/schema.org","@graph":[{"@type":"Article","@id":"https:\/\/kapitalis.com\/tunisie\/2018\/03\/08\/equipe-de-tunisie-convocation-du-defenseur-yohan-benalouane\/#article","isPartOf":{"@id":"https:\/\/kapitalis.com\/tunisie\/2018\/03\/08\/equipe-de-tunisie-convocation-du-defenseur-yohan-benalouane\/"},"author":{"name":"webmaster kapitalis","@id":"https:\/\/kapitalis.com\/tunisie\/#\/schema\/person\/d71f33a9ca44f7bad4698210b480c8e9"},"headline":"Equipe de Tunisie : Convocation du d\u00e9fenseur Yohan Benalouane","datePublished":"2018-03-08T17:33:24+00:00","dateModified":"2018-03-08T17:34:34+00:00","mainEntityOfPage":{"@id":"https:\/\/kapitalis.com\/tunisie\/2018\/03\/08\/equipe-de-tunisie-convocation-du-defenseur-yohan-benalouane\/"},"wordCount":247,"commentCount":3,"publisher":{"@id":"https:\/\/kapitalis.com\/tunisie\/#organization"},"image":{"@id":"https:\/\/kapitalis.com\/tunisie\/2018\/03\/08\/equipe-de-tunisie-convocation-du-defenseur-yohan-benalouane\/#primaryimage"},"thumbnailUrl":"","keywords":["Coupe du Monde","Dylan Bronn","\u00e9quipe de Tunisie","Nabil Ma\u00e2loul","Russie","Syam Ben Youssef","Yassine Meriah","Yohan Benalouane"],"articleSection":["SPORT","Tunisie"],"inLanguage":"fr-FR","potentialAction":[{"@type":"CommentAction","name":"Comment","target":["https:\/\/kapitalis.com\/tunisie\/2018\/03\/08\/equipe-de-tunisie-convocation-du-defenseur-yohan-benalouane\/#respond"]}]},{"@type":"WebPage","@id":"https:\/\/kapitalis.com\/tunisie\/2018\/03\/08\/equipe-de-tunisie-convocation-du-defenseur-yohan-benalouane\/","url":"https:\/\/kapitalis.com\/tunisie\/2018\/03\/08\/equipe-de-tunisie-convocation-du-defenseur-yohan-benalouane\/","name":"Equipe de Tunisie : Convocation du d\u00e9fenseur Yohan Benalouane - Kapitalis","isPartOf":{"@id":"https:\/\/kapitalis.com\/tunisie\/#website"},"primaryImageOfPage":{"@id":"https:\/\/kapitalis.com\/tunisie\/2018\/03\/08\/equipe-de-tunisie-convocation-du-defenseur-yohan-benalouane\/#primaryimage"},"image":{"@id":"https:\/\/kapitalis.com\/tunisie\/2018\/03\/08\/equipe-de-tunisie-convocation-du-defenseur-yohan-benalouane\/#primaryimage"},"thumbnailUrl":"","datePublished":"2018-03-08T17:33:24+00:00","dateModified":"2018-03-08T17:34:34+00:00","breadcrumb":{"@id":"https:\/\/kapitalis.com\/tunisie\/2018\/03\/08\/equipe-de-tunisie-convocation-du-defenseur-yohan-benalouane\/#breadcrumb"},"inLanguage":"fr-FR","potentialAction":[{"@type":"ReadAction","target":["https:\/\/kapitalis.com\/tunisie\/2018\/03\/08\/equipe-de-tunisie-convocation-du-defenseur-yohan-benalouane\/"]}]},{"@type":"ImageObject","inLanguage":"fr-FR","@id":"https:\/\/kapitalis.com\/tunisie\/2018\/03\/08\/equipe-de-tunisie-convocation-du-defenseur-yohan-benalouane\/#primaryimage","url":"","contentUrl":""},{"@type":"BreadcrumbList","@id":"https:\/\/kapitalis.com\/tunisie\/2018\/03\/08\/equipe-de-tunisie-convocation-du-defenseur-yohan-benalouane\/#breadcrumb","itemListElement":[{"@type":"ListItem","position":1,"name":"Accueil","item":"https:\/\/kapitalis.com\/tunisie\/"},{"@type":"ListItem","position":2,"name":"Equipe de Tunisie : Convocation du d\u00e9fenseur Yohan Benalouane"}]},{"@type":"WebSite","@id":"https:\/\/kapitalis.com\/tunisie\/#website","url":"https:\/\/kapitalis.com\/tunisie\/","name":"Kapitalis","description":"L&#039;actualit\u00e9 en Tunisie et dans le monde","publisher":{"@id":"https:\/\/kapitalis.com\/tunisie\/#organization"},"potentialAction":[{"@type":"SearchAction","target":{"@type":"EntryPoint","urlTemplate":"https:\/\/kapitalis.com\/tunisie\/?s={search_term_string}"},"query-input":{"@type":"PropertyValueSpecification","valueRequired":true,"valueName":"search_term_string"}}],"inLanguage":"fr-FR"},{"@type":"Organization","@id":"https:\/\/kapitalis.com\/tunisie\/#organization","name":"Kapitalis","url":"https:\/\/kapitalis.com\/tunisie\/","logo":{"@type":"ImageObject","inLanguage":"fr-FR","@id":"https:\/\/kapitalis.com\/tunisie\/#\/schema\/logo\/image\/","url":"https:\/\/kapitalis.com\/tunisie\/wp-content\/uploads\/2022\/05\/Kapitalis-big-size.png","contentUrl":"https:\/\/kapitalis.com\/tunisie\/wp-content\/uploads\/2022\/05\/Kapitalis-big-size.png","width":5000,"height":1500,"caption":"Kapitalis"},"image":{"@id":"https:\/\/kapitalis.com\/tunisie\/#\/schema\/logo\/image\/"},"sameAs":["https:\/\/www.facebook.com\/KapitalisInfo\/","https:\/\/x.com\/KapitalisInfo","https:\/\/www.youtube.com\/channel\/UC-yDYrHyfFBWWZaOw3FPg9Q"]},{"@type":"Person","@id":"https:\/\/kapitalis.com\/tunisie\/#\/schema\/person\/d71f33a9ca44f7bad4698210b480c8e9","name":"webmaster kapitalis","url":"https:\/\/kapitalis.com\/tunisie\/author\/webmaster-kapitalis\/"}]}},"_links":{"self":[{"href":"https:\/\/kapitalis.com\/tunisie\/wp-json\/wp\/v2\/posts\/142541","targetHints":{"allow":["GET"]}}],"collection":[{"href":"https:\/\/kapitalis.com\/tunisie\/wp-json\/wp\/v2\/posts"}],"about":[{"href":"https:\/\/kapitalis.com\/tunisie\/wp-json\/wp\/v2\/types\/post"}],"author":[{"embeddable":true,"href":"https:\/\/kapitalis.com\/tunisie\/wp-json\/wp\/v2\/users\/8"}],"replies":[{"embeddable":true,"href":"https:\/\/kapitalis.com\/tunisie\/wp-json\/wp\/v2\/comments?post=142541"}],"version-history":[{"count":0,"href":"https:\/\/kapitalis.com\/tunisie\/wp-json\/wp\/v2\/posts\/142541\/revisions"}],"wp:featuredmedia":[{"embeddable":true,"href":"https:\/\/kapitalis.com\/tunisie\/wp-json\/wp\/v2\/media\/142543"}],"wp:attachment":[{"href":"https:\/\/kapitalis.com\/tunisie\/wp-json\/wp\/v2\/media?parent=142541"}],"wp:term":[{"taxonomy":"category","embeddable":true,"href":"https:\/\/kapitalis.com\/tunisie\/wp-json\/wp\/v2\/categories?post=142541"},{"taxonomy":"post_tag","embeddable":true,"href":"https:\/\/kapitalis.com\/tunisie\/wp-json\/wp\/v2\/tags?post=142541"}],"curies":[{"name":"wp","href":"https:\/\/api.w.org\/{rel}","templated":true}]}}