{"id":14262102,"date":"2024-10-17T16:58:13","date_gmt":"2024-10-17T15:58:13","guid":{"rendered":"https:\/\/kapitalis.com\/tunisie\/?p=14262102"},"modified":"2024-10-17T17:25:00","modified_gmt":"2024-10-17T16:25:00","slug":"la-manouba-laudience-dayachi-zammel-reportee","status":"publish","type":"post","link":"https:\/\/kapitalis.com\/tunisie\/2024\/10\/17\/la-manouba-laudience-dayachi-zammel-reportee\/","title":{"rendered":"La Manouba : L&rsquo;audience d&rsquo;Ayachi Zammel report\u00e9e"},"content":{"rendered":"\n<p><strong><em>Le tribunal de premi\u00e8re instance de La Manouba a d\u00e9cid\u00e9, ce jeudi 17 octobre 2024, de reporter l\u2019audience d&rsquo;Ayachi Zammel au 24 octobre courant.<\/em><\/strong><\/p>\n\n\n\n<!--more-->\n\n\n\n<p>C&rsquo;est ce qu&rsquo;a annonc\u00e9 son avocat Me Abdessattar Messaoudi en pr\u00e9cisant que ce report a \u00e9t\u00e9 d\u00e9cid\u00e9 \u00e0 la demande du comit\u00e9 de d\u00e9fense, dont la majorit\u00e9 s\u2019\u00e9tait rendue \u00e0 la Cour d\u2019appel de Jendouba pour assister \u00e0 une autre audience de Ayachi Zammel d\u00e9ns le cadre d&rsquo;une affaire similaire relative \u00e0 des soup\u00e7ons de falsification parrainages, pour la pr\u00e9sidentielle du 6 octobre.<\/p>\n\n\n\n<p>Rappelons que Ayachi Zammel, qui s&rsquo;\u00e9tait pr\u00e9sent\u00e9 \u00e0 la pr\u00e9sidentielle et qui en d\u00e9tention depuis le 4 septembre, est vis\u00e9 par plusieurs affaires li\u00e9s aux parrainages notamment \u00e0 Jendouba, \u00e0 Tunis, \u00e0 Siliana, \u00e0 Kairouan et \u00e0 La Manouba,<\/p>\n\n\n\n<p>Il a fait l&rsquo;objet de plusieurs condamnations : quatre peines de prison, de 3 ans chacune prononc\u00e9es par le tribunal de premi\u00e8re instance de Tunis, vingt mois de prison par la Cour d&rsquo;appel de Jendouba et la plus r\u00e9cente une condamnation de 5 ans et 8 mois , prononc\u00e9e le 11 octobre par la Chambre p\u00e9nale du tribunal de premi\u00e8re instance de Siliana.<\/p>\n\n\n\n<p class=\"has-text-align-right\"><strong>Y. N.<\/strong><\/p>\n","protected":false},"excerpt":{"rendered":"<p>Le tribunal de premi\u00e8re instance de La Manouba a d\u00e9cid\u00e9, ce jeudi 17 octobre 2024, de reporter l\u2019audience d&rsquo;Ayachi Zammel au 24 octobre courant.<\/p>\n","protected":false},"author":6,"featured_media":14072128,"comment_status":"open","ping_status":"open","sticky":false,"template":"","format":"standard","meta":{"footnotes":""},"categories":[997,2433],"tags":[96135,2770,79858,74691,62643],"class_list":["post-14262102","post","type-post","status-publish","format-standard","has-post-thumbnail","hentry","category-politique","category-tunisie","tag-abdessatar-messaoudi","tag-avocats","tag-ayachi-zammel","tag-la-manouba","tag-tunisie"],"yoast_head":"<!-- This site is optimized with the Yoast SEO plugin v26.6 - https:\/\/yoast.com\/wordpress\/plugins\/seo\/ -->\n<title>La Manouba : L&#039;audience d&#039;Ayachi Zammel report\u00e9e - Kapitalis<\/title>\n<meta name=\"robots\" content=\"index, follow, max-snippet:-1, max-image-preview:large, max-video-preview:-1\" \/>\n<link rel=\"canonical\" href=\"https:\/\/kapitalis.com\/tunisie\/2024\/10\/17\/la-manouba-laudience-dayachi-zammel-reportee\/\" \/>\n<meta property=\"og:locale\" content=\"fr_FR\" \/>\n<meta property=\"og:type\" content=\"article\" \/>\n<meta property=\"og:title\" content=\"La Manouba : L&#039;audience d&#039;Ayachi Zammel report\u00e9e - Kapitalis\" \/>\n<meta property=\"og:description\" content=\"Le tribunal de premi\u00e8re instance de La Manouba a d\u00e9cid\u00e9, ce jeudi 17 octobre 2024, de reporter l\u2019audience d&rsquo;Ayachi Zammel au 24 octobre courant.\" \/>\n<meta property=\"og:url\" content=\"https:\/\/kapitalis.com\/tunisie\/2024\/10\/17\/la-manouba-laudience-dayachi-zammel-reportee\/\" \/>\n<meta property=\"og:site_name\" content=\"Kapitalis\" \/>\n<meta property=\"article:publisher\" content=\"https:\/\/www.facebook.com\/KapitalisInfo\/\" \/>\n<meta property=\"article:published_time\" content=\"2024-10-17T15:58:13+00:00\" \/>\n<meta property=\"article:modified_time\" content=\"2024-10-17T16:25:00+00:00\" \/>\n<meta property=\"og:image\" content=\"https:\/\/kapitalis.com\/tunisie\/wp-content\/uploads\/2024\/09\/Ayachi-Zammel-2.jpg\" \/>\n\t<meta property=\"og:image:width\" content=\"1200\" \/>\n\t<meta property=\"og:image:height\" content=\"630\" \/>\n\t<meta property=\"og:image:type\" content=\"image\/jpeg\" \/>\n<meta name=\"author\" content=\"Yusra NY\" \/>\n<meta name=\"twitter:card\" content=\"summary_large_image\" \/>\n<meta name=\"twitter:creator\" content=\"@KapitalisInfo\" \/>\n<meta name=\"twitter:site\" content=\"@KapitalisInfo\" \/>\n<meta name=\"twitter:label1\" content=\"\u00c9crit par\" \/>\n\t<meta name=\"twitter:data1\" content=\"Yusra NY\" \/>\n\t<meta name=\"twitter:label2\" content=\"Dur\u00e9e de lecture estim\u00e9e\" \/>\n\t<meta name=\"twitter:data2\" content=\"2 minutes\" \/>\n<script type=\"application\/ld+json\" class=\"yoast-schema-graph\">{\"@context\":\"https:\/\/schema.org\",\"@graph\":[{\"@type\":\"Article\",\"@id\":\"https:\/\/kapitalis.com\/tunisie\/2024\/10\/17\/la-manouba-laudience-dayachi-zammel-reportee\/#article\",\"isPartOf\":{\"@id\":\"https:\/\/kapitalis.com\/tunisie\/2024\/10\/17\/la-manouba-laudience-dayachi-zammel-reportee\/\"},\"author\":{\"name\":\"Yusra NY\",\"@id\":\"https:\/\/kapitalis.com\/tunisie\/#\/schema\/person\/74bbde0154d49d790a92aaeac5bc01d5\"},\"headline\":\"La Manouba : L&rsquo;audience d&rsquo;Ayachi Zammel report\u00e9e\",\"datePublished\":\"2024-10-17T15:58:13+00:00\",\"dateModified\":\"2024-10-17T16:25:00+00:00\",\"mainEntityOfPage\":{\"@id\":\"https:\/\/kapitalis.com\/tunisie\/2024\/10\/17\/la-manouba-laudience-dayachi-zammel-reportee\/\"},\"wordCount\":199,\"commentCount\":0,\"publisher\":{\"@id\":\"https:\/\/kapitalis.com\/tunisie\/#organization\"},\"image\":{\"@id\":\"https:\/\/kapitalis.com\/tunisie\/2024\/10\/17\/la-manouba-laudience-dayachi-zammel-reportee\/#primaryimage\"},\"thumbnailUrl\":\"https:\/\/kapitalis.com\/tunisie\/wp-content\/uploads\/2024\/09\/Ayachi-Zammel-2.jpg\",\"keywords\":[\"Abdessatar Messaoudi*\",\"avocats\",\"Ayachi Zammel\",\"La Manouba\",\"Tunisie\"],\"articleSection\":[\"POLITIQUE\",\"Tunisie\"],\"inLanguage\":\"fr-FR\",\"potentialAction\":[{\"@type\":\"CommentAction\",\"name\":\"Comment\",\"target\":[\"https:\/\/kapitalis.com\/tunisie\/2024\/10\/17\/la-manouba-laudience-dayachi-zammel-reportee\/#respond\"]}]},{\"@type\":\"WebPage\",\"@id\":\"https:\/\/kapitalis.com\/tunisie\/2024\/10\/17\/la-manouba-laudience-dayachi-zammel-reportee\/\",\"url\":\"https:\/\/kapitalis.com\/tunisie\/2024\/10\/17\/la-manouba-laudience-dayachi-zammel-reportee\/\",\"name\":\"La Manouba : L'audience d'Ayachi Zammel report\u00e9e - Kapitalis\",\"isPartOf\":{\"@id\":\"https:\/\/kapitalis.com\/tunisie\/#website\"},\"primaryImageOfPage\":{\"@id\":\"https:\/\/kapitalis.com\/tunisie\/2024\/10\/17\/la-manouba-laudience-dayachi-zammel-reportee\/#primaryimage\"},\"image\":{\"@id\":\"https:\/\/kapitalis.com\/tunisie\/2024\/10\/17\/la-manouba-laudience-dayachi-zammel-reportee\/#primaryimage\"},\"thumbnailUrl\":\"https:\/\/kapitalis.com\/tunisie\/wp-content\/uploads\/2024\/09\/Ayachi-Zammel-2.jpg\",\"datePublished\":\"2024-10-17T15:58:13+00:00\",\"dateModified\":\"2024-10-17T16:25:00+00:00\",\"breadcrumb\":{\"@id\":\"https:\/\/kapitalis.com\/tunisie\/2024\/10\/17\/la-manouba-laudience-dayachi-zammel-reportee\/#breadcrumb\"},\"inLanguage\":\"fr-FR\",\"potentialAction\":[{\"@type\":\"ReadAction\",\"target\":[\"https:\/\/kapitalis.com\/tunisie\/2024\/10\/17\/la-manouba-laudience-dayachi-zammel-reportee\/\"]}]},{\"@type\":\"ImageObject\",\"inLanguage\":\"fr-FR\",\"@id\":\"https:\/\/kapitalis.com\/tunisie\/2024\/10\/17\/la-manouba-laudience-dayachi-zammel-reportee\/#primaryimage\",\"url\":\"https:\/\/kapitalis.com\/tunisie\/wp-content\/uploads\/2024\/09\/Ayachi-Zammel-2.jpg\",\"contentUrl\":\"https:\/\/kapitalis.com\/tunisie\/wp-content\/uploads\/2024\/09\/Ayachi-Zammel-2.jpg\",\"width\":1200,\"height\":630},{\"@type\":\"BreadcrumbList\",\"@id\":\"https:\/\/kapitalis.com\/tunisie\/2024\/10\/17\/la-manouba-laudience-dayachi-zammel-reportee\/#breadcrumb\",\"itemListElement\":[{\"@type\":\"ListItem\",\"position\":1,\"name\":\"Accueil\",\"item\":\"https:\/\/kapitalis.com\/tunisie\/\"},{\"@type\":\"ListItem\",\"position\":2,\"name\":\"La Manouba : L&rsquo;audience d&rsquo;Ayachi Zammel report\u00e9e\"}]},{\"@type\":\"WebSite\",\"@id\":\"https:\/\/kapitalis.com\/tunisie\/#website\",\"url\":\"https:\/\/kapitalis.com\/tunisie\/\",\"name\":\"Kapitalis\",\"description\":\"L&#039;actualit\u00e9 en Tunisie et dans le monde\",\"publisher\":{\"@id\":\"https:\/\/kapitalis.com\/tunisie\/#organization\"},\"potentialAction\":[{\"@type\":\"SearchAction\",\"target\":{\"@type\":\"EntryPoint\",\"urlTemplate\":\"https:\/\/kapitalis.com\/tunisie\/?s={search_term_string}\"},\"query-input\":{\"@type\":\"PropertyValueSpecification\",\"valueRequired\":true,\"valueName\":\"search_term_string\"}}],\"inLanguage\":\"fr-FR\"},{\"@type\":\"Organization\",\"@id\":\"https:\/\/kapitalis.com\/tunisie\/#organization\",\"name\":\"Kapitalis\",\"url\":\"https:\/\/kapitalis.com\/tunisie\/\",\"logo\":{\"@type\":\"ImageObject\",\"inLanguage\":\"fr-FR\",\"@id\":\"https:\/\/kapitalis.com\/tunisie\/#\/schema\/logo\/image\/\",\"url\":\"https:\/\/kapitalis.com\/tunisie\/wp-content\/uploads\/2022\/05\/Kapitalis-big-size.png\",\"contentUrl\":\"https:\/\/kapitalis.com\/tunisie\/wp-content\/uploads\/2022\/05\/Kapitalis-big-size.png\",\"width\":5000,\"height\":1500,\"caption\":\"Kapitalis\"},\"image\":{\"@id\":\"https:\/\/kapitalis.com\/tunisie\/#\/schema\/logo\/image\/\"},\"sameAs\":[\"https:\/\/www.facebook.com\/KapitalisInfo\/\",\"https:\/\/x.com\/KapitalisInfo\",\"https:\/\/www.youtube.com\/channel\/UC-yDYrHyfFBWWZaOw3FPg9Q\"]},{\"@type\":\"Person\",\"@id\":\"https:\/\/kapitalis.com\/tunisie\/#\/schema\/person\/74bbde0154d49d790a92aaeac5bc01d5\",\"name\":\"Yusra NY\",\"url\":\"https:\/\/kapitalis.com\/tunisie\/author\/yuza_adam\/\"}]}<\/script>\n<!-- \/ Yoast SEO plugin. -->","yoast_head_json":{"title":"La Manouba : L'audience d'Ayachi Zammel report\u00e9e - Kapitalis","robots":{"index":"index","follow":"follow","max-snippet":"max-snippet:-1","max-image-preview":"max-image-preview:large","max-video-preview":"max-video-preview:-1"},"canonical":"https:\/\/kapitalis.com\/tunisie\/2024\/10\/17\/la-manouba-laudience-dayachi-zammel-reportee\/","og_locale":"fr_FR","og_type":"article","og_title":"La Manouba : L'audience d'Ayachi Zammel report\u00e9e - Kapitalis","og_description":"Le tribunal de premi\u00e8re instance de La Manouba a d\u00e9cid\u00e9, ce jeudi 17 octobre 2024, de reporter l\u2019audience d&rsquo;Ayachi Zammel au 24 octobre courant.","og_url":"https:\/\/kapitalis.com\/tunisie\/2024\/10\/17\/la-manouba-laudience-dayachi-zammel-reportee\/","og_site_name":"Kapitalis","article_publisher":"https:\/\/www.facebook.com\/KapitalisInfo\/","article_published_time":"2024-10-17T15:58:13+00:00","article_modified_time":"2024-10-17T16:25:00+00:00","og_image":[{"width":1200,"height":630,"url":"https:\/\/kapitalis.com\/tunisie\/wp-content\/uploads\/2024\/09\/Ayachi-Zammel-2.jpg","type":"image\/jpeg"}],"author":"Yusra NY","twitter_card":"summary_large_image","twitter_creator":"@KapitalisInfo","twitter_site":"@KapitalisInfo","twitter_misc":{"\u00c9crit par":"Yusra NY","Dur\u00e9e de lecture estim\u00e9e":"2 minutes"},"schema":{"@context":"https:\/\/schema.org","@graph":[{"@type":"Article","@id":"https:\/\/kapitalis.com\/tunisie\/2024\/10\/17\/la-manouba-laudience-dayachi-zammel-reportee\/#article","isPartOf":{"@id":"https:\/\/kapitalis.com\/tunisie\/2024\/10\/17\/la-manouba-laudience-dayachi-zammel-reportee\/"},"author":{"name":"Yusra NY","@id":"https:\/\/kapitalis.com\/tunisie\/#\/schema\/person\/74bbde0154d49d790a92aaeac5bc01d5"},"headline":"La Manouba : L&rsquo;audience d&rsquo;Ayachi Zammel report\u00e9e","datePublished":"2024-10-17T15:58:13+00:00","dateModified":"2024-10-17T16:25:00+00:00","mainEntityOfPage":{"@id":"https:\/\/kapitalis.com\/tunisie\/2024\/10\/17\/la-manouba-laudience-dayachi-zammel-reportee\/"},"wordCount":199,"commentCount":0,"publisher":{"@id":"https:\/\/kapitalis.com\/tunisie\/#organization"},"image":{"@id":"https:\/\/kapitalis.com\/tunisie\/2024\/10\/17\/la-manouba-laudience-dayachi-zammel-reportee\/#primaryimage"},"thumbnailUrl":"https:\/\/kapitalis.com\/tunisie\/wp-content\/uploads\/2024\/09\/Ayachi-Zammel-2.jpg","keywords":["Abdessatar Messaoudi*","avocats","Ayachi Zammel","La Manouba","Tunisie"],"articleSection":["POLITIQUE","Tunisie"],"inLanguage":"fr-FR","potentialAction":[{"@type":"CommentAction","name":"Comment","target":["https:\/\/kapitalis.com\/tunisie\/2024\/10\/17\/la-manouba-laudience-dayachi-zammel-reportee\/#respond"]}]},{"@type":"WebPage","@id":"https:\/\/kapitalis.com\/tunisie\/2024\/10\/17\/la-manouba-laudience-dayachi-zammel-reportee\/","url":"https:\/\/kapitalis.com\/tunisie\/2024\/10\/17\/la-manouba-laudience-dayachi-zammel-reportee\/","name":"La Manouba : L'audience d'Ayachi Zammel report\u00e9e - Kapitalis","isPartOf":{"@id":"https:\/\/kapitalis.com\/tunisie\/#website"},"primaryImageOfPage":{"@id":"https:\/\/kapitalis.com\/tunisie\/2024\/10\/17\/la-manouba-laudience-dayachi-zammel-reportee\/#primaryimage"},"image":{"@id":"https:\/\/kapitalis.com\/tunisie\/2024\/10\/17\/la-manouba-laudience-dayachi-zammel-reportee\/#primaryimage"},"thumbnailUrl":"https:\/\/kapitalis.com\/tunisie\/wp-content\/uploads\/2024\/09\/Ayachi-Zammel-2.jpg","datePublished":"2024-10-17T15:58:13+00:00","dateModified":"2024-10-17T16:25:00+00:00","breadcrumb":{"@id":"https:\/\/kapitalis.com\/tunisie\/2024\/10\/17\/la-manouba-laudience-dayachi-zammel-reportee\/#breadcrumb"},"inLanguage":"fr-FR","potentialAction":[{"@type":"ReadAction","target":["https:\/\/kapitalis.com\/tunisie\/2024\/10\/17\/la-manouba-laudience-dayachi-zammel-reportee\/"]}]},{"@type":"ImageObject","inLanguage":"fr-FR","@id":"https:\/\/kapitalis.com\/tunisie\/2024\/10\/17\/la-manouba-laudience-dayachi-zammel-reportee\/#primaryimage","url":"https:\/\/kapitalis.com\/tunisie\/wp-content\/uploads\/2024\/09\/Ayachi-Zammel-2.jpg","contentUrl":"https:\/\/kapitalis.com\/tunisie\/wp-content\/uploads\/2024\/09\/Ayachi-Zammel-2.jpg","width":1200,"height":630},{"@type":"BreadcrumbList","@id":"https:\/\/kapitalis.com\/tunisie\/2024\/10\/17\/la-manouba-laudience-dayachi-zammel-reportee\/#breadcrumb","itemListElement":[{"@type":"ListItem","position":1,"name":"Accueil","item":"https:\/\/kapitalis.com\/tunisie\/"},{"@type":"ListItem","position":2,"name":"La Manouba : L&rsquo;audience d&rsquo;Ayachi Zammel report\u00e9e"}]},{"@type":"WebSite","@id":"https:\/\/kapitalis.com\/tunisie\/#website","url":"https:\/\/kapitalis.com\/tunisie\/","name":"Kapitalis","description":"L&#039;actualit\u00e9 en Tunisie et dans le monde","publisher":{"@id":"https:\/\/kapitalis.com\/tunisie\/#organization"},"potentialAction":[{"@type":"SearchAction","target":{"@type":"EntryPoint","urlTemplate":"https:\/\/kapitalis.com\/tunisie\/?s={search_term_string}"},"query-input":{"@type":"PropertyValueSpecification","valueRequired":true,"valueName":"search_term_string"}}],"inLanguage":"fr-FR"},{"@type":"Organization","@id":"https:\/\/kapitalis.com\/tunisie\/#organization","name":"Kapitalis","url":"https:\/\/kapitalis.com\/tunisie\/","logo":{"@type":"ImageObject","inLanguage":"fr-FR","@id":"https:\/\/kapitalis.com\/tunisie\/#\/schema\/logo\/image\/","url":"https:\/\/kapitalis.com\/tunisie\/wp-content\/uploads\/2022\/05\/Kapitalis-big-size.png","contentUrl":"https:\/\/kapitalis.com\/tunisie\/wp-content\/uploads\/2022\/05\/Kapitalis-big-size.png","width":5000,"height":1500,"caption":"Kapitalis"},"image":{"@id":"https:\/\/kapitalis.com\/tunisie\/#\/schema\/logo\/image\/"},"sameAs":["https:\/\/www.facebook.com\/KapitalisInfo\/","https:\/\/x.com\/KapitalisInfo","https:\/\/www.youtube.com\/channel\/UC-yDYrHyfFBWWZaOw3FPg9Q"]},{"@type":"Person","@id":"https:\/\/kapitalis.com\/tunisie\/#\/schema\/person\/74bbde0154d49d790a92aaeac5bc01d5","name":"Yusra NY","url":"https:\/\/kapitalis.com\/tunisie\/author\/yuza_adam\/"}]}},"_links":{"self":[{"href":"https:\/\/kapitalis.com\/tunisie\/wp-json\/wp\/v2\/posts\/14262102","targetHints":{"allow":["GET"]}}],"collection":[{"href":"https:\/\/kapitalis.com\/tunisie\/wp-json\/wp\/v2\/posts"}],"about":[{"href":"https:\/\/kapitalis.com\/tunisie\/wp-json\/wp\/v2\/types\/post"}],"author":[{"embeddable":true,"href":"https:\/\/kapitalis.com\/tunisie\/wp-json\/wp\/v2\/users\/6"}],"replies":[{"embeddable":true,"href":"https:\/\/kapitalis.com\/tunisie\/wp-json\/wp\/v2\/comments?post=14262102"}],"version-history":[{"count":2,"href":"https:\/\/kapitalis.com\/tunisie\/wp-json\/wp\/v2\/posts\/14262102\/revisions"}],"predecessor-version":[{"id":14262145,"href":"https:\/\/kapitalis.com\/tunisie\/wp-json\/wp\/v2\/posts\/14262102\/revisions\/14262145"}],"wp:featuredmedia":[{"embeddable":true,"href":"https:\/\/kapitalis.com\/tunisie\/wp-json\/wp\/v2\/media\/14072128"}],"wp:attachment":[{"href":"https:\/\/kapitalis.com\/tunisie\/wp-json\/wp\/v2\/media?parent=14262102"}],"wp:term":[{"taxonomy":"category","embeddable":true,"href":"https:\/\/kapitalis.com\/tunisie\/wp-json\/wp\/v2\/categories?post=14262102"},{"taxonomy":"post_tag","embeddable":true,"href":"https:\/\/kapitalis.com\/tunisie\/wp-json\/wp\/v2\/tags?post=14262102"}],"curies":[{"name":"wp","href":"https:\/\/api.w.org\/{rel}","templated":true}]}}