{"id":14292430,"date":"2024-10-20T08:39:53","date_gmt":"2024-10-20T07:39:53","guid":{"rendered":"https:\/\/kapitalis.com\/tunisie\/?p=14292430"},"modified":"2024-10-20T08:39:54","modified_gmt":"2024-10-20T07:39:54","slug":"concert-cordes-voix-a-la-cathedrale-de-tunis","status":"publish","type":"post","link":"https:\/\/kapitalis.com\/tunisie\/2024\/10\/20\/concert-cordes-voix-a-la-cathedrale-de-tunis\/","title":{"rendered":"Concert \u2018\u2018Cordes &amp; Voix\u2019\u2019 \u00e0 la Cath\u00e9drale de Tunis"},"content":{"rendered":"\n<p><strong><em>Un concert intitul\u00e9 \u2018\u2018Cordes &amp; Voix\u2019\u2019 sera donn\u00e9 par les Solistes du Ch\u0153ur de la Cath\u00e9drale de Gen\u00e8ve le vendredi 25 octobre 2024 \u00e0 19h30 \u00e0 la Cath\u00e9drale de Tunis.<\/em><\/strong> <strong><em>Il est organis\u00e9 par la Fondation Hasdrubal pour la culture et les arts Mohamed Amouri. \u00a0<\/em><\/strong><\/p>\n\n\n\n<!--more-->\n\n\n\n<p>Laurent Jost, le directeur musical de cette fondation et Florence Kraft, cheffe du Ch\u0153ur de la Cath\u00e9drale de Gen\u00e8ve produiront un riche programme avec un prestigieux plateau d\u2019artistes. L\u2019ouverture se fera avec le Stabat Mater de Pergol\u00e8se, \u0153uvre \u00e9crite en Italie au 18<sup>e<\/sup> si\u00e8cle, qui sera interpr\u00e9t\u00e9e par la soprano Eva Fiechter et la mezzo-soprano Christina Daletska, accompagn\u00e9es par l\u2019Ensemble instrumental de la Cath\u00e9drale Saint Pierre de Gen\u00e8ve.<\/p>\n\n\n\n<p>En deuxi\u00e8me partie, les c\u00e9l\u00e8bres Petits chanteurs de Monaco seront sur sc\u00e8ne pour interpr\u00e9ter, sous la direction de Pierre Debat, des \u0153uvres extraites de leur derni\u00e8re tourn\u00e9e au Canada.<\/p>\n\n\n\n<p>Les Petits chanteurs de Monaco sont un ch\u0153ur de gar\u00e7ons cr\u00e9\u00e9 en 1974 par le Prince Rainier III de Monaco, et reconnu sur la sc\u00e8ne musicale internationale.<\/p>\n","protected":false},"excerpt":{"rendered":"<p>Concert \u2018\u2018Cordes &#038; Voix\u2019\u2019 des Solistes du Ch\u0153ur de la Cath\u00e9drale de Gen\u00e8ve \u00e0 la Cath\u00e9drale de Tunis.<\/p>\n","protected":false},"author":8,"featured_media":14292508,"comment_status":"open","ping_status":"open","sticky":false,"template":"","format":"standard","meta":{"footnotes":""},"categories":[994,2433],"tags":[118483,66739,118486,118485,118484,104894,104896,109253,109256],"class_list":["post-14292430","post","type-post","status-publish","format-standard","has-post-thumbnail","hentry","category-culture","category-tunisie","tag-cathedrale-de-geneve","tag-cathedrale-de-tunis","tag-christina-daletska","tag-eva-fiechter","tag-florence-kraft","tag-fondation-hasdrubal","tag-laurent-jost","tag-mohamed-amouri","tag-pierre-debat"],"yoast_head":"<!-- This site is optimized with the Yoast SEO plugin v26.6 - https:\/\/yoast.com\/wordpress\/plugins\/seo\/ -->\n<title>Concert \u2018\u2018Cordes &amp; Voix\u2019\u2019 \u00e0 la Cath\u00e9drale de Tunis - Kapitalis<\/title>\n<meta name=\"robots\" content=\"index, follow, max-snippet:-1, max-image-preview:large, max-video-preview:-1\" \/>\n<link rel=\"canonical\" href=\"https:\/\/kapitalis.com\/tunisie\/2024\/10\/20\/concert-cordes-voix-a-la-cathedrale-de-tunis\/\" \/>\n<meta property=\"og:locale\" content=\"fr_FR\" \/>\n<meta property=\"og:type\" content=\"article\" \/>\n<meta property=\"og:title\" content=\"Concert \u2018\u2018Cordes &amp; Voix\u2019\u2019 \u00e0 la Cath\u00e9drale de Tunis - Kapitalis\" \/>\n<meta property=\"og:description\" content=\"Concert \u2018\u2018Cordes &amp; Voix\u2019\u2019 des Solistes du Ch\u0153ur de la Cath\u00e9drale de Gen\u00e8ve \u00e0 la Cath\u00e9drale de Tunis.\" \/>\n<meta property=\"og:url\" content=\"https:\/\/kapitalis.com\/tunisie\/2024\/10\/20\/concert-cordes-voix-a-la-cathedrale-de-tunis\/\" \/>\n<meta property=\"og:site_name\" content=\"Kapitalis\" \/>\n<meta property=\"article:publisher\" content=\"https:\/\/www.facebook.com\/KapitalisInfo\/\" \/>\n<meta property=\"article:published_time\" content=\"2024-10-20T07:39:53+00:00\" \/>\n<meta property=\"article:modified_time\" content=\"2024-10-20T07:39:54+00:00\" \/>\n<meta property=\"og:image\" content=\"https:\/\/kapitalis.com\/tunisie\/wp-content\/uploads\/2024\/10\/Cathedrale-de-Tunis.jpg\" \/>\n\t<meta property=\"og:image:width\" content=\"1200\" \/>\n\t<meta property=\"og:image:height\" content=\"630\" \/>\n\t<meta property=\"og:image:type\" content=\"image\/jpeg\" \/>\n<meta name=\"author\" content=\"webmaster kapitalis\" \/>\n<meta name=\"twitter:card\" content=\"summary_large_image\" \/>\n<meta name=\"twitter:creator\" content=\"@KapitalisInfo\" \/>\n<meta name=\"twitter:site\" content=\"@KapitalisInfo\" \/>\n<meta name=\"twitter:label1\" content=\"\u00c9crit par\" \/>\n\t<meta name=\"twitter:data1\" content=\"webmaster kapitalis\" \/>\n\t<meta name=\"twitter:label2\" content=\"Dur\u00e9e de lecture estim\u00e9e\" \/>\n\t<meta name=\"twitter:data2\" content=\"2 minutes\" \/>\n<script type=\"application\/ld+json\" class=\"yoast-schema-graph\">{\"@context\":\"https:\/\/schema.org\",\"@graph\":[{\"@type\":\"Article\",\"@id\":\"https:\/\/kapitalis.com\/tunisie\/2024\/10\/20\/concert-cordes-voix-a-la-cathedrale-de-tunis\/#article\",\"isPartOf\":{\"@id\":\"https:\/\/kapitalis.com\/tunisie\/2024\/10\/20\/concert-cordes-voix-a-la-cathedrale-de-tunis\/\"},\"author\":{\"name\":\"webmaster kapitalis\",\"@id\":\"https:\/\/kapitalis.com\/tunisie\/#\/schema\/person\/d71f33a9ca44f7bad4698210b480c8e9\"},\"headline\":\"Concert \u2018\u2018Cordes &amp; Voix\u2019\u2019 \u00e0 la Cath\u00e9drale de Tunis\",\"datePublished\":\"2024-10-20T07:39:53+00:00\",\"dateModified\":\"2024-10-20T07:39:54+00:00\",\"mainEntityOfPage\":{\"@id\":\"https:\/\/kapitalis.com\/tunisie\/2024\/10\/20\/concert-cordes-voix-a-la-cathedrale-de-tunis\/\"},\"wordCount\":200,\"commentCount\":0,\"publisher\":{\"@id\":\"https:\/\/kapitalis.com\/tunisie\/#organization\"},\"image\":{\"@id\":\"https:\/\/kapitalis.com\/tunisie\/2024\/10\/20\/concert-cordes-voix-a-la-cathedrale-de-tunis\/#primaryimage\"},\"thumbnailUrl\":\"https:\/\/kapitalis.com\/tunisie\/wp-content\/uploads\/2024\/10\/Cathedrale-de-Tunis.jpg\",\"keywords\":[\"Cath\u00e9drale de Gen\u00e8ve\",\"Cath\u00e9drale de Tunis\",\"Christina Daletska\",\"Eva Fiechter\",\"Florence Kraft\",\"Fondation Hasdrubal\",\"Laurent Jost\",\"Mohamed Amouri\",\"Pierre Debat\"],\"articleSection\":[\"CULTURE\",\"Tunisie\"],\"inLanguage\":\"fr-FR\",\"potentialAction\":[{\"@type\":\"CommentAction\",\"name\":\"Comment\",\"target\":[\"https:\/\/kapitalis.com\/tunisie\/2024\/10\/20\/concert-cordes-voix-a-la-cathedrale-de-tunis\/#respond\"]}]},{\"@type\":\"WebPage\",\"@id\":\"https:\/\/kapitalis.com\/tunisie\/2024\/10\/20\/concert-cordes-voix-a-la-cathedrale-de-tunis\/\",\"url\":\"https:\/\/kapitalis.com\/tunisie\/2024\/10\/20\/concert-cordes-voix-a-la-cathedrale-de-tunis\/\",\"name\":\"Concert \u2018\u2018Cordes &amp; Voix\u2019\u2019 \u00e0 la Cath\u00e9drale de Tunis - Kapitalis\",\"isPartOf\":{\"@id\":\"https:\/\/kapitalis.com\/tunisie\/#website\"},\"primaryImageOfPage\":{\"@id\":\"https:\/\/kapitalis.com\/tunisie\/2024\/10\/20\/concert-cordes-voix-a-la-cathedrale-de-tunis\/#primaryimage\"},\"image\":{\"@id\":\"https:\/\/kapitalis.com\/tunisie\/2024\/10\/20\/concert-cordes-voix-a-la-cathedrale-de-tunis\/#primaryimage\"},\"thumbnailUrl\":\"https:\/\/kapitalis.com\/tunisie\/wp-content\/uploads\/2024\/10\/Cathedrale-de-Tunis.jpg\",\"datePublished\":\"2024-10-20T07:39:53+00:00\",\"dateModified\":\"2024-10-20T07:39:54+00:00\",\"breadcrumb\":{\"@id\":\"https:\/\/kapitalis.com\/tunisie\/2024\/10\/20\/concert-cordes-voix-a-la-cathedrale-de-tunis\/#breadcrumb\"},\"inLanguage\":\"fr-FR\",\"potentialAction\":[{\"@type\":\"ReadAction\",\"target\":[\"https:\/\/kapitalis.com\/tunisie\/2024\/10\/20\/concert-cordes-voix-a-la-cathedrale-de-tunis\/\"]}]},{\"@type\":\"ImageObject\",\"inLanguage\":\"fr-FR\",\"@id\":\"https:\/\/kapitalis.com\/tunisie\/2024\/10\/20\/concert-cordes-voix-a-la-cathedrale-de-tunis\/#primaryimage\",\"url\":\"https:\/\/kapitalis.com\/tunisie\/wp-content\/uploads\/2024\/10\/Cathedrale-de-Tunis.jpg\",\"contentUrl\":\"https:\/\/kapitalis.com\/tunisie\/wp-content\/uploads\/2024\/10\/Cathedrale-de-Tunis.jpg\",\"width\":1200,\"height\":630},{\"@type\":\"BreadcrumbList\",\"@id\":\"https:\/\/kapitalis.com\/tunisie\/2024\/10\/20\/concert-cordes-voix-a-la-cathedrale-de-tunis\/#breadcrumb\",\"itemListElement\":[{\"@type\":\"ListItem\",\"position\":1,\"name\":\"Accueil\",\"item\":\"https:\/\/kapitalis.com\/tunisie\/\"},{\"@type\":\"ListItem\",\"position\":2,\"name\":\"Concert \u2018\u2018Cordes &amp; Voix\u2019\u2019 \u00e0 la Cath\u00e9drale de Tunis\"}]},{\"@type\":\"WebSite\",\"@id\":\"https:\/\/kapitalis.com\/tunisie\/#website\",\"url\":\"https:\/\/kapitalis.com\/tunisie\/\",\"name\":\"Kapitalis\",\"description\":\"L&#039;actualit\u00e9 en Tunisie et dans le monde\",\"publisher\":{\"@id\":\"https:\/\/kapitalis.com\/tunisie\/#organization\"},\"potentialAction\":[{\"@type\":\"SearchAction\",\"target\":{\"@type\":\"EntryPoint\",\"urlTemplate\":\"https:\/\/kapitalis.com\/tunisie\/?s={search_term_string}\"},\"query-input\":{\"@type\":\"PropertyValueSpecification\",\"valueRequired\":true,\"valueName\":\"search_term_string\"}}],\"inLanguage\":\"fr-FR\"},{\"@type\":\"Organization\",\"@id\":\"https:\/\/kapitalis.com\/tunisie\/#organization\",\"name\":\"Kapitalis\",\"url\":\"https:\/\/kapitalis.com\/tunisie\/\",\"logo\":{\"@type\":\"ImageObject\",\"inLanguage\":\"fr-FR\",\"@id\":\"https:\/\/kapitalis.com\/tunisie\/#\/schema\/logo\/image\/\",\"url\":\"https:\/\/kapitalis.com\/tunisie\/wp-content\/uploads\/2022\/05\/Kapitalis-big-size.png\",\"contentUrl\":\"https:\/\/kapitalis.com\/tunisie\/wp-content\/uploads\/2022\/05\/Kapitalis-big-size.png\",\"width\":5000,\"height\":1500,\"caption\":\"Kapitalis\"},\"image\":{\"@id\":\"https:\/\/kapitalis.com\/tunisie\/#\/schema\/logo\/image\/\"},\"sameAs\":[\"https:\/\/www.facebook.com\/KapitalisInfo\/\",\"https:\/\/x.com\/KapitalisInfo\",\"https:\/\/www.youtube.com\/channel\/UC-yDYrHyfFBWWZaOw3FPg9Q\"]},{\"@type\":\"Person\",\"@id\":\"https:\/\/kapitalis.com\/tunisie\/#\/schema\/person\/d71f33a9ca44f7bad4698210b480c8e9\",\"name\":\"webmaster kapitalis\",\"url\":\"https:\/\/kapitalis.com\/tunisie\/author\/webmaster-kapitalis\/\"}]}<\/script>\n<!-- \/ Yoast SEO plugin. -->","yoast_head_json":{"title":"Concert \u2018\u2018Cordes &amp; Voix\u2019\u2019 \u00e0 la Cath\u00e9drale de Tunis - Kapitalis","robots":{"index":"index","follow":"follow","max-snippet":"max-snippet:-1","max-image-preview":"max-image-preview:large","max-video-preview":"max-video-preview:-1"},"canonical":"https:\/\/kapitalis.com\/tunisie\/2024\/10\/20\/concert-cordes-voix-a-la-cathedrale-de-tunis\/","og_locale":"fr_FR","og_type":"article","og_title":"Concert \u2018\u2018Cordes &amp; Voix\u2019\u2019 \u00e0 la Cath\u00e9drale de Tunis - Kapitalis","og_description":"Concert \u2018\u2018Cordes & Voix\u2019\u2019 des Solistes du Ch\u0153ur de la Cath\u00e9drale de Gen\u00e8ve \u00e0 la Cath\u00e9drale de Tunis.","og_url":"https:\/\/kapitalis.com\/tunisie\/2024\/10\/20\/concert-cordes-voix-a-la-cathedrale-de-tunis\/","og_site_name":"Kapitalis","article_publisher":"https:\/\/www.facebook.com\/KapitalisInfo\/","article_published_time":"2024-10-20T07:39:53+00:00","article_modified_time":"2024-10-20T07:39:54+00:00","og_image":[{"width":1200,"height":630,"url":"https:\/\/kapitalis.com\/tunisie\/wp-content\/uploads\/2024\/10\/Cathedrale-de-Tunis.jpg","type":"image\/jpeg"}],"author":"webmaster kapitalis","twitter_card":"summary_large_image","twitter_creator":"@KapitalisInfo","twitter_site":"@KapitalisInfo","twitter_misc":{"\u00c9crit par":"webmaster kapitalis","Dur\u00e9e de lecture estim\u00e9e":"2 minutes"},"schema":{"@context":"https:\/\/schema.org","@graph":[{"@type":"Article","@id":"https:\/\/kapitalis.com\/tunisie\/2024\/10\/20\/concert-cordes-voix-a-la-cathedrale-de-tunis\/#article","isPartOf":{"@id":"https:\/\/kapitalis.com\/tunisie\/2024\/10\/20\/concert-cordes-voix-a-la-cathedrale-de-tunis\/"},"author":{"name":"webmaster kapitalis","@id":"https:\/\/kapitalis.com\/tunisie\/#\/schema\/person\/d71f33a9ca44f7bad4698210b480c8e9"},"headline":"Concert \u2018\u2018Cordes &amp; Voix\u2019\u2019 \u00e0 la Cath\u00e9drale de Tunis","datePublished":"2024-10-20T07:39:53+00:00","dateModified":"2024-10-20T07:39:54+00:00","mainEntityOfPage":{"@id":"https:\/\/kapitalis.com\/tunisie\/2024\/10\/20\/concert-cordes-voix-a-la-cathedrale-de-tunis\/"},"wordCount":200,"commentCount":0,"publisher":{"@id":"https:\/\/kapitalis.com\/tunisie\/#organization"},"image":{"@id":"https:\/\/kapitalis.com\/tunisie\/2024\/10\/20\/concert-cordes-voix-a-la-cathedrale-de-tunis\/#primaryimage"},"thumbnailUrl":"https:\/\/kapitalis.com\/tunisie\/wp-content\/uploads\/2024\/10\/Cathedrale-de-Tunis.jpg","keywords":["Cath\u00e9drale de Gen\u00e8ve","Cath\u00e9drale de Tunis","Christina Daletska","Eva Fiechter","Florence Kraft","Fondation Hasdrubal","Laurent Jost","Mohamed Amouri","Pierre Debat"],"articleSection":["CULTURE","Tunisie"],"inLanguage":"fr-FR","potentialAction":[{"@type":"CommentAction","name":"Comment","target":["https:\/\/kapitalis.com\/tunisie\/2024\/10\/20\/concert-cordes-voix-a-la-cathedrale-de-tunis\/#respond"]}]},{"@type":"WebPage","@id":"https:\/\/kapitalis.com\/tunisie\/2024\/10\/20\/concert-cordes-voix-a-la-cathedrale-de-tunis\/","url":"https:\/\/kapitalis.com\/tunisie\/2024\/10\/20\/concert-cordes-voix-a-la-cathedrale-de-tunis\/","name":"Concert \u2018\u2018Cordes &amp; Voix\u2019\u2019 \u00e0 la Cath\u00e9drale de Tunis - Kapitalis","isPartOf":{"@id":"https:\/\/kapitalis.com\/tunisie\/#website"},"primaryImageOfPage":{"@id":"https:\/\/kapitalis.com\/tunisie\/2024\/10\/20\/concert-cordes-voix-a-la-cathedrale-de-tunis\/#primaryimage"},"image":{"@id":"https:\/\/kapitalis.com\/tunisie\/2024\/10\/20\/concert-cordes-voix-a-la-cathedrale-de-tunis\/#primaryimage"},"thumbnailUrl":"https:\/\/kapitalis.com\/tunisie\/wp-content\/uploads\/2024\/10\/Cathedrale-de-Tunis.jpg","datePublished":"2024-10-20T07:39:53+00:00","dateModified":"2024-10-20T07:39:54+00:00","breadcrumb":{"@id":"https:\/\/kapitalis.com\/tunisie\/2024\/10\/20\/concert-cordes-voix-a-la-cathedrale-de-tunis\/#breadcrumb"},"inLanguage":"fr-FR","potentialAction":[{"@type":"ReadAction","target":["https:\/\/kapitalis.com\/tunisie\/2024\/10\/20\/concert-cordes-voix-a-la-cathedrale-de-tunis\/"]}]},{"@type":"ImageObject","inLanguage":"fr-FR","@id":"https:\/\/kapitalis.com\/tunisie\/2024\/10\/20\/concert-cordes-voix-a-la-cathedrale-de-tunis\/#primaryimage","url":"https:\/\/kapitalis.com\/tunisie\/wp-content\/uploads\/2024\/10\/Cathedrale-de-Tunis.jpg","contentUrl":"https:\/\/kapitalis.com\/tunisie\/wp-content\/uploads\/2024\/10\/Cathedrale-de-Tunis.jpg","width":1200,"height":630},{"@type":"BreadcrumbList","@id":"https:\/\/kapitalis.com\/tunisie\/2024\/10\/20\/concert-cordes-voix-a-la-cathedrale-de-tunis\/#breadcrumb","itemListElement":[{"@type":"ListItem","position":1,"name":"Accueil","item":"https:\/\/kapitalis.com\/tunisie\/"},{"@type":"ListItem","position":2,"name":"Concert \u2018\u2018Cordes &amp; Voix\u2019\u2019 \u00e0 la Cath\u00e9drale de Tunis"}]},{"@type":"WebSite","@id":"https:\/\/kapitalis.com\/tunisie\/#website","url":"https:\/\/kapitalis.com\/tunisie\/","name":"Kapitalis","description":"L&#039;actualit\u00e9 en Tunisie et dans le monde","publisher":{"@id":"https:\/\/kapitalis.com\/tunisie\/#organization"},"potentialAction":[{"@type":"SearchAction","target":{"@type":"EntryPoint","urlTemplate":"https:\/\/kapitalis.com\/tunisie\/?s={search_term_string}"},"query-input":{"@type":"PropertyValueSpecification","valueRequired":true,"valueName":"search_term_string"}}],"inLanguage":"fr-FR"},{"@type":"Organization","@id":"https:\/\/kapitalis.com\/tunisie\/#organization","name":"Kapitalis","url":"https:\/\/kapitalis.com\/tunisie\/","logo":{"@type":"ImageObject","inLanguage":"fr-FR","@id":"https:\/\/kapitalis.com\/tunisie\/#\/schema\/logo\/image\/","url":"https:\/\/kapitalis.com\/tunisie\/wp-content\/uploads\/2022\/05\/Kapitalis-big-size.png","contentUrl":"https:\/\/kapitalis.com\/tunisie\/wp-content\/uploads\/2022\/05\/Kapitalis-big-size.png","width":5000,"height":1500,"caption":"Kapitalis"},"image":{"@id":"https:\/\/kapitalis.com\/tunisie\/#\/schema\/logo\/image\/"},"sameAs":["https:\/\/www.facebook.com\/KapitalisInfo\/","https:\/\/x.com\/KapitalisInfo","https:\/\/www.youtube.com\/channel\/UC-yDYrHyfFBWWZaOw3FPg9Q"]},{"@type":"Person","@id":"https:\/\/kapitalis.com\/tunisie\/#\/schema\/person\/d71f33a9ca44f7bad4698210b480c8e9","name":"webmaster kapitalis","url":"https:\/\/kapitalis.com\/tunisie\/author\/webmaster-kapitalis\/"}]}},"_links":{"self":[{"href":"https:\/\/kapitalis.com\/tunisie\/wp-json\/wp\/v2\/posts\/14292430","targetHints":{"allow":["GET"]}}],"collection":[{"href":"https:\/\/kapitalis.com\/tunisie\/wp-json\/wp\/v2\/posts"}],"about":[{"href":"https:\/\/kapitalis.com\/tunisie\/wp-json\/wp\/v2\/types\/post"}],"author":[{"embeddable":true,"href":"https:\/\/kapitalis.com\/tunisie\/wp-json\/wp\/v2\/users\/8"}],"replies":[{"embeddable":true,"href":"https:\/\/kapitalis.com\/tunisie\/wp-json\/wp\/v2\/comments?post=14292430"}],"version-history":[{"count":1,"href":"https:\/\/kapitalis.com\/tunisie\/wp-json\/wp\/v2\/posts\/14292430\/revisions"}],"predecessor-version":[{"id":14292516,"href":"https:\/\/kapitalis.com\/tunisie\/wp-json\/wp\/v2\/posts\/14292430\/revisions\/14292516"}],"wp:featuredmedia":[{"embeddable":true,"href":"https:\/\/kapitalis.com\/tunisie\/wp-json\/wp\/v2\/media\/14292508"}],"wp:attachment":[{"href":"https:\/\/kapitalis.com\/tunisie\/wp-json\/wp\/v2\/media?parent=14292430"}],"wp:term":[{"taxonomy":"category","embeddable":true,"href":"https:\/\/kapitalis.com\/tunisie\/wp-json\/wp\/v2\/categories?post=14292430"},{"taxonomy":"post_tag","embeddable":true,"href":"https:\/\/kapitalis.com\/tunisie\/wp-json\/wp\/v2\/tags?post=14292430"}],"curies":[{"name":"wp","href":"https:\/\/api.w.org\/{rel}","templated":true}]}}