{"id":1430670,"date":"2022-06-13T22:18:36","date_gmt":"2022-06-13T21:18:36","guid":{"rendered":"https:\/\/kapitalis.com\/tunisie\/?p=1430670"},"modified":"2022-06-13T22:18:39","modified_gmt":"2022-06-13T21:18:39","slug":"sabrine-ayed-laureate-des-prix-de-la-meilleure-these-de-nice-et-de-lanacofi-recue-par-lambassadeur-de-tunisie-en-france","status":"publish","type":"post","link":"https:\/\/kapitalis.com\/tunisie\/2022\/06\/13\/sabrine-ayed-laureate-des-prix-de-la-meilleure-these-de-nice-et-de-lanacofi-recue-par-lambassadeur-de-tunisie-en-france\/","title":{"rendered":"Sabrine Ayed, laur\u00e9ate des Prix de la meilleure th\u00e8se de Nice et de l&rsquo;ANACOFI, re\u00e7ue par l&rsquo;ambassadeur de Tunisie en France"},"content":{"rendered":"\n<p><\/p>\n\n\n\n<p><em><strong>L&rsquo;ambassadeur de Tunisie en France Mohamed Karim Jamoussi a re\u00e7u , ce lundi 13 juin 2022, l\u2019enseignante-chercheuse \u00e0 l&rsquo;EMLV Business School, Sabrine Ayed, qui vient d&rsquo;obtenir le Prix de la meilleure th\u00e8se de la ville de Nice.<\/strong><\/em><\/p>\n\n\n\n<!--more-->\n\n\n\n<p>C&rsquo;est ce qu&rsquo;indique un communiqu\u00e9 de l&rsquo;ambassade tunisienne, en pr\u00e9cisant que Sabrine Ayed a aussi r\u00e9cemment d\u00e9croch\u00e9 le Prix de la meilleure th\u00e8se de l\u2019Association nationale des conseils financiers (ANACOFI), et ce, pour sa th\u00e8se intitul\u00e9e \u00ab<em> La Responsabilit\u00e9 Soci\u00e9tale des Entreprises et l&rsquo;Efficience des March\u00e9s Financiers \u00bb.<\/em><\/p>\n\n\n\n<p>L&rsquo;Ambassadeur Mohamed Karim Jamoussi l&rsquo;a de ce fait re\u00e7ue, aujourd&rsquo;hui, afin de la f\u00e9liciter pour ces distinctions, ajoute le communiqu\u00e9.<\/p>\n\n\n\n<figure class=\"wp-block-gallery aligncenter has-nested-images columns-default is-cropped wp-block-gallery-1 is-layout-flex wp-block-gallery-is-layout-flex\">\n<figure class=\"wp-block-image size-large\"><img loading=\"lazy\" decoding=\"async\" width=\"1024\" height=\"767\" data-id=\"1431013\" src=\"https:\/\/kapitalis.com\/tunisie\/wp-content\/uploads\/2022\/06\/sa3-1024x767.jpg\" alt=\"\" class=\"wp-image-1431013\" srcset=\"https:\/\/kapitalis.com\/tunisie\/wp-content\/uploads\/2022\/06\/sa3-1024x767.jpg 1024w, https:\/\/kapitalis.com\/tunisie\/wp-content\/uploads\/2022\/06\/sa3-300x225.jpg 300w, https:\/\/kapitalis.com\/tunisie\/wp-content\/uploads\/2022\/06\/sa3-768x575.jpg 768w, https:\/\/kapitalis.com\/tunisie\/wp-content\/uploads\/2022\/06\/sa3-1536x1151.jpg 1536w, https:\/\/kapitalis.com\/tunisie\/wp-content\/uploads\/2022\/06\/sa3-580x434.jpg 580w, https:\/\/kapitalis.com\/tunisie\/wp-content\/uploads\/2022\/06\/sa3-860x644.jpg 860w, https:\/\/kapitalis.com\/tunisie\/wp-content\/uploads\/2022\/06\/sa3-1160x869.jpg 1160w, https:\/\/kapitalis.com\/tunisie\/wp-content\/uploads\/2022\/06\/sa3.jpg 2048w\" sizes=\"auto, (max-width: 1024px) 100vw, 1024px\" \/><\/figure>\n\n\n\n<figure class=\"wp-block-image size-large\"><img loading=\"lazy\" decoding=\"async\" width=\"1024\" height=\"768\" data-id=\"1431014\" src=\"https:\/\/kapitalis.com\/tunisie\/wp-content\/uploads\/2022\/06\/sa2-1024x768.jpg\" alt=\"\" class=\"wp-image-1431014\" srcset=\"https:\/\/kapitalis.com\/tunisie\/wp-content\/uploads\/2022\/06\/sa2-1024x768.jpg 1024w, https:\/\/kapitalis.com\/tunisie\/wp-content\/uploads\/2022\/06\/sa2-300x225.jpg 300w, https:\/\/kapitalis.com\/tunisie\/wp-content\/uploads\/2022\/06\/sa2-768x576.jpg 768w, https:\/\/kapitalis.com\/tunisie\/wp-content\/uploads\/2022\/06\/sa2-1536x1152.jpg 1536w, https:\/\/kapitalis.com\/tunisie\/wp-content\/uploads\/2022\/06\/sa2-580x435.jpg 580w, https:\/\/kapitalis.com\/tunisie\/wp-content\/uploads\/2022\/06\/sa2-860x645.jpg 860w, https:\/\/kapitalis.com\/tunisie\/wp-content\/uploads\/2022\/06\/sa2-1160x870.jpg 1160w, https:\/\/kapitalis.com\/tunisie\/wp-content\/uploads\/2022\/06\/sa2.jpg 2048w\" sizes=\"auto, (max-width: 1024px) 100vw, 1024px\" \/><\/figure>\n<\/figure>\n\n\n\n<p>L&rsquo;Ecole de Management L\u00e9onard de Vinci (<a href=\"https:\/\/www.emlv.fr\/sabrina-ayed-enseignante-emlv-prix-de-la-meilleure-these-de-doctorat-anacofiemlv\/\" target=\"_blank\" rel=\"noreferrer noopener\">EMLV<\/a>) pr\u00e9cise que le prix de th\u00e8se de l\u2019ANACOFI \u00ab<em>r\u00e9compense les meilleures th\u00e8ses qui pr\u00e9sentent une contribution remarquable dans les domaines suivants : gestion de patrimoine, conseil en finance et d\u00e9veloppement des entreprises et environnemental, social et bonne gouvernance\u00bb.<\/em><\/p>\n\n\n\n<p><em>\u00abLa th\u00e8se de Sabrine Ayed met l\u2019accent sur une nouvelle implication financi\u00e8re de la RSE et contribue \u00e0 la litt\u00e9rature de l\u2019efficience des march\u00e9s financiers\u00bb,<\/em> pr\u00e9cise encore l&rsquo;EMLV.<\/p>\n\n\n\n<p class=\"has-text-align-right\"><strong>Y. N.<\/strong><\/p>\n","protected":false},"excerpt":{"rendered":"<p>Sabrine Ayed, laur\u00e9ate du prix de la meilleure th\u00e8se de Nice et de l&rsquo;ANACOFI re\u00e7ue par l&rsquo;ambassadeur de Tunisie en France<\/p>\n","protected":false},"author":6,"featured_media":1430998,"comment_status":"open","ping_status":"open","sticky":false,"template":"","format":"standard","meta":{"footnotes":""},"categories":[998,2433],"tags":[100558,100561,100559,100560,65696,15920,100557,62643],"class_list":["post-1430670","post","type-post","status-publish","format-standard","has-post-thumbnail","hentry","category-societe","category-tunisie","tag-anacofi","tag-chercheuse","tag-emlv","tag-meilleure-these","tag-mohamed-karim-jamoussi","tag-nice","tag-sabrine-ayed","tag-tunisie"],"yoast_head":"<!-- This site is optimized with the Yoast SEO plugin v26.6 - https:\/\/yoast.com\/wordpress\/plugins\/seo\/ -->\n<title>Sabrine Ayed, laur\u00e9ate des Prix de la meilleure th\u00e8se de Nice et de l&#039;ANACOFI, re\u00e7ue par l&#039;ambassadeur de Tunisie en France - Kapitalis<\/title>\n<meta name=\"description\" content=\"L&#039;ambassadeur de Tunisie en France Mohamed Karim Jamoussi a re\u00e7u , ce lundi 13 juin 2022, l\u2019enseignante-chercheuse \u00e0 l&#039;EMLV Business School, Sabrine Ayed, qui vient d&#039;obtenir le prix de la meilleure th\u00e8se de la ville de Nice.\" \/>\n<meta name=\"robots\" content=\"index, follow, max-snippet:-1, max-image-preview:large, max-video-preview:-1\" \/>\n<link rel=\"canonical\" href=\"https:\/\/kapitalis.com\/tunisie\/2022\/06\/13\/sabrine-ayed-laureate-des-prix-de-la-meilleure-these-de-nice-et-de-lanacofi-recue-par-lambassadeur-de-tunisie-en-france\/\" \/>\n<meta property=\"og:locale\" content=\"fr_FR\" \/>\n<meta property=\"og:type\" content=\"article\" \/>\n<meta property=\"og:title\" content=\"Sabrine Ayed, laur\u00e9ate des Prix de la meilleure th\u00e8se de Nice et de l&#039;ANACOFI, re\u00e7ue par l&#039;ambassadeur de Tunisie en France - Kapitalis\" \/>\n<meta property=\"og:description\" content=\"L&#039;ambassadeur de Tunisie en France Mohamed Karim Jamoussi a re\u00e7u , ce lundi 13 juin 2022, l\u2019enseignante-chercheuse \u00e0 l&#039;EMLV Business School, Sabrine Ayed, qui vient d&#039;obtenir le prix de la meilleure th\u00e8se de la ville de Nice.\" \/>\n<meta property=\"og:url\" content=\"https:\/\/kapitalis.com\/tunisie\/2022\/06\/13\/sabrine-ayed-laureate-des-prix-de-la-meilleure-these-de-nice-et-de-lanacofi-recue-par-lambassadeur-de-tunisie-en-france\/\" \/>\n<meta property=\"og:site_name\" content=\"Kapitalis\" \/>\n<meta property=\"article:publisher\" content=\"https:\/\/www.facebook.com\/KapitalisInfo\/\" \/>\n<meta property=\"article:published_time\" content=\"2022-06-13T21:18:36+00:00\" \/>\n<meta property=\"article:modified_time\" content=\"2022-06-13T21:18:39+00:00\" \/>\n<meta property=\"og:image\" content=\"https:\/\/kapitalis.com\/tunisie\/wp-content\/uploads\/2022\/06\/Sabrine-Ayed.jpg\" \/>\n\t<meta property=\"og:image:width\" content=\"1200\" \/>\n\t<meta property=\"og:image:height\" content=\"630\" \/>\n\t<meta property=\"og:image:type\" content=\"image\/jpeg\" \/>\n<meta name=\"author\" content=\"Yusra NY\" \/>\n<meta name=\"twitter:card\" content=\"summary_large_image\" \/>\n<meta name=\"twitter:creator\" content=\"@KapitalisInfo\" \/>\n<meta name=\"twitter:site\" content=\"@KapitalisInfo\" \/>\n<meta name=\"twitter:label1\" content=\"\u00c9crit par\" \/>\n\t<meta name=\"twitter:data1\" content=\"Yusra NY\" \/>\n\t<meta name=\"twitter:label2\" content=\"Dur\u00e9e de lecture estim\u00e9e\" \/>\n\t<meta name=\"twitter:data2\" content=\"2 minutes\" \/>\n<script type=\"application\/ld+json\" class=\"yoast-schema-graph\">{\"@context\":\"https:\/\/schema.org\",\"@graph\":[{\"@type\":\"Article\",\"@id\":\"https:\/\/kapitalis.com\/tunisie\/2022\/06\/13\/sabrine-ayed-laureate-des-prix-de-la-meilleure-these-de-nice-et-de-lanacofi-recue-par-lambassadeur-de-tunisie-en-france\/#article\",\"isPartOf\":{\"@id\":\"https:\/\/kapitalis.com\/tunisie\/2022\/06\/13\/sabrine-ayed-laureate-des-prix-de-la-meilleure-these-de-nice-et-de-lanacofi-recue-par-lambassadeur-de-tunisie-en-france\/\"},\"author\":{\"name\":\"Yusra NY\",\"@id\":\"https:\/\/kapitalis.com\/tunisie\/#\/schema\/person\/74bbde0154d49d790a92aaeac5bc01d5\"},\"headline\":\"Sabrine Ayed, laur\u00e9ate des Prix de la meilleure th\u00e8se de Nice et de l&rsquo;ANACOFI, re\u00e7ue par l&rsquo;ambassadeur de Tunisie en France\",\"datePublished\":\"2022-06-13T21:18:36+00:00\",\"dateModified\":\"2022-06-13T21:18:39+00:00\",\"mainEntityOfPage\":{\"@id\":\"https:\/\/kapitalis.com\/tunisie\/2022\/06\/13\/sabrine-ayed-laureate-des-prix-de-la-meilleure-these-de-nice-et-de-lanacofi-recue-par-lambassadeur-de-tunisie-en-france\/\"},\"wordCount\":225,\"commentCount\":1,\"publisher\":{\"@id\":\"https:\/\/kapitalis.com\/tunisie\/#organization\"},\"image\":{\"@id\":\"https:\/\/kapitalis.com\/tunisie\/2022\/06\/13\/sabrine-ayed-laureate-des-prix-de-la-meilleure-these-de-nice-et-de-lanacofi-recue-par-lambassadeur-de-tunisie-en-france\/#primaryimage\"},\"thumbnailUrl\":\"https:\/\/kapitalis.com\/tunisie\/wp-content\/uploads\/2022\/06\/Sabrine-Ayed.jpg\",\"keywords\":[\"ANACOFI\",\"chercheuse\",\"EMLV\",\"meilleure th\u00e8se\",\"Mohamed Karim Jamoussi\",\"Nice\",\"Sabrine Ayed\",\"Tunisie\"],\"articleSection\":[\"SOCIETE\",\"Tunisie\"],\"inLanguage\":\"fr-FR\",\"potentialAction\":[{\"@type\":\"CommentAction\",\"name\":\"Comment\",\"target\":[\"https:\/\/kapitalis.com\/tunisie\/2022\/06\/13\/sabrine-ayed-laureate-des-prix-de-la-meilleure-these-de-nice-et-de-lanacofi-recue-par-lambassadeur-de-tunisie-en-france\/#respond\"]}]},{\"@type\":\"WebPage\",\"@id\":\"https:\/\/kapitalis.com\/tunisie\/2022\/06\/13\/sabrine-ayed-laureate-des-prix-de-la-meilleure-these-de-nice-et-de-lanacofi-recue-par-lambassadeur-de-tunisie-en-france\/\",\"url\":\"https:\/\/kapitalis.com\/tunisie\/2022\/06\/13\/sabrine-ayed-laureate-des-prix-de-la-meilleure-these-de-nice-et-de-lanacofi-recue-par-lambassadeur-de-tunisie-en-france\/\",\"name\":\"Sabrine Ayed, laur\u00e9ate des Prix de la meilleure th\u00e8se de Nice et de l'ANACOFI, re\u00e7ue par l'ambassadeur de Tunisie en France - Kapitalis\",\"isPartOf\":{\"@id\":\"https:\/\/kapitalis.com\/tunisie\/#website\"},\"primaryImageOfPage\":{\"@id\":\"https:\/\/kapitalis.com\/tunisie\/2022\/06\/13\/sabrine-ayed-laureate-des-prix-de-la-meilleure-these-de-nice-et-de-lanacofi-recue-par-lambassadeur-de-tunisie-en-france\/#primaryimage\"},\"image\":{\"@id\":\"https:\/\/kapitalis.com\/tunisie\/2022\/06\/13\/sabrine-ayed-laureate-des-prix-de-la-meilleure-these-de-nice-et-de-lanacofi-recue-par-lambassadeur-de-tunisie-en-france\/#primaryimage\"},\"thumbnailUrl\":\"https:\/\/kapitalis.com\/tunisie\/wp-content\/uploads\/2022\/06\/Sabrine-Ayed.jpg\",\"datePublished\":\"2022-06-13T21:18:36+00:00\",\"dateModified\":\"2022-06-13T21:18:39+00:00\",\"description\":\"L'ambassadeur de Tunisie en France Mohamed Karim Jamoussi a re\u00e7u , ce lundi 13 juin 2022, l\u2019enseignante-chercheuse \u00e0 l'EMLV Business School, Sabrine Ayed, qui vient d'obtenir le prix de la meilleure th\u00e8se de la ville de Nice.\",\"breadcrumb\":{\"@id\":\"https:\/\/kapitalis.com\/tunisie\/2022\/06\/13\/sabrine-ayed-laureate-des-prix-de-la-meilleure-these-de-nice-et-de-lanacofi-recue-par-lambassadeur-de-tunisie-en-france\/#breadcrumb\"},\"inLanguage\":\"fr-FR\",\"potentialAction\":[{\"@type\":\"ReadAction\",\"target\":[\"https:\/\/kapitalis.com\/tunisie\/2022\/06\/13\/sabrine-ayed-laureate-des-prix-de-la-meilleure-these-de-nice-et-de-lanacofi-recue-par-lambassadeur-de-tunisie-en-france\/\"]}]},{\"@type\":\"ImageObject\",\"inLanguage\":\"fr-FR\",\"@id\":\"https:\/\/kapitalis.com\/tunisie\/2022\/06\/13\/sabrine-ayed-laureate-des-prix-de-la-meilleure-these-de-nice-et-de-lanacofi-recue-par-lambassadeur-de-tunisie-en-france\/#primaryimage\",\"url\":\"https:\/\/kapitalis.com\/tunisie\/wp-content\/uploads\/2022\/06\/Sabrine-Ayed.jpg\",\"contentUrl\":\"https:\/\/kapitalis.com\/tunisie\/wp-content\/uploads\/2022\/06\/Sabrine-Ayed.jpg\",\"width\":1200,\"height\":630},{\"@type\":\"BreadcrumbList\",\"@id\":\"https:\/\/kapitalis.com\/tunisie\/2022\/06\/13\/sabrine-ayed-laureate-des-prix-de-la-meilleure-these-de-nice-et-de-lanacofi-recue-par-lambassadeur-de-tunisie-en-france\/#breadcrumb\",\"itemListElement\":[{\"@type\":\"ListItem\",\"position\":1,\"name\":\"Accueil\",\"item\":\"https:\/\/kapitalis.com\/tunisie\/\"},{\"@type\":\"ListItem\",\"position\":2,\"name\":\"Sabrine Ayed, laur\u00e9ate des Prix de la meilleure th\u00e8se de Nice et de l&rsquo;ANACOFI, re\u00e7ue par l&rsquo;ambassadeur de Tunisie en France\"}]},{\"@type\":\"WebSite\",\"@id\":\"https:\/\/kapitalis.com\/tunisie\/#website\",\"url\":\"https:\/\/kapitalis.com\/tunisie\/\",\"name\":\"Kapitalis\",\"description\":\"L&#039;actualit\u00e9 en Tunisie et dans le monde\",\"publisher\":{\"@id\":\"https:\/\/kapitalis.com\/tunisie\/#organization\"},\"potentialAction\":[{\"@type\":\"SearchAction\",\"target\":{\"@type\":\"EntryPoint\",\"urlTemplate\":\"https:\/\/kapitalis.com\/tunisie\/?s={search_term_string}\"},\"query-input\":{\"@type\":\"PropertyValueSpecification\",\"valueRequired\":true,\"valueName\":\"search_term_string\"}}],\"inLanguage\":\"fr-FR\"},{\"@type\":\"Organization\",\"@id\":\"https:\/\/kapitalis.com\/tunisie\/#organization\",\"name\":\"Kapitalis\",\"url\":\"https:\/\/kapitalis.com\/tunisie\/\",\"logo\":{\"@type\":\"ImageObject\",\"inLanguage\":\"fr-FR\",\"@id\":\"https:\/\/kapitalis.com\/tunisie\/#\/schema\/logo\/image\/\",\"url\":\"https:\/\/kapitalis.com\/tunisie\/wp-content\/uploads\/2022\/05\/Kapitalis-big-size.png\",\"contentUrl\":\"https:\/\/kapitalis.com\/tunisie\/wp-content\/uploads\/2022\/05\/Kapitalis-big-size.png\",\"width\":5000,\"height\":1500,\"caption\":\"Kapitalis\"},\"image\":{\"@id\":\"https:\/\/kapitalis.com\/tunisie\/#\/schema\/logo\/image\/\"},\"sameAs\":[\"https:\/\/www.facebook.com\/KapitalisInfo\/\",\"https:\/\/x.com\/KapitalisInfo\",\"https:\/\/www.youtube.com\/channel\/UC-yDYrHyfFBWWZaOw3FPg9Q\"]},{\"@type\":\"Person\",\"@id\":\"https:\/\/kapitalis.com\/tunisie\/#\/schema\/person\/74bbde0154d49d790a92aaeac5bc01d5\",\"name\":\"Yusra NY\",\"url\":\"https:\/\/kapitalis.com\/tunisie\/author\/yuza_adam\/\"}]}<\/script>\n<!-- \/ Yoast SEO plugin. -->","yoast_head_json":{"title":"Sabrine Ayed, laur\u00e9ate des Prix de la meilleure th\u00e8se de Nice et de l'ANACOFI, re\u00e7ue par l'ambassadeur de Tunisie en France - Kapitalis","description":"L'ambassadeur de Tunisie en France Mohamed Karim Jamoussi a re\u00e7u , ce lundi 13 juin 2022, l\u2019enseignante-chercheuse \u00e0 l'EMLV Business School, Sabrine Ayed, qui vient d'obtenir le prix de la meilleure th\u00e8se de la ville de Nice.","robots":{"index":"index","follow":"follow","max-snippet":"max-snippet:-1","max-image-preview":"max-image-preview:large","max-video-preview":"max-video-preview:-1"},"canonical":"https:\/\/kapitalis.com\/tunisie\/2022\/06\/13\/sabrine-ayed-laureate-des-prix-de-la-meilleure-these-de-nice-et-de-lanacofi-recue-par-lambassadeur-de-tunisie-en-france\/","og_locale":"fr_FR","og_type":"article","og_title":"Sabrine Ayed, laur\u00e9ate des Prix de la meilleure th\u00e8se de Nice et de l'ANACOFI, re\u00e7ue par l'ambassadeur de Tunisie en France - Kapitalis","og_description":"L'ambassadeur de Tunisie en France Mohamed Karim Jamoussi a re\u00e7u , ce lundi 13 juin 2022, l\u2019enseignante-chercheuse \u00e0 l'EMLV Business School, Sabrine Ayed, qui vient d'obtenir le prix de la meilleure th\u00e8se de la ville de Nice.","og_url":"https:\/\/kapitalis.com\/tunisie\/2022\/06\/13\/sabrine-ayed-laureate-des-prix-de-la-meilleure-these-de-nice-et-de-lanacofi-recue-par-lambassadeur-de-tunisie-en-france\/","og_site_name":"Kapitalis","article_publisher":"https:\/\/www.facebook.com\/KapitalisInfo\/","article_published_time":"2022-06-13T21:18:36+00:00","article_modified_time":"2022-06-13T21:18:39+00:00","og_image":[{"width":1200,"height":630,"url":"https:\/\/kapitalis.com\/tunisie\/wp-content\/uploads\/2022\/06\/Sabrine-Ayed.jpg","type":"image\/jpeg"}],"author":"Yusra NY","twitter_card":"summary_large_image","twitter_creator":"@KapitalisInfo","twitter_site":"@KapitalisInfo","twitter_misc":{"\u00c9crit par":"Yusra NY","Dur\u00e9e de lecture estim\u00e9e":"2 minutes"},"schema":{"@context":"https:\/\/schema.org","@graph":[{"@type":"Article","@id":"https:\/\/kapitalis.com\/tunisie\/2022\/06\/13\/sabrine-ayed-laureate-des-prix-de-la-meilleure-these-de-nice-et-de-lanacofi-recue-par-lambassadeur-de-tunisie-en-france\/#article","isPartOf":{"@id":"https:\/\/kapitalis.com\/tunisie\/2022\/06\/13\/sabrine-ayed-laureate-des-prix-de-la-meilleure-these-de-nice-et-de-lanacofi-recue-par-lambassadeur-de-tunisie-en-france\/"},"author":{"name":"Yusra NY","@id":"https:\/\/kapitalis.com\/tunisie\/#\/schema\/person\/74bbde0154d49d790a92aaeac5bc01d5"},"headline":"Sabrine Ayed, laur\u00e9ate des Prix de la meilleure th\u00e8se de Nice et de l&rsquo;ANACOFI, re\u00e7ue par l&rsquo;ambassadeur de Tunisie en France","datePublished":"2022-06-13T21:18:36+00:00","dateModified":"2022-06-13T21:18:39+00:00","mainEntityOfPage":{"@id":"https:\/\/kapitalis.com\/tunisie\/2022\/06\/13\/sabrine-ayed-laureate-des-prix-de-la-meilleure-these-de-nice-et-de-lanacofi-recue-par-lambassadeur-de-tunisie-en-france\/"},"wordCount":225,"commentCount":1,"publisher":{"@id":"https:\/\/kapitalis.com\/tunisie\/#organization"},"image":{"@id":"https:\/\/kapitalis.com\/tunisie\/2022\/06\/13\/sabrine-ayed-laureate-des-prix-de-la-meilleure-these-de-nice-et-de-lanacofi-recue-par-lambassadeur-de-tunisie-en-france\/#primaryimage"},"thumbnailUrl":"https:\/\/kapitalis.com\/tunisie\/wp-content\/uploads\/2022\/06\/Sabrine-Ayed.jpg","keywords":["ANACOFI","chercheuse","EMLV","meilleure th\u00e8se","Mohamed Karim Jamoussi","Nice","Sabrine Ayed","Tunisie"],"articleSection":["SOCIETE","Tunisie"],"inLanguage":"fr-FR","potentialAction":[{"@type":"CommentAction","name":"Comment","target":["https:\/\/kapitalis.com\/tunisie\/2022\/06\/13\/sabrine-ayed-laureate-des-prix-de-la-meilleure-these-de-nice-et-de-lanacofi-recue-par-lambassadeur-de-tunisie-en-france\/#respond"]}]},{"@type":"WebPage","@id":"https:\/\/kapitalis.com\/tunisie\/2022\/06\/13\/sabrine-ayed-laureate-des-prix-de-la-meilleure-these-de-nice-et-de-lanacofi-recue-par-lambassadeur-de-tunisie-en-france\/","url":"https:\/\/kapitalis.com\/tunisie\/2022\/06\/13\/sabrine-ayed-laureate-des-prix-de-la-meilleure-these-de-nice-et-de-lanacofi-recue-par-lambassadeur-de-tunisie-en-france\/","name":"Sabrine Ayed, laur\u00e9ate des Prix de la meilleure th\u00e8se de Nice et de l'ANACOFI, re\u00e7ue par l'ambassadeur de Tunisie en France - Kapitalis","isPartOf":{"@id":"https:\/\/kapitalis.com\/tunisie\/#website"},"primaryImageOfPage":{"@id":"https:\/\/kapitalis.com\/tunisie\/2022\/06\/13\/sabrine-ayed-laureate-des-prix-de-la-meilleure-these-de-nice-et-de-lanacofi-recue-par-lambassadeur-de-tunisie-en-france\/#primaryimage"},"image":{"@id":"https:\/\/kapitalis.com\/tunisie\/2022\/06\/13\/sabrine-ayed-laureate-des-prix-de-la-meilleure-these-de-nice-et-de-lanacofi-recue-par-lambassadeur-de-tunisie-en-france\/#primaryimage"},"thumbnailUrl":"https:\/\/kapitalis.com\/tunisie\/wp-content\/uploads\/2022\/06\/Sabrine-Ayed.jpg","datePublished":"2022-06-13T21:18:36+00:00","dateModified":"2022-06-13T21:18:39+00:00","description":"L'ambassadeur de Tunisie en France Mohamed Karim Jamoussi a re\u00e7u , ce lundi 13 juin 2022, l\u2019enseignante-chercheuse \u00e0 l'EMLV Business School, Sabrine Ayed, qui vient d'obtenir le prix de la meilleure th\u00e8se de la ville de Nice.","breadcrumb":{"@id":"https:\/\/kapitalis.com\/tunisie\/2022\/06\/13\/sabrine-ayed-laureate-des-prix-de-la-meilleure-these-de-nice-et-de-lanacofi-recue-par-lambassadeur-de-tunisie-en-france\/#breadcrumb"},"inLanguage":"fr-FR","potentialAction":[{"@type":"ReadAction","target":["https:\/\/kapitalis.com\/tunisie\/2022\/06\/13\/sabrine-ayed-laureate-des-prix-de-la-meilleure-these-de-nice-et-de-lanacofi-recue-par-lambassadeur-de-tunisie-en-france\/"]}]},{"@type":"ImageObject","inLanguage":"fr-FR","@id":"https:\/\/kapitalis.com\/tunisie\/2022\/06\/13\/sabrine-ayed-laureate-des-prix-de-la-meilleure-these-de-nice-et-de-lanacofi-recue-par-lambassadeur-de-tunisie-en-france\/#primaryimage","url":"https:\/\/kapitalis.com\/tunisie\/wp-content\/uploads\/2022\/06\/Sabrine-Ayed.jpg","contentUrl":"https:\/\/kapitalis.com\/tunisie\/wp-content\/uploads\/2022\/06\/Sabrine-Ayed.jpg","width":1200,"height":630},{"@type":"BreadcrumbList","@id":"https:\/\/kapitalis.com\/tunisie\/2022\/06\/13\/sabrine-ayed-laureate-des-prix-de-la-meilleure-these-de-nice-et-de-lanacofi-recue-par-lambassadeur-de-tunisie-en-france\/#breadcrumb","itemListElement":[{"@type":"ListItem","position":1,"name":"Accueil","item":"https:\/\/kapitalis.com\/tunisie\/"},{"@type":"ListItem","position":2,"name":"Sabrine Ayed, laur\u00e9ate des Prix de la meilleure th\u00e8se de Nice et de l&rsquo;ANACOFI, re\u00e7ue par l&rsquo;ambassadeur de Tunisie en France"}]},{"@type":"WebSite","@id":"https:\/\/kapitalis.com\/tunisie\/#website","url":"https:\/\/kapitalis.com\/tunisie\/","name":"Kapitalis","description":"L&#039;actualit\u00e9 en Tunisie et dans le monde","publisher":{"@id":"https:\/\/kapitalis.com\/tunisie\/#organization"},"potentialAction":[{"@type":"SearchAction","target":{"@type":"EntryPoint","urlTemplate":"https:\/\/kapitalis.com\/tunisie\/?s={search_term_string}"},"query-input":{"@type":"PropertyValueSpecification","valueRequired":true,"valueName":"search_term_string"}}],"inLanguage":"fr-FR"},{"@type":"Organization","@id":"https:\/\/kapitalis.com\/tunisie\/#organization","name":"Kapitalis","url":"https:\/\/kapitalis.com\/tunisie\/","logo":{"@type":"ImageObject","inLanguage":"fr-FR","@id":"https:\/\/kapitalis.com\/tunisie\/#\/schema\/logo\/image\/","url":"https:\/\/kapitalis.com\/tunisie\/wp-content\/uploads\/2022\/05\/Kapitalis-big-size.png","contentUrl":"https:\/\/kapitalis.com\/tunisie\/wp-content\/uploads\/2022\/05\/Kapitalis-big-size.png","width":5000,"height":1500,"caption":"Kapitalis"},"image":{"@id":"https:\/\/kapitalis.com\/tunisie\/#\/schema\/logo\/image\/"},"sameAs":["https:\/\/www.facebook.com\/KapitalisInfo\/","https:\/\/x.com\/KapitalisInfo","https:\/\/www.youtube.com\/channel\/UC-yDYrHyfFBWWZaOw3FPg9Q"]},{"@type":"Person","@id":"https:\/\/kapitalis.com\/tunisie\/#\/schema\/person\/74bbde0154d49d790a92aaeac5bc01d5","name":"Yusra NY","url":"https:\/\/kapitalis.com\/tunisie\/author\/yuza_adam\/"}]}},"_links":{"self":[{"href":"https:\/\/kapitalis.com\/tunisie\/wp-json\/wp\/v2\/posts\/1430670","targetHints":{"allow":["GET"]}}],"collection":[{"href":"https:\/\/kapitalis.com\/tunisie\/wp-json\/wp\/v2\/posts"}],"about":[{"href":"https:\/\/kapitalis.com\/tunisie\/wp-json\/wp\/v2\/types\/post"}],"author":[{"embeddable":true,"href":"https:\/\/kapitalis.com\/tunisie\/wp-json\/wp\/v2\/users\/6"}],"replies":[{"embeddable":true,"href":"https:\/\/kapitalis.com\/tunisie\/wp-json\/wp\/v2\/comments?post=1430670"}],"version-history":[{"count":0,"href":"https:\/\/kapitalis.com\/tunisie\/wp-json\/wp\/v2\/posts\/1430670\/revisions"}],"wp:featuredmedia":[{"embeddable":true,"href":"https:\/\/kapitalis.com\/tunisie\/wp-json\/wp\/v2\/media\/1430998"}],"wp:attachment":[{"href":"https:\/\/kapitalis.com\/tunisie\/wp-json\/wp\/v2\/media?parent=1430670"}],"wp:term":[{"taxonomy":"category","embeddable":true,"href":"https:\/\/kapitalis.com\/tunisie\/wp-json\/wp\/v2\/categories?post=1430670"},{"taxonomy":"post_tag","embeddable":true,"href":"https:\/\/kapitalis.com\/tunisie\/wp-json\/wp\/v2\/tags?post=1430670"}],"curies":[{"name":"wp","href":"https:\/\/api.w.org\/{rel}","templated":true}]}}