{"id":14325702,"date":"2024-10-23T09:17:33","date_gmt":"2024-10-23T08:17:33","guid":{"rendered":"https:\/\/kapitalis.com\/tunisie\/?p=14325702"},"modified":"2024-10-23T09:23:42","modified_gmt":"2024-10-23T08:23:42","slug":"tunisie-maghzaoui-appelle-saied-a-un-apaisement-politique","status":"publish","type":"post","link":"https:\/\/kapitalis.com\/tunisie\/2024\/10\/23\/tunisie-maghzaoui-appelle-saied-a-un-apaisement-politique\/","title":{"rendered":"Tunisie\u00a0: Maghzaoui appelle Sa\u00efed \u00e0 un \u00abapaisement politique\u00bb"},"content":{"rendered":"\n<p><strong><em>L\u2019ex-candidat \u00e0 la pr\u00e9sidentielle du 6 octobre, Zouha\u00efr Maghzaoui, a appel\u00e9 le pr\u00e9sident \u00e9lu pour un second mandat, Ka\u00efs Sa\u00efed, \u00e0 \u00abtrancher d\u00e9finitivement la pol\u00e9mique relative \u00e0 la candidature aux prochaines \u00e9lections\u00bb, en 2029, et \u00e0 \u00abrespecter les normes d\u00e9mocratiques et les r\u00e8gles constitutionnelles\u00bb.<\/em><\/strong><\/p>\n\n\n\n<!--more-->\n\n\n\n<p>Rompant le <a href=\"https:\/\/kapitalis.com\/tunisie\/2024\/10\/13\/tunisie-le-silence-assourdissant-de-zouhair-maghzaoui\/\" target=\"_blank\" rel=\"noreferrer noopener\">silence<\/a> ayant suivi son \u00e9chec \u00e9lectoral, le leader du mouvement Echa\u00e2b (nationaliste arabe) a publi\u00e9, mercredi soir, 22 octobre 2024, un communiqu\u00e9 sur sa page Facebook o\u00f9 il a souhait\u00e9 le succ\u00e8s au pr\u00e9sident \u00e9lu, avec tout de m\u00eame un certain retard. <\/p>\n\n\n\n<p>Sans mettre en doute les r\u00e9sultats annonc\u00e9s par l\u2019Instance sup\u00e9rieure ind\u00e9pendante pour les \u00e9lections (Isie), comme il l\u2019avait fait \u00e0 chaud le lendemain du scrutin, Maghzaoui a appel\u00e9 Sa\u00efed \u00e0 mettre fin d\u00e8s \u00e0 pr\u00e9sent aux<em> \u00abmounachadat\u00bb<\/em>. Traduire\u00a0: les appels \u00e9manant de ses partisans pour qu\u2019il se pr\u00e9sente une nouvelle fois en 2029. <\/p>\n\n\n\n<p>Il l\u2019a \u00e9galement averti contre le d\u00e9sint\u00e9r\u00eat des Tunisiens, leur indiff\u00e9rence et leur boycottage des \u00e9lections qui se sont traduits par un taux d\u2019abstention de 70% et l&rsquo;a appel\u00e9 \u00e0 <em>\u00abse concentrer concr\u00e8tement sur l\u2019am\u00e9lioration de la situation du peuple tunisien sur les plans \u00e9conomique et social\u00bb<\/em>.<\/p>\n\n\n\n<p>Selon Maghzaoui, le pr\u00e9sident \u00e9lu <em>\u00abn\u2019a pr\u00e9sent\u00e9 aucun programme r\u00e9aliste et concret. Il a persist\u00e9 dans le discours fait de slogans pompeux et \u00e9cul\u00e9s, mena\u00e7ant et divisant les Tunisiennes et les Tunisiens, m\u00eame durant la c\u00e9r\u00e9monie de prestation de serment, balayant ainsi d\u2019un revers de la main les signaux d\u2019apaisement envoy\u00e9s par le directeur de sa campagne \u00e9lectorale\u00bb<\/em>, son fr\u00e8re Naoufel Sa\u00efed, au lendemain de la proclamation des r\u00e9sultats.<\/p>\n\n\n<div class=\"wp-block-image\">\n<figure class=\"aligncenter size-full\"><img loading=\"lazy\" decoding=\"async\" width=\"800\" height=\"800\" src=\"https:\/\/kapitalis.com\/tunisie\/wp-content\/uploads\/2024\/10\/Poste-Zoihair-Maghzaoui-1.jpg\" alt=\"\" class=\"wp-image-14325727\" srcset=\"https:\/\/kapitalis.com\/tunisie\/wp-content\/uploads\/2024\/10\/Poste-Zoihair-Maghzaoui-1.jpg 800w, https:\/\/kapitalis.com\/tunisie\/wp-content\/uploads\/2024\/10\/Poste-Zoihair-Maghzaoui-1-300x300.jpg 300w, https:\/\/kapitalis.com\/tunisie\/wp-content\/uploads\/2024\/10\/Poste-Zoihair-Maghzaoui-1-150x150.jpg 150w, https:\/\/kapitalis.com\/tunisie\/wp-content\/uploads\/2024\/10\/Poste-Zoihair-Maghzaoui-1-768x768.jpg 768w, https:\/\/kapitalis.com\/tunisie\/wp-content\/uploads\/2024\/10\/Poste-Zoihair-Maghzaoui-1-120x120.jpg 120w, https:\/\/kapitalis.com\/tunisie\/wp-content\/uploads\/2024\/10\/Poste-Zoihair-Maghzaoui-1-360x360.jpg 360w, https:\/\/kapitalis.com\/tunisie\/wp-content\/uploads\/2024\/10\/Poste-Zoihair-Maghzaoui-1-580x580.jpg 580w\" sizes=\"auto, (max-width: 800px) 100vw, 800px\" \/><\/figure>\n<\/div>\n\n\n<p>L\u2019ex-candidat \u00e0 la pr\u00e9sidentielle a, par ailleurs, exhort\u00e9 le pr\u00e9sident de la r\u00e9publique \u00e0 mettre en place la Cour constitutionnelle par respect pour la constitution et \u00e0 \u0153uvrer \u00e0 un apaisement politique dont le premier pas serait l\u2019abrogation du d\u00e9cret 54 [D\u00e9cret-loi n\u00b0 2022-54 du 13 septembre 2022, relatif \u00e0 la lutte contre les infractions se rapportant aux syst\u00e8mes d\u2019information et de communication], en vertu duquel beaucoup d\u2019activistes politiques, de militants de la soci\u00e9t\u00e9 civile, de journalistes et de simples citoyens sont poursuivis en justice et incarc\u00e9r\u00e9s.<\/p>\n\n\n\n<p>Rappelons que Maghzaoui est arriv\u00e9 troisi\u00e8me et dernier \u00e0 la derni\u00e8re pr\u00e9sidentielle, avec 1,97 des suffrages exprim\u00e9s, soit 52\u00a0903 voix, loin derri\u00e8re le pr\u00e9sident \u00e9lu (92,69%, 2\u00a0438\u00a0954) et Ayachi Zammel, leader du parti Azimoun (7,35%, 197\u00a0551). Ce dernier a \u00e9t\u00e9 condamn\u00e9, en pleine campagne \u00e9lectorale, \u00e0 de lourdes peines de prison pour falsification de parrainages.<\/p>\n\n\n\n<p class=\"has-text-align-right\"><strong>I. B.<\/strong><\/p>\n\n\n\n<figure class=\"wp-block-embed is-type-wp-embed is-provider-kapitalis wp-block-embed-kapitalis\"><div class=\"wp-block-embed__wrapper\">\n<blockquote class=\"wp-embedded-content\" data-secret=\"L2jbVOAVhR\"><a href=\"https:\/\/kapitalis.com\/tunisie\/2024\/10\/13\/tunisie-le-silence-assourdissant-de-zouhair-maghzaoui\/\">Tunisie\u00a0: le silence assourdissant de Zouhair Maghzaoui \u00a0<\/a><\/blockquote><iframe loading=\"lazy\" class=\"wp-embedded-content\" sandbox=\"allow-scripts\" security=\"restricted\" style=\"position: absolute; visibility: hidden;\" title=\"\u00ab\u00a0Tunisie\u00a0: le silence assourdissant de Zouhair Maghzaoui \u00a0\u00a0\u00bb &#8212; Kapitalis\" src=\"https:\/\/kapitalis.com\/tunisie\/2024\/10\/13\/tunisie-le-silence-assourdissant-de-zouhair-maghzaoui\/embed\/#?secret=m9dgvU3ye4#?secret=L2jbVOAVhR\" data-secret=\"L2jbVOAVhR\" width=\"600\" height=\"338\" frameborder=\"0\" marginwidth=\"0\" marginheight=\"0\" scrolling=\"no\"><\/iframe>\n<\/div><\/figure>\n","protected":false},"excerpt":{"rendered":"<p>Zouha\u00efr Maghzaoui a appel\u00e9 le pr\u00e9sident \u00e9lu Ka\u00efs Sa\u00efed \u00e0 \u00abtrancher d\u00e9finitivement la pol\u00e9mique relative \u00e0 la candidature aux prochaines \u00e9lections\u00bb, en 2029. <\/p>\n","protected":false},"author":8,"featured_media":13794604,"comment_status":"open","ping_status":"open","sticky":false,"template":"","format":"standard","meta":{"footnotes":""},"categories":[997,2433],"tags":[79858,102998,76012,18689,82600,4797,76228],"class_list":["post-14325702","post","type-post","status-publish","format-standard","has-post-thumbnail","hentry","category-politique","category-tunisie","tag-ayachi-zammel","tag-decret-54","tag-kais-saied-2","tag-mouvement-echaab","tag-naoufel-saied-2","tag-presidentielle","tag-zouhair-maghzaoui-2"],"yoast_head":"<!-- This site is optimized with the Yoast SEO plugin v26.6 - https:\/\/yoast.com\/wordpress\/plugins\/seo\/ -->\n<title>Tunisie\u00a0: Maghzaoui appelle Sa\u00efed \u00e0 un \u00abapaisement politique\u00bb - Kapitalis<\/title>\n<meta name=\"robots\" content=\"index, follow, max-snippet:-1, max-image-preview:large, max-video-preview:-1\" \/>\n<link rel=\"canonical\" href=\"https:\/\/kapitalis.com\/tunisie\/2024\/10\/23\/tunisie-maghzaoui-appelle-saied-a-un-apaisement-politique\/\" \/>\n<meta property=\"og:locale\" content=\"fr_FR\" \/>\n<meta property=\"og:type\" content=\"article\" \/>\n<meta property=\"og:title\" content=\"Tunisie\u00a0: Maghzaoui appelle Sa\u00efed \u00e0 un \u00abapaisement politique\u00bb - Kapitalis\" \/>\n<meta property=\"og:description\" content=\"Zouha\u00efr Maghzaoui a appel\u00e9 le pr\u00e9sident \u00e9lu Ka\u00efs Sa\u00efed \u00e0 \u00abtrancher d\u00e9finitivement la pol\u00e9mique relative \u00e0 la candidature aux prochaines \u00e9lections\u00bb, en 2029.\" \/>\n<meta property=\"og:url\" content=\"https:\/\/kapitalis.com\/tunisie\/2024\/10\/23\/tunisie-maghzaoui-appelle-saied-a-un-apaisement-politique\/\" \/>\n<meta property=\"og:site_name\" content=\"Kapitalis\" \/>\n<meta property=\"article:publisher\" content=\"https:\/\/www.facebook.com\/KapitalisInfo\/\" \/>\n<meta property=\"article:published_time\" content=\"2024-10-23T08:17:33+00:00\" \/>\n<meta property=\"article:modified_time\" content=\"2024-10-23T08:23:42+00:00\" \/>\n<meta property=\"og:image\" content=\"https:\/\/kapitalis.com\/tunisie\/wp-content\/uploads\/2024\/08\/Zouhair-Maghzaoui.jpg\" \/>\n\t<meta property=\"og:image:width\" content=\"1200\" \/>\n\t<meta property=\"og:image:height\" content=\"630\" \/>\n\t<meta property=\"og:image:type\" content=\"image\/jpeg\" \/>\n<meta name=\"author\" content=\"webmaster kapitalis\" \/>\n<meta name=\"twitter:card\" content=\"summary_large_image\" \/>\n<meta name=\"twitter:creator\" content=\"@KapitalisInfo\" \/>\n<meta name=\"twitter:site\" content=\"@KapitalisInfo\" \/>\n<meta name=\"twitter:label1\" content=\"\u00c9crit par\" \/>\n\t<meta name=\"twitter:data1\" content=\"webmaster kapitalis\" \/>\n\t<meta name=\"twitter:label2\" content=\"Dur\u00e9e de lecture estim\u00e9e\" \/>\n\t<meta name=\"twitter:data2\" content=\"3 minutes\" \/>\n<script type=\"application\/ld+json\" class=\"yoast-schema-graph\">{\"@context\":\"https:\/\/schema.org\",\"@graph\":[{\"@type\":\"Article\",\"@id\":\"https:\/\/kapitalis.com\/tunisie\/2024\/10\/23\/tunisie-maghzaoui-appelle-saied-a-un-apaisement-politique\/#article\",\"isPartOf\":{\"@id\":\"https:\/\/kapitalis.com\/tunisie\/2024\/10\/23\/tunisie-maghzaoui-appelle-saied-a-un-apaisement-politique\/\"},\"author\":{\"name\":\"webmaster kapitalis\",\"@id\":\"https:\/\/kapitalis.com\/tunisie\/#\/schema\/person\/d71f33a9ca44f7bad4698210b480c8e9\"},\"headline\":\"Tunisie\u00a0: Maghzaoui appelle Sa\u00efed \u00e0 un \u00abapaisement politique\u00bb\",\"datePublished\":\"2024-10-23T08:17:33+00:00\",\"dateModified\":\"2024-10-23T08:23:42+00:00\",\"mainEntityOfPage\":{\"@id\":\"https:\/\/kapitalis.com\/tunisie\/2024\/10\/23\/tunisie-maghzaoui-appelle-saied-a-un-apaisement-politique\/\"},\"wordCount\":452,\"commentCount\":2,\"publisher\":{\"@id\":\"https:\/\/kapitalis.com\/tunisie\/#organization\"},\"image\":{\"@id\":\"https:\/\/kapitalis.com\/tunisie\/2024\/10\/23\/tunisie-maghzaoui-appelle-saied-a-un-apaisement-politique\/#primaryimage\"},\"thumbnailUrl\":\"https:\/\/kapitalis.com\/tunisie\/wp-content\/uploads\/2024\/08\/Zouhair-Maghzaoui.jpg\",\"keywords\":[\"Ayachi Zammel\",\"d\u00e9cret 54\",\"Ka\u00efs Sa\u00efed\",\"Mouvement Echa\u00e2b\",\"Naoufel Sa\u00efed\",\"pr\u00e9sidentielle\",\"Zouha\u00efr Maghzaoui\"],\"articleSection\":[\"POLITIQUE\",\"Tunisie\"],\"inLanguage\":\"fr-FR\",\"potentialAction\":[{\"@type\":\"CommentAction\",\"name\":\"Comment\",\"target\":[\"https:\/\/kapitalis.com\/tunisie\/2024\/10\/23\/tunisie-maghzaoui-appelle-saied-a-un-apaisement-politique\/#respond\"]}]},{\"@type\":\"WebPage\",\"@id\":\"https:\/\/kapitalis.com\/tunisie\/2024\/10\/23\/tunisie-maghzaoui-appelle-saied-a-un-apaisement-politique\/\",\"url\":\"https:\/\/kapitalis.com\/tunisie\/2024\/10\/23\/tunisie-maghzaoui-appelle-saied-a-un-apaisement-politique\/\",\"name\":\"Tunisie\u00a0: Maghzaoui appelle Sa\u00efed \u00e0 un \u00abapaisement politique\u00bb - Kapitalis\",\"isPartOf\":{\"@id\":\"https:\/\/kapitalis.com\/tunisie\/#website\"},\"primaryImageOfPage\":{\"@id\":\"https:\/\/kapitalis.com\/tunisie\/2024\/10\/23\/tunisie-maghzaoui-appelle-saied-a-un-apaisement-politique\/#primaryimage\"},\"image\":{\"@id\":\"https:\/\/kapitalis.com\/tunisie\/2024\/10\/23\/tunisie-maghzaoui-appelle-saied-a-un-apaisement-politique\/#primaryimage\"},\"thumbnailUrl\":\"https:\/\/kapitalis.com\/tunisie\/wp-content\/uploads\/2024\/08\/Zouhair-Maghzaoui.jpg\",\"datePublished\":\"2024-10-23T08:17:33+00:00\",\"dateModified\":\"2024-10-23T08:23:42+00:00\",\"breadcrumb\":{\"@id\":\"https:\/\/kapitalis.com\/tunisie\/2024\/10\/23\/tunisie-maghzaoui-appelle-saied-a-un-apaisement-politique\/#breadcrumb\"},\"inLanguage\":\"fr-FR\",\"potentialAction\":[{\"@type\":\"ReadAction\",\"target\":[\"https:\/\/kapitalis.com\/tunisie\/2024\/10\/23\/tunisie-maghzaoui-appelle-saied-a-un-apaisement-politique\/\"]}]},{\"@type\":\"ImageObject\",\"inLanguage\":\"fr-FR\",\"@id\":\"https:\/\/kapitalis.com\/tunisie\/2024\/10\/23\/tunisie-maghzaoui-appelle-saied-a-un-apaisement-politique\/#primaryimage\",\"url\":\"https:\/\/kapitalis.com\/tunisie\/wp-content\/uploads\/2024\/08\/Zouhair-Maghzaoui.jpg\",\"contentUrl\":\"https:\/\/kapitalis.com\/tunisie\/wp-content\/uploads\/2024\/08\/Zouhair-Maghzaoui.jpg\",\"width\":1200,\"height\":630},{\"@type\":\"BreadcrumbList\",\"@id\":\"https:\/\/kapitalis.com\/tunisie\/2024\/10\/23\/tunisie-maghzaoui-appelle-saied-a-un-apaisement-politique\/#breadcrumb\",\"itemListElement\":[{\"@type\":\"ListItem\",\"position\":1,\"name\":\"Accueil\",\"item\":\"https:\/\/kapitalis.com\/tunisie\/\"},{\"@type\":\"ListItem\",\"position\":2,\"name\":\"Tunisie\u00a0: Maghzaoui appelle Sa\u00efed \u00e0 un \u00abapaisement politique\u00bb\"}]},{\"@type\":\"WebSite\",\"@id\":\"https:\/\/kapitalis.com\/tunisie\/#website\",\"url\":\"https:\/\/kapitalis.com\/tunisie\/\",\"name\":\"Kapitalis\",\"description\":\"L&#039;actualit\u00e9 en Tunisie et dans le monde\",\"publisher\":{\"@id\":\"https:\/\/kapitalis.com\/tunisie\/#organization\"},\"potentialAction\":[{\"@type\":\"SearchAction\",\"target\":{\"@type\":\"EntryPoint\",\"urlTemplate\":\"https:\/\/kapitalis.com\/tunisie\/?s={search_term_string}\"},\"query-input\":{\"@type\":\"PropertyValueSpecification\",\"valueRequired\":true,\"valueName\":\"search_term_string\"}}],\"inLanguage\":\"fr-FR\"},{\"@type\":\"Organization\",\"@id\":\"https:\/\/kapitalis.com\/tunisie\/#organization\",\"name\":\"Kapitalis\",\"url\":\"https:\/\/kapitalis.com\/tunisie\/\",\"logo\":{\"@type\":\"ImageObject\",\"inLanguage\":\"fr-FR\",\"@id\":\"https:\/\/kapitalis.com\/tunisie\/#\/schema\/logo\/image\/\",\"url\":\"https:\/\/kapitalis.com\/tunisie\/wp-content\/uploads\/2022\/05\/Kapitalis-big-size.png\",\"contentUrl\":\"https:\/\/kapitalis.com\/tunisie\/wp-content\/uploads\/2022\/05\/Kapitalis-big-size.png\",\"width\":5000,\"height\":1500,\"caption\":\"Kapitalis\"},\"image\":{\"@id\":\"https:\/\/kapitalis.com\/tunisie\/#\/schema\/logo\/image\/\"},\"sameAs\":[\"https:\/\/www.facebook.com\/KapitalisInfo\/\",\"https:\/\/x.com\/KapitalisInfo\",\"https:\/\/www.youtube.com\/channel\/UC-yDYrHyfFBWWZaOw3FPg9Q\"]},{\"@type\":\"Person\",\"@id\":\"https:\/\/kapitalis.com\/tunisie\/#\/schema\/person\/d71f33a9ca44f7bad4698210b480c8e9\",\"name\":\"webmaster kapitalis\",\"url\":\"https:\/\/kapitalis.com\/tunisie\/author\/webmaster-kapitalis\/\"}]}<\/script>\n<!-- \/ Yoast SEO plugin. -->","yoast_head_json":{"title":"Tunisie\u00a0: Maghzaoui appelle Sa\u00efed \u00e0 un \u00abapaisement politique\u00bb - Kapitalis","robots":{"index":"index","follow":"follow","max-snippet":"max-snippet:-1","max-image-preview":"max-image-preview:large","max-video-preview":"max-video-preview:-1"},"canonical":"https:\/\/kapitalis.com\/tunisie\/2024\/10\/23\/tunisie-maghzaoui-appelle-saied-a-un-apaisement-politique\/","og_locale":"fr_FR","og_type":"article","og_title":"Tunisie\u00a0: Maghzaoui appelle Sa\u00efed \u00e0 un \u00abapaisement politique\u00bb - Kapitalis","og_description":"Zouha\u00efr Maghzaoui a appel\u00e9 le pr\u00e9sident \u00e9lu Ka\u00efs Sa\u00efed \u00e0 \u00abtrancher d\u00e9finitivement la pol\u00e9mique relative \u00e0 la candidature aux prochaines \u00e9lections\u00bb, en 2029.","og_url":"https:\/\/kapitalis.com\/tunisie\/2024\/10\/23\/tunisie-maghzaoui-appelle-saied-a-un-apaisement-politique\/","og_site_name":"Kapitalis","article_publisher":"https:\/\/www.facebook.com\/KapitalisInfo\/","article_published_time":"2024-10-23T08:17:33+00:00","article_modified_time":"2024-10-23T08:23:42+00:00","og_image":[{"width":1200,"height":630,"url":"https:\/\/kapitalis.com\/tunisie\/wp-content\/uploads\/2024\/08\/Zouhair-Maghzaoui.jpg","type":"image\/jpeg"}],"author":"webmaster kapitalis","twitter_card":"summary_large_image","twitter_creator":"@KapitalisInfo","twitter_site":"@KapitalisInfo","twitter_misc":{"\u00c9crit par":"webmaster kapitalis","Dur\u00e9e de lecture estim\u00e9e":"3 minutes"},"schema":{"@context":"https:\/\/schema.org","@graph":[{"@type":"Article","@id":"https:\/\/kapitalis.com\/tunisie\/2024\/10\/23\/tunisie-maghzaoui-appelle-saied-a-un-apaisement-politique\/#article","isPartOf":{"@id":"https:\/\/kapitalis.com\/tunisie\/2024\/10\/23\/tunisie-maghzaoui-appelle-saied-a-un-apaisement-politique\/"},"author":{"name":"webmaster kapitalis","@id":"https:\/\/kapitalis.com\/tunisie\/#\/schema\/person\/d71f33a9ca44f7bad4698210b480c8e9"},"headline":"Tunisie\u00a0: Maghzaoui appelle Sa\u00efed \u00e0 un \u00abapaisement politique\u00bb","datePublished":"2024-10-23T08:17:33+00:00","dateModified":"2024-10-23T08:23:42+00:00","mainEntityOfPage":{"@id":"https:\/\/kapitalis.com\/tunisie\/2024\/10\/23\/tunisie-maghzaoui-appelle-saied-a-un-apaisement-politique\/"},"wordCount":452,"commentCount":2,"publisher":{"@id":"https:\/\/kapitalis.com\/tunisie\/#organization"},"image":{"@id":"https:\/\/kapitalis.com\/tunisie\/2024\/10\/23\/tunisie-maghzaoui-appelle-saied-a-un-apaisement-politique\/#primaryimage"},"thumbnailUrl":"https:\/\/kapitalis.com\/tunisie\/wp-content\/uploads\/2024\/08\/Zouhair-Maghzaoui.jpg","keywords":["Ayachi Zammel","d\u00e9cret 54","Ka\u00efs Sa\u00efed","Mouvement Echa\u00e2b","Naoufel Sa\u00efed","pr\u00e9sidentielle","Zouha\u00efr Maghzaoui"],"articleSection":["POLITIQUE","Tunisie"],"inLanguage":"fr-FR","potentialAction":[{"@type":"CommentAction","name":"Comment","target":["https:\/\/kapitalis.com\/tunisie\/2024\/10\/23\/tunisie-maghzaoui-appelle-saied-a-un-apaisement-politique\/#respond"]}]},{"@type":"WebPage","@id":"https:\/\/kapitalis.com\/tunisie\/2024\/10\/23\/tunisie-maghzaoui-appelle-saied-a-un-apaisement-politique\/","url":"https:\/\/kapitalis.com\/tunisie\/2024\/10\/23\/tunisie-maghzaoui-appelle-saied-a-un-apaisement-politique\/","name":"Tunisie\u00a0: Maghzaoui appelle Sa\u00efed \u00e0 un \u00abapaisement politique\u00bb - Kapitalis","isPartOf":{"@id":"https:\/\/kapitalis.com\/tunisie\/#website"},"primaryImageOfPage":{"@id":"https:\/\/kapitalis.com\/tunisie\/2024\/10\/23\/tunisie-maghzaoui-appelle-saied-a-un-apaisement-politique\/#primaryimage"},"image":{"@id":"https:\/\/kapitalis.com\/tunisie\/2024\/10\/23\/tunisie-maghzaoui-appelle-saied-a-un-apaisement-politique\/#primaryimage"},"thumbnailUrl":"https:\/\/kapitalis.com\/tunisie\/wp-content\/uploads\/2024\/08\/Zouhair-Maghzaoui.jpg","datePublished":"2024-10-23T08:17:33+00:00","dateModified":"2024-10-23T08:23:42+00:00","breadcrumb":{"@id":"https:\/\/kapitalis.com\/tunisie\/2024\/10\/23\/tunisie-maghzaoui-appelle-saied-a-un-apaisement-politique\/#breadcrumb"},"inLanguage":"fr-FR","potentialAction":[{"@type":"ReadAction","target":["https:\/\/kapitalis.com\/tunisie\/2024\/10\/23\/tunisie-maghzaoui-appelle-saied-a-un-apaisement-politique\/"]}]},{"@type":"ImageObject","inLanguage":"fr-FR","@id":"https:\/\/kapitalis.com\/tunisie\/2024\/10\/23\/tunisie-maghzaoui-appelle-saied-a-un-apaisement-politique\/#primaryimage","url":"https:\/\/kapitalis.com\/tunisie\/wp-content\/uploads\/2024\/08\/Zouhair-Maghzaoui.jpg","contentUrl":"https:\/\/kapitalis.com\/tunisie\/wp-content\/uploads\/2024\/08\/Zouhair-Maghzaoui.jpg","width":1200,"height":630},{"@type":"BreadcrumbList","@id":"https:\/\/kapitalis.com\/tunisie\/2024\/10\/23\/tunisie-maghzaoui-appelle-saied-a-un-apaisement-politique\/#breadcrumb","itemListElement":[{"@type":"ListItem","position":1,"name":"Accueil","item":"https:\/\/kapitalis.com\/tunisie\/"},{"@type":"ListItem","position":2,"name":"Tunisie\u00a0: Maghzaoui appelle Sa\u00efed \u00e0 un \u00abapaisement politique\u00bb"}]},{"@type":"WebSite","@id":"https:\/\/kapitalis.com\/tunisie\/#website","url":"https:\/\/kapitalis.com\/tunisie\/","name":"Kapitalis","description":"L&#039;actualit\u00e9 en Tunisie et dans le monde","publisher":{"@id":"https:\/\/kapitalis.com\/tunisie\/#organization"},"potentialAction":[{"@type":"SearchAction","target":{"@type":"EntryPoint","urlTemplate":"https:\/\/kapitalis.com\/tunisie\/?s={search_term_string}"},"query-input":{"@type":"PropertyValueSpecification","valueRequired":true,"valueName":"search_term_string"}}],"inLanguage":"fr-FR"},{"@type":"Organization","@id":"https:\/\/kapitalis.com\/tunisie\/#organization","name":"Kapitalis","url":"https:\/\/kapitalis.com\/tunisie\/","logo":{"@type":"ImageObject","inLanguage":"fr-FR","@id":"https:\/\/kapitalis.com\/tunisie\/#\/schema\/logo\/image\/","url":"https:\/\/kapitalis.com\/tunisie\/wp-content\/uploads\/2022\/05\/Kapitalis-big-size.png","contentUrl":"https:\/\/kapitalis.com\/tunisie\/wp-content\/uploads\/2022\/05\/Kapitalis-big-size.png","width":5000,"height":1500,"caption":"Kapitalis"},"image":{"@id":"https:\/\/kapitalis.com\/tunisie\/#\/schema\/logo\/image\/"},"sameAs":["https:\/\/www.facebook.com\/KapitalisInfo\/","https:\/\/x.com\/KapitalisInfo","https:\/\/www.youtube.com\/channel\/UC-yDYrHyfFBWWZaOw3FPg9Q"]},{"@type":"Person","@id":"https:\/\/kapitalis.com\/tunisie\/#\/schema\/person\/d71f33a9ca44f7bad4698210b480c8e9","name":"webmaster kapitalis","url":"https:\/\/kapitalis.com\/tunisie\/author\/webmaster-kapitalis\/"}]}},"_links":{"self":[{"href":"https:\/\/kapitalis.com\/tunisie\/wp-json\/wp\/v2\/posts\/14325702","targetHints":{"allow":["GET"]}}],"collection":[{"href":"https:\/\/kapitalis.com\/tunisie\/wp-json\/wp\/v2\/posts"}],"about":[{"href":"https:\/\/kapitalis.com\/tunisie\/wp-json\/wp\/v2\/types\/post"}],"author":[{"embeddable":true,"href":"https:\/\/kapitalis.com\/tunisie\/wp-json\/wp\/v2\/users\/8"}],"replies":[{"embeddable":true,"href":"https:\/\/kapitalis.com\/tunisie\/wp-json\/wp\/v2\/comments?post=14325702"}],"version-history":[{"count":2,"href":"https:\/\/kapitalis.com\/tunisie\/wp-json\/wp\/v2\/posts\/14325702\/revisions"}],"predecessor-version":[{"id":14325791,"href":"https:\/\/kapitalis.com\/tunisie\/wp-json\/wp\/v2\/posts\/14325702\/revisions\/14325791"}],"wp:featuredmedia":[{"embeddable":true,"href":"https:\/\/kapitalis.com\/tunisie\/wp-json\/wp\/v2\/media\/13794604"}],"wp:attachment":[{"href":"https:\/\/kapitalis.com\/tunisie\/wp-json\/wp\/v2\/media?parent=14325702"}],"wp:term":[{"taxonomy":"category","embeddable":true,"href":"https:\/\/kapitalis.com\/tunisie\/wp-json\/wp\/v2\/categories?post=14325702"},{"taxonomy":"post_tag","embeddable":true,"href":"https:\/\/kapitalis.com\/tunisie\/wp-json\/wp\/v2\/tags?post=14325702"}],"curies":[{"name":"wp","href":"https:\/\/api.w.org\/{rel}","templated":true}]}}