{"id":143323,"date":"2018-03-13T16:50:34","date_gmt":"2018-03-13T15:50:34","guid":{"rendered":"http:\/\/kapitalis.com\/tunisie\/?p=143323"},"modified":"2018-03-13T16:50:34","modified_gmt":"2018-03-13T15:50:34","slug":"lassemblee-narrive-pas-a-elire-les-membres-de-la-cour-constitutionnelle","status":"publish","type":"post","link":"https:\/\/kapitalis.com\/tunisie\/2018\/03\/13\/lassemblee-narrive-pas-a-elire-les-membres-de-la-cour-constitutionnelle\/","title":{"rendered":"L\u2019Assembl\u00e9e n\u2019arrive pas \u00e0 \u00e9lire les membres de la Cour constitutionnelle"},"content":{"rendered":"<p style=\"text-align: center;\"><img loading=\"lazy\" decoding=\"async\" class=\"alignnone size-full wp-image-143329\" src=\"http:\/\/kapitalis.com\/tunisie\/wp-content\/uploads\/2018\/03\/Votes-ARP-Cour-constit.jpg\" alt=\"\" width=\"626\" height=\"380\" \/><\/p>\n<p><em><strong>Aucun candidat parmi les 8 noms propos\u00e9s par les blocs parlementaires n\u2019a obtenu la majorit\u00e9 requise des votes pour \u00eatre membre\u00a0de la Cour constitutionnelle.<\/strong><\/em><!--more--><\/p>\n<p>Les d\u00e9put\u00e9s ont proc\u00e9d\u00e9, aujourd&rsquo;hui, mardi 13 mars 2018, lors d\u2019une s\u00e9ance pl\u00e9ni\u00e8re \u00e0 l\u2019Assembl\u00e9e des repr\u00e9sentants du peuple (ARP), \u00e0 l&rsquo;\u00e9lection des 4 membres de la Cour constitutionnelle. Mais le vite n\u2019a pas abouti, puisqu&rsquo;aucun des candidats n\u2019a obtenu les 145 voix requises.<\/p>\n<p>Un second tour de votes est donc pr\u00e9vu cet apr\u00e8s-midi pour choisir les 4 membres parmi les candidats suivants\u00a0: Raoudha Ouersighni (candidate de Nidaa Tounes, ayant obtenu au 1er tour 98 voix), Sanaa Ben Achour (Machrou Tounes et Front populaire, 60), Najoua Mellouli (Nidaa Tounes, 38), Ayachi Hammami (UPL, FP et Bloc d\u00e9mocrate, 96), Abdellatif Bouazizi (Ennahdha, 87) et Chokri Mabkhout (FP, 72).<\/p>\n<p>Le projet loi relatif \u00e0 la cr\u00e9ation de\u00a0 la Cour constitutionnelle a \u00e9t\u00e9 adopt\u00e9 en novembre 2015.<\/p>\n<p style=\"text-align: right;\"><strong>Y. N.<\/strong><\/p>\n","protected":false},"excerpt":{"rendered":"<p>Aucun candidat parmi les 8 noms propos\u00e9s par les blocs parlementaires n\u2019a obtenu la majorit\u00e9 requise des votes pour \u00eatre membre\u00a0de la Cour constitutionnelle.<\/p>\n","protected":false},"author":6,"featured_media":143329,"comment_status":"open","ping_status":"open","sticky":false,"template":"","format":"standard","meta":{"footnotes":""},"categories":[997,2433],"tags":[84,93,1216,7476,3668,1070,3670],"class_list":["post-143323","post","type-post","status-publish","format-standard","has-post-thumbnail","hentry","category-politique","category-tunisie","tag-arp","tag-assemblee","tag-candidats","tag-cour-constitutionnelle","tag-deputes","tag-election","tag-vote"],"yoast_head":"<!-- This site is optimized with the Yoast SEO plugin v26.6 - https:\/\/yoast.com\/wordpress\/plugins\/seo\/ -->\n<title>L\u2019Assembl\u00e9e n\u2019arrive pas \u00e0 \u00e9lire les membres de la Cour constitutionnelle - Kapitalis<\/title>\n<meta name=\"robots\" content=\"index, follow, max-snippet:-1, max-image-preview:large, max-video-preview:-1\" \/>\n<link rel=\"canonical\" href=\"https:\/\/kapitalis.com\/tunisie\/2018\/03\/13\/lassemblee-narrive-pas-a-elire-les-membres-de-la-cour-constitutionnelle\/\" \/>\n<meta property=\"og:locale\" content=\"fr_FR\" \/>\n<meta property=\"og:type\" content=\"article\" \/>\n<meta property=\"og:title\" content=\"L\u2019Assembl\u00e9e n\u2019arrive pas \u00e0 \u00e9lire les membres de la Cour constitutionnelle - Kapitalis\" \/>\n<meta property=\"og:description\" content=\"Aucun candidat parmi les 8 noms propos\u00e9s par les blocs parlementaires n\u2019a obtenu la majorit\u00e9 requise des votes pour \u00eatre membre\u00a0de la Cour constitutionnelle.\" \/>\n<meta property=\"og:url\" content=\"https:\/\/kapitalis.com\/tunisie\/2018\/03\/13\/lassemblee-narrive-pas-a-elire-les-membres-de-la-cour-constitutionnelle\/\" \/>\n<meta property=\"og:site_name\" content=\"Kapitalis\" \/>\n<meta property=\"article:publisher\" content=\"https:\/\/www.facebook.com\/KapitalisInfo\/\" \/>\n<meta property=\"article:published_time\" content=\"2018-03-13T15:50:34+00:00\" \/>\n<meta property=\"og:image\" content=\"https:\/\/kapitalis.com\/tunisie\/wp-content\/uploads\/2022\/05\/kapitalis-logo-fb.png\" \/>\n\t<meta property=\"og:image:width\" content=\"1200\" \/>\n\t<meta property=\"og:image:height\" content=\"630\" \/>\n\t<meta property=\"og:image:type\" content=\"image\/png\" \/>\n<meta name=\"author\" content=\"Yusra NY\" \/>\n<meta name=\"twitter:card\" content=\"summary_large_image\" \/>\n<meta name=\"twitter:creator\" content=\"@KapitalisInfo\" \/>\n<meta name=\"twitter:site\" content=\"@KapitalisInfo\" \/>\n<meta name=\"twitter:label1\" content=\"\u00c9crit par\" \/>\n\t<meta name=\"twitter:data1\" content=\"Yusra NY\" \/>\n\t<meta name=\"twitter:label2\" content=\"Dur\u00e9e de lecture estim\u00e9e\" \/>\n\t<meta name=\"twitter:data2\" content=\"1 minute\" \/>\n<script type=\"application\/ld+json\" class=\"yoast-schema-graph\">{\"@context\":\"https:\/\/schema.org\",\"@graph\":[{\"@type\":\"Article\",\"@id\":\"https:\/\/kapitalis.com\/tunisie\/2018\/03\/13\/lassemblee-narrive-pas-a-elire-les-membres-de-la-cour-constitutionnelle\/#article\",\"isPartOf\":{\"@id\":\"https:\/\/kapitalis.com\/tunisie\/2018\/03\/13\/lassemblee-narrive-pas-a-elire-les-membres-de-la-cour-constitutionnelle\/\"},\"author\":{\"name\":\"Yusra NY\",\"@id\":\"https:\/\/kapitalis.com\/tunisie\/#\/schema\/person\/74bbde0154d49d790a92aaeac5bc01d5\"},\"headline\":\"L\u2019Assembl\u00e9e n\u2019arrive pas \u00e0 \u00e9lire les membres de la Cour constitutionnelle\",\"datePublished\":\"2018-03-13T15:50:34+00:00\",\"mainEntityOfPage\":{\"@id\":\"https:\/\/kapitalis.com\/tunisie\/2018\/03\/13\/lassemblee-narrive-pas-a-elire-les-membres-de-la-cour-constitutionnelle\/\"},\"wordCount\":167,\"commentCount\":1,\"publisher\":{\"@id\":\"https:\/\/kapitalis.com\/tunisie\/#organization\"},\"image\":{\"@id\":\"https:\/\/kapitalis.com\/tunisie\/2018\/03\/13\/lassemblee-narrive-pas-a-elire-les-membres-de-la-cour-constitutionnelle\/#primaryimage\"},\"thumbnailUrl\":\"\",\"keywords\":[\"ARP\",\"Assembl\u00e9e\",\"candidats\",\"Cour constitutionnelle\",\"d\u00e9put\u00e9s\",\"\u00e9lection\",\"vote\"],\"articleSection\":[\"POLITIQUE\",\"Tunisie\"],\"inLanguage\":\"fr-FR\",\"potentialAction\":[{\"@type\":\"CommentAction\",\"name\":\"Comment\",\"target\":[\"https:\/\/kapitalis.com\/tunisie\/2018\/03\/13\/lassemblee-narrive-pas-a-elire-les-membres-de-la-cour-constitutionnelle\/#respond\"]}]},{\"@type\":\"WebPage\",\"@id\":\"https:\/\/kapitalis.com\/tunisie\/2018\/03\/13\/lassemblee-narrive-pas-a-elire-les-membres-de-la-cour-constitutionnelle\/\",\"url\":\"https:\/\/kapitalis.com\/tunisie\/2018\/03\/13\/lassemblee-narrive-pas-a-elire-les-membres-de-la-cour-constitutionnelle\/\",\"name\":\"L\u2019Assembl\u00e9e n\u2019arrive pas \u00e0 \u00e9lire les membres de la Cour constitutionnelle - Kapitalis\",\"isPartOf\":{\"@id\":\"https:\/\/kapitalis.com\/tunisie\/#website\"},\"primaryImageOfPage\":{\"@id\":\"https:\/\/kapitalis.com\/tunisie\/2018\/03\/13\/lassemblee-narrive-pas-a-elire-les-membres-de-la-cour-constitutionnelle\/#primaryimage\"},\"image\":{\"@id\":\"https:\/\/kapitalis.com\/tunisie\/2018\/03\/13\/lassemblee-narrive-pas-a-elire-les-membres-de-la-cour-constitutionnelle\/#primaryimage\"},\"thumbnailUrl\":\"\",\"datePublished\":\"2018-03-13T15:50:34+00:00\",\"breadcrumb\":{\"@id\":\"https:\/\/kapitalis.com\/tunisie\/2018\/03\/13\/lassemblee-narrive-pas-a-elire-les-membres-de-la-cour-constitutionnelle\/#breadcrumb\"},\"inLanguage\":\"fr-FR\",\"potentialAction\":[{\"@type\":\"ReadAction\",\"target\":[\"https:\/\/kapitalis.com\/tunisie\/2018\/03\/13\/lassemblee-narrive-pas-a-elire-les-membres-de-la-cour-constitutionnelle\/\"]}]},{\"@type\":\"ImageObject\",\"inLanguage\":\"fr-FR\",\"@id\":\"https:\/\/kapitalis.com\/tunisie\/2018\/03\/13\/lassemblee-narrive-pas-a-elire-les-membres-de-la-cour-constitutionnelle\/#primaryimage\",\"url\":\"\",\"contentUrl\":\"\"},{\"@type\":\"BreadcrumbList\",\"@id\":\"https:\/\/kapitalis.com\/tunisie\/2018\/03\/13\/lassemblee-narrive-pas-a-elire-les-membres-de-la-cour-constitutionnelle\/#breadcrumb\",\"itemListElement\":[{\"@type\":\"ListItem\",\"position\":1,\"name\":\"Accueil\",\"item\":\"https:\/\/kapitalis.com\/tunisie\/\"},{\"@type\":\"ListItem\",\"position\":2,\"name\":\"L\u2019Assembl\u00e9e n\u2019arrive pas \u00e0 \u00e9lire les membres de la Cour constitutionnelle\"}]},{\"@type\":\"WebSite\",\"@id\":\"https:\/\/kapitalis.com\/tunisie\/#website\",\"url\":\"https:\/\/kapitalis.com\/tunisie\/\",\"name\":\"Kapitalis\",\"description\":\"L&#039;actualit\u00e9 en Tunisie et dans le monde\",\"publisher\":{\"@id\":\"https:\/\/kapitalis.com\/tunisie\/#organization\"},\"potentialAction\":[{\"@type\":\"SearchAction\",\"target\":{\"@type\":\"EntryPoint\",\"urlTemplate\":\"https:\/\/kapitalis.com\/tunisie\/?s={search_term_string}\"},\"query-input\":{\"@type\":\"PropertyValueSpecification\",\"valueRequired\":true,\"valueName\":\"search_term_string\"}}],\"inLanguage\":\"fr-FR\"},{\"@type\":\"Organization\",\"@id\":\"https:\/\/kapitalis.com\/tunisie\/#organization\",\"name\":\"Kapitalis\",\"url\":\"https:\/\/kapitalis.com\/tunisie\/\",\"logo\":{\"@type\":\"ImageObject\",\"inLanguage\":\"fr-FR\",\"@id\":\"https:\/\/kapitalis.com\/tunisie\/#\/schema\/logo\/image\/\",\"url\":\"https:\/\/kapitalis.com\/tunisie\/wp-content\/uploads\/2022\/05\/Kapitalis-big-size.png\",\"contentUrl\":\"https:\/\/kapitalis.com\/tunisie\/wp-content\/uploads\/2022\/05\/Kapitalis-big-size.png\",\"width\":5000,\"height\":1500,\"caption\":\"Kapitalis\"},\"image\":{\"@id\":\"https:\/\/kapitalis.com\/tunisie\/#\/schema\/logo\/image\/\"},\"sameAs\":[\"https:\/\/www.facebook.com\/KapitalisInfo\/\",\"https:\/\/x.com\/KapitalisInfo\",\"https:\/\/www.youtube.com\/channel\/UC-yDYrHyfFBWWZaOw3FPg9Q\"]},{\"@type\":\"Person\",\"@id\":\"https:\/\/kapitalis.com\/tunisie\/#\/schema\/person\/74bbde0154d49d790a92aaeac5bc01d5\",\"name\":\"Yusra NY\",\"url\":\"https:\/\/kapitalis.com\/tunisie\/author\/yuza_adam\/\"}]}<\/script>\n<!-- \/ Yoast SEO plugin. -->","yoast_head_json":{"title":"L\u2019Assembl\u00e9e n\u2019arrive pas \u00e0 \u00e9lire les membres de la Cour constitutionnelle - Kapitalis","robots":{"index":"index","follow":"follow","max-snippet":"max-snippet:-1","max-image-preview":"max-image-preview:large","max-video-preview":"max-video-preview:-1"},"canonical":"https:\/\/kapitalis.com\/tunisie\/2018\/03\/13\/lassemblee-narrive-pas-a-elire-les-membres-de-la-cour-constitutionnelle\/","og_locale":"fr_FR","og_type":"article","og_title":"L\u2019Assembl\u00e9e n\u2019arrive pas \u00e0 \u00e9lire les membres de la Cour constitutionnelle - Kapitalis","og_description":"Aucun candidat parmi les 8 noms propos\u00e9s par les blocs parlementaires n\u2019a obtenu la majorit\u00e9 requise des votes pour \u00eatre membre\u00a0de la Cour constitutionnelle.","og_url":"https:\/\/kapitalis.com\/tunisie\/2018\/03\/13\/lassemblee-narrive-pas-a-elire-les-membres-de-la-cour-constitutionnelle\/","og_site_name":"Kapitalis","article_publisher":"https:\/\/www.facebook.com\/KapitalisInfo\/","article_published_time":"2018-03-13T15:50:34+00:00","og_image":[{"width":1200,"height":630,"url":"https:\/\/kapitalis.com\/tunisie\/wp-content\/uploads\/2022\/05\/kapitalis-logo-fb.png","type":"image\/png"}],"author":"Yusra NY","twitter_card":"summary_large_image","twitter_creator":"@KapitalisInfo","twitter_site":"@KapitalisInfo","twitter_misc":{"\u00c9crit par":"Yusra NY","Dur\u00e9e de lecture estim\u00e9e":"1 minute"},"schema":{"@context":"https:\/\/schema.org","@graph":[{"@type":"Article","@id":"https:\/\/kapitalis.com\/tunisie\/2018\/03\/13\/lassemblee-narrive-pas-a-elire-les-membres-de-la-cour-constitutionnelle\/#article","isPartOf":{"@id":"https:\/\/kapitalis.com\/tunisie\/2018\/03\/13\/lassemblee-narrive-pas-a-elire-les-membres-de-la-cour-constitutionnelle\/"},"author":{"name":"Yusra NY","@id":"https:\/\/kapitalis.com\/tunisie\/#\/schema\/person\/74bbde0154d49d790a92aaeac5bc01d5"},"headline":"L\u2019Assembl\u00e9e n\u2019arrive pas \u00e0 \u00e9lire les membres de la Cour constitutionnelle","datePublished":"2018-03-13T15:50:34+00:00","mainEntityOfPage":{"@id":"https:\/\/kapitalis.com\/tunisie\/2018\/03\/13\/lassemblee-narrive-pas-a-elire-les-membres-de-la-cour-constitutionnelle\/"},"wordCount":167,"commentCount":1,"publisher":{"@id":"https:\/\/kapitalis.com\/tunisie\/#organization"},"image":{"@id":"https:\/\/kapitalis.com\/tunisie\/2018\/03\/13\/lassemblee-narrive-pas-a-elire-les-membres-de-la-cour-constitutionnelle\/#primaryimage"},"thumbnailUrl":"","keywords":["ARP","Assembl\u00e9e","candidats","Cour constitutionnelle","d\u00e9put\u00e9s","\u00e9lection","vote"],"articleSection":["POLITIQUE","Tunisie"],"inLanguage":"fr-FR","potentialAction":[{"@type":"CommentAction","name":"Comment","target":["https:\/\/kapitalis.com\/tunisie\/2018\/03\/13\/lassemblee-narrive-pas-a-elire-les-membres-de-la-cour-constitutionnelle\/#respond"]}]},{"@type":"WebPage","@id":"https:\/\/kapitalis.com\/tunisie\/2018\/03\/13\/lassemblee-narrive-pas-a-elire-les-membres-de-la-cour-constitutionnelle\/","url":"https:\/\/kapitalis.com\/tunisie\/2018\/03\/13\/lassemblee-narrive-pas-a-elire-les-membres-de-la-cour-constitutionnelle\/","name":"L\u2019Assembl\u00e9e n\u2019arrive pas \u00e0 \u00e9lire les membres de la Cour constitutionnelle - Kapitalis","isPartOf":{"@id":"https:\/\/kapitalis.com\/tunisie\/#website"},"primaryImageOfPage":{"@id":"https:\/\/kapitalis.com\/tunisie\/2018\/03\/13\/lassemblee-narrive-pas-a-elire-les-membres-de-la-cour-constitutionnelle\/#primaryimage"},"image":{"@id":"https:\/\/kapitalis.com\/tunisie\/2018\/03\/13\/lassemblee-narrive-pas-a-elire-les-membres-de-la-cour-constitutionnelle\/#primaryimage"},"thumbnailUrl":"","datePublished":"2018-03-13T15:50:34+00:00","breadcrumb":{"@id":"https:\/\/kapitalis.com\/tunisie\/2018\/03\/13\/lassemblee-narrive-pas-a-elire-les-membres-de-la-cour-constitutionnelle\/#breadcrumb"},"inLanguage":"fr-FR","potentialAction":[{"@type":"ReadAction","target":["https:\/\/kapitalis.com\/tunisie\/2018\/03\/13\/lassemblee-narrive-pas-a-elire-les-membres-de-la-cour-constitutionnelle\/"]}]},{"@type":"ImageObject","inLanguage":"fr-FR","@id":"https:\/\/kapitalis.com\/tunisie\/2018\/03\/13\/lassemblee-narrive-pas-a-elire-les-membres-de-la-cour-constitutionnelle\/#primaryimage","url":"","contentUrl":""},{"@type":"BreadcrumbList","@id":"https:\/\/kapitalis.com\/tunisie\/2018\/03\/13\/lassemblee-narrive-pas-a-elire-les-membres-de-la-cour-constitutionnelle\/#breadcrumb","itemListElement":[{"@type":"ListItem","position":1,"name":"Accueil","item":"https:\/\/kapitalis.com\/tunisie\/"},{"@type":"ListItem","position":2,"name":"L\u2019Assembl\u00e9e n\u2019arrive pas \u00e0 \u00e9lire les membres de la Cour constitutionnelle"}]},{"@type":"WebSite","@id":"https:\/\/kapitalis.com\/tunisie\/#website","url":"https:\/\/kapitalis.com\/tunisie\/","name":"Kapitalis","description":"L&#039;actualit\u00e9 en Tunisie et dans le monde","publisher":{"@id":"https:\/\/kapitalis.com\/tunisie\/#organization"},"potentialAction":[{"@type":"SearchAction","target":{"@type":"EntryPoint","urlTemplate":"https:\/\/kapitalis.com\/tunisie\/?s={search_term_string}"},"query-input":{"@type":"PropertyValueSpecification","valueRequired":true,"valueName":"search_term_string"}}],"inLanguage":"fr-FR"},{"@type":"Organization","@id":"https:\/\/kapitalis.com\/tunisie\/#organization","name":"Kapitalis","url":"https:\/\/kapitalis.com\/tunisie\/","logo":{"@type":"ImageObject","inLanguage":"fr-FR","@id":"https:\/\/kapitalis.com\/tunisie\/#\/schema\/logo\/image\/","url":"https:\/\/kapitalis.com\/tunisie\/wp-content\/uploads\/2022\/05\/Kapitalis-big-size.png","contentUrl":"https:\/\/kapitalis.com\/tunisie\/wp-content\/uploads\/2022\/05\/Kapitalis-big-size.png","width":5000,"height":1500,"caption":"Kapitalis"},"image":{"@id":"https:\/\/kapitalis.com\/tunisie\/#\/schema\/logo\/image\/"},"sameAs":["https:\/\/www.facebook.com\/KapitalisInfo\/","https:\/\/x.com\/KapitalisInfo","https:\/\/www.youtube.com\/channel\/UC-yDYrHyfFBWWZaOw3FPg9Q"]},{"@type":"Person","@id":"https:\/\/kapitalis.com\/tunisie\/#\/schema\/person\/74bbde0154d49d790a92aaeac5bc01d5","name":"Yusra NY","url":"https:\/\/kapitalis.com\/tunisie\/author\/yuza_adam\/"}]}},"_links":{"self":[{"href":"https:\/\/kapitalis.com\/tunisie\/wp-json\/wp\/v2\/posts\/143323","targetHints":{"allow":["GET"]}}],"collection":[{"href":"https:\/\/kapitalis.com\/tunisie\/wp-json\/wp\/v2\/posts"}],"about":[{"href":"https:\/\/kapitalis.com\/tunisie\/wp-json\/wp\/v2\/types\/post"}],"author":[{"embeddable":true,"href":"https:\/\/kapitalis.com\/tunisie\/wp-json\/wp\/v2\/users\/6"}],"replies":[{"embeddable":true,"href":"https:\/\/kapitalis.com\/tunisie\/wp-json\/wp\/v2\/comments?post=143323"}],"version-history":[{"count":0,"href":"https:\/\/kapitalis.com\/tunisie\/wp-json\/wp\/v2\/posts\/143323\/revisions"}],"wp:featuredmedia":[{"embeddable":true,"href":"https:\/\/kapitalis.com\/tunisie\/wp-json\/wp\/v2\/media\/143329"}],"wp:attachment":[{"href":"https:\/\/kapitalis.com\/tunisie\/wp-json\/wp\/v2\/media?parent=143323"}],"wp:term":[{"taxonomy":"category","embeddable":true,"href":"https:\/\/kapitalis.com\/tunisie\/wp-json\/wp\/v2\/categories?post=143323"},{"taxonomy":"post_tag","embeddable":true,"href":"https:\/\/kapitalis.com\/tunisie\/wp-json\/wp\/v2\/tags?post=143323"}],"curies":[{"name":"wp","href":"https:\/\/api.w.org\/{rel}","templated":true}]}}