{"id":143417,"date":"2018-03-14T10:04:48","date_gmt":"2018-03-14T09:04:48","guid":{"rendered":"http:\/\/kapitalis.com\/tunisie\/?p=143417"},"modified":"2018-03-14T10:04:48","modified_gmt":"2018-03-14T09:04:48","slug":"ligue-des-champions-lesperance-contrariee-par-la-caf","status":"publish","type":"post","link":"https:\/\/kapitalis.com\/tunisie\/2018\/03\/14\/ligue-des-champions-lesperance-contrariee-par-la-caf\/","title":{"rendered":"Ligue des champions : L\u2019Esp\u00e9rance contrari\u00e9e par la CAF"},"content":{"rendered":"<p style=\"text-align: center;\"><img loading=\"lazy\" decoding=\"async\" class=\"alignnone size-full wp-image-142783\" src=\"http:\/\/kapitalis.com\/tunisie\/wp-content\/uploads\/2018\/03\/Esperance-Gor-Mahia.jpg\" alt=\"\" width=\"626\" height=\"380\" \/><\/p>\n<p><em><strong>A quelques jours de son prochain match de Ligue des champions contre Gor Mahia, l&rsquo;Esp\u00e9rance sportive de Tunis (EST) ne sait pas encore si elle va le jouer \u00e0 Rad\u00e8s ou si elle doit trouver un autre stade.\u00a0<\/strong><\/em><\/p>\n<p><!--more--><\/p>\n<p>Le secr\u00e9tariat de l\u2019Esp\u00e9rance sportive de Tunis (EST) a re\u00e7u hier, mardi 13 mars 2018, une correspondance de la Conf\u00e9d\u00e9ration africaine de football (CAF) dans laquelle l\u2019instance continentale confirme la tenue du match EST-Gor Mahia, le samedi 17 mars, au stade de Rad\u00e8s et non le dimanche 18, comme l\u2019a <a href=\"http:\/\/kapitalis.com\/tunisie\/2018\/03\/13\/ligue-des-champions-esperance-gor-mahia-dimanche-18-mars-a-rades\/\">annonc\u00e9, pr\u00e9cipitamment,<\/a> le site officiel du club <em>\u00absang et or\u00bb<\/em>.<\/p>\n<p>La direction de l\u2019EST a pris l\u2019attache du si\u00e8ge de la CAF pour trouver une solution car, le 17 mars, est aussi la date d\u00e9sign\u00e9e par la CAF pour la tenue, \u00e9galement au stade de Rad\u00e8s, du match Club africain-RS Berkane pour le compte de la coupe de la CAF.<\/p>\n<p>Les deux matches ne peuvent avoir lieu le m\u00eame jour et au m\u00eame stade.<\/p>\n<p>Et comme en pareil cas la CAF laisse le soin aux clubs concern\u00e9s de s\u2019entendre sur une date, l\u2019EST a tent\u00e9 de convaincre, en vain, les dirigeants de Gor Mahia afin de jouer le dimanche. Les Kenyans s\u2019en tiennent en effet \u00e0 la date initiale fix\u00e9e par la CAF.<\/p>\n<p style=\"text-align: right;\"><strong>H. M.<\/strong><\/p>\n<blockquote class=\"wp-embedded-content\" data-secret=\"MZuxD1An1L\"><p><a href=\"https:\/\/kapitalis.com\/tunisie\/2018\/03\/07\/ligue-champions-lesperance-souffre-garde-main\/\">Ligue des champions : L\u2019Esp\u00e9rance souffre mais garde la main<\/a><\/p><\/blockquote>\n<p><iframe loading=\"lazy\" class=\"wp-embedded-content\" sandbox=\"allow-scripts\" security=\"restricted\" style=\"position: absolute; clip: rect(1px, 1px, 1px, 1px);\" title=\"\u00ab\u00a0Ligue des champions : L\u2019Esp\u00e9rance souffre mais garde la main\u00a0\u00bb &#8212; Kapitalis\" src=\"https:\/\/kapitalis.com\/tunisie\/2018\/03\/07\/ligue-champions-lesperance-souffre-garde-main\/embed\/#?secret=iZk4XBH2n7#?secret=MZuxD1An1L\" data-secret=\"MZuxD1An1L\" width=\"600\" height=\"338\" frameborder=\"0\" marginwidth=\"0\" marginheight=\"0\" scrolling=\"no\"><\/iframe><\/p>\n","protected":false},"excerpt":{"rendered":"<p>A quelques jours de son prochain match de Ligue des champions contre Gor Mahia, l&rsquo;Esp\u00e9rance sportive de Tunis (EST) ne sait pas encore si elle va le jouer \u00e0 Rad\u00e8s ou si elle doit trouver un autre stade.\u00a0<\/p>\n","protected":false},"author":8,"featured_media":0,"comment_status":"open","ping_status":"open","sticky":false,"template":"","format":"standard","meta":{"footnotes":""},"categories":[999,2433],"tags":[211,9018,3261,42869,30028,7597],"class_list":["post-143417","post","type-post","status-publish","format-standard","hentry","category-sport","category-tunisie","tag-club-africain","tag-confederation-africaine-de-football","tag-esperance-sportive-de-tunis","tag-gor-mahia","tag-ligue-des-champions","tag-stade-de-rades"],"yoast_head":"<!-- This site is optimized with the Yoast SEO plugin v26.6 - https:\/\/yoast.com\/wordpress\/plugins\/seo\/ -->\n<title>Ligue des champions : L\u2019Esp\u00e9rance contrari\u00e9e par la CAF - Kapitalis<\/title>\n<meta name=\"robots\" content=\"index, follow, max-snippet:-1, max-image-preview:large, max-video-preview:-1\" \/>\n<link rel=\"canonical\" href=\"https:\/\/kapitalis.com\/tunisie\/2018\/03\/14\/ligue-des-champions-lesperance-contrariee-par-la-caf\/\" \/>\n<meta property=\"og:locale\" content=\"fr_FR\" \/>\n<meta property=\"og:type\" content=\"article\" \/>\n<meta property=\"og:title\" content=\"Ligue des champions : L\u2019Esp\u00e9rance contrari\u00e9e par la CAF - Kapitalis\" \/>\n<meta property=\"og:description\" content=\"A quelques jours de son prochain match de Ligue des champions contre Gor Mahia, l&rsquo;Esp\u00e9rance sportive de Tunis (EST) ne sait pas encore si elle va le jouer \u00e0 Rad\u00e8s ou si elle doit trouver un autre stade.\u00a0\" \/>\n<meta property=\"og:url\" content=\"https:\/\/kapitalis.com\/tunisie\/2018\/03\/14\/ligue-des-champions-lesperance-contrariee-par-la-caf\/\" \/>\n<meta property=\"og:site_name\" content=\"Kapitalis\" \/>\n<meta property=\"article:publisher\" content=\"https:\/\/www.facebook.com\/KapitalisInfo\/\" \/>\n<meta property=\"article:published_time\" content=\"2018-03-14T09:04:48+00:00\" \/>\n<meta property=\"og:image\" content=\"http:\/\/kapitalis.com\/tunisie\/wp-content\/uploads\/2018\/03\/Esperance-Gor-Mahia.jpg\" \/>\n<meta name=\"author\" content=\"webmaster kapitalis\" \/>\n<meta name=\"twitter:card\" content=\"summary_large_image\" \/>\n<meta name=\"twitter:creator\" content=\"@KapitalisInfo\" \/>\n<meta name=\"twitter:site\" content=\"@KapitalisInfo\" \/>\n<meta name=\"twitter:label1\" content=\"\u00c9crit par\" \/>\n\t<meta name=\"twitter:data1\" content=\"webmaster kapitalis\" \/>\n\t<meta name=\"twitter:label2\" content=\"Dur\u00e9e de lecture estim\u00e9e\" \/>\n\t<meta name=\"twitter:data2\" content=\"1 minute\" \/>\n<script type=\"application\/ld+json\" class=\"yoast-schema-graph\">{\"@context\":\"https:\/\/schema.org\",\"@graph\":[{\"@type\":\"Article\",\"@id\":\"https:\/\/kapitalis.com\/tunisie\/2018\/03\/14\/ligue-des-champions-lesperance-contrariee-par-la-caf\/#article\",\"isPartOf\":{\"@id\":\"https:\/\/kapitalis.com\/tunisie\/2018\/03\/14\/ligue-des-champions-lesperance-contrariee-par-la-caf\/\"},\"author\":{\"name\":\"webmaster kapitalis\",\"@id\":\"https:\/\/kapitalis.com\/tunisie\/#\/schema\/person\/d71f33a9ca44f7bad4698210b480c8e9\"},\"headline\":\"Ligue des champions : L\u2019Esp\u00e9rance contrari\u00e9e par la CAF\",\"datePublished\":\"2018-03-14T09:04:48+00:00\",\"mainEntityOfPage\":{\"@id\":\"https:\/\/kapitalis.com\/tunisie\/2018\/03\/14\/ligue-des-champions-lesperance-contrariee-par-la-caf\/\"},\"wordCount\":247,\"commentCount\":0,\"publisher\":{\"@id\":\"https:\/\/kapitalis.com\/tunisie\/#organization\"},\"image\":{\"@id\":\"https:\/\/kapitalis.com\/tunisie\/2018\/03\/14\/ligue-des-champions-lesperance-contrariee-par-la-caf\/#primaryimage\"},\"thumbnailUrl\":\"http:\/\/kapitalis.com\/tunisie\/wp-content\/uploads\/2018\/03\/Esperance-Gor-Mahia.jpg\",\"keywords\":[\"Club Africain\",\"Conf\u00e9d\u00e9ration africaine de football\",\"Esp\u00e9rance sportive de Tunis\",\"Gor Mahia\",\"Ligue des champions\",\"stade de Rades\"],\"articleSection\":[\"SPORT\",\"Tunisie\"],\"inLanguage\":\"fr-FR\",\"potentialAction\":[{\"@type\":\"CommentAction\",\"name\":\"Comment\",\"target\":[\"https:\/\/kapitalis.com\/tunisie\/2018\/03\/14\/ligue-des-champions-lesperance-contrariee-par-la-caf\/#respond\"]}]},{\"@type\":\"WebPage\",\"@id\":\"https:\/\/kapitalis.com\/tunisie\/2018\/03\/14\/ligue-des-champions-lesperance-contrariee-par-la-caf\/\",\"url\":\"https:\/\/kapitalis.com\/tunisie\/2018\/03\/14\/ligue-des-champions-lesperance-contrariee-par-la-caf\/\",\"name\":\"Ligue des champions : L\u2019Esp\u00e9rance contrari\u00e9e par la CAF - Kapitalis\",\"isPartOf\":{\"@id\":\"https:\/\/kapitalis.com\/tunisie\/#website\"},\"primaryImageOfPage\":{\"@id\":\"https:\/\/kapitalis.com\/tunisie\/2018\/03\/14\/ligue-des-champions-lesperance-contrariee-par-la-caf\/#primaryimage\"},\"image\":{\"@id\":\"https:\/\/kapitalis.com\/tunisie\/2018\/03\/14\/ligue-des-champions-lesperance-contrariee-par-la-caf\/#primaryimage\"},\"thumbnailUrl\":\"http:\/\/kapitalis.com\/tunisie\/wp-content\/uploads\/2018\/03\/Esperance-Gor-Mahia.jpg\",\"datePublished\":\"2018-03-14T09:04:48+00:00\",\"breadcrumb\":{\"@id\":\"https:\/\/kapitalis.com\/tunisie\/2018\/03\/14\/ligue-des-champions-lesperance-contrariee-par-la-caf\/#breadcrumb\"},\"inLanguage\":\"fr-FR\",\"potentialAction\":[{\"@type\":\"ReadAction\",\"target\":[\"https:\/\/kapitalis.com\/tunisie\/2018\/03\/14\/ligue-des-champions-lesperance-contrariee-par-la-caf\/\"]}]},{\"@type\":\"ImageObject\",\"inLanguage\":\"fr-FR\",\"@id\":\"https:\/\/kapitalis.com\/tunisie\/2018\/03\/14\/ligue-des-champions-lesperance-contrariee-par-la-caf\/#primaryimage\",\"url\":\"http:\/\/kapitalis.com\/tunisie\/wp-content\/uploads\/2018\/03\/Esperance-Gor-Mahia.jpg\",\"contentUrl\":\"http:\/\/kapitalis.com\/tunisie\/wp-content\/uploads\/2018\/03\/Esperance-Gor-Mahia.jpg\"},{\"@type\":\"BreadcrumbList\",\"@id\":\"https:\/\/kapitalis.com\/tunisie\/2018\/03\/14\/ligue-des-champions-lesperance-contrariee-par-la-caf\/#breadcrumb\",\"itemListElement\":[{\"@type\":\"ListItem\",\"position\":1,\"name\":\"Accueil\",\"item\":\"https:\/\/kapitalis.com\/tunisie\/\"},{\"@type\":\"ListItem\",\"position\":2,\"name\":\"Ligue des champions : L\u2019Esp\u00e9rance contrari\u00e9e par la CAF\"}]},{\"@type\":\"WebSite\",\"@id\":\"https:\/\/kapitalis.com\/tunisie\/#website\",\"url\":\"https:\/\/kapitalis.com\/tunisie\/\",\"name\":\"Kapitalis\",\"description\":\"L&#039;actualit\u00e9 en Tunisie et dans le monde\",\"publisher\":{\"@id\":\"https:\/\/kapitalis.com\/tunisie\/#organization\"},\"potentialAction\":[{\"@type\":\"SearchAction\",\"target\":{\"@type\":\"EntryPoint\",\"urlTemplate\":\"https:\/\/kapitalis.com\/tunisie\/?s={search_term_string}\"},\"query-input\":{\"@type\":\"PropertyValueSpecification\",\"valueRequired\":true,\"valueName\":\"search_term_string\"}}],\"inLanguage\":\"fr-FR\"},{\"@type\":\"Organization\",\"@id\":\"https:\/\/kapitalis.com\/tunisie\/#organization\",\"name\":\"Kapitalis\",\"url\":\"https:\/\/kapitalis.com\/tunisie\/\",\"logo\":{\"@type\":\"ImageObject\",\"inLanguage\":\"fr-FR\",\"@id\":\"https:\/\/kapitalis.com\/tunisie\/#\/schema\/logo\/image\/\",\"url\":\"https:\/\/kapitalis.com\/tunisie\/wp-content\/uploads\/2022\/05\/Kapitalis-big-size.png\",\"contentUrl\":\"https:\/\/kapitalis.com\/tunisie\/wp-content\/uploads\/2022\/05\/Kapitalis-big-size.png\",\"width\":5000,\"height\":1500,\"caption\":\"Kapitalis\"},\"image\":{\"@id\":\"https:\/\/kapitalis.com\/tunisie\/#\/schema\/logo\/image\/\"},\"sameAs\":[\"https:\/\/www.facebook.com\/KapitalisInfo\/\",\"https:\/\/x.com\/KapitalisInfo\",\"https:\/\/www.youtube.com\/channel\/UC-yDYrHyfFBWWZaOw3FPg9Q\"]},{\"@type\":\"Person\",\"@id\":\"https:\/\/kapitalis.com\/tunisie\/#\/schema\/person\/d71f33a9ca44f7bad4698210b480c8e9\",\"name\":\"webmaster kapitalis\",\"url\":\"https:\/\/kapitalis.com\/tunisie\/author\/webmaster-kapitalis\/\"}]}<\/script>\n<!-- \/ Yoast SEO plugin. -->","yoast_head_json":{"title":"Ligue des champions : L\u2019Esp\u00e9rance contrari\u00e9e par la CAF - Kapitalis","robots":{"index":"index","follow":"follow","max-snippet":"max-snippet:-1","max-image-preview":"max-image-preview:large","max-video-preview":"max-video-preview:-1"},"canonical":"https:\/\/kapitalis.com\/tunisie\/2018\/03\/14\/ligue-des-champions-lesperance-contrariee-par-la-caf\/","og_locale":"fr_FR","og_type":"article","og_title":"Ligue des champions : L\u2019Esp\u00e9rance contrari\u00e9e par la CAF - Kapitalis","og_description":"A quelques jours de son prochain match de Ligue des champions contre Gor Mahia, l&rsquo;Esp\u00e9rance sportive de Tunis (EST) ne sait pas encore si elle va le jouer \u00e0 Rad\u00e8s ou si elle doit trouver un autre stade.\u00a0","og_url":"https:\/\/kapitalis.com\/tunisie\/2018\/03\/14\/ligue-des-champions-lesperance-contrariee-par-la-caf\/","og_site_name":"Kapitalis","article_publisher":"https:\/\/www.facebook.com\/KapitalisInfo\/","article_published_time":"2018-03-14T09:04:48+00:00","og_image":[{"url":"http:\/\/kapitalis.com\/tunisie\/wp-content\/uploads\/2018\/03\/Esperance-Gor-Mahia.jpg","type":"","width":"","height":""}],"author":"webmaster kapitalis","twitter_card":"summary_large_image","twitter_creator":"@KapitalisInfo","twitter_site":"@KapitalisInfo","twitter_misc":{"\u00c9crit par":"webmaster kapitalis","Dur\u00e9e de lecture estim\u00e9e":"1 minute"},"schema":{"@context":"https:\/\/schema.org","@graph":[{"@type":"Article","@id":"https:\/\/kapitalis.com\/tunisie\/2018\/03\/14\/ligue-des-champions-lesperance-contrariee-par-la-caf\/#article","isPartOf":{"@id":"https:\/\/kapitalis.com\/tunisie\/2018\/03\/14\/ligue-des-champions-lesperance-contrariee-par-la-caf\/"},"author":{"name":"webmaster kapitalis","@id":"https:\/\/kapitalis.com\/tunisie\/#\/schema\/person\/d71f33a9ca44f7bad4698210b480c8e9"},"headline":"Ligue des champions : L\u2019Esp\u00e9rance contrari\u00e9e par la CAF","datePublished":"2018-03-14T09:04:48+00:00","mainEntityOfPage":{"@id":"https:\/\/kapitalis.com\/tunisie\/2018\/03\/14\/ligue-des-champions-lesperance-contrariee-par-la-caf\/"},"wordCount":247,"commentCount":0,"publisher":{"@id":"https:\/\/kapitalis.com\/tunisie\/#organization"},"image":{"@id":"https:\/\/kapitalis.com\/tunisie\/2018\/03\/14\/ligue-des-champions-lesperance-contrariee-par-la-caf\/#primaryimage"},"thumbnailUrl":"http:\/\/kapitalis.com\/tunisie\/wp-content\/uploads\/2018\/03\/Esperance-Gor-Mahia.jpg","keywords":["Club Africain","Conf\u00e9d\u00e9ration africaine de football","Esp\u00e9rance sportive de Tunis","Gor Mahia","Ligue des champions","stade de Rades"],"articleSection":["SPORT","Tunisie"],"inLanguage":"fr-FR","potentialAction":[{"@type":"CommentAction","name":"Comment","target":["https:\/\/kapitalis.com\/tunisie\/2018\/03\/14\/ligue-des-champions-lesperance-contrariee-par-la-caf\/#respond"]}]},{"@type":"WebPage","@id":"https:\/\/kapitalis.com\/tunisie\/2018\/03\/14\/ligue-des-champions-lesperance-contrariee-par-la-caf\/","url":"https:\/\/kapitalis.com\/tunisie\/2018\/03\/14\/ligue-des-champions-lesperance-contrariee-par-la-caf\/","name":"Ligue des champions : L\u2019Esp\u00e9rance contrari\u00e9e par la CAF - Kapitalis","isPartOf":{"@id":"https:\/\/kapitalis.com\/tunisie\/#website"},"primaryImageOfPage":{"@id":"https:\/\/kapitalis.com\/tunisie\/2018\/03\/14\/ligue-des-champions-lesperance-contrariee-par-la-caf\/#primaryimage"},"image":{"@id":"https:\/\/kapitalis.com\/tunisie\/2018\/03\/14\/ligue-des-champions-lesperance-contrariee-par-la-caf\/#primaryimage"},"thumbnailUrl":"http:\/\/kapitalis.com\/tunisie\/wp-content\/uploads\/2018\/03\/Esperance-Gor-Mahia.jpg","datePublished":"2018-03-14T09:04:48+00:00","breadcrumb":{"@id":"https:\/\/kapitalis.com\/tunisie\/2018\/03\/14\/ligue-des-champions-lesperance-contrariee-par-la-caf\/#breadcrumb"},"inLanguage":"fr-FR","potentialAction":[{"@type":"ReadAction","target":["https:\/\/kapitalis.com\/tunisie\/2018\/03\/14\/ligue-des-champions-lesperance-contrariee-par-la-caf\/"]}]},{"@type":"ImageObject","inLanguage":"fr-FR","@id":"https:\/\/kapitalis.com\/tunisie\/2018\/03\/14\/ligue-des-champions-lesperance-contrariee-par-la-caf\/#primaryimage","url":"http:\/\/kapitalis.com\/tunisie\/wp-content\/uploads\/2018\/03\/Esperance-Gor-Mahia.jpg","contentUrl":"http:\/\/kapitalis.com\/tunisie\/wp-content\/uploads\/2018\/03\/Esperance-Gor-Mahia.jpg"},{"@type":"BreadcrumbList","@id":"https:\/\/kapitalis.com\/tunisie\/2018\/03\/14\/ligue-des-champions-lesperance-contrariee-par-la-caf\/#breadcrumb","itemListElement":[{"@type":"ListItem","position":1,"name":"Accueil","item":"https:\/\/kapitalis.com\/tunisie\/"},{"@type":"ListItem","position":2,"name":"Ligue des champions : L\u2019Esp\u00e9rance contrari\u00e9e par la CAF"}]},{"@type":"WebSite","@id":"https:\/\/kapitalis.com\/tunisie\/#website","url":"https:\/\/kapitalis.com\/tunisie\/","name":"Kapitalis","description":"L&#039;actualit\u00e9 en Tunisie et dans le monde","publisher":{"@id":"https:\/\/kapitalis.com\/tunisie\/#organization"},"potentialAction":[{"@type":"SearchAction","target":{"@type":"EntryPoint","urlTemplate":"https:\/\/kapitalis.com\/tunisie\/?s={search_term_string}"},"query-input":{"@type":"PropertyValueSpecification","valueRequired":true,"valueName":"search_term_string"}}],"inLanguage":"fr-FR"},{"@type":"Organization","@id":"https:\/\/kapitalis.com\/tunisie\/#organization","name":"Kapitalis","url":"https:\/\/kapitalis.com\/tunisie\/","logo":{"@type":"ImageObject","inLanguage":"fr-FR","@id":"https:\/\/kapitalis.com\/tunisie\/#\/schema\/logo\/image\/","url":"https:\/\/kapitalis.com\/tunisie\/wp-content\/uploads\/2022\/05\/Kapitalis-big-size.png","contentUrl":"https:\/\/kapitalis.com\/tunisie\/wp-content\/uploads\/2022\/05\/Kapitalis-big-size.png","width":5000,"height":1500,"caption":"Kapitalis"},"image":{"@id":"https:\/\/kapitalis.com\/tunisie\/#\/schema\/logo\/image\/"},"sameAs":["https:\/\/www.facebook.com\/KapitalisInfo\/","https:\/\/x.com\/KapitalisInfo","https:\/\/www.youtube.com\/channel\/UC-yDYrHyfFBWWZaOw3FPg9Q"]},{"@type":"Person","@id":"https:\/\/kapitalis.com\/tunisie\/#\/schema\/person\/d71f33a9ca44f7bad4698210b480c8e9","name":"webmaster kapitalis","url":"https:\/\/kapitalis.com\/tunisie\/author\/webmaster-kapitalis\/"}]}},"_links":{"self":[{"href":"https:\/\/kapitalis.com\/tunisie\/wp-json\/wp\/v2\/posts\/143417","targetHints":{"allow":["GET"]}}],"collection":[{"href":"https:\/\/kapitalis.com\/tunisie\/wp-json\/wp\/v2\/posts"}],"about":[{"href":"https:\/\/kapitalis.com\/tunisie\/wp-json\/wp\/v2\/types\/post"}],"author":[{"embeddable":true,"href":"https:\/\/kapitalis.com\/tunisie\/wp-json\/wp\/v2\/users\/8"}],"replies":[{"embeddable":true,"href":"https:\/\/kapitalis.com\/tunisie\/wp-json\/wp\/v2\/comments?post=143417"}],"version-history":[{"count":0,"href":"https:\/\/kapitalis.com\/tunisie\/wp-json\/wp\/v2\/posts\/143417\/revisions"}],"wp:attachment":[{"href":"https:\/\/kapitalis.com\/tunisie\/wp-json\/wp\/v2\/media?parent=143417"}],"wp:term":[{"taxonomy":"category","embeddable":true,"href":"https:\/\/kapitalis.com\/tunisie\/wp-json\/wp\/v2\/categories?post=143417"},{"taxonomy":"post_tag","embeddable":true,"href":"https:\/\/kapitalis.com\/tunisie\/wp-json\/wp\/v2\/tags?post=143417"}],"curies":[{"name":"wp","href":"https:\/\/api.w.org\/{rel}","templated":true}]}}