{"id":14360,"date":"2015-09-16T16:37:13","date_gmt":"2015-09-16T15:37:13","guid":{"rendered":"http:\/\/kapitalis.com\/tunisie\/?p=14360"},"modified":"2015-12-28T09:56:17","modified_gmt":"2015-12-28T08:56:17","slug":"la-reconciliation-economique-ne-pose-pas-probleme-a-lugtt","status":"publish","type":"post","link":"https:\/\/kapitalis.com\/tunisie\/2015\/09\/16\/la-reconciliation-economique-ne-pose-pas-probleme-a-lugtt\/","title":{"rendered":"La r\u00e9conciliation \u00e9conomique ne pose pas probl\u00e8me \u00e0 l\u2019UGTT"},"content":{"rendered":"<p style=\"text-align: center;\"><img loading=\"lazy\" decoding=\"async\" class=\"alignnone size-full wp-image-12967\" src=\"http:\/\/kapitalis.com\/tunisie\/wp-content\/uploads\/2015\/09\/UGTT.jpg\" alt=\"UGTT\" width=\"626\" height=\"380\" \/><\/p>\n<p><em><strong>L\u2019UGTT n\u2019est pas oppos\u00e9e au projet de loi sur la r\u00e9conciliation \u00e9conomique, qui est acceptable \u00e0 ses yeux moyennant quelques \u00abrectifications\u00bb.<\/strong> <\/em><\/p>\n<p>Par <strong>Marwan Chahla<\/strong><\/p>\n<p><!--more--><\/p>\n<p>L\u2019absence de l\u2019UGTT des manifestations hostiles au projet de loi sur la r\u00e9conciliation \u00e9conomique, samedi dernier, n\u2019emp\u00eache pas la centrale syndicale d\u2019avoir une opinion sur cette question: \u00abSous sa forme actuelle, ce projet de loi est inacceptable\u00bb, a ainsi d\u00e9clar\u00e9, hier, Bouali Mbarki, le secr\u00e9taire g\u00e9n\u00e9ral adjoint de l\u2019Union g\u00e9n\u00e9rale tunisienne du travail (UGTT), dans l\u2019\u00e9mission <em>\u2018\u2018Ness Nessma News\u2019\u2019<\/em>.<\/p>\n<p><em>\u00abNotre position l\u00e0-dessus a \u00e9t\u00e9 clairement exprim\u00e9e par le conseil d\u2019administration national de notre centrale, dans un communiqu\u00e9 officiel sign\u00e9 par notre secr\u00e9taire g\u00e9n\u00e9ral Houcine Abassi. Est-t-il utile de rappeler que nous avions \u00e9t\u00e9, il y a pr\u00e8s de 2 ann\u00e9es, parmi les premiers \u00e0 avoir appel\u00e9 de tous nos v\u0153ux \u00e0 ce qu\u2019il y ait une r\u00e9conciliation nationale? Qu\u2019on ne vienne pas, aujourd\u2019hui, surench\u00e9rir sur cette question!\u00bb,<\/em> a indiqu\u00e9 M. Mbarki, expliquant que si l\u2019UGTT n\u2019a pas particip\u00e9 aux manifestations du samedi 12 septembre, organis\u00e9es par les partis de l\u2019opposition pour demander le retrait de ce projet de loi, <em>\u00abla raison en est toute simple: personne ne nous a invit\u00e9s \u00e0 y prendre part.\u00bb<\/em><\/p>\n<p><strong>Un passage oblig\u00e9<\/strong><\/p>\n<p>La centrale syndicale aurait donc pu prendre part \u00e0 ces manifestations? Rien n\u2019est moins s\u00fbr, car, en d\u2019autres circonstances, les syndicalistes n\u2019auraient pas attendu une invitation pour descendre dans la rue.<\/p>\n<p><em>\u00abNous avons dit et r\u00e9p\u00e9t\u00e9 que notre pays \u2013 \u00e0 l\u2019instar d\u2019autres pays qui ont connu des r\u00e9volutions et entam\u00e9 des transitions d\u00e9mocratiques \u2013 doit entreprendre cette r\u00e9conciliation nationale. Ceci est passage oblig\u00e9 et il n\u2019y a aucun doute l\u00e0-dessus, \u00e0 nos yeux. Mais il y a un cadre bien pr\u00e9cis qui devrait d\u00e9finir cette d\u00e9marche: l\u2019entreprise de la r\u00e9conciliation nationale ne doit affecter en rien la justice transitionnelle, ni toucher d\u2019aucune mani\u00e8re les imp\u00e9ratifs constitutionnels. Notre conseil national a dit clairement, apr\u00e8s avoir pris la peine de consulter certains experts et sp\u00e9cialistes, que ce projet de loi, sous sa forme actuelle, pr\u00e9sente de nombreuses difficult\u00e9s, qu\u2019il pose un certain nombre de probl\u00e8mes et qu\u2019il m\u00e9rite donc d\u2019\u00eatre r\u00e9vis\u00e9. Ainsi qu\u2019il a \u00e9t\u00e9 soumis<\/em> (par le pr\u00e9sident B\u00e9ji Ca\u00efd Essebsi \u00e0 l\u2019Assembl\u00e9e des repr\u00e9sentants du peuple, Ndlr)<em>, il n\u2019est pas acceptable. Donc, nous demandons \u00e0 tous de faire montre de mod\u00e9ration et de pond\u00e9ration dans la r\u00e9vision d\u2019un certain nombre d\u2019articles de ce projet de loi, de fa\u00e7on \u00e0 ce qu\u2019il obtienne, au bout du parcours, le consensus le plus large possible. C\u2019est de cette mani\u00e8re qu\u2019il faudra proc\u00e9der. C\u2019est de cette mani\u00e8re que l\u2019on pourra faire progresser le d\u00e9bat sur cette question cruciale de la r\u00e9conciliation nationale\u00bb<\/em>, a expliqu\u00e9 M. Mbarki, sans pr\u00e9ciser les articles du projet de loi devant \u00eatre amend\u00e9s.<\/p>\n<p><strong>Des rectifications n\u00e9cessaires<\/strong><\/p>\n<p>Cependant, pour le responsable syndical, le plus dur est fait: \u00ab<em>A pr\u00e9sent que des voix se sont \u00e9lev\u00e9es contre ce projet de loi et qu\u2019elles ont r\u00e9ussi \u00e0 se faire entendre&#8230; A pr\u00e9sent, \u00e9galement, que le secr\u00e9taire g\u00e9n\u00e9ral de l\u2019UGTT a pu rencontrer le pr\u00e9sident de la r\u00e9publique et qu\u2019il lui a expos\u00e9 le point de vue de notre centrale sur cette question, il semble que l\u2019on s\u2019achemine tranquillement vers l\u2019adoption des rectifications n\u00e9cessaires qui devront \u00eatre port\u00e9es \u00e0 ce projet de loi, avant qu\u2019il ne soit soumis \u00e0 l\u2019Assembl\u00e9e. Il n\u2019y a pas de mal \u00e0 cela\u2026 car, apr\u00e8s tout, qu\u2019est-ce qui devrait nous unir tous? Bien \u00e9videmment, la r\u00e9ponse demeure \u2018\u2018l\u2019int\u00e9r\u00eat de la Tunisie\u2019\u2019. Toute r\u00e9conciliation, qu\u2019elle soit \u00e9conomique, nationale ou\u00a0 g\u00e9n\u00e9rale, doit garder pr\u00e9sent \u00e0 l\u2019esprit la priorit\u00e9 du d\u00e9veloppement de notre pays, le sauvetage de son \u00e9conomie, le recouvrement de l\u2019argent de la communaut\u00e9 nationale. Nous appuyons tous ces efforts, sans aucune r\u00e9serve.\u00bb<\/em><\/p>\n<p>En d\u2019autres termes, le projet de loi relatif \u00e0 la r\u00e9conciliation \u00e9conomique et financi\u00e8re ne pose pas probl\u00e8me, en tant que tel, \u00e0 la puissante centrale syndicale, qui pourrait l\u2019avaliser et le soutenir moyennant quelques amendements. Reste que l\u2019UGTT serait bien inspir\u00e9e de pr\u00e9ciser les clarifications qui, \u00e0 ses yeux, sont n\u00e9cessaires pour rendre ce projet de loi acceptable.<\/p>\n","protected":false},"excerpt":{"rendered":"<p>L\u2019UGTT n\u2019est pas oppos\u00e9e au projet de loi sur la r\u00e9conciliation \u00e9conomique, qui est acceptable \u00e0 ses yeux moyennant quelques \u00abrectifications\u00bb. Par Marwan Chahla<\/p>\n","protected":false},"author":8,"featured_media":0,"comment_status":"open","ping_status":"open","sticky":false,"template":"","format":"standard","meta":{"footnotes":""},"categories":[992,997,2433],"tags":[6252,6251,5879,3741,4862],"class_list":["post-14360","post","type-post","status-publish","format-standard","hentry","category-a-la-une","category-politique","category-tunisie","tag-bouali-mbarki","tag-centrale-syndicale","tag-manifestations","tag-projet-de-loi","tag-reconciliation-economique"],"yoast_head":"<!-- This site is optimized with the Yoast SEO plugin v26.6 - https:\/\/yoast.com\/wordpress\/plugins\/seo\/ -->\n<title>La r\u00e9conciliation \u00e9conomique ne pose pas probl\u00e8me \u00e0 l\u2019UGTT - Kapitalis<\/title>\n<meta name=\"robots\" content=\"index, follow, max-snippet:-1, max-image-preview:large, max-video-preview:-1\" \/>\n<link rel=\"canonical\" href=\"https:\/\/kapitalis.com\/tunisie\/2015\/09\/16\/la-reconciliation-economique-ne-pose-pas-probleme-a-lugtt\/\" \/>\n<meta property=\"og:locale\" content=\"fr_FR\" \/>\n<meta property=\"og:type\" content=\"article\" \/>\n<meta property=\"og:title\" content=\"La r\u00e9conciliation \u00e9conomique ne pose pas probl\u00e8me \u00e0 l\u2019UGTT - Kapitalis\" \/>\n<meta property=\"og:description\" content=\"L\u2019UGTT n\u2019est pas oppos\u00e9e au projet de loi sur la r\u00e9conciliation \u00e9conomique, qui est acceptable \u00e0 ses yeux moyennant quelques \u00abrectifications\u00bb. Par Marwan Chahla\" \/>\n<meta property=\"og:url\" content=\"https:\/\/kapitalis.com\/tunisie\/2015\/09\/16\/la-reconciliation-economique-ne-pose-pas-probleme-a-lugtt\/\" \/>\n<meta property=\"og:site_name\" content=\"Kapitalis\" \/>\n<meta property=\"article:publisher\" content=\"https:\/\/www.facebook.com\/KapitalisInfo\/\" \/>\n<meta property=\"article:published_time\" content=\"2015-09-16T15:37:13+00:00\" \/>\n<meta property=\"article:modified_time\" content=\"2015-12-28T08:56:17+00:00\" \/>\n<meta property=\"og:image\" content=\"http:\/\/kapitalis.com\/tunisie\/wp-content\/uploads\/2015\/09\/UGTT.jpg\" \/>\n<meta name=\"author\" content=\"webmaster kapitalis\" \/>\n<meta name=\"twitter:card\" content=\"summary_large_image\" \/>\n<meta name=\"twitter:creator\" content=\"@KapitalisInfo\" \/>\n<meta name=\"twitter:site\" content=\"@KapitalisInfo\" \/>\n<meta name=\"twitter:label1\" content=\"\u00c9crit par\" \/>\n\t<meta name=\"twitter:data1\" content=\"webmaster kapitalis\" \/>\n\t<meta name=\"twitter:label2\" content=\"Dur\u00e9e de lecture estim\u00e9e\" \/>\n\t<meta name=\"twitter:data2\" content=\"4 minutes\" \/>\n<script type=\"application\/ld+json\" class=\"yoast-schema-graph\">{\"@context\":\"https:\/\/schema.org\",\"@graph\":[{\"@type\":\"Article\",\"@id\":\"https:\/\/kapitalis.com\/tunisie\/2015\/09\/16\/la-reconciliation-economique-ne-pose-pas-probleme-a-lugtt\/#article\",\"isPartOf\":{\"@id\":\"https:\/\/kapitalis.com\/tunisie\/2015\/09\/16\/la-reconciliation-economique-ne-pose-pas-probleme-a-lugtt\/\"},\"author\":{\"name\":\"webmaster kapitalis\",\"@id\":\"https:\/\/kapitalis.com\/tunisie\/#\/schema\/person\/d71f33a9ca44f7bad4698210b480c8e9\"},\"headline\":\"La r\u00e9conciliation \u00e9conomique ne pose pas probl\u00e8me \u00e0 l\u2019UGTT\",\"datePublished\":\"2015-09-16T15:37:13+00:00\",\"dateModified\":\"2015-12-28T08:56:17+00:00\",\"mainEntityOfPage\":{\"@id\":\"https:\/\/kapitalis.com\/tunisie\/2015\/09\/16\/la-reconciliation-economique-ne-pose-pas-probleme-a-lugtt\/\"},\"wordCount\":803,\"commentCount\":0,\"publisher\":{\"@id\":\"https:\/\/kapitalis.com\/tunisie\/#organization\"},\"image\":{\"@id\":\"https:\/\/kapitalis.com\/tunisie\/2015\/09\/16\/la-reconciliation-economique-ne-pose-pas-probleme-a-lugtt\/#primaryimage\"},\"thumbnailUrl\":\"http:\/\/kapitalis.com\/tunisie\/wp-content\/uploads\/2015\/09\/UGTT.jpg\",\"keywords\":[\"Bouali Mbarki\",\"centrale syndicale\",\"manifestations\",\"projet de loi\",\"r\u00e9conciliation \u00e9conomique\"],\"articleSection\":[\"A LA UNE\",\"POLITIQUE\",\"Tunisie\"],\"inLanguage\":\"fr-FR\",\"potentialAction\":[{\"@type\":\"CommentAction\",\"name\":\"Comment\",\"target\":[\"https:\/\/kapitalis.com\/tunisie\/2015\/09\/16\/la-reconciliation-economique-ne-pose-pas-probleme-a-lugtt\/#respond\"]}]},{\"@type\":\"WebPage\",\"@id\":\"https:\/\/kapitalis.com\/tunisie\/2015\/09\/16\/la-reconciliation-economique-ne-pose-pas-probleme-a-lugtt\/\",\"url\":\"https:\/\/kapitalis.com\/tunisie\/2015\/09\/16\/la-reconciliation-economique-ne-pose-pas-probleme-a-lugtt\/\",\"name\":\"La r\u00e9conciliation \u00e9conomique ne pose pas probl\u00e8me \u00e0 l\u2019UGTT - Kapitalis\",\"isPartOf\":{\"@id\":\"https:\/\/kapitalis.com\/tunisie\/#website\"},\"primaryImageOfPage\":{\"@id\":\"https:\/\/kapitalis.com\/tunisie\/2015\/09\/16\/la-reconciliation-economique-ne-pose-pas-probleme-a-lugtt\/#primaryimage\"},\"image\":{\"@id\":\"https:\/\/kapitalis.com\/tunisie\/2015\/09\/16\/la-reconciliation-economique-ne-pose-pas-probleme-a-lugtt\/#primaryimage\"},\"thumbnailUrl\":\"http:\/\/kapitalis.com\/tunisie\/wp-content\/uploads\/2015\/09\/UGTT.jpg\",\"datePublished\":\"2015-09-16T15:37:13+00:00\",\"dateModified\":\"2015-12-28T08:56:17+00:00\",\"breadcrumb\":{\"@id\":\"https:\/\/kapitalis.com\/tunisie\/2015\/09\/16\/la-reconciliation-economique-ne-pose-pas-probleme-a-lugtt\/#breadcrumb\"},\"inLanguage\":\"fr-FR\",\"potentialAction\":[{\"@type\":\"ReadAction\",\"target\":[\"https:\/\/kapitalis.com\/tunisie\/2015\/09\/16\/la-reconciliation-economique-ne-pose-pas-probleme-a-lugtt\/\"]}]},{\"@type\":\"ImageObject\",\"inLanguage\":\"fr-FR\",\"@id\":\"https:\/\/kapitalis.com\/tunisie\/2015\/09\/16\/la-reconciliation-economique-ne-pose-pas-probleme-a-lugtt\/#primaryimage\",\"url\":\"http:\/\/kapitalis.com\/tunisie\/wp-content\/uploads\/2015\/09\/UGTT.jpg\",\"contentUrl\":\"http:\/\/kapitalis.com\/tunisie\/wp-content\/uploads\/2015\/09\/UGTT.jpg\"},{\"@type\":\"BreadcrumbList\",\"@id\":\"https:\/\/kapitalis.com\/tunisie\/2015\/09\/16\/la-reconciliation-economique-ne-pose-pas-probleme-a-lugtt\/#breadcrumb\",\"itemListElement\":[{\"@type\":\"ListItem\",\"position\":1,\"name\":\"Accueil\",\"item\":\"https:\/\/kapitalis.com\/tunisie\/\"},{\"@type\":\"ListItem\",\"position\":2,\"name\":\"La r\u00e9conciliation \u00e9conomique ne pose pas probl\u00e8me \u00e0 l\u2019UGTT\"}]},{\"@type\":\"WebSite\",\"@id\":\"https:\/\/kapitalis.com\/tunisie\/#website\",\"url\":\"https:\/\/kapitalis.com\/tunisie\/\",\"name\":\"Kapitalis\",\"description\":\"L&#039;actualit\u00e9 en Tunisie et dans le monde\",\"publisher\":{\"@id\":\"https:\/\/kapitalis.com\/tunisie\/#organization\"},\"potentialAction\":[{\"@type\":\"SearchAction\",\"target\":{\"@type\":\"EntryPoint\",\"urlTemplate\":\"https:\/\/kapitalis.com\/tunisie\/?s={search_term_string}\"},\"query-input\":{\"@type\":\"PropertyValueSpecification\",\"valueRequired\":true,\"valueName\":\"search_term_string\"}}],\"inLanguage\":\"fr-FR\"},{\"@type\":\"Organization\",\"@id\":\"https:\/\/kapitalis.com\/tunisie\/#organization\",\"name\":\"Kapitalis\",\"url\":\"https:\/\/kapitalis.com\/tunisie\/\",\"logo\":{\"@type\":\"ImageObject\",\"inLanguage\":\"fr-FR\",\"@id\":\"https:\/\/kapitalis.com\/tunisie\/#\/schema\/logo\/image\/\",\"url\":\"https:\/\/kapitalis.com\/tunisie\/wp-content\/uploads\/2022\/05\/Kapitalis-big-size.png\",\"contentUrl\":\"https:\/\/kapitalis.com\/tunisie\/wp-content\/uploads\/2022\/05\/Kapitalis-big-size.png\",\"width\":5000,\"height\":1500,\"caption\":\"Kapitalis\"},\"image\":{\"@id\":\"https:\/\/kapitalis.com\/tunisie\/#\/schema\/logo\/image\/\"},\"sameAs\":[\"https:\/\/www.facebook.com\/KapitalisInfo\/\",\"https:\/\/x.com\/KapitalisInfo\",\"https:\/\/www.youtube.com\/channel\/UC-yDYrHyfFBWWZaOw3FPg9Q\"]},{\"@type\":\"Person\",\"@id\":\"https:\/\/kapitalis.com\/tunisie\/#\/schema\/person\/d71f33a9ca44f7bad4698210b480c8e9\",\"name\":\"webmaster kapitalis\",\"url\":\"https:\/\/kapitalis.com\/tunisie\/author\/webmaster-kapitalis\/\"}]}<\/script>\n<!-- \/ Yoast SEO plugin. -->","yoast_head_json":{"title":"La r\u00e9conciliation \u00e9conomique ne pose pas probl\u00e8me \u00e0 l\u2019UGTT - Kapitalis","robots":{"index":"index","follow":"follow","max-snippet":"max-snippet:-1","max-image-preview":"max-image-preview:large","max-video-preview":"max-video-preview:-1"},"canonical":"https:\/\/kapitalis.com\/tunisie\/2015\/09\/16\/la-reconciliation-economique-ne-pose-pas-probleme-a-lugtt\/","og_locale":"fr_FR","og_type":"article","og_title":"La r\u00e9conciliation \u00e9conomique ne pose pas probl\u00e8me \u00e0 l\u2019UGTT - Kapitalis","og_description":"L\u2019UGTT n\u2019est pas oppos\u00e9e au projet de loi sur la r\u00e9conciliation \u00e9conomique, qui est acceptable \u00e0 ses yeux moyennant quelques \u00abrectifications\u00bb. Par Marwan Chahla","og_url":"https:\/\/kapitalis.com\/tunisie\/2015\/09\/16\/la-reconciliation-economique-ne-pose-pas-probleme-a-lugtt\/","og_site_name":"Kapitalis","article_publisher":"https:\/\/www.facebook.com\/KapitalisInfo\/","article_published_time":"2015-09-16T15:37:13+00:00","article_modified_time":"2015-12-28T08:56:17+00:00","og_image":[{"url":"http:\/\/kapitalis.com\/tunisie\/wp-content\/uploads\/2015\/09\/UGTT.jpg","type":"","width":"","height":""}],"author":"webmaster kapitalis","twitter_card":"summary_large_image","twitter_creator":"@KapitalisInfo","twitter_site":"@KapitalisInfo","twitter_misc":{"\u00c9crit par":"webmaster kapitalis","Dur\u00e9e de lecture estim\u00e9e":"4 minutes"},"schema":{"@context":"https:\/\/schema.org","@graph":[{"@type":"Article","@id":"https:\/\/kapitalis.com\/tunisie\/2015\/09\/16\/la-reconciliation-economique-ne-pose-pas-probleme-a-lugtt\/#article","isPartOf":{"@id":"https:\/\/kapitalis.com\/tunisie\/2015\/09\/16\/la-reconciliation-economique-ne-pose-pas-probleme-a-lugtt\/"},"author":{"name":"webmaster kapitalis","@id":"https:\/\/kapitalis.com\/tunisie\/#\/schema\/person\/d71f33a9ca44f7bad4698210b480c8e9"},"headline":"La r\u00e9conciliation \u00e9conomique ne pose pas probl\u00e8me \u00e0 l\u2019UGTT","datePublished":"2015-09-16T15:37:13+00:00","dateModified":"2015-12-28T08:56:17+00:00","mainEntityOfPage":{"@id":"https:\/\/kapitalis.com\/tunisie\/2015\/09\/16\/la-reconciliation-economique-ne-pose-pas-probleme-a-lugtt\/"},"wordCount":803,"commentCount":0,"publisher":{"@id":"https:\/\/kapitalis.com\/tunisie\/#organization"},"image":{"@id":"https:\/\/kapitalis.com\/tunisie\/2015\/09\/16\/la-reconciliation-economique-ne-pose-pas-probleme-a-lugtt\/#primaryimage"},"thumbnailUrl":"http:\/\/kapitalis.com\/tunisie\/wp-content\/uploads\/2015\/09\/UGTT.jpg","keywords":["Bouali Mbarki","centrale syndicale","manifestations","projet de loi","r\u00e9conciliation \u00e9conomique"],"articleSection":["A LA UNE","POLITIQUE","Tunisie"],"inLanguage":"fr-FR","potentialAction":[{"@type":"CommentAction","name":"Comment","target":["https:\/\/kapitalis.com\/tunisie\/2015\/09\/16\/la-reconciliation-economique-ne-pose-pas-probleme-a-lugtt\/#respond"]}]},{"@type":"WebPage","@id":"https:\/\/kapitalis.com\/tunisie\/2015\/09\/16\/la-reconciliation-economique-ne-pose-pas-probleme-a-lugtt\/","url":"https:\/\/kapitalis.com\/tunisie\/2015\/09\/16\/la-reconciliation-economique-ne-pose-pas-probleme-a-lugtt\/","name":"La r\u00e9conciliation \u00e9conomique ne pose pas probl\u00e8me \u00e0 l\u2019UGTT - Kapitalis","isPartOf":{"@id":"https:\/\/kapitalis.com\/tunisie\/#website"},"primaryImageOfPage":{"@id":"https:\/\/kapitalis.com\/tunisie\/2015\/09\/16\/la-reconciliation-economique-ne-pose-pas-probleme-a-lugtt\/#primaryimage"},"image":{"@id":"https:\/\/kapitalis.com\/tunisie\/2015\/09\/16\/la-reconciliation-economique-ne-pose-pas-probleme-a-lugtt\/#primaryimage"},"thumbnailUrl":"http:\/\/kapitalis.com\/tunisie\/wp-content\/uploads\/2015\/09\/UGTT.jpg","datePublished":"2015-09-16T15:37:13+00:00","dateModified":"2015-12-28T08:56:17+00:00","breadcrumb":{"@id":"https:\/\/kapitalis.com\/tunisie\/2015\/09\/16\/la-reconciliation-economique-ne-pose-pas-probleme-a-lugtt\/#breadcrumb"},"inLanguage":"fr-FR","potentialAction":[{"@type":"ReadAction","target":["https:\/\/kapitalis.com\/tunisie\/2015\/09\/16\/la-reconciliation-economique-ne-pose-pas-probleme-a-lugtt\/"]}]},{"@type":"ImageObject","inLanguage":"fr-FR","@id":"https:\/\/kapitalis.com\/tunisie\/2015\/09\/16\/la-reconciliation-economique-ne-pose-pas-probleme-a-lugtt\/#primaryimage","url":"http:\/\/kapitalis.com\/tunisie\/wp-content\/uploads\/2015\/09\/UGTT.jpg","contentUrl":"http:\/\/kapitalis.com\/tunisie\/wp-content\/uploads\/2015\/09\/UGTT.jpg"},{"@type":"BreadcrumbList","@id":"https:\/\/kapitalis.com\/tunisie\/2015\/09\/16\/la-reconciliation-economique-ne-pose-pas-probleme-a-lugtt\/#breadcrumb","itemListElement":[{"@type":"ListItem","position":1,"name":"Accueil","item":"https:\/\/kapitalis.com\/tunisie\/"},{"@type":"ListItem","position":2,"name":"La r\u00e9conciliation \u00e9conomique ne pose pas probl\u00e8me \u00e0 l\u2019UGTT"}]},{"@type":"WebSite","@id":"https:\/\/kapitalis.com\/tunisie\/#website","url":"https:\/\/kapitalis.com\/tunisie\/","name":"Kapitalis","description":"L&#039;actualit\u00e9 en Tunisie et dans le monde","publisher":{"@id":"https:\/\/kapitalis.com\/tunisie\/#organization"},"potentialAction":[{"@type":"SearchAction","target":{"@type":"EntryPoint","urlTemplate":"https:\/\/kapitalis.com\/tunisie\/?s={search_term_string}"},"query-input":{"@type":"PropertyValueSpecification","valueRequired":true,"valueName":"search_term_string"}}],"inLanguage":"fr-FR"},{"@type":"Organization","@id":"https:\/\/kapitalis.com\/tunisie\/#organization","name":"Kapitalis","url":"https:\/\/kapitalis.com\/tunisie\/","logo":{"@type":"ImageObject","inLanguage":"fr-FR","@id":"https:\/\/kapitalis.com\/tunisie\/#\/schema\/logo\/image\/","url":"https:\/\/kapitalis.com\/tunisie\/wp-content\/uploads\/2022\/05\/Kapitalis-big-size.png","contentUrl":"https:\/\/kapitalis.com\/tunisie\/wp-content\/uploads\/2022\/05\/Kapitalis-big-size.png","width":5000,"height":1500,"caption":"Kapitalis"},"image":{"@id":"https:\/\/kapitalis.com\/tunisie\/#\/schema\/logo\/image\/"},"sameAs":["https:\/\/www.facebook.com\/KapitalisInfo\/","https:\/\/x.com\/KapitalisInfo","https:\/\/www.youtube.com\/channel\/UC-yDYrHyfFBWWZaOw3FPg9Q"]},{"@type":"Person","@id":"https:\/\/kapitalis.com\/tunisie\/#\/schema\/person\/d71f33a9ca44f7bad4698210b480c8e9","name":"webmaster kapitalis","url":"https:\/\/kapitalis.com\/tunisie\/author\/webmaster-kapitalis\/"}]}},"_links":{"self":[{"href":"https:\/\/kapitalis.com\/tunisie\/wp-json\/wp\/v2\/posts\/14360","targetHints":{"allow":["GET"]}}],"collection":[{"href":"https:\/\/kapitalis.com\/tunisie\/wp-json\/wp\/v2\/posts"}],"about":[{"href":"https:\/\/kapitalis.com\/tunisie\/wp-json\/wp\/v2\/types\/post"}],"author":[{"embeddable":true,"href":"https:\/\/kapitalis.com\/tunisie\/wp-json\/wp\/v2\/users\/8"}],"replies":[{"embeddable":true,"href":"https:\/\/kapitalis.com\/tunisie\/wp-json\/wp\/v2\/comments?post=14360"}],"version-history":[{"count":0,"href":"https:\/\/kapitalis.com\/tunisie\/wp-json\/wp\/v2\/posts\/14360\/revisions"}],"wp:attachment":[{"href":"https:\/\/kapitalis.com\/tunisie\/wp-json\/wp\/v2\/media?parent=14360"}],"wp:term":[{"taxonomy":"category","embeddable":true,"href":"https:\/\/kapitalis.com\/tunisie\/wp-json\/wp\/v2\/categories?post=14360"},{"taxonomy":"post_tag","embeddable":true,"href":"https:\/\/kapitalis.com\/tunisie\/wp-json\/wp\/v2\/tags?post=14360"}],"curies":[{"name":"wp","href":"https:\/\/api.w.org\/{rel}","templated":true}]}}