{"id":14360841,"date":"2024-10-24T09:38:41","date_gmt":"2024-10-24T08:38:41","guid":{"rendered":"https:\/\/kapitalis.com\/tunisie\/?p=14360841"},"modified":"2024-10-24T09:38:43","modified_gmt":"2024-10-24T08:38:43","slug":"semaine-de-ladaptation-aux-changements-climatiques-en-tunisie","status":"publish","type":"post","link":"https:\/\/kapitalis.com\/tunisie\/2024\/10\/24\/semaine-de-ladaptation-aux-changements-climatiques-en-tunisie\/","title":{"rendered":"Semaine de l\u2019adaptation aux changements climatiques en Tunisie"},"content":{"rendered":"\n<p><strong><em>La Semaine de l\u2019adaptation aux changements climatiques en Tunisie (Climate Adapt Week 2024)\u00a0s\u2019est tenue du 14 au 19 octobre 2024, un \u00e9v\u00e9nement de dialogue et de sensibilisation\u00a0\u00a0 comportant une multitude d\u2019activit\u00e9s: conf\u00e9rences-d\u00e9bat, ateliers sectoriels, initiatives citoyennes, manifestations culturelles et artistiques et actions r\u00e9gionales. Une mobilisation totale des acteurs publics, priv\u00e9s, associatifs, acad\u00e9miques et m\u00e9diatiques pour une prise de conscience collective des menaces climatiques.<\/em><\/strong><\/p>\n\n\n\n<!--more-->\n\n\n\n<p>L\u2019\u00e9v\u00e9nement a \u00e9t\u00e9 organis\u00e9 par le Fonds Mondial pour la Nature (WWF North Africa) et le Forum national de l\u2019adaptation aux \u00a0changements climatiques (Fnacc), en partenariat avec GIZ Tunisie, et avec l\u2019appui du minist\u00e8re de l\u2019Environnement, du minist\u00e8re de l\u2019Agriculture, des Ressources hydrauliques et de la P\u00eache et autres partenaires institutionnels et associatifs.<\/p>\n\n\n\n<p>La semaine a mis l\u2019accent sur les d\u00e9fis et les menaces des changements climatiques ainsi que sur les derni\u00e8res avanc\u00e9es en mati\u00e8re d\u2019adaptation et de r\u00e9silience. Les th\u00e9matiques abord\u00e9es ont inclus l\u2019am\u00e9nagement du territoire et le plan local climat, la gestion durable des \u00e9cosyst\u00e8mes terrestres et c\u00f4tiers, la r\u00e9silience hydrique, l\u2019impact des changements climatiques sur les populations et les communaut\u00e9s locales ainsi que la sensibilisation innovante et les strat\u00e9gies globales ou sectorielles d\u2019adaptation.<\/p>\n\n\n\n<h2 class=\"wp-block-heading\">Large mobilisation \u00e0 la Cit\u00e9 des sciences de Tunis<\/h2>\n\n\n\n<p>Pendant cet \u00e9v\u00e9nement<em>, <\/em>des centaines de responsables de d\u00e9partements publics, repr\u00e9sentants des minist\u00e8res impliqu\u00e9s et des municipalit\u00e9s, universitaires et chercheurs, sp\u00e9cialistes et experts du d\u00e9veloppement durable, op\u00e9rateurs priv\u00e9s et intervenants de la soci\u00e9t\u00e9 civile se sont r\u00e9unis, les 17 et 18 octobre \u00e0 la Cit\u00e9 des Sciences de Tunis, pour d\u00e9battre de th\u00e9matiques diverses, lors des conf\u00e9rences-d\u00e9bat et ateliers sectoriels.&nbsp;&nbsp;&nbsp;<\/p>\n\n\n\n<p>Outre les d\u00e9bats, les expositions et l\u2019animation des lieux, une journ\u00e9e <em>Artivisme,<\/em> sous le slogan <em>\u00abL\u2019art pour la Terre : Inspirer, Cr\u00e9er, Agir\u00bb<\/em>, comportant des projections de films et des initiatives artistiques et environnementales, a eu lieu le 17 octobre \u00e0 la Cit\u00e9 des Sciences et a constitu\u00e9 une plateforme innovante pour exprimer \u00e0 travers les arts les d\u00e9fis li\u00e9s \u00e0 l\u2019environnement.&nbsp;<\/p>\n\n\n\n<p>Samedi 19 octobre, l\u2019\u00e9v\u00e9nement a convi\u00e9 les repr\u00e9sentants institutionnels et les diff\u00e9rentes parties prenantes pour la restitution des travaux de la semaine et la pr\u00e9sentation des recommandations sectorielles et sp\u00e9cifiques, allant vers une meilleure harmonisation des interventions et la prise de mesures urgentes en mati\u00e8re d\u2019adaptation aux changements climatiques en Tunisie.\u00a0\u00a0<\/p>\n\n\n\n<figure class=\"wp-block-gallery aligncenter has-nested-images columns-default is-cropped wp-block-gallery-1 is-layout-flex wp-block-gallery-is-layout-flex\">\n<figure class=\"wp-block-image size-large\"><img loading=\"lazy\" decoding=\"async\" width=\"1024\" height=\"538\" data-id=\"14361193\" src=\"https:\/\/kapitalis.com\/tunisie\/wp-content\/uploads\/2024\/10\/Climate-Adapt-Week-Tunisie-1-1024x538.jpg\" alt=\"\" class=\"wp-image-14361193\" srcset=\"https:\/\/kapitalis.com\/tunisie\/wp-content\/uploads\/2024\/10\/Climate-Adapt-Week-Tunisie-1-1024x538.jpg 1024w, https:\/\/kapitalis.com\/tunisie\/wp-content\/uploads\/2024\/10\/Climate-Adapt-Week-Tunisie-1-300x158.jpg 300w, https:\/\/kapitalis.com\/tunisie\/wp-content\/uploads\/2024\/10\/Climate-Adapt-Week-Tunisie-1-768x403.jpg 768w, https:\/\/kapitalis.com\/tunisie\/wp-content\/uploads\/2024\/10\/Climate-Adapt-Week-Tunisie-1-580x305.jpg 580w, https:\/\/kapitalis.com\/tunisie\/wp-content\/uploads\/2024\/10\/Climate-Adapt-Week-Tunisie-1-860x452.jpg 860w, https:\/\/kapitalis.com\/tunisie\/wp-content\/uploads\/2024\/10\/Climate-Adapt-Week-Tunisie-1-1160x609.jpg 1160w, https:\/\/kapitalis.com\/tunisie\/wp-content\/uploads\/2024\/10\/Climate-Adapt-Week-Tunisie-1.jpg 1200w\" sizes=\"auto, (max-width: 1024px) 100vw, 1024px\" \/><\/figure>\n\n\n\n<figure class=\"wp-block-image size-large\"><img loading=\"lazy\" decoding=\"async\" width=\"1024\" height=\"538\" data-id=\"14361194\" src=\"https:\/\/kapitalis.com\/tunisie\/wp-content\/uploads\/2024\/10\/Climate-Adapt-Week-Tunisie-2-1024x538.jpg\" alt=\"\" class=\"wp-image-14361194\" srcset=\"https:\/\/kapitalis.com\/tunisie\/wp-content\/uploads\/2024\/10\/Climate-Adapt-Week-Tunisie-2-1024x538.jpg 1024w, https:\/\/kapitalis.com\/tunisie\/wp-content\/uploads\/2024\/10\/Climate-Adapt-Week-Tunisie-2-300x158.jpg 300w, https:\/\/kapitalis.com\/tunisie\/wp-content\/uploads\/2024\/10\/Climate-Adapt-Week-Tunisie-2-768x403.jpg 768w, https:\/\/kapitalis.com\/tunisie\/wp-content\/uploads\/2024\/10\/Climate-Adapt-Week-Tunisie-2-580x305.jpg 580w, https:\/\/kapitalis.com\/tunisie\/wp-content\/uploads\/2024\/10\/Climate-Adapt-Week-Tunisie-2-860x452.jpg 860w, https:\/\/kapitalis.com\/tunisie\/wp-content\/uploads\/2024\/10\/Climate-Adapt-Week-Tunisie-2-1160x609.jpg 1160w, https:\/\/kapitalis.com\/tunisie\/wp-content\/uploads\/2024\/10\/Climate-Adapt-Week-Tunisie-2.jpg 1200w\" sizes=\"auto, (max-width: 1024px) 100vw, 1024px\" \/><\/figure>\n<\/figure>\n\n\n\n<h2 class=\"wp-block-heading\">Un premier atelier r\u00e9gional \u00e0 Gab\u00e8s<\/h2>\n\n\n\n<p>Les organisateurs en collaboration avec l\u2019association Citoyennet\u00e9 et D\u00e9veloppement Durable (ACDD) ont mobilis\u00e9 les diff\u00e9rents intervenants et acteurs du sud tunisien, autour d\u2019un atelier r\u00e9gional d\u2019\u00e9change d\u2019exp\u00e9riences et de r\u00e9flexion strat\u00e9gique intitul\u00e9 <em>\u00abLes bonnes pratiques de la r\u00e9silience climatique du sud tunisien\u00bb<\/em>.<\/p>\n\n\n\n<p>Une quarantaine de repr\u00e9sentants d\u2019associations, venus de Sfax, Gafsa, Tozeur, Kebili, Tataouine, Medenine et Gab\u00e8s, ont pris part \u00e0 cet atelier r\u00e9gional, qui a eu lieu \u00e0 Gab\u00e8s, le 12 octobre. Cinq exp\u00e9riences associatives r\u00e9alis\u00e9es \u00e0 Kerkennah (ACG), Kebili (Joussour), Gab\u00e8s (AZHST), Beni Khedache (ACDD) et Djerba (Assidje) en relation avec l\u2019adaptation aux changements climatiques ont \u00e9t\u00e9 pr\u00e9sent\u00e9es. Une 6<sup>e<\/sup> exp\u00e9rience concernant le r\u00e9seau <em>Tunisian Network for Climate Change (TNCC)<\/em>, cr\u00e9\u00e9 en juillet 2020 et appuy\u00e9 par WWF-NA. Un travail de r\u00e9flexion en 3 groupes a \u00e9t\u00e9 men\u00e9 par les participants sur les axes suivants : gouvernance et plaidoyer&nbsp;; financement et investissements; connaissances et innovation technologique.<\/p>\n\n\n\n<h2 class=\"wp-block-heading\">Une journ\u00e9e de sensibilisation et de d\u00e9bat \u00e0 Nefza<\/h2>\n\n\n\n<p>A Nefza (gouvernorat de B\u00e9j\u00e0), une journ\u00e9e de sensibilisation et de d\u00e9bat s\u2019est tenue, mardi 15 octobre, sur le th\u00e8me <em>\u00abChangements climatiques dans le Nord-Ouest de la Tunisie : quelles mesures imm\u00e9diates et quels processus d\u2019adaptation?\u00bb. <\/em>Cette action r\u00e9gionale a \u00e9t\u00e9 organis\u00e9e en collaboration avec plusieurs organismes r\u00e9gionaux, entreprises et associations de la soci\u00e9t\u00e9 civile, telles que ASNEDDN, GDA Tabouba, CTV Nefza, Les Amis de Capte, Maison de la Culture de Nefza, l\u2019Association tunisienne des techniciens forestiers (ATTF) et autres.<\/p>\n\n\n\n<p>Les diff\u00e9rents acteurs r\u00e9gionaux et locaux ont \u00e9t\u00e9 ainsi r\u00e9unis pour exposer les d\u00e9fis, les initiatives r\u00e9ussies ainsi que certaines bonnes pratiques agricoles et foresti\u00e8res en mati\u00e8re d\u2019adaptation aux changements climatiques.&nbsp;&nbsp;&nbsp;<\/p>\n\n\n\n<figure class=\"wp-block-gallery aligncenter has-nested-images columns-default is-cropped wp-block-gallery-2 is-layout-flex wp-block-gallery-is-layout-flex\">\n<figure class=\"wp-block-image size-large\"><img loading=\"lazy\" decoding=\"async\" width=\"1024\" height=\"538\" data-id=\"14361208\" src=\"https:\/\/kapitalis.com\/tunisie\/wp-content\/uploads\/2024\/10\/Climate-Adapt-Week-Tunisie-3-1024x538.jpg\" alt=\"\" class=\"wp-image-14361208\" srcset=\"https:\/\/kapitalis.com\/tunisie\/wp-content\/uploads\/2024\/10\/Climate-Adapt-Week-Tunisie-3-1024x538.jpg 1024w, https:\/\/kapitalis.com\/tunisie\/wp-content\/uploads\/2024\/10\/Climate-Adapt-Week-Tunisie-3-300x158.jpg 300w, https:\/\/kapitalis.com\/tunisie\/wp-content\/uploads\/2024\/10\/Climate-Adapt-Week-Tunisie-3-768x403.jpg 768w, https:\/\/kapitalis.com\/tunisie\/wp-content\/uploads\/2024\/10\/Climate-Adapt-Week-Tunisie-3-580x305.jpg 580w, https:\/\/kapitalis.com\/tunisie\/wp-content\/uploads\/2024\/10\/Climate-Adapt-Week-Tunisie-3-860x452.jpg 860w, https:\/\/kapitalis.com\/tunisie\/wp-content\/uploads\/2024\/10\/Climate-Adapt-Week-Tunisie-3-1160x609.jpg 1160w, https:\/\/kapitalis.com\/tunisie\/wp-content\/uploads\/2024\/10\/Climate-Adapt-Week-Tunisie-3.jpg 1200w\" sizes=\"auto, (max-width: 1024px) 100vw, 1024px\" \/><\/figure>\n\n\n\n<figure class=\"wp-block-image size-large\"><img loading=\"lazy\" decoding=\"async\" width=\"1024\" height=\"538\" data-id=\"14361209\" src=\"https:\/\/kapitalis.com\/tunisie\/wp-content\/uploads\/2024\/10\/Climate-Adapt-Week-Tunisie-4-1024x538.jpg\" alt=\"\" class=\"wp-image-14361209\" srcset=\"https:\/\/kapitalis.com\/tunisie\/wp-content\/uploads\/2024\/10\/Climate-Adapt-Week-Tunisie-4-1024x538.jpg 1024w, https:\/\/kapitalis.com\/tunisie\/wp-content\/uploads\/2024\/10\/Climate-Adapt-Week-Tunisie-4-300x158.jpg 300w, https:\/\/kapitalis.com\/tunisie\/wp-content\/uploads\/2024\/10\/Climate-Adapt-Week-Tunisie-4-768x403.jpg 768w, https:\/\/kapitalis.com\/tunisie\/wp-content\/uploads\/2024\/10\/Climate-Adapt-Week-Tunisie-4-580x305.jpg 580w, https:\/\/kapitalis.com\/tunisie\/wp-content\/uploads\/2024\/10\/Climate-Adapt-Week-Tunisie-4-860x452.jpg 860w, https:\/\/kapitalis.com\/tunisie\/wp-content\/uploads\/2024\/10\/Climate-Adapt-Week-Tunisie-4-1160x609.jpg 1160w, https:\/\/kapitalis.com\/tunisie\/wp-content\/uploads\/2024\/10\/Climate-Adapt-Week-Tunisie-4.jpg 1200w\" sizes=\"auto, (max-width: 1024px) 100vw, 1024px\" \/><\/figure>\n<\/figure>\n\n\n\n<h2 class=\"wp-block-heading\">Objectifs et recommandations de la Climate Adapt Week<\/h2>\n\n\n\n<p>Saba Guellouz, directrice de la Conservation de la nature, aupr\u00e8s de WWF North Africa, a d\u00e9clar\u00e9&nbsp;: <em>\u00abCette semaine a pour but de renforcer la mobilisation nationale autour des enjeux d\u2019adaptation aux changements climatiques, tout en favorisant une r\u00e9flexion collective sur des solutions durables\u00bb. <\/em>Et d\u2019ajouter<em>&nbsp;: \u00abLa Tunisie fait face \u00e0 une vuln\u00e9rabilit\u00e9 croissante face aux al\u00e9as climatiques, et il serait opportun aujourd\u2019hui de mieux se pr\u00e9parer sur tous les plans, en am\u00e9liorant la sensibilisation des citoyens, des organisations de la soci\u00e9t\u00e9 civile, des structures professionnelles agricoles et des entreprises diverses dans le cadre d\u2019approches coh\u00e9rentes et adapt\u00e9es aux sp\u00e9cificit\u00e9s des secteurs, des populations et des communaut\u00e9s locales\u00bb.<\/em><\/p>\n\n\n\n<p>En effet, le r\u00e9chauffement du bassin m\u00e9diterran\u00e9en aujourd\u2019hui est de 20% plus rapide que la moyenne mondiale, exposant fortement la Tunisie aux changements climatiques. Les cons\u00e9quences du r\u00e9chauffement climatique se font d\u00e9j\u00e0 ressentir, avec une intensification des \u00e9pisodes de s\u00e9cheresse, une raret\u00e9 accrue de l\u2019eau et des impacts majeurs sur l\u2019agriculture, les \u00e9cosyst\u00e8mes naturels et les zones c\u00f4ti\u00e8res. Ces perturbations induisent des enjeux \u00e9conomiques pour les populations locales et les entreprises. Les enjeux soci\u00e9taux tels que l\u2019in\u00e9galit\u00e9 de l\u2019acc\u00e8s \u00e0 l\u2019eau, la migration climatique et la sant\u00e9 publique sont devenus cruciaux.<\/p>\n\n\n\n<p>Face \u00e0 ces d\u00e9fis, la Tunisie a pris des engagements clairs \u00e0 travers sa Contribution d\u00e9termin\u00e9e au niveau national (CDN) qui annonce des engagements pour un d\u00e9veloppement durable et inclusif, visant une Tunisie r\u00e9siliente aux changements climatiques d\u2019ici 2030. La Tunisie pr\u00e9pare \u00e9galement son Plan national d\u2019adaptation (PNA) pour renforcer la r\u00e9silience et int\u00e9grer l\u2019adaptation aux politiques de d\u00e9veloppement. &nbsp;<\/p>\n\n\n\n<p>Cependant, selon Nesrine Chehata, pr\u00e9sidente du Forum national de l\u2019adaptation aux changements climatiques en Tunisie (Fnacc), <em>\u00abil serait aussi primordial de d\u00e9clencher le d\u00e9bat multi-acteurs et de tirer la sonnette d\u2019alarme sur le double plan national et local. Un nouveau cadre l\u00e9gislatif, r\u00e9glementaire, fiscal, incitatif et normatif en mati\u00e8re d\u2019environnement et de lutte contre les effets n\u00e9fastes des changements climatiques devrait \u00eatre adopt\u00e9 et mis en application\u00bb.<\/em><\/p>\n\n\n\n<p>Les conf\u00e9rences-d\u00e9bat et ateliers sectoriels ou r\u00e9gionaux organis\u00e9s tout au long de l\u2019\u00e9v\u00e9nement ont \u00e9t\u00e9 conclus par un ensemble de recommandations, qui feront l\u2019objet d\u2019un document sp\u00e9cial ou livret \u00e0 soumettre aux d\u00e9cideurs, aux minist\u00e8res concern\u00e9s, \u00e0 la Chambre des repr\u00e9sentants du peuple et au Conseil national des r\u00e9gions et des districts (CNRD).<\/p>\n\n\n\n<p><strong><em>Communiqu\u00e9.<\/em><\/strong><\/p>\n","protected":false},"excerpt":{"rendered":"<p>La Climate Adapt Week 2024 s&rsquo;est tenue en Tunisie du 14 au 19 octobre \u00e0 Tunis, Gab\u00e8s et B\u00e9ja. <\/p>\n","protected":false},"author":8,"featured_media":14361139,"comment_status":"open","ping_status":"open","sticky":false,"template":"","format":"standard","meta":{"footnotes":""},"categories":[995,2433],"tags":[136,88124,118565,406,2231,118567,118566,62643,89360],"class_list":["post-14360841","post","type-post","status-publish","format-standard","has-post-thumbnail","hentry","category-economie","category-tunisie","tag-beja","tag-changements-climatiques","tag-climate-adapt-week","tag-gabes","tag-nefza","tag-nesrine-chehata","tag-saba-guellouz","tag-tunisie","tag-wwf-north-africa"],"yoast_head":"<!-- This site is optimized with the Yoast SEO plugin v26.6 - https:\/\/yoast.com\/wordpress\/plugins\/seo\/ -->\n<title>Semaine de l\u2019adaptation aux changements climatiques en Tunisie - Kapitalis<\/title>\n<meta name=\"robots\" content=\"index, follow, max-snippet:-1, max-image-preview:large, max-video-preview:-1\" \/>\n<link rel=\"canonical\" href=\"https:\/\/kapitalis.com\/tunisie\/2024\/10\/24\/semaine-de-ladaptation-aux-changements-climatiques-en-tunisie\/\" \/>\n<meta property=\"og:locale\" content=\"fr_FR\" \/>\n<meta property=\"og:type\" content=\"article\" \/>\n<meta property=\"og:title\" content=\"Semaine de l\u2019adaptation aux changements climatiques en Tunisie - Kapitalis\" \/>\n<meta property=\"og:description\" content=\"La Climate Adapt Week 2024 s&#039;est tenue en Tunisie du 14 au 19 octobre \u00e0 Tunis, Gab\u00e8s et B\u00e9ja.\" \/>\n<meta property=\"og:url\" content=\"https:\/\/kapitalis.com\/tunisie\/2024\/10\/24\/semaine-de-ladaptation-aux-changements-climatiques-en-tunisie\/\" \/>\n<meta property=\"og:site_name\" content=\"Kapitalis\" \/>\n<meta property=\"article:publisher\" content=\"https:\/\/www.facebook.com\/KapitalisInfo\/\" \/>\n<meta property=\"article:published_time\" content=\"2024-10-24T08:38:41+00:00\" \/>\n<meta property=\"article:modified_time\" content=\"2024-10-24T08:38:43+00:00\" \/>\n<meta property=\"og:image\" content=\"https:\/\/kapitalis.com\/tunisie\/wp-content\/uploads\/2024\/10\/Climate-Adapt-Week-Tunisie.jpg\" \/>\n\t<meta property=\"og:image:width\" content=\"1200\" \/>\n\t<meta property=\"og:image:height\" content=\"630\" \/>\n\t<meta property=\"og:image:type\" content=\"image\/jpeg\" \/>\n<meta name=\"author\" content=\"webmaster kapitalis\" \/>\n<meta name=\"twitter:card\" content=\"summary_large_image\" \/>\n<meta name=\"twitter:creator\" content=\"@KapitalisInfo\" \/>\n<meta name=\"twitter:site\" content=\"@KapitalisInfo\" \/>\n<meta name=\"twitter:label1\" content=\"\u00c9crit par\" \/>\n\t<meta name=\"twitter:data1\" content=\"webmaster kapitalis\" \/>\n\t<meta name=\"twitter:label2\" content=\"Dur\u00e9e de lecture estim\u00e9e\" \/>\n\t<meta name=\"twitter:data2\" content=\"7 minutes\" \/>\n<script type=\"application\/ld+json\" class=\"yoast-schema-graph\">{\"@context\":\"https:\/\/schema.org\",\"@graph\":[{\"@type\":\"Article\",\"@id\":\"https:\/\/kapitalis.com\/tunisie\/2024\/10\/24\/semaine-de-ladaptation-aux-changements-climatiques-en-tunisie\/#article\",\"isPartOf\":{\"@id\":\"https:\/\/kapitalis.com\/tunisie\/2024\/10\/24\/semaine-de-ladaptation-aux-changements-climatiques-en-tunisie\/\"},\"author\":{\"name\":\"webmaster kapitalis\",\"@id\":\"https:\/\/kapitalis.com\/tunisie\/#\/schema\/person\/d71f33a9ca44f7bad4698210b480c8e9\"},\"headline\":\"Semaine de l\u2019adaptation aux changements climatiques en Tunisie\",\"datePublished\":\"2024-10-24T08:38:41+00:00\",\"dateModified\":\"2024-10-24T08:38:43+00:00\",\"mainEntityOfPage\":{\"@id\":\"https:\/\/kapitalis.com\/tunisie\/2024\/10\/24\/semaine-de-ladaptation-aux-changements-climatiques-en-tunisie\/\"},\"wordCount\":1211,\"commentCount\":0,\"publisher\":{\"@id\":\"https:\/\/kapitalis.com\/tunisie\/#organization\"},\"image\":{\"@id\":\"https:\/\/kapitalis.com\/tunisie\/2024\/10\/24\/semaine-de-ladaptation-aux-changements-climatiques-en-tunisie\/#primaryimage\"},\"thumbnailUrl\":\"https:\/\/kapitalis.com\/tunisie\/wp-content\/uploads\/2024\/10\/Climate-Adapt-Week-Tunisie.jpg\",\"keywords\":[\"B\u00e9ja\",\"changements climatiques\",\"Climate Adapt Week\",\"Gab\u00e8s\",\"Nefza\",\"Nesrine Chehata\",\"Saba Guellouz\",\"Tunisie\",\"WWF North Africa\"],\"articleSection\":[\"ECONOMIE\",\"Tunisie\"],\"inLanguage\":\"fr-FR\",\"potentialAction\":[{\"@type\":\"CommentAction\",\"name\":\"Comment\",\"target\":[\"https:\/\/kapitalis.com\/tunisie\/2024\/10\/24\/semaine-de-ladaptation-aux-changements-climatiques-en-tunisie\/#respond\"]}]},{\"@type\":\"WebPage\",\"@id\":\"https:\/\/kapitalis.com\/tunisie\/2024\/10\/24\/semaine-de-ladaptation-aux-changements-climatiques-en-tunisie\/\",\"url\":\"https:\/\/kapitalis.com\/tunisie\/2024\/10\/24\/semaine-de-ladaptation-aux-changements-climatiques-en-tunisie\/\",\"name\":\"Semaine de l\u2019adaptation aux changements climatiques en Tunisie - Kapitalis\",\"isPartOf\":{\"@id\":\"https:\/\/kapitalis.com\/tunisie\/#website\"},\"primaryImageOfPage\":{\"@id\":\"https:\/\/kapitalis.com\/tunisie\/2024\/10\/24\/semaine-de-ladaptation-aux-changements-climatiques-en-tunisie\/#primaryimage\"},\"image\":{\"@id\":\"https:\/\/kapitalis.com\/tunisie\/2024\/10\/24\/semaine-de-ladaptation-aux-changements-climatiques-en-tunisie\/#primaryimage\"},\"thumbnailUrl\":\"https:\/\/kapitalis.com\/tunisie\/wp-content\/uploads\/2024\/10\/Climate-Adapt-Week-Tunisie.jpg\",\"datePublished\":\"2024-10-24T08:38:41+00:00\",\"dateModified\":\"2024-10-24T08:38:43+00:00\",\"breadcrumb\":{\"@id\":\"https:\/\/kapitalis.com\/tunisie\/2024\/10\/24\/semaine-de-ladaptation-aux-changements-climatiques-en-tunisie\/#breadcrumb\"},\"inLanguage\":\"fr-FR\",\"potentialAction\":[{\"@type\":\"ReadAction\",\"target\":[\"https:\/\/kapitalis.com\/tunisie\/2024\/10\/24\/semaine-de-ladaptation-aux-changements-climatiques-en-tunisie\/\"]}]},{\"@type\":\"ImageObject\",\"inLanguage\":\"fr-FR\",\"@id\":\"https:\/\/kapitalis.com\/tunisie\/2024\/10\/24\/semaine-de-ladaptation-aux-changements-climatiques-en-tunisie\/#primaryimage\",\"url\":\"https:\/\/kapitalis.com\/tunisie\/wp-content\/uploads\/2024\/10\/Climate-Adapt-Week-Tunisie.jpg\",\"contentUrl\":\"https:\/\/kapitalis.com\/tunisie\/wp-content\/uploads\/2024\/10\/Climate-Adapt-Week-Tunisie.jpg\",\"width\":1200,\"height\":630},{\"@type\":\"BreadcrumbList\",\"@id\":\"https:\/\/kapitalis.com\/tunisie\/2024\/10\/24\/semaine-de-ladaptation-aux-changements-climatiques-en-tunisie\/#breadcrumb\",\"itemListElement\":[{\"@type\":\"ListItem\",\"position\":1,\"name\":\"Accueil\",\"item\":\"https:\/\/kapitalis.com\/tunisie\/\"},{\"@type\":\"ListItem\",\"position\":2,\"name\":\"Semaine de l\u2019adaptation aux changements climatiques en Tunisie\"}]},{\"@type\":\"WebSite\",\"@id\":\"https:\/\/kapitalis.com\/tunisie\/#website\",\"url\":\"https:\/\/kapitalis.com\/tunisie\/\",\"name\":\"Kapitalis\",\"description\":\"L&#039;actualit\u00e9 en Tunisie et dans le monde\",\"publisher\":{\"@id\":\"https:\/\/kapitalis.com\/tunisie\/#organization\"},\"potentialAction\":[{\"@type\":\"SearchAction\",\"target\":{\"@type\":\"EntryPoint\",\"urlTemplate\":\"https:\/\/kapitalis.com\/tunisie\/?s={search_term_string}\"},\"query-input\":{\"@type\":\"PropertyValueSpecification\",\"valueRequired\":true,\"valueName\":\"search_term_string\"}}],\"inLanguage\":\"fr-FR\"},{\"@type\":\"Organization\",\"@id\":\"https:\/\/kapitalis.com\/tunisie\/#organization\",\"name\":\"Kapitalis\",\"url\":\"https:\/\/kapitalis.com\/tunisie\/\",\"logo\":{\"@type\":\"ImageObject\",\"inLanguage\":\"fr-FR\",\"@id\":\"https:\/\/kapitalis.com\/tunisie\/#\/schema\/logo\/image\/\",\"url\":\"https:\/\/kapitalis.com\/tunisie\/wp-content\/uploads\/2022\/05\/Kapitalis-big-size.png\",\"contentUrl\":\"https:\/\/kapitalis.com\/tunisie\/wp-content\/uploads\/2022\/05\/Kapitalis-big-size.png\",\"width\":5000,\"height\":1500,\"caption\":\"Kapitalis\"},\"image\":{\"@id\":\"https:\/\/kapitalis.com\/tunisie\/#\/schema\/logo\/image\/\"},\"sameAs\":[\"https:\/\/www.facebook.com\/KapitalisInfo\/\",\"https:\/\/x.com\/KapitalisInfo\",\"https:\/\/www.youtube.com\/channel\/UC-yDYrHyfFBWWZaOw3FPg9Q\"]},{\"@type\":\"Person\",\"@id\":\"https:\/\/kapitalis.com\/tunisie\/#\/schema\/person\/d71f33a9ca44f7bad4698210b480c8e9\",\"name\":\"webmaster kapitalis\",\"url\":\"https:\/\/kapitalis.com\/tunisie\/author\/webmaster-kapitalis\/\"}]}<\/script>\n<!-- \/ Yoast SEO plugin. -->","yoast_head_json":{"title":"Semaine de l\u2019adaptation aux changements climatiques en Tunisie - Kapitalis","robots":{"index":"index","follow":"follow","max-snippet":"max-snippet:-1","max-image-preview":"max-image-preview:large","max-video-preview":"max-video-preview:-1"},"canonical":"https:\/\/kapitalis.com\/tunisie\/2024\/10\/24\/semaine-de-ladaptation-aux-changements-climatiques-en-tunisie\/","og_locale":"fr_FR","og_type":"article","og_title":"Semaine de l\u2019adaptation aux changements climatiques en Tunisie - Kapitalis","og_description":"La Climate Adapt Week 2024 s'est tenue en Tunisie du 14 au 19 octobre \u00e0 Tunis, Gab\u00e8s et B\u00e9ja.","og_url":"https:\/\/kapitalis.com\/tunisie\/2024\/10\/24\/semaine-de-ladaptation-aux-changements-climatiques-en-tunisie\/","og_site_name":"Kapitalis","article_publisher":"https:\/\/www.facebook.com\/KapitalisInfo\/","article_published_time":"2024-10-24T08:38:41+00:00","article_modified_time":"2024-10-24T08:38:43+00:00","og_image":[{"width":1200,"height":630,"url":"https:\/\/kapitalis.com\/tunisie\/wp-content\/uploads\/2024\/10\/Climate-Adapt-Week-Tunisie.jpg","type":"image\/jpeg"}],"author":"webmaster kapitalis","twitter_card":"summary_large_image","twitter_creator":"@KapitalisInfo","twitter_site":"@KapitalisInfo","twitter_misc":{"\u00c9crit par":"webmaster kapitalis","Dur\u00e9e de lecture estim\u00e9e":"7 minutes"},"schema":{"@context":"https:\/\/schema.org","@graph":[{"@type":"Article","@id":"https:\/\/kapitalis.com\/tunisie\/2024\/10\/24\/semaine-de-ladaptation-aux-changements-climatiques-en-tunisie\/#article","isPartOf":{"@id":"https:\/\/kapitalis.com\/tunisie\/2024\/10\/24\/semaine-de-ladaptation-aux-changements-climatiques-en-tunisie\/"},"author":{"name":"webmaster kapitalis","@id":"https:\/\/kapitalis.com\/tunisie\/#\/schema\/person\/d71f33a9ca44f7bad4698210b480c8e9"},"headline":"Semaine de l\u2019adaptation aux changements climatiques en Tunisie","datePublished":"2024-10-24T08:38:41+00:00","dateModified":"2024-10-24T08:38:43+00:00","mainEntityOfPage":{"@id":"https:\/\/kapitalis.com\/tunisie\/2024\/10\/24\/semaine-de-ladaptation-aux-changements-climatiques-en-tunisie\/"},"wordCount":1211,"commentCount":0,"publisher":{"@id":"https:\/\/kapitalis.com\/tunisie\/#organization"},"image":{"@id":"https:\/\/kapitalis.com\/tunisie\/2024\/10\/24\/semaine-de-ladaptation-aux-changements-climatiques-en-tunisie\/#primaryimage"},"thumbnailUrl":"https:\/\/kapitalis.com\/tunisie\/wp-content\/uploads\/2024\/10\/Climate-Adapt-Week-Tunisie.jpg","keywords":["B\u00e9ja","changements climatiques","Climate Adapt Week","Gab\u00e8s","Nefza","Nesrine Chehata","Saba Guellouz","Tunisie","WWF North Africa"],"articleSection":["ECONOMIE","Tunisie"],"inLanguage":"fr-FR","potentialAction":[{"@type":"CommentAction","name":"Comment","target":["https:\/\/kapitalis.com\/tunisie\/2024\/10\/24\/semaine-de-ladaptation-aux-changements-climatiques-en-tunisie\/#respond"]}]},{"@type":"WebPage","@id":"https:\/\/kapitalis.com\/tunisie\/2024\/10\/24\/semaine-de-ladaptation-aux-changements-climatiques-en-tunisie\/","url":"https:\/\/kapitalis.com\/tunisie\/2024\/10\/24\/semaine-de-ladaptation-aux-changements-climatiques-en-tunisie\/","name":"Semaine de l\u2019adaptation aux changements climatiques en Tunisie - Kapitalis","isPartOf":{"@id":"https:\/\/kapitalis.com\/tunisie\/#website"},"primaryImageOfPage":{"@id":"https:\/\/kapitalis.com\/tunisie\/2024\/10\/24\/semaine-de-ladaptation-aux-changements-climatiques-en-tunisie\/#primaryimage"},"image":{"@id":"https:\/\/kapitalis.com\/tunisie\/2024\/10\/24\/semaine-de-ladaptation-aux-changements-climatiques-en-tunisie\/#primaryimage"},"thumbnailUrl":"https:\/\/kapitalis.com\/tunisie\/wp-content\/uploads\/2024\/10\/Climate-Adapt-Week-Tunisie.jpg","datePublished":"2024-10-24T08:38:41+00:00","dateModified":"2024-10-24T08:38:43+00:00","breadcrumb":{"@id":"https:\/\/kapitalis.com\/tunisie\/2024\/10\/24\/semaine-de-ladaptation-aux-changements-climatiques-en-tunisie\/#breadcrumb"},"inLanguage":"fr-FR","potentialAction":[{"@type":"ReadAction","target":["https:\/\/kapitalis.com\/tunisie\/2024\/10\/24\/semaine-de-ladaptation-aux-changements-climatiques-en-tunisie\/"]}]},{"@type":"ImageObject","inLanguage":"fr-FR","@id":"https:\/\/kapitalis.com\/tunisie\/2024\/10\/24\/semaine-de-ladaptation-aux-changements-climatiques-en-tunisie\/#primaryimage","url":"https:\/\/kapitalis.com\/tunisie\/wp-content\/uploads\/2024\/10\/Climate-Adapt-Week-Tunisie.jpg","contentUrl":"https:\/\/kapitalis.com\/tunisie\/wp-content\/uploads\/2024\/10\/Climate-Adapt-Week-Tunisie.jpg","width":1200,"height":630},{"@type":"BreadcrumbList","@id":"https:\/\/kapitalis.com\/tunisie\/2024\/10\/24\/semaine-de-ladaptation-aux-changements-climatiques-en-tunisie\/#breadcrumb","itemListElement":[{"@type":"ListItem","position":1,"name":"Accueil","item":"https:\/\/kapitalis.com\/tunisie\/"},{"@type":"ListItem","position":2,"name":"Semaine de l\u2019adaptation aux changements climatiques en Tunisie"}]},{"@type":"WebSite","@id":"https:\/\/kapitalis.com\/tunisie\/#website","url":"https:\/\/kapitalis.com\/tunisie\/","name":"Kapitalis","description":"L&#039;actualit\u00e9 en Tunisie et dans le monde","publisher":{"@id":"https:\/\/kapitalis.com\/tunisie\/#organization"},"potentialAction":[{"@type":"SearchAction","target":{"@type":"EntryPoint","urlTemplate":"https:\/\/kapitalis.com\/tunisie\/?s={search_term_string}"},"query-input":{"@type":"PropertyValueSpecification","valueRequired":true,"valueName":"search_term_string"}}],"inLanguage":"fr-FR"},{"@type":"Organization","@id":"https:\/\/kapitalis.com\/tunisie\/#organization","name":"Kapitalis","url":"https:\/\/kapitalis.com\/tunisie\/","logo":{"@type":"ImageObject","inLanguage":"fr-FR","@id":"https:\/\/kapitalis.com\/tunisie\/#\/schema\/logo\/image\/","url":"https:\/\/kapitalis.com\/tunisie\/wp-content\/uploads\/2022\/05\/Kapitalis-big-size.png","contentUrl":"https:\/\/kapitalis.com\/tunisie\/wp-content\/uploads\/2022\/05\/Kapitalis-big-size.png","width":5000,"height":1500,"caption":"Kapitalis"},"image":{"@id":"https:\/\/kapitalis.com\/tunisie\/#\/schema\/logo\/image\/"},"sameAs":["https:\/\/www.facebook.com\/KapitalisInfo\/","https:\/\/x.com\/KapitalisInfo","https:\/\/www.youtube.com\/channel\/UC-yDYrHyfFBWWZaOw3FPg9Q"]},{"@type":"Person","@id":"https:\/\/kapitalis.com\/tunisie\/#\/schema\/person\/d71f33a9ca44f7bad4698210b480c8e9","name":"webmaster kapitalis","url":"https:\/\/kapitalis.com\/tunisie\/author\/webmaster-kapitalis\/"}]}},"_links":{"self":[{"href":"https:\/\/kapitalis.com\/tunisie\/wp-json\/wp\/v2\/posts\/14360841","targetHints":{"allow":["GET"]}}],"collection":[{"href":"https:\/\/kapitalis.com\/tunisie\/wp-json\/wp\/v2\/posts"}],"about":[{"href":"https:\/\/kapitalis.com\/tunisie\/wp-json\/wp\/v2\/types\/post"}],"author":[{"embeddable":true,"href":"https:\/\/kapitalis.com\/tunisie\/wp-json\/wp\/v2\/users\/8"}],"replies":[{"embeddable":true,"href":"https:\/\/kapitalis.com\/tunisie\/wp-json\/wp\/v2\/comments?post=14360841"}],"version-history":[{"count":1,"href":"https:\/\/kapitalis.com\/tunisie\/wp-json\/wp\/v2\/posts\/14360841\/revisions"}],"predecessor-version":[{"id":14361214,"href":"https:\/\/kapitalis.com\/tunisie\/wp-json\/wp\/v2\/posts\/14360841\/revisions\/14361214"}],"wp:featuredmedia":[{"embeddable":true,"href":"https:\/\/kapitalis.com\/tunisie\/wp-json\/wp\/v2\/media\/14361139"}],"wp:attachment":[{"href":"https:\/\/kapitalis.com\/tunisie\/wp-json\/wp\/v2\/media?parent=14360841"}],"wp:term":[{"taxonomy":"category","embeddable":true,"href":"https:\/\/kapitalis.com\/tunisie\/wp-json\/wp\/v2\/categories?post=14360841"},{"taxonomy":"post_tag","embeddable":true,"href":"https:\/\/kapitalis.com\/tunisie\/wp-json\/wp\/v2\/tags?post=14360841"}],"curies":[{"name":"wp","href":"https:\/\/api.w.org\/{rel}","templated":true}]}}