{"id":143757,"date":"2018-03-15T18:20:04","date_gmt":"2018-03-15T17:20:04","guid":{"rendered":"http:\/\/kapitalis.com\/tunisie\/?p=143757"},"modified":"2018-03-15T18:20:04","modified_gmt":"2018-03-15T17:20:04","slug":"equipe-de-tunisie-la-mise-au-point-du-gardien-rami-jeridi","status":"publish","type":"post","link":"https:\/\/kapitalis.com\/tunisie\/2018\/03\/15\/equipe-de-tunisie-la-mise-au-point-du-gardien-rami-jeridi\/","title":{"rendered":"Equipe de Tunisie : La mise au point du gardien Rami Jeridi"},"content":{"rendered":"<p style=\"text-align: center;\"><img loading=\"lazy\" decoding=\"async\" class=\"alignnone size-full wp-image-143761\" src=\"http:\/\/kapitalis.com\/tunisie\/wp-content\/uploads\/2018\/03\/Rami-Jeridi-Nabil-Maaloul.jpg\" alt=\"\" width=\"626\" height=\"380\" \/><\/p>\n<p><em><strong>Nabil Maaloul a justifi\u00e9 par un \u00abmotif strictement technique\u00bb l\u2019absence de Rami Jeridi de la liste des 28 convoqu\u00e9s pour le premier stage de pr\u00e9paration \u00e0 la Coupe du monde Russie 2018.<\/strong> <\/em><\/p>\n<p><!--more--><\/p>\n<p>Le s\u00e9lectionneur de l&rsquo;\u00e9quipe de Tunisie parlait, hier soir, mardi 14 mars 2018, lors de son passage sur Attessia TV.<\/p>\n<p>Le gardien du Club Sportif Sfaxien (CSS) a r\u00e9agi pendant l\u2019\u00e9mission <em>\u2018\u2018Extratime\u2019\u2019<\/em> sur les ondes de la radio Diwan FM en disant qu\u2019il a \u00e9t\u00e9 <em>\u00abinvit\u00e9 par le staff technique \u00e0 se d\u00e9placer \u00e0 Tunis et \u00e0 pr\u00e9senter les documents n\u00e9cessaires pour les proc\u00e9dures de visa, en vue du match amical contre le Costa Rica \u00e0 Nice\u00bb,<\/em> ajoutant que son entra\u00eeneur au club, Ghazi Ghrairi, \u00e9tait au courant.<em> \u00abPar la suite je ne sais pas ce qui s\u2019est pass\u00e9\u00bb<\/em>, s\u2019est-il \u00e9tonn\u00e9.<\/p>\n<p>Ainsi le gardien du CSS rejette implicitement la version du s\u00e9lectionneur de l\u2019\u00e9quipe de Tunisie mais laisse la porte ouverte \u00e0 plusieurs interpr\u00e9tations.<\/p>\n<p>Rami Jeridi a d\u00e9menti l\u2019existence d\u2019un d\u00e9saccord avec des joueurs en s\u00e9lection. \u00ab<em>Je n\u2019ai aucun probl\u00e8me avec qui que ce soit et j\u2019ai d\u00e9j\u00e0 dit \u00e0 Nabil Ma\u00e2loul que je suis pr\u00eat \u00e0 arr\u00eater ma carri\u00e8re si on arrive \u00e0 prouver le contraire<\/em>\u00bb, a-t-il dit.<\/p>\n<p>La liste des joueurs convoqu\u00e9s pour les matches contre l\u2019Iran et le Costa Rica a suscit\u00e9 une grande pol\u00e9mique. L\u2019argument technique avanc\u00e9 par Nabil Ma\u00e2loul pour justifier l\u2019absence dans cette liste de Rami Jeridi n\u2019est pas convaincant, d\u2019autant qu\u2019il ne l\u2019explique pas.<\/p>\n<p>A la veille du dernier stage qui s\u2019\u00e9tait d\u00e9roul\u00e9 du 2 au 18 janvier 2018 au Qatar, Nabil Ma\u00e2loul a convoqu\u00e9 Moez Ben Chrifia, alors rempla\u00e7ant \u00e0 l&rsquo;Esp\u00e9rance sportive de Tunis (EST) pendant plus de trois semaines. Il avait justifi\u00e9 cette convocation en disant que <em>\u00abMoez Ben Chrifia avait besoin d\u2019\u00eatre prot\u00e9g\u00e9\u00bb<\/em>. On \u00e9tait loin de l\u2019argument technique.<\/p>\n<p>Des justifications contradictoires \u00e0 n\u2019en plus finir mais aucune n\u2019a gomm\u00e9 les \u00e9quivoques.<\/p>\n<p style=\"text-align: right;\"><strong>H. M.<\/strong><\/p>\n<blockquote class=\"wp-embedded-content\" data-secret=\"zYMvFWHERS\"><p><a href=\"https:\/\/kapitalis.com\/tunisie\/2018\/03\/12\/equipe-de-tunisie-les-joueurs-convoques-contre-liran-et-le-costa-rica\/\">Equipe de Tunisie : Les joueurs convoqu\u00e9s contre l\u2019Iran et le Costa Rica<\/a><\/p><\/blockquote>\n<p><iframe loading=\"lazy\" class=\"wp-embedded-content\" sandbox=\"allow-scripts\" security=\"restricted\" style=\"position: absolute; clip: rect(1px, 1px, 1px, 1px);\" title=\"\u00ab\u00a0Equipe de Tunisie : Les joueurs convoqu\u00e9s contre l\u2019Iran et le Costa Rica\u00a0\u00bb &#8212; Kapitalis\" src=\"https:\/\/kapitalis.com\/tunisie\/2018\/03\/12\/equipe-de-tunisie-les-joueurs-convoques-contre-liran-et-le-costa-rica\/embed\/#?secret=r3woFDGC6J#?secret=zYMvFWHERS\" data-secret=\"zYMvFWHERS\" width=\"600\" height=\"338\" frameborder=\"0\" marginwidth=\"0\" marginheight=\"0\" scrolling=\"no\"><\/iframe><\/p>\n<blockquote class=\"wp-embedded-content\" data-secret=\"SfG53rG4vp\"><p><a href=\"https:\/\/kapitalis.com\/tunisie\/2018\/03\/14\/equipe-de-tunisie-des-confirmations-et-des-interrogations\/\">Equipe de Tunisie : Des confirmations et des interrogations<\/a><\/p><\/blockquote>\n<p><iframe loading=\"lazy\" class=\"wp-embedded-content\" sandbox=\"allow-scripts\" security=\"restricted\" style=\"position: absolute; clip: rect(1px, 1px, 1px, 1px);\" title=\"\u00ab\u00a0Equipe de Tunisie : Des confirmations et des interrogations\u00a0\u00bb &#8212; Kapitalis\" src=\"https:\/\/kapitalis.com\/tunisie\/2018\/03\/14\/equipe-de-tunisie-des-confirmations-et-des-interrogations\/embed\/#?secret=Umg8asa2sg#?secret=SfG53rG4vp\" data-secret=\"SfG53rG4vp\" width=\"600\" height=\"338\" frameborder=\"0\" marginwidth=\"0\" marginheight=\"0\" scrolling=\"no\"><\/iframe><\/p>\n","protected":false},"excerpt":{"rendered":"<p>Nabil Maaloul a justifi\u00e9 par un \u00abmotif strictement technique\u00bb l\u2019absence de Rami Jeridi de la liste des 28 convoqu\u00e9s pour le premier stage de pr\u00e9paration \u00e0 la Coupe du monde Russie 2018.<\/p>\n","protected":false},"author":8,"featured_media":143761,"comment_status":"open","ping_status":"open","sticky":false,"template":"","format":"standard","meta":{"footnotes":""},"categories":[999,2433],"tags":[19116,4268,241,33965,30115,5458,8091,8215,796],"class_list":["post-143757","post","type-post","status-publish","format-standard","has-post-thumbnail","hentry","category-sport","category-tunisie","tag-attessia","tag-club-sportif-sfaxien","tag-coupe-du-monde","tag-equipe-de-tunisie","tag-ghazi-ghrairi","tag-moez-ben-chrifia","tag-nabil-maaloul","tag-rami-jeridi","tag-russie"],"yoast_head":"<!-- This site is optimized with the Yoast SEO plugin v26.6 - https:\/\/yoast.com\/wordpress\/plugins\/seo\/ -->\n<title>Equipe de Tunisie : La mise au point du gardien Rami Jeridi - Kapitalis<\/title>\n<meta name=\"robots\" content=\"index, follow, max-snippet:-1, max-image-preview:large, max-video-preview:-1\" \/>\n<link rel=\"canonical\" href=\"https:\/\/kapitalis.com\/tunisie\/2018\/03\/15\/equipe-de-tunisie-la-mise-au-point-du-gardien-rami-jeridi\/\" \/>\n<meta property=\"og:locale\" content=\"fr_FR\" \/>\n<meta property=\"og:type\" content=\"article\" \/>\n<meta property=\"og:title\" content=\"Equipe de Tunisie : La mise au point du gardien Rami Jeridi - Kapitalis\" \/>\n<meta property=\"og:description\" content=\"Nabil Maaloul a justifi\u00e9 par un \u00abmotif strictement technique\u00bb l\u2019absence de Rami Jeridi de la liste des 28 convoqu\u00e9s pour le premier stage de pr\u00e9paration \u00e0 la Coupe du monde Russie 2018.\" \/>\n<meta property=\"og:url\" content=\"https:\/\/kapitalis.com\/tunisie\/2018\/03\/15\/equipe-de-tunisie-la-mise-au-point-du-gardien-rami-jeridi\/\" \/>\n<meta property=\"og:site_name\" content=\"Kapitalis\" \/>\n<meta property=\"article:publisher\" content=\"https:\/\/www.facebook.com\/KapitalisInfo\/\" \/>\n<meta property=\"article:published_time\" content=\"2018-03-15T17:20:04+00:00\" \/>\n<meta property=\"og:image\" content=\"https:\/\/kapitalis.com\/tunisie\/wp-content\/uploads\/2022\/05\/kapitalis-logo-fb.png\" \/>\n\t<meta property=\"og:image:width\" content=\"1200\" \/>\n\t<meta property=\"og:image:height\" content=\"630\" \/>\n\t<meta property=\"og:image:type\" content=\"image\/png\" \/>\n<meta name=\"author\" content=\"webmaster kapitalis\" \/>\n<meta name=\"twitter:card\" content=\"summary_large_image\" \/>\n<meta name=\"twitter:creator\" content=\"@KapitalisInfo\" \/>\n<meta name=\"twitter:site\" content=\"@KapitalisInfo\" \/>\n<meta name=\"twitter:label1\" content=\"\u00c9crit par\" \/>\n\t<meta name=\"twitter:data1\" content=\"webmaster kapitalis\" \/>\n\t<meta name=\"twitter:label2\" content=\"Dur\u00e9e de lecture estim\u00e9e\" \/>\n\t<meta name=\"twitter:data2\" content=\"2 minutes\" \/>\n<script type=\"application\/ld+json\" class=\"yoast-schema-graph\">{\"@context\":\"https:\/\/schema.org\",\"@graph\":[{\"@type\":\"Article\",\"@id\":\"https:\/\/kapitalis.com\/tunisie\/2018\/03\/15\/equipe-de-tunisie-la-mise-au-point-du-gardien-rami-jeridi\/#article\",\"isPartOf\":{\"@id\":\"https:\/\/kapitalis.com\/tunisie\/2018\/03\/15\/equipe-de-tunisie-la-mise-au-point-du-gardien-rami-jeridi\/\"},\"author\":{\"name\":\"webmaster kapitalis\",\"@id\":\"https:\/\/kapitalis.com\/tunisie\/#\/schema\/person\/d71f33a9ca44f7bad4698210b480c8e9\"},\"headline\":\"Equipe de Tunisie : La mise au point du gardien Rami Jeridi\",\"datePublished\":\"2018-03-15T17:20:04+00:00\",\"mainEntityOfPage\":{\"@id\":\"https:\/\/kapitalis.com\/tunisie\/2018\/03\/15\/equipe-de-tunisie-la-mise-au-point-du-gardien-rami-jeridi\/\"},\"wordCount\":370,\"commentCount\":1,\"publisher\":{\"@id\":\"https:\/\/kapitalis.com\/tunisie\/#organization\"},\"image\":{\"@id\":\"https:\/\/kapitalis.com\/tunisie\/2018\/03\/15\/equipe-de-tunisie-la-mise-au-point-du-gardien-rami-jeridi\/#primaryimage\"},\"thumbnailUrl\":\"\",\"keywords\":[\"Attessia\",\"Club sportif sfaxien\",\"Coupe du Monde\",\"\u00e9quipe de Tunisie\",\"Ghazi Ghrairi\",\"Moez Ben Chrifia\",\"Nabil Ma\u00e2loul\",\"Rami Jeridi\",\"Russie\"],\"articleSection\":[\"SPORT\",\"Tunisie\"],\"inLanguage\":\"fr-FR\",\"potentialAction\":[{\"@type\":\"CommentAction\",\"name\":\"Comment\",\"target\":[\"https:\/\/kapitalis.com\/tunisie\/2018\/03\/15\/equipe-de-tunisie-la-mise-au-point-du-gardien-rami-jeridi\/#respond\"]}]},{\"@type\":\"WebPage\",\"@id\":\"https:\/\/kapitalis.com\/tunisie\/2018\/03\/15\/equipe-de-tunisie-la-mise-au-point-du-gardien-rami-jeridi\/\",\"url\":\"https:\/\/kapitalis.com\/tunisie\/2018\/03\/15\/equipe-de-tunisie-la-mise-au-point-du-gardien-rami-jeridi\/\",\"name\":\"Equipe de Tunisie : La mise au point du gardien Rami Jeridi - Kapitalis\",\"isPartOf\":{\"@id\":\"https:\/\/kapitalis.com\/tunisie\/#website\"},\"primaryImageOfPage\":{\"@id\":\"https:\/\/kapitalis.com\/tunisie\/2018\/03\/15\/equipe-de-tunisie-la-mise-au-point-du-gardien-rami-jeridi\/#primaryimage\"},\"image\":{\"@id\":\"https:\/\/kapitalis.com\/tunisie\/2018\/03\/15\/equipe-de-tunisie-la-mise-au-point-du-gardien-rami-jeridi\/#primaryimage\"},\"thumbnailUrl\":\"\",\"datePublished\":\"2018-03-15T17:20:04+00:00\",\"breadcrumb\":{\"@id\":\"https:\/\/kapitalis.com\/tunisie\/2018\/03\/15\/equipe-de-tunisie-la-mise-au-point-du-gardien-rami-jeridi\/#breadcrumb\"},\"inLanguage\":\"fr-FR\",\"potentialAction\":[{\"@type\":\"ReadAction\",\"target\":[\"https:\/\/kapitalis.com\/tunisie\/2018\/03\/15\/equipe-de-tunisie-la-mise-au-point-du-gardien-rami-jeridi\/\"]}]},{\"@type\":\"ImageObject\",\"inLanguage\":\"fr-FR\",\"@id\":\"https:\/\/kapitalis.com\/tunisie\/2018\/03\/15\/equipe-de-tunisie-la-mise-au-point-du-gardien-rami-jeridi\/#primaryimage\",\"url\":\"\",\"contentUrl\":\"\"},{\"@type\":\"BreadcrumbList\",\"@id\":\"https:\/\/kapitalis.com\/tunisie\/2018\/03\/15\/equipe-de-tunisie-la-mise-au-point-du-gardien-rami-jeridi\/#breadcrumb\",\"itemListElement\":[{\"@type\":\"ListItem\",\"position\":1,\"name\":\"Accueil\",\"item\":\"https:\/\/kapitalis.com\/tunisie\/\"},{\"@type\":\"ListItem\",\"position\":2,\"name\":\"Equipe de Tunisie : La mise au point du gardien Rami Jeridi\"}]},{\"@type\":\"WebSite\",\"@id\":\"https:\/\/kapitalis.com\/tunisie\/#website\",\"url\":\"https:\/\/kapitalis.com\/tunisie\/\",\"name\":\"Kapitalis\",\"description\":\"L&#039;actualit\u00e9 en Tunisie et dans le monde\",\"publisher\":{\"@id\":\"https:\/\/kapitalis.com\/tunisie\/#organization\"},\"potentialAction\":[{\"@type\":\"SearchAction\",\"target\":{\"@type\":\"EntryPoint\",\"urlTemplate\":\"https:\/\/kapitalis.com\/tunisie\/?s={search_term_string}\"},\"query-input\":{\"@type\":\"PropertyValueSpecification\",\"valueRequired\":true,\"valueName\":\"search_term_string\"}}],\"inLanguage\":\"fr-FR\"},{\"@type\":\"Organization\",\"@id\":\"https:\/\/kapitalis.com\/tunisie\/#organization\",\"name\":\"Kapitalis\",\"url\":\"https:\/\/kapitalis.com\/tunisie\/\",\"logo\":{\"@type\":\"ImageObject\",\"inLanguage\":\"fr-FR\",\"@id\":\"https:\/\/kapitalis.com\/tunisie\/#\/schema\/logo\/image\/\",\"url\":\"https:\/\/kapitalis.com\/tunisie\/wp-content\/uploads\/2022\/05\/Kapitalis-big-size.png\",\"contentUrl\":\"https:\/\/kapitalis.com\/tunisie\/wp-content\/uploads\/2022\/05\/Kapitalis-big-size.png\",\"width\":5000,\"height\":1500,\"caption\":\"Kapitalis\"},\"image\":{\"@id\":\"https:\/\/kapitalis.com\/tunisie\/#\/schema\/logo\/image\/\"},\"sameAs\":[\"https:\/\/www.facebook.com\/KapitalisInfo\/\",\"https:\/\/x.com\/KapitalisInfo\",\"https:\/\/www.youtube.com\/channel\/UC-yDYrHyfFBWWZaOw3FPg9Q\"]},{\"@type\":\"Person\",\"@id\":\"https:\/\/kapitalis.com\/tunisie\/#\/schema\/person\/d71f33a9ca44f7bad4698210b480c8e9\",\"name\":\"webmaster kapitalis\",\"url\":\"https:\/\/kapitalis.com\/tunisie\/author\/webmaster-kapitalis\/\"}]}<\/script>\n<!-- \/ Yoast SEO plugin. -->","yoast_head_json":{"title":"Equipe de Tunisie : La mise au point du gardien Rami Jeridi - Kapitalis","robots":{"index":"index","follow":"follow","max-snippet":"max-snippet:-1","max-image-preview":"max-image-preview:large","max-video-preview":"max-video-preview:-1"},"canonical":"https:\/\/kapitalis.com\/tunisie\/2018\/03\/15\/equipe-de-tunisie-la-mise-au-point-du-gardien-rami-jeridi\/","og_locale":"fr_FR","og_type":"article","og_title":"Equipe de Tunisie : La mise au point du gardien Rami Jeridi - Kapitalis","og_description":"Nabil Maaloul a justifi\u00e9 par un \u00abmotif strictement technique\u00bb l\u2019absence de Rami Jeridi de la liste des 28 convoqu\u00e9s pour le premier stage de pr\u00e9paration \u00e0 la Coupe du monde Russie 2018.","og_url":"https:\/\/kapitalis.com\/tunisie\/2018\/03\/15\/equipe-de-tunisie-la-mise-au-point-du-gardien-rami-jeridi\/","og_site_name":"Kapitalis","article_publisher":"https:\/\/www.facebook.com\/KapitalisInfo\/","article_published_time":"2018-03-15T17:20:04+00:00","og_image":[{"width":1200,"height":630,"url":"https:\/\/kapitalis.com\/tunisie\/wp-content\/uploads\/2022\/05\/kapitalis-logo-fb.png","type":"image\/png"}],"author":"webmaster kapitalis","twitter_card":"summary_large_image","twitter_creator":"@KapitalisInfo","twitter_site":"@KapitalisInfo","twitter_misc":{"\u00c9crit par":"webmaster kapitalis","Dur\u00e9e de lecture estim\u00e9e":"2 minutes"},"schema":{"@context":"https:\/\/schema.org","@graph":[{"@type":"Article","@id":"https:\/\/kapitalis.com\/tunisie\/2018\/03\/15\/equipe-de-tunisie-la-mise-au-point-du-gardien-rami-jeridi\/#article","isPartOf":{"@id":"https:\/\/kapitalis.com\/tunisie\/2018\/03\/15\/equipe-de-tunisie-la-mise-au-point-du-gardien-rami-jeridi\/"},"author":{"name":"webmaster kapitalis","@id":"https:\/\/kapitalis.com\/tunisie\/#\/schema\/person\/d71f33a9ca44f7bad4698210b480c8e9"},"headline":"Equipe de Tunisie : La mise au point du gardien Rami Jeridi","datePublished":"2018-03-15T17:20:04+00:00","mainEntityOfPage":{"@id":"https:\/\/kapitalis.com\/tunisie\/2018\/03\/15\/equipe-de-tunisie-la-mise-au-point-du-gardien-rami-jeridi\/"},"wordCount":370,"commentCount":1,"publisher":{"@id":"https:\/\/kapitalis.com\/tunisie\/#organization"},"image":{"@id":"https:\/\/kapitalis.com\/tunisie\/2018\/03\/15\/equipe-de-tunisie-la-mise-au-point-du-gardien-rami-jeridi\/#primaryimage"},"thumbnailUrl":"","keywords":["Attessia","Club sportif sfaxien","Coupe du Monde","\u00e9quipe de Tunisie","Ghazi Ghrairi","Moez Ben Chrifia","Nabil Ma\u00e2loul","Rami Jeridi","Russie"],"articleSection":["SPORT","Tunisie"],"inLanguage":"fr-FR","potentialAction":[{"@type":"CommentAction","name":"Comment","target":["https:\/\/kapitalis.com\/tunisie\/2018\/03\/15\/equipe-de-tunisie-la-mise-au-point-du-gardien-rami-jeridi\/#respond"]}]},{"@type":"WebPage","@id":"https:\/\/kapitalis.com\/tunisie\/2018\/03\/15\/equipe-de-tunisie-la-mise-au-point-du-gardien-rami-jeridi\/","url":"https:\/\/kapitalis.com\/tunisie\/2018\/03\/15\/equipe-de-tunisie-la-mise-au-point-du-gardien-rami-jeridi\/","name":"Equipe de Tunisie : La mise au point du gardien Rami Jeridi - Kapitalis","isPartOf":{"@id":"https:\/\/kapitalis.com\/tunisie\/#website"},"primaryImageOfPage":{"@id":"https:\/\/kapitalis.com\/tunisie\/2018\/03\/15\/equipe-de-tunisie-la-mise-au-point-du-gardien-rami-jeridi\/#primaryimage"},"image":{"@id":"https:\/\/kapitalis.com\/tunisie\/2018\/03\/15\/equipe-de-tunisie-la-mise-au-point-du-gardien-rami-jeridi\/#primaryimage"},"thumbnailUrl":"","datePublished":"2018-03-15T17:20:04+00:00","breadcrumb":{"@id":"https:\/\/kapitalis.com\/tunisie\/2018\/03\/15\/equipe-de-tunisie-la-mise-au-point-du-gardien-rami-jeridi\/#breadcrumb"},"inLanguage":"fr-FR","potentialAction":[{"@type":"ReadAction","target":["https:\/\/kapitalis.com\/tunisie\/2018\/03\/15\/equipe-de-tunisie-la-mise-au-point-du-gardien-rami-jeridi\/"]}]},{"@type":"ImageObject","inLanguage":"fr-FR","@id":"https:\/\/kapitalis.com\/tunisie\/2018\/03\/15\/equipe-de-tunisie-la-mise-au-point-du-gardien-rami-jeridi\/#primaryimage","url":"","contentUrl":""},{"@type":"BreadcrumbList","@id":"https:\/\/kapitalis.com\/tunisie\/2018\/03\/15\/equipe-de-tunisie-la-mise-au-point-du-gardien-rami-jeridi\/#breadcrumb","itemListElement":[{"@type":"ListItem","position":1,"name":"Accueil","item":"https:\/\/kapitalis.com\/tunisie\/"},{"@type":"ListItem","position":2,"name":"Equipe de Tunisie : La mise au point du gardien Rami Jeridi"}]},{"@type":"WebSite","@id":"https:\/\/kapitalis.com\/tunisie\/#website","url":"https:\/\/kapitalis.com\/tunisie\/","name":"Kapitalis","description":"L&#039;actualit\u00e9 en Tunisie et dans le monde","publisher":{"@id":"https:\/\/kapitalis.com\/tunisie\/#organization"},"potentialAction":[{"@type":"SearchAction","target":{"@type":"EntryPoint","urlTemplate":"https:\/\/kapitalis.com\/tunisie\/?s={search_term_string}"},"query-input":{"@type":"PropertyValueSpecification","valueRequired":true,"valueName":"search_term_string"}}],"inLanguage":"fr-FR"},{"@type":"Organization","@id":"https:\/\/kapitalis.com\/tunisie\/#organization","name":"Kapitalis","url":"https:\/\/kapitalis.com\/tunisie\/","logo":{"@type":"ImageObject","inLanguage":"fr-FR","@id":"https:\/\/kapitalis.com\/tunisie\/#\/schema\/logo\/image\/","url":"https:\/\/kapitalis.com\/tunisie\/wp-content\/uploads\/2022\/05\/Kapitalis-big-size.png","contentUrl":"https:\/\/kapitalis.com\/tunisie\/wp-content\/uploads\/2022\/05\/Kapitalis-big-size.png","width":5000,"height":1500,"caption":"Kapitalis"},"image":{"@id":"https:\/\/kapitalis.com\/tunisie\/#\/schema\/logo\/image\/"},"sameAs":["https:\/\/www.facebook.com\/KapitalisInfo\/","https:\/\/x.com\/KapitalisInfo","https:\/\/www.youtube.com\/channel\/UC-yDYrHyfFBWWZaOw3FPg9Q"]},{"@type":"Person","@id":"https:\/\/kapitalis.com\/tunisie\/#\/schema\/person\/d71f33a9ca44f7bad4698210b480c8e9","name":"webmaster kapitalis","url":"https:\/\/kapitalis.com\/tunisie\/author\/webmaster-kapitalis\/"}]}},"_links":{"self":[{"href":"https:\/\/kapitalis.com\/tunisie\/wp-json\/wp\/v2\/posts\/143757","targetHints":{"allow":["GET"]}}],"collection":[{"href":"https:\/\/kapitalis.com\/tunisie\/wp-json\/wp\/v2\/posts"}],"about":[{"href":"https:\/\/kapitalis.com\/tunisie\/wp-json\/wp\/v2\/types\/post"}],"author":[{"embeddable":true,"href":"https:\/\/kapitalis.com\/tunisie\/wp-json\/wp\/v2\/users\/8"}],"replies":[{"embeddable":true,"href":"https:\/\/kapitalis.com\/tunisie\/wp-json\/wp\/v2\/comments?post=143757"}],"version-history":[{"count":0,"href":"https:\/\/kapitalis.com\/tunisie\/wp-json\/wp\/v2\/posts\/143757\/revisions"}],"wp:featuredmedia":[{"embeddable":true,"href":"https:\/\/kapitalis.com\/tunisie\/wp-json\/wp\/v2\/media\/143761"}],"wp:attachment":[{"href":"https:\/\/kapitalis.com\/tunisie\/wp-json\/wp\/v2\/media?parent=143757"}],"wp:term":[{"taxonomy":"category","embeddable":true,"href":"https:\/\/kapitalis.com\/tunisie\/wp-json\/wp\/v2\/categories?post=143757"},{"taxonomy":"post_tag","embeddable":true,"href":"https:\/\/kapitalis.com\/tunisie\/wp-json\/wp\/v2\/tags?post=143757"}],"curies":[{"name":"wp","href":"https:\/\/api.w.org\/{rel}","templated":true}]}}