{"id":14385583,"date":"2024-10-25T09:48:03","date_gmt":"2024-10-25T08:48:03","guid":{"rendered":"https:\/\/kapitalis.com\/tunisie\/?p=14385583"},"modified":"2024-10-25T09:49:03","modified_gmt":"2024-10-25T08:49:03","slug":"pourquoi-jai-quitte-washington-avant-la-fin-des-annual-meetings-de-fmi-et-de-la-bm","status":"publish","type":"post","link":"https:\/\/kapitalis.com\/tunisie\/2024\/10\/25\/pourquoi-jai-quitte-washington-avant-la-fin-des-annual-meetings-de-fmi-et-de-la-bm\/","title":{"rendered":"Pourquoi j\u2019ai quitt\u00e9 Washington avant la fin des Annual Meetings du FMI et de la BM"},"content":{"rendered":"\n<p><strong><em>Circulez, il n\u2019y a rien \u00e0 voir! Les Rencontres annuelles du Fonds mon\u00e9taire international (FMI) et de la Banque mondiale (BM), qui se d\u00e9roulent du 21 au 26 octobre 2024, sont un fiasco lamentable. Je les ai quitt\u00e9es amer et d\u00e9\u00e7u, donnant totalement raison \u00e0 ceux et celles qui pestaient contre les diktats des institutions de Bretton Woods.<\/em><\/strong><\/p>\n\n\n\n<p><strong>Moktar Lamari<\/strong> *<\/p>\n\n\n\n<!--more-->\n\n\n<div class=\"wp-block-image\">\n<figure class=\"alignleft size-full is-resized\"><img decoding=\"async\" src=\"http:\/\/kapitalis.com\/tunisie\/wp-content\/uploads\/2019\/10\/Moktar-Lamari.jpg\" alt=\"\" class=\"wp-image-246439\" style=\"width:200px\"\/><\/figure>\n<\/div>\n\n\n<p>Les massacres inhumains \u00e0 Gaza et au Liban ont fait tomber les masques de ces accords de la libert\u00e9 tant clam\u00e9s par les accords de Bretton Woods. Ces accords qui ont perdu leur raison d\u2019\u00eatre, leur \u00e2me. Ces accords qui ont retrouv\u00e9 l\u2019esprit cow-boy, cach\u00e9 sous le vernis d\u2019institutions capitalistes capables d\u2019\u00eatre crapuleuses.<\/p>\n\n\n\n<h2 class=\"wp-block-heading\">Les masques sont tomb\u00e9s<\/h2>\n\n\n\n<p>Ce matin, entre 10 et 11h, les \u00e9crans du FMI et de la BM ont donn\u00e9 la parole au gouverneur de la Banque centrale de l\u2019Ukraine. Un discours \u00e0 vomir, un discours qui d\u00e9tourne les fonds du FMI pour une guerre qui n\u2019a rien \u00e0 voir avec l\u2019ordre du jour de ces rencontres automnales.<\/p>\n\n\n\n<p>Ce qui compte n\u2019est rien d\u2019autres que les int\u00e9r\u00eats h\u00e9g\u00e9moniques am\u00e9ricains, contre les Russes,  contre les Chinois, contre les Palestiniens, et tous les autres.<\/p>\n\n\n\n<p>C\u2019est crapuleux, aussi parce que la campagne \u00e9lectorale am\u00e9ricaine a biais\u00e9 l\u2019ordre du jour de ces rencontres automnales, qu\u2019on croyait capables de donner un \u00e9cho pour ces dizaines de milliers et de femmes qui meurent br\u00fbl\u00e9s vifs avec les bombes made in USA. Est-ce cela l\u2019\u00e9conomie du bien-\u00eatre ?<\/p>\n\n\n\n<h2 class=\"wp-block-heading\">La chute d\u2019un empire<\/h2>\n\n\n\n<p>Aucun discours dissonant, aucune fausse note. Tous et toutes dans les panels de ces rencontres annuelles occultent les massacres et les diktats am\u00e9ricains pour conserver un pouvoir h\u00e9g\u00e9monique, partout dans le monde. En gommant la Palestine de la carte mondiale.<\/p>\n\n\n\n<p>La chute des Bretton Woods est manifeste dans l\u2019ordre du jour de ces rencontres. Le fait de passer sous silence les guerres actuelles, en Palestine, au Liban, au Soudan\u2026 a terni ces rencontres, salissant les ambitions \u00e9conomiques d\u2019un monde nouveau, juste et le moins destructeur possible.<\/p>\n\n\n\n<p>On a parl\u00e9 de la monnaie \u00e9lectronique, des transferts mon\u00e9taires, du bilan du Bretton Woods, mais les salles \u00e9taient vides, d\u00e9sert\u00e9es. Tout le monde sait que l\u2019argent du FMI va en Ukraine, et pas ailleurs.<\/p>\n\n\n\n<p>L\u2019Afrique subsaharienne est encore une fois utilis\u00e9e comme \u00e9cran de fum\u00e9e, mais ce n\u2019est pas l\u00e0 que l\u2019argent va en priorit\u00e9.<\/p>\n\n\n\n<h2 class=\"wp-block-heading\">Arabes, l\u2019\u00e9ternel profil bas<\/h2>\n\n\n\n<p>L\u2019Arabie Saoudite, les \u00c9mirats, l\u2019Egypte, la Tunisie, le Maroc, l\u2019Alg\u00e9rie\u2026 et les autres larbins sont introuvables dans les couloirs, ils ont juste disparu des \u00e9crans. On les a utilis\u00e9s en masse lors des derni\u00e8res rencontres ici \u00e0 Washington.<\/p>\n\n\n\n<p>\u00c0 se demander quelle strat\u00e9gie ont-ils adopt\u00e9e? Ces pays qui financent \u00e0 fonds la caisse les arm\u00e9es am\u00e9ricaines, et les entreprises am\u00e9ricaines, sont encore une fois d\u00e9masqu\u00e9s par l\u2019histoire, par les faits.<\/p>\n\n\n\n<p>Ces rencontres ont aussi d\u00e9montr\u00e9 que les postes clefs au sein des institutions du Bretton Woods sont d\u00e9tenus par les Am\u00e9ricains et les Europ\u00e9ens. Les Blancs d\u2019abord, chacun pour soi. Aucune place de haut niveau pour cette <em>\u00abpopulace\u00bb<\/em> ayant un h\u00e9ritage noir, musulman ou arabe.<\/p>\n\n\n\n<p>Ma d\u00e9ception est totale, et le temps est venu pour le <em>reviewing<\/em> des strat\u00e9gies\u2026 et des paradigmes des Bretton Woods.<\/p>\n\n\n\n<p>Il faut dire que le sommet des Brics, qui a ouvert ses travaux \u00e0 Kazan, en Russie, le 22 octobre, p\u00e8se de tout son poids sur les humeurs des argentiers occidentaux et les oblige \u00e0 revoir certains de leurs dogmes, dans l\u2019espoir de surmonter les doutes et les suspicions qu\u2019ils inspirent d\u00e9sormais aux dirigeants des pays du <a href=\"https:\/\/kapitalis.com\/tunisie\/2024\/04\/14\/montee-du-sud-global-et-declin-de-la-domination-de-loccident\/\" target=\"_blank\" rel=\"noreferrer noopener\">Sud Global<\/a>.<\/p>\n\n\n\n<p><em>* Economiste universitaire.<\/em><\/p>\n\n\n\n<p><strong><em>Blog de l\u2019auteur&nbsp;:<\/em><\/strong> <a href=\"https:\/\/www.facebook.com\/groups\/375846620757494\/?__cft__%5b0%5d=AZVOykcPmTRWAGATCgcse36NrrxX91lGYJ1h-f0CpRIcHNqgt6QDHp2xXcw1IpRsB6eIOhpgVuA87_LxBEc5ZeVM8xj_8AESBZaqBUxftkd6EG2OvRPBogaHK47m02nyvcprwUh-4hJBI0P9N0DR6ReD4jiZ0tSw2bbdR-J14_qKbmyw8-9JJtY0JiISeDk0cxC08wnmIXVd11EbE-huVT4G&amp;__tn__=-UK-R\"><strong>Economics for Tunisia, E4T<\/strong><\/a>.<\/p>\n\n\n\n<figure class=\"wp-block-embed is-type-wp-embed is-provider-kapitalis wp-block-embed-kapitalis\"><div class=\"wp-block-embed__wrapper\">\n<blockquote class=\"wp-embedded-content\" data-secret=\"3zLrb9RvLi\"><a href=\"https:\/\/kapitalis.com\/tunisie\/2024\/10\/16\/16e-sommet-des-brics-le-tournant-de-kazan\/\">16e Sommet des Brics: le tournant de Kazan<\/a><\/blockquote><iframe loading=\"lazy\" class=\"wp-embedded-content\" sandbox=\"allow-scripts\" security=\"restricted\" style=\"position: absolute; visibility: hidden;\" title=\"\u00ab\u00a016e Sommet des Brics: le tournant de Kazan\u00a0\u00bb &#8212; Kapitalis\" src=\"https:\/\/kapitalis.com\/tunisie\/2024\/10\/16\/16e-sommet-des-brics-le-tournant-de-kazan\/embed\/#?secret=AB29WW2B6I#?secret=3zLrb9RvLi\" data-secret=\"3zLrb9RvLi\" width=\"600\" height=\"338\" frameborder=\"0\" marginwidth=\"0\" marginheight=\"0\" scrolling=\"no\"><\/iframe>\n<\/div><\/figure>\n","protected":false},"excerpt":{"rendered":"<p>Ce qui compte le plus pour le FMI et la BM ce sont les int\u00e9r\u00eats h\u00e9g\u00e9moniques occidentaux, contre les Russes, les Chinois, les Palestiniens, et tous les autres.<\/p>\n","protected":false},"author":8,"featured_media":14385845,"comment_status":"open","ping_status":"open","sticky":false,"template":"","format":"standard","meta":{"footnotes":""},"categories":[992,995,1000,2433],"tags":[3734,130,92296,75918,2506,5106,577,68595,62643,6842],"class_list":["post-14385583","post","type-post","status-publish","format-standard","has-post-thumbnail","hentry","category-a-la-une","category-economie","category-tribune","category-tunisie","tag-americains","tag-banque-mondiale","tag-bretton-woods","tag-etats-unis-2","tag-europeens","tag-fonds-monetaire-international","tag-maroc","tag-moktar-lamari","tag-tunisie","tag-ukraine"],"yoast_head":"<!-- This site is optimized with the Yoast SEO plugin v26.6 - https:\/\/yoast.com\/wordpress\/plugins\/seo\/ -->\n<title>Pourquoi j\u2019ai quitt\u00e9 Washington avant la fin des Annual Meetings du FMI et de la BM - Kapitalis<\/title>\n<meta name=\"robots\" content=\"index, follow, max-snippet:-1, max-image-preview:large, max-video-preview:-1\" \/>\n<link rel=\"canonical\" href=\"https:\/\/kapitalis.com\/tunisie\/2024\/10\/25\/pourquoi-jai-quitte-washington-avant-la-fin-des-annual-meetings-de-fmi-et-de-la-bm\/\" \/>\n<meta property=\"og:locale\" content=\"fr_FR\" \/>\n<meta property=\"og:type\" content=\"article\" \/>\n<meta property=\"og:title\" content=\"Pourquoi j\u2019ai quitt\u00e9 Washington avant la fin des Annual Meetings du FMI et de la BM - Kapitalis\" \/>\n<meta property=\"og:description\" content=\"Ce qui compte le plus pour le FMI et la BM ce sont les int\u00e9r\u00eats h\u00e9g\u00e9moniques occidentaux, contre les Russes, les Chinois, les Palestiniens, et tous les autres.\" \/>\n<meta property=\"og:url\" content=\"https:\/\/kapitalis.com\/tunisie\/2024\/10\/25\/pourquoi-jai-quitte-washington-avant-la-fin-des-annual-meetings-de-fmi-et-de-la-bm\/\" \/>\n<meta property=\"og:site_name\" content=\"Kapitalis\" \/>\n<meta property=\"article:publisher\" content=\"https:\/\/www.facebook.com\/KapitalisInfo\/\" \/>\n<meta property=\"article:published_time\" content=\"2024-10-25T08:48:03+00:00\" \/>\n<meta property=\"article:modified_time\" content=\"2024-10-25T08:49:03+00:00\" \/>\n<meta property=\"og:image\" content=\"https:\/\/kapitalis.com\/tunisie\/wp-content\/uploads\/2024\/10\/Annual-Meetings-FMI-BM.jpg\" \/>\n\t<meta property=\"og:image:width\" content=\"1200\" \/>\n\t<meta property=\"og:image:height\" content=\"630\" \/>\n\t<meta property=\"og:image:type\" content=\"image\/jpeg\" \/>\n<meta name=\"author\" content=\"webmaster kapitalis\" \/>\n<meta name=\"twitter:card\" content=\"summary_large_image\" \/>\n<meta name=\"twitter:creator\" content=\"@KapitalisInfo\" \/>\n<meta name=\"twitter:site\" content=\"@KapitalisInfo\" \/>\n<meta name=\"twitter:label1\" content=\"\u00c9crit par\" \/>\n\t<meta name=\"twitter:data1\" content=\"webmaster kapitalis\" \/>\n\t<meta name=\"twitter:label2\" content=\"Dur\u00e9e de lecture estim\u00e9e\" \/>\n\t<meta name=\"twitter:data2\" content=\"4 minutes\" \/>\n<script type=\"application\/ld+json\" class=\"yoast-schema-graph\">{\"@context\":\"https:\/\/schema.org\",\"@graph\":[{\"@type\":\"Article\",\"@id\":\"https:\/\/kapitalis.com\/tunisie\/2024\/10\/25\/pourquoi-jai-quitte-washington-avant-la-fin-des-annual-meetings-de-fmi-et-de-la-bm\/#article\",\"isPartOf\":{\"@id\":\"https:\/\/kapitalis.com\/tunisie\/2024\/10\/25\/pourquoi-jai-quitte-washington-avant-la-fin-des-annual-meetings-de-fmi-et-de-la-bm\/\"},\"author\":{\"name\":\"webmaster kapitalis\",\"@id\":\"https:\/\/kapitalis.com\/tunisie\/#\/schema\/person\/d71f33a9ca44f7bad4698210b480c8e9\"},\"headline\":\"Pourquoi j\u2019ai quitt\u00e9 Washington avant la fin des Annual Meetings du FMI et de la BM\",\"datePublished\":\"2024-10-25T08:48:03+00:00\",\"dateModified\":\"2024-10-25T08:49:03+00:00\",\"mainEntityOfPage\":{\"@id\":\"https:\/\/kapitalis.com\/tunisie\/2024\/10\/25\/pourquoi-jai-quitte-washington-avant-la-fin-des-annual-meetings-de-fmi-et-de-la-bm\/\"},\"wordCount\":678,\"commentCount\":4,\"publisher\":{\"@id\":\"https:\/\/kapitalis.com\/tunisie\/#organization\"},\"image\":{\"@id\":\"https:\/\/kapitalis.com\/tunisie\/2024\/10\/25\/pourquoi-jai-quitte-washington-avant-la-fin-des-annual-meetings-de-fmi-et-de-la-bm\/#primaryimage\"},\"thumbnailUrl\":\"https:\/\/kapitalis.com\/tunisie\/wp-content\/uploads\/2024\/10\/Annual-Meetings-FMI-BM.jpg\",\"keywords\":[\"Am\u00e9ricains\",\"Banque Mondiale\",\"Bretton Woods\",\"Etats-Unis\",\"europ\u00e9ens\",\"Fonds mon\u00e9taire international\",\"Maroc\",\"Moktar Lamari\",\"Tunisie\",\"Ukraine\"],\"articleSection\":[\"A LA UNE\",\"ECONOMIE\",\"TRIBUNE\",\"Tunisie\"],\"inLanguage\":\"fr-FR\",\"potentialAction\":[{\"@type\":\"CommentAction\",\"name\":\"Comment\",\"target\":[\"https:\/\/kapitalis.com\/tunisie\/2024\/10\/25\/pourquoi-jai-quitte-washington-avant-la-fin-des-annual-meetings-de-fmi-et-de-la-bm\/#respond\"]}]},{\"@type\":\"WebPage\",\"@id\":\"https:\/\/kapitalis.com\/tunisie\/2024\/10\/25\/pourquoi-jai-quitte-washington-avant-la-fin-des-annual-meetings-de-fmi-et-de-la-bm\/\",\"url\":\"https:\/\/kapitalis.com\/tunisie\/2024\/10\/25\/pourquoi-jai-quitte-washington-avant-la-fin-des-annual-meetings-de-fmi-et-de-la-bm\/\",\"name\":\"Pourquoi j\u2019ai quitt\u00e9 Washington avant la fin des Annual Meetings du FMI et de la BM - Kapitalis\",\"isPartOf\":{\"@id\":\"https:\/\/kapitalis.com\/tunisie\/#website\"},\"primaryImageOfPage\":{\"@id\":\"https:\/\/kapitalis.com\/tunisie\/2024\/10\/25\/pourquoi-jai-quitte-washington-avant-la-fin-des-annual-meetings-de-fmi-et-de-la-bm\/#primaryimage\"},\"image\":{\"@id\":\"https:\/\/kapitalis.com\/tunisie\/2024\/10\/25\/pourquoi-jai-quitte-washington-avant-la-fin-des-annual-meetings-de-fmi-et-de-la-bm\/#primaryimage\"},\"thumbnailUrl\":\"https:\/\/kapitalis.com\/tunisie\/wp-content\/uploads\/2024\/10\/Annual-Meetings-FMI-BM.jpg\",\"datePublished\":\"2024-10-25T08:48:03+00:00\",\"dateModified\":\"2024-10-25T08:49:03+00:00\",\"breadcrumb\":{\"@id\":\"https:\/\/kapitalis.com\/tunisie\/2024\/10\/25\/pourquoi-jai-quitte-washington-avant-la-fin-des-annual-meetings-de-fmi-et-de-la-bm\/#breadcrumb\"},\"inLanguage\":\"fr-FR\",\"potentialAction\":[{\"@type\":\"ReadAction\",\"target\":[\"https:\/\/kapitalis.com\/tunisie\/2024\/10\/25\/pourquoi-jai-quitte-washington-avant-la-fin-des-annual-meetings-de-fmi-et-de-la-bm\/\"]}]},{\"@type\":\"ImageObject\",\"inLanguage\":\"fr-FR\",\"@id\":\"https:\/\/kapitalis.com\/tunisie\/2024\/10\/25\/pourquoi-jai-quitte-washington-avant-la-fin-des-annual-meetings-de-fmi-et-de-la-bm\/#primaryimage\",\"url\":\"https:\/\/kapitalis.com\/tunisie\/wp-content\/uploads\/2024\/10\/Annual-Meetings-FMI-BM.jpg\",\"contentUrl\":\"https:\/\/kapitalis.com\/tunisie\/wp-content\/uploads\/2024\/10\/Annual-Meetings-FMI-BM.jpg\",\"width\":1200,\"height\":630},{\"@type\":\"BreadcrumbList\",\"@id\":\"https:\/\/kapitalis.com\/tunisie\/2024\/10\/25\/pourquoi-jai-quitte-washington-avant-la-fin-des-annual-meetings-de-fmi-et-de-la-bm\/#breadcrumb\",\"itemListElement\":[{\"@type\":\"ListItem\",\"position\":1,\"name\":\"Accueil\",\"item\":\"https:\/\/kapitalis.com\/tunisie\/\"},{\"@type\":\"ListItem\",\"position\":2,\"name\":\"Pourquoi j\u2019ai quitt\u00e9 Washington avant la fin des Annual Meetings du FMI et de la BM\"}]},{\"@type\":\"WebSite\",\"@id\":\"https:\/\/kapitalis.com\/tunisie\/#website\",\"url\":\"https:\/\/kapitalis.com\/tunisie\/\",\"name\":\"Kapitalis\",\"description\":\"L&#039;actualit\u00e9 en Tunisie et dans le monde\",\"publisher\":{\"@id\":\"https:\/\/kapitalis.com\/tunisie\/#organization\"},\"potentialAction\":[{\"@type\":\"SearchAction\",\"target\":{\"@type\":\"EntryPoint\",\"urlTemplate\":\"https:\/\/kapitalis.com\/tunisie\/?s={search_term_string}\"},\"query-input\":{\"@type\":\"PropertyValueSpecification\",\"valueRequired\":true,\"valueName\":\"search_term_string\"}}],\"inLanguage\":\"fr-FR\"},{\"@type\":\"Organization\",\"@id\":\"https:\/\/kapitalis.com\/tunisie\/#organization\",\"name\":\"Kapitalis\",\"url\":\"https:\/\/kapitalis.com\/tunisie\/\",\"logo\":{\"@type\":\"ImageObject\",\"inLanguage\":\"fr-FR\",\"@id\":\"https:\/\/kapitalis.com\/tunisie\/#\/schema\/logo\/image\/\",\"url\":\"https:\/\/kapitalis.com\/tunisie\/wp-content\/uploads\/2022\/05\/Kapitalis-big-size.png\",\"contentUrl\":\"https:\/\/kapitalis.com\/tunisie\/wp-content\/uploads\/2022\/05\/Kapitalis-big-size.png\",\"width\":5000,\"height\":1500,\"caption\":\"Kapitalis\"},\"image\":{\"@id\":\"https:\/\/kapitalis.com\/tunisie\/#\/schema\/logo\/image\/\"},\"sameAs\":[\"https:\/\/www.facebook.com\/KapitalisInfo\/\",\"https:\/\/x.com\/KapitalisInfo\",\"https:\/\/www.youtube.com\/channel\/UC-yDYrHyfFBWWZaOw3FPg9Q\"]},{\"@type\":\"Person\",\"@id\":\"https:\/\/kapitalis.com\/tunisie\/#\/schema\/person\/d71f33a9ca44f7bad4698210b480c8e9\",\"name\":\"webmaster kapitalis\",\"url\":\"https:\/\/kapitalis.com\/tunisie\/author\/webmaster-kapitalis\/\"}]}<\/script>\n<!-- \/ Yoast SEO plugin. -->","yoast_head_json":{"title":"Pourquoi j\u2019ai quitt\u00e9 Washington avant la fin des Annual Meetings du FMI et de la BM - Kapitalis","robots":{"index":"index","follow":"follow","max-snippet":"max-snippet:-1","max-image-preview":"max-image-preview:large","max-video-preview":"max-video-preview:-1"},"canonical":"https:\/\/kapitalis.com\/tunisie\/2024\/10\/25\/pourquoi-jai-quitte-washington-avant-la-fin-des-annual-meetings-de-fmi-et-de-la-bm\/","og_locale":"fr_FR","og_type":"article","og_title":"Pourquoi j\u2019ai quitt\u00e9 Washington avant la fin des Annual Meetings du FMI et de la BM - Kapitalis","og_description":"Ce qui compte le plus pour le FMI et la BM ce sont les int\u00e9r\u00eats h\u00e9g\u00e9moniques occidentaux, contre les Russes, les Chinois, les Palestiniens, et tous les autres.","og_url":"https:\/\/kapitalis.com\/tunisie\/2024\/10\/25\/pourquoi-jai-quitte-washington-avant-la-fin-des-annual-meetings-de-fmi-et-de-la-bm\/","og_site_name":"Kapitalis","article_publisher":"https:\/\/www.facebook.com\/KapitalisInfo\/","article_published_time":"2024-10-25T08:48:03+00:00","article_modified_time":"2024-10-25T08:49:03+00:00","og_image":[{"width":1200,"height":630,"url":"https:\/\/kapitalis.com\/tunisie\/wp-content\/uploads\/2024\/10\/Annual-Meetings-FMI-BM.jpg","type":"image\/jpeg"}],"author":"webmaster kapitalis","twitter_card":"summary_large_image","twitter_creator":"@KapitalisInfo","twitter_site":"@KapitalisInfo","twitter_misc":{"\u00c9crit par":"webmaster kapitalis","Dur\u00e9e de lecture estim\u00e9e":"4 minutes"},"schema":{"@context":"https:\/\/schema.org","@graph":[{"@type":"Article","@id":"https:\/\/kapitalis.com\/tunisie\/2024\/10\/25\/pourquoi-jai-quitte-washington-avant-la-fin-des-annual-meetings-de-fmi-et-de-la-bm\/#article","isPartOf":{"@id":"https:\/\/kapitalis.com\/tunisie\/2024\/10\/25\/pourquoi-jai-quitte-washington-avant-la-fin-des-annual-meetings-de-fmi-et-de-la-bm\/"},"author":{"name":"webmaster kapitalis","@id":"https:\/\/kapitalis.com\/tunisie\/#\/schema\/person\/d71f33a9ca44f7bad4698210b480c8e9"},"headline":"Pourquoi j\u2019ai quitt\u00e9 Washington avant la fin des Annual Meetings du FMI et de la BM","datePublished":"2024-10-25T08:48:03+00:00","dateModified":"2024-10-25T08:49:03+00:00","mainEntityOfPage":{"@id":"https:\/\/kapitalis.com\/tunisie\/2024\/10\/25\/pourquoi-jai-quitte-washington-avant-la-fin-des-annual-meetings-de-fmi-et-de-la-bm\/"},"wordCount":678,"commentCount":4,"publisher":{"@id":"https:\/\/kapitalis.com\/tunisie\/#organization"},"image":{"@id":"https:\/\/kapitalis.com\/tunisie\/2024\/10\/25\/pourquoi-jai-quitte-washington-avant-la-fin-des-annual-meetings-de-fmi-et-de-la-bm\/#primaryimage"},"thumbnailUrl":"https:\/\/kapitalis.com\/tunisie\/wp-content\/uploads\/2024\/10\/Annual-Meetings-FMI-BM.jpg","keywords":["Am\u00e9ricains","Banque Mondiale","Bretton Woods","Etats-Unis","europ\u00e9ens","Fonds mon\u00e9taire international","Maroc","Moktar Lamari","Tunisie","Ukraine"],"articleSection":["A LA UNE","ECONOMIE","TRIBUNE","Tunisie"],"inLanguage":"fr-FR","potentialAction":[{"@type":"CommentAction","name":"Comment","target":["https:\/\/kapitalis.com\/tunisie\/2024\/10\/25\/pourquoi-jai-quitte-washington-avant-la-fin-des-annual-meetings-de-fmi-et-de-la-bm\/#respond"]}]},{"@type":"WebPage","@id":"https:\/\/kapitalis.com\/tunisie\/2024\/10\/25\/pourquoi-jai-quitte-washington-avant-la-fin-des-annual-meetings-de-fmi-et-de-la-bm\/","url":"https:\/\/kapitalis.com\/tunisie\/2024\/10\/25\/pourquoi-jai-quitte-washington-avant-la-fin-des-annual-meetings-de-fmi-et-de-la-bm\/","name":"Pourquoi j\u2019ai quitt\u00e9 Washington avant la fin des Annual Meetings du FMI et de la BM - Kapitalis","isPartOf":{"@id":"https:\/\/kapitalis.com\/tunisie\/#website"},"primaryImageOfPage":{"@id":"https:\/\/kapitalis.com\/tunisie\/2024\/10\/25\/pourquoi-jai-quitte-washington-avant-la-fin-des-annual-meetings-de-fmi-et-de-la-bm\/#primaryimage"},"image":{"@id":"https:\/\/kapitalis.com\/tunisie\/2024\/10\/25\/pourquoi-jai-quitte-washington-avant-la-fin-des-annual-meetings-de-fmi-et-de-la-bm\/#primaryimage"},"thumbnailUrl":"https:\/\/kapitalis.com\/tunisie\/wp-content\/uploads\/2024\/10\/Annual-Meetings-FMI-BM.jpg","datePublished":"2024-10-25T08:48:03+00:00","dateModified":"2024-10-25T08:49:03+00:00","breadcrumb":{"@id":"https:\/\/kapitalis.com\/tunisie\/2024\/10\/25\/pourquoi-jai-quitte-washington-avant-la-fin-des-annual-meetings-de-fmi-et-de-la-bm\/#breadcrumb"},"inLanguage":"fr-FR","potentialAction":[{"@type":"ReadAction","target":["https:\/\/kapitalis.com\/tunisie\/2024\/10\/25\/pourquoi-jai-quitte-washington-avant-la-fin-des-annual-meetings-de-fmi-et-de-la-bm\/"]}]},{"@type":"ImageObject","inLanguage":"fr-FR","@id":"https:\/\/kapitalis.com\/tunisie\/2024\/10\/25\/pourquoi-jai-quitte-washington-avant-la-fin-des-annual-meetings-de-fmi-et-de-la-bm\/#primaryimage","url":"https:\/\/kapitalis.com\/tunisie\/wp-content\/uploads\/2024\/10\/Annual-Meetings-FMI-BM.jpg","contentUrl":"https:\/\/kapitalis.com\/tunisie\/wp-content\/uploads\/2024\/10\/Annual-Meetings-FMI-BM.jpg","width":1200,"height":630},{"@type":"BreadcrumbList","@id":"https:\/\/kapitalis.com\/tunisie\/2024\/10\/25\/pourquoi-jai-quitte-washington-avant-la-fin-des-annual-meetings-de-fmi-et-de-la-bm\/#breadcrumb","itemListElement":[{"@type":"ListItem","position":1,"name":"Accueil","item":"https:\/\/kapitalis.com\/tunisie\/"},{"@type":"ListItem","position":2,"name":"Pourquoi j\u2019ai quitt\u00e9 Washington avant la fin des Annual Meetings du FMI et de la BM"}]},{"@type":"WebSite","@id":"https:\/\/kapitalis.com\/tunisie\/#website","url":"https:\/\/kapitalis.com\/tunisie\/","name":"Kapitalis","description":"L&#039;actualit\u00e9 en Tunisie et dans le monde","publisher":{"@id":"https:\/\/kapitalis.com\/tunisie\/#organization"},"potentialAction":[{"@type":"SearchAction","target":{"@type":"EntryPoint","urlTemplate":"https:\/\/kapitalis.com\/tunisie\/?s={search_term_string}"},"query-input":{"@type":"PropertyValueSpecification","valueRequired":true,"valueName":"search_term_string"}}],"inLanguage":"fr-FR"},{"@type":"Organization","@id":"https:\/\/kapitalis.com\/tunisie\/#organization","name":"Kapitalis","url":"https:\/\/kapitalis.com\/tunisie\/","logo":{"@type":"ImageObject","inLanguage":"fr-FR","@id":"https:\/\/kapitalis.com\/tunisie\/#\/schema\/logo\/image\/","url":"https:\/\/kapitalis.com\/tunisie\/wp-content\/uploads\/2022\/05\/Kapitalis-big-size.png","contentUrl":"https:\/\/kapitalis.com\/tunisie\/wp-content\/uploads\/2022\/05\/Kapitalis-big-size.png","width":5000,"height":1500,"caption":"Kapitalis"},"image":{"@id":"https:\/\/kapitalis.com\/tunisie\/#\/schema\/logo\/image\/"},"sameAs":["https:\/\/www.facebook.com\/KapitalisInfo\/","https:\/\/x.com\/KapitalisInfo","https:\/\/www.youtube.com\/channel\/UC-yDYrHyfFBWWZaOw3FPg9Q"]},{"@type":"Person","@id":"https:\/\/kapitalis.com\/tunisie\/#\/schema\/person\/d71f33a9ca44f7bad4698210b480c8e9","name":"webmaster kapitalis","url":"https:\/\/kapitalis.com\/tunisie\/author\/webmaster-kapitalis\/"}]}},"_links":{"self":[{"href":"https:\/\/kapitalis.com\/tunisie\/wp-json\/wp\/v2\/posts\/14385583","targetHints":{"allow":["GET"]}}],"collection":[{"href":"https:\/\/kapitalis.com\/tunisie\/wp-json\/wp\/v2\/posts"}],"about":[{"href":"https:\/\/kapitalis.com\/tunisie\/wp-json\/wp\/v2\/types\/post"}],"author":[{"embeddable":true,"href":"https:\/\/kapitalis.com\/tunisie\/wp-json\/wp\/v2\/users\/8"}],"replies":[{"embeddable":true,"href":"https:\/\/kapitalis.com\/tunisie\/wp-json\/wp\/v2\/comments?post=14385583"}],"version-history":[{"count":2,"href":"https:\/\/kapitalis.com\/tunisie\/wp-json\/wp\/v2\/posts\/14385583\/revisions"}],"predecessor-version":[{"id":14386007,"href":"https:\/\/kapitalis.com\/tunisie\/wp-json\/wp\/v2\/posts\/14385583\/revisions\/14386007"}],"wp:featuredmedia":[{"embeddable":true,"href":"https:\/\/kapitalis.com\/tunisie\/wp-json\/wp\/v2\/media\/14385845"}],"wp:attachment":[{"href":"https:\/\/kapitalis.com\/tunisie\/wp-json\/wp\/v2\/media?parent=14385583"}],"wp:term":[{"taxonomy":"category","embeddable":true,"href":"https:\/\/kapitalis.com\/tunisie\/wp-json\/wp\/v2\/categories?post=14385583"},{"taxonomy":"post_tag","embeddable":true,"href":"https:\/\/kapitalis.com\/tunisie\/wp-json\/wp\/v2\/tags?post=14385583"}],"curies":[{"name":"wp","href":"https:\/\/api.w.org\/{rel}","templated":true}]}}