{"id":144122,"date":"2018-03-18T08:58:04","date_gmt":"2018-03-18T07:58:04","guid":{"rendered":"http:\/\/kapitalis.com\/tunisie\/?p=144122"},"modified":"2018-03-18T08:58:04","modified_gmt":"2018-03-18T07:58:04","slug":"journees-economiques-et-culturelles-de-la-tunisie-a-toulouse","status":"publish","type":"post","link":"https:\/\/kapitalis.com\/tunisie\/2018\/03\/18\/journees-economiques-et-culturelles-de-la-tunisie-a-toulouse\/","title":{"rendered":"Journ\u00e9es \u00e9conomiques et culturelles de la Tunisie \u00e0 Toulouse"},"content":{"rendered":"<p style=\"text-align: center;\"><img loading=\"lazy\" decoding=\"async\" class=\"alignnone size-full wp-image-144123\" src=\"http:\/\/kapitalis.com\/tunisie\/wp-content\/uploads\/2018\/03\/Toulouse.jpg\" alt=\"\" width=\"626\" height=\"380\" \/><\/p>\n<p><em><strong>Les troisi\u00e8mes Journ\u00e9es \u00e9conomiques et culturelles de la Tunisie \u00e0 Toulouse (sud de la France) se tiendront du 22 au 25 mars 2018.<\/strong><\/em><\/p>\n<p><!--more--><\/p>\n<p>Organis\u00e9es par le consulat de Tunisie \u00e0 Toulouse, en collaboration avec la Mairie de Toulouse et l\u2019Association des \u00e9tudiants tunisiens \u00e0 Toulouse (AETT) et en partenariat avec l\u2019Office national du tourisme tunisien (ONTT), ces journ\u00e9es auront pour invit\u00e9 le ministre de l\u2019Enseignement sup\u00e9rieur et de la Recherche scientifique, Slim Khalbous.<\/p>\n<p>Elles se donnent pour objectif de faire d\u00e9couvrir la culture et le patrimoine tunisien au public toulousain, \u00e0 travers des animations artistiques et folkloriques quotidiennes, des expositions de produits d\u2019artisanat tunisiens (c\u00e9ramique, calligraphie, textile, bijoux, mobilier de d\u00e9coration, produits bio, etc.), et des d\u00e9gustations de produits de terroirs (huile d\u2019olive, \u00e9pices et herbes aromatiques, harissa traditionnelle, dattes, p\u00e2tisseries, etc.), sans oublier la pr\u00e9sentation de l\u2019art culinaire tunisien.<\/p>\n<p>Au programme aussi : une foire \u00e9conomique et culturelle au centre de la ville rose (de la rue Alsace-Lorraine au square G\u00e9n\u00e9ral de Gaulle) et une soir\u00e9e musicale au Th\u00e9\u00e2tre des Mazades, le 23 mars.<\/p>\n<p>Ce sera \u00e9galement l\u2019occasion pour les visiteurs de pr\u00e9parer leurs prochains s\u00e9jours en Tunisie (dont l\u2019activit\u00e9 touristique s\u2019est vu cro\u00eetre de 46% sur le march\u00e9 fran\u00e7ais en 2017) puisque seront \u00e9galement pr\u00e9sents tours op\u00e9rateurs et autres professionnels du tourisme (tours op\u00e9rateurs, compagnies a\u00e9riennes, etc.), sans oublier bien \u00e9videmment l\u2019ONTT qui pr\u00e9sentera un large panel d\u2019offres touristiques (s\u00e9jours baln\u00e9aires, sportifs, culturels, gastronomiques et \u0153nologique, baln\u00e9oth\u00e9rapie et thalassoth\u00e9rapie, etc.).<\/p>\n<p style=\"text-align: right;\"><strong>I. B.<\/strong><\/p>\n","protected":false},"excerpt":{"rendered":"<p>Les troisi\u00e8mes Journ\u00e9es \u00e9conomiques et culturelles de la Tunisie \u00e0 Toulouse (sud de la France) se tiendront du 22 au 25 mars 2018.<\/p>\n","protected":false},"author":8,"featured_media":144123,"comment_status":"open","ping_status":"open","sticky":false,"template":"","format":"standard","meta":{"footnotes":""},"categories":[995,2433],"tags":[2394,23204,1899],"class_list":["post-144122","post","type-post","status-publish","format-standard","has-post-thumbnail","hentry","category-economie","category-tunisie","tag-ontt","tag-slim-khalbous","tag-toulouse"],"yoast_head":"<!-- This site is optimized with the Yoast SEO plugin v26.6 - https:\/\/yoast.com\/wordpress\/plugins\/seo\/ -->\n<title>Journ\u00e9es \u00e9conomiques et culturelles de la Tunisie \u00e0 Toulouse - Kapitalis<\/title>\n<meta name=\"robots\" content=\"index, follow, max-snippet:-1, max-image-preview:large, max-video-preview:-1\" \/>\n<link rel=\"canonical\" href=\"https:\/\/kapitalis.com\/tunisie\/2018\/03\/18\/journees-economiques-et-culturelles-de-la-tunisie-a-toulouse\/\" \/>\n<meta property=\"og:locale\" content=\"fr_FR\" \/>\n<meta property=\"og:type\" content=\"article\" \/>\n<meta property=\"og:title\" content=\"Journ\u00e9es \u00e9conomiques et culturelles de la Tunisie \u00e0 Toulouse - Kapitalis\" \/>\n<meta property=\"og:description\" content=\"Les troisi\u00e8mes Journ\u00e9es \u00e9conomiques et culturelles de la Tunisie \u00e0 Toulouse (sud de la France) se tiendront du 22 au 25 mars 2018.\" \/>\n<meta property=\"og:url\" content=\"https:\/\/kapitalis.com\/tunisie\/2018\/03\/18\/journees-economiques-et-culturelles-de-la-tunisie-a-toulouse\/\" \/>\n<meta property=\"og:site_name\" content=\"Kapitalis\" \/>\n<meta property=\"article:publisher\" content=\"https:\/\/www.facebook.com\/KapitalisInfo\/\" \/>\n<meta property=\"article:published_time\" content=\"2018-03-18T07:58:04+00:00\" \/>\n<meta property=\"og:image\" content=\"https:\/\/kapitalis.com\/tunisie\/wp-content\/uploads\/2022\/05\/kapitalis-logo-fb.png\" \/>\n\t<meta property=\"og:image:width\" content=\"1200\" \/>\n\t<meta property=\"og:image:height\" content=\"630\" \/>\n\t<meta property=\"og:image:type\" content=\"image\/png\" \/>\n<meta name=\"author\" content=\"webmaster kapitalis\" \/>\n<meta name=\"twitter:card\" content=\"summary_large_image\" \/>\n<meta name=\"twitter:creator\" content=\"@KapitalisInfo\" \/>\n<meta name=\"twitter:site\" content=\"@KapitalisInfo\" \/>\n<meta name=\"twitter:label1\" content=\"\u00c9crit par\" \/>\n\t<meta name=\"twitter:data1\" content=\"webmaster kapitalis\" \/>\n\t<meta name=\"twitter:label2\" content=\"Dur\u00e9e de lecture estim\u00e9e\" \/>\n\t<meta name=\"twitter:data2\" content=\"1 minute\" \/>\n<script type=\"application\/ld+json\" class=\"yoast-schema-graph\">{\"@context\":\"https:\/\/schema.org\",\"@graph\":[{\"@type\":\"Article\",\"@id\":\"https:\/\/kapitalis.com\/tunisie\/2018\/03\/18\/journees-economiques-et-culturelles-de-la-tunisie-a-toulouse\/#article\",\"isPartOf\":{\"@id\":\"https:\/\/kapitalis.com\/tunisie\/2018\/03\/18\/journees-economiques-et-culturelles-de-la-tunisie-a-toulouse\/\"},\"author\":{\"name\":\"webmaster kapitalis\",\"@id\":\"https:\/\/kapitalis.com\/tunisie\/#\/schema\/person\/d71f33a9ca44f7bad4698210b480c8e9\"},\"headline\":\"Journ\u00e9es \u00e9conomiques et culturelles de la Tunisie \u00e0 Toulouse\",\"datePublished\":\"2018-03-18T07:58:04+00:00\",\"mainEntityOfPage\":{\"@id\":\"https:\/\/kapitalis.com\/tunisie\/2018\/03\/18\/journees-economiques-et-culturelles-de-la-tunisie-a-toulouse\/\"},\"wordCount\":282,\"commentCount\":0,\"publisher\":{\"@id\":\"https:\/\/kapitalis.com\/tunisie\/#organization\"},\"image\":{\"@id\":\"https:\/\/kapitalis.com\/tunisie\/2018\/03\/18\/journees-economiques-et-culturelles-de-la-tunisie-a-toulouse\/#primaryimage\"},\"thumbnailUrl\":\"\",\"keywords\":[\"ONTT\",\"Slim Khalbous\",\"Toulouse\"],\"articleSection\":[\"ECONOMIE\",\"Tunisie\"],\"inLanguage\":\"fr-FR\",\"potentialAction\":[{\"@type\":\"CommentAction\",\"name\":\"Comment\",\"target\":[\"https:\/\/kapitalis.com\/tunisie\/2018\/03\/18\/journees-economiques-et-culturelles-de-la-tunisie-a-toulouse\/#respond\"]}]},{\"@type\":\"WebPage\",\"@id\":\"https:\/\/kapitalis.com\/tunisie\/2018\/03\/18\/journees-economiques-et-culturelles-de-la-tunisie-a-toulouse\/\",\"url\":\"https:\/\/kapitalis.com\/tunisie\/2018\/03\/18\/journees-economiques-et-culturelles-de-la-tunisie-a-toulouse\/\",\"name\":\"Journ\u00e9es \u00e9conomiques et culturelles de la Tunisie \u00e0 Toulouse - Kapitalis\",\"isPartOf\":{\"@id\":\"https:\/\/kapitalis.com\/tunisie\/#website\"},\"primaryImageOfPage\":{\"@id\":\"https:\/\/kapitalis.com\/tunisie\/2018\/03\/18\/journees-economiques-et-culturelles-de-la-tunisie-a-toulouse\/#primaryimage\"},\"image\":{\"@id\":\"https:\/\/kapitalis.com\/tunisie\/2018\/03\/18\/journees-economiques-et-culturelles-de-la-tunisie-a-toulouse\/#primaryimage\"},\"thumbnailUrl\":\"\",\"datePublished\":\"2018-03-18T07:58:04+00:00\",\"breadcrumb\":{\"@id\":\"https:\/\/kapitalis.com\/tunisie\/2018\/03\/18\/journees-economiques-et-culturelles-de-la-tunisie-a-toulouse\/#breadcrumb\"},\"inLanguage\":\"fr-FR\",\"potentialAction\":[{\"@type\":\"ReadAction\",\"target\":[\"https:\/\/kapitalis.com\/tunisie\/2018\/03\/18\/journees-economiques-et-culturelles-de-la-tunisie-a-toulouse\/\"]}]},{\"@type\":\"ImageObject\",\"inLanguage\":\"fr-FR\",\"@id\":\"https:\/\/kapitalis.com\/tunisie\/2018\/03\/18\/journees-economiques-et-culturelles-de-la-tunisie-a-toulouse\/#primaryimage\",\"url\":\"\",\"contentUrl\":\"\"},{\"@type\":\"BreadcrumbList\",\"@id\":\"https:\/\/kapitalis.com\/tunisie\/2018\/03\/18\/journees-economiques-et-culturelles-de-la-tunisie-a-toulouse\/#breadcrumb\",\"itemListElement\":[{\"@type\":\"ListItem\",\"position\":1,\"name\":\"Accueil\",\"item\":\"https:\/\/kapitalis.com\/tunisie\/\"},{\"@type\":\"ListItem\",\"position\":2,\"name\":\"Journ\u00e9es \u00e9conomiques et culturelles de la Tunisie \u00e0 Toulouse\"}]},{\"@type\":\"WebSite\",\"@id\":\"https:\/\/kapitalis.com\/tunisie\/#website\",\"url\":\"https:\/\/kapitalis.com\/tunisie\/\",\"name\":\"Kapitalis\",\"description\":\"L&#039;actualit\u00e9 en Tunisie et dans le monde\",\"publisher\":{\"@id\":\"https:\/\/kapitalis.com\/tunisie\/#organization\"},\"potentialAction\":[{\"@type\":\"SearchAction\",\"target\":{\"@type\":\"EntryPoint\",\"urlTemplate\":\"https:\/\/kapitalis.com\/tunisie\/?s={search_term_string}\"},\"query-input\":{\"@type\":\"PropertyValueSpecification\",\"valueRequired\":true,\"valueName\":\"search_term_string\"}}],\"inLanguage\":\"fr-FR\"},{\"@type\":\"Organization\",\"@id\":\"https:\/\/kapitalis.com\/tunisie\/#organization\",\"name\":\"Kapitalis\",\"url\":\"https:\/\/kapitalis.com\/tunisie\/\",\"logo\":{\"@type\":\"ImageObject\",\"inLanguage\":\"fr-FR\",\"@id\":\"https:\/\/kapitalis.com\/tunisie\/#\/schema\/logo\/image\/\",\"url\":\"https:\/\/kapitalis.com\/tunisie\/wp-content\/uploads\/2022\/05\/Kapitalis-big-size.png\",\"contentUrl\":\"https:\/\/kapitalis.com\/tunisie\/wp-content\/uploads\/2022\/05\/Kapitalis-big-size.png\",\"width\":5000,\"height\":1500,\"caption\":\"Kapitalis\"},\"image\":{\"@id\":\"https:\/\/kapitalis.com\/tunisie\/#\/schema\/logo\/image\/\"},\"sameAs\":[\"https:\/\/www.facebook.com\/KapitalisInfo\/\",\"https:\/\/x.com\/KapitalisInfo\",\"https:\/\/www.youtube.com\/channel\/UC-yDYrHyfFBWWZaOw3FPg9Q\"]},{\"@type\":\"Person\",\"@id\":\"https:\/\/kapitalis.com\/tunisie\/#\/schema\/person\/d71f33a9ca44f7bad4698210b480c8e9\",\"name\":\"webmaster kapitalis\",\"url\":\"https:\/\/kapitalis.com\/tunisie\/author\/webmaster-kapitalis\/\"}]}<\/script>\n<!-- \/ Yoast SEO plugin. -->","yoast_head_json":{"title":"Journ\u00e9es \u00e9conomiques et culturelles de la Tunisie \u00e0 Toulouse - Kapitalis","robots":{"index":"index","follow":"follow","max-snippet":"max-snippet:-1","max-image-preview":"max-image-preview:large","max-video-preview":"max-video-preview:-1"},"canonical":"https:\/\/kapitalis.com\/tunisie\/2018\/03\/18\/journees-economiques-et-culturelles-de-la-tunisie-a-toulouse\/","og_locale":"fr_FR","og_type":"article","og_title":"Journ\u00e9es \u00e9conomiques et culturelles de la Tunisie \u00e0 Toulouse - Kapitalis","og_description":"Les troisi\u00e8mes Journ\u00e9es \u00e9conomiques et culturelles de la Tunisie \u00e0 Toulouse (sud de la France) se tiendront du 22 au 25 mars 2018.","og_url":"https:\/\/kapitalis.com\/tunisie\/2018\/03\/18\/journees-economiques-et-culturelles-de-la-tunisie-a-toulouse\/","og_site_name":"Kapitalis","article_publisher":"https:\/\/www.facebook.com\/KapitalisInfo\/","article_published_time":"2018-03-18T07:58:04+00:00","og_image":[{"width":1200,"height":630,"url":"https:\/\/kapitalis.com\/tunisie\/wp-content\/uploads\/2022\/05\/kapitalis-logo-fb.png","type":"image\/png"}],"author":"webmaster kapitalis","twitter_card":"summary_large_image","twitter_creator":"@KapitalisInfo","twitter_site":"@KapitalisInfo","twitter_misc":{"\u00c9crit par":"webmaster kapitalis","Dur\u00e9e de lecture estim\u00e9e":"1 minute"},"schema":{"@context":"https:\/\/schema.org","@graph":[{"@type":"Article","@id":"https:\/\/kapitalis.com\/tunisie\/2018\/03\/18\/journees-economiques-et-culturelles-de-la-tunisie-a-toulouse\/#article","isPartOf":{"@id":"https:\/\/kapitalis.com\/tunisie\/2018\/03\/18\/journees-economiques-et-culturelles-de-la-tunisie-a-toulouse\/"},"author":{"name":"webmaster kapitalis","@id":"https:\/\/kapitalis.com\/tunisie\/#\/schema\/person\/d71f33a9ca44f7bad4698210b480c8e9"},"headline":"Journ\u00e9es \u00e9conomiques et culturelles de la Tunisie \u00e0 Toulouse","datePublished":"2018-03-18T07:58:04+00:00","mainEntityOfPage":{"@id":"https:\/\/kapitalis.com\/tunisie\/2018\/03\/18\/journees-economiques-et-culturelles-de-la-tunisie-a-toulouse\/"},"wordCount":282,"commentCount":0,"publisher":{"@id":"https:\/\/kapitalis.com\/tunisie\/#organization"},"image":{"@id":"https:\/\/kapitalis.com\/tunisie\/2018\/03\/18\/journees-economiques-et-culturelles-de-la-tunisie-a-toulouse\/#primaryimage"},"thumbnailUrl":"","keywords":["ONTT","Slim Khalbous","Toulouse"],"articleSection":["ECONOMIE","Tunisie"],"inLanguage":"fr-FR","potentialAction":[{"@type":"CommentAction","name":"Comment","target":["https:\/\/kapitalis.com\/tunisie\/2018\/03\/18\/journees-economiques-et-culturelles-de-la-tunisie-a-toulouse\/#respond"]}]},{"@type":"WebPage","@id":"https:\/\/kapitalis.com\/tunisie\/2018\/03\/18\/journees-economiques-et-culturelles-de-la-tunisie-a-toulouse\/","url":"https:\/\/kapitalis.com\/tunisie\/2018\/03\/18\/journees-economiques-et-culturelles-de-la-tunisie-a-toulouse\/","name":"Journ\u00e9es \u00e9conomiques et culturelles de la Tunisie \u00e0 Toulouse - Kapitalis","isPartOf":{"@id":"https:\/\/kapitalis.com\/tunisie\/#website"},"primaryImageOfPage":{"@id":"https:\/\/kapitalis.com\/tunisie\/2018\/03\/18\/journees-economiques-et-culturelles-de-la-tunisie-a-toulouse\/#primaryimage"},"image":{"@id":"https:\/\/kapitalis.com\/tunisie\/2018\/03\/18\/journees-economiques-et-culturelles-de-la-tunisie-a-toulouse\/#primaryimage"},"thumbnailUrl":"","datePublished":"2018-03-18T07:58:04+00:00","breadcrumb":{"@id":"https:\/\/kapitalis.com\/tunisie\/2018\/03\/18\/journees-economiques-et-culturelles-de-la-tunisie-a-toulouse\/#breadcrumb"},"inLanguage":"fr-FR","potentialAction":[{"@type":"ReadAction","target":["https:\/\/kapitalis.com\/tunisie\/2018\/03\/18\/journees-economiques-et-culturelles-de-la-tunisie-a-toulouse\/"]}]},{"@type":"ImageObject","inLanguage":"fr-FR","@id":"https:\/\/kapitalis.com\/tunisie\/2018\/03\/18\/journees-economiques-et-culturelles-de-la-tunisie-a-toulouse\/#primaryimage","url":"","contentUrl":""},{"@type":"BreadcrumbList","@id":"https:\/\/kapitalis.com\/tunisie\/2018\/03\/18\/journees-economiques-et-culturelles-de-la-tunisie-a-toulouse\/#breadcrumb","itemListElement":[{"@type":"ListItem","position":1,"name":"Accueil","item":"https:\/\/kapitalis.com\/tunisie\/"},{"@type":"ListItem","position":2,"name":"Journ\u00e9es \u00e9conomiques et culturelles de la Tunisie \u00e0 Toulouse"}]},{"@type":"WebSite","@id":"https:\/\/kapitalis.com\/tunisie\/#website","url":"https:\/\/kapitalis.com\/tunisie\/","name":"Kapitalis","description":"L&#039;actualit\u00e9 en Tunisie et dans le monde","publisher":{"@id":"https:\/\/kapitalis.com\/tunisie\/#organization"},"potentialAction":[{"@type":"SearchAction","target":{"@type":"EntryPoint","urlTemplate":"https:\/\/kapitalis.com\/tunisie\/?s={search_term_string}"},"query-input":{"@type":"PropertyValueSpecification","valueRequired":true,"valueName":"search_term_string"}}],"inLanguage":"fr-FR"},{"@type":"Organization","@id":"https:\/\/kapitalis.com\/tunisie\/#organization","name":"Kapitalis","url":"https:\/\/kapitalis.com\/tunisie\/","logo":{"@type":"ImageObject","inLanguage":"fr-FR","@id":"https:\/\/kapitalis.com\/tunisie\/#\/schema\/logo\/image\/","url":"https:\/\/kapitalis.com\/tunisie\/wp-content\/uploads\/2022\/05\/Kapitalis-big-size.png","contentUrl":"https:\/\/kapitalis.com\/tunisie\/wp-content\/uploads\/2022\/05\/Kapitalis-big-size.png","width":5000,"height":1500,"caption":"Kapitalis"},"image":{"@id":"https:\/\/kapitalis.com\/tunisie\/#\/schema\/logo\/image\/"},"sameAs":["https:\/\/www.facebook.com\/KapitalisInfo\/","https:\/\/x.com\/KapitalisInfo","https:\/\/www.youtube.com\/channel\/UC-yDYrHyfFBWWZaOw3FPg9Q"]},{"@type":"Person","@id":"https:\/\/kapitalis.com\/tunisie\/#\/schema\/person\/d71f33a9ca44f7bad4698210b480c8e9","name":"webmaster kapitalis","url":"https:\/\/kapitalis.com\/tunisie\/author\/webmaster-kapitalis\/"}]}},"_links":{"self":[{"href":"https:\/\/kapitalis.com\/tunisie\/wp-json\/wp\/v2\/posts\/144122","targetHints":{"allow":["GET"]}}],"collection":[{"href":"https:\/\/kapitalis.com\/tunisie\/wp-json\/wp\/v2\/posts"}],"about":[{"href":"https:\/\/kapitalis.com\/tunisie\/wp-json\/wp\/v2\/types\/post"}],"author":[{"embeddable":true,"href":"https:\/\/kapitalis.com\/tunisie\/wp-json\/wp\/v2\/users\/8"}],"replies":[{"embeddable":true,"href":"https:\/\/kapitalis.com\/tunisie\/wp-json\/wp\/v2\/comments?post=144122"}],"version-history":[{"count":0,"href":"https:\/\/kapitalis.com\/tunisie\/wp-json\/wp\/v2\/posts\/144122\/revisions"}],"wp:featuredmedia":[{"embeddable":true,"href":"https:\/\/kapitalis.com\/tunisie\/wp-json\/wp\/v2\/media\/144123"}],"wp:attachment":[{"href":"https:\/\/kapitalis.com\/tunisie\/wp-json\/wp\/v2\/media?parent=144122"}],"wp:term":[{"taxonomy":"category","embeddable":true,"href":"https:\/\/kapitalis.com\/tunisie\/wp-json\/wp\/v2\/categories?post=144122"},{"taxonomy":"post_tag","embeddable":true,"href":"https:\/\/kapitalis.com\/tunisie\/wp-json\/wp\/v2\/tags?post=144122"}],"curies":[{"name":"wp","href":"https:\/\/api.w.org\/{rel}","templated":true}]}}