{"id":144258,"date":"2018-03-19T13:14:53","date_gmt":"2018-03-19T12:14:53","guid":{"rendered":"http:\/\/kapitalis.com\/tunisie\/?p=144258"},"modified":"2018-03-19T13:14:53","modified_gmt":"2018-03-19T12:14:53","slug":"violences-sur-enfants-autistes-les-parents-entendus-a-lassemblee","status":"publish","type":"post","link":"https:\/\/kapitalis.com\/tunisie\/2018\/03\/19\/violences-sur-enfants-autistes-les-parents-entendus-a-lassemblee\/","title":{"rendered":"Violences sur enfants autistes : Les parents entendus \u00e0 l\u2019Assembl\u00e9e"},"content":{"rendered":"<p style=\"text-align: center;\"><img loading=\"lazy\" decoding=\"async\" class=\"alignnone size-full wp-image-144269\" src=\"http:\/\/kapitalis.com\/tunisie\/wp-content\/uploads\/2018\/03\/Assembl\u00e9e-parents-autistes.jpg\" alt=\"\" width=\"626\" height=\"380\" \/>0<\/p>\n<p><em><strong>Les parents des enfants autistes violent\u00e9s au centre \u00ab\u00a0Les premiers pas qui comptent\u00a0\u00bb d&rsquo;El-Menzah 7 (Ariana), craignent que l\u2019affaire soit \u00e9touff\u00e9e.<br \/>\n<\/strong><\/em><!--more--><\/p>\n<p>C\u2019est ce qu\u2019ils ont indiqu\u00e9 aujourd\u2019hui, lundi 19 mars 2018, lors d\u2019une s\u00e9ance d\u2019audition \u00e0 l\u2019Assembl\u00e9e des repr\u00e9sentants du peuple (ARP), par la commission charg\u00e9e d\u2019enqu\u00eater sur cette affaire de torture dans le centre pour enfants autistes.<\/p>\n<p>Ils ont fait part de leur \u00e9tonnement que la commission ait d\u2019abord entendu la directrice du centre, avant les parents dont les enfants ont \u00e9t\u00e9 victimes et craignent que les d\u00e9put\u00e9s charg\u00e9s d\u2019enqu\u00eater aient d\u00e9j\u00e0 pris partie.<\/p>\n<p>Ce qui a f\u00e2ch\u00e9 les membres de la commission, qui ont rappel\u00e9 que leur r\u00f4le est d\u2019enqu\u00eater et que l\u2019objectif de cette s\u00e9ance est de les \u00e9couter. \u00ab<em>Cette rencontre n&rsquo;a pas pour\u00a0but de diaboliser la commission<\/em>\u00bb, ont-ils lanc\u00e9.<\/p>\n<p>Les parents ont \u00e9galement appel\u00e9 \u00e0 la cr\u00e9ation de centres \u00e9tatiques p\u00e9dagogiques employant des sp\u00e9cialistes capables de prendre en charge les enfants autistes et de mettre en place des contr\u00f4les r\u00e9guliers dans les centres pour \u00e9viter que de pareils drames se reproduisent.<\/p>\n<p>D\u2019autre part, l\u2019\u00e9ducatrice ayant film\u00e9 les sc\u00e8nes de violences ayant r\u00e9v\u00e9l\u00e9 cette affaire au centre \u00ab<em>Les premiers pas qui comptent\u00bb<\/em>\u00a0a affirm\u00e9 que les vid\u00e9os ayant circul\u00e9 ne sont qu\u2019une infime partie de la r\u00e9alit\u00e9. Elle a assur\u00e9 que les enfants sont violent\u00e9s au quotidien et qu\u2019elle a film\u00e9 les \u00e9ducatrices \u00e0 leur insu, parce qu&rsquo;en alertant la directrice du centre, celle-ci n&rsquo;a pas\u00a0 sembl\u00e9 s\u2019en inqui\u00e9ter outre mesure.<\/p>\n<p>\u00ab<em>Les employ\u00e9s du centre ne sont pas qualifi\u00e9s. Moi-m\u00eame je n\u2019ai aucune connaissance, je n\u2019ai que le niveau bac et je n\u2019ai jamais \u00e9t\u00e9 form\u00e9e \u00e0 l\u2019\u00e9ducation d\u2019enfants n\u00e9cessitant un savoir-faire particulier. Je ne comprends pas comment j\u2019ai \u00e9t\u00e9 recrut\u00e9e mais je me souviens que l\u2019on m\u2019a demand\u00e9 de suivre les consignes de Hadhami, l\u2019\u00e9ducatrice actuellement en d\u00e9tention dans cette affaire<\/em>\u00bb, a-t-elle d\u00e9plor\u00e9.<\/p>\n<p style=\"text-align: right;\"><strong>Y. N.<\/strong><\/p>\n<blockquote class=\"wp-embedded-content\" data-secret=\"c5Chx2qd0t\"><p><a href=\"https:\/\/kapitalis.com\/tunisie\/2018\/03\/07\/ariana-le-centre-pour-enfants-autistes-place-sous-controle\/\">Ariana : Le centre pour enfants autistes plac\u00e9 sous contr\u00f4le<\/a><\/p><\/blockquote>\n<p><iframe loading=\"lazy\" class=\"wp-embedded-content\" sandbox=\"allow-scripts\" security=\"restricted\" style=\"position: absolute; clip: rect(1px, 1px, 1px, 1px);\" title=\"\u00ab\u00a0Ariana : Le centre pour enfants autistes plac\u00e9 sous contr\u00f4le\u00a0\u00bb &#8212; Kapitalis\" src=\"https:\/\/kapitalis.com\/tunisie\/2018\/03\/07\/ariana-le-centre-pour-enfants-autistes-place-sous-controle\/embed\/#?secret=BbDMs5BSFC#?secret=c5Chx2qd0t\" data-secret=\"c5Chx2qd0t\" width=\"600\" height=\"338\" frameborder=\"0\" marginwidth=\"0\" marginheight=\"0\" scrolling=\"no\"><\/iframe><\/p>\n<blockquote class=\"wp-embedded-content\" data-secret=\"XbMOlV6x97\"><p><a href=\"https:\/\/kapitalis.com\/tunisie\/2018\/02\/19\/ariana-du-nouveau-dans-laffaire-de-maltraitance-des-enfants-autistes\/\">Ariana : Du nouveau dans l&rsquo;affaire de maltraitance des enfants autistes<\/a><\/p><\/blockquote>\n<p><iframe loading=\"lazy\" class=\"wp-embedded-content\" sandbox=\"allow-scripts\" security=\"restricted\" style=\"position: absolute; clip: rect(1px, 1px, 1px, 1px);\" title=\"\u00ab\u00a0Ariana : Du nouveau dans l&rsquo;affaire de maltraitance des enfants autistes\u00a0\u00bb &#8212; Kapitalis\" src=\"https:\/\/kapitalis.com\/tunisie\/2018\/02\/19\/ariana-du-nouveau-dans-laffaire-de-maltraitance-des-enfants-autistes\/embed\/#?secret=vfZJ4QJn5L#?secret=XbMOlV6x97\" data-secret=\"XbMOlV6x97\" width=\"600\" height=\"338\" frameborder=\"0\" marginwidth=\"0\" marginheight=\"0\" scrolling=\"no\"><\/iframe><\/p>\n","protected":false},"excerpt":{"rendered":"<p>0 Les parents des enfants autistes violent\u00e9s au centre \u00ab\u00a0Les premiers pas qui comptent\u00a0\u00bb d&rsquo;El-Menzah 7 (Ariana), craignent que l\u2019affaire soit \u00e9touff\u00e9e.<\/p>\n","protected":false},"author":6,"featured_media":144269,"comment_status":"open","ping_status":"open","sticky":false,"template":"","format":"standard","meta":{"footnotes":""},"categories":[998,2433],"tags":[79,84,93,21451,16594],"class_list":["post-144258","post","type-post","status-publish","format-standard","has-post-thumbnail","hentry","category-societe","category-tunisie","tag-ariana","tag-arp","tag-assemblee","tag-enfants-autistes","tag-menzah"],"yoast_head":"<!-- This site is optimized with the Yoast SEO plugin v26.6 - https:\/\/yoast.com\/wordpress\/plugins\/seo\/ -->\n<title>Violences sur enfants autistes : Les parents entendus \u00e0 l\u2019Assembl\u00e9e - Kapitalis<\/title>\n<meta name=\"robots\" content=\"index, follow, max-snippet:-1, max-image-preview:large, max-video-preview:-1\" \/>\n<link rel=\"canonical\" href=\"https:\/\/kapitalis.com\/tunisie\/2018\/03\/19\/violences-sur-enfants-autistes-les-parents-entendus-a-lassemblee\/\" \/>\n<meta property=\"og:locale\" content=\"fr_FR\" \/>\n<meta property=\"og:type\" content=\"article\" \/>\n<meta property=\"og:title\" content=\"Violences sur enfants autistes : Les parents entendus \u00e0 l\u2019Assembl\u00e9e - Kapitalis\" \/>\n<meta property=\"og:description\" content=\"0 Les parents des enfants autistes violent\u00e9s au centre \u00ab\u00a0Les premiers pas qui comptent\u00a0\u00bb d&rsquo;El-Menzah 7 (Ariana), craignent que l\u2019affaire soit \u00e9touff\u00e9e.\" \/>\n<meta property=\"og:url\" content=\"https:\/\/kapitalis.com\/tunisie\/2018\/03\/19\/violences-sur-enfants-autistes-les-parents-entendus-a-lassemblee\/\" \/>\n<meta property=\"og:site_name\" content=\"Kapitalis\" \/>\n<meta property=\"article:publisher\" content=\"https:\/\/www.facebook.com\/KapitalisInfo\/\" \/>\n<meta property=\"article:published_time\" content=\"2018-03-19T12:14:53+00:00\" \/>\n<meta property=\"og:image\" content=\"https:\/\/kapitalis.com\/tunisie\/wp-content\/uploads\/2022\/05\/kapitalis-logo-fb.png\" \/>\n\t<meta property=\"og:image:width\" content=\"1200\" \/>\n\t<meta property=\"og:image:height\" content=\"630\" \/>\n\t<meta property=\"og:image:type\" content=\"image\/png\" \/>\n<meta name=\"author\" content=\"Yusra NY\" \/>\n<meta name=\"twitter:card\" content=\"summary_large_image\" \/>\n<meta name=\"twitter:creator\" content=\"@KapitalisInfo\" \/>\n<meta name=\"twitter:site\" content=\"@KapitalisInfo\" \/>\n<meta name=\"twitter:label1\" content=\"\u00c9crit par\" \/>\n\t<meta name=\"twitter:data1\" content=\"Yusra NY\" \/>\n\t<meta name=\"twitter:label2\" content=\"Dur\u00e9e de lecture estim\u00e9e\" \/>\n\t<meta name=\"twitter:data2\" content=\"2 minutes\" \/>\n<script type=\"application\/ld+json\" class=\"yoast-schema-graph\">{\"@context\":\"https:\/\/schema.org\",\"@graph\":[{\"@type\":\"Article\",\"@id\":\"https:\/\/kapitalis.com\/tunisie\/2018\/03\/19\/violences-sur-enfants-autistes-les-parents-entendus-a-lassemblee\/#article\",\"isPartOf\":{\"@id\":\"https:\/\/kapitalis.com\/tunisie\/2018\/03\/19\/violences-sur-enfants-autistes-les-parents-entendus-a-lassemblee\/\"},\"author\":{\"name\":\"Yusra NY\",\"@id\":\"https:\/\/kapitalis.com\/tunisie\/#\/schema\/person\/74bbde0154d49d790a92aaeac5bc01d5\"},\"headline\":\"Violences sur enfants autistes : Les parents entendus \u00e0 l\u2019Assembl\u00e9e\",\"datePublished\":\"2018-03-19T12:14:53+00:00\",\"mainEntityOfPage\":{\"@id\":\"https:\/\/kapitalis.com\/tunisie\/2018\/03\/19\/violences-sur-enfants-autistes-les-parents-entendus-a-lassemblee\/\"},\"wordCount\":385,\"commentCount\":1,\"publisher\":{\"@id\":\"https:\/\/kapitalis.com\/tunisie\/#organization\"},\"image\":{\"@id\":\"https:\/\/kapitalis.com\/tunisie\/2018\/03\/19\/violences-sur-enfants-autistes-les-parents-entendus-a-lassemblee\/#primaryimage\"},\"thumbnailUrl\":\"\",\"keywords\":[\"Ariana\",\"ARP\",\"Assembl\u00e9e\",\"enfants autistes\",\"Menzah\"],\"articleSection\":[\"SOCIETE\",\"Tunisie\"],\"inLanguage\":\"fr-FR\",\"potentialAction\":[{\"@type\":\"CommentAction\",\"name\":\"Comment\",\"target\":[\"https:\/\/kapitalis.com\/tunisie\/2018\/03\/19\/violences-sur-enfants-autistes-les-parents-entendus-a-lassemblee\/#respond\"]}]},{\"@type\":\"WebPage\",\"@id\":\"https:\/\/kapitalis.com\/tunisie\/2018\/03\/19\/violences-sur-enfants-autistes-les-parents-entendus-a-lassemblee\/\",\"url\":\"https:\/\/kapitalis.com\/tunisie\/2018\/03\/19\/violences-sur-enfants-autistes-les-parents-entendus-a-lassemblee\/\",\"name\":\"Violences sur enfants autistes : Les parents entendus \u00e0 l\u2019Assembl\u00e9e - Kapitalis\",\"isPartOf\":{\"@id\":\"https:\/\/kapitalis.com\/tunisie\/#website\"},\"primaryImageOfPage\":{\"@id\":\"https:\/\/kapitalis.com\/tunisie\/2018\/03\/19\/violences-sur-enfants-autistes-les-parents-entendus-a-lassemblee\/#primaryimage\"},\"image\":{\"@id\":\"https:\/\/kapitalis.com\/tunisie\/2018\/03\/19\/violences-sur-enfants-autistes-les-parents-entendus-a-lassemblee\/#primaryimage\"},\"thumbnailUrl\":\"\",\"datePublished\":\"2018-03-19T12:14:53+00:00\",\"breadcrumb\":{\"@id\":\"https:\/\/kapitalis.com\/tunisie\/2018\/03\/19\/violences-sur-enfants-autistes-les-parents-entendus-a-lassemblee\/#breadcrumb\"},\"inLanguage\":\"fr-FR\",\"potentialAction\":[{\"@type\":\"ReadAction\",\"target\":[\"https:\/\/kapitalis.com\/tunisie\/2018\/03\/19\/violences-sur-enfants-autistes-les-parents-entendus-a-lassemblee\/\"]}]},{\"@type\":\"ImageObject\",\"inLanguage\":\"fr-FR\",\"@id\":\"https:\/\/kapitalis.com\/tunisie\/2018\/03\/19\/violences-sur-enfants-autistes-les-parents-entendus-a-lassemblee\/#primaryimage\",\"url\":\"\",\"contentUrl\":\"\"},{\"@type\":\"BreadcrumbList\",\"@id\":\"https:\/\/kapitalis.com\/tunisie\/2018\/03\/19\/violences-sur-enfants-autistes-les-parents-entendus-a-lassemblee\/#breadcrumb\",\"itemListElement\":[{\"@type\":\"ListItem\",\"position\":1,\"name\":\"Accueil\",\"item\":\"https:\/\/kapitalis.com\/tunisie\/\"},{\"@type\":\"ListItem\",\"position\":2,\"name\":\"Violences sur enfants autistes : Les parents entendus \u00e0 l\u2019Assembl\u00e9e\"}]},{\"@type\":\"WebSite\",\"@id\":\"https:\/\/kapitalis.com\/tunisie\/#website\",\"url\":\"https:\/\/kapitalis.com\/tunisie\/\",\"name\":\"Kapitalis\",\"description\":\"L&#039;actualit\u00e9 en Tunisie et dans le monde\",\"publisher\":{\"@id\":\"https:\/\/kapitalis.com\/tunisie\/#organization\"},\"potentialAction\":[{\"@type\":\"SearchAction\",\"target\":{\"@type\":\"EntryPoint\",\"urlTemplate\":\"https:\/\/kapitalis.com\/tunisie\/?s={search_term_string}\"},\"query-input\":{\"@type\":\"PropertyValueSpecification\",\"valueRequired\":true,\"valueName\":\"search_term_string\"}}],\"inLanguage\":\"fr-FR\"},{\"@type\":\"Organization\",\"@id\":\"https:\/\/kapitalis.com\/tunisie\/#organization\",\"name\":\"Kapitalis\",\"url\":\"https:\/\/kapitalis.com\/tunisie\/\",\"logo\":{\"@type\":\"ImageObject\",\"inLanguage\":\"fr-FR\",\"@id\":\"https:\/\/kapitalis.com\/tunisie\/#\/schema\/logo\/image\/\",\"url\":\"https:\/\/kapitalis.com\/tunisie\/wp-content\/uploads\/2022\/05\/Kapitalis-big-size.png\",\"contentUrl\":\"https:\/\/kapitalis.com\/tunisie\/wp-content\/uploads\/2022\/05\/Kapitalis-big-size.png\",\"width\":5000,\"height\":1500,\"caption\":\"Kapitalis\"},\"image\":{\"@id\":\"https:\/\/kapitalis.com\/tunisie\/#\/schema\/logo\/image\/\"},\"sameAs\":[\"https:\/\/www.facebook.com\/KapitalisInfo\/\",\"https:\/\/x.com\/KapitalisInfo\",\"https:\/\/www.youtube.com\/channel\/UC-yDYrHyfFBWWZaOw3FPg9Q\"]},{\"@type\":\"Person\",\"@id\":\"https:\/\/kapitalis.com\/tunisie\/#\/schema\/person\/74bbde0154d49d790a92aaeac5bc01d5\",\"name\":\"Yusra NY\",\"url\":\"https:\/\/kapitalis.com\/tunisie\/author\/yuza_adam\/\"}]}<\/script>\n<!-- \/ Yoast SEO plugin. -->","yoast_head_json":{"title":"Violences sur enfants autistes : Les parents entendus \u00e0 l\u2019Assembl\u00e9e - Kapitalis","robots":{"index":"index","follow":"follow","max-snippet":"max-snippet:-1","max-image-preview":"max-image-preview:large","max-video-preview":"max-video-preview:-1"},"canonical":"https:\/\/kapitalis.com\/tunisie\/2018\/03\/19\/violences-sur-enfants-autistes-les-parents-entendus-a-lassemblee\/","og_locale":"fr_FR","og_type":"article","og_title":"Violences sur enfants autistes : Les parents entendus \u00e0 l\u2019Assembl\u00e9e - Kapitalis","og_description":"0 Les parents des enfants autistes violent\u00e9s au centre \u00ab\u00a0Les premiers pas qui comptent\u00a0\u00bb d&rsquo;El-Menzah 7 (Ariana), craignent que l\u2019affaire soit \u00e9touff\u00e9e.","og_url":"https:\/\/kapitalis.com\/tunisie\/2018\/03\/19\/violences-sur-enfants-autistes-les-parents-entendus-a-lassemblee\/","og_site_name":"Kapitalis","article_publisher":"https:\/\/www.facebook.com\/KapitalisInfo\/","article_published_time":"2018-03-19T12:14:53+00:00","og_image":[{"width":1200,"height":630,"url":"https:\/\/kapitalis.com\/tunisie\/wp-content\/uploads\/2022\/05\/kapitalis-logo-fb.png","type":"image\/png"}],"author":"Yusra NY","twitter_card":"summary_large_image","twitter_creator":"@KapitalisInfo","twitter_site":"@KapitalisInfo","twitter_misc":{"\u00c9crit par":"Yusra NY","Dur\u00e9e de lecture estim\u00e9e":"2 minutes"},"schema":{"@context":"https:\/\/schema.org","@graph":[{"@type":"Article","@id":"https:\/\/kapitalis.com\/tunisie\/2018\/03\/19\/violences-sur-enfants-autistes-les-parents-entendus-a-lassemblee\/#article","isPartOf":{"@id":"https:\/\/kapitalis.com\/tunisie\/2018\/03\/19\/violences-sur-enfants-autistes-les-parents-entendus-a-lassemblee\/"},"author":{"name":"Yusra NY","@id":"https:\/\/kapitalis.com\/tunisie\/#\/schema\/person\/74bbde0154d49d790a92aaeac5bc01d5"},"headline":"Violences sur enfants autistes : Les parents entendus \u00e0 l\u2019Assembl\u00e9e","datePublished":"2018-03-19T12:14:53+00:00","mainEntityOfPage":{"@id":"https:\/\/kapitalis.com\/tunisie\/2018\/03\/19\/violences-sur-enfants-autistes-les-parents-entendus-a-lassemblee\/"},"wordCount":385,"commentCount":1,"publisher":{"@id":"https:\/\/kapitalis.com\/tunisie\/#organization"},"image":{"@id":"https:\/\/kapitalis.com\/tunisie\/2018\/03\/19\/violences-sur-enfants-autistes-les-parents-entendus-a-lassemblee\/#primaryimage"},"thumbnailUrl":"","keywords":["Ariana","ARP","Assembl\u00e9e","enfants autistes","Menzah"],"articleSection":["SOCIETE","Tunisie"],"inLanguage":"fr-FR","potentialAction":[{"@type":"CommentAction","name":"Comment","target":["https:\/\/kapitalis.com\/tunisie\/2018\/03\/19\/violences-sur-enfants-autistes-les-parents-entendus-a-lassemblee\/#respond"]}]},{"@type":"WebPage","@id":"https:\/\/kapitalis.com\/tunisie\/2018\/03\/19\/violences-sur-enfants-autistes-les-parents-entendus-a-lassemblee\/","url":"https:\/\/kapitalis.com\/tunisie\/2018\/03\/19\/violences-sur-enfants-autistes-les-parents-entendus-a-lassemblee\/","name":"Violences sur enfants autistes : Les parents entendus \u00e0 l\u2019Assembl\u00e9e - Kapitalis","isPartOf":{"@id":"https:\/\/kapitalis.com\/tunisie\/#website"},"primaryImageOfPage":{"@id":"https:\/\/kapitalis.com\/tunisie\/2018\/03\/19\/violences-sur-enfants-autistes-les-parents-entendus-a-lassemblee\/#primaryimage"},"image":{"@id":"https:\/\/kapitalis.com\/tunisie\/2018\/03\/19\/violences-sur-enfants-autistes-les-parents-entendus-a-lassemblee\/#primaryimage"},"thumbnailUrl":"","datePublished":"2018-03-19T12:14:53+00:00","breadcrumb":{"@id":"https:\/\/kapitalis.com\/tunisie\/2018\/03\/19\/violences-sur-enfants-autistes-les-parents-entendus-a-lassemblee\/#breadcrumb"},"inLanguage":"fr-FR","potentialAction":[{"@type":"ReadAction","target":["https:\/\/kapitalis.com\/tunisie\/2018\/03\/19\/violences-sur-enfants-autistes-les-parents-entendus-a-lassemblee\/"]}]},{"@type":"ImageObject","inLanguage":"fr-FR","@id":"https:\/\/kapitalis.com\/tunisie\/2018\/03\/19\/violences-sur-enfants-autistes-les-parents-entendus-a-lassemblee\/#primaryimage","url":"","contentUrl":""},{"@type":"BreadcrumbList","@id":"https:\/\/kapitalis.com\/tunisie\/2018\/03\/19\/violences-sur-enfants-autistes-les-parents-entendus-a-lassemblee\/#breadcrumb","itemListElement":[{"@type":"ListItem","position":1,"name":"Accueil","item":"https:\/\/kapitalis.com\/tunisie\/"},{"@type":"ListItem","position":2,"name":"Violences sur enfants autistes : Les parents entendus \u00e0 l\u2019Assembl\u00e9e"}]},{"@type":"WebSite","@id":"https:\/\/kapitalis.com\/tunisie\/#website","url":"https:\/\/kapitalis.com\/tunisie\/","name":"Kapitalis","description":"L&#039;actualit\u00e9 en Tunisie et dans le monde","publisher":{"@id":"https:\/\/kapitalis.com\/tunisie\/#organization"},"potentialAction":[{"@type":"SearchAction","target":{"@type":"EntryPoint","urlTemplate":"https:\/\/kapitalis.com\/tunisie\/?s={search_term_string}"},"query-input":{"@type":"PropertyValueSpecification","valueRequired":true,"valueName":"search_term_string"}}],"inLanguage":"fr-FR"},{"@type":"Organization","@id":"https:\/\/kapitalis.com\/tunisie\/#organization","name":"Kapitalis","url":"https:\/\/kapitalis.com\/tunisie\/","logo":{"@type":"ImageObject","inLanguage":"fr-FR","@id":"https:\/\/kapitalis.com\/tunisie\/#\/schema\/logo\/image\/","url":"https:\/\/kapitalis.com\/tunisie\/wp-content\/uploads\/2022\/05\/Kapitalis-big-size.png","contentUrl":"https:\/\/kapitalis.com\/tunisie\/wp-content\/uploads\/2022\/05\/Kapitalis-big-size.png","width":5000,"height":1500,"caption":"Kapitalis"},"image":{"@id":"https:\/\/kapitalis.com\/tunisie\/#\/schema\/logo\/image\/"},"sameAs":["https:\/\/www.facebook.com\/KapitalisInfo\/","https:\/\/x.com\/KapitalisInfo","https:\/\/www.youtube.com\/channel\/UC-yDYrHyfFBWWZaOw3FPg9Q"]},{"@type":"Person","@id":"https:\/\/kapitalis.com\/tunisie\/#\/schema\/person\/74bbde0154d49d790a92aaeac5bc01d5","name":"Yusra NY","url":"https:\/\/kapitalis.com\/tunisie\/author\/yuza_adam\/"}]}},"_links":{"self":[{"href":"https:\/\/kapitalis.com\/tunisie\/wp-json\/wp\/v2\/posts\/144258","targetHints":{"allow":["GET"]}}],"collection":[{"href":"https:\/\/kapitalis.com\/tunisie\/wp-json\/wp\/v2\/posts"}],"about":[{"href":"https:\/\/kapitalis.com\/tunisie\/wp-json\/wp\/v2\/types\/post"}],"author":[{"embeddable":true,"href":"https:\/\/kapitalis.com\/tunisie\/wp-json\/wp\/v2\/users\/6"}],"replies":[{"embeddable":true,"href":"https:\/\/kapitalis.com\/tunisie\/wp-json\/wp\/v2\/comments?post=144258"}],"version-history":[{"count":0,"href":"https:\/\/kapitalis.com\/tunisie\/wp-json\/wp\/v2\/posts\/144258\/revisions"}],"wp:featuredmedia":[{"embeddable":true,"href":"https:\/\/kapitalis.com\/tunisie\/wp-json\/wp\/v2\/media\/144269"}],"wp:attachment":[{"href":"https:\/\/kapitalis.com\/tunisie\/wp-json\/wp\/v2\/media?parent=144258"}],"wp:term":[{"taxonomy":"category","embeddable":true,"href":"https:\/\/kapitalis.com\/tunisie\/wp-json\/wp\/v2\/categories?post=144258"},{"taxonomy":"post_tag","embeddable":true,"href":"https:\/\/kapitalis.com\/tunisie\/wp-json\/wp\/v2\/tags?post=144258"}],"curies":[{"name":"wp","href":"https:\/\/api.w.org\/{rel}","templated":true}]}}