{"id":144377,"date":"2018-03-19T18:40:05","date_gmt":"2018-03-19T17:40:05","guid":{"rendered":"http:\/\/kapitalis.com\/tunisie\/?p=144377"},"modified":"2018-03-19T18:40:05","modified_gmt":"2018-03-19T17:40:05","slug":"cybercriminalite-lancement-a-tunis-du-programme-cybersud-cooperation","status":"publish","type":"post","link":"https:\/\/kapitalis.com\/tunisie\/2018\/03\/19\/cybercriminalite-lancement-a-tunis-du-programme-cybersud-cooperation\/","title":{"rendered":"Cybercriminalit\u00e9 : Lancement \u00e0 Tunis du programme CyberSud-Cooperation"},"content":{"rendered":"<p style=\"text-align: center;\"><img loading=\"lazy\" decoding=\"async\" class=\"alignnone size-full wp-image-144378\" src=\"http:\/\/kapitalis.com\/tunisie\/wp-content\/uploads\/2018\/03\/Conference-CyberSouth-Tunis.jpg\" alt=\"\" width=\"626\" height=\"380\" \/><\/p>\n<p><em><strong>La conf\u00e9rence internationale \u00abLancement CyberSud-Cooperation en mati\u00e8re de lutte contre la cybercriminalit\u00e9 dans le voisinage sud\u00bb se tiendra le 21 mars 2018, \u00e0 l\u2019h\u00f4tel Ramada, \u00e0 Gammarth, nord de Tunis.<\/strong> <\/em><\/p>\n<p><!--more--><\/p>\n<p>La conf\u00e9rence, organis\u00e9e par le minist\u00e8re des Technologies de la communication et de l\u2019Economie num\u00e9rique et le Conseil de l\u2019Europe, se tiendra sur 3 jours, du 21 au 23 mars, et\u00a0sera l\u2019occasion d\u2019annoncer officiellement le lancement de CyberSud, un projet conjoint de l\u2019Union europ\u00e9enne (UE) et du Conseil de l\u2019Europe (CE) sur la coop\u00e9ration en mati\u00e8re de cybercriminalit\u00e9, a d\u00e9but\u00e9 le 1er juillet 2017 et qui est financ\u00e9 dans le cadre de l\u2019Instrument europ\u00e9en de voisinage (IEV).<\/p>\n<p>La journ\u00e9e sera inaugur\u00e9e par Mohamed Anouar Maarouf, ministre Technologies de communication et de l\u2019Economie num\u00e9rique, Hatem Ferjani, secr\u00e9taire d\u2019Etat aupr\u00e8s du ministre des Affaires \u00e9trang\u00e8res, en pr\u00e9sence de repr\u00e9sentants du minist\u00e8re de la Justice et de l\u2019Instance nationale de protection des donn\u00e9es personnelles.<\/p>\n<p>L\u2019UE sera repr\u00e9sent\u00e9e, quant \u00e0 elle, par Pascal Odul, security programmes manager, Alexander Seger, chef de division cybercriminalit\u00e9 au CE, et William Massolin, chef du bureau du CE \u00e0 Tunis, qui interviendront \u00e0 l\u2019ouverture de la conf\u00e9rence.<\/p>\n<p>L&rsquo;objectif sp\u00e9cifique du projet est de renforcer la l\u00e9gislation et les capacit\u00e9s institutionnelles en mati\u00e8re de cybercriminalit\u00e9 et de preuve \u00e9lectronique dans la r\u00e9gion du voisinage sud de l\u2019UE, conform\u00e9ment aux exigences relatives aux droits de l\u2019Homme et \u00e0 l\u2019Etat de droit.<\/p>\n<p>Les premiers pays prioritaires sont l\u2019Alg\u00e9rie, la Jordanie, le Liban, le Maroc et la Tunisie.<\/p>\n<p>Le projet a une dur\u00e9e de 3 ans, un budget de 3,35 millions d\u2019euros et est mis en \u0153uvre par le CE.<\/p>\n<p style=\"text-align: right;\"><strong>I. B.<\/strong><\/p>\n","protected":false},"excerpt":{"rendered":"<p>La conf\u00e9rence internationale \u00abLancement CyberSud-Cooperation en mati\u00e8re de lutte contre la cybercriminalit\u00e9 dans le voisinage sud\u00bb se tiendra le 21 mars 2018, \u00e0 l\u2019h\u00f4tel Ramada, \u00e0 Gammarth, nord de Tunis.<\/p>\n","protected":false},"author":8,"featured_media":144378,"comment_status":"open","ping_status":"open","sticky":false,"template":"","format":"standard","meta":{"footnotes":""},"categories":[995,2433],"tags":[1421,36919,23256,937],"class_list":["post-144377","post","type-post","status-publish","format-standard","has-post-thumbnail","hentry","category-economie","category-tunisie","tag-conseil-de-leurope","tag-hatem-ferjani","tag-mohamed-anouar-maarouf","tag-union-europeenne"],"yoast_head":"<!-- This site is optimized with the Yoast SEO plugin v26.6 - https:\/\/yoast.com\/wordpress\/plugins\/seo\/ -->\n<title>Cybercriminalit\u00e9 : Lancement \u00e0 Tunis du programme CyberSud-Cooperation - Kapitalis<\/title>\n<meta name=\"robots\" content=\"index, follow, max-snippet:-1, max-image-preview:large, max-video-preview:-1\" \/>\n<link rel=\"canonical\" href=\"https:\/\/kapitalis.com\/tunisie\/2018\/03\/19\/cybercriminalite-lancement-a-tunis-du-programme-cybersud-cooperation\/\" \/>\n<meta property=\"og:locale\" content=\"fr_FR\" \/>\n<meta property=\"og:type\" content=\"article\" \/>\n<meta property=\"og:title\" content=\"Cybercriminalit\u00e9 : Lancement \u00e0 Tunis du programme CyberSud-Cooperation - Kapitalis\" \/>\n<meta property=\"og:description\" content=\"La conf\u00e9rence internationale \u00abLancement CyberSud-Cooperation en mati\u00e8re de lutte contre la cybercriminalit\u00e9 dans le voisinage sud\u00bb se tiendra le 21 mars 2018, \u00e0 l\u2019h\u00f4tel Ramada, \u00e0 Gammarth, nord de Tunis.\" \/>\n<meta property=\"og:url\" content=\"https:\/\/kapitalis.com\/tunisie\/2018\/03\/19\/cybercriminalite-lancement-a-tunis-du-programme-cybersud-cooperation\/\" \/>\n<meta property=\"og:site_name\" content=\"Kapitalis\" \/>\n<meta property=\"article:publisher\" content=\"https:\/\/www.facebook.com\/KapitalisInfo\/\" \/>\n<meta property=\"article:published_time\" content=\"2018-03-19T17:40:05+00:00\" \/>\n<meta property=\"og:image\" content=\"https:\/\/kapitalis.com\/tunisie\/wp-content\/uploads\/2022\/05\/kapitalis-logo-fb.png\" \/>\n\t<meta property=\"og:image:width\" content=\"1200\" \/>\n\t<meta property=\"og:image:height\" content=\"630\" \/>\n\t<meta property=\"og:image:type\" content=\"image\/png\" \/>\n<meta name=\"author\" content=\"webmaster kapitalis\" \/>\n<meta name=\"twitter:card\" content=\"summary_large_image\" \/>\n<meta name=\"twitter:creator\" content=\"@KapitalisInfo\" \/>\n<meta name=\"twitter:site\" content=\"@KapitalisInfo\" \/>\n<meta name=\"twitter:label1\" content=\"\u00c9crit par\" \/>\n\t<meta name=\"twitter:data1\" content=\"webmaster kapitalis\" \/>\n\t<meta name=\"twitter:label2\" content=\"Dur\u00e9e de lecture estim\u00e9e\" \/>\n\t<meta name=\"twitter:data2\" content=\"2 minutes\" \/>\n<script type=\"application\/ld+json\" class=\"yoast-schema-graph\">{\"@context\":\"https:\/\/schema.org\",\"@graph\":[{\"@type\":\"Article\",\"@id\":\"https:\/\/kapitalis.com\/tunisie\/2018\/03\/19\/cybercriminalite-lancement-a-tunis-du-programme-cybersud-cooperation\/#article\",\"isPartOf\":{\"@id\":\"https:\/\/kapitalis.com\/tunisie\/2018\/03\/19\/cybercriminalite-lancement-a-tunis-du-programme-cybersud-cooperation\/\"},\"author\":{\"name\":\"webmaster kapitalis\",\"@id\":\"https:\/\/kapitalis.com\/tunisie\/#\/schema\/person\/d71f33a9ca44f7bad4698210b480c8e9\"},\"headline\":\"Cybercriminalit\u00e9 : Lancement \u00e0 Tunis du programme CyberSud-Cooperation\",\"datePublished\":\"2018-03-19T17:40:05+00:00\",\"mainEntityOfPage\":{\"@id\":\"https:\/\/kapitalis.com\/tunisie\/2018\/03\/19\/cybercriminalite-lancement-a-tunis-du-programme-cybersud-cooperation\/\"},\"wordCount\":313,\"commentCount\":0,\"publisher\":{\"@id\":\"https:\/\/kapitalis.com\/tunisie\/#organization\"},\"image\":{\"@id\":\"https:\/\/kapitalis.com\/tunisie\/2018\/03\/19\/cybercriminalite-lancement-a-tunis-du-programme-cybersud-cooperation\/#primaryimage\"},\"thumbnailUrl\":\"\",\"keywords\":[\"Conseil de l'Europe\",\"Hatem Ferjani\",\"Mohamed Anouar Maarouf\",\"Union europ\u00e9enne\"],\"articleSection\":[\"ECONOMIE\",\"Tunisie\"],\"inLanguage\":\"fr-FR\",\"potentialAction\":[{\"@type\":\"CommentAction\",\"name\":\"Comment\",\"target\":[\"https:\/\/kapitalis.com\/tunisie\/2018\/03\/19\/cybercriminalite-lancement-a-tunis-du-programme-cybersud-cooperation\/#respond\"]}]},{\"@type\":\"WebPage\",\"@id\":\"https:\/\/kapitalis.com\/tunisie\/2018\/03\/19\/cybercriminalite-lancement-a-tunis-du-programme-cybersud-cooperation\/\",\"url\":\"https:\/\/kapitalis.com\/tunisie\/2018\/03\/19\/cybercriminalite-lancement-a-tunis-du-programme-cybersud-cooperation\/\",\"name\":\"Cybercriminalit\u00e9 : Lancement \u00e0 Tunis du programme CyberSud-Cooperation - Kapitalis\",\"isPartOf\":{\"@id\":\"https:\/\/kapitalis.com\/tunisie\/#website\"},\"primaryImageOfPage\":{\"@id\":\"https:\/\/kapitalis.com\/tunisie\/2018\/03\/19\/cybercriminalite-lancement-a-tunis-du-programme-cybersud-cooperation\/#primaryimage\"},\"image\":{\"@id\":\"https:\/\/kapitalis.com\/tunisie\/2018\/03\/19\/cybercriminalite-lancement-a-tunis-du-programme-cybersud-cooperation\/#primaryimage\"},\"thumbnailUrl\":\"\",\"datePublished\":\"2018-03-19T17:40:05+00:00\",\"breadcrumb\":{\"@id\":\"https:\/\/kapitalis.com\/tunisie\/2018\/03\/19\/cybercriminalite-lancement-a-tunis-du-programme-cybersud-cooperation\/#breadcrumb\"},\"inLanguage\":\"fr-FR\",\"potentialAction\":[{\"@type\":\"ReadAction\",\"target\":[\"https:\/\/kapitalis.com\/tunisie\/2018\/03\/19\/cybercriminalite-lancement-a-tunis-du-programme-cybersud-cooperation\/\"]}]},{\"@type\":\"ImageObject\",\"inLanguage\":\"fr-FR\",\"@id\":\"https:\/\/kapitalis.com\/tunisie\/2018\/03\/19\/cybercriminalite-lancement-a-tunis-du-programme-cybersud-cooperation\/#primaryimage\",\"url\":\"\",\"contentUrl\":\"\"},{\"@type\":\"BreadcrumbList\",\"@id\":\"https:\/\/kapitalis.com\/tunisie\/2018\/03\/19\/cybercriminalite-lancement-a-tunis-du-programme-cybersud-cooperation\/#breadcrumb\",\"itemListElement\":[{\"@type\":\"ListItem\",\"position\":1,\"name\":\"Accueil\",\"item\":\"https:\/\/kapitalis.com\/tunisie\/\"},{\"@type\":\"ListItem\",\"position\":2,\"name\":\"Cybercriminalit\u00e9 : Lancement \u00e0 Tunis du programme CyberSud-Cooperation\"}]},{\"@type\":\"WebSite\",\"@id\":\"https:\/\/kapitalis.com\/tunisie\/#website\",\"url\":\"https:\/\/kapitalis.com\/tunisie\/\",\"name\":\"Kapitalis\",\"description\":\"L&#039;actualit\u00e9 en Tunisie et dans le monde\",\"publisher\":{\"@id\":\"https:\/\/kapitalis.com\/tunisie\/#organization\"},\"potentialAction\":[{\"@type\":\"SearchAction\",\"target\":{\"@type\":\"EntryPoint\",\"urlTemplate\":\"https:\/\/kapitalis.com\/tunisie\/?s={search_term_string}\"},\"query-input\":{\"@type\":\"PropertyValueSpecification\",\"valueRequired\":true,\"valueName\":\"search_term_string\"}}],\"inLanguage\":\"fr-FR\"},{\"@type\":\"Organization\",\"@id\":\"https:\/\/kapitalis.com\/tunisie\/#organization\",\"name\":\"Kapitalis\",\"url\":\"https:\/\/kapitalis.com\/tunisie\/\",\"logo\":{\"@type\":\"ImageObject\",\"inLanguage\":\"fr-FR\",\"@id\":\"https:\/\/kapitalis.com\/tunisie\/#\/schema\/logo\/image\/\",\"url\":\"https:\/\/kapitalis.com\/tunisie\/wp-content\/uploads\/2022\/05\/Kapitalis-big-size.png\",\"contentUrl\":\"https:\/\/kapitalis.com\/tunisie\/wp-content\/uploads\/2022\/05\/Kapitalis-big-size.png\",\"width\":5000,\"height\":1500,\"caption\":\"Kapitalis\"},\"image\":{\"@id\":\"https:\/\/kapitalis.com\/tunisie\/#\/schema\/logo\/image\/\"},\"sameAs\":[\"https:\/\/www.facebook.com\/KapitalisInfo\/\",\"https:\/\/x.com\/KapitalisInfo\",\"https:\/\/www.youtube.com\/channel\/UC-yDYrHyfFBWWZaOw3FPg9Q\"]},{\"@type\":\"Person\",\"@id\":\"https:\/\/kapitalis.com\/tunisie\/#\/schema\/person\/d71f33a9ca44f7bad4698210b480c8e9\",\"name\":\"webmaster kapitalis\",\"url\":\"https:\/\/kapitalis.com\/tunisie\/author\/webmaster-kapitalis\/\"}]}<\/script>\n<!-- \/ Yoast SEO plugin. -->","yoast_head_json":{"title":"Cybercriminalit\u00e9 : Lancement \u00e0 Tunis du programme CyberSud-Cooperation - Kapitalis","robots":{"index":"index","follow":"follow","max-snippet":"max-snippet:-1","max-image-preview":"max-image-preview:large","max-video-preview":"max-video-preview:-1"},"canonical":"https:\/\/kapitalis.com\/tunisie\/2018\/03\/19\/cybercriminalite-lancement-a-tunis-du-programme-cybersud-cooperation\/","og_locale":"fr_FR","og_type":"article","og_title":"Cybercriminalit\u00e9 : Lancement \u00e0 Tunis du programme CyberSud-Cooperation - Kapitalis","og_description":"La conf\u00e9rence internationale \u00abLancement CyberSud-Cooperation en mati\u00e8re de lutte contre la cybercriminalit\u00e9 dans le voisinage sud\u00bb se tiendra le 21 mars 2018, \u00e0 l\u2019h\u00f4tel Ramada, \u00e0 Gammarth, nord de Tunis.","og_url":"https:\/\/kapitalis.com\/tunisie\/2018\/03\/19\/cybercriminalite-lancement-a-tunis-du-programme-cybersud-cooperation\/","og_site_name":"Kapitalis","article_publisher":"https:\/\/www.facebook.com\/KapitalisInfo\/","article_published_time":"2018-03-19T17:40:05+00:00","og_image":[{"width":1200,"height":630,"url":"https:\/\/kapitalis.com\/tunisie\/wp-content\/uploads\/2022\/05\/kapitalis-logo-fb.png","type":"image\/png"}],"author":"webmaster kapitalis","twitter_card":"summary_large_image","twitter_creator":"@KapitalisInfo","twitter_site":"@KapitalisInfo","twitter_misc":{"\u00c9crit par":"webmaster kapitalis","Dur\u00e9e de lecture estim\u00e9e":"2 minutes"},"schema":{"@context":"https:\/\/schema.org","@graph":[{"@type":"Article","@id":"https:\/\/kapitalis.com\/tunisie\/2018\/03\/19\/cybercriminalite-lancement-a-tunis-du-programme-cybersud-cooperation\/#article","isPartOf":{"@id":"https:\/\/kapitalis.com\/tunisie\/2018\/03\/19\/cybercriminalite-lancement-a-tunis-du-programme-cybersud-cooperation\/"},"author":{"name":"webmaster kapitalis","@id":"https:\/\/kapitalis.com\/tunisie\/#\/schema\/person\/d71f33a9ca44f7bad4698210b480c8e9"},"headline":"Cybercriminalit\u00e9 : Lancement \u00e0 Tunis du programme CyberSud-Cooperation","datePublished":"2018-03-19T17:40:05+00:00","mainEntityOfPage":{"@id":"https:\/\/kapitalis.com\/tunisie\/2018\/03\/19\/cybercriminalite-lancement-a-tunis-du-programme-cybersud-cooperation\/"},"wordCount":313,"commentCount":0,"publisher":{"@id":"https:\/\/kapitalis.com\/tunisie\/#organization"},"image":{"@id":"https:\/\/kapitalis.com\/tunisie\/2018\/03\/19\/cybercriminalite-lancement-a-tunis-du-programme-cybersud-cooperation\/#primaryimage"},"thumbnailUrl":"","keywords":["Conseil de l'Europe","Hatem Ferjani","Mohamed Anouar Maarouf","Union europ\u00e9enne"],"articleSection":["ECONOMIE","Tunisie"],"inLanguage":"fr-FR","potentialAction":[{"@type":"CommentAction","name":"Comment","target":["https:\/\/kapitalis.com\/tunisie\/2018\/03\/19\/cybercriminalite-lancement-a-tunis-du-programme-cybersud-cooperation\/#respond"]}]},{"@type":"WebPage","@id":"https:\/\/kapitalis.com\/tunisie\/2018\/03\/19\/cybercriminalite-lancement-a-tunis-du-programme-cybersud-cooperation\/","url":"https:\/\/kapitalis.com\/tunisie\/2018\/03\/19\/cybercriminalite-lancement-a-tunis-du-programme-cybersud-cooperation\/","name":"Cybercriminalit\u00e9 : Lancement \u00e0 Tunis du programme CyberSud-Cooperation - Kapitalis","isPartOf":{"@id":"https:\/\/kapitalis.com\/tunisie\/#website"},"primaryImageOfPage":{"@id":"https:\/\/kapitalis.com\/tunisie\/2018\/03\/19\/cybercriminalite-lancement-a-tunis-du-programme-cybersud-cooperation\/#primaryimage"},"image":{"@id":"https:\/\/kapitalis.com\/tunisie\/2018\/03\/19\/cybercriminalite-lancement-a-tunis-du-programme-cybersud-cooperation\/#primaryimage"},"thumbnailUrl":"","datePublished":"2018-03-19T17:40:05+00:00","breadcrumb":{"@id":"https:\/\/kapitalis.com\/tunisie\/2018\/03\/19\/cybercriminalite-lancement-a-tunis-du-programme-cybersud-cooperation\/#breadcrumb"},"inLanguage":"fr-FR","potentialAction":[{"@type":"ReadAction","target":["https:\/\/kapitalis.com\/tunisie\/2018\/03\/19\/cybercriminalite-lancement-a-tunis-du-programme-cybersud-cooperation\/"]}]},{"@type":"ImageObject","inLanguage":"fr-FR","@id":"https:\/\/kapitalis.com\/tunisie\/2018\/03\/19\/cybercriminalite-lancement-a-tunis-du-programme-cybersud-cooperation\/#primaryimage","url":"","contentUrl":""},{"@type":"BreadcrumbList","@id":"https:\/\/kapitalis.com\/tunisie\/2018\/03\/19\/cybercriminalite-lancement-a-tunis-du-programme-cybersud-cooperation\/#breadcrumb","itemListElement":[{"@type":"ListItem","position":1,"name":"Accueil","item":"https:\/\/kapitalis.com\/tunisie\/"},{"@type":"ListItem","position":2,"name":"Cybercriminalit\u00e9 : Lancement \u00e0 Tunis du programme CyberSud-Cooperation"}]},{"@type":"WebSite","@id":"https:\/\/kapitalis.com\/tunisie\/#website","url":"https:\/\/kapitalis.com\/tunisie\/","name":"Kapitalis","description":"L&#039;actualit\u00e9 en Tunisie et dans le monde","publisher":{"@id":"https:\/\/kapitalis.com\/tunisie\/#organization"},"potentialAction":[{"@type":"SearchAction","target":{"@type":"EntryPoint","urlTemplate":"https:\/\/kapitalis.com\/tunisie\/?s={search_term_string}"},"query-input":{"@type":"PropertyValueSpecification","valueRequired":true,"valueName":"search_term_string"}}],"inLanguage":"fr-FR"},{"@type":"Organization","@id":"https:\/\/kapitalis.com\/tunisie\/#organization","name":"Kapitalis","url":"https:\/\/kapitalis.com\/tunisie\/","logo":{"@type":"ImageObject","inLanguage":"fr-FR","@id":"https:\/\/kapitalis.com\/tunisie\/#\/schema\/logo\/image\/","url":"https:\/\/kapitalis.com\/tunisie\/wp-content\/uploads\/2022\/05\/Kapitalis-big-size.png","contentUrl":"https:\/\/kapitalis.com\/tunisie\/wp-content\/uploads\/2022\/05\/Kapitalis-big-size.png","width":5000,"height":1500,"caption":"Kapitalis"},"image":{"@id":"https:\/\/kapitalis.com\/tunisie\/#\/schema\/logo\/image\/"},"sameAs":["https:\/\/www.facebook.com\/KapitalisInfo\/","https:\/\/x.com\/KapitalisInfo","https:\/\/www.youtube.com\/channel\/UC-yDYrHyfFBWWZaOw3FPg9Q"]},{"@type":"Person","@id":"https:\/\/kapitalis.com\/tunisie\/#\/schema\/person\/d71f33a9ca44f7bad4698210b480c8e9","name":"webmaster kapitalis","url":"https:\/\/kapitalis.com\/tunisie\/author\/webmaster-kapitalis\/"}]}},"_links":{"self":[{"href":"https:\/\/kapitalis.com\/tunisie\/wp-json\/wp\/v2\/posts\/144377","targetHints":{"allow":["GET"]}}],"collection":[{"href":"https:\/\/kapitalis.com\/tunisie\/wp-json\/wp\/v2\/posts"}],"about":[{"href":"https:\/\/kapitalis.com\/tunisie\/wp-json\/wp\/v2\/types\/post"}],"author":[{"embeddable":true,"href":"https:\/\/kapitalis.com\/tunisie\/wp-json\/wp\/v2\/users\/8"}],"replies":[{"embeddable":true,"href":"https:\/\/kapitalis.com\/tunisie\/wp-json\/wp\/v2\/comments?post=144377"}],"version-history":[{"count":0,"href":"https:\/\/kapitalis.com\/tunisie\/wp-json\/wp\/v2\/posts\/144377\/revisions"}],"wp:featuredmedia":[{"embeddable":true,"href":"https:\/\/kapitalis.com\/tunisie\/wp-json\/wp\/v2\/media\/144378"}],"wp:attachment":[{"href":"https:\/\/kapitalis.com\/tunisie\/wp-json\/wp\/v2\/media?parent=144377"}],"wp:term":[{"taxonomy":"category","embeddable":true,"href":"https:\/\/kapitalis.com\/tunisie\/wp-json\/wp\/v2\/categories?post=144377"},{"taxonomy":"post_tag","embeddable":true,"href":"https:\/\/kapitalis.com\/tunisie\/wp-json\/wp\/v2\/tags?post=144377"}],"curies":[{"name":"wp","href":"https:\/\/api.w.org\/{rel}","templated":true}]}}