{"id":144416,"date":"2018-03-20T09:30:39","date_gmt":"2018-03-20T08:30:39","guid":{"rendered":"http:\/\/kapitalis.com\/tunisie\/?p=144416"},"modified":"2018-03-20T09:30:39","modified_gmt":"2018-03-20T08:30:39","slug":"fakhreddine-ben-youssef-restera-avec-al-ittifaq-jusquen-2020","status":"publish","type":"post","link":"https:\/\/kapitalis.com\/tunisie\/2018\/03\/20\/fakhreddine-ben-youssef-restera-avec-al-ittifaq-jusquen-2020\/","title":{"rendered":"Fakhreddine Ben Youssef restera avec Al-Ittifaq jusqu\u2019en 2020"},"content":{"rendered":"<p style=\"text-align: center;\"><img loading=\"lazy\" decoding=\"async\" class=\"alignnone size-full wp-image-144418\" src=\"http:\/\/kapitalis.com\/tunisie\/wp-content\/uploads\/2018\/03\/Fakhreddine-Ben-Youssef.jpg\" alt=\"\" width=\"626\" height=\"380\" \/><\/p>\n<p><em><strong>La direction d\u2019Al-Ettifaq devrait annoncer bient\u00f4t la prolongation de l\u2019attaquant international tunisien Fakhreddine Ben Youssef.<\/strong><\/em><\/p>\n<p><!--more--><\/p>\n<p>Selon le journal saoudien sp\u00e9cialis\u00e9 <em>\u2018\u2018Al Riadhia\u2019\u2019<\/em>, citant une source officielle du club saoudien, cette annonce aura lieu apr\u00e8s la participation de l\u2019international tunisien, avec l\u2019\u00e9quipe de Tunisie, aux deux matches amicaux de pr\u00e9paration \u00e0 la Coupe du monde 2018 contre l\u2019Iran le 23 mars 2018 au stade de Rad\u00e8s et le 27 mars contre le Costra Rica \u00e0 Nice en France.<\/p>\n<p>La direction d\u2019Al-Ettifaq a indiqu\u00e9 que les pourparlers avec Fakhreddine Ben Youssef ont atteint une \u00e9tape avanc\u00e9e et que l\u2019accord portera sur une prolongation jusqu\u2019en 2020.<\/p>\n<p>Les dirigeants avaient d\u2019abord laiss\u00e9 au nouvel entra\u00eeneur le soin de choisir l\u2019effectif pour la prochaine saison. Seulement, ils ont acc\u00e9l\u00e9r\u00e9 les n\u00e9gociations de renouvellement pour garder leur joueur qui est convoit\u00e9 par d\u2019autres clubs saoudiens et qataris.<\/p>\n<p>L\u2019attaquant international tunisien (26 ans) \u00e9tait dans le viseur du <a href=\"http:\/\/kapitalis.com\/tunisie\/2017\/12\/30\/esperance-fakhreddine-ben-youssef-tres-convoite-europe\/\">FC Nantes, du SM Caen, de Toulouse FC ou encore du Sporting Lisbonne<\/a>. Il avait l\u2019embarras du choix mais il a pr\u00e9f\u00e9r\u00e9 signer avec Al-Ettifaq un contrat de six mois.<\/p>\n<p style=\"text-align: right;\"><strong>H. M.<\/strong><\/p>\n<blockquote class=\"wp-embedded-content\" data-secret=\"WwTdOM53PJ\"><p><a href=\"https:\/\/kapitalis.com\/tunisie\/2018\/01\/28\/football-fakhreddine-ben-youssef-quitte-lesperance-al-ittifak\/\">Football : Fakhreddine Ben Youssef quitte l\u2019Esp\u00e9rance pour Al Ittifak<\/a><\/p><\/blockquote>\n<p><iframe loading=\"lazy\" class=\"wp-embedded-content\" sandbox=\"allow-scripts\" security=\"restricted\" style=\"position: absolute; clip: rect(1px, 1px, 1px, 1px);\" title=\"\u00ab\u00a0Football : Fakhreddine Ben Youssef quitte l\u2019Esp\u00e9rance pour Al Ittifak\u00a0\u00bb &#8212; Kapitalis\" src=\"https:\/\/kapitalis.com\/tunisie\/2018\/01\/28\/football-fakhreddine-ben-youssef-quitte-lesperance-al-ittifak\/embed\/#?secret=lfs3oe199e#?secret=WwTdOM53PJ\" data-secret=\"WwTdOM53PJ\" width=\"600\" height=\"338\" frameborder=\"0\" marginwidth=\"0\" marginheight=\"0\" scrolling=\"no\"><\/iframe><\/p>\n","protected":false},"excerpt":{"rendered":"<p>La direction d\u2019Al-Ettifaq devrait annoncer bient\u00f4t la prolongation de l\u2019attaquant international tunisien Fakhreddine Ben Youssef.<\/p>\n","protected":false},"author":8,"featured_media":144418,"comment_status":"open","ping_status":"open","sticky":false,"template":"","format":"standard","meta":{"footnotes":""},"categories":[999,2433],"tags":[33965,3190],"class_list":["post-144416","post","type-post","status-publish","format-standard","has-post-thumbnail","hentry","category-sport","category-tunisie","tag-equipe-de-tunisie","tag-fakhreddine-ben-youssef"],"yoast_head":"<!-- This site is optimized with the Yoast SEO plugin v26.6 - https:\/\/yoast.com\/wordpress\/plugins\/seo\/ -->\n<title>Fakhreddine Ben Youssef restera avec Al-Ittifaq jusqu\u2019en 2020 - Kapitalis<\/title>\n<meta name=\"robots\" content=\"index, follow, max-snippet:-1, max-image-preview:large, max-video-preview:-1\" \/>\n<link rel=\"canonical\" href=\"https:\/\/kapitalis.com\/tunisie\/2018\/03\/20\/fakhreddine-ben-youssef-restera-avec-al-ittifaq-jusquen-2020\/\" \/>\n<meta property=\"og:locale\" content=\"fr_FR\" \/>\n<meta property=\"og:type\" content=\"article\" \/>\n<meta property=\"og:title\" content=\"Fakhreddine Ben Youssef restera avec Al-Ittifaq jusqu\u2019en 2020 - Kapitalis\" \/>\n<meta property=\"og:description\" content=\"La direction d\u2019Al-Ettifaq devrait annoncer bient\u00f4t la prolongation de l\u2019attaquant international tunisien Fakhreddine Ben Youssef.\" \/>\n<meta property=\"og:url\" content=\"https:\/\/kapitalis.com\/tunisie\/2018\/03\/20\/fakhreddine-ben-youssef-restera-avec-al-ittifaq-jusquen-2020\/\" \/>\n<meta property=\"og:site_name\" content=\"Kapitalis\" \/>\n<meta property=\"article:publisher\" content=\"https:\/\/www.facebook.com\/KapitalisInfo\/\" \/>\n<meta property=\"article:published_time\" content=\"2018-03-20T08:30:39+00:00\" \/>\n<meta property=\"og:image\" content=\"https:\/\/kapitalis.com\/tunisie\/wp-content\/uploads\/2022\/05\/kapitalis-logo-fb.png\" \/>\n\t<meta property=\"og:image:width\" content=\"1200\" \/>\n\t<meta property=\"og:image:height\" content=\"630\" \/>\n\t<meta property=\"og:image:type\" content=\"image\/png\" \/>\n<meta name=\"author\" content=\"webmaster kapitalis\" \/>\n<meta name=\"twitter:card\" content=\"summary_large_image\" \/>\n<meta name=\"twitter:creator\" content=\"@KapitalisInfo\" \/>\n<meta name=\"twitter:site\" content=\"@KapitalisInfo\" \/>\n<meta name=\"twitter:label1\" content=\"\u00c9crit par\" \/>\n\t<meta name=\"twitter:data1\" content=\"webmaster kapitalis\" \/>\n\t<meta name=\"twitter:label2\" content=\"Dur\u00e9e de lecture estim\u00e9e\" \/>\n\t<meta name=\"twitter:data2\" content=\"1 minute\" \/>\n<script type=\"application\/ld+json\" class=\"yoast-schema-graph\">{\"@context\":\"https:\/\/schema.org\",\"@graph\":[{\"@type\":\"Article\",\"@id\":\"https:\/\/kapitalis.com\/tunisie\/2018\/03\/20\/fakhreddine-ben-youssef-restera-avec-al-ittifaq-jusquen-2020\/#article\",\"isPartOf\":{\"@id\":\"https:\/\/kapitalis.com\/tunisie\/2018\/03\/20\/fakhreddine-ben-youssef-restera-avec-al-ittifaq-jusquen-2020\/\"},\"author\":{\"name\":\"webmaster kapitalis\",\"@id\":\"https:\/\/kapitalis.com\/tunisie\/#\/schema\/person\/d71f33a9ca44f7bad4698210b480c8e9\"},\"headline\":\"Fakhreddine Ben Youssef restera avec Al-Ittifaq jusqu\u2019en 2020\",\"datePublished\":\"2018-03-20T08:30:39+00:00\",\"mainEntityOfPage\":{\"@id\":\"https:\/\/kapitalis.com\/tunisie\/2018\/03\/20\/fakhreddine-ben-youssef-restera-avec-al-ittifaq-jusquen-2020\/\"},\"wordCount\":213,\"commentCount\":0,\"publisher\":{\"@id\":\"https:\/\/kapitalis.com\/tunisie\/#organization\"},\"image\":{\"@id\":\"https:\/\/kapitalis.com\/tunisie\/2018\/03\/20\/fakhreddine-ben-youssef-restera-avec-al-ittifaq-jusquen-2020\/#primaryimage\"},\"thumbnailUrl\":\"\",\"keywords\":[\"\u00e9quipe de Tunisie\",\"Fakhreddine Ben Youssef\"],\"articleSection\":[\"SPORT\",\"Tunisie\"],\"inLanguage\":\"fr-FR\",\"potentialAction\":[{\"@type\":\"CommentAction\",\"name\":\"Comment\",\"target\":[\"https:\/\/kapitalis.com\/tunisie\/2018\/03\/20\/fakhreddine-ben-youssef-restera-avec-al-ittifaq-jusquen-2020\/#respond\"]}]},{\"@type\":\"WebPage\",\"@id\":\"https:\/\/kapitalis.com\/tunisie\/2018\/03\/20\/fakhreddine-ben-youssef-restera-avec-al-ittifaq-jusquen-2020\/\",\"url\":\"https:\/\/kapitalis.com\/tunisie\/2018\/03\/20\/fakhreddine-ben-youssef-restera-avec-al-ittifaq-jusquen-2020\/\",\"name\":\"Fakhreddine Ben Youssef restera avec Al-Ittifaq jusqu\u2019en 2020 - Kapitalis\",\"isPartOf\":{\"@id\":\"https:\/\/kapitalis.com\/tunisie\/#website\"},\"primaryImageOfPage\":{\"@id\":\"https:\/\/kapitalis.com\/tunisie\/2018\/03\/20\/fakhreddine-ben-youssef-restera-avec-al-ittifaq-jusquen-2020\/#primaryimage\"},\"image\":{\"@id\":\"https:\/\/kapitalis.com\/tunisie\/2018\/03\/20\/fakhreddine-ben-youssef-restera-avec-al-ittifaq-jusquen-2020\/#primaryimage\"},\"thumbnailUrl\":\"\",\"datePublished\":\"2018-03-20T08:30:39+00:00\",\"breadcrumb\":{\"@id\":\"https:\/\/kapitalis.com\/tunisie\/2018\/03\/20\/fakhreddine-ben-youssef-restera-avec-al-ittifaq-jusquen-2020\/#breadcrumb\"},\"inLanguage\":\"fr-FR\",\"potentialAction\":[{\"@type\":\"ReadAction\",\"target\":[\"https:\/\/kapitalis.com\/tunisie\/2018\/03\/20\/fakhreddine-ben-youssef-restera-avec-al-ittifaq-jusquen-2020\/\"]}]},{\"@type\":\"ImageObject\",\"inLanguage\":\"fr-FR\",\"@id\":\"https:\/\/kapitalis.com\/tunisie\/2018\/03\/20\/fakhreddine-ben-youssef-restera-avec-al-ittifaq-jusquen-2020\/#primaryimage\",\"url\":\"\",\"contentUrl\":\"\"},{\"@type\":\"BreadcrumbList\",\"@id\":\"https:\/\/kapitalis.com\/tunisie\/2018\/03\/20\/fakhreddine-ben-youssef-restera-avec-al-ittifaq-jusquen-2020\/#breadcrumb\",\"itemListElement\":[{\"@type\":\"ListItem\",\"position\":1,\"name\":\"Accueil\",\"item\":\"https:\/\/kapitalis.com\/tunisie\/\"},{\"@type\":\"ListItem\",\"position\":2,\"name\":\"Fakhreddine Ben Youssef restera avec Al-Ittifaq jusqu\u2019en 2020\"}]},{\"@type\":\"WebSite\",\"@id\":\"https:\/\/kapitalis.com\/tunisie\/#website\",\"url\":\"https:\/\/kapitalis.com\/tunisie\/\",\"name\":\"Kapitalis\",\"description\":\"L&#039;actualit\u00e9 en Tunisie et dans le monde\",\"publisher\":{\"@id\":\"https:\/\/kapitalis.com\/tunisie\/#organization\"},\"potentialAction\":[{\"@type\":\"SearchAction\",\"target\":{\"@type\":\"EntryPoint\",\"urlTemplate\":\"https:\/\/kapitalis.com\/tunisie\/?s={search_term_string}\"},\"query-input\":{\"@type\":\"PropertyValueSpecification\",\"valueRequired\":true,\"valueName\":\"search_term_string\"}}],\"inLanguage\":\"fr-FR\"},{\"@type\":\"Organization\",\"@id\":\"https:\/\/kapitalis.com\/tunisie\/#organization\",\"name\":\"Kapitalis\",\"url\":\"https:\/\/kapitalis.com\/tunisie\/\",\"logo\":{\"@type\":\"ImageObject\",\"inLanguage\":\"fr-FR\",\"@id\":\"https:\/\/kapitalis.com\/tunisie\/#\/schema\/logo\/image\/\",\"url\":\"https:\/\/kapitalis.com\/tunisie\/wp-content\/uploads\/2022\/05\/Kapitalis-big-size.png\",\"contentUrl\":\"https:\/\/kapitalis.com\/tunisie\/wp-content\/uploads\/2022\/05\/Kapitalis-big-size.png\",\"width\":5000,\"height\":1500,\"caption\":\"Kapitalis\"},\"image\":{\"@id\":\"https:\/\/kapitalis.com\/tunisie\/#\/schema\/logo\/image\/\"},\"sameAs\":[\"https:\/\/www.facebook.com\/KapitalisInfo\/\",\"https:\/\/x.com\/KapitalisInfo\",\"https:\/\/www.youtube.com\/channel\/UC-yDYrHyfFBWWZaOw3FPg9Q\"]},{\"@type\":\"Person\",\"@id\":\"https:\/\/kapitalis.com\/tunisie\/#\/schema\/person\/d71f33a9ca44f7bad4698210b480c8e9\",\"name\":\"webmaster kapitalis\",\"url\":\"https:\/\/kapitalis.com\/tunisie\/author\/webmaster-kapitalis\/\"}]}<\/script>\n<!-- \/ Yoast SEO plugin. -->","yoast_head_json":{"title":"Fakhreddine Ben Youssef restera avec Al-Ittifaq jusqu\u2019en 2020 - Kapitalis","robots":{"index":"index","follow":"follow","max-snippet":"max-snippet:-1","max-image-preview":"max-image-preview:large","max-video-preview":"max-video-preview:-1"},"canonical":"https:\/\/kapitalis.com\/tunisie\/2018\/03\/20\/fakhreddine-ben-youssef-restera-avec-al-ittifaq-jusquen-2020\/","og_locale":"fr_FR","og_type":"article","og_title":"Fakhreddine Ben Youssef restera avec Al-Ittifaq jusqu\u2019en 2020 - Kapitalis","og_description":"La direction d\u2019Al-Ettifaq devrait annoncer bient\u00f4t la prolongation de l\u2019attaquant international tunisien Fakhreddine Ben Youssef.","og_url":"https:\/\/kapitalis.com\/tunisie\/2018\/03\/20\/fakhreddine-ben-youssef-restera-avec-al-ittifaq-jusquen-2020\/","og_site_name":"Kapitalis","article_publisher":"https:\/\/www.facebook.com\/KapitalisInfo\/","article_published_time":"2018-03-20T08:30:39+00:00","og_image":[{"width":1200,"height":630,"url":"https:\/\/kapitalis.com\/tunisie\/wp-content\/uploads\/2022\/05\/kapitalis-logo-fb.png","type":"image\/png"}],"author":"webmaster kapitalis","twitter_card":"summary_large_image","twitter_creator":"@KapitalisInfo","twitter_site":"@KapitalisInfo","twitter_misc":{"\u00c9crit par":"webmaster kapitalis","Dur\u00e9e de lecture estim\u00e9e":"1 minute"},"schema":{"@context":"https:\/\/schema.org","@graph":[{"@type":"Article","@id":"https:\/\/kapitalis.com\/tunisie\/2018\/03\/20\/fakhreddine-ben-youssef-restera-avec-al-ittifaq-jusquen-2020\/#article","isPartOf":{"@id":"https:\/\/kapitalis.com\/tunisie\/2018\/03\/20\/fakhreddine-ben-youssef-restera-avec-al-ittifaq-jusquen-2020\/"},"author":{"name":"webmaster kapitalis","@id":"https:\/\/kapitalis.com\/tunisie\/#\/schema\/person\/d71f33a9ca44f7bad4698210b480c8e9"},"headline":"Fakhreddine Ben Youssef restera avec Al-Ittifaq jusqu\u2019en 2020","datePublished":"2018-03-20T08:30:39+00:00","mainEntityOfPage":{"@id":"https:\/\/kapitalis.com\/tunisie\/2018\/03\/20\/fakhreddine-ben-youssef-restera-avec-al-ittifaq-jusquen-2020\/"},"wordCount":213,"commentCount":0,"publisher":{"@id":"https:\/\/kapitalis.com\/tunisie\/#organization"},"image":{"@id":"https:\/\/kapitalis.com\/tunisie\/2018\/03\/20\/fakhreddine-ben-youssef-restera-avec-al-ittifaq-jusquen-2020\/#primaryimage"},"thumbnailUrl":"","keywords":["\u00e9quipe de Tunisie","Fakhreddine Ben Youssef"],"articleSection":["SPORT","Tunisie"],"inLanguage":"fr-FR","potentialAction":[{"@type":"CommentAction","name":"Comment","target":["https:\/\/kapitalis.com\/tunisie\/2018\/03\/20\/fakhreddine-ben-youssef-restera-avec-al-ittifaq-jusquen-2020\/#respond"]}]},{"@type":"WebPage","@id":"https:\/\/kapitalis.com\/tunisie\/2018\/03\/20\/fakhreddine-ben-youssef-restera-avec-al-ittifaq-jusquen-2020\/","url":"https:\/\/kapitalis.com\/tunisie\/2018\/03\/20\/fakhreddine-ben-youssef-restera-avec-al-ittifaq-jusquen-2020\/","name":"Fakhreddine Ben Youssef restera avec Al-Ittifaq jusqu\u2019en 2020 - Kapitalis","isPartOf":{"@id":"https:\/\/kapitalis.com\/tunisie\/#website"},"primaryImageOfPage":{"@id":"https:\/\/kapitalis.com\/tunisie\/2018\/03\/20\/fakhreddine-ben-youssef-restera-avec-al-ittifaq-jusquen-2020\/#primaryimage"},"image":{"@id":"https:\/\/kapitalis.com\/tunisie\/2018\/03\/20\/fakhreddine-ben-youssef-restera-avec-al-ittifaq-jusquen-2020\/#primaryimage"},"thumbnailUrl":"","datePublished":"2018-03-20T08:30:39+00:00","breadcrumb":{"@id":"https:\/\/kapitalis.com\/tunisie\/2018\/03\/20\/fakhreddine-ben-youssef-restera-avec-al-ittifaq-jusquen-2020\/#breadcrumb"},"inLanguage":"fr-FR","potentialAction":[{"@type":"ReadAction","target":["https:\/\/kapitalis.com\/tunisie\/2018\/03\/20\/fakhreddine-ben-youssef-restera-avec-al-ittifaq-jusquen-2020\/"]}]},{"@type":"ImageObject","inLanguage":"fr-FR","@id":"https:\/\/kapitalis.com\/tunisie\/2018\/03\/20\/fakhreddine-ben-youssef-restera-avec-al-ittifaq-jusquen-2020\/#primaryimage","url":"","contentUrl":""},{"@type":"BreadcrumbList","@id":"https:\/\/kapitalis.com\/tunisie\/2018\/03\/20\/fakhreddine-ben-youssef-restera-avec-al-ittifaq-jusquen-2020\/#breadcrumb","itemListElement":[{"@type":"ListItem","position":1,"name":"Accueil","item":"https:\/\/kapitalis.com\/tunisie\/"},{"@type":"ListItem","position":2,"name":"Fakhreddine Ben Youssef restera avec Al-Ittifaq jusqu\u2019en 2020"}]},{"@type":"WebSite","@id":"https:\/\/kapitalis.com\/tunisie\/#website","url":"https:\/\/kapitalis.com\/tunisie\/","name":"Kapitalis","description":"L&#039;actualit\u00e9 en Tunisie et dans le monde","publisher":{"@id":"https:\/\/kapitalis.com\/tunisie\/#organization"},"potentialAction":[{"@type":"SearchAction","target":{"@type":"EntryPoint","urlTemplate":"https:\/\/kapitalis.com\/tunisie\/?s={search_term_string}"},"query-input":{"@type":"PropertyValueSpecification","valueRequired":true,"valueName":"search_term_string"}}],"inLanguage":"fr-FR"},{"@type":"Organization","@id":"https:\/\/kapitalis.com\/tunisie\/#organization","name":"Kapitalis","url":"https:\/\/kapitalis.com\/tunisie\/","logo":{"@type":"ImageObject","inLanguage":"fr-FR","@id":"https:\/\/kapitalis.com\/tunisie\/#\/schema\/logo\/image\/","url":"https:\/\/kapitalis.com\/tunisie\/wp-content\/uploads\/2022\/05\/Kapitalis-big-size.png","contentUrl":"https:\/\/kapitalis.com\/tunisie\/wp-content\/uploads\/2022\/05\/Kapitalis-big-size.png","width":5000,"height":1500,"caption":"Kapitalis"},"image":{"@id":"https:\/\/kapitalis.com\/tunisie\/#\/schema\/logo\/image\/"},"sameAs":["https:\/\/www.facebook.com\/KapitalisInfo\/","https:\/\/x.com\/KapitalisInfo","https:\/\/www.youtube.com\/channel\/UC-yDYrHyfFBWWZaOw3FPg9Q"]},{"@type":"Person","@id":"https:\/\/kapitalis.com\/tunisie\/#\/schema\/person\/d71f33a9ca44f7bad4698210b480c8e9","name":"webmaster kapitalis","url":"https:\/\/kapitalis.com\/tunisie\/author\/webmaster-kapitalis\/"}]}},"_links":{"self":[{"href":"https:\/\/kapitalis.com\/tunisie\/wp-json\/wp\/v2\/posts\/144416","targetHints":{"allow":["GET"]}}],"collection":[{"href":"https:\/\/kapitalis.com\/tunisie\/wp-json\/wp\/v2\/posts"}],"about":[{"href":"https:\/\/kapitalis.com\/tunisie\/wp-json\/wp\/v2\/types\/post"}],"author":[{"embeddable":true,"href":"https:\/\/kapitalis.com\/tunisie\/wp-json\/wp\/v2\/users\/8"}],"replies":[{"embeddable":true,"href":"https:\/\/kapitalis.com\/tunisie\/wp-json\/wp\/v2\/comments?post=144416"}],"version-history":[{"count":0,"href":"https:\/\/kapitalis.com\/tunisie\/wp-json\/wp\/v2\/posts\/144416\/revisions"}],"wp:featuredmedia":[{"embeddable":true,"href":"https:\/\/kapitalis.com\/tunisie\/wp-json\/wp\/v2\/media\/144418"}],"wp:attachment":[{"href":"https:\/\/kapitalis.com\/tunisie\/wp-json\/wp\/v2\/media?parent=144416"}],"wp:term":[{"taxonomy":"category","embeddable":true,"href":"https:\/\/kapitalis.com\/tunisie\/wp-json\/wp\/v2\/categories?post=144416"},{"taxonomy":"post_tag","embeddable":true,"href":"https:\/\/kapitalis.com\/tunisie\/wp-json\/wp\/v2\/tags?post=144416"}],"curies":[{"name":"wp","href":"https:\/\/api.w.org\/{rel}","templated":true}]}}