{"id":144620,"date":"2018-03-21T09:39:41","date_gmt":"2018-03-21T08:39:41","guid":{"rendered":"http:\/\/kapitalis.com\/tunisie\/?p=144620"},"modified":"2018-03-21T09:39:41","modified_gmt":"2018-03-21T08:39:41","slug":"inauguration-de-la-cite-de-la-culture-de-tunis-quid-des-droits-dauteur","status":"publish","type":"post","link":"https:\/\/kapitalis.com\/tunisie\/2018\/03\/21\/inauguration-de-la-cite-de-la-culture-de-tunis-quid-des-droits-dauteur\/","title":{"rendered":"Inauguration de la Cit\u00e9 de la Culture de Tunis : Quid des droits d\u2019auteur ?"},"content":{"rendered":"<p style=\"text-align: center;\"><img loading=\"lazy\" decoding=\"async\" class=\"alignnone size-full wp-image-144621\" src=\"http:\/\/kapitalis.com\/tunisie\/wp-content\/uploads\/2018\/03\/Cite-de-la-Culture-Ban.jpg\" alt=\"\" width=\"626\" height=\"380\" \/><\/p>\n<p><em><strong>La pr\u00e9servation des droits d\u2019auteur sont un facteur du d\u00e9veloppement du patrimoine culturel pr\u00e9sent et futur de la Tunisie.<\/strong><\/em><\/p>\n<p>Par <strong>Naceur Ben Frija<\/strong> *<\/p>\n<p><!--more--><\/p>\n<p><img loading=\"lazy\" decoding=\"async\" class=\"size-full wp-image-144623 alignleft\" src=\"http:\/\/kapitalis.com\/tunisie\/wp-content\/uploads\/2018\/03\/Naceur-Ben-Frija.jpg\" alt=\"\" width=\"133\" height=\"200\" \/>La Cit\u00e9 de la Culture, qui sera inaugur\u00e9e, aujourd\u2019hui, mercredi 21 mars 2018, au centre de Tunis, profitera aux artistes, aux auteurs et aux gens de culture en g\u00e9n\u00e9ral ainsi qu\u2019au public. Elle abritera, notamment, des salles de biblioth\u00e8que, de th\u00e9\u00e2tre, de cin\u00e9ma, de musique et d\u2019exposition d\u2019art plastique, et sera ouverte aux cultures du monde. C\u2019est, peut-\u00eatre l\u00e0 l\u2019occasion de rappeler la port\u00e9e du droit d\u2019auteur, mais aussi le manque de connaissance de ce droit en Tunisie.<\/p>\n<h3>Droits d\u2019auteur et pouvoirs publics<\/h3>\n<p>\u00c0 cet \u00e9gard, un r\u00e9cent s\u00e9minaire, organis\u00e9 par le minist\u00e8re des Affaires culturelles, par le biais de l\u2019Organisme tunisien des droits d\u2019auteur et des droits voisin (OTDAV), a permis de relever la confusion que font certains de nos artistes et auteurs entre les droits d\u2019auteurs et les droits d\u2019ordres social et \u00e9conomique, lesquels sont du ressort des pouvoirs publics et des structures des diff\u00e9rents secteurs de la cr\u00e9ation.<\/p>\n<p>Cette m\u00e9connaissance a conduit les participants \u00e0 ce s\u00e9minaire \u00e0 recommander l\u2019adoption d\u2019une l\u00e9gislation plus \u00e9toff\u00e9e entrant plus dans le d\u00e9tail, par des textes idoines d\u2019application et des cahiers des charges actualis\u00e9s. Il s\u2019agit en la mati\u00e8re de mieux assurer la gestion collective du droit de suite, autrement dit le droit de sauvegarder les droits moraux et patrimoniaux des personnes concern\u00e9es. Sachant que le droit moral est imprescriptible et que le droit patrimonial prot\u00e8ge les int\u00e9r\u00eats financiers du cr\u00e9ateur et ceux de ses h\u00e9ritiers durant 50 apr\u00e8s le d\u00e9c\u00e8s de ce dernier.<\/p>\n<p>Ils ont \u00e9galement mis en exergue la n\u00e9cessit\u00e9 de mieux faire conna\u00eetre les droits d\u2019auteurs \u00e0 tous les \u00e9chelons, \u00e0 commencer par l\u2019\u00e9cole et la formation des avocats et des juges \u00e0 cette probl\u00e9matique l\u00e0.<\/p>\n<p style=\"text-align: center;\"><img loading=\"lazy\" decoding=\"async\" class=\"alignnone wp-image-144624\" src=\"http:\/\/kapitalis.com\/tunisie\/wp-content\/uploads\/2018\/03\/Cite-de-la-Culture-2.jpg\" alt=\"\" width=\"500\" height=\"333\" \/><\/p>\n<h3>Une gestion tr\u00e8s lacunaire<\/h3>\n<p>En outre, les exp\u00e9riences d\u00e9montrent que plusieurs pays ont choisi de confier la gestion collective du droit de suite \u00e0 des soci\u00e9t\u00e9s priv\u00e9es, en raison des moyens que n\u00e9cessitent cette gestion, sous le contr\u00f4le de la structure \u00e9tatique concern\u00e9e.<\/p>\n<p>En Tunisie, le domaine est r\u00e9gi par la loi sur les droits d\u2019auteur du 24 f\u00e9vrier 1994, r\u00e9vis\u00e9e le 23 juin 2009. L\u2019OTDAV, qui est r\u00e9gie par d\u00e9cret, a \u00e0 disposition des instruments juridiques qui demandent \u00e0 \u00eatre plus efficients pour favoriser la promotion de l\u2019int\u00e9r\u00eat culturel, non encore per\u00e7u par ailleurs, y compris par les cr\u00e9ateurs eux-m\u00eames, comme facteur de d\u00e9veloppement du patrimoine culturel futur de la Tunisie dans tous les secteurs de la cr\u00e9ation.<\/p>\n<p><em>* Conseiller juridique.<\/em><\/p>\n<p><em><strong>Articles du m\u00eame auteur dans Kapitalis :\u00a0<\/strong><\/em><\/p>\n<blockquote class=\"wp-embedded-content\" data-secret=\"mjfUOxHmJ7\"><p><a href=\"https:\/\/kapitalis.com\/tunisie\/2018\/02\/21\/patrimoine-etat-de-desolation-fort-maritime-de-goulette\/\">Patrimoine : Etat de d\u00e9solation du fort maritime de La Goulette<\/a><\/p><\/blockquote>\n<p><iframe loading=\"lazy\" class=\"wp-embedded-content\" sandbox=\"allow-scripts\" security=\"restricted\" style=\"position: absolute; clip: rect(1px, 1px, 1px, 1px);\" title=\"\u00ab\u00a0Patrimoine : Etat de d\u00e9solation du fort maritime de La Goulette\u00a0\u00bb &#8212; Kapitalis\" src=\"https:\/\/kapitalis.com\/tunisie\/2018\/02\/21\/patrimoine-etat-de-desolation-fort-maritime-de-goulette\/embed\/#?secret=RNy2mjGK2D#?secret=mjfUOxHmJ7\" data-secret=\"mjfUOxHmJ7\" width=\"600\" height=\"338\" frameborder=\"0\" marginwidth=\"0\" marginheight=\"0\" scrolling=\"no\"><\/iframe><\/p>\n<blockquote class=\"wp-embedded-content\" data-secret=\"JWUVC5nHvM\"><p><a href=\"https:\/\/kapitalis.com\/tunisie\/2017\/04\/01\/salon-du-livre-de-paris-venez-en-tunisie-tout-est-tranquille\/\">Salon du livre de Paris : \u00abVenez en Tunisie, tout est tranquille\u00bb<\/a><\/p><\/blockquote>\n<p><iframe loading=\"lazy\" class=\"wp-embedded-content\" sandbox=\"allow-scripts\" security=\"restricted\" style=\"position: absolute; clip: rect(1px, 1px, 1px, 1px);\" title=\"\u00ab\u00a0Salon du livre de Paris : \u00abVenez en Tunisie, tout est tranquille\u00bb\u00a0\u00bb &#8212; Kapitalis\" src=\"https:\/\/kapitalis.com\/tunisie\/2017\/04\/01\/salon-du-livre-de-paris-venez-en-tunisie-tout-est-tranquille\/embed\/#?secret=k6B68Scsor#?secret=JWUVC5nHvM\" data-secret=\"JWUVC5nHvM\" width=\"600\" height=\"338\" frameborder=\"0\" marginwidth=\"0\" marginheight=\"0\" scrolling=\"no\"><\/iframe><\/p>\n","protected":false},"excerpt":{"rendered":"<p>La pr\u00e9servation des droits d\u2019auteur sont un facteur du d\u00e9veloppement du patrimoine culturel pr\u00e9sent et futur de la Tunisie. Par Naceur Ben Frija *<\/p>\n","protected":false},"author":8,"featured_media":144621,"comment_status":"open","ping_status":"open","sticky":false,"template":"","format":"standard","meta":{"footnotes":""},"categories":[992,994,2433],"tags":[43554],"class_list":["post-144620","post","type-post","status-publish","format-standard","has-post-thumbnail","hentry","category-a-la-une","category-culture","category-tunisie","tag-cite-de-la-culture-de-tunis"],"yoast_head":"<!-- This site is optimized with the Yoast SEO plugin v26.6 - https:\/\/yoast.com\/wordpress\/plugins\/seo\/ -->\n<title>Inauguration de la Cit\u00e9 de la Culture de Tunis : Quid des droits d\u2019auteur ? - Kapitalis<\/title>\n<meta name=\"robots\" content=\"index, follow, max-snippet:-1, max-image-preview:large, max-video-preview:-1\" \/>\n<link rel=\"canonical\" href=\"https:\/\/kapitalis.com\/tunisie\/2018\/03\/21\/inauguration-de-la-cite-de-la-culture-de-tunis-quid-des-droits-dauteur\/\" \/>\n<meta property=\"og:locale\" content=\"fr_FR\" \/>\n<meta property=\"og:type\" content=\"article\" \/>\n<meta property=\"og:title\" content=\"Inauguration de la Cit\u00e9 de la Culture de Tunis : Quid des droits d\u2019auteur ? - Kapitalis\" \/>\n<meta property=\"og:description\" content=\"La pr\u00e9servation des droits d\u2019auteur sont un facteur du d\u00e9veloppement du patrimoine culturel pr\u00e9sent et futur de la Tunisie. Par Naceur Ben Frija *\" \/>\n<meta property=\"og:url\" content=\"https:\/\/kapitalis.com\/tunisie\/2018\/03\/21\/inauguration-de-la-cite-de-la-culture-de-tunis-quid-des-droits-dauteur\/\" \/>\n<meta property=\"og:site_name\" content=\"Kapitalis\" \/>\n<meta property=\"article:publisher\" content=\"https:\/\/www.facebook.com\/KapitalisInfo\/\" \/>\n<meta property=\"article:published_time\" content=\"2018-03-21T08:39:41+00:00\" \/>\n<meta property=\"og:image\" content=\"https:\/\/kapitalis.com\/tunisie\/wp-content\/uploads\/2022\/05\/kapitalis-logo-fb.png\" \/>\n\t<meta property=\"og:image:width\" content=\"1200\" \/>\n\t<meta property=\"og:image:height\" content=\"630\" \/>\n\t<meta property=\"og:image:type\" content=\"image\/png\" \/>\n<meta name=\"author\" content=\"webmaster kapitalis\" \/>\n<meta name=\"twitter:card\" content=\"summary_large_image\" \/>\n<meta name=\"twitter:creator\" content=\"@KapitalisInfo\" \/>\n<meta name=\"twitter:site\" content=\"@KapitalisInfo\" \/>\n<meta name=\"twitter:label1\" content=\"\u00c9crit par\" \/>\n\t<meta name=\"twitter:data1\" content=\"webmaster kapitalis\" \/>\n\t<meta name=\"twitter:label2\" content=\"Dur\u00e9e de lecture estim\u00e9e\" \/>\n\t<meta name=\"twitter:data2\" content=\"3 minutes\" \/>\n<script type=\"application\/ld+json\" class=\"yoast-schema-graph\">{\"@context\":\"https:\/\/schema.org\",\"@graph\":[{\"@type\":\"Article\",\"@id\":\"https:\/\/kapitalis.com\/tunisie\/2018\/03\/21\/inauguration-de-la-cite-de-la-culture-de-tunis-quid-des-droits-dauteur\/#article\",\"isPartOf\":{\"@id\":\"https:\/\/kapitalis.com\/tunisie\/2018\/03\/21\/inauguration-de-la-cite-de-la-culture-de-tunis-quid-des-droits-dauteur\/\"},\"author\":{\"name\":\"webmaster kapitalis\",\"@id\":\"https:\/\/kapitalis.com\/tunisie\/#\/schema\/person\/d71f33a9ca44f7bad4698210b480c8e9\"},\"headline\":\"Inauguration de la Cit\u00e9 de la Culture de Tunis : Quid des droits d\u2019auteur ?\",\"datePublished\":\"2018-03-21T08:39:41+00:00\",\"mainEntityOfPage\":{\"@id\":\"https:\/\/kapitalis.com\/tunisie\/2018\/03\/21\/inauguration-de-la-cite-de-la-culture-de-tunis-quid-des-droits-dauteur\/\"},\"wordCount\":516,\"commentCount\":0,\"publisher\":{\"@id\":\"https:\/\/kapitalis.com\/tunisie\/#organization\"},\"image\":{\"@id\":\"https:\/\/kapitalis.com\/tunisie\/2018\/03\/21\/inauguration-de-la-cite-de-la-culture-de-tunis-quid-des-droits-dauteur\/#primaryimage\"},\"thumbnailUrl\":\"\",\"keywords\":[\"Cit\u00e9 de la Culture de Tunis\"],\"articleSection\":[\"A LA UNE\",\"CULTURE\",\"Tunisie\"],\"inLanguage\":\"fr-FR\",\"potentialAction\":[{\"@type\":\"CommentAction\",\"name\":\"Comment\",\"target\":[\"https:\/\/kapitalis.com\/tunisie\/2018\/03\/21\/inauguration-de-la-cite-de-la-culture-de-tunis-quid-des-droits-dauteur\/#respond\"]}]},{\"@type\":\"WebPage\",\"@id\":\"https:\/\/kapitalis.com\/tunisie\/2018\/03\/21\/inauguration-de-la-cite-de-la-culture-de-tunis-quid-des-droits-dauteur\/\",\"url\":\"https:\/\/kapitalis.com\/tunisie\/2018\/03\/21\/inauguration-de-la-cite-de-la-culture-de-tunis-quid-des-droits-dauteur\/\",\"name\":\"Inauguration de la Cit\u00e9 de la Culture de Tunis : Quid des droits d\u2019auteur ? - Kapitalis\",\"isPartOf\":{\"@id\":\"https:\/\/kapitalis.com\/tunisie\/#website\"},\"primaryImageOfPage\":{\"@id\":\"https:\/\/kapitalis.com\/tunisie\/2018\/03\/21\/inauguration-de-la-cite-de-la-culture-de-tunis-quid-des-droits-dauteur\/#primaryimage\"},\"image\":{\"@id\":\"https:\/\/kapitalis.com\/tunisie\/2018\/03\/21\/inauguration-de-la-cite-de-la-culture-de-tunis-quid-des-droits-dauteur\/#primaryimage\"},\"thumbnailUrl\":\"\",\"datePublished\":\"2018-03-21T08:39:41+00:00\",\"breadcrumb\":{\"@id\":\"https:\/\/kapitalis.com\/tunisie\/2018\/03\/21\/inauguration-de-la-cite-de-la-culture-de-tunis-quid-des-droits-dauteur\/#breadcrumb\"},\"inLanguage\":\"fr-FR\",\"potentialAction\":[{\"@type\":\"ReadAction\",\"target\":[\"https:\/\/kapitalis.com\/tunisie\/2018\/03\/21\/inauguration-de-la-cite-de-la-culture-de-tunis-quid-des-droits-dauteur\/\"]}]},{\"@type\":\"ImageObject\",\"inLanguage\":\"fr-FR\",\"@id\":\"https:\/\/kapitalis.com\/tunisie\/2018\/03\/21\/inauguration-de-la-cite-de-la-culture-de-tunis-quid-des-droits-dauteur\/#primaryimage\",\"url\":\"\",\"contentUrl\":\"\"},{\"@type\":\"BreadcrumbList\",\"@id\":\"https:\/\/kapitalis.com\/tunisie\/2018\/03\/21\/inauguration-de-la-cite-de-la-culture-de-tunis-quid-des-droits-dauteur\/#breadcrumb\",\"itemListElement\":[{\"@type\":\"ListItem\",\"position\":1,\"name\":\"Accueil\",\"item\":\"https:\/\/kapitalis.com\/tunisie\/\"},{\"@type\":\"ListItem\",\"position\":2,\"name\":\"Inauguration de la Cit\u00e9 de la Culture de Tunis : Quid des droits d\u2019auteur ?\"}]},{\"@type\":\"WebSite\",\"@id\":\"https:\/\/kapitalis.com\/tunisie\/#website\",\"url\":\"https:\/\/kapitalis.com\/tunisie\/\",\"name\":\"Kapitalis\",\"description\":\"L&#039;actualit\u00e9 en Tunisie et dans le monde\",\"publisher\":{\"@id\":\"https:\/\/kapitalis.com\/tunisie\/#organization\"},\"potentialAction\":[{\"@type\":\"SearchAction\",\"target\":{\"@type\":\"EntryPoint\",\"urlTemplate\":\"https:\/\/kapitalis.com\/tunisie\/?s={search_term_string}\"},\"query-input\":{\"@type\":\"PropertyValueSpecification\",\"valueRequired\":true,\"valueName\":\"search_term_string\"}}],\"inLanguage\":\"fr-FR\"},{\"@type\":\"Organization\",\"@id\":\"https:\/\/kapitalis.com\/tunisie\/#organization\",\"name\":\"Kapitalis\",\"url\":\"https:\/\/kapitalis.com\/tunisie\/\",\"logo\":{\"@type\":\"ImageObject\",\"inLanguage\":\"fr-FR\",\"@id\":\"https:\/\/kapitalis.com\/tunisie\/#\/schema\/logo\/image\/\",\"url\":\"https:\/\/kapitalis.com\/tunisie\/wp-content\/uploads\/2022\/05\/Kapitalis-big-size.png\",\"contentUrl\":\"https:\/\/kapitalis.com\/tunisie\/wp-content\/uploads\/2022\/05\/Kapitalis-big-size.png\",\"width\":5000,\"height\":1500,\"caption\":\"Kapitalis\"},\"image\":{\"@id\":\"https:\/\/kapitalis.com\/tunisie\/#\/schema\/logo\/image\/\"},\"sameAs\":[\"https:\/\/www.facebook.com\/KapitalisInfo\/\",\"https:\/\/x.com\/KapitalisInfo\",\"https:\/\/www.youtube.com\/channel\/UC-yDYrHyfFBWWZaOw3FPg9Q\"]},{\"@type\":\"Person\",\"@id\":\"https:\/\/kapitalis.com\/tunisie\/#\/schema\/person\/d71f33a9ca44f7bad4698210b480c8e9\",\"name\":\"webmaster kapitalis\",\"url\":\"https:\/\/kapitalis.com\/tunisie\/author\/webmaster-kapitalis\/\"}]}<\/script>\n<!-- \/ Yoast SEO plugin. -->","yoast_head_json":{"title":"Inauguration de la Cit\u00e9 de la Culture de Tunis : Quid des droits d\u2019auteur ? - Kapitalis","robots":{"index":"index","follow":"follow","max-snippet":"max-snippet:-1","max-image-preview":"max-image-preview:large","max-video-preview":"max-video-preview:-1"},"canonical":"https:\/\/kapitalis.com\/tunisie\/2018\/03\/21\/inauguration-de-la-cite-de-la-culture-de-tunis-quid-des-droits-dauteur\/","og_locale":"fr_FR","og_type":"article","og_title":"Inauguration de la Cit\u00e9 de la Culture de Tunis : Quid des droits d\u2019auteur ? - Kapitalis","og_description":"La pr\u00e9servation des droits d\u2019auteur sont un facteur du d\u00e9veloppement du patrimoine culturel pr\u00e9sent et futur de la Tunisie. Par Naceur Ben Frija *","og_url":"https:\/\/kapitalis.com\/tunisie\/2018\/03\/21\/inauguration-de-la-cite-de-la-culture-de-tunis-quid-des-droits-dauteur\/","og_site_name":"Kapitalis","article_publisher":"https:\/\/www.facebook.com\/KapitalisInfo\/","article_published_time":"2018-03-21T08:39:41+00:00","og_image":[{"width":1200,"height":630,"url":"https:\/\/kapitalis.com\/tunisie\/wp-content\/uploads\/2022\/05\/kapitalis-logo-fb.png","type":"image\/png"}],"author":"webmaster kapitalis","twitter_card":"summary_large_image","twitter_creator":"@KapitalisInfo","twitter_site":"@KapitalisInfo","twitter_misc":{"\u00c9crit par":"webmaster kapitalis","Dur\u00e9e de lecture estim\u00e9e":"3 minutes"},"schema":{"@context":"https:\/\/schema.org","@graph":[{"@type":"Article","@id":"https:\/\/kapitalis.com\/tunisie\/2018\/03\/21\/inauguration-de-la-cite-de-la-culture-de-tunis-quid-des-droits-dauteur\/#article","isPartOf":{"@id":"https:\/\/kapitalis.com\/tunisie\/2018\/03\/21\/inauguration-de-la-cite-de-la-culture-de-tunis-quid-des-droits-dauteur\/"},"author":{"name":"webmaster kapitalis","@id":"https:\/\/kapitalis.com\/tunisie\/#\/schema\/person\/d71f33a9ca44f7bad4698210b480c8e9"},"headline":"Inauguration de la Cit\u00e9 de la Culture de Tunis : Quid des droits d\u2019auteur ?","datePublished":"2018-03-21T08:39:41+00:00","mainEntityOfPage":{"@id":"https:\/\/kapitalis.com\/tunisie\/2018\/03\/21\/inauguration-de-la-cite-de-la-culture-de-tunis-quid-des-droits-dauteur\/"},"wordCount":516,"commentCount":0,"publisher":{"@id":"https:\/\/kapitalis.com\/tunisie\/#organization"},"image":{"@id":"https:\/\/kapitalis.com\/tunisie\/2018\/03\/21\/inauguration-de-la-cite-de-la-culture-de-tunis-quid-des-droits-dauteur\/#primaryimage"},"thumbnailUrl":"","keywords":["Cit\u00e9 de la Culture de Tunis"],"articleSection":["A LA UNE","CULTURE","Tunisie"],"inLanguage":"fr-FR","potentialAction":[{"@type":"CommentAction","name":"Comment","target":["https:\/\/kapitalis.com\/tunisie\/2018\/03\/21\/inauguration-de-la-cite-de-la-culture-de-tunis-quid-des-droits-dauteur\/#respond"]}]},{"@type":"WebPage","@id":"https:\/\/kapitalis.com\/tunisie\/2018\/03\/21\/inauguration-de-la-cite-de-la-culture-de-tunis-quid-des-droits-dauteur\/","url":"https:\/\/kapitalis.com\/tunisie\/2018\/03\/21\/inauguration-de-la-cite-de-la-culture-de-tunis-quid-des-droits-dauteur\/","name":"Inauguration de la Cit\u00e9 de la Culture de Tunis : Quid des droits d\u2019auteur ? - Kapitalis","isPartOf":{"@id":"https:\/\/kapitalis.com\/tunisie\/#website"},"primaryImageOfPage":{"@id":"https:\/\/kapitalis.com\/tunisie\/2018\/03\/21\/inauguration-de-la-cite-de-la-culture-de-tunis-quid-des-droits-dauteur\/#primaryimage"},"image":{"@id":"https:\/\/kapitalis.com\/tunisie\/2018\/03\/21\/inauguration-de-la-cite-de-la-culture-de-tunis-quid-des-droits-dauteur\/#primaryimage"},"thumbnailUrl":"","datePublished":"2018-03-21T08:39:41+00:00","breadcrumb":{"@id":"https:\/\/kapitalis.com\/tunisie\/2018\/03\/21\/inauguration-de-la-cite-de-la-culture-de-tunis-quid-des-droits-dauteur\/#breadcrumb"},"inLanguage":"fr-FR","potentialAction":[{"@type":"ReadAction","target":["https:\/\/kapitalis.com\/tunisie\/2018\/03\/21\/inauguration-de-la-cite-de-la-culture-de-tunis-quid-des-droits-dauteur\/"]}]},{"@type":"ImageObject","inLanguage":"fr-FR","@id":"https:\/\/kapitalis.com\/tunisie\/2018\/03\/21\/inauguration-de-la-cite-de-la-culture-de-tunis-quid-des-droits-dauteur\/#primaryimage","url":"","contentUrl":""},{"@type":"BreadcrumbList","@id":"https:\/\/kapitalis.com\/tunisie\/2018\/03\/21\/inauguration-de-la-cite-de-la-culture-de-tunis-quid-des-droits-dauteur\/#breadcrumb","itemListElement":[{"@type":"ListItem","position":1,"name":"Accueil","item":"https:\/\/kapitalis.com\/tunisie\/"},{"@type":"ListItem","position":2,"name":"Inauguration de la Cit\u00e9 de la Culture de Tunis : Quid des droits d\u2019auteur ?"}]},{"@type":"WebSite","@id":"https:\/\/kapitalis.com\/tunisie\/#website","url":"https:\/\/kapitalis.com\/tunisie\/","name":"Kapitalis","description":"L&#039;actualit\u00e9 en Tunisie et dans le monde","publisher":{"@id":"https:\/\/kapitalis.com\/tunisie\/#organization"},"potentialAction":[{"@type":"SearchAction","target":{"@type":"EntryPoint","urlTemplate":"https:\/\/kapitalis.com\/tunisie\/?s={search_term_string}"},"query-input":{"@type":"PropertyValueSpecification","valueRequired":true,"valueName":"search_term_string"}}],"inLanguage":"fr-FR"},{"@type":"Organization","@id":"https:\/\/kapitalis.com\/tunisie\/#organization","name":"Kapitalis","url":"https:\/\/kapitalis.com\/tunisie\/","logo":{"@type":"ImageObject","inLanguage":"fr-FR","@id":"https:\/\/kapitalis.com\/tunisie\/#\/schema\/logo\/image\/","url":"https:\/\/kapitalis.com\/tunisie\/wp-content\/uploads\/2022\/05\/Kapitalis-big-size.png","contentUrl":"https:\/\/kapitalis.com\/tunisie\/wp-content\/uploads\/2022\/05\/Kapitalis-big-size.png","width":5000,"height":1500,"caption":"Kapitalis"},"image":{"@id":"https:\/\/kapitalis.com\/tunisie\/#\/schema\/logo\/image\/"},"sameAs":["https:\/\/www.facebook.com\/KapitalisInfo\/","https:\/\/x.com\/KapitalisInfo","https:\/\/www.youtube.com\/channel\/UC-yDYrHyfFBWWZaOw3FPg9Q"]},{"@type":"Person","@id":"https:\/\/kapitalis.com\/tunisie\/#\/schema\/person\/d71f33a9ca44f7bad4698210b480c8e9","name":"webmaster kapitalis","url":"https:\/\/kapitalis.com\/tunisie\/author\/webmaster-kapitalis\/"}]}},"_links":{"self":[{"href":"https:\/\/kapitalis.com\/tunisie\/wp-json\/wp\/v2\/posts\/144620","targetHints":{"allow":["GET"]}}],"collection":[{"href":"https:\/\/kapitalis.com\/tunisie\/wp-json\/wp\/v2\/posts"}],"about":[{"href":"https:\/\/kapitalis.com\/tunisie\/wp-json\/wp\/v2\/types\/post"}],"author":[{"embeddable":true,"href":"https:\/\/kapitalis.com\/tunisie\/wp-json\/wp\/v2\/users\/8"}],"replies":[{"embeddable":true,"href":"https:\/\/kapitalis.com\/tunisie\/wp-json\/wp\/v2\/comments?post=144620"}],"version-history":[{"count":0,"href":"https:\/\/kapitalis.com\/tunisie\/wp-json\/wp\/v2\/posts\/144620\/revisions"}],"wp:featuredmedia":[{"embeddable":true,"href":"https:\/\/kapitalis.com\/tunisie\/wp-json\/wp\/v2\/media\/144621"}],"wp:attachment":[{"href":"https:\/\/kapitalis.com\/tunisie\/wp-json\/wp\/v2\/media?parent=144620"}],"wp:term":[{"taxonomy":"category","embeddable":true,"href":"https:\/\/kapitalis.com\/tunisie\/wp-json\/wp\/v2\/categories?post=144620"},{"taxonomy":"post_tag","embeddable":true,"href":"https:\/\/kapitalis.com\/tunisie\/wp-json\/wp\/v2\/tags?post=144620"}],"curies":[{"name":"wp","href":"https:\/\/api.w.org\/{rel}","templated":true}]}}