{"id":144771,"date":"2018-03-21T19:10:56","date_gmt":"2018-03-21T18:10:56","guid":{"rendered":"http:\/\/kapitalis.com\/tunisie\/?p=144771"},"modified":"2018-03-21T18:31:56","modified_gmt":"2018-03-21T17:31:56","slug":"sidi-bou-said-accueille-fam-festival-du-29-mars-au-1er-avril-2018","status":"publish","type":"post","link":"https:\/\/kapitalis.com\/tunisie\/2018\/03\/21\/sidi-bou-said-accueille-fam-festival-du-29-mars-au-1er-avril-2018\/","title":{"rendered":"Sidi Bou Sa\u00efd accueille FAM Festival du 29 mars au 1er avril 2018"},"content":{"rendered":"<p style=\"text-align: center;\"><img loading=\"lazy\" decoding=\"async\" class=\"alignnone size-full wp-image-144772\" src=\"http:\/\/kapitalis.com\/tunisie\/wp-content\/uploads\/2018\/03\/FAM-Festival.jpg\" alt=\"\" width=\"626\" height=\"380\" \/><\/p>\n<p><em><strong>La 2e \u00e9dition du Festival des arts de la M\u00e9diterran\u00e9e (FAM) se tiendra du 29 mars au 1er avril 2017 dans le pittoresque village de Sidi Bou Sa\u00efd, banlieue nord de Tunis.<\/strong> <\/em><\/p>\n<p><!--more--><\/p>\n<p>Apr\u00e8s une premi\u00e8re \u00e9dition qui a rencontr\u00e9 un franc succ\u00e8s et atteint son principal objectif \u00e0 savoir un weekend de partage et d\u2019\u00e9change autour de l\u2019art, cette seconde \u00e9dition promet encore plus de r\u00e9jouissances artistiques, de passions et de surprises.<\/p>\n<p>Deux grandes nouveaut\u00e9s cette ann\u00e9e : les FAM Awards, qui r\u00e9v\u00e9leront des talents, amateurs ou professionnels, venant des pays comme le Maroc, l\u2019Irak, la Jordanie, le Bahre\u00efn la France et, bien s\u00fbr, la Tunisie ; et les Concerts FAM.<\/p>\n<p>Par ailleurs, FAM Festival 2018, fond\u00e9 et dirig\u00e9 par Samir Turki, honorera deux artistes qui ont marqu\u00e9 la culture tunisienne et qui \u00e9taient des habitants de Sidi Bou Sa\u00efd: le grand peintre tunisien Jellal Ben Abdallah et le c\u00e9l\u00e8bre couturier franco-tunisien Azzedine Alaia, qui viennent de nous quitter il y a quelques mois.<\/p>\n<p style=\"text-align: right;\"><strong>I. B.<\/strong><\/p>\n<blockquote class=\"wp-embedded-content\" data-secret=\"zsx2cfenMC\"><p><a href=\"https:\/\/kapitalis.com\/tunisie\/2017\/03\/23\/sidi-bou-said-abrite-le-festival-des-arts-de-la-mediterranee\/\">Sidi Bou Said abrite le Festival des arts de la M\u00e9diterran\u00e9e<\/a><\/p><\/blockquote>\n<p><iframe loading=\"lazy\" class=\"wp-embedded-content\" sandbox=\"allow-scripts\" security=\"restricted\" style=\"position: absolute; clip: rect(1px, 1px, 1px, 1px);\" title=\"\u00ab\u00a0Sidi Bou Said abrite le Festival des arts de la M\u00e9diterran\u00e9e\u00a0\u00bb &#8212; Kapitalis\" src=\"https:\/\/kapitalis.com\/tunisie\/2017\/03\/23\/sidi-bou-said-abrite-le-festival-des-arts-de-la-mediterranee\/embed\/#?secret=3l7idvoHou#?secret=zsx2cfenMC\" data-secret=\"zsx2cfenMC\" width=\"600\" height=\"338\" frameborder=\"0\" marginwidth=\"0\" marginheight=\"0\" scrolling=\"no\"><\/iframe><\/p>\n","protected":false},"excerpt":{"rendered":"<p>La 2e \u00e9dition du Festival des arts de la M\u00e9diterran\u00e9e (FAM) se tiendra du 29 mars au 1er avril 2017 dans le pittoresque village de Sidi Bou Sa\u00efd, banlieue nord de Tunis.<\/p>\n","protected":false},"author":8,"featured_media":144772,"comment_status":"open","ping_status":"open","sticky":false,"template":"","format":"standard","meta":{"footnotes":""},"categories":[994,2433],"tags":[39150,29279,44030,827],"class_list":["post-144771","post","type-post","status-publish","format-standard","has-post-thumbnail","hentry","category-culture","category-tunisie","tag-azzedine-alaia","tag-festival-des-arts-de-la-mediterranee","tag-jellal-ben-abdallah","tag-sidi-bou-said"],"yoast_head":"<!-- This site is optimized with the Yoast SEO plugin v26.6 - https:\/\/yoast.com\/wordpress\/plugins\/seo\/ -->\n<title>Sidi Bou Sa\u00efd accueille FAM Festival du 29 mars au 1er avril 2018 - Kapitalis<\/title>\n<meta name=\"robots\" content=\"index, follow, max-snippet:-1, max-image-preview:large, max-video-preview:-1\" \/>\n<link rel=\"canonical\" href=\"https:\/\/kapitalis.com\/tunisie\/2018\/03\/21\/sidi-bou-said-accueille-fam-festival-du-29-mars-au-1er-avril-2018\/\" \/>\n<meta property=\"og:locale\" content=\"fr_FR\" \/>\n<meta property=\"og:type\" content=\"article\" \/>\n<meta property=\"og:title\" content=\"Sidi Bou Sa\u00efd accueille FAM Festival du 29 mars au 1er avril 2018 - Kapitalis\" \/>\n<meta property=\"og:description\" content=\"La 2e \u00e9dition du Festival des arts de la M\u00e9diterran\u00e9e (FAM) se tiendra du 29 mars au 1er avril 2017 dans le pittoresque village de Sidi Bou Sa\u00efd, banlieue nord de Tunis.\" \/>\n<meta property=\"og:url\" content=\"https:\/\/kapitalis.com\/tunisie\/2018\/03\/21\/sidi-bou-said-accueille-fam-festival-du-29-mars-au-1er-avril-2018\/\" \/>\n<meta property=\"og:site_name\" content=\"Kapitalis\" \/>\n<meta property=\"article:publisher\" content=\"https:\/\/www.facebook.com\/KapitalisInfo\/\" \/>\n<meta property=\"article:published_time\" content=\"2018-03-21T18:10:56+00:00\" \/>\n<meta property=\"og:image\" content=\"https:\/\/kapitalis.com\/tunisie\/wp-content\/uploads\/2022\/05\/kapitalis-logo-fb.png\" \/>\n\t<meta property=\"og:image:width\" content=\"1200\" \/>\n\t<meta property=\"og:image:height\" content=\"630\" \/>\n\t<meta property=\"og:image:type\" content=\"image\/png\" \/>\n<meta name=\"author\" content=\"webmaster kapitalis\" \/>\n<meta name=\"twitter:card\" content=\"summary_large_image\" \/>\n<meta name=\"twitter:creator\" content=\"@KapitalisInfo\" \/>\n<meta name=\"twitter:site\" content=\"@KapitalisInfo\" \/>\n<meta name=\"twitter:label1\" content=\"\u00c9crit par\" \/>\n\t<meta name=\"twitter:data1\" content=\"webmaster kapitalis\" \/>\n\t<meta name=\"twitter:label2\" content=\"Dur\u00e9e de lecture estim\u00e9e\" \/>\n\t<meta name=\"twitter:data2\" content=\"1 minute\" \/>\n<script type=\"application\/ld+json\" class=\"yoast-schema-graph\">{\"@context\":\"https:\/\/schema.org\",\"@graph\":[{\"@type\":\"Article\",\"@id\":\"https:\/\/kapitalis.com\/tunisie\/2018\/03\/21\/sidi-bou-said-accueille-fam-festival-du-29-mars-au-1er-avril-2018\/#article\",\"isPartOf\":{\"@id\":\"https:\/\/kapitalis.com\/tunisie\/2018\/03\/21\/sidi-bou-said-accueille-fam-festival-du-29-mars-au-1er-avril-2018\/\"},\"author\":{\"name\":\"webmaster kapitalis\",\"@id\":\"https:\/\/kapitalis.com\/tunisie\/#\/schema\/person\/d71f33a9ca44f7bad4698210b480c8e9\"},\"headline\":\"Sidi Bou Sa\u00efd accueille FAM Festival du 29 mars au 1er avril 2018\",\"datePublished\":\"2018-03-21T18:10:56+00:00\",\"mainEntityOfPage\":{\"@id\":\"https:\/\/kapitalis.com\/tunisie\/2018\/03\/21\/sidi-bou-said-accueille-fam-festival-du-29-mars-au-1er-avril-2018\/\"},\"wordCount\":196,\"commentCount\":1,\"publisher\":{\"@id\":\"https:\/\/kapitalis.com\/tunisie\/#organization\"},\"image\":{\"@id\":\"https:\/\/kapitalis.com\/tunisie\/2018\/03\/21\/sidi-bou-said-accueille-fam-festival-du-29-mars-au-1er-avril-2018\/#primaryimage\"},\"thumbnailUrl\":\"\",\"keywords\":[\"Azzedine\u00a0Ala\u00efa\",\"Festival des Arts de la M\u00e9diterran\u00e9e\",\"Jellal Ben Abdallah\",\"Sidi Bou Sa\u00efd\"],\"articleSection\":[\"CULTURE\",\"Tunisie\"],\"inLanguage\":\"fr-FR\",\"potentialAction\":[{\"@type\":\"CommentAction\",\"name\":\"Comment\",\"target\":[\"https:\/\/kapitalis.com\/tunisie\/2018\/03\/21\/sidi-bou-said-accueille-fam-festival-du-29-mars-au-1er-avril-2018\/#respond\"]}]},{\"@type\":\"WebPage\",\"@id\":\"https:\/\/kapitalis.com\/tunisie\/2018\/03\/21\/sidi-bou-said-accueille-fam-festival-du-29-mars-au-1er-avril-2018\/\",\"url\":\"https:\/\/kapitalis.com\/tunisie\/2018\/03\/21\/sidi-bou-said-accueille-fam-festival-du-29-mars-au-1er-avril-2018\/\",\"name\":\"Sidi Bou Sa\u00efd accueille FAM Festival du 29 mars au 1er avril 2018 - Kapitalis\",\"isPartOf\":{\"@id\":\"https:\/\/kapitalis.com\/tunisie\/#website\"},\"primaryImageOfPage\":{\"@id\":\"https:\/\/kapitalis.com\/tunisie\/2018\/03\/21\/sidi-bou-said-accueille-fam-festival-du-29-mars-au-1er-avril-2018\/#primaryimage\"},\"image\":{\"@id\":\"https:\/\/kapitalis.com\/tunisie\/2018\/03\/21\/sidi-bou-said-accueille-fam-festival-du-29-mars-au-1er-avril-2018\/#primaryimage\"},\"thumbnailUrl\":\"\",\"datePublished\":\"2018-03-21T18:10:56+00:00\",\"breadcrumb\":{\"@id\":\"https:\/\/kapitalis.com\/tunisie\/2018\/03\/21\/sidi-bou-said-accueille-fam-festival-du-29-mars-au-1er-avril-2018\/#breadcrumb\"},\"inLanguage\":\"fr-FR\",\"potentialAction\":[{\"@type\":\"ReadAction\",\"target\":[\"https:\/\/kapitalis.com\/tunisie\/2018\/03\/21\/sidi-bou-said-accueille-fam-festival-du-29-mars-au-1er-avril-2018\/\"]}]},{\"@type\":\"ImageObject\",\"inLanguage\":\"fr-FR\",\"@id\":\"https:\/\/kapitalis.com\/tunisie\/2018\/03\/21\/sidi-bou-said-accueille-fam-festival-du-29-mars-au-1er-avril-2018\/#primaryimage\",\"url\":\"\",\"contentUrl\":\"\"},{\"@type\":\"BreadcrumbList\",\"@id\":\"https:\/\/kapitalis.com\/tunisie\/2018\/03\/21\/sidi-bou-said-accueille-fam-festival-du-29-mars-au-1er-avril-2018\/#breadcrumb\",\"itemListElement\":[{\"@type\":\"ListItem\",\"position\":1,\"name\":\"Accueil\",\"item\":\"https:\/\/kapitalis.com\/tunisie\/\"},{\"@type\":\"ListItem\",\"position\":2,\"name\":\"Sidi Bou Sa\u00efd accueille FAM Festival du 29 mars au 1er avril 2018\"}]},{\"@type\":\"WebSite\",\"@id\":\"https:\/\/kapitalis.com\/tunisie\/#website\",\"url\":\"https:\/\/kapitalis.com\/tunisie\/\",\"name\":\"Kapitalis\",\"description\":\"L&#039;actualit\u00e9 en Tunisie et dans le monde\",\"publisher\":{\"@id\":\"https:\/\/kapitalis.com\/tunisie\/#organization\"},\"potentialAction\":[{\"@type\":\"SearchAction\",\"target\":{\"@type\":\"EntryPoint\",\"urlTemplate\":\"https:\/\/kapitalis.com\/tunisie\/?s={search_term_string}\"},\"query-input\":{\"@type\":\"PropertyValueSpecification\",\"valueRequired\":true,\"valueName\":\"search_term_string\"}}],\"inLanguage\":\"fr-FR\"},{\"@type\":\"Organization\",\"@id\":\"https:\/\/kapitalis.com\/tunisie\/#organization\",\"name\":\"Kapitalis\",\"url\":\"https:\/\/kapitalis.com\/tunisie\/\",\"logo\":{\"@type\":\"ImageObject\",\"inLanguage\":\"fr-FR\",\"@id\":\"https:\/\/kapitalis.com\/tunisie\/#\/schema\/logo\/image\/\",\"url\":\"https:\/\/kapitalis.com\/tunisie\/wp-content\/uploads\/2022\/05\/Kapitalis-big-size.png\",\"contentUrl\":\"https:\/\/kapitalis.com\/tunisie\/wp-content\/uploads\/2022\/05\/Kapitalis-big-size.png\",\"width\":5000,\"height\":1500,\"caption\":\"Kapitalis\"},\"image\":{\"@id\":\"https:\/\/kapitalis.com\/tunisie\/#\/schema\/logo\/image\/\"},\"sameAs\":[\"https:\/\/www.facebook.com\/KapitalisInfo\/\",\"https:\/\/x.com\/KapitalisInfo\",\"https:\/\/www.youtube.com\/channel\/UC-yDYrHyfFBWWZaOw3FPg9Q\"]},{\"@type\":\"Person\",\"@id\":\"https:\/\/kapitalis.com\/tunisie\/#\/schema\/person\/d71f33a9ca44f7bad4698210b480c8e9\",\"name\":\"webmaster kapitalis\",\"url\":\"https:\/\/kapitalis.com\/tunisie\/author\/webmaster-kapitalis\/\"}]}<\/script>\n<!-- \/ Yoast SEO plugin. -->","yoast_head_json":{"title":"Sidi Bou Sa\u00efd accueille FAM Festival du 29 mars au 1er avril 2018 - Kapitalis","robots":{"index":"index","follow":"follow","max-snippet":"max-snippet:-1","max-image-preview":"max-image-preview:large","max-video-preview":"max-video-preview:-1"},"canonical":"https:\/\/kapitalis.com\/tunisie\/2018\/03\/21\/sidi-bou-said-accueille-fam-festival-du-29-mars-au-1er-avril-2018\/","og_locale":"fr_FR","og_type":"article","og_title":"Sidi Bou Sa\u00efd accueille FAM Festival du 29 mars au 1er avril 2018 - Kapitalis","og_description":"La 2e \u00e9dition du Festival des arts de la M\u00e9diterran\u00e9e (FAM) se tiendra du 29 mars au 1er avril 2017 dans le pittoresque village de Sidi Bou Sa\u00efd, banlieue nord de Tunis.","og_url":"https:\/\/kapitalis.com\/tunisie\/2018\/03\/21\/sidi-bou-said-accueille-fam-festival-du-29-mars-au-1er-avril-2018\/","og_site_name":"Kapitalis","article_publisher":"https:\/\/www.facebook.com\/KapitalisInfo\/","article_published_time":"2018-03-21T18:10:56+00:00","og_image":[{"width":1200,"height":630,"url":"https:\/\/kapitalis.com\/tunisie\/wp-content\/uploads\/2022\/05\/kapitalis-logo-fb.png","type":"image\/png"}],"author":"webmaster kapitalis","twitter_card":"summary_large_image","twitter_creator":"@KapitalisInfo","twitter_site":"@KapitalisInfo","twitter_misc":{"\u00c9crit par":"webmaster kapitalis","Dur\u00e9e de lecture estim\u00e9e":"1 minute"},"schema":{"@context":"https:\/\/schema.org","@graph":[{"@type":"Article","@id":"https:\/\/kapitalis.com\/tunisie\/2018\/03\/21\/sidi-bou-said-accueille-fam-festival-du-29-mars-au-1er-avril-2018\/#article","isPartOf":{"@id":"https:\/\/kapitalis.com\/tunisie\/2018\/03\/21\/sidi-bou-said-accueille-fam-festival-du-29-mars-au-1er-avril-2018\/"},"author":{"name":"webmaster kapitalis","@id":"https:\/\/kapitalis.com\/tunisie\/#\/schema\/person\/d71f33a9ca44f7bad4698210b480c8e9"},"headline":"Sidi Bou Sa\u00efd accueille FAM Festival du 29 mars au 1er avril 2018","datePublished":"2018-03-21T18:10:56+00:00","mainEntityOfPage":{"@id":"https:\/\/kapitalis.com\/tunisie\/2018\/03\/21\/sidi-bou-said-accueille-fam-festival-du-29-mars-au-1er-avril-2018\/"},"wordCount":196,"commentCount":1,"publisher":{"@id":"https:\/\/kapitalis.com\/tunisie\/#organization"},"image":{"@id":"https:\/\/kapitalis.com\/tunisie\/2018\/03\/21\/sidi-bou-said-accueille-fam-festival-du-29-mars-au-1er-avril-2018\/#primaryimage"},"thumbnailUrl":"","keywords":["Azzedine\u00a0Ala\u00efa","Festival des Arts de la M\u00e9diterran\u00e9e","Jellal Ben Abdallah","Sidi Bou Sa\u00efd"],"articleSection":["CULTURE","Tunisie"],"inLanguage":"fr-FR","potentialAction":[{"@type":"CommentAction","name":"Comment","target":["https:\/\/kapitalis.com\/tunisie\/2018\/03\/21\/sidi-bou-said-accueille-fam-festival-du-29-mars-au-1er-avril-2018\/#respond"]}]},{"@type":"WebPage","@id":"https:\/\/kapitalis.com\/tunisie\/2018\/03\/21\/sidi-bou-said-accueille-fam-festival-du-29-mars-au-1er-avril-2018\/","url":"https:\/\/kapitalis.com\/tunisie\/2018\/03\/21\/sidi-bou-said-accueille-fam-festival-du-29-mars-au-1er-avril-2018\/","name":"Sidi Bou Sa\u00efd accueille FAM Festival du 29 mars au 1er avril 2018 - Kapitalis","isPartOf":{"@id":"https:\/\/kapitalis.com\/tunisie\/#website"},"primaryImageOfPage":{"@id":"https:\/\/kapitalis.com\/tunisie\/2018\/03\/21\/sidi-bou-said-accueille-fam-festival-du-29-mars-au-1er-avril-2018\/#primaryimage"},"image":{"@id":"https:\/\/kapitalis.com\/tunisie\/2018\/03\/21\/sidi-bou-said-accueille-fam-festival-du-29-mars-au-1er-avril-2018\/#primaryimage"},"thumbnailUrl":"","datePublished":"2018-03-21T18:10:56+00:00","breadcrumb":{"@id":"https:\/\/kapitalis.com\/tunisie\/2018\/03\/21\/sidi-bou-said-accueille-fam-festival-du-29-mars-au-1er-avril-2018\/#breadcrumb"},"inLanguage":"fr-FR","potentialAction":[{"@type":"ReadAction","target":["https:\/\/kapitalis.com\/tunisie\/2018\/03\/21\/sidi-bou-said-accueille-fam-festival-du-29-mars-au-1er-avril-2018\/"]}]},{"@type":"ImageObject","inLanguage":"fr-FR","@id":"https:\/\/kapitalis.com\/tunisie\/2018\/03\/21\/sidi-bou-said-accueille-fam-festival-du-29-mars-au-1er-avril-2018\/#primaryimage","url":"","contentUrl":""},{"@type":"BreadcrumbList","@id":"https:\/\/kapitalis.com\/tunisie\/2018\/03\/21\/sidi-bou-said-accueille-fam-festival-du-29-mars-au-1er-avril-2018\/#breadcrumb","itemListElement":[{"@type":"ListItem","position":1,"name":"Accueil","item":"https:\/\/kapitalis.com\/tunisie\/"},{"@type":"ListItem","position":2,"name":"Sidi Bou Sa\u00efd accueille FAM Festival du 29 mars au 1er avril 2018"}]},{"@type":"WebSite","@id":"https:\/\/kapitalis.com\/tunisie\/#website","url":"https:\/\/kapitalis.com\/tunisie\/","name":"Kapitalis","description":"L&#039;actualit\u00e9 en Tunisie et dans le monde","publisher":{"@id":"https:\/\/kapitalis.com\/tunisie\/#organization"},"potentialAction":[{"@type":"SearchAction","target":{"@type":"EntryPoint","urlTemplate":"https:\/\/kapitalis.com\/tunisie\/?s={search_term_string}"},"query-input":{"@type":"PropertyValueSpecification","valueRequired":true,"valueName":"search_term_string"}}],"inLanguage":"fr-FR"},{"@type":"Organization","@id":"https:\/\/kapitalis.com\/tunisie\/#organization","name":"Kapitalis","url":"https:\/\/kapitalis.com\/tunisie\/","logo":{"@type":"ImageObject","inLanguage":"fr-FR","@id":"https:\/\/kapitalis.com\/tunisie\/#\/schema\/logo\/image\/","url":"https:\/\/kapitalis.com\/tunisie\/wp-content\/uploads\/2022\/05\/Kapitalis-big-size.png","contentUrl":"https:\/\/kapitalis.com\/tunisie\/wp-content\/uploads\/2022\/05\/Kapitalis-big-size.png","width":5000,"height":1500,"caption":"Kapitalis"},"image":{"@id":"https:\/\/kapitalis.com\/tunisie\/#\/schema\/logo\/image\/"},"sameAs":["https:\/\/www.facebook.com\/KapitalisInfo\/","https:\/\/x.com\/KapitalisInfo","https:\/\/www.youtube.com\/channel\/UC-yDYrHyfFBWWZaOw3FPg9Q"]},{"@type":"Person","@id":"https:\/\/kapitalis.com\/tunisie\/#\/schema\/person\/d71f33a9ca44f7bad4698210b480c8e9","name":"webmaster kapitalis","url":"https:\/\/kapitalis.com\/tunisie\/author\/webmaster-kapitalis\/"}]}},"_links":{"self":[{"href":"https:\/\/kapitalis.com\/tunisie\/wp-json\/wp\/v2\/posts\/144771","targetHints":{"allow":["GET"]}}],"collection":[{"href":"https:\/\/kapitalis.com\/tunisie\/wp-json\/wp\/v2\/posts"}],"about":[{"href":"https:\/\/kapitalis.com\/tunisie\/wp-json\/wp\/v2\/types\/post"}],"author":[{"embeddable":true,"href":"https:\/\/kapitalis.com\/tunisie\/wp-json\/wp\/v2\/users\/8"}],"replies":[{"embeddable":true,"href":"https:\/\/kapitalis.com\/tunisie\/wp-json\/wp\/v2\/comments?post=144771"}],"version-history":[{"count":0,"href":"https:\/\/kapitalis.com\/tunisie\/wp-json\/wp\/v2\/posts\/144771\/revisions"}],"wp:featuredmedia":[{"embeddable":true,"href":"https:\/\/kapitalis.com\/tunisie\/wp-json\/wp\/v2\/media\/144772"}],"wp:attachment":[{"href":"https:\/\/kapitalis.com\/tunisie\/wp-json\/wp\/v2\/media?parent=144771"}],"wp:term":[{"taxonomy":"category","embeddable":true,"href":"https:\/\/kapitalis.com\/tunisie\/wp-json\/wp\/v2\/categories?post=144771"},{"taxonomy":"post_tag","embeddable":true,"href":"https:\/\/kapitalis.com\/tunisie\/wp-json\/wp\/v2\/tags?post=144771"}],"curies":[{"name":"wp","href":"https:\/\/api.w.org\/{rel}","templated":true}]}}