{"id":144774,"date":"2018-03-21T20:00:21","date_gmt":"2018-03-21T19:00:21","guid":{"rendered":"http:\/\/kapitalis.com\/tunisie\/?p=144774"},"modified":"2018-03-21T18:59:08","modified_gmt":"2018-03-21T17:59:08","slug":"developpement-regional-le-cercle-kheireddine-a-la-rencontre-du-jerid","status":"publish","type":"post","link":"https:\/\/kapitalis.com\/tunisie\/2018\/03\/21\/developpement-regional-le-cercle-kheireddine-a-la-rencontre-du-jerid\/","title":{"rendered":"D\u00e9veloppement r\u00e9gional : Le Cercle Kheireddine \u00e0 la rencontre du J\u00e9rid"},"content":{"rendered":"<p style=\"text-align: center;\"><img loading=\"lazy\" decoding=\"async\" class=\"alignnone size-full wp-image-144775\" src=\"http:\/\/kapitalis.com\/tunisie\/wp-content\/uploads\/2018\/03\/Cercle-Kheireddine-Jerid.jpg\" alt=\"\" width=\"626\" height=\"380\" \/><\/p>\n<p><em><strong>Le Cercle Kheireddine organise sa premi\u00e8re rencontre dans les r\u00e9gions, le samedi 24 mars 2018, \u00e0 l\u2019h\u00f4tel Ksar Rouge, \u00e0 Tozeur, dans la r\u00e9gion du J\u00e9rid.<\/strong>\u00a0<\/em><\/p>\n<p><!--more--><\/p>\n<p>Cette rencontre, consacr\u00e9e au d\u00e9veloppement r\u00e9gional, talon d\u2019Achille de l\u2019\u00e9conomie tunisienne, est consacr\u00e9e au th\u00e8me : <em>\u00abLe J\u00e9rid: Terre d\u2019avenir\u00bb<\/em>.<\/p>\n<p>Le J\u00e9rid n\u2019est pas que la belle carte postale du beau coucher de soleil qui fait r\u00eaver les visiteurs et fantasmer les touristes. Ce n\u2019est pas que les palmiers parfois centenaires avec une qualit\u00e9 des dattes l\u00e9gendaire. Ce n\u2019est pas que le sens, nos sens en qu\u00eate de d\u00e9paysement quelque peu mystique et souvent artistique.<\/p>\n<p>Le J\u00e9rid est une terre d\u2019avenir, une locomotive pour le d\u00e9veloppement des hommes et des femmes de la r\u00e9gion mais \u00e9galement de l\u2019ensemble de la Tunisie.<\/p>\n<p>C\u2019est ce r\u00eave, cette ambition et cette conviction qui a conduit le Cercle Kheireddine et la Fondation Konrad Adenauer \u00e0 sortir de leur <em>\u00abzone de confort\u00bb<\/em>, \u00e0 quitter la capitale Tunis pour aller \u00e9couter, apprendre et r\u00e9fl\u00e9chir avec la soci\u00e9t\u00e9 civile de la r\u00e9gion \u00e0 l\u2019avenir de celle-ci.<\/p>\n<p>C\u2019est avec beaucoup d\u2019humilit\u00e9 et d\u2019int\u00e9r\u00eat que le Cercle Kheireddine a d\u00e9cid\u00e9 de d\u00e9placer ses travaux \u00e0 Tozeur, pour mieux comprendre les probl\u00e9matiques du d\u00e9veloppement de cette r\u00e9gion et r\u00e9fl\u00e9chir aux voies d\u2019un sursaut qu\u2019on voudrait exemplaire.<\/p>\n<p>Plusieurs acteurs de la soci\u00e9t\u00e9 civile locale ont \u00e9t\u00e9 convi\u00e9s \u00e0 participer \u00e0 cette rencontre ouverte, d\u2019\u00e9change et d\u2019intelligence collective, qui s\u2019articulera autour d\u2019une \u00e9coute active des pr\u00e9occupations mais surtout des propositions des participants.<\/p>\n<p>Des expos\u00e9s <em>\u00abpr\u00e9textes\u00bb<\/em> et volontairement provocateurs viendront stimuler la r\u00e9flexion pour quantifier et mettre des mots sur l\u2019\u00e9cart entre le possible et les r\u00e9alisations. Bien que pr\u00e9sent\u00e9es par trois experts des questions du d\u00e9veloppement, ces trois interventions ne seront que des illustrations pour un d\u00e9bat plus profond men\u00e9 par et entre les pr\u00e9sents.<\/p>\n<p>Ce d\u00e9bat sera celui des jeunes : les jeunes ch\u00f4meurs \u00e0 qui on demandera non pas des lamentations mais des engagements; les jeunes entrepreneurs, qui ont le courage de l\u2019action malgr\u00e9 les obstacles et les contraintes de leur environnement. L\u2019objectif est de construire ensemble une vision et d\u2019illustrer celle-ci par des engagements r\u00e9ciproques.<\/p>\n<p>Les acteurs de la soci\u00e9t\u00e9 civile du J\u00e9rid, les repr\u00e9sentants de l\u2019administration locale, les jeunes ch\u00f4meurs ou entrepreneurs, les m\u00e9dias locaux et nationaux, les experts et professeurs du Cercle Kheireddine, la coop\u00e9ration internationale repr\u00e9sent\u00e9e par la KAS et tous ceux qui croient que le J\u00e9rid est une terre d\u2019avenir sont ainsi convi\u00e9s \u00e0 cette r\u00e9flexion sur comment dessiner, fabriquer et r\u00e9aliser cet avenir.<\/p>\n<p>En marge de cette rencontre, les membres du Cercle Kheireddine et les repr\u00e9sentants de la KAS r\u00e9aliseront un certain nombre de visites de terrain, pour constater de visu comment des entrepreneurs pr\u00e9parent l\u2019avenir du J\u00e9rid et r\u00e9ussissent \u00e0 \u00e9crire des histoires de r\u00e9ussites exemplaires.<\/p>\n<p>On annonce les interventions de Hassen Zargouni, directeur de Sigma Conseil, originaire de la r\u00e9gion qui parlera du <em>\u00abJ\u00e9rid en chiffres : ici, maintenant et demain\u00bb,<\/em> Karim Ben Kahla, professeur des universit\u00e9s en sciences de gestion et pr\u00e9sident du Cercle Kheireddine, qui pr\u00e9sentera une <em>\u00abr\u00e9flexion sur les probl\u00e9matiques et les mythes du d\u00e9veloppement du J\u00e9rid\u00bb<\/em>, Ahmed Smaoui qui \u00e9voquera son secteur de sp\u00e9cialisation : <em>\u00able tourisme alternatif : une alternative pour le d\u00e9veloppement ?\u00bb<\/em>.<\/p>\n<p>Au menu aussi des t\u00e9moignages et d\u00e9bats avec les jeunes, la soci\u00e9t\u00e9 civile et l\u2019administration locale sur les th\u00e8mes: \u00abSortir du ch\u00f4mage\u00bb et \u00abLes conditions de l\u2019entrepreneuriat et l\u2019accompagnement entrepreneurial au Jerid\u00bb.<\/p>\n<p><em><strong>Source<\/strong><\/em> : communiqu\u00e9.<\/p>\n<blockquote class=\"wp-embedded-content\" data-secret=\"HXBJKXXDqG\"><p><a href=\"https:\/\/kapitalis.com\/tunisie\/2016\/11\/28\/economie-des-pistes-pour-impulser-le-developpement-regional\/\">Economie : Des pistes pour impulser le d\u00e9veloppement r\u00e9gional<\/a><\/p><\/blockquote>\n<p><iframe loading=\"lazy\" class=\"wp-embedded-content\" sandbox=\"allow-scripts\" security=\"restricted\" style=\"position: absolute; clip: rect(1px, 1px, 1px, 1px);\" title=\"\u00ab\u00a0Economie : Des pistes pour impulser le d\u00e9veloppement r\u00e9gional\u00a0\u00bb &#8212; Kapitalis\" src=\"https:\/\/kapitalis.com\/tunisie\/2016\/11\/28\/economie-des-pistes-pour-impulser-le-developpement-regional\/embed\/#?secret=fglUkr1hex#?secret=HXBJKXXDqG\" data-secret=\"HXBJKXXDqG\" width=\"600\" height=\"338\" frameborder=\"0\" marginwidth=\"0\" marginheight=\"0\" scrolling=\"no\"><\/iframe><\/p>\n<blockquote class=\"wp-embedded-content\" data-secret=\"FBm4E8fxhU\"><p><a href=\"https:\/\/kapitalis.com\/tunisie\/2015\/10\/14\/pour-un-nouveau-modele-de-developpement-regional\/\">Pour un nouveau mod\u00e8le de d\u00e9veloppement r\u00e9gional<\/a><\/p><\/blockquote>\n<p><iframe loading=\"lazy\" class=\"wp-embedded-content\" sandbox=\"allow-scripts\" security=\"restricted\" style=\"position: absolute; clip: rect(1px, 1px, 1px, 1px);\" title=\"\u00ab\u00a0Pour un nouveau mod\u00e8le de d\u00e9veloppement r\u00e9gional\u00a0\u00bb &#8212; Kapitalis\" src=\"https:\/\/kapitalis.com\/tunisie\/2015\/10\/14\/pour-un-nouveau-modele-de-developpement-regional\/embed\/#?secret=FvwkCkaOk8#?secret=FBm4E8fxhU\" data-secret=\"FBm4E8fxhU\" width=\"600\" height=\"338\" frameborder=\"0\" marginwidth=\"0\" marginheight=\"0\" scrolling=\"no\"><\/iframe><\/p>\n<blockquote class=\"wp-embedded-content\" data-secret=\"zViF2Ka6Yu\"><p><a href=\"https:\/\/kapitalis.com\/tunisie\/2017\/05\/04\/cercle-kheireddine-pour-un-modele-de-developpement-renouvele\/\">Cercle Kheireddine : Pour un mod\u00e8le de d\u00e9veloppement renouvel\u00e9<\/a><\/p><\/blockquote>\n<p><iframe loading=\"lazy\" class=\"wp-embedded-content\" sandbox=\"allow-scripts\" security=\"restricted\" style=\"position: absolute; clip: rect(1px, 1px, 1px, 1px);\" title=\"\u00ab\u00a0Cercle Kheireddine : Pour un mod\u00e8le de d\u00e9veloppement renouvel\u00e9\u00a0\u00bb &#8212; Kapitalis\" src=\"https:\/\/kapitalis.com\/tunisie\/2017\/05\/04\/cercle-kheireddine-pour-un-modele-de-developpement-renouvele\/embed\/#?secret=hPlFtPEC8U#?secret=zViF2Ka6Yu\" data-secret=\"zViF2Ka6Yu\" width=\"600\" height=\"338\" frameborder=\"0\" marginwidth=\"0\" marginheight=\"0\" scrolling=\"no\"><\/iframe><\/p>\n","protected":false},"excerpt":{"rendered":"<p>Le Cercle Kheireddine organise sa premi\u00e8re rencontre dans les r\u00e9gions, le samedi 24 mars 2018, \u00e0 l\u2019h\u00f4tel Ksar Rouge, \u00e0 Tozeur, dans la r\u00e9gion du J\u00e9rid.\u00a0<\/p>\n","protected":false},"author":8,"featured_media":144775,"comment_status":"open","ping_status":"open","sticky":false,"template":"","format":"standard","meta":{"footnotes":""},"categories":[995,2433],"tags":[35013,10882,276,42595,1429,30892,1208],"class_list":["post-144774","post","type-post","status-publish","format-standard","has-post-thumbnail","hentry","category-economie","category-tunisie","tag-ahmed-smaoui","tag-cercle-kheireddine","tag-developpement-regional","tag-fondation-konrad-adenauer","tag-hassen-zargouni","tag-karim-ben-kahla","tag-tozeur"],"yoast_head":"<!-- This site is optimized with the Yoast SEO plugin v26.6 - https:\/\/yoast.com\/wordpress\/plugins\/seo\/ -->\n<title>D\u00e9veloppement r\u00e9gional : Le Cercle Kheireddine \u00e0 la rencontre du J\u00e9rid - Kapitalis<\/title>\n<meta name=\"robots\" content=\"index, follow, max-snippet:-1, max-image-preview:large, max-video-preview:-1\" \/>\n<link rel=\"canonical\" href=\"https:\/\/kapitalis.com\/tunisie\/2018\/03\/21\/developpement-regional-le-cercle-kheireddine-a-la-rencontre-du-jerid\/\" \/>\n<meta property=\"og:locale\" content=\"fr_FR\" \/>\n<meta property=\"og:type\" content=\"article\" \/>\n<meta property=\"og:title\" content=\"D\u00e9veloppement r\u00e9gional : Le Cercle Kheireddine \u00e0 la rencontre du J\u00e9rid - Kapitalis\" \/>\n<meta property=\"og:description\" content=\"Le Cercle Kheireddine organise sa premi\u00e8re rencontre dans les r\u00e9gions, le samedi 24 mars 2018, \u00e0 l\u2019h\u00f4tel Ksar Rouge, \u00e0 Tozeur, dans la r\u00e9gion du J\u00e9rid.\u00a0\" \/>\n<meta property=\"og:url\" content=\"https:\/\/kapitalis.com\/tunisie\/2018\/03\/21\/developpement-regional-le-cercle-kheireddine-a-la-rencontre-du-jerid\/\" \/>\n<meta property=\"og:site_name\" content=\"Kapitalis\" \/>\n<meta property=\"article:publisher\" content=\"https:\/\/www.facebook.com\/KapitalisInfo\/\" \/>\n<meta property=\"article:published_time\" content=\"2018-03-21T19:00:21+00:00\" \/>\n<meta property=\"og:image\" content=\"https:\/\/kapitalis.com\/tunisie\/wp-content\/uploads\/2022\/05\/kapitalis-logo-fb.png\" \/>\n\t<meta property=\"og:image:width\" content=\"1200\" \/>\n\t<meta property=\"og:image:height\" content=\"630\" \/>\n\t<meta property=\"og:image:type\" content=\"image\/png\" \/>\n<meta name=\"author\" content=\"webmaster kapitalis\" \/>\n<meta name=\"twitter:card\" content=\"summary_large_image\" \/>\n<meta name=\"twitter:creator\" content=\"@KapitalisInfo\" \/>\n<meta name=\"twitter:site\" content=\"@KapitalisInfo\" \/>\n<meta name=\"twitter:label1\" content=\"\u00c9crit par\" \/>\n\t<meta name=\"twitter:data1\" content=\"webmaster kapitalis\" \/>\n\t<meta name=\"twitter:label2\" content=\"Dur\u00e9e de lecture estim\u00e9e\" \/>\n\t<meta name=\"twitter:data2\" content=\"3 minutes\" \/>\n<script type=\"application\/ld+json\" class=\"yoast-schema-graph\">{\"@context\":\"https:\/\/schema.org\",\"@graph\":[{\"@type\":\"Article\",\"@id\":\"https:\/\/kapitalis.com\/tunisie\/2018\/03\/21\/developpement-regional-le-cercle-kheireddine-a-la-rencontre-du-jerid\/#article\",\"isPartOf\":{\"@id\":\"https:\/\/kapitalis.com\/tunisie\/2018\/03\/21\/developpement-regional-le-cercle-kheireddine-a-la-rencontre-du-jerid\/\"},\"author\":{\"name\":\"webmaster kapitalis\",\"@id\":\"https:\/\/kapitalis.com\/tunisie\/#\/schema\/person\/d71f33a9ca44f7bad4698210b480c8e9\"},\"headline\":\"D\u00e9veloppement r\u00e9gional : Le Cercle Kheireddine \u00e0 la rencontre du J\u00e9rid\",\"datePublished\":\"2018-03-21T19:00:21+00:00\",\"mainEntityOfPage\":{\"@id\":\"https:\/\/kapitalis.com\/tunisie\/2018\/03\/21\/developpement-regional-le-cercle-kheireddine-a-la-rencontre-du-jerid\/\"},\"wordCount\":687,\"commentCount\":0,\"publisher\":{\"@id\":\"https:\/\/kapitalis.com\/tunisie\/#organization\"},\"image\":{\"@id\":\"https:\/\/kapitalis.com\/tunisie\/2018\/03\/21\/developpement-regional-le-cercle-kheireddine-a-la-rencontre-du-jerid\/#primaryimage\"},\"thumbnailUrl\":\"\",\"keywords\":[\"Ahmed Smaoui\",\"Cercle Kheireddine\",\"d\u00e9veloppement r\u00e9gional\",\"Fondation Konrad Adenauer\",\"Hassen Zargouni\",\"Karim Ben Kahla\",\"Tozeur\"],\"articleSection\":[\"ECONOMIE\",\"Tunisie\"],\"inLanguage\":\"fr-FR\",\"potentialAction\":[{\"@type\":\"CommentAction\",\"name\":\"Comment\",\"target\":[\"https:\/\/kapitalis.com\/tunisie\/2018\/03\/21\/developpement-regional-le-cercle-kheireddine-a-la-rencontre-du-jerid\/#respond\"]}]},{\"@type\":\"WebPage\",\"@id\":\"https:\/\/kapitalis.com\/tunisie\/2018\/03\/21\/developpement-regional-le-cercle-kheireddine-a-la-rencontre-du-jerid\/\",\"url\":\"https:\/\/kapitalis.com\/tunisie\/2018\/03\/21\/developpement-regional-le-cercle-kheireddine-a-la-rencontre-du-jerid\/\",\"name\":\"D\u00e9veloppement r\u00e9gional : Le Cercle Kheireddine \u00e0 la rencontre du J\u00e9rid - Kapitalis\",\"isPartOf\":{\"@id\":\"https:\/\/kapitalis.com\/tunisie\/#website\"},\"primaryImageOfPage\":{\"@id\":\"https:\/\/kapitalis.com\/tunisie\/2018\/03\/21\/developpement-regional-le-cercle-kheireddine-a-la-rencontre-du-jerid\/#primaryimage\"},\"image\":{\"@id\":\"https:\/\/kapitalis.com\/tunisie\/2018\/03\/21\/developpement-regional-le-cercle-kheireddine-a-la-rencontre-du-jerid\/#primaryimage\"},\"thumbnailUrl\":\"\",\"datePublished\":\"2018-03-21T19:00:21+00:00\",\"breadcrumb\":{\"@id\":\"https:\/\/kapitalis.com\/tunisie\/2018\/03\/21\/developpement-regional-le-cercle-kheireddine-a-la-rencontre-du-jerid\/#breadcrumb\"},\"inLanguage\":\"fr-FR\",\"potentialAction\":[{\"@type\":\"ReadAction\",\"target\":[\"https:\/\/kapitalis.com\/tunisie\/2018\/03\/21\/developpement-regional-le-cercle-kheireddine-a-la-rencontre-du-jerid\/\"]}]},{\"@type\":\"ImageObject\",\"inLanguage\":\"fr-FR\",\"@id\":\"https:\/\/kapitalis.com\/tunisie\/2018\/03\/21\/developpement-regional-le-cercle-kheireddine-a-la-rencontre-du-jerid\/#primaryimage\",\"url\":\"\",\"contentUrl\":\"\"},{\"@type\":\"BreadcrumbList\",\"@id\":\"https:\/\/kapitalis.com\/tunisie\/2018\/03\/21\/developpement-regional-le-cercle-kheireddine-a-la-rencontre-du-jerid\/#breadcrumb\",\"itemListElement\":[{\"@type\":\"ListItem\",\"position\":1,\"name\":\"Accueil\",\"item\":\"https:\/\/kapitalis.com\/tunisie\/\"},{\"@type\":\"ListItem\",\"position\":2,\"name\":\"D\u00e9veloppement r\u00e9gional : Le Cercle Kheireddine \u00e0 la rencontre du J\u00e9rid\"}]},{\"@type\":\"WebSite\",\"@id\":\"https:\/\/kapitalis.com\/tunisie\/#website\",\"url\":\"https:\/\/kapitalis.com\/tunisie\/\",\"name\":\"Kapitalis\",\"description\":\"L&#039;actualit\u00e9 en Tunisie et dans le monde\",\"publisher\":{\"@id\":\"https:\/\/kapitalis.com\/tunisie\/#organization\"},\"potentialAction\":[{\"@type\":\"SearchAction\",\"target\":{\"@type\":\"EntryPoint\",\"urlTemplate\":\"https:\/\/kapitalis.com\/tunisie\/?s={search_term_string}\"},\"query-input\":{\"@type\":\"PropertyValueSpecification\",\"valueRequired\":true,\"valueName\":\"search_term_string\"}}],\"inLanguage\":\"fr-FR\"},{\"@type\":\"Organization\",\"@id\":\"https:\/\/kapitalis.com\/tunisie\/#organization\",\"name\":\"Kapitalis\",\"url\":\"https:\/\/kapitalis.com\/tunisie\/\",\"logo\":{\"@type\":\"ImageObject\",\"inLanguage\":\"fr-FR\",\"@id\":\"https:\/\/kapitalis.com\/tunisie\/#\/schema\/logo\/image\/\",\"url\":\"https:\/\/kapitalis.com\/tunisie\/wp-content\/uploads\/2022\/05\/Kapitalis-big-size.png\",\"contentUrl\":\"https:\/\/kapitalis.com\/tunisie\/wp-content\/uploads\/2022\/05\/Kapitalis-big-size.png\",\"width\":5000,\"height\":1500,\"caption\":\"Kapitalis\"},\"image\":{\"@id\":\"https:\/\/kapitalis.com\/tunisie\/#\/schema\/logo\/image\/\"},\"sameAs\":[\"https:\/\/www.facebook.com\/KapitalisInfo\/\",\"https:\/\/x.com\/KapitalisInfo\",\"https:\/\/www.youtube.com\/channel\/UC-yDYrHyfFBWWZaOw3FPg9Q\"]},{\"@type\":\"Person\",\"@id\":\"https:\/\/kapitalis.com\/tunisie\/#\/schema\/person\/d71f33a9ca44f7bad4698210b480c8e9\",\"name\":\"webmaster kapitalis\",\"url\":\"https:\/\/kapitalis.com\/tunisie\/author\/webmaster-kapitalis\/\"}]}<\/script>\n<!-- \/ Yoast SEO plugin. -->","yoast_head_json":{"title":"D\u00e9veloppement r\u00e9gional : Le Cercle Kheireddine \u00e0 la rencontre du J\u00e9rid - Kapitalis","robots":{"index":"index","follow":"follow","max-snippet":"max-snippet:-1","max-image-preview":"max-image-preview:large","max-video-preview":"max-video-preview:-1"},"canonical":"https:\/\/kapitalis.com\/tunisie\/2018\/03\/21\/developpement-regional-le-cercle-kheireddine-a-la-rencontre-du-jerid\/","og_locale":"fr_FR","og_type":"article","og_title":"D\u00e9veloppement r\u00e9gional : Le Cercle Kheireddine \u00e0 la rencontre du J\u00e9rid - Kapitalis","og_description":"Le Cercle Kheireddine organise sa premi\u00e8re rencontre dans les r\u00e9gions, le samedi 24 mars 2018, \u00e0 l\u2019h\u00f4tel Ksar Rouge, \u00e0 Tozeur, dans la r\u00e9gion du J\u00e9rid.\u00a0","og_url":"https:\/\/kapitalis.com\/tunisie\/2018\/03\/21\/developpement-regional-le-cercle-kheireddine-a-la-rencontre-du-jerid\/","og_site_name":"Kapitalis","article_publisher":"https:\/\/www.facebook.com\/KapitalisInfo\/","article_published_time":"2018-03-21T19:00:21+00:00","og_image":[{"width":1200,"height":630,"url":"https:\/\/kapitalis.com\/tunisie\/wp-content\/uploads\/2022\/05\/kapitalis-logo-fb.png","type":"image\/png"}],"author":"webmaster kapitalis","twitter_card":"summary_large_image","twitter_creator":"@KapitalisInfo","twitter_site":"@KapitalisInfo","twitter_misc":{"\u00c9crit par":"webmaster kapitalis","Dur\u00e9e de lecture estim\u00e9e":"3 minutes"},"schema":{"@context":"https:\/\/schema.org","@graph":[{"@type":"Article","@id":"https:\/\/kapitalis.com\/tunisie\/2018\/03\/21\/developpement-regional-le-cercle-kheireddine-a-la-rencontre-du-jerid\/#article","isPartOf":{"@id":"https:\/\/kapitalis.com\/tunisie\/2018\/03\/21\/developpement-regional-le-cercle-kheireddine-a-la-rencontre-du-jerid\/"},"author":{"name":"webmaster kapitalis","@id":"https:\/\/kapitalis.com\/tunisie\/#\/schema\/person\/d71f33a9ca44f7bad4698210b480c8e9"},"headline":"D\u00e9veloppement r\u00e9gional : Le Cercle Kheireddine \u00e0 la rencontre du J\u00e9rid","datePublished":"2018-03-21T19:00:21+00:00","mainEntityOfPage":{"@id":"https:\/\/kapitalis.com\/tunisie\/2018\/03\/21\/developpement-regional-le-cercle-kheireddine-a-la-rencontre-du-jerid\/"},"wordCount":687,"commentCount":0,"publisher":{"@id":"https:\/\/kapitalis.com\/tunisie\/#organization"},"image":{"@id":"https:\/\/kapitalis.com\/tunisie\/2018\/03\/21\/developpement-regional-le-cercle-kheireddine-a-la-rencontre-du-jerid\/#primaryimage"},"thumbnailUrl":"","keywords":["Ahmed Smaoui","Cercle Kheireddine","d\u00e9veloppement r\u00e9gional","Fondation Konrad Adenauer","Hassen Zargouni","Karim Ben Kahla","Tozeur"],"articleSection":["ECONOMIE","Tunisie"],"inLanguage":"fr-FR","potentialAction":[{"@type":"CommentAction","name":"Comment","target":["https:\/\/kapitalis.com\/tunisie\/2018\/03\/21\/developpement-regional-le-cercle-kheireddine-a-la-rencontre-du-jerid\/#respond"]}]},{"@type":"WebPage","@id":"https:\/\/kapitalis.com\/tunisie\/2018\/03\/21\/developpement-regional-le-cercle-kheireddine-a-la-rencontre-du-jerid\/","url":"https:\/\/kapitalis.com\/tunisie\/2018\/03\/21\/developpement-regional-le-cercle-kheireddine-a-la-rencontre-du-jerid\/","name":"D\u00e9veloppement r\u00e9gional : Le Cercle Kheireddine \u00e0 la rencontre du J\u00e9rid - Kapitalis","isPartOf":{"@id":"https:\/\/kapitalis.com\/tunisie\/#website"},"primaryImageOfPage":{"@id":"https:\/\/kapitalis.com\/tunisie\/2018\/03\/21\/developpement-regional-le-cercle-kheireddine-a-la-rencontre-du-jerid\/#primaryimage"},"image":{"@id":"https:\/\/kapitalis.com\/tunisie\/2018\/03\/21\/developpement-regional-le-cercle-kheireddine-a-la-rencontre-du-jerid\/#primaryimage"},"thumbnailUrl":"","datePublished":"2018-03-21T19:00:21+00:00","breadcrumb":{"@id":"https:\/\/kapitalis.com\/tunisie\/2018\/03\/21\/developpement-regional-le-cercle-kheireddine-a-la-rencontre-du-jerid\/#breadcrumb"},"inLanguage":"fr-FR","potentialAction":[{"@type":"ReadAction","target":["https:\/\/kapitalis.com\/tunisie\/2018\/03\/21\/developpement-regional-le-cercle-kheireddine-a-la-rencontre-du-jerid\/"]}]},{"@type":"ImageObject","inLanguage":"fr-FR","@id":"https:\/\/kapitalis.com\/tunisie\/2018\/03\/21\/developpement-regional-le-cercle-kheireddine-a-la-rencontre-du-jerid\/#primaryimage","url":"","contentUrl":""},{"@type":"BreadcrumbList","@id":"https:\/\/kapitalis.com\/tunisie\/2018\/03\/21\/developpement-regional-le-cercle-kheireddine-a-la-rencontre-du-jerid\/#breadcrumb","itemListElement":[{"@type":"ListItem","position":1,"name":"Accueil","item":"https:\/\/kapitalis.com\/tunisie\/"},{"@type":"ListItem","position":2,"name":"D\u00e9veloppement r\u00e9gional : Le Cercle Kheireddine \u00e0 la rencontre du J\u00e9rid"}]},{"@type":"WebSite","@id":"https:\/\/kapitalis.com\/tunisie\/#website","url":"https:\/\/kapitalis.com\/tunisie\/","name":"Kapitalis","description":"L&#039;actualit\u00e9 en Tunisie et dans le monde","publisher":{"@id":"https:\/\/kapitalis.com\/tunisie\/#organization"},"potentialAction":[{"@type":"SearchAction","target":{"@type":"EntryPoint","urlTemplate":"https:\/\/kapitalis.com\/tunisie\/?s={search_term_string}"},"query-input":{"@type":"PropertyValueSpecification","valueRequired":true,"valueName":"search_term_string"}}],"inLanguage":"fr-FR"},{"@type":"Organization","@id":"https:\/\/kapitalis.com\/tunisie\/#organization","name":"Kapitalis","url":"https:\/\/kapitalis.com\/tunisie\/","logo":{"@type":"ImageObject","inLanguage":"fr-FR","@id":"https:\/\/kapitalis.com\/tunisie\/#\/schema\/logo\/image\/","url":"https:\/\/kapitalis.com\/tunisie\/wp-content\/uploads\/2022\/05\/Kapitalis-big-size.png","contentUrl":"https:\/\/kapitalis.com\/tunisie\/wp-content\/uploads\/2022\/05\/Kapitalis-big-size.png","width":5000,"height":1500,"caption":"Kapitalis"},"image":{"@id":"https:\/\/kapitalis.com\/tunisie\/#\/schema\/logo\/image\/"},"sameAs":["https:\/\/www.facebook.com\/KapitalisInfo\/","https:\/\/x.com\/KapitalisInfo","https:\/\/www.youtube.com\/channel\/UC-yDYrHyfFBWWZaOw3FPg9Q"]},{"@type":"Person","@id":"https:\/\/kapitalis.com\/tunisie\/#\/schema\/person\/d71f33a9ca44f7bad4698210b480c8e9","name":"webmaster kapitalis","url":"https:\/\/kapitalis.com\/tunisie\/author\/webmaster-kapitalis\/"}]}},"_links":{"self":[{"href":"https:\/\/kapitalis.com\/tunisie\/wp-json\/wp\/v2\/posts\/144774","targetHints":{"allow":["GET"]}}],"collection":[{"href":"https:\/\/kapitalis.com\/tunisie\/wp-json\/wp\/v2\/posts"}],"about":[{"href":"https:\/\/kapitalis.com\/tunisie\/wp-json\/wp\/v2\/types\/post"}],"author":[{"embeddable":true,"href":"https:\/\/kapitalis.com\/tunisie\/wp-json\/wp\/v2\/users\/8"}],"replies":[{"embeddable":true,"href":"https:\/\/kapitalis.com\/tunisie\/wp-json\/wp\/v2\/comments?post=144774"}],"version-history":[{"count":0,"href":"https:\/\/kapitalis.com\/tunisie\/wp-json\/wp\/v2\/posts\/144774\/revisions"}],"wp:featuredmedia":[{"embeddable":true,"href":"https:\/\/kapitalis.com\/tunisie\/wp-json\/wp\/v2\/media\/144775"}],"wp:attachment":[{"href":"https:\/\/kapitalis.com\/tunisie\/wp-json\/wp\/v2\/media?parent=144774"}],"wp:term":[{"taxonomy":"category","embeddable":true,"href":"https:\/\/kapitalis.com\/tunisie\/wp-json\/wp\/v2\/categories?post=144774"},{"taxonomy":"post_tag","embeddable":true,"href":"https:\/\/kapitalis.com\/tunisie\/wp-json\/wp\/v2\/tags?post=144774"}],"curies":[{"name":"wp","href":"https:\/\/api.w.org\/{rel}","templated":true}]}}