{"id":14478485,"date":"2024-10-30T12:28:53","date_gmt":"2024-10-30T11:28:53","guid":{"rendered":"https:\/\/kapitalis.com\/tunisie\/?p=14478485"},"modified":"2024-10-30T12:28:55","modified_gmt":"2024-10-30T11:28:55","slug":"la-piece-italienne-comme-un-grain-de-sable-a-el-teatro-a-tunis","status":"publish","type":"post","link":"https:\/\/kapitalis.com\/tunisie\/2024\/10\/30\/la-piece-italienne-comme-un-grain-de-sable-a-el-teatro-a-tunis\/","title":{"rendered":"La pi\u00e8ce italienne \u2018\u2018Comme un grain de sable\u2019\u2019 \u00e0 El-Teatro \u00e0 Tunis"},"content":{"rendered":"\n<p><strong><em>Apr\u00e8s New York et plus de 130 repr\u00e9sentations, \u2018\u2018Comme un grain de sable\u2019\u2019d\u00e9barque \u00e0 Tunis dans le cadre de la saison d\u2019El-Teatro. La pi\u00e8ce sera pr\u00e9sent\u00e9e le 1<sup>er<\/sup> et 2 novembre 2024, dans le premier espace priv\u00e9 d\u2019art et de cr\u00e9ation en Tunisie, fond\u00e9 en octobre 1987 par Taoufik Jebali.<\/em><\/strong><\/p>\n\n\n\n<!--more-->\n\n\n\n<p>El-Teatro est connu et reconnu sur la sc\u00e8ne culturelle tunisienne ind\u00e9pendante comme un lieu promouvant toutes les expressions artistiques contemporaines, non seulement dans les arts du spectacle mais \u00e9galement dans les arts visuels.<\/p>\n\n\n\n<p><em>\u2018\u2018<\/em><em>Comme un grain de sable<\/em><em>\u2019\u2019<\/em>, le dernier volet de la quadrilogie <em>\u2018\u2018<\/em><em>Sud de la m\u00e9moire<\/em><em>\u2019\u2019<\/em> que le Mana Chuma Teatro a consacr\u00e9 \u00e0 l\u2019histoire contemporaine du sud de l\u2019Italie, raconte l\u2019histoire dramatique d\u2019un jeune ma\u00e7on sicilien qui, \u00e0 l\u2019\u00e2ge de 18 ans, a \u00e9t\u00e9 arr\u00eat\u00e9 et contraint d\u2019avouer l\u2019assassinat de deux carabiniers survenu \u00e0 Alkamar, une petite caserne de la province de Trapani.<\/p>\n\n\n\n<p>A travers son histoire humaine (et celle de Salvatore et Carmine \u2013 les deux victimes du massacre \u2013 ou de Giovanni, Vincenzo, Gaetano \u2013 les autres boucs \u00e9missaires d\u00e9sign\u00e9s) le spectacle tente de rendre justice \u00e0 ces vies enti\u00e8rement vol\u00e9es pour des raisons indicibles.<\/p>\n\n\n\n<p>Pr\u00e9sent\u00e9 par El-Teatro sous le titre <em>\u2018\u2018<\/em><em>Comme un grain de sable<\/em><em>\u2019\u2019<\/em>, le spectacle \u2013 avec Salvatore Arena comme seul acteur sur sc\u00e8ne \u2013 sera sur-titr\u00e9 en fran\u00e7ais.<\/p>\n\n\n\n<p>Pour Salvatore Arena et Massimo Barilla, directeurs du Mana Chuma Teatro, <em>\u00abmonter cette \u0153uvre \u00e0 Tunis est tr\u00e8s important pour nous car c<\/em><em>\u2019<\/em><em>est une reconnaissance du travail r\u00e9alis\u00e9 pendant toutes ces ann\u00e9es sur le th\u00e8me de la justice et de la libert\u00e9\u00bb. \u00abC<\/em><em>\u2019<\/em><em>est une histoire italienne , mais elle touche et implique des th\u00e8mes universels comme le respect de la vie et la recherche absolue de libert\u00e9. Pour nous, amener ce spectacle en Tunisie, c<\/em><em>\u2019<\/em><em>est donner la parole \u00e0 ceux qui n<\/em><em>\u2019<\/em><em>en ont pas, partout dans le monde\u00bb<\/em>, ajoute-t-il.<\/p>\n\n\n\n<p>Le spectacle a remport\u00e9 le prix Inbox 2016, le prix de la critique ANCT 2019, le prix du public et du meilleur acteur \u00e0 l\u2019International Monodrama Festival Bitola 2023.<strong><\/strong><\/p>\n\n\n\n<p class=\"has-text-align-right\"><strong>I. B. <\/strong>(avec <a href=\"https:\/\/www.ansa.it\/ansamed\/it\/notizie\/rubriche\/nazioni\/2024\/10\/30\/a-tunisi-lo-spettacolo-teatrale-come-un-granello-di-sabbia_e265bc3c-0c13-4ec8-9093-2e69af320345.html\" target=\"_blank\" rel=\"noreferrer noopener\">Ansamed<\/a>).<\/p>\n","protected":false},"excerpt":{"rendered":"<p>La pi\u00e8ce italienne \u2018\u2018Comme un grain de sable\u2019\u2019 d\u00e9barque \u00e0 Tunis dans le cadre de la saison d\u2019El-Teatro.<\/p>\n","protected":false},"author":8,"featured_media":14478519,"comment_status":"open","ping_status":"open","sticky":false,"template":"","format":"standard","meta":{"footnotes":""},"categories":[994,2433],"tags":[118647,114013,505,112366,112364,118648,7436],"class_list":["post-14478485","post","type-post","status-publish","format-standard","has-post-thumbnail","hentry","category-culture","category-tunisie","tag-comme-un-grain-de-sable","tag-el-teatro-2","tag-italie","tag-mana-chuma-teatro","tag-massimo-barilla","tag-salvatore-arena","tag-taoufik-jebali"],"yoast_head":"<!-- This site is optimized with the Yoast SEO plugin v26.6 - https:\/\/yoast.com\/wordpress\/plugins\/seo\/ -->\n<title>La pi\u00e8ce italienne \u2018\u2018Comme un grain de sable\u2019\u2019 \u00e0 El-Teatro \u00e0 Tunis - Kapitalis<\/title>\n<meta name=\"robots\" content=\"index, follow, max-snippet:-1, max-image-preview:large, max-video-preview:-1\" \/>\n<link rel=\"canonical\" href=\"https:\/\/kapitalis.com\/tunisie\/2024\/10\/30\/la-piece-italienne-comme-un-grain-de-sable-a-el-teatro-a-tunis\/\" \/>\n<meta property=\"og:locale\" content=\"fr_FR\" \/>\n<meta property=\"og:type\" content=\"article\" \/>\n<meta property=\"og:title\" content=\"La pi\u00e8ce italienne \u2018\u2018Comme un grain de sable\u2019\u2019 \u00e0 El-Teatro \u00e0 Tunis - Kapitalis\" \/>\n<meta property=\"og:description\" content=\"La pi\u00e8ce italienne \u2018\u2018Comme un grain de sable\u2019\u2019 d\u00e9barque \u00e0 Tunis dans le cadre de la saison d\u2019El-Teatro.\" \/>\n<meta property=\"og:url\" content=\"https:\/\/kapitalis.com\/tunisie\/2024\/10\/30\/la-piece-italienne-comme-un-grain-de-sable-a-el-teatro-a-tunis\/\" \/>\n<meta property=\"og:site_name\" content=\"Kapitalis\" \/>\n<meta property=\"article:publisher\" content=\"https:\/\/www.facebook.com\/KapitalisInfo\/\" \/>\n<meta property=\"article:published_time\" content=\"2024-10-30T11:28:53+00:00\" \/>\n<meta property=\"article:modified_time\" content=\"2024-10-30T11:28:55+00:00\" \/>\n<meta property=\"og:image\" content=\"https:\/\/kapitalis.com\/tunisie\/wp-content\/uploads\/2024\/10\/Salvatore-Arena.jpg\" \/>\n\t<meta property=\"og:image:width\" content=\"1200\" \/>\n\t<meta property=\"og:image:height\" content=\"630\" \/>\n\t<meta property=\"og:image:type\" content=\"image\/jpeg\" \/>\n<meta name=\"author\" content=\"webmaster kapitalis\" \/>\n<meta name=\"twitter:card\" content=\"summary_large_image\" \/>\n<meta name=\"twitter:creator\" content=\"@KapitalisInfo\" \/>\n<meta name=\"twitter:site\" content=\"@KapitalisInfo\" \/>\n<meta name=\"twitter:label1\" content=\"\u00c9crit par\" \/>\n\t<meta name=\"twitter:data1\" content=\"webmaster kapitalis\" \/>\n\t<meta name=\"twitter:label2\" content=\"Dur\u00e9e de lecture estim\u00e9e\" \/>\n\t<meta name=\"twitter:data2\" content=\"2 minutes\" \/>\n<script type=\"application\/ld+json\" class=\"yoast-schema-graph\">{\"@context\":\"https:\/\/schema.org\",\"@graph\":[{\"@type\":\"Article\",\"@id\":\"https:\/\/kapitalis.com\/tunisie\/2024\/10\/30\/la-piece-italienne-comme-un-grain-de-sable-a-el-teatro-a-tunis\/#article\",\"isPartOf\":{\"@id\":\"https:\/\/kapitalis.com\/tunisie\/2024\/10\/30\/la-piece-italienne-comme-un-grain-de-sable-a-el-teatro-a-tunis\/\"},\"author\":{\"name\":\"webmaster kapitalis\",\"@id\":\"https:\/\/kapitalis.com\/tunisie\/#\/schema\/person\/d71f33a9ca44f7bad4698210b480c8e9\"},\"headline\":\"La pi\u00e8ce italienne \u2018\u2018Comme un grain de sable\u2019\u2019 \u00e0 El-Teatro \u00e0 Tunis\",\"datePublished\":\"2024-10-30T11:28:53+00:00\",\"dateModified\":\"2024-10-30T11:28:55+00:00\",\"mainEntityOfPage\":{\"@id\":\"https:\/\/kapitalis.com\/tunisie\/2024\/10\/30\/la-piece-italienne-comme-un-grain-de-sable-a-el-teatro-a-tunis\/\"},\"wordCount\":367,\"commentCount\":0,\"publisher\":{\"@id\":\"https:\/\/kapitalis.com\/tunisie\/#organization\"},\"image\":{\"@id\":\"https:\/\/kapitalis.com\/tunisie\/2024\/10\/30\/la-piece-italienne-comme-un-grain-de-sable-a-el-teatro-a-tunis\/#primaryimage\"},\"thumbnailUrl\":\"https:\/\/kapitalis.com\/tunisie\/wp-content\/uploads\/2024\/10\/Salvatore-Arena.jpg\",\"keywords\":[\"Comme un grain de sable\",\"El-Teatro\",\"Italie\",\"Mana Chuma Teatro\",\"Massimo Barilla\",\"Salvatore Arena\",\"Taoufik Jebali\"],\"articleSection\":[\"CULTURE\",\"Tunisie\"],\"inLanguage\":\"fr-FR\",\"potentialAction\":[{\"@type\":\"CommentAction\",\"name\":\"Comment\",\"target\":[\"https:\/\/kapitalis.com\/tunisie\/2024\/10\/30\/la-piece-italienne-comme-un-grain-de-sable-a-el-teatro-a-tunis\/#respond\"]}]},{\"@type\":\"WebPage\",\"@id\":\"https:\/\/kapitalis.com\/tunisie\/2024\/10\/30\/la-piece-italienne-comme-un-grain-de-sable-a-el-teatro-a-tunis\/\",\"url\":\"https:\/\/kapitalis.com\/tunisie\/2024\/10\/30\/la-piece-italienne-comme-un-grain-de-sable-a-el-teatro-a-tunis\/\",\"name\":\"La pi\u00e8ce italienne \u2018\u2018Comme un grain de sable\u2019\u2019 \u00e0 El-Teatro \u00e0 Tunis - Kapitalis\",\"isPartOf\":{\"@id\":\"https:\/\/kapitalis.com\/tunisie\/#website\"},\"primaryImageOfPage\":{\"@id\":\"https:\/\/kapitalis.com\/tunisie\/2024\/10\/30\/la-piece-italienne-comme-un-grain-de-sable-a-el-teatro-a-tunis\/#primaryimage\"},\"image\":{\"@id\":\"https:\/\/kapitalis.com\/tunisie\/2024\/10\/30\/la-piece-italienne-comme-un-grain-de-sable-a-el-teatro-a-tunis\/#primaryimage\"},\"thumbnailUrl\":\"https:\/\/kapitalis.com\/tunisie\/wp-content\/uploads\/2024\/10\/Salvatore-Arena.jpg\",\"datePublished\":\"2024-10-30T11:28:53+00:00\",\"dateModified\":\"2024-10-30T11:28:55+00:00\",\"breadcrumb\":{\"@id\":\"https:\/\/kapitalis.com\/tunisie\/2024\/10\/30\/la-piece-italienne-comme-un-grain-de-sable-a-el-teatro-a-tunis\/#breadcrumb\"},\"inLanguage\":\"fr-FR\",\"potentialAction\":[{\"@type\":\"ReadAction\",\"target\":[\"https:\/\/kapitalis.com\/tunisie\/2024\/10\/30\/la-piece-italienne-comme-un-grain-de-sable-a-el-teatro-a-tunis\/\"]}]},{\"@type\":\"ImageObject\",\"inLanguage\":\"fr-FR\",\"@id\":\"https:\/\/kapitalis.com\/tunisie\/2024\/10\/30\/la-piece-italienne-comme-un-grain-de-sable-a-el-teatro-a-tunis\/#primaryimage\",\"url\":\"https:\/\/kapitalis.com\/tunisie\/wp-content\/uploads\/2024\/10\/Salvatore-Arena.jpg\",\"contentUrl\":\"https:\/\/kapitalis.com\/tunisie\/wp-content\/uploads\/2024\/10\/Salvatore-Arena.jpg\",\"width\":1200,\"height\":630},{\"@type\":\"BreadcrumbList\",\"@id\":\"https:\/\/kapitalis.com\/tunisie\/2024\/10\/30\/la-piece-italienne-comme-un-grain-de-sable-a-el-teatro-a-tunis\/#breadcrumb\",\"itemListElement\":[{\"@type\":\"ListItem\",\"position\":1,\"name\":\"Accueil\",\"item\":\"https:\/\/kapitalis.com\/tunisie\/\"},{\"@type\":\"ListItem\",\"position\":2,\"name\":\"La pi\u00e8ce italienne \u2018\u2018Comme un grain de sable\u2019\u2019 \u00e0 El-Teatro \u00e0 Tunis\"}]},{\"@type\":\"WebSite\",\"@id\":\"https:\/\/kapitalis.com\/tunisie\/#website\",\"url\":\"https:\/\/kapitalis.com\/tunisie\/\",\"name\":\"Kapitalis\",\"description\":\"L&#039;actualit\u00e9 en Tunisie et dans le monde\",\"publisher\":{\"@id\":\"https:\/\/kapitalis.com\/tunisie\/#organization\"},\"potentialAction\":[{\"@type\":\"SearchAction\",\"target\":{\"@type\":\"EntryPoint\",\"urlTemplate\":\"https:\/\/kapitalis.com\/tunisie\/?s={search_term_string}\"},\"query-input\":{\"@type\":\"PropertyValueSpecification\",\"valueRequired\":true,\"valueName\":\"search_term_string\"}}],\"inLanguage\":\"fr-FR\"},{\"@type\":\"Organization\",\"@id\":\"https:\/\/kapitalis.com\/tunisie\/#organization\",\"name\":\"Kapitalis\",\"url\":\"https:\/\/kapitalis.com\/tunisie\/\",\"logo\":{\"@type\":\"ImageObject\",\"inLanguage\":\"fr-FR\",\"@id\":\"https:\/\/kapitalis.com\/tunisie\/#\/schema\/logo\/image\/\",\"url\":\"https:\/\/kapitalis.com\/tunisie\/wp-content\/uploads\/2022\/05\/Kapitalis-big-size.png\",\"contentUrl\":\"https:\/\/kapitalis.com\/tunisie\/wp-content\/uploads\/2022\/05\/Kapitalis-big-size.png\",\"width\":5000,\"height\":1500,\"caption\":\"Kapitalis\"},\"image\":{\"@id\":\"https:\/\/kapitalis.com\/tunisie\/#\/schema\/logo\/image\/\"},\"sameAs\":[\"https:\/\/www.facebook.com\/KapitalisInfo\/\",\"https:\/\/x.com\/KapitalisInfo\",\"https:\/\/www.youtube.com\/channel\/UC-yDYrHyfFBWWZaOw3FPg9Q\"]},{\"@type\":\"Person\",\"@id\":\"https:\/\/kapitalis.com\/tunisie\/#\/schema\/person\/d71f33a9ca44f7bad4698210b480c8e9\",\"name\":\"webmaster kapitalis\",\"url\":\"https:\/\/kapitalis.com\/tunisie\/author\/webmaster-kapitalis\/\"}]}<\/script>\n<!-- \/ Yoast SEO plugin. -->","yoast_head_json":{"title":"La pi\u00e8ce italienne \u2018\u2018Comme un grain de sable\u2019\u2019 \u00e0 El-Teatro \u00e0 Tunis - Kapitalis","robots":{"index":"index","follow":"follow","max-snippet":"max-snippet:-1","max-image-preview":"max-image-preview:large","max-video-preview":"max-video-preview:-1"},"canonical":"https:\/\/kapitalis.com\/tunisie\/2024\/10\/30\/la-piece-italienne-comme-un-grain-de-sable-a-el-teatro-a-tunis\/","og_locale":"fr_FR","og_type":"article","og_title":"La pi\u00e8ce italienne \u2018\u2018Comme un grain de sable\u2019\u2019 \u00e0 El-Teatro \u00e0 Tunis - Kapitalis","og_description":"La pi\u00e8ce italienne \u2018\u2018Comme un grain de sable\u2019\u2019 d\u00e9barque \u00e0 Tunis dans le cadre de la saison d\u2019El-Teatro.","og_url":"https:\/\/kapitalis.com\/tunisie\/2024\/10\/30\/la-piece-italienne-comme-un-grain-de-sable-a-el-teatro-a-tunis\/","og_site_name":"Kapitalis","article_publisher":"https:\/\/www.facebook.com\/KapitalisInfo\/","article_published_time":"2024-10-30T11:28:53+00:00","article_modified_time":"2024-10-30T11:28:55+00:00","og_image":[{"width":1200,"height":630,"url":"https:\/\/kapitalis.com\/tunisie\/wp-content\/uploads\/2024\/10\/Salvatore-Arena.jpg","type":"image\/jpeg"}],"author":"webmaster kapitalis","twitter_card":"summary_large_image","twitter_creator":"@KapitalisInfo","twitter_site":"@KapitalisInfo","twitter_misc":{"\u00c9crit par":"webmaster kapitalis","Dur\u00e9e de lecture estim\u00e9e":"2 minutes"},"schema":{"@context":"https:\/\/schema.org","@graph":[{"@type":"Article","@id":"https:\/\/kapitalis.com\/tunisie\/2024\/10\/30\/la-piece-italienne-comme-un-grain-de-sable-a-el-teatro-a-tunis\/#article","isPartOf":{"@id":"https:\/\/kapitalis.com\/tunisie\/2024\/10\/30\/la-piece-italienne-comme-un-grain-de-sable-a-el-teatro-a-tunis\/"},"author":{"name":"webmaster kapitalis","@id":"https:\/\/kapitalis.com\/tunisie\/#\/schema\/person\/d71f33a9ca44f7bad4698210b480c8e9"},"headline":"La pi\u00e8ce italienne \u2018\u2018Comme un grain de sable\u2019\u2019 \u00e0 El-Teatro \u00e0 Tunis","datePublished":"2024-10-30T11:28:53+00:00","dateModified":"2024-10-30T11:28:55+00:00","mainEntityOfPage":{"@id":"https:\/\/kapitalis.com\/tunisie\/2024\/10\/30\/la-piece-italienne-comme-un-grain-de-sable-a-el-teatro-a-tunis\/"},"wordCount":367,"commentCount":0,"publisher":{"@id":"https:\/\/kapitalis.com\/tunisie\/#organization"},"image":{"@id":"https:\/\/kapitalis.com\/tunisie\/2024\/10\/30\/la-piece-italienne-comme-un-grain-de-sable-a-el-teatro-a-tunis\/#primaryimage"},"thumbnailUrl":"https:\/\/kapitalis.com\/tunisie\/wp-content\/uploads\/2024\/10\/Salvatore-Arena.jpg","keywords":["Comme un grain de sable","El-Teatro","Italie","Mana Chuma Teatro","Massimo Barilla","Salvatore Arena","Taoufik Jebali"],"articleSection":["CULTURE","Tunisie"],"inLanguage":"fr-FR","potentialAction":[{"@type":"CommentAction","name":"Comment","target":["https:\/\/kapitalis.com\/tunisie\/2024\/10\/30\/la-piece-italienne-comme-un-grain-de-sable-a-el-teatro-a-tunis\/#respond"]}]},{"@type":"WebPage","@id":"https:\/\/kapitalis.com\/tunisie\/2024\/10\/30\/la-piece-italienne-comme-un-grain-de-sable-a-el-teatro-a-tunis\/","url":"https:\/\/kapitalis.com\/tunisie\/2024\/10\/30\/la-piece-italienne-comme-un-grain-de-sable-a-el-teatro-a-tunis\/","name":"La pi\u00e8ce italienne \u2018\u2018Comme un grain de sable\u2019\u2019 \u00e0 El-Teatro \u00e0 Tunis - Kapitalis","isPartOf":{"@id":"https:\/\/kapitalis.com\/tunisie\/#website"},"primaryImageOfPage":{"@id":"https:\/\/kapitalis.com\/tunisie\/2024\/10\/30\/la-piece-italienne-comme-un-grain-de-sable-a-el-teatro-a-tunis\/#primaryimage"},"image":{"@id":"https:\/\/kapitalis.com\/tunisie\/2024\/10\/30\/la-piece-italienne-comme-un-grain-de-sable-a-el-teatro-a-tunis\/#primaryimage"},"thumbnailUrl":"https:\/\/kapitalis.com\/tunisie\/wp-content\/uploads\/2024\/10\/Salvatore-Arena.jpg","datePublished":"2024-10-30T11:28:53+00:00","dateModified":"2024-10-30T11:28:55+00:00","breadcrumb":{"@id":"https:\/\/kapitalis.com\/tunisie\/2024\/10\/30\/la-piece-italienne-comme-un-grain-de-sable-a-el-teatro-a-tunis\/#breadcrumb"},"inLanguage":"fr-FR","potentialAction":[{"@type":"ReadAction","target":["https:\/\/kapitalis.com\/tunisie\/2024\/10\/30\/la-piece-italienne-comme-un-grain-de-sable-a-el-teatro-a-tunis\/"]}]},{"@type":"ImageObject","inLanguage":"fr-FR","@id":"https:\/\/kapitalis.com\/tunisie\/2024\/10\/30\/la-piece-italienne-comme-un-grain-de-sable-a-el-teatro-a-tunis\/#primaryimage","url":"https:\/\/kapitalis.com\/tunisie\/wp-content\/uploads\/2024\/10\/Salvatore-Arena.jpg","contentUrl":"https:\/\/kapitalis.com\/tunisie\/wp-content\/uploads\/2024\/10\/Salvatore-Arena.jpg","width":1200,"height":630},{"@type":"BreadcrumbList","@id":"https:\/\/kapitalis.com\/tunisie\/2024\/10\/30\/la-piece-italienne-comme-un-grain-de-sable-a-el-teatro-a-tunis\/#breadcrumb","itemListElement":[{"@type":"ListItem","position":1,"name":"Accueil","item":"https:\/\/kapitalis.com\/tunisie\/"},{"@type":"ListItem","position":2,"name":"La pi\u00e8ce italienne \u2018\u2018Comme un grain de sable\u2019\u2019 \u00e0 El-Teatro \u00e0 Tunis"}]},{"@type":"WebSite","@id":"https:\/\/kapitalis.com\/tunisie\/#website","url":"https:\/\/kapitalis.com\/tunisie\/","name":"Kapitalis","description":"L&#039;actualit\u00e9 en Tunisie et dans le monde","publisher":{"@id":"https:\/\/kapitalis.com\/tunisie\/#organization"},"potentialAction":[{"@type":"SearchAction","target":{"@type":"EntryPoint","urlTemplate":"https:\/\/kapitalis.com\/tunisie\/?s={search_term_string}"},"query-input":{"@type":"PropertyValueSpecification","valueRequired":true,"valueName":"search_term_string"}}],"inLanguage":"fr-FR"},{"@type":"Organization","@id":"https:\/\/kapitalis.com\/tunisie\/#organization","name":"Kapitalis","url":"https:\/\/kapitalis.com\/tunisie\/","logo":{"@type":"ImageObject","inLanguage":"fr-FR","@id":"https:\/\/kapitalis.com\/tunisie\/#\/schema\/logo\/image\/","url":"https:\/\/kapitalis.com\/tunisie\/wp-content\/uploads\/2022\/05\/Kapitalis-big-size.png","contentUrl":"https:\/\/kapitalis.com\/tunisie\/wp-content\/uploads\/2022\/05\/Kapitalis-big-size.png","width":5000,"height":1500,"caption":"Kapitalis"},"image":{"@id":"https:\/\/kapitalis.com\/tunisie\/#\/schema\/logo\/image\/"},"sameAs":["https:\/\/www.facebook.com\/KapitalisInfo\/","https:\/\/x.com\/KapitalisInfo","https:\/\/www.youtube.com\/channel\/UC-yDYrHyfFBWWZaOw3FPg9Q"]},{"@type":"Person","@id":"https:\/\/kapitalis.com\/tunisie\/#\/schema\/person\/d71f33a9ca44f7bad4698210b480c8e9","name":"webmaster kapitalis","url":"https:\/\/kapitalis.com\/tunisie\/author\/webmaster-kapitalis\/"}]}},"_links":{"self":[{"href":"https:\/\/kapitalis.com\/tunisie\/wp-json\/wp\/v2\/posts\/14478485","targetHints":{"allow":["GET"]}}],"collection":[{"href":"https:\/\/kapitalis.com\/tunisie\/wp-json\/wp\/v2\/posts"}],"about":[{"href":"https:\/\/kapitalis.com\/tunisie\/wp-json\/wp\/v2\/types\/post"}],"author":[{"embeddable":true,"href":"https:\/\/kapitalis.com\/tunisie\/wp-json\/wp\/v2\/users\/8"}],"replies":[{"embeddable":true,"href":"https:\/\/kapitalis.com\/tunisie\/wp-json\/wp\/v2\/comments?post=14478485"}],"version-history":[{"count":1,"href":"https:\/\/kapitalis.com\/tunisie\/wp-json\/wp\/v2\/posts\/14478485\/revisions"}],"predecessor-version":[{"id":14478530,"href":"https:\/\/kapitalis.com\/tunisie\/wp-json\/wp\/v2\/posts\/14478485\/revisions\/14478530"}],"wp:featuredmedia":[{"embeddable":true,"href":"https:\/\/kapitalis.com\/tunisie\/wp-json\/wp\/v2\/media\/14478519"}],"wp:attachment":[{"href":"https:\/\/kapitalis.com\/tunisie\/wp-json\/wp\/v2\/media?parent=14478485"}],"wp:term":[{"taxonomy":"category","embeddable":true,"href":"https:\/\/kapitalis.com\/tunisie\/wp-json\/wp\/v2\/categories?post=14478485"},{"taxonomy":"post_tag","embeddable":true,"href":"https:\/\/kapitalis.com\/tunisie\/wp-json\/wp\/v2\/tags?post=14478485"}],"curies":[{"name":"wp","href":"https:\/\/api.w.org\/{rel}","templated":true}]}}