{"id":14494653,"date":"2024-11-02T09:52:33","date_gmt":"2024-11-02T08:52:33","guid":{"rendered":"https:\/\/kapitalis.com\/tunisie\/?p=14494653"},"modified":"2024-11-02T09:52:35","modified_gmt":"2024-11-02T08:52:35","slug":"appel-a-la-vigilance-face-a-la-faiblesse-des-nations-unies","status":"publish","type":"post","link":"https:\/\/kapitalis.com\/tunisie\/2024\/11\/02\/appel-a-la-vigilance-face-a-la-faiblesse-des-nations-unies\/","title":{"rendered":"Appel \u00e0 la vigilance face \u00e0 la faiblesse des Nations Unies"},"content":{"rendered":"\n<p><strong><em>Face au g\u00e9nocide perp\u00e9tr\u00e9 par l\u2019Etat d\u2019Isra\u00ebl depuis plus d\u2019un an \u00e0 Gaza, l\u2019Onu risque de perdre davantage de l\u00e9gitimit\u00e9 et d\u2019efficacit\u00e9, ouvrant la voie \u00e0 des aventures n\u00e9fastes, similaires \u00e0 celles travers\u00e9es par la Soci\u00e9t\u00e9 des Nations avant sa disparition.<\/em><\/strong><\/p>\n\n\n\n<p><strong>Khemais Gharbi<\/strong><\/p>\n\n\n\n<!--more-->\n\n\n<div class=\"wp-block-image\">\n<figure class=\"alignleft size-full\"><img loading=\"lazy\" decoding=\"async\" width=\"200\" height=\"200\" src=\"https:\/\/kapitalis.com\/tunisie\/wp-content\/uploads\/2024\/05\/Khemais-Gharbi.jpg\" alt=\"\" class=\"wp-image-13007410\" srcset=\"https:\/\/kapitalis.com\/tunisie\/wp-content\/uploads\/2024\/05\/Khemais-Gharbi.jpg 200w, https:\/\/kapitalis.com\/tunisie\/wp-content\/uploads\/2024\/05\/Khemais-Gharbi-150x150.jpg 150w, https:\/\/kapitalis.com\/tunisie\/wp-content\/uploads\/2024\/05\/Khemais-Gharbi-120x120.jpg 120w\" sizes=\"auto, (max-width: 200px) 100vw, 200px\" \/><\/figure>\n<\/div>\n\n\n<p>L\u2019espoir s\u2019est lev\u00e9 apr\u00e8s la Seconde Guerre mondiale avec la cr\u00e9ation de l\u2019Organisation des Nations Unies (Onu), un symbole de la volont\u00e9 humaine de b\u00e2tir un monde meilleur, o\u00f9 la guerre serait rel\u00e9gu\u00e9e au pass\u00e9.<\/p>\n\n\n\n<p>L\u2019Onu a \u00e9t\u00e9 con\u00e7ue pour corriger les erreurs de la Soci\u00e9t\u00e9 des Nations, mise en place apr\u00e8s la Premi\u00e8re Guerre mondiale mais qui n\u2019a pu emp\u00eacher la mont\u00e9e des conflits et la catastrophe de la Seconde Guerre mondiale. Pourtant, \u00e0 la lumi\u00e8re des d\u00e9fis contemporains, il devient imp\u00e9ratif d\u2019alerter sur le risque que la faiblesse actuelle de l\u2019Onu ne conduise \u00e0 une situation analogue \u00e0 celle de la Soci\u00e9t\u00e9 des Nations: sa disparition potentielle.<\/p>\n\n\n\n<p>L\u2019effondrement de la Soci\u00e9t\u00e9 des Nations est largement attribu\u00e9 \u00e0 son manque d\u2019autorit\u00e9. Absente d\u2019une force arm\u00e9e propre, elle a \u00e9t\u00e9 incapable d\u2019agir face \u00e0 des crises, telles que l\u2019invasion de la Mandchourie par le Japon ou l\u2019agression italienne contre l\u2019\u00c9thiopie. L\u2019absence des grandes puissances, comme les \u00c9tats-Unis, a \u00e9galement affaibli sa l\u00e9gitimit\u00e9, tout comme la mont\u00e9e des r\u00e9gimes totalitaires des ann\u00e9es 1930.<\/p>\n\n\n\n<h2 class=\"wp-block-heading\">Action entrav\u00e9e par des mandats restrictifs <\/h2>\n\n\n\n<p>Aujourd\u2019hui, l\u2019Onu est confront\u00e9e \u00e0 des d\u00e9fis similaires. Les conflits internes, notamment les guerres civiles et les luttes ethniques, rendent son intervention difficile, souvent entrav\u00e9e par des mandats restrictifs.<\/p>\n\n\n\n<p>Au sein du Conseil de s\u00e9curit\u00e9, les d\u00e9saccords entre les grandes puissances, aliment\u00e9s par l\u2019utilisation du droit de veto, paralysent l\u2019action de l\u2019organisation lorsque la crise l\u2019exige. Les \u00e9checs historiques dans la pr\u00e9vention des g\u00e9nocides, comme celui du Rwanda en 1994 ou la crise syrienne, soulignent l\u2019incapacit\u00e9 de l\u2019Onu \u00e0 prot\u00e9ger les civils face \u00e0 des signes pr\u00e9curseurs, un \u00e9chec r\u00e9sonnant avec ceux de la Soci\u00e9t\u00e9 des Nations.<\/p>\n\n\n\n<p>L\u2019un des aspects les plus pr\u00e9occupants de l\u2019inaction de l\u2019Onu est la situation tragique des Palestiniens, qui souffrent de violences et de violations r\u00e9p\u00e9t\u00e9es de leurs droits. Au cours de l\u2019ann\u00e9e \u00e9coul\u00e9e, le g\u00e9nocide des Palestiniens a pris une ampleur alarmante. L\u2019incapacit\u00e9 de l\u2019Onu \u00e0 mettre fin \u00e0 ces atrocit\u00e9s et \u00e0 prot\u00e9ger les civils t\u00e9moigne non seulement d\u2019un manque d\u2019efficacit\u00e9, mais \u00e9galement d\u2019une inqui\u00e9tante stagnation face \u00e0 des crises qui exigent une action imm\u00e9diate et d\u00e9cisive. Les r\u00e9solutions et les appels \u00e0 l\u2019action restent lettre morte, et les pertes humaines s\u2019accumulent tandis que la communaut\u00e9 internationale observe, souvent paralys\u00e9e par des consid\u00e9rations politiques.<\/p>\n\n\n\n<p>R\u00e9cemment, le Parlement isra\u00e9lien a vot\u00e9 en faveur d\u2019un projet de loi interdisant les activit\u00e9s en Isra\u00ebl de l\u2019Agence des Nations unies pour les r\u00e9fugi\u00e9s palestiniens (Unrwa), qui fournit de l\u2019aide aux Palestiniens depuis 70 ans. Cette d\u00e9cision repr\u00e9sente peut-\u00eatre le coup de gr\u00e2ce pour l\u2019Onu, r\u00e9v\u00e9lant \u00e0 quel point son autorit\u00e9 et son efficacit\u00e9 sont remises en question.<\/p>\n\n\n\n<p>En laissant le g\u00e9nocide des Palestiniens se poursuivre sans r\u00e9ponse concr\u00e8te, l\u2019organisation risque non seulement d\u2019\u00e9roder ce qui reste de sa l\u00e9gitimit\u00e9, mais aussi de perdre l\u2019un de ses m\u00e9canismes cl\u00e9s de soutien humanitaire.<\/p>\n\n\n\n<p>Les crises humanitaires et les violations des droits de l\u2019homme continuent de cro\u00eetre, illustrant la n\u00e9cessit\u00e9 d\u2019une r\u00e9ponse globale et efficace.<\/p>\n\n\n\n<h2 class=\"wp-block-heading\">Renforcer le syst\u00e8me multilat\u00e9ral <\/h2>\n\n\n\n<p>Parmi les questions politiques persistantes, le sort des r\u00e9fugi\u00e9s palestiniens t\u00e9moigne de l\u2019absence de solutions durables depuis 1948, laissant place \u00e0 des conditions de vie pr\u00e9caires et \u00e0 des tensions de plus en plus palpables. Ce manque de respect pour les d\u00e9cisions internationales fragilise encore davantage le syst\u00e8me.<\/p>\n\n\n\n<p>Il est donc devenu urgent d\u2019agir pour renforcer le syst\u00e8me multilat\u00e9ral et \u00e9viter un cycle similaire de d\u00e9faillance et de conflit. La communaut\u00e9 internationale doit apprendre des le\u00e7ons du pass\u00e9 et s\u2019engager \u00e0 revigorer l\u2019Onu, \u00e0 travers une volont\u00e9 collective, un dialogue sinc\u00e8re et des efforts concert\u00e9s.&nbsp;<\/p>\n\n\n\n<p>Sans un engagement s\u00e9rieux des \u00c9tats membres, l\u2019Onu risque de perdre davantage de l\u00e9gitimit\u00e9 et d\u2019efficacit\u00e9, ouvrant la voie \u00e0 des aventures n\u00e9fastes, similaires \u00e0 celles travers\u00e9es par la Soci\u00e9t\u00e9 des Nations avant sa disparition. Ce constat, loin d\u2019\u00eatre un simple alarmisme, est un appel \u00e0 la responsabilit\u00e9 collective pour la paix et la s\u00e9curit\u00e9 mondiales. Le temps est venu d\u2019agir avant qu\u2019il ne soit trop tard.<\/p>\n\n\n\n<p><em>* Traducteur et \u00e9crivain.<\/em><\/p>\n","protected":false},"excerpt":{"rendered":"<p>L\u2019un des aspects les plus pr\u00e9occupants de l\u2019inaction de l\u2019Onu est la situation tragique des Palestiniens. <\/p>\n","protected":false},"author":8,"featured_media":10812760,"comment_status":"open","ping_status":"open","sticky":false,"template":"","format":"standard","meta":{"footnotes":""},"categories":[992,997,1000,2433],"tags":[2444,111719,2478,4013,3194,2739,88153,111852],"class_list":["post-14494653","post","type-post","status-publish","format-standard","has-post-thumbnail","hentry","category-a-la-une","category-politique","category-tribune","category-tunisie","tag-gaza","tag-genocide","tag-israel","tag-nations-unies","tag-onu","tag-palestiniens","tag-societe-des-nations","tag-unrwa"],"yoast_head":"<!-- This site is optimized with the Yoast SEO plugin v26.6 - https:\/\/yoast.com\/wordpress\/plugins\/seo\/ -->\n<title>Appel \u00e0 la vigilance face \u00e0 la faiblesse des Nations Unies - Kapitalis<\/title>\n<meta name=\"robots\" content=\"index, follow, max-snippet:-1, max-image-preview:large, max-video-preview:-1\" \/>\n<link rel=\"canonical\" href=\"https:\/\/kapitalis.com\/tunisie\/2024\/11\/02\/appel-a-la-vigilance-face-a-la-faiblesse-des-nations-unies\/\" \/>\n<meta property=\"og:locale\" content=\"fr_FR\" \/>\n<meta property=\"og:type\" content=\"article\" \/>\n<meta property=\"og:title\" content=\"Appel \u00e0 la vigilance face \u00e0 la faiblesse des Nations Unies - Kapitalis\" \/>\n<meta property=\"og:description\" content=\"L\u2019un des aspects les plus pr\u00e9occupants de l\u2019inaction de l\u2019Onu est la situation tragique des Palestiniens.\" \/>\n<meta property=\"og:url\" content=\"https:\/\/kapitalis.com\/tunisie\/2024\/11\/02\/appel-a-la-vigilance-face-a-la-faiblesse-des-nations-unies\/\" \/>\n<meta property=\"og:site_name\" content=\"Kapitalis\" \/>\n<meta property=\"article:publisher\" content=\"https:\/\/www.facebook.com\/KapitalisInfo\/\" \/>\n<meta property=\"article:published_time\" content=\"2024-11-02T08:52:33+00:00\" \/>\n<meta property=\"article:modified_time\" content=\"2024-11-02T08:52:35+00:00\" \/>\n<meta property=\"og:image\" content=\"https:\/\/kapitalis.com\/tunisie\/wp-content\/uploads\/2023\/12\/Nations-Unies.jpg\" \/>\n\t<meta property=\"og:image:width\" content=\"1200\" \/>\n\t<meta property=\"og:image:height\" content=\"630\" \/>\n\t<meta property=\"og:image:type\" content=\"image\/jpeg\" \/>\n<meta name=\"author\" content=\"webmaster kapitalis\" \/>\n<meta name=\"twitter:card\" content=\"summary_large_image\" \/>\n<meta name=\"twitter:creator\" content=\"@KapitalisInfo\" \/>\n<meta name=\"twitter:site\" content=\"@KapitalisInfo\" \/>\n<meta name=\"twitter:label1\" content=\"\u00c9crit par\" \/>\n\t<meta name=\"twitter:data1\" content=\"webmaster kapitalis\" \/>\n\t<meta name=\"twitter:label2\" content=\"Dur\u00e9e de lecture estim\u00e9e\" \/>\n\t<meta name=\"twitter:data2\" content=\"5 minutes\" \/>\n<script type=\"application\/ld+json\" class=\"yoast-schema-graph\">{\"@context\":\"https:\/\/schema.org\",\"@graph\":[{\"@type\":\"Article\",\"@id\":\"https:\/\/kapitalis.com\/tunisie\/2024\/11\/02\/appel-a-la-vigilance-face-a-la-faiblesse-des-nations-unies\/#article\",\"isPartOf\":{\"@id\":\"https:\/\/kapitalis.com\/tunisie\/2024\/11\/02\/appel-a-la-vigilance-face-a-la-faiblesse-des-nations-unies\/\"},\"author\":{\"name\":\"webmaster kapitalis\",\"@id\":\"https:\/\/kapitalis.com\/tunisie\/#\/schema\/person\/d71f33a9ca44f7bad4698210b480c8e9\"},\"headline\":\"Appel \u00e0 la vigilance face \u00e0 la faiblesse des Nations Unies\",\"datePublished\":\"2024-11-02T08:52:33+00:00\",\"dateModified\":\"2024-11-02T08:52:35+00:00\",\"mainEntityOfPage\":{\"@id\":\"https:\/\/kapitalis.com\/tunisie\/2024\/11\/02\/appel-a-la-vigilance-face-a-la-faiblesse-des-nations-unies\/\"},\"wordCount\":842,\"commentCount\":0,\"publisher\":{\"@id\":\"https:\/\/kapitalis.com\/tunisie\/#organization\"},\"image\":{\"@id\":\"https:\/\/kapitalis.com\/tunisie\/2024\/11\/02\/appel-a-la-vigilance-face-a-la-faiblesse-des-nations-unies\/#primaryimage\"},\"thumbnailUrl\":\"https:\/\/kapitalis.com\/tunisie\/wp-content\/uploads\/2023\/12\/Nations-Unies.jpg\",\"keywords\":[\"Gaza\",\"g\u00e9nocide\",\"Isra\u00ebl\",\"Nations unies\",\"Onu\",\"Palestiniens\",\"Soci\u00e9t\u00e9 des nations\",\"UNRWA\"],\"articleSection\":[\"A LA UNE\",\"POLITIQUE\",\"TRIBUNE\",\"Tunisie\"],\"inLanguage\":\"fr-FR\",\"potentialAction\":[{\"@type\":\"CommentAction\",\"name\":\"Comment\",\"target\":[\"https:\/\/kapitalis.com\/tunisie\/2024\/11\/02\/appel-a-la-vigilance-face-a-la-faiblesse-des-nations-unies\/#respond\"]}]},{\"@type\":\"WebPage\",\"@id\":\"https:\/\/kapitalis.com\/tunisie\/2024\/11\/02\/appel-a-la-vigilance-face-a-la-faiblesse-des-nations-unies\/\",\"url\":\"https:\/\/kapitalis.com\/tunisie\/2024\/11\/02\/appel-a-la-vigilance-face-a-la-faiblesse-des-nations-unies\/\",\"name\":\"Appel \u00e0 la vigilance face \u00e0 la faiblesse des Nations Unies - Kapitalis\",\"isPartOf\":{\"@id\":\"https:\/\/kapitalis.com\/tunisie\/#website\"},\"primaryImageOfPage\":{\"@id\":\"https:\/\/kapitalis.com\/tunisie\/2024\/11\/02\/appel-a-la-vigilance-face-a-la-faiblesse-des-nations-unies\/#primaryimage\"},\"image\":{\"@id\":\"https:\/\/kapitalis.com\/tunisie\/2024\/11\/02\/appel-a-la-vigilance-face-a-la-faiblesse-des-nations-unies\/#primaryimage\"},\"thumbnailUrl\":\"https:\/\/kapitalis.com\/tunisie\/wp-content\/uploads\/2023\/12\/Nations-Unies.jpg\",\"datePublished\":\"2024-11-02T08:52:33+00:00\",\"dateModified\":\"2024-11-02T08:52:35+00:00\",\"breadcrumb\":{\"@id\":\"https:\/\/kapitalis.com\/tunisie\/2024\/11\/02\/appel-a-la-vigilance-face-a-la-faiblesse-des-nations-unies\/#breadcrumb\"},\"inLanguage\":\"fr-FR\",\"potentialAction\":[{\"@type\":\"ReadAction\",\"target\":[\"https:\/\/kapitalis.com\/tunisie\/2024\/11\/02\/appel-a-la-vigilance-face-a-la-faiblesse-des-nations-unies\/\"]}]},{\"@type\":\"ImageObject\",\"inLanguage\":\"fr-FR\",\"@id\":\"https:\/\/kapitalis.com\/tunisie\/2024\/11\/02\/appel-a-la-vigilance-face-a-la-faiblesse-des-nations-unies\/#primaryimage\",\"url\":\"https:\/\/kapitalis.com\/tunisie\/wp-content\/uploads\/2023\/12\/Nations-Unies.jpg\",\"contentUrl\":\"https:\/\/kapitalis.com\/tunisie\/wp-content\/uploads\/2023\/12\/Nations-Unies.jpg\",\"width\":1200,\"height\":630},{\"@type\":\"BreadcrumbList\",\"@id\":\"https:\/\/kapitalis.com\/tunisie\/2024\/11\/02\/appel-a-la-vigilance-face-a-la-faiblesse-des-nations-unies\/#breadcrumb\",\"itemListElement\":[{\"@type\":\"ListItem\",\"position\":1,\"name\":\"Accueil\",\"item\":\"https:\/\/kapitalis.com\/tunisie\/\"},{\"@type\":\"ListItem\",\"position\":2,\"name\":\"Appel \u00e0 la vigilance face \u00e0 la faiblesse des Nations Unies\"}]},{\"@type\":\"WebSite\",\"@id\":\"https:\/\/kapitalis.com\/tunisie\/#website\",\"url\":\"https:\/\/kapitalis.com\/tunisie\/\",\"name\":\"Kapitalis\",\"description\":\"L&#039;actualit\u00e9 en Tunisie et dans le monde\",\"publisher\":{\"@id\":\"https:\/\/kapitalis.com\/tunisie\/#organization\"},\"potentialAction\":[{\"@type\":\"SearchAction\",\"target\":{\"@type\":\"EntryPoint\",\"urlTemplate\":\"https:\/\/kapitalis.com\/tunisie\/?s={search_term_string}\"},\"query-input\":{\"@type\":\"PropertyValueSpecification\",\"valueRequired\":true,\"valueName\":\"search_term_string\"}}],\"inLanguage\":\"fr-FR\"},{\"@type\":\"Organization\",\"@id\":\"https:\/\/kapitalis.com\/tunisie\/#organization\",\"name\":\"Kapitalis\",\"url\":\"https:\/\/kapitalis.com\/tunisie\/\",\"logo\":{\"@type\":\"ImageObject\",\"inLanguage\":\"fr-FR\",\"@id\":\"https:\/\/kapitalis.com\/tunisie\/#\/schema\/logo\/image\/\",\"url\":\"https:\/\/kapitalis.com\/tunisie\/wp-content\/uploads\/2022\/05\/Kapitalis-big-size.png\",\"contentUrl\":\"https:\/\/kapitalis.com\/tunisie\/wp-content\/uploads\/2022\/05\/Kapitalis-big-size.png\",\"width\":5000,\"height\":1500,\"caption\":\"Kapitalis\"},\"image\":{\"@id\":\"https:\/\/kapitalis.com\/tunisie\/#\/schema\/logo\/image\/\"},\"sameAs\":[\"https:\/\/www.facebook.com\/KapitalisInfo\/\",\"https:\/\/x.com\/KapitalisInfo\",\"https:\/\/www.youtube.com\/channel\/UC-yDYrHyfFBWWZaOw3FPg9Q\"]},{\"@type\":\"Person\",\"@id\":\"https:\/\/kapitalis.com\/tunisie\/#\/schema\/person\/d71f33a9ca44f7bad4698210b480c8e9\",\"name\":\"webmaster kapitalis\",\"url\":\"https:\/\/kapitalis.com\/tunisie\/author\/webmaster-kapitalis\/\"}]}<\/script>\n<!-- \/ Yoast SEO plugin. -->","yoast_head_json":{"title":"Appel \u00e0 la vigilance face \u00e0 la faiblesse des Nations Unies - Kapitalis","robots":{"index":"index","follow":"follow","max-snippet":"max-snippet:-1","max-image-preview":"max-image-preview:large","max-video-preview":"max-video-preview:-1"},"canonical":"https:\/\/kapitalis.com\/tunisie\/2024\/11\/02\/appel-a-la-vigilance-face-a-la-faiblesse-des-nations-unies\/","og_locale":"fr_FR","og_type":"article","og_title":"Appel \u00e0 la vigilance face \u00e0 la faiblesse des Nations Unies - Kapitalis","og_description":"L\u2019un des aspects les plus pr\u00e9occupants de l\u2019inaction de l\u2019Onu est la situation tragique des Palestiniens.","og_url":"https:\/\/kapitalis.com\/tunisie\/2024\/11\/02\/appel-a-la-vigilance-face-a-la-faiblesse-des-nations-unies\/","og_site_name":"Kapitalis","article_publisher":"https:\/\/www.facebook.com\/KapitalisInfo\/","article_published_time":"2024-11-02T08:52:33+00:00","article_modified_time":"2024-11-02T08:52:35+00:00","og_image":[{"width":1200,"height":630,"url":"https:\/\/kapitalis.com\/tunisie\/wp-content\/uploads\/2023\/12\/Nations-Unies.jpg","type":"image\/jpeg"}],"author":"webmaster kapitalis","twitter_card":"summary_large_image","twitter_creator":"@KapitalisInfo","twitter_site":"@KapitalisInfo","twitter_misc":{"\u00c9crit par":"webmaster kapitalis","Dur\u00e9e de lecture estim\u00e9e":"5 minutes"},"schema":{"@context":"https:\/\/schema.org","@graph":[{"@type":"Article","@id":"https:\/\/kapitalis.com\/tunisie\/2024\/11\/02\/appel-a-la-vigilance-face-a-la-faiblesse-des-nations-unies\/#article","isPartOf":{"@id":"https:\/\/kapitalis.com\/tunisie\/2024\/11\/02\/appel-a-la-vigilance-face-a-la-faiblesse-des-nations-unies\/"},"author":{"name":"webmaster kapitalis","@id":"https:\/\/kapitalis.com\/tunisie\/#\/schema\/person\/d71f33a9ca44f7bad4698210b480c8e9"},"headline":"Appel \u00e0 la vigilance face \u00e0 la faiblesse des Nations Unies","datePublished":"2024-11-02T08:52:33+00:00","dateModified":"2024-11-02T08:52:35+00:00","mainEntityOfPage":{"@id":"https:\/\/kapitalis.com\/tunisie\/2024\/11\/02\/appel-a-la-vigilance-face-a-la-faiblesse-des-nations-unies\/"},"wordCount":842,"commentCount":0,"publisher":{"@id":"https:\/\/kapitalis.com\/tunisie\/#organization"},"image":{"@id":"https:\/\/kapitalis.com\/tunisie\/2024\/11\/02\/appel-a-la-vigilance-face-a-la-faiblesse-des-nations-unies\/#primaryimage"},"thumbnailUrl":"https:\/\/kapitalis.com\/tunisie\/wp-content\/uploads\/2023\/12\/Nations-Unies.jpg","keywords":["Gaza","g\u00e9nocide","Isra\u00ebl","Nations unies","Onu","Palestiniens","Soci\u00e9t\u00e9 des nations","UNRWA"],"articleSection":["A LA UNE","POLITIQUE","TRIBUNE","Tunisie"],"inLanguage":"fr-FR","potentialAction":[{"@type":"CommentAction","name":"Comment","target":["https:\/\/kapitalis.com\/tunisie\/2024\/11\/02\/appel-a-la-vigilance-face-a-la-faiblesse-des-nations-unies\/#respond"]}]},{"@type":"WebPage","@id":"https:\/\/kapitalis.com\/tunisie\/2024\/11\/02\/appel-a-la-vigilance-face-a-la-faiblesse-des-nations-unies\/","url":"https:\/\/kapitalis.com\/tunisie\/2024\/11\/02\/appel-a-la-vigilance-face-a-la-faiblesse-des-nations-unies\/","name":"Appel \u00e0 la vigilance face \u00e0 la faiblesse des Nations Unies - Kapitalis","isPartOf":{"@id":"https:\/\/kapitalis.com\/tunisie\/#website"},"primaryImageOfPage":{"@id":"https:\/\/kapitalis.com\/tunisie\/2024\/11\/02\/appel-a-la-vigilance-face-a-la-faiblesse-des-nations-unies\/#primaryimage"},"image":{"@id":"https:\/\/kapitalis.com\/tunisie\/2024\/11\/02\/appel-a-la-vigilance-face-a-la-faiblesse-des-nations-unies\/#primaryimage"},"thumbnailUrl":"https:\/\/kapitalis.com\/tunisie\/wp-content\/uploads\/2023\/12\/Nations-Unies.jpg","datePublished":"2024-11-02T08:52:33+00:00","dateModified":"2024-11-02T08:52:35+00:00","breadcrumb":{"@id":"https:\/\/kapitalis.com\/tunisie\/2024\/11\/02\/appel-a-la-vigilance-face-a-la-faiblesse-des-nations-unies\/#breadcrumb"},"inLanguage":"fr-FR","potentialAction":[{"@type":"ReadAction","target":["https:\/\/kapitalis.com\/tunisie\/2024\/11\/02\/appel-a-la-vigilance-face-a-la-faiblesse-des-nations-unies\/"]}]},{"@type":"ImageObject","inLanguage":"fr-FR","@id":"https:\/\/kapitalis.com\/tunisie\/2024\/11\/02\/appel-a-la-vigilance-face-a-la-faiblesse-des-nations-unies\/#primaryimage","url":"https:\/\/kapitalis.com\/tunisie\/wp-content\/uploads\/2023\/12\/Nations-Unies.jpg","contentUrl":"https:\/\/kapitalis.com\/tunisie\/wp-content\/uploads\/2023\/12\/Nations-Unies.jpg","width":1200,"height":630},{"@type":"BreadcrumbList","@id":"https:\/\/kapitalis.com\/tunisie\/2024\/11\/02\/appel-a-la-vigilance-face-a-la-faiblesse-des-nations-unies\/#breadcrumb","itemListElement":[{"@type":"ListItem","position":1,"name":"Accueil","item":"https:\/\/kapitalis.com\/tunisie\/"},{"@type":"ListItem","position":2,"name":"Appel \u00e0 la vigilance face \u00e0 la faiblesse des Nations Unies"}]},{"@type":"WebSite","@id":"https:\/\/kapitalis.com\/tunisie\/#website","url":"https:\/\/kapitalis.com\/tunisie\/","name":"Kapitalis","description":"L&#039;actualit\u00e9 en Tunisie et dans le monde","publisher":{"@id":"https:\/\/kapitalis.com\/tunisie\/#organization"},"potentialAction":[{"@type":"SearchAction","target":{"@type":"EntryPoint","urlTemplate":"https:\/\/kapitalis.com\/tunisie\/?s={search_term_string}"},"query-input":{"@type":"PropertyValueSpecification","valueRequired":true,"valueName":"search_term_string"}}],"inLanguage":"fr-FR"},{"@type":"Organization","@id":"https:\/\/kapitalis.com\/tunisie\/#organization","name":"Kapitalis","url":"https:\/\/kapitalis.com\/tunisie\/","logo":{"@type":"ImageObject","inLanguage":"fr-FR","@id":"https:\/\/kapitalis.com\/tunisie\/#\/schema\/logo\/image\/","url":"https:\/\/kapitalis.com\/tunisie\/wp-content\/uploads\/2022\/05\/Kapitalis-big-size.png","contentUrl":"https:\/\/kapitalis.com\/tunisie\/wp-content\/uploads\/2022\/05\/Kapitalis-big-size.png","width":5000,"height":1500,"caption":"Kapitalis"},"image":{"@id":"https:\/\/kapitalis.com\/tunisie\/#\/schema\/logo\/image\/"},"sameAs":["https:\/\/www.facebook.com\/KapitalisInfo\/","https:\/\/x.com\/KapitalisInfo","https:\/\/www.youtube.com\/channel\/UC-yDYrHyfFBWWZaOw3FPg9Q"]},{"@type":"Person","@id":"https:\/\/kapitalis.com\/tunisie\/#\/schema\/person\/d71f33a9ca44f7bad4698210b480c8e9","name":"webmaster kapitalis","url":"https:\/\/kapitalis.com\/tunisie\/author\/webmaster-kapitalis\/"}]}},"_links":{"self":[{"href":"https:\/\/kapitalis.com\/tunisie\/wp-json\/wp\/v2\/posts\/14494653","targetHints":{"allow":["GET"]}}],"collection":[{"href":"https:\/\/kapitalis.com\/tunisie\/wp-json\/wp\/v2\/posts"}],"about":[{"href":"https:\/\/kapitalis.com\/tunisie\/wp-json\/wp\/v2\/types\/post"}],"author":[{"embeddable":true,"href":"https:\/\/kapitalis.com\/tunisie\/wp-json\/wp\/v2\/users\/8"}],"replies":[{"embeddable":true,"href":"https:\/\/kapitalis.com\/tunisie\/wp-json\/wp\/v2\/comments?post=14494653"}],"version-history":[{"count":1,"href":"https:\/\/kapitalis.com\/tunisie\/wp-json\/wp\/v2\/posts\/14494653\/revisions"}],"predecessor-version":[{"id":14494708,"href":"https:\/\/kapitalis.com\/tunisie\/wp-json\/wp\/v2\/posts\/14494653\/revisions\/14494708"}],"wp:featuredmedia":[{"embeddable":true,"href":"https:\/\/kapitalis.com\/tunisie\/wp-json\/wp\/v2\/media\/10812760"}],"wp:attachment":[{"href":"https:\/\/kapitalis.com\/tunisie\/wp-json\/wp\/v2\/media?parent=14494653"}],"wp:term":[{"taxonomy":"category","embeddable":true,"href":"https:\/\/kapitalis.com\/tunisie\/wp-json\/wp\/v2\/categories?post=14494653"},{"taxonomy":"post_tag","embeddable":true,"href":"https:\/\/kapitalis.com\/tunisie\/wp-json\/wp\/v2\/tags?post=14494653"}],"curies":[{"name":"wp","href":"https:\/\/api.w.org\/{rel}","templated":true}]}}