{"id":14506755,"date":"2024-11-03T08:50:00","date_gmt":"2024-11-03T07:50:00","guid":{"rendered":"https:\/\/kapitalis.com\/tunisie\/?p=14506755"},"modified":"2024-11-03T07:58:05","modified_gmt":"2024-11-03T06:58:05","slug":"la-france-reconnait-lassassinat-de-larbi-ben-mhidi-trop-peu-trop-tard","status":"publish","type":"post","link":"https:\/\/kapitalis.com\/tunisie\/2024\/11\/03\/la-france-reconnait-lassassinat-de-larbi-ben-mhidi-trop-peu-trop-tard\/","title":{"rendered":"La France reconna\u00eet l\u2019assassinat de Larbi Ben M\u2019hidi\u00a0: trop peu, trop tard"},"content":{"rendered":"\n<p><strong><em>Bien que la reconnaissance par Emmanuel Macron de l\u2019assassinat de Larbi Ben M\u2019hidi puisse \u00eatre interpr\u00e9t\u00e9e comme un geste symbolique important, certains observateurs estiment qu\u2019il reste insuffisant pour atteindre une v\u00e9ritable r\u00e9conciliation entre la France et l\u2019Alg\u00e9rie.<\/em><\/strong><\/p>\n\n\n\n<p><strong>Djamal Guettala<\/strong><\/p>\n\n\n\n<!--more-->\n\n\n\n<p>\u00c0 l&rsquo;occasion du 70<sup>e<\/sup> anniversaire de l&rsquo;insurrection du 1er novembre 1954, Emmanuel Macron a reconnu officiellement que Larbi Ben M\u2019hidi, l\u2019un des leaders embl\u00e9matiques du Front de lib\u00e9ration nationale (FLN), avait \u00e9t\u00e9 assassin\u00e9 par des militaires fran\u00e7ais en 1957 lors de la bataille d\u2019Alger, marquant ainsi un tournant significatif dans la relation historique complexe entre la France et l\u2019Alg\u00e9rie.<\/p>\n\n\n\n<p>Dans un communiqu\u00e9 publi\u00e9 par l\u2019\u00c9lys\u00e9e, le pr\u00e9sident a soulign\u00e9 que Ben M\u2019hidi, consid\u00e9r\u00e9 comme un h\u00e9ros national en Alg\u00e9rie, a \u00e9t\u00e9 tu\u00e9 sous le commandement du g\u00e9n\u00e9ral Paul Aussaresses. Ce dernier avait admis son acte criminel dans les ann\u00e9es 2000, contredisant la version officielle qui pr\u00e9tendait qu\u2019il s\u2019\u00e9tait suicid\u00e9.<\/p>\n\n\n<div class=\"wp-block-image\">\n<figure class=\"aligncenter size-large\"><img loading=\"lazy\" decoding=\"async\" width=\"1024\" height=\"538\" src=\"https:\/\/kapitalis.com\/tunisie\/wp-content\/uploads\/2024\/11\/Film-Larbi-Ben-Mhidi-de-Bachir-Derrais-1024x538.jpg\" alt=\"\" class=\"wp-image-14506917\" srcset=\"https:\/\/kapitalis.com\/tunisie\/wp-content\/uploads\/2024\/11\/Film-Larbi-Ben-Mhidi-de-Bachir-Derrais-1024x538.jpg 1024w, https:\/\/kapitalis.com\/tunisie\/wp-content\/uploads\/2024\/11\/Film-Larbi-Ben-Mhidi-de-Bachir-Derrais-300x158.jpg 300w, https:\/\/kapitalis.com\/tunisie\/wp-content\/uploads\/2024\/11\/Film-Larbi-Ben-Mhidi-de-Bachir-Derrais-768x403.jpg 768w, https:\/\/kapitalis.com\/tunisie\/wp-content\/uploads\/2024\/11\/Film-Larbi-Ben-Mhidi-de-Bachir-Derrais-580x305.jpg 580w, https:\/\/kapitalis.com\/tunisie\/wp-content\/uploads\/2024\/11\/Film-Larbi-Ben-Mhidi-de-Bachir-Derrais-860x452.jpg 860w, https:\/\/kapitalis.com\/tunisie\/wp-content\/uploads\/2024\/11\/Film-Larbi-Ben-Mhidi-de-Bachir-Derrais-1160x609.jpg 1160w, https:\/\/kapitalis.com\/tunisie\/wp-content\/uploads\/2024\/11\/Film-Larbi-Ben-Mhidi-de-Bachir-Derrais.jpg 1200w\" sizes=\"auto, (max-width: 1024px) 100vw, 1024px\" \/><figcaption class=\"wp-element-caption\"><em>Film \u00ab\u00a0Larbi Ben M&rsquo;hidi\u00a0\u00bb de Bachir Derrais (2024).<\/em> <\/figcaption><\/figure>\n<\/div>\n\n\n<p>Macron a d\u00e9clar\u00e9 que cette reconnaissance constitue un acte essentiel pour avancer vers une <em>\u00abm\u00e9moire apais\u00e9e et partag\u00e9e\u00bb<\/em> entre les deux pays. Il a ajout\u00e9 que ce geste s\u2019inscrit dans le cadre d\u2019un dialogue continu entre Paris et Alger, initi\u00e9 par le pr\u00e9sident fran\u00e7ais et son homologue alg\u00e9rien, Abdelmadjid Tebboune. <em>\u00abCette reconnaissance t\u00e9moigne d\u2019un engagement \u00e0 poursuivre le travail de v\u00e9rit\u00e9 historique\u00bb<\/em>, a indiqu\u00e9 le palais pr\u00e9sidentiel.<\/p>\n\n\n\n<p>Les relations franco-alg\u00e9riennes, encore marqu\u00e9es par les blessures de la guerre d\u2019Alg\u00e9rie (1954-1962), ont souvent \u00e9t\u00e9 tendues. Cependant, les r\u00e9centes d\u00e9clarations de Macron, y compris celles concernant d\u2019autres figures comme Maurice Audin et Ali Boumendjel, montrent une volont\u00e9 de la France d\u2019affronter son pass\u00e9 colonial et d&rsquo;engager un processus de r\u00e9conciliation.<\/p>\n\n\n\n<h2 class=\"wp-block-heading\">Risque de rejet d\u2019une m\u00e9moire partag\u00e9e<\/h2>\n\n\n\n<p>Cependant, ce type de reconnaissance arrive tardivement, \u00e0 un moment o\u00f9 de nombreux t\u00e9moins et victimes directes de la guerre d\u2019Alg\u00e9rie ne sont plus en vie. Cette lenteur dans le processus de reconnaissance semble r\u00e9v\u00e9latrice d\u2019une r\u00e9ticence de la France \u00e0 faire face pleinement aux crimes et aux responsabilit\u00e9s de son pass\u00e9 colonial.<\/p>\n\n\n\n<p>Pour beaucoup, la reconnaissance de cet assassinat reste avant tout un acte symbolique et n\u2019engage pas la France \u00e0 des r\u00e9parations concr\u00e8tes ou \u00e0 des excuses officielles pour l\u2019ensemble des violences subies par le peuple alg\u00e9rien.<\/p>\n\n\n\n<p>L\u2019appel de Macron \u00e0 une <em>\u00abm\u00e9moire apais\u00e9e et partag\u00e9e\u00bb<\/em> peut \u00e9galement \u00eatre per\u00e7u comme na\u00eff. Les cicatrices de la guerre d\u2019Alg\u00e9rie demeurent profondes, et nombre d\u2019Alg\u00e9riens estiment que la reconnaissance de certains actes, bien que n\u00e9cessaire, ne suffit pas pour effacer les injustices perp\u00e9tr\u00e9es pendant 130 ans de colonisation.<\/p>\n\n\n\n<figure class=\"wp-block-embed is-type-wp-embed is-provider-kapitalis wp-block-embed-kapitalis\"><div class=\"wp-block-embed__wrapper\">\n<blockquote class=\"wp-embedded-content\" data-secret=\"VS7ejanvCj\"><a href=\"https:\/\/kapitalis.com\/tunisie\/2020\/01\/27\/france-algerie-memoires-incandescentes\/\">France-Alg\u00e9rie : M\u00e9moires incandescentes<\/a><\/blockquote><iframe loading=\"lazy\" class=\"wp-embedded-content\" sandbox=\"allow-scripts\" security=\"restricted\" style=\"position: absolute; visibility: hidden;\" title=\"\u00ab\u00a0France-Alg\u00e9rie : M\u00e9moires incandescentes\u00a0\u00bb &#8212; Kapitalis\" src=\"https:\/\/kapitalis.com\/tunisie\/2020\/01\/27\/france-algerie-memoires-incandescentes\/embed\/#?secret=6TBJ0eOhZi#?secret=VS7ejanvCj\" data-secret=\"VS7ejanvCj\" width=\"600\" height=\"338\" frameborder=\"0\" marginwidth=\"0\" marginheight=\"0\" scrolling=\"no\"><\/iframe>\n<\/div><\/figure>\n\n\n\n<p>Pour certains, la r\u00e9conciliation ne peut \u00eatre sinc\u00e8re sans des actions concr\u00e8tes en mati\u00e8re de justice r\u00e9paratrice, et un effort plus profond pour faire la lumi\u00e8re sur l\u2019ensemble des exactions commises par l&rsquo;arm\u00e9e fran\u00e7aise.<\/p>\n\n\n\n<p>D\u2019un point de vue critique, la d\u00e9marche de reconnaissance s\u2019inscrit davantage dans une strat\u00e9gie d\u2019apaisement au profit de la France elle-m\u00eame, cherchant \u00e0 am\u00e9liorer son image dans le monde.<\/p>\n\n\n\n<h2 class=\"wp-block-heading\">Une fa\u00e7on de \u00abblanchir\u00bb le pass\u00e9 colonial<\/h2>\n\n\n\n<p>Pour certains, ce processus de r\u00e9conciliation est une mani\u00e8re pour l\u2019\u00c9tat fran\u00e7ais d\u2019\u00e9viter des demandes de compensation financi\u00e8re ou des poursuites judiciaires, tout en se montrant sous un jour favorable. En ce sens, cette reconnaissance partielle peut \u00eatre per\u00e7ue comme une fa\u00e7on de <em>\u00abblanchir\u00bb<\/em> le pass\u00e9 colonial, sans jamais en assumer les r\u00e9elles cons\u00e9quences.<\/p>\n\n\n\n<p>Larbi Ben M&rsquo;hidi, n\u00e9 en 1923 dans les Aur\u00e8s, a jou\u00e9 un r\u00f4le crucial dans l\u2019organisation de la r\u00e9sistance alg\u00e9rienne contre la colonisation fran\u00e7aise. Responsable de la <em>\u00abzone autonome d\u2019Alger\u00bb<\/em> \u00e0 partir de 1956, il est souvent d\u00e9crit comme le <em>\u00abJean Moulin alg\u00e9rien\u00bb<\/em>, en r\u00e9f\u00e9rence au h\u00e9ros de la r\u00e9sistance fran\u00e7aise contre l\u2019occupation allemande, lui aussi ex\u00e9cut\u00e9 par les occupants, et ce en raison de son charisme et de son leadership durant les combats.<\/p>\n\n\n\n<p>Son arrestation le 23 f\u00e9vrier 1957, o\u00f9 il fut exhib\u00e9 devant la presse menott\u00e9, a choqu\u00e9 l\u2019opinion publique. Malgr\u00e9 les circonstances tragiques de sa mort, sa m\u00e9moire continue de vivre dans le c\u0153ur des Alg\u00e9riens, symbolisant le combat pour l\u2019ind\u00e9pendance.<\/p>\n\n\n\n<figure class=\"wp-block-embed is-type-wp-embed is-provider-kapitalis wp-block-embed-kapitalis\"><div class=\"wp-block-embed__wrapper\">\n<blockquote class=\"wp-embedded-content\" data-secret=\"WOUjVz4X1E\"><a href=\"https:\/\/kapitalis.com\/tunisie\/2020\/07\/05\/france-algerie-laborieuse-reconciliation-des-memoires-video\/\">France-Alg\u00e9rie : laborieuse r\u00e9conciliation des m\u00e9moires (vid\u00e9o)<\/a><\/blockquote><iframe loading=\"lazy\" class=\"wp-embedded-content\" sandbox=\"allow-scripts\" security=\"restricted\" style=\"position: absolute; visibility: hidden;\" title=\"\u00ab\u00a0France-Alg\u00e9rie : laborieuse r\u00e9conciliation des m\u00e9moires (vid\u00e9o)\u00a0\u00bb &#8212; Kapitalis\" src=\"https:\/\/kapitalis.com\/tunisie\/2020\/07\/05\/france-algerie-laborieuse-reconciliation-des-memoires-video\/embed\/#?secret=YAS6tggsJu#?secret=WOUjVz4X1E\" data-secret=\"WOUjVz4X1E\" width=\"600\" height=\"338\" frameborder=\"0\" marginwidth=\"0\" marginheight=\"0\" scrolling=\"no\"><\/iframe>\n<\/div><\/figure>\n","protected":false},"excerpt":{"rendered":"<p>La reconnaissance par Emmanuel Macron de l\u2019assassinat du r\u00e9sistant alg\u00e9rien Larbi Ben M\u2019hidi est tardive et insuffisante. <\/p>\n","protected":false},"author":8,"featured_media":14506912,"comment_status":"open","ping_status":"open","sticky":false,"template":"","format":"standard","meta":{"footnotes":""},"categories":[992,997,2433],"tags":[70720,64,118703,118701,107270,19579,117524,395,118700,118702],"class_list":["post-14506755","post","type-post","status-publish","format-standard","has-post-thumbnail","hentry","category-a-la-une","category-politique","category-tunisie","tag-abdelmadjid-tebboune","tag-algerie","tag-bachir-derrais","tag-bataille-dalger","tag-colonisation-francaise","tag-emmanuel-macron","tag-fln","tag-france","tag-larbi-ben-mhidi","tag-passe-colonial"],"yoast_head":"<!-- This site is optimized with the Yoast SEO plugin v26.6 - https:\/\/yoast.com\/wordpress\/plugins\/seo\/ -->\n<title>La France reconna\u00eet l\u2019assassinat de Larbi Ben M\u2019hidi\u00a0: trop peu, trop tard - Kapitalis<\/title>\n<meta name=\"robots\" content=\"index, follow, max-snippet:-1, max-image-preview:large, max-video-preview:-1\" \/>\n<link rel=\"canonical\" href=\"https:\/\/kapitalis.com\/tunisie\/2024\/11\/03\/la-france-reconnait-lassassinat-de-larbi-ben-mhidi-trop-peu-trop-tard\/\" \/>\n<meta property=\"og:locale\" content=\"fr_FR\" \/>\n<meta property=\"og:type\" content=\"article\" \/>\n<meta property=\"og:title\" content=\"La France reconna\u00eet l\u2019assassinat de Larbi Ben M\u2019hidi\u00a0: trop peu, trop tard - Kapitalis\" \/>\n<meta property=\"og:description\" content=\"La reconnaissance par Emmanuel Macron de l\u2019assassinat du r\u00e9sistant alg\u00e9rien Larbi Ben M\u2019hidi est tardive et insuffisante.\" \/>\n<meta property=\"og:url\" content=\"https:\/\/kapitalis.com\/tunisie\/2024\/11\/03\/la-france-reconnait-lassassinat-de-larbi-ben-mhidi-trop-peu-trop-tard\/\" \/>\n<meta property=\"og:site_name\" content=\"Kapitalis\" \/>\n<meta property=\"article:publisher\" content=\"https:\/\/www.facebook.com\/KapitalisInfo\/\" \/>\n<meta property=\"article:published_time\" content=\"2024-11-03T07:50:00+00:00\" \/>\n<meta property=\"og:image\" content=\"https:\/\/kapitalis.com\/tunisie\/wp-content\/uploads\/2024\/11\/Larbi-Ben-Mhidi.jpg\" \/>\n\t<meta property=\"og:image:width\" content=\"1200\" \/>\n\t<meta property=\"og:image:height\" content=\"630\" \/>\n\t<meta property=\"og:image:type\" content=\"image\/jpeg\" \/>\n<meta name=\"author\" content=\"webmaster kapitalis\" \/>\n<meta name=\"twitter:card\" content=\"summary_large_image\" \/>\n<meta name=\"twitter:creator\" content=\"@KapitalisInfo\" \/>\n<meta name=\"twitter:site\" content=\"@KapitalisInfo\" \/>\n<meta name=\"twitter:label1\" content=\"\u00c9crit par\" \/>\n\t<meta name=\"twitter:data1\" content=\"webmaster kapitalis\" \/>\n\t<meta name=\"twitter:label2\" content=\"Dur\u00e9e de lecture estim\u00e9e\" \/>\n\t<meta name=\"twitter:data2\" content=\"4 minutes\" \/>\n<script type=\"application\/ld+json\" class=\"yoast-schema-graph\">{\"@context\":\"https:\/\/schema.org\",\"@graph\":[{\"@type\":\"Article\",\"@id\":\"https:\/\/kapitalis.com\/tunisie\/2024\/11\/03\/la-france-reconnait-lassassinat-de-larbi-ben-mhidi-trop-peu-trop-tard\/#article\",\"isPartOf\":{\"@id\":\"https:\/\/kapitalis.com\/tunisie\/2024\/11\/03\/la-france-reconnait-lassassinat-de-larbi-ben-mhidi-trop-peu-trop-tard\/\"},\"author\":{\"name\":\"webmaster kapitalis\",\"@id\":\"https:\/\/kapitalis.com\/tunisie\/#\/schema\/person\/d71f33a9ca44f7bad4698210b480c8e9\"},\"headline\":\"La France reconna\u00eet l\u2019assassinat de Larbi Ben M\u2019hidi\u00a0: trop peu, trop tard\",\"datePublished\":\"2024-11-03T07:50:00+00:00\",\"mainEntityOfPage\":{\"@id\":\"https:\/\/kapitalis.com\/tunisie\/2024\/11\/03\/la-france-reconnait-lassassinat-de-larbi-ben-mhidi-trop-peu-trop-tard\/\"},\"wordCount\":794,\"commentCount\":0,\"publisher\":{\"@id\":\"https:\/\/kapitalis.com\/tunisie\/#organization\"},\"image\":{\"@id\":\"https:\/\/kapitalis.com\/tunisie\/2024\/11\/03\/la-france-reconnait-lassassinat-de-larbi-ben-mhidi-trop-peu-trop-tard\/#primaryimage\"},\"thumbnailUrl\":\"https:\/\/kapitalis.com\/tunisie\/wp-content\/uploads\/2024\/11\/Larbi-Ben-Mhidi.jpg\",\"keywords\":[\"Abdelmadjid Tebboune\",\"Alg\u00e9rie\",\"Bachir Derrais\",\"bataille d\u2019Alger\",\"colonisation fran\u00e7aise\",\"Emmanuel Macron\",\"FLN\",\"France\",\"Larbi Ben M\u2019hidi\",\"pass\u00e9 colonial\"],\"articleSection\":[\"A LA UNE\",\"POLITIQUE\",\"Tunisie\"],\"inLanguage\":\"fr-FR\",\"potentialAction\":[{\"@type\":\"CommentAction\",\"name\":\"Comment\",\"target\":[\"https:\/\/kapitalis.com\/tunisie\/2024\/11\/03\/la-france-reconnait-lassassinat-de-larbi-ben-mhidi-trop-peu-trop-tard\/#respond\"]}]},{\"@type\":\"WebPage\",\"@id\":\"https:\/\/kapitalis.com\/tunisie\/2024\/11\/03\/la-france-reconnait-lassassinat-de-larbi-ben-mhidi-trop-peu-trop-tard\/\",\"url\":\"https:\/\/kapitalis.com\/tunisie\/2024\/11\/03\/la-france-reconnait-lassassinat-de-larbi-ben-mhidi-trop-peu-trop-tard\/\",\"name\":\"La France reconna\u00eet l\u2019assassinat de Larbi Ben M\u2019hidi\u00a0: trop peu, trop tard - Kapitalis\",\"isPartOf\":{\"@id\":\"https:\/\/kapitalis.com\/tunisie\/#website\"},\"primaryImageOfPage\":{\"@id\":\"https:\/\/kapitalis.com\/tunisie\/2024\/11\/03\/la-france-reconnait-lassassinat-de-larbi-ben-mhidi-trop-peu-trop-tard\/#primaryimage\"},\"image\":{\"@id\":\"https:\/\/kapitalis.com\/tunisie\/2024\/11\/03\/la-france-reconnait-lassassinat-de-larbi-ben-mhidi-trop-peu-trop-tard\/#primaryimage\"},\"thumbnailUrl\":\"https:\/\/kapitalis.com\/tunisie\/wp-content\/uploads\/2024\/11\/Larbi-Ben-Mhidi.jpg\",\"datePublished\":\"2024-11-03T07:50:00+00:00\",\"breadcrumb\":{\"@id\":\"https:\/\/kapitalis.com\/tunisie\/2024\/11\/03\/la-france-reconnait-lassassinat-de-larbi-ben-mhidi-trop-peu-trop-tard\/#breadcrumb\"},\"inLanguage\":\"fr-FR\",\"potentialAction\":[{\"@type\":\"ReadAction\",\"target\":[\"https:\/\/kapitalis.com\/tunisie\/2024\/11\/03\/la-france-reconnait-lassassinat-de-larbi-ben-mhidi-trop-peu-trop-tard\/\"]}]},{\"@type\":\"ImageObject\",\"inLanguage\":\"fr-FR\",\"@id\":\"https:\/\/kapitalis.com\/tunisie\/2024\/11\/03\/la-france-reconnait-lassassinat-de-larbi-ben-mhidi-trop-peu-trop-tard\/#primaryimage\",\"url\":\"https:\/\/kapitalis.com\/tunisie\/wp-content\/uploads\/2024\/11\/Larbi-Ben-Mhidi.jpg\",\"contentUrl\":\"https:\/\/kapitalis.com\/tunisie\/wp-content\/uploads\/2024\/11\/Larbi-Ben-Mhidi.jpg\",\"width\":1200,\"height\":630},{\"@type\":\"BreadcrumbList\",\"@id\":\"https:\/\/kapitalis.com\/tunisie\/2024\/11\/03\/la-france-reconnait-lassassinat-de-larbi-ben-mhidi-trop-peu-trop-tard\/#breadcrumb\",\"itemListElement\":[{\"@type\":\"ListItem\",\"position\":1,\"name\":\"Accueil\",\"item\":\"https:\/\/kapitalis.com\/tunisie\/\"},{\"@type\":\"ListItem\",\"position\":2,\"name\":\"La France reconna\u00eet l\u2019assassinat de Larbi Ben M\u2019hidi\u00a0: trop peu, trop tard\"}]},{\"@type\":\"WebSite\",\"@id\":\"https:\/\/kapitalis.com\/tunisie\/#website\",\"url\":\"https:\/\/kapitalis.com\/tunisie\/\",\"name\":\"Kapitalis\",\"description\":\"L&#039;actualit\u00e9 en Tunisie et dans le monde\",\"publisher\":{\"@id\":\"https:\/\/kapitalis.com\/tunisie\/#organization\"},\"potentialAction\":[{\"@type\":\"SearchAction\",\"target\":{\"@type\":\"EntryPoint\",\"urlTemplate\":\"https:\/\/kapitalis.com\/tunisie\/?s={search_term_string}\"},\"query-input\":{\"@type\":\"PropertyValueSpecification\",\"valueRequired\":true,\"valueName\":\"search_term_string\"}}],\"inLanguage\":\"fr-FR\"},{\"@type\":\"Organization\",\"@id\":\"https:\/\/kapitalis.com\/tunisie\/#organization\",\"name\":\"Kapitalis\",\"url\":\"https:\/\/kapitalis.com\/tunisie\/\",\"logo\":{\"@type\":\"ImageObject\",\"inLanguage\":\"fr-FR\",\"@id\":\"https:\/\/kapitalis.com\/tunisie\/#\/schema\/logo\/image\/\",\"url\":\"https:\/\/kapitalis.com\/tunisie\/wp-content\/uploads\/2022\/05\/Kapitalis-big-size.png\",\"contentUrl\":\"https:\/\/kapitalis.com\/tunisie\/wp-content\/uploads\/2022\/05\/Kapitalis-big-size.png\",\"width\":5000,\"height\":1500,\"caption\":\"Kapitalis\"},\"image\":{\"@id\":\"https:\/\/kapitalis.com\/tunisie\/#\/schema\/logo\/image\/\"},\"sameAs\":[\"https:\/\/www.facebook.com\/KapitalisInfo\/\",\"https:\/\/x.com\/KapitalisInfo\",\"https:\/\/www.youtube.com\/channel\/UC-yDYrHyfFBWWZaOw3FPg9Q\"]},{\"@type\":\"Person\",\"@id\":\"https:\/\/kapitalis.com\/tunisie\/#\/schema\/person\/d71f33a9ca44f7bad4698210b480c8e9\",\"name\":\"webmaster kapitalis\",\"url\":\"https:\/\/kapitalis.com\/tunisie\/author\/webmaster-kapitalis\/\"}]}<\/script>\n<!-- \/ Yoast SEO plugin. -->","yoast_head_json":{"title":"La France reconna\u00eet l\u2019assassinat de Larbi Ben M\u2019hidi\u00a0: trop peu, trop tard - Kapitalis","robots":{"index":"index","follow":"follow","max-snippet":"max-snippet:-1","max-image-preview":"max-image-preview:large","max-video-preview":"max-video-preview:-1"},"canonical":"https:\/\/kapitalis.com\/tunisie\/2024\/11\/03\/la-france-reconnait-lassassinat-de-larbi-ben-mhidi-trop-peu-trop-tard\/","og_locale":"fr_FR","og_type":"article","og_title":"La France reconna\u00eet l\u2019assassinat de Larbi Ben M\u2019hidi\u00a0: trop peu, trop tard - Kapitalis","og_description":"La reconnaissance par Emmanuel Macron de l\u2019assassinat du r\u00e9sistant alg\u00e9rien Larbi Ben M\u2019hidi est tardive et insuffisante.","og_url":"https:\/\/kapitalis.com\/tunisie\/2024\/11\/03\/la-france-reconnait-lassassinat-de-larbi-ben-mhidi-trop-peu-trop-tard\/","og_site_name":"Kapitalis","article_publisher":"https:\/\/www.facebook.com\/KapitalisInfo\/","article_published_time":"2024-11-03T07:50:00+00:00","og_image":[{"width":1200,"height":630,"url":"https:\/\/kapitalis.com\/tunisie\/wp-content\/uploads\/2024\/11\/Larbi-Ben-Mhidi.jpg","type":"image\/jpeg"}],"author":"webmaster kapitalis","twitter_card":"summary_large_image","twitter_creator":"@KapitalisInfo","twitter_site":"@KapitalisInfo","twitter_misc":{"\u00c9crit par":"webmaster kapitalis","Dur\u00e9e de lecture estim\u00e9e":"4 minutes"},"schema":{"@context":"https:\/\/schema.org","@graph":[{"@type":"Article","@id":"https:\/\/kapitalis.com\/tunisie\/2024\/11\/03\/la-france-reconnait-lassassinat-de-larbi-ben-mhidi-trop-peu-trop-tard\/#article","isPartOf":{"@id":"https:\/\/kapitalis.com\/tunisie\/2024\/11\/03\/la-france-reconnait-lassassinat-de-larbi-ben-mhidi-trop-peu-trop-tard\/"},"author":{"name":"webmaster kapitalis","@id":"https:\/\/kapitalis.com\/tunisie\/#\/schema\/person\/d71f33a9ca44f7bad4698210b480c8e9"},"headline":"La France reconna\u00eet l\u2019assassinat de Larbi Ben M\u2019hidi\u00a0: trop peu, trop tard","datePublished":"2024-11-03T07:50:00+00:00","mainEntityOfPage":{"@id":"https:\/\/kapitalis.com\/tunisie\/2024\/11\/03\/la-france-reconnait-lassassinat-de-larbi-ben-mhidi-trop-peu-trop-tard\/"},"wordCount":794,"commentCount":0,"publisher":{"@id":"https:\/\/kapitalis.com\/tunisie\/#organization"},"image":{"@id":"https:\/\/kapitalis.com\/tunisie\/2024\/11\/03\/la-france-reconnait-lassassinat-de-larbi-ben-mhidi-trop-peu-trop-tard\/#primaryimage"},"thumbnailUrl":"https:\/\/kapitalis.com\/tunisie\/wp-content\/uploads\/2024\/11\/Larbi-Ben-Mhidi.jpg","keywords":["Abdelmadjid Tebboune","Alg\u00e9rie","Bachir Derrais","bataille d\u2019Alger","colonisation fran\u00e7aise","Emmanuel Macron","FLN","France","Larbi Ben M\u2019hidi","pass\u00e9 colonial"],"articleSection":["A LA UNE","POLITIQUE","Tunisie"],"inLanguage":"fr-FR","potentialAction":[{"@type":"CommentAction","name":"Comment","target":["https:\/\/kapitalis.com\/tunisie\/2024\/11\/03\/la-france-reconnait-lassassinat-de-larbi-ben-mhidi-trop-peu-trop-tard\/#respond"]}]},{"@type":"WebPage","@id":"https:\/\/kapitalis.com\/tunisie\/2024\/11\/03\/la-france-reconnait-lassassinat-de-larbi-ben-mhidi-trop-peu-trop-tard\/","url":"https:\/\/kapitalis.com\/tunisie\/2024\/11\/03\/la-france-reconnait-lassassinat-de-larbi-ben-mhidi-trop-peu-trop-tard\/","name":"La France reconna\u00eet l\u2019assassinat de Larbi Ben M\u2019hidi\u00a0: trop peu, trop tard - Kapitalis","isPartOf":{"@id":"https:\/\/kapitalis.com\/tunisie\/#website"},"primaryImageOfPage":{"@id":"https:\/\/kapitalis.com\/tunisie\/2024\/11\/03\/la-france-reconnait-lassassinat-de-larbi-ben-mhidi-trop-peu-trop-tard\/#primaryimage"},"image":{"@id":"https:\/\/kapitalis.com\/tunisie\/2024\/11\/03\/la-france-reconnait-lassassinat-de-larbi-ben-mhidi-trop-peu-trop-tard\/#primaryimage"},"thumbnailUrl":"https:\/\/kapitalis.com\/tunisie\/wp-content\/uploads\/2024\/11\/Larbi-Ben-Mhidi.jpg","datePublished":"2024-11-03T07:50:00+00:00","breadcrumb":{"@id":"https:\/\/kapitalis.com\/tunisie\/2024\/11\/03\/la-france-reconnait-lassassinat-de-larbi-ben-mhidi-trop-peu-trop-tard\/#breadcrumb"},"inLanguage":"fr-FR","potentialAction":[{"@type":"ReadAction","target":["https:\/\/kapitalis.com\/tunisie\/2024\/11\/03\/la-france-reconnait-lassassinat-de-larbi-ben-mhidi-trop-peu-trop-tard\/"]}]},{"@type":"ImageObject","inLanguage":"fr-FR","@id":"https:\/\/kapitalis.com\/tunisie\/2024\/11\/03\/la-france-reconnait-lassassinat-de-larbi-ben-mhidi-trop-peu-trop-tard\/#primaryimage","url":"https:\/\/kapitalis.com\/tunisie\/wp-content\/uploads\/2024\/11\/Larbi-Ben-Mhidi.jpg","contentUrl":"https:\/\/kapitalis.com\/tunisie\/wp-content\/uploads\/2024\/11\/Larbi-Ben-Mhidi.jpg","width":1200,"height":630},{"@type":"BreadcrumbList","@id":"https:\/\/kapitalis.com\/tunisie\/2024\/11\/03\/la-france-reconnait-lassassinat-de-larbi-ben-mhidi-trop-peu-trop-tard\/#breadcrumb","itemListElement":[{"@type":"ListItem","position":1,"name":"Accueil","item":"https:\/\/kapitalis.com\/tunisie\/"},{"@type":"ListItem","position":2,"name":"La France reconna\u00eet l\u2019assassinat de Larbi Ben M\u2019hidi\u00a0: trop peu, trop tard"}]},{"@type":"WebSite","@id":"https:\/\/kapitalis.com\/tunisie\/#website","url":"https:\/\/kapitalis.com\/tunisie\/","name":"Kapitalis","description":"L&#039;actualit\u00e9 en Tunisie et dans le monde","publisher":{"@id":"https:\/\/kapitalis.com\/tunisie\/#organization"},"potentialAction":[{"@type":"SearchAction","target":{"@type":"EntryPoint","urlTemplate":"https:\/\/kapitalis.com\/tunisie\/?s={search_term_string}"},"query-input":{"@type":"PropertyValueSpecification","valueRequired":true,"valueName":"search_term_string"}}],"inLanguage":"fr-FR"},{"@type":"Organization","@id":"https:\/\/kapitalis.com\/tunisie\/#organization","name":"Kapitalis","url":"https:\/\/kapitalis.com\/tunisie\/","logo":{"@type":"ImageObject","inLanguage":"fr-FR","@id":"https:\/\/kapitalis.com\/tunisie\/#\/schema\/logo\/image\/","url":"https:\/\/kapitalis.com\/tunisie\/wp-content\/uploads\/2022\/05\/Kapitalis-big-size.png","contentUrl":"https:\/\/kapitalis.com\/tunisie\/wp-content\/uploads\/2022\/05\/Kapitalis-big-size.png","width":5000,"height":1500,"caption":"Kapitalis"},"image":{"@id":"https:\/\/kapitalis.com\/tunisie\/#\/schema\/logo\/image\/"},"sameAs":["https:\/\/www.facebook.com\/KapitalisInfo\/","https:\/\/x.com\/KapitalisInfo","https:\/\/www.youtube.com\/channel\/UC-yDYrHyfFBWWZaOw3FPg9Q"]},{"@type":"Person","@id":"https:\/\/kapitalis.com\/tunisie\/#\/schema\/person\/d71f33a9ca44f7bad4698210b480c8e9","name":"webmaster kapitalis","url":"https:\/\/kapitalis.com\/tunisie\/author\/webmaster-kapitalis\/"}]}},"_links":{"self":[{"href":"https:\/\/kapitalis.com\/tunisie\/wp-json\/wp\/v2\/posts\/14506755","targetHints":{"allow":["GET"]}}],"collection":[{"href":"https:\/\/kapitalis.com\/tunisie\/wp-json\/wp\/v2\/posts"}],"about":[{"href":"https:\/\/kapitalis.com\/tunisie\/wp-json\/wp\/v2\/types\/post"}],"author":[{"embeddable":true,"href":"https:\/\/kapitalis.com\/tunisie\/wp-json\/wp\/v2\/users\/8"}],"replies":[{"embeddable":true,"href":"https:\/\/kapitalis.com\/tunisie\/wp-json\/wp\/v2\/comments?post=14506755"}],"version-history":[{"count":2,"href":"https:\/\/kapitalis.com\/tunisie\/wp-json\/wp\/v2\/posts\/14506755\/revisions"}],"predecessor-version":[{"id":14506997,"href":"https:\/\/kapitalis.com\/tunisie\/wp-json\/wp\/v2\/posts\/14506755\/revisions\/14506997"}],"wp:featuredmedia":[{"embeddable":true,"href":"https:\/\/kapitalis.com\/tunisie\/wp-json\/wp\/v2\/media\/14506912"}],"wp:attachment":[{"href":"https:\/\/kapitalis.com\/tunisie\/wp-json\/wp\/v2\/media?parent=14506755"}],"wp:term":[{"taxonomy":"category","embeddable":true,"href":"https:\/\/kapitalis.com\/tunisie\/wp-json\/wp\/v2\/categories?post=14506755"},{"taxonomy":"post_tag","embeddable":true,"href":"https:\/\/kapitalis.com\/tunisie\/wp-json\/wp\/v2\/tags?post=14506755"}],"curies":[{"name":"wp","href":"https:\/\/api.w.org\/{rel}","templated":true}]}}