{"id":14508733,"date":"2024-11-03T11:19:05","date_gmt":"2024-11-03T10:19:05","guid":{"rendered":"https:\/\/kapitalis.com\/tunisie\/?p=14508733"},"modified":"2024-11-03T11:19:06","modified_gmt":"2024-11-03T10:19:06","slug":"lift-rend-un-hommage-posthume-a-abdelwahab-meddeb","status":"publish","type":"post","link":"https:\/\/kapitalis.com\/tunisie\/2024\/11\/03\/lift-rend-un-hommage-posthume-a-abdelwahab-meddeb\/","title":{"rendered":"L\u2019IFT rend un hommage posthume \u00e0 Abdelwahab Meddeb"},"content":{"rendered":"\n<p><strong><em>Dix ans apr\u00e8s la disparition de l\u2019\u00e9crivain tunisien de langue fran\u00e7aise Abdelwahab Meddeb, dans la nuit du 5 au 6 novembre 2014, \u00e0 l\u2019\u00e2ge de 68 ans, l\u2019Institut fran\u00e7ais de Tunisie (IFT) lui rendra hommage \u00e0 travers un programme con\u00e7u pour revisiter quelques facettes de son \u0153uvre et de sa pens\u00e9e qui continuent d\u2019inspirer.<\/em><\/strong><\/p>\n\n\n\n<!--more-->\n\n\n\n<p>Cet \u00e9v\u00e9nement, organis\u00e9 avec la complicit\u00e9 de la librairie Al Kitab, et qui se tiendra le mardi 5 novembre 2024, \u00e0 l\u2019IFT (20-22 avenue de Paris, Tunis), comprend des lectures d\u2019extraits de l\u2019\u0153uvre de l\u2019auteur par Faouzia Charfi, Anne Gu\u00e9guen, l\u2019ambassadeur de France en Tunisie, et Amel Smaoui, qui &nbsp;seront suivies par la projection du film <em>\u2018\u2018Miroirs de Tunis\u2019\u2019<\/em>, fruit d\u2019une collaboration artistique entre Meddeb et le r\u00e9alisateur Raoul Ruiz. Ce film nous plonge dans un dialogue intime entre les vers de Meddeb et la ville de Tunis, o\u00f9 il puisait une grande part de son inspiration.<\/p>\n\n\n\n<figure class=\"wp-block-embed is-type-wp-embed is-provider-kapitalis wp-block-embed-kapitalis\"><div class=\"wp-block-embed__wrapper\">\n<blockquote class=\"wp-embedded-content\" data-secret=\"fotQSQE40O\"><a href=\"https:\/\/kapitalis.com\/tunisie\/2019\/08\/04\/le-poeme-du-dimanche-diamantaire-de-abdelwahab-meddeb\/\">Le po\u00e8me du dimanche : \u2018\u2018Diamantaire\u2019\u2019 de Abdelwahab Meddeb<\/a><\/blockquote><iframe loading=\"lazy\" class=\"wp-embedded-content\" sandbox=\"allow-scripts\" security=\"restricted\" style=\"position: absolute; visibility: hidden;\" title=\"\u00ab\u00a0Le po\u00e8me du dimanche : \u2018\u2018Diamantaire\u2019\u2019 de Abdelwahab Meddeb\u00a0\u00bb &#8212; Kapitalis\" src=\"https:\/\/kapitalis.com\/tunisie\/2019\/08\/04\/le-poeme-du-dimanche-diamantaire-de-abdelwahab-meddeb\/embed\/#?secret=qR6apcYYl6#?secret=fotQSQE40O\" data-secret=\"fotQSQE40O\" width=\"600\" height=\"338\" frameborder=\"0\" marginwidth=\"0\" marginheight=\"0\" scrolling=\"no\"><\/iframe>\n<\/div><\/figure>\n\n\n\n<p>Impr\u00e9gn\u00e9e de Dante et d\u2019Ibn Arab\u00ee, l\u2019\u0153uvre foisonnante de Meddeb t\u00e9moigne de sa grande ouverture et puise autant dans les sources europ\u00e9ennes \u2013 de la philosophie pr\u00e9socratique \u00e0 la po\u00e9sie romane m\u00e9di\u00e9vale \u2013 que dans le patrimoine islamique, entre mystique soufie et po\u00e9sie arabe et persane.<\/p>\n\n\n\n<p>La diffusion de la culture arabe et l\u2019\u00e9criture sous toutes ses formes \u00e9taient au c\u0153ur de son \u0153uvre et l\u2019Institut fran\u00e7ais de Tunisie tient \u00e0 lui rendre hommage \u00e0 travers un programme con\u00e7u pour revisiter quelques facettes de celle-ci.<\/p>\n\n\n\n<p>Cet hommage \u00e0 Meddeb est une invitation \u00e0 red\u00e9couvrir l\u2019universalit\u00e9 de sa pens\u00e9e et la pertinence de ses \u0153uvres incarnant cette rencontre singuli\u00e8re entre \u00e9rudition, r\u00e9flexion philosophique et sensibilit\u00e9 litt\u00e9raire.<\/p>\n\n\n\n<figure class=\"wp-block-embed is-type-wp-embed is-provider-kapitalis wp-block-embed-kapitalis\"><div class=\"wp-block-embed__wrapper\">\n<blockquote class=\"wp-embedded-content\" data-secret=\"0tDWzR2o9M\"><a href=\"https:\/\/kapitalis.com\/tunisie\/2015\/11\/07\/alain-rey-et-salah-stetie-lhommage-a-abdelwahab-meddeb\/\">Alain Rey et Salah St\u00e9ti\u00e9 : L\u2019hommage \u00e0 Abdelwahab Meddeb<\/a><\/blockquote><iframe loading=\"lazy\" class=\"wp-embedded-content\" sandbox=\"allow-scripts\" security=\"restricted\" style=\"position: absolute; visibility: hidden;\" title=\"\u00ab\u00a0Alain Rey et Salah St\u00e9ti\u00e9 : L\u2019hommage \u00e0 Abdelwahab Meddeb\u00a0\u00bb &#8212; Kapitalis\" src=\"https:\/\/kapitalis.com\/tunisie\/2015\/11\/07\/alain-rey-et-salah-stetie-lhommage-a-abdelwahab-meddeb\/embed\/#?secret=vgyQaLbwr6#?secret=0tDWzR2o9M\" data-secret=\"0tDWzR2o9M\" width=\"600\" height=\"338\" frameborder=\"0\" marginwidth=\"0\" marginheight=\"0\" scrolling=\"no\"><\/iframe>\n<\/div><\/figure>\n","protected":false},"excerpt":{"rendered":"<p>Dix ans apr\u00e8s la disparition de l\u2019\u00e9crivain tunisien de langue fran\u00e7aise Abdelwahab Meddeb, l\u2019Institut fran\u00e7ais de Tunisie (IFT) lui rendra un hommage posthume. <\/p>\n","protected":false},"author":8,"featured_media":14508798,"comment_status":"open","ping_status":"open","sticky":false,"template":"","format":"standard","meta":{"footnotes":""},"categories":[994,2433],"tags":[8784,105029,84547,110482,93993,3226],"class_list":["post-14508733","post","type-post","status-publish","format-standard","has-post-thumbnail","hentry","category-culture","category-tunisie","tag-abdelwahab-meddeb","tag-al-kitab","tag-amel-smaoui","tag-anne-gueguen","tag-faouzia-charfi","tag-institut-francais-de-tunisie"],"yoast_head":"<!-- This site is optimized with the Yoast SEO plugin v26.6 - https:\/\/yoast.com\/wordpress\/plugins\/seo\/ -->\n<title>L\u2019IFT rend un hommage posthume \u00e0 Abdelwahab Meddeb - Kapitalis<\/title>\n<meta name=\"robots\" content=\"index, follow, max-snippet:-1, max-image-preview:large, max-video-preview:-1\" \/>\n<link rel=\"canonical\" href=\"https:\/\/kapitalis.com\/tunisie\/2024\/11\/03\/lift-rend-un-hommage-posthume-a-abdelwahab-meddeb\/\" \/>\n<meta property=\"og:locale\" content=\"fr_FR\" \/>\n<meta property=\"og:type\" content=\"article\" \/>\n<meta property=\"og:title\" content=\"L\u2019IFT rend un hommage posthume \u00e0 Abdelwahab Meddeb - Kapitalis\" \/>\n<meta property=\"og:description\" content=\"Dix ans apr\u00e8s la disparition de l\u2019\u00e9crivain tunisien de langue fran\u00e7aise Abdelwahab Meddeb, l\u2019Institut fran\u00e7ais de Tunisie (IFT) lui rendra un hommage posthume.\" \/>\n<meta property=\"og:url\" content=\"https:\/\/kapitalis.com\/tunisie\/2024\/11\/03\/lift-rend-un-hommage-posthume-a-abdelwahab-meddeb\/\" \/>\n<meta property=\"og:site_name\" content=\"Kapitalis\" \/>\n<meta property=\"article:publisher\" content=\"https:\/\/www.facebook.com\/KapitalisInfo\/\" \/>\n<meta property=\"article:published_time\" content=\"2024-11-03T10:19:05+00:00\" \/>\n<meta property=\"article:modified_time\" content=\"2024-11-03T10:19:06+00:00\" \/>\n<meta property=\"og:image\" content=\"https:\/\/kapitalis.com\/tunisie\/wp-content\/uploads\/2024\/11\/Abdelwahab-Meddeb.jpg\" \/>\n\t<meta property=\"og:image:width\" content=\"1200\" \/>\n\t<meta property=\"og:image:height\" content=\"630\" \/>\n\t<meta property=\"og:image:type\" content=\"image\/jpeg\" \/>\n<meta name=\"author\" content=\"webmaster kapitalis\" \/>\n<meta name=\"twitter:card\" content=\"summary_large_image\" \/>\n<meta name=\"twitter:creator\" content=\"@KapitalisInfo\" \/>\n<meta name=\"twitter:site\" content=\"@KapitalisInfo\" \/>\n<meta name=\"twitter:label1\" content=\"\u00c9crit par\" \/>\n\t<meta name=\"twitter:data1\" content=\"webmaster kapitalis\" \/>\n\t<meta name=\"twitter:label2\" content=\"Dur\u00e9e de lecture estim\u00e9e\" \/>\n\t<meta name=\"twitter:data2\" content=\"2 minutes\" \/>\n<script type=\"application\/ld+json\" class=\"yoast-schema-graph\">{\"@context\":\"https:\/\/schema.org\",\"@graph\":[{\"@type\":\"Article\",\"@id\":\"https:\/\/kapitalis.com\/tunisie\/2024\/11\/03\/lift-rend-un-hommage-posthume-a-abdelwahab-meddeb\/#article\",\"isPartOf\":{\"@id\":\"https:\/\/kapitalis.com\/tunisie\/2024\/11\/03\/lift-rend-un-hommage-posthume-a-abdelwahab-meddeb\/\"},\"author\":{\"name\":\"webmaster kapitalis\",\"@id\":\"https:\/\/kapitalis.com\/tunisie\/#\/schema\/person\/d71f33a9ca44f7bad4698210b480c8e9\"},\"headline\":\"L\u2019IFT rend un hommage posthume \u00e0 Abdelwahab Meddeb\",\"datePublished\":\"2024-11-03T10:19:05+00:00\",\"dateModified\":\"2024-11-03T10:19:06+00:00\",\"mainEntityOfPage\":{\"@id\":\"https:\/\/kapitalis.com\/tunisie\/2024\/11\/03\/lift-rend-un-hommage-posthume-a-abdelwahab-meddeb\/\"},\"wordCount\":309,\"commentCount\":0,\"publisher\":{\"@id\":\"https:\/\/kapitalis.com\/tunisie\/#organization\"},\"image\":{\"@id\":\"https:\/\/kapitalis.com\/tunisie\/2024\/11\/03\/lift-rend-un-hommage-posthume-a-abdelwahab-meddeb\/#primaryimage\"},\"thumbnailUrl\":\"https:\/\/kapitalis.com\/tunisie\/wp-content\/uploads\/2024\/11\/Abdelwahab-Meddeb.jpg\",\"keywords\":[\"Abdelwahab Meddeb\",\"Al Kitab\",\"Amel Smaoui\",\"Anne Gu\u00e9guen\",\"Faouzia Charfi\",\"Institut fran\u00e7ais de Tunisie\"],\"articleSection\":[\"CULTURE\",\"Tunisie\"],\"inLanguage\":\"fr-FR\",\"potentialAction\":[{\"@type\":\"CommentAction\",\"name\":\"Comment\",\"target\":[\"https:\/\/kapitalis.com\/tunisie\/2024\/11\/03\/lift-rend-un-hommage-posthume-a-abdelwahab-meddeb\/#respond\"]}]},{\"@type\":\"WebPage\",\"@id\":\"https:\/\/kapitalis.com\/tunisie\/2024\/11\/03\/lift-rend-un-hommage-posthume-a-abdelwahab-meddeb\/\",\"url\":\"https:\/\/kapitalis.com\/tunisie\/2024\/11\/03\/lift-rend-un-hommage-posthume-a-abdelwahab-meddeb\/\",\"name\":\"L\u2019IFT rend un hommage posthume \u00e0 Abdelwahab Meddeb - Kapitalis\",\"isPartOf\":{\"@id\":\"https:\/\/kapitalis.com\/tunisie\/#website\"},\"primaryImageOfPage\":{\"@id\":\"https:\/\/kapitalis.com\/tunisie\/2024\/11\/03\/lift-rend-un-hommage-posthume-a-abdelwahab-meddeb\/#primaryimage\"},\"image\":{\"@id\":\"https:\/\/kapitalis.com\/tunisie\/2024\/11\/03\/lift-rend-un-hommage-posthume-a-abdelwahab-meddeb\/#primaryimage\"},\"thumbnailUrl\":\"https:\/\/kapitalis.com\/tunisie\/wp-content\/uploads\/2024\/11\/Abdelwahab-Meddeb.jpg\",\"datePublished\":\"2024-11-03T10:19:05+00:00\",\"dateModified\":\"2024-11-03T10:19:06+00:00\",\"breadcrumb\":{\"@id\":\"https:\/\/kapitalis.com\/tunisie\/2024\/11\/03\/lift-rend-un-hommage-posthume-a-abdelwahab-meddeb\/#breadcrumb\"},\"inLanguage\":\"fr-FR\",\"potentialAction\":[{\"@type\":\"ReadAction\",\"target\":[\"https:\/\/kapitalis.com\/tunisie\/2024\/11\/03\/lift-rend-un-hommage-posthume-a-abdelwahab-meddeb\/\"]}]},{\"@type\":\"ImageObject\",\"inLanguage\":\"fr-FR\",\"@id\":\"https:\/\/kapitalis.com\/tunisie\/2024\/11\/03\/lift-rend-un-hommage-posthume-a-abdelwahab-meddeb\/#primaryimage\",\"url\":\"https:\/\/kapitalis.com\/tunisie\/wp-content\/uploads\/2024\/11\/Abdelwahab-Meddeb.jpg\",\"contentUrl\":\"https:\/\/kapitalis.com\/tunisie\/wp-content\/uploads\/2024\/11\/Abdelwahab-Meddeb.jpg\",\"width\":1200,\"height\":630},{\"@type\":\"BreadcrumbList\",\"@id\":\"https:\/\/kapitalis.com\/tunisie\/2024\/11\/03\/lift-rend-un-hommage-posthume-a-abdelwahab-meddeb\/#breadcrumb\",\"itemListElement\":[{\"@type\":\"ListItem\",\"position\":1,\"name\":\"Accueil\",\"item\":\"https:\/\/kapitalis.com\/tunisie\/\"},{\"@type\":\"ListItem\",\"position\":2,\"name\":\"L\u2019IFT rend un hommage posthume \u00e0 Abdelwahab Meddeb\"}]},{\"@type\":\"WebSite\",\"@id\":\"https:\/\/kapitalis.com\/tunisie\/#website\",\"url\":\"https:\/\/kapitalis.com\/tunisie\/\",\"name\":\"Kapitalis\",\"description\":\"L&#039;actualit\u00e9 en Tunisie et dans le monde\",\"publisher\":{\"@id\":\"https:\/\/kapitalis.com\/tunisie\/#organization\"},\"potentialAction\":[{\"@type\":\"SearchAction\",\"target\":{\"@type\":\"EntryPoint\",\"urlTemplate\":\"https:\/\/kapitalis.com\/tunisie\/?s={search_term_string}\"},\"query-input\":{\"@type\":\"PropertyValueSpecification\",\"valueRequired\":true,\"valueName\":\"search_term_string\"}}],\"inLanguage\":\"fr-FR\"},{\"@type\":\"Organization\",\"@id\":\"https:\/\/kapitalis.com\/tunisie\/#organization\",\"name\":\"Kapitalis\",\"url\":\"https:\/\/kapitalis.com\/tunisie\/\",\"logo\":{\"@type\":\"ImageObject\",\"inLanguage\":\"fr-FR\",\"@id\":\"https:\/\/kapitalis.com\/tunisie\/#\/schema\/logo\/image\/\",\"url\":\"https:\/\/kapitalis.com\/tunisie\/wp-content\/uploads\/2022\/05\/Kapitalis-big-size.png\",\"contentUrl\":\"https:\/\/kapitalis.com\/tunisie\/wp-content\/uploads\/2022\/05\/Kapitalis-big-size.png\",\"width\":5000,\"height\":1500,\"caption\":\"Kapitalis\"},\"image\":{\"@id\":\"https:\/\/kapitalis.com\/tunisie\/#\/schema\/logo\/image\/\"},\"sameAs\":[\"https:\/\/www.facebook.com\/KapitalisInfo\/\",\"https:\/\/x.com\/KapitalisInfo\",\"https:\/\/www.youtube.com\/channel\/UC-yDYrHyfFBWWZaOw3FPg9Q\"]},{\"@type\":\"Person\",\"@id\":\"https:\/\/kapitalis.com\/tunisie\/#\/schema\/person\/d71f33a9ca44f7bad4698210b480c8e9\",\"name\":\"webmaster kapitalis\",\"url\":\"https:\/\/kapitalis.com\/tunisie\/author\/webmaster-kapitalis\/\"}]}<\/script>\n<!-- \/ Yoast SEO plugin. -->","yoast_head_json":{"title":"L\u2019IFT rend un hommage posthume \u00e0 Abdelwahab Meddeb - Kapitalis","robots":{"index":"index","follow":"follow","max-snippet":"max-snippet:-1","max-image-preview":"max-image-preview:large","max-video-preview":"max-video-preview:-1"},"canonical":"https:\/\/kapitalis.com\/tunisie\/2024\/11\/03\/lift-rend-un-hommage-posthume-a-abdelwahab-meddeb\/","og_locale":"fr_FR","og_type":"article","og_title":"L\u2019IFT rend un hommage posthume \u00e0 Abdelwahab Meddeb - Kapitalis","og_description":"Dix ans apr\u00e8s la disparition de l\u2019\u00e9crivain tunisien de langue fran\u00e7aise Abdelwahab Meddeb, l\u2019Institut fran\u00e7ais de Tunisie (IFT) lui rendra un hommage posthume.","og_url":"https:\/\/kapitalis.com\/tunisie\/2024\/11\/03\/lift-rend-un-hommage-posthume-a-abdelwahab-meddeb\/","og_site_name":"Kapitalis","article_publisher":"https:\/\/www.facebook.com\/KapitalisInfo\/","article_published_time":"2024-11-03T10:19:05+00:00","article_modified_time":"2024-11-03T10:19:06+00:00","og_image":[{"width":1200,"height":630,"url":"https:\/\/kapitalis.com\/tunisie\/wp-content\/uploads\/2024\/11\/Abdelwahab-Meddeb.jpg","type":"image\/jpeg"}],"author":"webmaster kapitalis","twitter_card":"summary_large_image","twitter_creator":"@KapitalisInfo","twitter_site":"@KapitalisInfo","twitter_misc":{"\u00c9crit par":"webmaster kapitalis","Dur\u00e9e de lecture estim\u00e9e":"2 minutes"},"schema":{"@context":"https:\/\/schema.org","@graph":[{"@type":"Article","@id":"https:\/\/kapitalis.com\/tunisie\/2024\/11\/03\/lift-rend-un-hommage-posthume-a-abdelwahab-meddeb\/#article","isPartOf":{"@id":"https:\/\/kapitalis.com\/tunisie\/2024\/11\/03\/lift-rend-un-hommage-posthume-a-abdelwahab-meddeb\/"},"author":{"name":"webmaster kapitalis","@id":"https:\/\/kapitalis.com\/tunisie\/#\/schema\/person\/d71f33a9ca44f7bad4698210b480c8e9"},"headline":"L\u2019IFT rend un hommage posthume \u00e0 Abdelwahab Meddeb","datePublished":"2024-11-03T10:19:05+00:00","dateModified":"2024-11-03T10:19:06+00:00","mainEntityOfPage":{"@id":"https:\/\/kapitalis.com\/tunisie\/2024\/11\/03\/lift-rend-un-hommage-posthume-a-abdelwahab-meddeb\/"},"wordCount":309,"commentCount":0,"publisher":{"@id":"https:\/\/kapitalis.com\/tunisie\/#organization"},"image":{"@id":"https:\/\/kapitalis.com\/tunisie\/2024\/11\/03\/lift-rend-un-hommage-posthume-a-abdelwahab-meddeb\/#primaryimage"},"thumbnailUrl":"https:\/\/kapitalis.com\/tunisie\/wp-content\/uploads\/2024\/11\/Abdelwahab-Meddeb.jpg","keywords":["Abdelwahab Meddeb","Al Kitab","Amel Smaoui","Anne Gu\u00e9guen","Faouzia Charfi","Institut fran\u00e7ais de Tunisie"],"articleSection":["CULTURE","Tunisie"],"inLanguage":"fr-FR","potentialAction":[{"@type":"CommentAction","name":"Comment","target":["https:\/\/kapitalis.com\/tunisie\/2024\/11\/03\/lift-rend-un-hommage-posthume-a-abdelwahab-meddeb\/#respond"]}]},{"@type":"WebPage","@id":"https:\/\/kapitalis.com\/tunisie\/2024\/11\/03\/lift-rend-un-hommage-posthume-a-abdelwahab-meddeb\/","url":"https:\/\/kapitalis.com\/tunisie\/2024\/11\/03\/lift-rend-un-hommage-posthume-a-abdelwahab-meddeb\/","name":"L\u2019IFT rend un hommage posthume \u00e0 Abdelwahab Meddeb - Kapitalis","isPartOf":{"@id":"https:\/\/kapitalis.com\/tunisie\/#website"},"primaryImageOfPage":{"@id":"https:\/\/kapitalis.com\/tunisie\/2024\/11\/03\/lift-rend-un-hommage-posthume-a-abdelwahab-meddeb\/#primaryimage"},"image":{"@id":"https:\/\/kapitalis.com\/tunisie\/2024\/11\/03\/lift-rend-un-hommage-posthume-a-abdelwahab-meddeb\/#primaryimage"},"thumbnailUrl":"https:\/\/kapitalis.com\/tunisie\/wp-content\/uploads\/2024\/11\/Abdelwahab-Meddeb.jpg","datePublished":"2024-11-03T10:19:05+00:00","dateModified":"2024-11-03T10:19:06+00:00","breadcrumb":{"@id":"https:\/\/kapitalis.com\/tunisie\/2024\/11\/03\/lift-rend-un-hommage-posthume-a-abdelwahab-meddeb\/#breadcrumb"},"inLanguage":"fr-FR","potentialAction":[{"@type":"ReadAction","target":["https:\/\/kapitalis.com\/tunisie\/2024\/11\/03\/lift-rend-un-hommage-posthume-a-abdelwahab-meddeb\/"]}]},{"@type":"ImageObject","inLanguage":"fr-FR","@id":"https:\/\/kapitalis.com\/tunisie\/2024\/11\/03\/lift-rend-un-hommage-posthume-a-abdelwahab-meddeb\/#primaryimage","url":"https:\/\/kapitalis.com\/tunisie\/wp-content\/uploads\/2024\/11\/Abdelwahab-Meddeb.jpg","contentUrl":"https:\/\/kapitalis.com\/tunisie\/wp-content\/uploads\/2024\/11\/Abdelwahab-Meddeb.jpg","width":1200,"height":630},{"@type":"BreadcrumbList","@id":"https:\/\/kapitalis.com\/tunisie\/2024\/11\/03\/lift-rend-un-hommage-posthume-a-abdelwahab-meddeb\/#breadcrumb","itemListElement":[{"@type":"ListItem","position":1,"name":"Accueil","item":"https:\/\/kapitalis.com\/tunisie\/"},{"@type":"ListItem","position":2,"name":"L\u2019IFT rend un hommage posthume \u00e0 Abdelwahab Meddeb"}]},{"@type":"WebSite","@id":"https:\/\/kapitalis.com\/tunisie\/#website","url":"https:\/\/kapitalis.com\/tunisie\/","name":"Kapitalis","description":"L&#039;actualit\u00e9 en Tunisie et dans le monde","publisher":{"@id":"https:\/\/kapitalis.com\/tunisie\/#organization"},"potentialAction":[{"@type":"SearchAction","target":{"@type":"EntryPoint","urlTemplate":"https:\/\/kapitalis.com\/tunisie\/?s={search_term_string}"},"query-input":{"@type":"PropertyValueSpecification","valueRequired":true,"valueName":"search_term_string"}}],"inLanguage":"fr-FR"},{"@type":"Organization","@id":"https:\/\/kapitalis.com\/tunisie\/#organization","name":"Kapitalis","url":"https:\/\/kapitalis.com\/tunisie\/","logo":{"@type":"ImageObject","inLanguage":"fr-FR","@id":"https:\/\/kapitalis.com\/tunisie\/#\/schema\/logo\/image\/","url":"https:\/\/kapitalis.com\/tunisie\/wp-content\/uploads\/2022\/05\/Kapitalis-big-size.png","contentUrl":"https:\/\/kapitalis.com\/tunisie\/wp-content\/uploads\/2022\/05\/Kapitalis-big-size.png","width":5000,"height":1500,"caption":"Kapitalis"},"image":{"@id":"https:\/\/kapitalis.com\/tunisie\/#\/schema\/logo\/image\/"},"sameAs":["https:\/\/www.facebook.com\/KapitalisInfo\/","https:\/\/x.com\/KapitalisInfo","https:\/\/www.youtube.com\/channel\/UC-yDYrHyfFBWWZaOw3FPg9Q"]},{"@type":"Person","@id":"https:\/\/kapitalis.com\/tunisie\/#\/schema\/person\/d71f33a9ca44f7bad4698210b480c8e9","name":"webmaster kapitalis","url":"https:\/\/kapitalis.com\/tunisie\/author\/webmaster-kapitalis\/"}]}},"_links":{"self":[{"href":"https:\/\/kapitalis.com\/tunisie\/wp-json\/wp\/v2\/posts\/14508733","targetHints":{"allow":["GET"]}}],"collection":[{"href":"https:\/\/kapitalis.com\/tunisie\/wp-json\/wp\/v2\/posts"}],"about":[{"href":"https:\/\/kapitalis.com\/tunisie\/wp-json\/wp\/v2\/types\/post"}],"author":[{"embeddable":true,"href":"https:\/\/kapitalis.com\/tunisie\/wp-json\/wp\/v2\/users\/8"}],"replies":[{"embeddable":true,"href":"https:\/\/kapitalis.com\/tunisie\/wp-json\/wp\/v2\/comments?post=14508733"}],"version-history":[{"count":1,"href":"https:\/\/kapitalis.com\/tunisie\/wp-json\/wp\/v2\/posts\/14508733\/revisions"}],"predecessor-version":[{"id":14508805,"href":"https:\/\/kapitalis.com\/tunisie\/wp-json\/wp\/v2\/posts\/14508733\/revisions\/14508805"}],"wp:featuredmedia":[{"embeddable":true,"href":"https:\/\/kapitalis.com\/tunisie\/wp-json\/wp\/v2\/media\/14508798"}],"wp:attachment":[{"href":"https:\/\/kapitalis.com\/tunisie\/wp-json\/wp\/v2\/media?parent=14508733"}],"wp:term":[{"taxonomy":"category","embeddable":true,"href":"https:\/\/kapitalis.com\/tunisie\/wp-json\/wp\/v2\/categories?post=14508733"},{"taxonomy":"post_tag","embeddable":true,"href":"https:\/\/kapitalis.com\/tunisie\/wp-json\/wp\/v2\/tags?post=14508733"}],"curies":[{"name":"wp","href":"https:\/\/api.w.org\/{rel}","templated":true}]}}