{"id":145195,"date":"2018-03-24T08:38:16","date_gmt":"2018-03-24T07:38:16","guid":{"rendered":"http:\/\/kapitalis.com\/tunisie\/?p=145195"},"modified":"2018-03-24T11:27:21","modified_gmt":"2018-03-24T10:27:21","slug":"finances-la-tunisie-abritera-la-reunion-annuelle-de-la-bid-debut-avril","status":"publish","type":"post","link":"https:\/\/kapitalis.com\/tunisie\/2018\/03\/24\/finances-la-tunisie-abritera-la-reunion-annuelle-de-la-bid-debut-avril\/","title":{"rendered":"Finances: La Tunisie abritera la r\u00e9union annuelle de la BID d\u00e9but avril"},"content":{"rendered":"<p style=\"text-align: center;\"><img loading=\"lazy\" decoding=\"async\" class=\"alignnone size-full wp-image-145197\" src=\"http:\/\/kapitalis.com\/tunisie\/wp-content\/uploads\/2018\/03\/Reunion-annuelle-de-la-BID-2017-Arabie-saoudite.jpg\" alt=\"\" width=\"626\" height=\"380\" \/><\/p>\n<p style=\"text-align: center;\"><em> La 42e r\u00e9union de la BID s\u2019est tenue \u00e0 Djeddah, en Arabie saoudite, en mai 2017.<\/em><\/p>\n<p><em><strong>Pr\u00e8s de 2000 participants assisteront \u00e0 la 43e r\u00e9union annuelle de la Banque islamique de d\u00e9veloppement (BID), qui se tiendra \u00e0 Tunis, au cours de la premi\u00e8re d\u2019avril.<\/strong><\/em><\/p>\n<p><!--more--><\/p>\n<p>C\u2019est ce qu\u2019annonce le site de l\u2019institution financi\u00e8re, qui ajoute que <em>\u00abcette r\u00e9union offrira aux d\u00e9cideurs une plateforme id\u00e9ale pour d\u00e9battre des d\u00e9fis et explorer les opportunit\u00e9s\u00bb<\/em> auxquels sont confront\u00e9s les \u00e9tats-membres de la BID.<\/p>\n<p>L\u2019agenda de cette rencontre comprend une centaine de th\u00e8mes, notamment les questions des technologies num\u00e9riques, le d\u00e9veloppement durable, le march\u00e9 des capitaux islamiques, l\u2019emploi des jeunes et la s\u00e9curit\u00e9 alimentaire.<\/p>\n<p>La r\u00e9union rassemblera 57 gouverneurs du groupe, principalement des ministres des Finances et de l\u2019Economie, outre les centaines de responsables politiques et hauts dirigeants repr\u00e9sentant d\u2019institutions partenaires internationales et r\u00e9gionales, selon le communiqu\u00e9 de la BID.<\/p>\n<p>Cette 43e r\u00e9union annuelle de la BID s\u2019\u00e9talera sur cinq jours, du 1er au 5 avril.<\/p>\n<p>Pour rappel, la BID est un organisme financier islamique, cr\u00e9\u00e9 en 1973, qui a commenc\u00e9 ses activit\u00e9s en 1975 \u00e0 Djeddah, en Arabie saoudite. Il a pour objectif d\u2019\u00eatre une banque mondiale <em>\u00abde d\u00e9veloppement \u00e9conomique et de progr\u00e8s social pour les pays musulmans.\u00bb<\/em><\/p>\n<p>\u00c0 noter, aussi, la 42e r\u00e9union de la BID s\u2019est tenue \u00e0 Djeddah, en Arabie saoudite, en mai 2017.<\/p>\n<p style=\"text-align: right;\"><strong>Marwan Chahla<\/strong><\/p>\n","protected":false},"excerpt":{"rendered":"<p>La 42e r\u00e9union de la BID s\u2019est tenue \u00e0 Djeddah, en Arabie saoudite, en mai 2017. Pr\u00e8s de 2000 participants assisteront \u00e0 la 43e r\u00e9union annuelle de la Banque islamique de d\u00e9veloppement (BID), qui se tiendra \u00e0 Tunis, au cours de la premi\u00e8re d\u2019avril.<\/p>\n","protected":false},"author":8,"featured_media":145197,"comment_status":"open","ping_status":"open","sticky":false,"template":"","format":"standard","meta":{"footnotes":""},"categories":[995,2433],"tags":[2638,20515,10300],"class_list":["post-145195","post","type-post","status-publish","format-standard","has-post-thumbnail","hentry","category-economie","category-tunisie","tag-arabie-saoudite","tag-bid","tag-djeddah"],"yoast_head":"<!-- This site is optimized with the Yoast SEO plugin v26.6 - https:\/\/yoast.com\/wordpress\/plugins\/seo\/ -->\n<title>Finances: La Tunisie abritera la r\u00e9union annuelle de la BID d\u00e9but avril - Kapitalis<\/title>\n<meta name=\"robots\" content=\"index, follow, max-snippet:-1, max-image-preview:large, max-video-preview:-1\" \/>\n<link rel=\"canonical\" href=\"https:\/\/kapitalis.com\/tunisie\/2018\/03\/24\/finances-la-tunisie-abritera-la-reunion-annuelle-de-la-bid-debut-avril\/\" \/>\n<meta property=\"og:locale\" content=\"fr_FR\" \/>\n<meta property=\"og:type\" content=\"article\" \/>\n<meta property=\"og:title\" content=\"Finances: La Tunisie abritera la r\u00e9union annuelle de la BID d\u00e9but avril - Kapitalis\" \/>\n<meta property=\"og:description\" content=\"La 42e r\u00e9union de la BID s\u2019est tenue \u00e0 Djeddah, en Arabie saoudite, en mai 2017. Pr\u00e8s de 2000 participants assisteront \u00e0 la 43e r\u00e9union annuelle de la Banque islamique de d\u00e9veloppement (BID), qui se tiendra \u00e0 Tunis, au cours de la premi\u00e8re d\u2019avril.\" \/>\n<meta property=\"og:url\" content=\"https:\/\/kapitalis.com\/tunisie\/2018\/03\/24\/finances-la-tunisie-abritera-la-reunion-annuelle-de-la-bid-debut-avril\/\" \/>\n<meta property=\"og:site_name\" content=\"Kapitalis\" \/>\n<meta property=\"article:publisher\" content=\"https:\/\/www.facebook.com\/KapitalisInfo\/\" \/>\n<meta property=\"article:published_time\" content=\"2018-03-24T07:38:16+00:00\" \/>\n<meta property=\"article:modified_time\" content=\"2018-03-24T10:27:21+00:00\" \/>\n<meta property=\"og:image\" content=\"https:\/\/kapitalis.com\/tunisie\/wp-content\/uploads\/2022\/05\/kapitalis-logo-fb.png\" \/>\n\t<meta property=\"og:image:width\" content=\"1200\" \/>\n\t<meta property=\"og:image:height\" content=\"630\" \/>\n\t<meta property=\"og:image:type\" content=\"image\/png\" \/>\n<meta name=\"author\" content=\"webmaster kapitalis\" \/>\n<meta name=\"twitter:card\" content=\"summary_large_image\" \/>\n<meta name=\"twitter:creator\" content=\"@KapitalisInfo\" \/>\n<meta name=\"twitter:site\" content=\"@KapitalisInfo\" \/>\n<meta name=\"twitter:label1\" content=\"\u00c9crit par\" \/>\n\t<meta name=\"twitter:data1\" content=\"webmaster kapitalis\" \/>\n\t<meta name=\"twitter:label2\" content=\"Dur\u00e9e de lecture estim\u00e9e\" \/>\n\t<meta name=\"twitter:data2\" content=\"1 minute\" \/>\n<script type=\"application\/ld+json\" class=\"yoast-schema-graph\">{\"@context\":\"https:\/\/schema.org\",\"@graph\":[{\"@type\":\"Article\",\"@id\":\"https:\/\/kapitalis.com\/tunisie\/2018\/03\/24\/finances-la-tunisie-abritera-la-reunion-annuelle-de-la-bid-debut-avril\/#article\",\"isPartOf\":{\"@id\":\"https:\/\/kapitalis.com\/tunisie\/2018\/03\/24\/finances-la-tunisie-abritera-la-reunion-annuelle-de-la-bid-debut-avril\/\"},\"author\":{\"name\":\"webmaster kapitalis\",\"@id\":\"https:\/\/kapitalis.com\/tunisie\/#\/schema\/person\/d71f33a9ca44f7bad4698210b480c8e9\"},\"headline\":\"Finances: La Tunisie abritera la r\u00e9union annuelle de la BID d\u00e9but avril\",\"datePublished\":\"2018-03-24T07:38:16+00:00\",\"dateModified\":\"2018-03-24T10:27:21+00:00\",\"mainEntityOfPage\":{\"@id\":\"https:\/\/kapitalis.com\/tunisie\/2018\/03\/24\/finances-la-tunisie-abritera-la-reunion-annuelle-de-la-bid-debut-avril\/\"},\"wordCount\":263,\"commentCount\":2,\"publisher\":{\"@id\":\"https:\/\/kapitalis.com\/tunisie\/#organization\"},\"image\":{\"@id\":\"https:\/\/kapitalis.com\/tunisie\/2018\/03\/24\/finances-la-tunisie-abritera-la-reunion-annuelle-de-la-bid-debut-avril\/#primaryimage\"},\"thumbnailUrl\":\"\",\"keywords\":[\"Arabie saoudite\",\"BID\",\"Djeddah\"],\"articleSection\":[\"ECONOMIE\",\"Tunisie\"],\"inLanguage\":\"fr-FR\",\"potentialAction\":[{\"@type\":\"CommentAction\",\"name\":\"Comment\",\"target\":[\"https:\/\/kapitalis.com\/tunisie\/2018\/03\/24\/finances-la-tunisie-abritera-la-reunion-annuelle-de-la-bid-debut-avril\/#respond\"]}]},{\"@type\":\"WebPage\",\"@id\":\"https:\/\/kapitalis.com\/tunisie\/2018\/03\/24\/finances-la-tunisie-abritera-la-reunion-annuelle-de-la-bid-debut-avril\/\",\"url\":\"https:\/\/kapitalis.com\/tunisie\/2018\/03\/24\/finances-la-tunisie-abritera-la-reunion-annuelle-de-la-bid-debut-avril\/\",\"name\":\"Finances: La Tunisie abritera la r\u00e9union annuelle de la BID d\u00e9but avril - Kapitalis\",\"isPartOf\":{\"@id\":\"https:\/\/kapitalis.com\/tunisie\/#website\"},\"primaryImageOfPage\":{\"@id\":\"https:\/\/kapitalis.com\/tunisie\/2018\/03\/24\/finances-la-tunisie-abritera-la-reunion-annuelle-de-la-bid-debut-avril\/#primaryimage\"},\"image\":{\"@id\":\"https:\/\/kapitalis.com\/tunisie\/2018\/03\/24\/finances-la-tunisie-abritera-la-reunion-annuelle-de-la-bid-debut-avril\/#primaryimage\"},\"thumbnailUrl\":\"\",\"datePublished\":\"2018-03-24T07:38:16+00:00\",\"dateModified\":\"2018-03-24T10:27:21+00:00\",\"breadcrumb\":{\"@id\":\"https:\/\/kapitalis.com\/tunisie\/2018\/03\/24\/finances-la-tunisie-abritera-la-reunion-annuelle-de-la-bid-debut-avril\/#breadcrumb\"},\"inLanguage\":\"fr-FR\",\"potentialAction\":[{\"@type\":\"ReadAction\",\"target\":[\"https:\/\/kapitalis.com\/tunisie\/2018\/03\/24\/finances-la-tunisie-abritera-la-reunion-annuelle-de-la-bid-debut-avril\/\"]}]},{\"@type\":\"ImageObject\",\"inLanguage\":\"fr-FR\",\"@id\":\"https:\/\/kapitalis.com\/tunisie\/2018\/03\/24\/finances-la-tunisie-abritera-la-reunion-annuelle-de-la-bid-debut-avril\/#primaryimage\",\"url\":\"\",\"contentUrl\":\"\"},{\"@type\":\"BreadcrumbList\",\"@id\":\"https:\/\/kapitalis.com\/tunisie\/2018\/03\/24\/finances-la-tunisie-abritera-la-reunion-annuelle-de-la-bid-debut-avril\/#breadcrumb\",\"itemListElement\":[{\"@type\":\"ListItem\",\"position\":1,\"name\":\"Accueil\",\"item\":\"https:\/\/kapitalis.com\/tunisie\/\"},{\"@type\":\"ListItem\",\"position\":2,\"name\":\"Finances: La Tunisie abritera la r\u00e9union annuelle de la BID d\u00e9but avril\"}]},{\"@type\":\"WebSite\",\"@id\":\"https:\/\/kapitalis.com\/tunisie\/#website\",\"url\":\"https:\/\/kapitalis.com\/tunisie\/\",\"name\":\"Kapitalis\",\"description\":\"L&#039;actualit\u00e9 en Tunisie et dans le monde\",\"publisher\":{\"@id\":\"https:\/\/kapitalis.com\/tunisie\/#organization\"},\"potentialAction\":[{\"@type\":\"SearchAction\",\"target\":{\"@type\":\"EntryPoint\",\"urlTemplate\":\"https:\/\/kapitalis.com\/tunisie\/?s={search_term_string}\"},\"query-input\":{\"@type\":\"PropertyValueSpecification\",\"valueRequired\":true,\"valueName\":\"search_term_string\"}}],\"inLanguage\":\"fr-FR\"},{\"@type\":\"Organization\",\"@id\":\"https:\/\/kapitalis.com\/tunisie\/#organization\",\"name\":\"Kapitalis\",\"url\":\"https:\/\/kapitalis.com\/tunisie\/\",\"logo\":{\"@type\":\"ImageObject\",\"inLanguage\":\"fr-FR\",\"@id\":\"https:\/\/kapitalis.com\/tunisie\/#\/schema\/logo\/image\/\",\"url\":\"https:\/\/kapitalis.com\/tunisie\/wp-content\/uploads\/2022\/05\/Kapitalis-big-size.png\",\"contentUrl\":\"https:\/\/kapitalis.com\/tunisie\/wp-content\/uploads\/2022\/05\/Kapitalis-big-size.png\",\"width\":5000,\"height\":1500,\"caption\":\"Kapitalis\"},\"image\":{\"@id\":\"https:\/\/kapitalis.com\/tunisie\/#\/schema\/logo\/image\/\"},\"sameAs\":[\"https:\/\/www.facebook.com\/KapitalisInfo\/\",\"https:\/\/x.com\/KapitalisInfo\",\"https:\/\/www.youtube.com\/channel\/UC-yDYrHyfFBWWZaOw3FPg9Q\"]},{\"@type\":\"Person\",\"@id\":\"https:\/\/kapitalis.com\/tunisie\/#\/schema\/person\/d71f33a9ca44f7bad4698210b480c8e9\",\"name\":\"webmaster kapitalis\",\"url\":\"https:\/\/kapitalis.com\/tunisie\/author\/webmaster-kapitalis\/\"}]}<\/script>\n<!-- \/ Yoast SEO plugin. -->","yoast_head_json":{"title":"Finances: La Tunisie abritera la r\u00e9union annuelle de la BID d\u00e9but avril - Kapitalis","robots":{"index":"index","follow":"follow","max-snippet":"max-snippet:-1","max-image-preview":"max-image-preview:large","max-video-preview":"max-video-preview:-1"},"canonical":"https:\/\/kapitalis.com\/tunisie\/2018\/03\/24\/finances-la-tunisie-abritera-la-reunion-annuelle-de-la-bid-debut-avril\/","og_locale":"fr_FR","og_type":"article","og_title":"Finances: La Tunisie abritera la r\u00e9union annuelle de la BID d\u00e9but avril - Kapitalis","og_description":"La 42e r\u00e9union de la BID s\u2019est tenue \u00e0 Djeddah, en Arabie saoudite, en mai 2017. Pr\u00e8s de 2000 participants assisteront \u00e0 la 43e r\u00e9union annuelle de la Banque islamique de d\u00e9veloppement (BID), qui se tiendra \u00e0 Tunis, au cours de la premi\u00e8re d\u2019avril.","og_url":"https:\/\/kapitalis.com\/tunisie\/2018\/03\/24\/finances-la-tunisie-abritera-la-reunion-annuelle-de-la-bid-debut-avril\/","og_site_name":"Kapitalis","article_publisher":"https:\/\/www.facebook.com\/KapitalisInfo\/","article_published_time":"2018-03-24T07:38:16+00:00","article_modified_time":"2018-03-24T10:27:21+00:00","og_image":[{"width":1200,"height":630,"url":"https:\/\/kapitalis.com\/tunisie\/wp-content\/uploads\/2022\/05\/kapitalis-logo-fb.png","type":"image\/png"}],"author":"webmaster kapitalis","twitter_card":"summary_large_image","twitter_creator":"@KapitalisInfo","twitter_site":"@KapitalisInfo","twitter_misc":{"\u00c9crit par":"webmaster kapitalis","Dur\u00e9e de lecture estim\u00e9e":"1 minute"},"schema":{"@context":"https:\/\/schema.org","@graph":[{"@type":"Article","@id":"https:\/\/kapitalis.com\/tunisie\/2018\/03\/24\/finances-la-tunisie-abritera-la-reunion-annuelle-de-la-bid-debut-avril\/#article","isPartOf":{"@id":"https:\/\/kapitalis.com\/tunisie\/2018\/03\/24\/finances-la-tunisie-abritera-la-reunion-annuelle-de-la-bid-debut-avril\/"},"author":{"name":"webmaster kapitalis","@id":"https:\/\/kapitalis.com\/tunisie\/#\/schema\/person\/d71f33a9ca44f7bad4698210b480c8e9"},"headline":"Finances: La Tunisie abritera la r\u00e9union annuelle de la BID d\u00e9but avril","datePublished":"2018-03-24T07:38:16+00:00","dateModified":"2018-03-24T10:27:21+00:00","mainEntityOfPage":{"@id":"https:\/\/kapitalis.com\/tunisie\/2018\/03\/24\/finances-la-tunisie-abritera-la-reunion-annuelle-de-la-bid-debut-avril\/"},"wordCount":263,"commentCount":2,"publisher":{"@id":"https:\/\/kapitalis.com\/tunisie\/#organization"},"image":{"@id":"https:\/\/kapitalis.com\/tunisie\/2018\/03\/24\/finances-la-tunisie-abritera-la-reunion-annuelle-de-la-bid-debut-avril\/#primaryimage"},"thumbnailUrl":"","keywords":["Arabie saoudite","BID","Djeddah"],"articleSection":["ECONOMIE","Tunisie"],"inLanguage":"fr-FR","potentialAction":[{"@type":"CommentAction","name":"Comment","target":["https:\/\/kapitalis.com\/tunisie\/2018\/03\/24\/finances-la-tunisie-abritera-la-reunion-annuelle-de-la-bid-debut-avril\/#respond"]}]},{"@type":"WebPage","@id":"https:\/\/kapitalis.com\/tunisie\/2018\/03\/24\/finances-la-tunisie-abritera-la-reunion-annuelle-de-la-bid-debut-avril\/","url":"https:\/\/kapitalis.com\/tunisie\/2018\/03\/24\/finances-la-tunisie-abritera-la-reunion-annuelle-de-la-bid-debut-avril\/","name":"Finances: La Tunisie abritera la r\u00e9union annuelle de la BID d\u00e9but avril - Kapitalis","isPartOf":{"@id":"https:\/\/kapitalis.com\/tunisie\/#website"},"primaryImageOfPage":{"@id":"https:\/\/kapitalis.com\/tunisie\/2018\/03\/24\/finances-la-tunisie-abritera-la-reunion-annuelle-de-la-bid-debut-avril\/#primaryimage"},"image":{"@id":"https:\/\/kapitalis.com\/tunisie\/2018\/03\/24\/finances-la-tunisie-abritera-la-reunion-annuelle-de-la-bid-debut-avril\/#primaryimage"},"thumbnailUrl":"","datePublished":"2018-03-24T07:38:16+00:00","dateModified":"2018-03-24T10:27:21+00:00","breadcrumb":{"@id":"https:\/\/kapitalis.com\/tunisie\/2018\/03\/24\/finances-la-tunisie-abritera-la-reunion-annuelle-de-la-bid-debut-avril\/#breadcrumb"},"inLanguage":"fr-FR","potentialAction":[{"@type":"ReadAction","target":["https:\/\/kapitalis.com\/tunisie\/2018\/03\/24\/finances-la-tunisie-abritera-la-reunion-annuelle-de-la-bid-debut-avril\/"]}]},{"@type":"ImageObject","inLanguage":"fr-FR","@id":"https:\/\/kapitalis.com\/tunisie\/2018\/03\/24\/finances-la-tunisie-abritera-la-reunion-annuelle-de-la-bid-debut-avril\/#primaryimage","url":"","contentUrl":""},{"@type":"BreadcrumbList","@id":"https:\/\/kapitalis.com\/tunisie\/2018\/03\/24\/finances-la-tunisie-abritera-la-reunion-annuelle-de-la-bid-debut-avril\/#breadcrumb","itemListElement":[{"@type":"ListItem","position":1,"name":"Accueil","item":"https:\/\/kapitalis.com\/tunisie\/"},{"@type":"ListItem","position":2,"name":"Finances: La Tunisie abritera la r\u00e9union annuelle de la BID d\u00e9but avril"}]},{"@type":"WebSite","@id":"https:\/\/kapitalis.com\/tunisie\/#website","url":"https:\/\/kapitalis.com\/tunisie\/","name":"Kapitalis","description":"L&#039;actualit\u00e9 en Tunisie et dans le monde","publisher":{"@id":"https:\/\/kapitalis.com\/tunisie\/#organization"},"potentialAction":[{"@type":"SearchAction","target":{"@type":"EntryPoint","urlTemplate":"https:\/\/kapitalis.com\/tunisie\/?s={search_term_string}"},"query-input":{"@type":"PropertyValueSpecification","valueRequired":true,"valueName":"search_term_string"}}],"inLanguage":"fr-FR"},{"@type":"Organization","@id":"https:\/\/kapitalis.com\/tunisie\/#organization","name":"Kapitalis","url":"https:\/\/kapitalis.com\/tunisie\/","logo":{"@type":"ImageObject","inLanguage":"fr-FR","@id":"https:\/\/kapitalis.com\/tunisie\/#\/schema\/logo\/image\/","url":"https:\/\/kapitalis.com\/tunisie\/wp-content\/uploads\/2022\/05\/Kapitalis-big-size.png","contentUrl":"https:\/\/kapitalis.com\/tunisie\/wp-content\/uploads\/2022\/05\/Kapitalis-big-size.png","width":5000,"height":1500,"caption":"Kapitalis"},"image":{"@id":"https:\/\/kapitalis.com\/tunisie\/#\/schema\/logo\/image\/"},"sameAs":["https:\/\/www.facebook.com\/KapitalisInfo\/","https:\/\/x.com\/KapitalisInfo","https:\/\/www.youtube.com\/channel\/UC-yDYrHyfFBWWZaOw3FPg9Q"]},{"@type":"Person","@id":"https:\/\/kapitalis.com\/tunisie\/#\/schema\/person\/d71f33a9ca44f7bad4698210b480c8e9","name":"webmaster kapitalis","url":"https:\/\/kapitalis.com\/tunisie\/author\/webmaster-kapitalis\/"}]}},"_links":{"self":[{"href":"https:\/\/kapitalis.com\/tunisie\/wp-json\/wp\/v2\/posts\/145195","targetHints":{"allow":["GET"]}}],"collection":[{"href":"https:\/\/kapitalis.com\/tunisie\/wp-json\/wp\/v2\/posts"}],"about":[{"href":"https:\/\/kapitalis.com\/tunisie\/wp-json\/wp\/v2\/types\/post"}],"author":[{"embeddable":true,"href":"https:\/\/kapitalis.com\/tunisie\/wp-json\/wp\/v2\/users\/8"}],"replies":[{"embeddable":true,"href":"https:\/\/kapitalis.com\/tunisie\/wp-json\/wp\/v2\/comments?post=145195"}],"version-history":[{"count":0,"href":"https:\/\/kapitalis.com\/tunisie\/wp-json\/wp\/v2\/posts\/145195\/revisions"}],"wp:featuredmedia":[{"embeddable":true,"href":"https:\/\/kapitalis.com\/tunisie\/wp-json\/wp\/v2\/media\/145197"}],"wp:attachment":[{"href":"https:\/\/kapitalis.com\/tunisie\/wp-json\/wp\/v2\/media?parent=145195"}],"wp:term":[{"taxonomy":"category","embeddable":true,"href":"https:\/\/kapitalis.com\/tunisie\/wp-json\/wp\/v2\/categories?post=145195"},{"taxonomy":"post_tag","embeddable":true,"href":"https:\/\/kapitalis.com\/tunisie\/wp-json\/wp\/v2\/tags?post=145195"}],"curies":[{"name":"wp","href":"https:\/\/api.w.org\/{rel}","templated":true}]}}