{"id":14522145,"date":"2024-11-04T10:22:17","date_gmt":"2024-11-04T09:22:17","guid":{"rendered":"https:\/\/kapitalis.com\/tunisie\/?p=14522145"},"modified":"2024-11-04T10:22:54","modified_gmt":"2024-11-04T09:22:54","slug":"les-arabes-et-la-palestine-impuissance-mensonges-et-video","status":"publish","type":"post","link":"https:\/\/kapitalis.com\/tunisie\/2024\/11\/04\/les-arabes-et-la-palestine-impuissance-mensonges-et-video\/","title":{"rendered":"Les Arabes et la Palestine\u00a0: impuissance, mensonge et vid\u00e9o"},"content":{"rendered":"\n<p><strong><em>Jamais depuis la fin de la guerre d\u2019octobre 1973 et les accords de Camp David, les divisions des Etats arabes n\u2019ont \u00e9t\u00e9 aussi profondes\u00a0et leur impuissance aussi grande que depuis le d\u00e9clenchement de la guerre isra\u00e9lienne contre Gaza, le 7 octobre 2023.<\/em><\/strong><\/p>\n\n\n\n<p><strong>Dr Abderrahmane Cherfouh<\/strong> *<\/p>\n\n\n\n<!--more-->\n\n\n\n<p>Au treizi\u00e8me mois de la plus barbare guerre d\u2019agression&nbsp;enregistr\u00e9e dans l\u2019histoire et contre un <em>\u00abpeuple&nbsp;fr\u00e8re\u00bb<\/em>, la coquille vide de la Ligue des \u00c9tats arabes, qui n\u2019existe plus qu\u2019\u00e0 travers des r\u00e9unions sporadiques et des slogans creux et inadapt\u00e9s,&nbsp;a enfin daign\u00e9 se manifester en, en interpellant le Conseil de s\u00e9curit\u00e9 des Nations unies pour qu\u2019il prenne en consid\u00e9ration les revendications du peuple palestinien.<\/p>\n\n\n\n<p>Dans cet&nbsp; appel, la Ligue reconnait que l\u2019objectif de l\u2019\u00c9tat sioniste c\u2019est&nbsp;d\u2019\u00e9craser le peuple palestinien par tous les moyens&nbsp;: bombardements, massacres, colonisation, annexion, etc.<\/p>\n\n\n\n<p>La question qui m\u00e9rite d\u2019\u00eatre pos\u00e9e est la suivante : pourquoi cette r\u00e9action tardive, treize mois apr\u00e8s le d\u00e9but des massacres perp\u00e9tr\u00e9s par Isra\u00ebl \u00e0 Gaza ? Et pourquoi avoir attendu la destruction presque totale de cette enclave palestinienne, devenue un cimeti\u00e8re \u00e0 ciel ouvert,&nbsp;pour lancer ce path\u00e9tique appel qui ne sera d\u2019ailleurs suivi d\u2019aucun effet?<\/p>\n\n\n\n<figure class=\"wp-block-embed is-type-wp-embed is-provider-kapitalis wp-block-embed-kapitalis\"><div class=\"wp-block-embed__wrapper\">\n<blockquote class=\"wp-embedded-content\" data-secret=\"9F8LC5Ftn9\"><a href=\"https:\/\/kapitalis.com\/tunisie\/2024\/09\/21\/israel-face-au-neant-arabe\/\">Isra\u00ebl face au n\u00e9ant arabe<\/a><\/blockquote><iframe loading=\"lazy\" class=\"wp-embedded-content\" sandbox=\"allow-scripts\" security=\"restricted\" style=\"position: absolute; visibility: hidden;\" title=\"\u00ab\u00a0Isra\u00ebl face au n\u00e9ant arabe\u00a0\u00bb &#8212; Kapitalis\" src=\"https:\/\/kapitalis.com\/tunisie\/2024\/09\/21\/israel-face-au-neant-arabe\/embed\/#?secret=uRZECcILf9#?secret=9F8LC5Ftn9\" data-secret=\"9F8LC5Ftn9\" width=\"600\" height=\"338\" frameborder=\"0\" marginwidth=\"0\" marginheight=\"0\" scrolling=\"no\"><\/iframe>\n<\/div><\/figure>\n\n\n\n<p><em>\u00abLa Ligue des \u00c9tats arabes a appel\u00e9 le Conseil de s\u00e9curit\u00e9, la communaut\u00e9 internationale et tous les acteurs \u00e0 assumer leurs responsabilit\u00e9s, \u00e0 faire pression sur Isra\u00ebl pour qu\u2019il cesse l\u2019agression isra\u00e9lienne et \u00e0 l\u2019obliger \u00e0 introduire toute l\u2019aide humanitaire qui r\u00e9pond aux besoins des habitants de la bande\u00bb<\/em>, indique la Ligue dans son appel. <em>\u00abLa D\u00e9claration de Balfour reste une blessure inou\u00efe \u00e0 la conscience humaine, pour ce qu\u2019elle a caus\u00e9 au peuple palestinien\u00bb<\/em>, ajoute la Ligue, tout en soulignant que l\u2019occupant sioniste continue de <em>\u00abvioler, coloniser, juda\u00efser, annexer, bloquer et d\u00e9truire les valeurs de la vie du peuple palestinien\u00bb<\/em>.<\/p>\n\n\n\n<h2 class=\"wp-block-heading\">Les puissants et les figurants<\/h2>\n\n\n\n<p>La Ligue des Etats arabes appelle la communaut\u00e9 internationale \u00e0 <em>\u00abreconna\u00eetre l\u2019\u00c9tat palestinien, conform\u00e9ment \u00e0 la solution \u00e0 deux \u00c9tats\u00bb<\/em> et \u00e0 <em>\u00abfaire pression sur Isra\u00ebl, puissance occupante, pour qu\u2019il mette fin \u00e0 ses crimes et violations continus contre le peuple palestinien, sa terre et son caract\u00e8re sacr\u00e9.\u00bb<\/em><\/p>\n\n\n\n<p>Premi\u00e8re erreur : la cible et l\u2019auditoire. Car enfin ce Conseil de s\u00e9curit\u00e9 et la communaut\u00e9 internationale qu\u2019il croit repr\u00e9senter sont depuis longtemps d\u00e9pass\u00e9s par les \u00e9v\u00e9nements et ne jouissent plus d\u2019aucune cr\u00e9dibilit\u00e9. C\u2019est une fiction savamment entretenue qui ne repr\u00e9sente plus ni ne d\u00e9fend s\u00e9rieusement le droit&nbsp;international. Car, nous savons tous qu\u2019au sein&nbsp;de l\u2019Onu, ce droit international est dict\u00e9 et d\u00e9fini par cinq \u00c9tats dont les repr\u00e9sentants si\u00e8gent en permanence au Conseil de s\u00e9curit\u00e9. Pis encore&nbsp;: ils b\u00e9n\u00e9ficient du droit de v\u00e9to, faisant ainsi de tous les autres pays de simples figurants et faire-valoir.<\/p>\n\n\n\n<figure class=\"wp-block-embed is-type-wp-embed is-provider-kapitalis wp-block-embed-kapitalis\"><div class=\"wp-block-embed__wrapper\">\n<blockquote class=\"wp-embedded-content\" data-secret=\"JDZ6kPFDiA\"><a href=\"https:\/\/kapitalis.com\/tunisie\/2024\/09\/24\/apres-gaza-le-liban-ou-la-passivite-diplomatique-des-etats-arabes\/\">Apr\u00e8s Gaza, le Liban\u00a0ou la passivit\u00e9 diplomatique des Etats arabes<\/a><\/blockquote><iframe loading=\"lazy\" class=\"wp-embedded-content\" sandbox=\"allow-scripts\" security=\"restricted\" style=\"position: absolute; visibility: hidden;\" title=\"\u00ab\u00a0Apr\u00e8s Gaza, le Liban\u00a0ou la passivit\u00e9 diplomatique des Etats arabes\u00a0\u00bb &#8212; Kapitalis\" src=\"https:\/\/kapitalis.com\/tunisie\/2024\/09\/24\/apres-gaza-le-liban-ou-la-passivite-diplomatique-des-etats-arabes\/embed\/#?secret=Fe7rdq2tUc#?secret=JDZ6kPFDiA\" data-secret=\"JDZ6kPFDiA\" width=\"600\" height=\"338\" frameborder=\"0\" marginwidth=\"0\" marginheight=\"0\" scrolling=\"no\"><\/iframe>\n<\/div><\/figure>\n\n\n\n<p>Deuxi\u00e8me erreur : mettre en relief avec trop d\u2019insistance le r\u00f4le du Royaume Uni, o\u00f9 la fameuse D\u00e9claration de Balfour \u00e0 l\u2019origine de la cr\u00e9ation de l\u2019Etat d\u2019Isra\u00ebl a \u00e9t\u00e9 faite il y a plus d\u2019un si\u00e8cle, pour l\u2019amener \u00e0 corriger son erreur et \u00e0 revenir \u00e0 une meilleure appr\u00e9ciation de la situation au Proche-Orient qu\u2019il a largement contribu\u00e9 \u00e0 morceler. C\u2019est oublier ou feindre d\u2019oublier que ce pays est membre permanent de l\u2019Onu et l&rsquo;un des complices patent\u00e9s de l\u2019\u00c9tat g\u00e9nocidaire d\u2019Isra\u00ebl au m\u00eame titre que les \u00c9tats-Unis, le Canada, l\u2019Allemagne et la France, et par cons\u00e9quent, il ne peut \u00eatre \u00e0 la fois juge et partie.<\/p>\n\n\n\n<p>Cette r\u00e9action tardive des dirigeants de la Ligue des \u00c9tats arabes est, en r\u00e9alit\u00e9, un aveu d\u2019impuissance et d\u2019absence totale de strat\u00e9gie commune face aux forces d\u2019agression am\u00e9ricano-sionistes qui ne font qu\u2019ex\u00e9cuter un plan commun de destruction du monde arabe dans son ensemble.<\/p>\n\n\n\n<h2 class=\"wp-block-heading\">Inaction, soumission et complicit\u00e9<\/h2>\n\n\n\n<p>Troisi\u00e8me erreur : depuis le 7 octobre 2023, les r\u00e9f\u00e9rences \u00e0 la l\u00e9galit\u00e9 internationale ont \u00e9t\u00e9 balay\u00e9es d\u2019un revers de la main par cet Occident dominateur et \u00e0 sa t\u00eate les \u00c9tats-Unis, et quand la Ligue des Etats arabes insiste dans son appel sur le respect du droit international pour contrer les agressions sauvages visant \u00e0 exterminer le peuple palestinien,&nbsp;cela signifie soit qu\u2019elle est myope et na\u00efve&nbsp;soit qu\u2019elle cherche \u00e0 se m\u00e9nager hypocritement une sortie moins d\u00e9shonorante au regard des peuples de la r\u00e9gions. En r\u00e9alit\u00e9, ses Etats membres cherchent \u00e0 \u00e9viter toute confrontation directe avec les forces am\u00e9ricano-sionistes par&nbsp;faiblesse, par l\u00e2chet\u00e9 ou par calcul malsain.<\/p>\n\n\n\n<p>Nageant \u00e0 contre-courant de la volont\u00e9 des peuples qu\u2019elle est cens\u00e9e repr\u00e9senter et prise dans un tourbillon de mensonge et de mauvaise foi, cette Ligue des Etats arabes tente vainement par son dernier appel \u00e0 redorer son blason terni par l\u2019inaction, la soumission et complicit\u00e9 avec les forces destructrices \u00e0 l\u2019\u0153uvre dans la r\u00e9gion. Elle est clairement incapable de manifester sa totale solidarit\u00e9 avec le peuple palestinien comme l\u2019ont fait les peuples arabes, en d\u00e9pit des trahisons de leurs dirigeants, d\u00e8s les premiers instants de l\u2019agression sioniste contre Gaza.<\/p>\n\n\n\n<p>A y voir de plus pr\u00e8s, jamais depuis la fin de la guerre d\u2019octobre 1973 et les accords de Camp David, les divisions des Etats arabes n\u2019ont \u00e9t\u00e9 aussi profondes\u00a0et leur impuissance aussi grande que depuis le d\u00e9clenchement de la guerre isra\u00e9lienne contre Gaza, le 7 octobre 2023. Certains de ces Etats\u00a0entretiennent m\u00eame des relations, et pas seulement diplomatiques, avec l\u2019entit\u00e9 sioniste et pour eux la cause palestinienne arrive au second plan. Aussi le mythe de l\u2019<em>\u00abunit\u00e9 arabe\u00bb<\/em> longtemps entretenue par des slogans creux a-t-il laiss\u00e9 place \u00e0 une am\u00e8re d\u00e9sillusion et les luttes fratricides ont fini par \u00e9clater au grand jour. <\/p>\n\n\n\n<p>* <em>M\u00e9decin alg\u00e9rien bas\u00e9 au Canada.<\/em><\/p>\n\n\n\n<figure class=\"wp-block-embed is-type-wp-embed is-provider-kapitalis wp-block-embed-kapitalis\"><div class=\"wp-block-embed__wrapper\">\n<blockquote class=\"wp-embedded-content\" data-secret=\"NJSnPgSY0d\"><a href=\"https:\/\/kapitalis.com\/tunisie\/2024\/09\/05\/les-arabes-et-leurs-causes-a-la-recherche-du-temps-perdu\/\">Les Arabes et leurs \u00abcauses\u00bb \u00e0 la recherche du temps perdu<\/a><\/blockquote><iframe loading=\"lazy\" class=\"wp-embedded-content\" sandbox=\"allow-scripts\" security=\"restricted\" style=\"position: absolute; visibility: hidden;\" title=\"\u00ab\u00a0Les Arabes et leurs \u00abcauses\u00bb \u00e0 la recherche du temps perdu\u00a0\u00bb &#8212; Kapitalis\" src=\"https:\/\/kapitalis.com\/tunisie\/2024\/09\/05\/les-arabes-et-leurs-causes-a-la-recherche-du-temps-perdu\/embed\/#?secret=PXu5WLqe6D#?secret=NJSnPgSY0d\" data-secret=\"NJSnPgSY0d\" width=\"600\" height=\"338\" frameborder=\"0\" marginwidth=\"0\" marginheight=\"0\" scrolling=\"no\"><\/iframe>\n<\/div><\/figure>\n","protected":false},"excerpt":{"rendered":"<p>Jamais depuis la fin de la guerre d\u2019octobre 1973 et les accords de Camp David, les divisions et l&rsquo;impuissance des Arabes n&rsquo;ont \u00e9t\u00e9 aussi grandes. <\/p>\n","protected":false},"author":8,"featured_media":14522223,"comment_status":"open","ping_status":"open","sticky":false,"template":"","format":"standard","meta":{"footnotes":""},"categories":[992,997,1000,2433],"tags":[1613,8855,75918,2444,111719,2478,4988,4013,4026,2739],"class_list":["post-14522145","post","type-post","status-publish","format-standard","has-post-thumbnail","hentry","category-a-la-une","category-politique","category-tribune","category-tunisie","tag-arabes","tag-conseil-de-securite","tag-etats-unis-2","tag-gaza","tag-genocide","tag-israel","tag-ligue-arabe","tag-nations-unies","tag-palestine","tag-palestiniens"],"yoast_head":"<!-- This site is optimized with the Yoast SEO plugin v26.6 - https:\/\/yoast.com\/wordpress\/plugins\/seo\/ -->\n<title>Les Arabes et la Palestine\u00a0: impuissance, mensonge et vid\u00e9o - Kapitalis<\/title>\n<meta name=\"robots\" content=\"index, follow, max-snippet:-1, max-image-preview:large, max-video-preview:-1\" \/>\n<link rel=\"canonical\" href=\"https:\/\/kapitalis.com\/tunisie\/2024\/11\/04\/les-arabes-et-la-palestine-impuissance-mensonges-et-video\/\" \/>\n<meta property=\"og:locale\" content=\"fr_FR\" \/>\n<meta property=\"og:type\" content=\"article\" \/>\n<meta property=\"og:title\" content=\"Les Arabes et la Palestine\u00a0: impuissance, mensonge et vid\u00e9o - Kapitalis\" \/>\n<meta property=\"og:description\" content=\"Jamais depuis la fin de la guerre d\u2019octobre 1973 et les accords de Camp David, les divisions et l&#039;impuissance des Arabes n&#039;ont \u00e9t\u00e9 aussi grandes.\" \/>\n<meta property=\"og:url\" content=\"https:\/\/kapitalis.com\/tunisie\/2024\/11\/04\/les-arabes-et-la-palestine-impuissance-mensonges-et-video\/\" \/>\n<meta property=\"og:site_name\" content=\"Kapitalis\" \/>\n<meta property=\"article:publisher\" content=\"https:\/\/www.facebook.com\/KapitalisInfo\/\" \/>\n<meta property=\"article:published_time\" content=\"2024-11-04T09:22:17+00:00\" \/>\n<meta property=\"article:modified_time\" content=\"2024-11-04T09:22:54+00:00\" \/>\n<meta property=\"og:image\" content=\"https:\/\/kapitalis.com\/tunisie\/wp-content\/uploads\/2024\/11\/Ligue-des-Etats-arabes.jpg\" \/>\n\t<meta property=\"og:image:width\" content=\"1200\" \/>\n\t<meta property=\"og:image:height\" content=\"630\" \/>\n\t<meta property=\"og:image:type\" content=\"image\/jpeg\" \/>\n<meta name=\"author\" content=\"webmaster kapitalis\" \/>\n<meta name=\"twitter:card\" content=\"summary_large_image\" \/>\n<meta name=\"twitter:creator\" content=\"@KapitalisInfo\" \/>\n<meta name=\"twitter:site\" content=\"@KapitalisInfo\" \/>\n<meta name=\"twitter:label1\" content=\"\u00c9crit par\" \/>\n\t<meta name=\"twitter:data1\" content=\"webmaster kapitalis\" \/>\n\t<meta name=\"twitter:label2\" content=\"Dur\u00e9e de lecture estim\u00e9e\" \/>\n\t<meta name=\"twitter:data2\" content=\"5 minutes\" \/>\n<script type=\"application\/ld+json\" class=\"yoast-schema-graph\">{\"@context\":\"https:\/\/schema.org\",\"@graph\":[{\"@type\":\"Article\",\"@id\":\"https:\/\/kapitalis.com\/tunisie\/2024\/11\/04\/les-arabes-et-la-palestine-impuissance-mensonges-et-video\/#article\",\"isPartOf\":{\"@id\":\"https:\/\/kapitalis.com\/tunisie\/2024\/11\/04\/les-arabes-et-la-palestine-impuissance-mensonges-et-video\/\"},\"author\":{\"name\":\"webmaster kapitalis\",\"@id\":\"https:\/\/kapitalis.com\/tunisie\/#\/schema\/person\/d71f33a9ca44f7bad4698210b480c8e9\"},\"headline\":\"Les Arabes et la Palestine\u00a0: impuissance, mensonge et vid\u00e9o\",\"datePublished\":\"2024-11-04T09:22:17+00:00\",\"dateModified\":\"2024-11-04T09:22:54+00:00\",\"mainEntityOfPage\":{\"@id\":\"https:\/\/kapitalis.com\/tunisie\/2024\/11\/04\/les-arabes-et-la-palestine-impuissance-mensonges-et-video\/\"},\"wordCount\":1052,\"commentCount\":0,\"publisher\":{\"@id\":\"https:\/\/kapitalis.com\/tunisie\/#organization\"},\"image\":{\"@id\":\"https:\/\/kapitalis.com\/tunisie\/2024\/11\/04\/les-arabes-et-la-palestine-impuissance-mensonges-et-video\/#primaryimage\"},\"thumbnailUrl\":\"https:\/\/kapitalis.com\/tunisie\/wp-content\/uploads\/2024\/11\/Ligue-des-Etats-arabes.jpg\",\"keywords\":[\"arabes\",\"conseil de s\u00e9curit\u00e9\",\"Etats-Unis\",\"Gaza\",\"g\u00e9nocide\",\"Isra\u00ebl\",\"ligue arabe\",\"Nations unies\",\"Palestine\",\"Palestiniens\"],\"articleSection\":[\"A LA UNE\",\"POLITIQUE\",\"TRIBUNE\",\"Tunisie\"],\"inLanguage\":\"fr-FR\",\"potentialAction\":[{\"@type\":\"CommentAction\",\"name\":\"Comment\",\"target\":[\"https:\/\/kapitalis.com\/tunisie\/2024\/11\/04\/les-arabes-et-la-palestine-impuissance-mensonges-et-video\/#respond\"]}]},{\"@type\":\"WebPage\",\"@id\":\"https:\/\/kapitalis.com\/tunisie\/2024\/11\/04\/les-arabes-et-la-palestine-impuissance-mensonges-et-video\/\",\"url\":\"https:\/\/kapitalis.com\/tunisie\/2024\/11\/04\/les-arabes-et-la-palestine-impuissance-mensonges-et-video\/\",\"name\":\"Les Arabes et la Palestine\u00a0: impuissance, mensonge et vid\u00e9o - Kapitalis\",\"isPartOf\":{\"@id\":\"https:\/\/kapitalis.com\/tunisie\/#website\"},\"primaryImageOfPage\":{\"@id\":\"https:\/\/kapitalis.com\/tunisie\/2024\/11\/04\/les-arabes-et-la-palestine-impuissance-mensonges-et-video\/#primaryimage\"},\"image\":{\"@id\":\"https:\/\/kapitalis.com\/tunisie\/2024\/11\/04\/les-arabes-et-la-palestine-impuissance-mensonges-et-video\/#primaryimage\"},\"thumbnailUrl\":\"https:\/\/kapitalis.com\/tunisie\/wp-content\/uploads\/2024\/11\/Ligue-des-Etats-arabes.jpg\",\"datePublished\":\"2024-11-04T09:22:17+00:00\",\"dateModified\":\"2024-11-04T09:22:54+00:00\",\"breadcrumb\":{\"@id\":\"https:\/\/kapitalis.com\/tunisie\/2024\/11\/04\/les-arabes-et-la-palestine-impuissance-mensonges-et-video\/#breadcrumb\"},\"inLanguage\":\"fr-FR\",\"potentialAction\":[{\"@type\":\"ReadAction\",\"target\":[\"https:\/\/kapitalis.com\/tunisie\/2024\/11\/04\/les-arabes-et-la-palestine-impuissance-mensonges-et-video\/\"]}]},{\"@type\":\"ImageObject\",\"inLanguage\":\"fr-FR\",\"@id\":\"https:\/\/kapitalis.com\/tunisie\/2024\/11\/04\/les-arabes-et-la-palestine-impuissance-mensonges-et-video\/#primaryimage\",\"url\":\"https:\/\/kapitalis.com\/tunisie\/wp-content\/uploads\/2024\/11\/Ligue-des-Etats-arabes.jpg\",\"contentUrl\":\"https:\/\/kapitalis.com\/tunisie\/wp-content\/uploads\/2024\/11\/Ligue-des-Etats-arabes.jpg\",\"width\":1200,\"height\":630},{\"@type\":\"BreadcrumbList\",\"@id\":\"https:\/\/kapitalis.com\/tunisie\/2024\/11\/04\/les-arabes-et-la-palestine-impuissance-mensonges-et-video\/#breadcrumb\",\"itemListElement\":[{\"@type\":\"ListItem\",\"position\":1,\"name\":\"Accueil\",\"item\":\"https:\/\/kapitalis.com\/tunisie\/\"},{\"@type\":\"ListItem\",\"position\":2,\"name\":\"Les Arabes et la Palestine\u00a0: impuissance, mensonge et vid\u00e9o\"}]},{\"@type\":\"WebSite\",\"@id\":\"https:\/\/kapitalis.com\/tunisie\/#website\",\"url\":\"https:\/\/kapitalis.com\/tunisie\/\",\"name\":\"Kapitalis\",\"description\":\"L&#039;actualit\u00e9 en Tunisie et dans le monde\",\"publisher\":{\"@id\":\"https:\/\/kapitalis.com\/tunisie\/#organization\"},\"potentialAction\":[{\"@type\":\"SearchAction\",\"target\":{\"@type\":\"EntryPoint\",\"urlTemplate\":\"https:\/\/kapitalis.com\/tunisie\/?s={search_term_string}\"},\"query-input\":{\"@type\":\"PropertyValueSpecification\",\"valueRequired\":true,\"valueName\":\"search_term_string\"}}],\"inLanguage\":\"fr-FR\"},{\"@type\":\"Organization\",\"@id\":\"https:\/\/kapitalis.com\/tunisie\/#organization\",\"name\":\"Kapitalis\",\"url\":\"https:\/\/kapitalis.com\/tunisie\/\",\"logo\":{\"@type\":\"ImageObject\",\"inLanguage\":\"fr-FR\",\"@id\":\"https:\/\/kapitalis.com\/tunisie\/#\/schema\/logo\/image\/\",\"url\":\"https:\/\/kapitalis.com\/tunisie\/wp-content\/uploads\/2022\/05\/Kapitalis-big-size.png\",\"contentUrl\":\"https:\/\/kapitalis.com\/tunisie\/wp-content\/uploads\/2022\/05\/Kapitalis-big-size.png\",\"width\":5000,\"height\":1500,\"caption\":\"Kapitalis\"},\"image\":{\"@id\":\"https:\/\/kapitalis.com\/tunisie\/#\/schema\/logo\/image\/\"},\"sameAs\":[\"https:\/\/www.facebook.com\/KapitalisInfo\/\",\"https:\/\/x.com\/KapitalisInfo\",\"https:\/\/www.youtube.com\/channel\/UC-yDYrHyfFBWWZaOw3FPg9Q\"]},{\"@type\":\"Person\",\"@id\":\"https:\/\/kapitalis.com\/tunisie\/#\/schema\/person\/d71f33a9ca44f7bad4698210b480c8e9\",\"name\":\"webmaster kapitalis\",\"url\":\"https:\/\/kapitalis.com\/tunisie\/author\/webmaster-kapitalis\/\"}]}<\/script>\n<!-- \/ Yoast SEO plugin. -->","yoast_head_json":{"title":"Les Arabes et la Palestine\u00a0: impuissance, mensonge et vid\u00e9o - Kapitalis","robots":{"index":"index","follow":"follow","max-snippet":"max-snippet:-1","max-image-preview":"max-image-preview:large","max-video-preview":"max-video-preview:-1"},"canonical":"https:\/\/kapitalis.com\/tunisie\/2024\/11\/04\/les-arabes-et-la-palestine-impuissance-mensonges-et-video\/","og_locale":"fr_FR","og_type":"article","og_title":"Les Arabes et la Palestine\u00a0: impuissance, mensonge et vid\u00e9o - Kapitalis","og_description":"Jamais depuis la fin de la guerre d\u2019octobre 1973 et les accords de Camp David, les divisions et l'impuissance des Arabes n'ont \u00e9t\u00e9 aussi grandes.","og_url":"https:\/\/kapitalis.com\/tunisie\/2024\/11\/04\/les-arabes-et-la-palestine-impuissance-mensonges-et-video\/","og_site_name":"Kapitalis","article_publisher":"https:\/\/www.facebook.com\/KapitalisInfo\/","article_published_time":"2024-11-04T09:22:17+00:00","article_modified_time":"2024-11-04T09:22:54+00:00","og_image":[{"width":1200,"height":630,"url":"https:\/\/kapitalis.com\/tunisie\/wp-content\/uploads\/2024\/11\/Ligue-des-Etats-arabes.jpg","type":"image\/jpeg"}],"author":"webmaster kapitalis","twitter_card":"summary_large_image","twitter_creator":"@KapitalisInfo","twitter_site":"@KapitalisInfo","twitter_misc":{"\u00c9crit par":"webmaster kapitalis","Dur\u00e9e de lecture estim\u00e9e":"5 minutes"},"schema":{"@context":"https:\/\/schema.org","@graph":[{"@type":"Article","@id":"https:\/\/kapitalis.com\/tunisie\/2024\/11\/04\/les-arabes-et-la-palestine-impuissance-mensonges-et-video\/#article","isPartOf":{"@id":"https:\/\/kapitalis.com\/tunisie\/2024\/11\/04\/les-arabes-et-la-palestine-impuissance-mensonges-et-video\/"},"author":{"name":"webmaster kapitalis","@id":"https:\/\/kapitalis.com\/tunisie\/#\/schema\/person\/d71f33a9ca44f7bad4698210b480c8e9"},"headline":"Les Arabes et la Palestine\u00a0: impuissance, mensonge et vid\u00e9o","datePublished":"2024-11-04T09:22:17+00:00","dateModified":"2024-11-04T09:22:54+00:00","mainEntityOfPage":{"@id":"https:\/\/kapitalis.com\/tunisie\/2024\/11\/04\/les-arabes-et-la-palestine-impuissance-mensonges-et-video\/"},"wordCount":1052,"commentCount":0,"publisher":{"@id":"https:\/\/kapitalis.com\/tunisie\/#organization"},"image":{"@id":"https:\/\/kapitalis.com\/tunisie\/2024\/11\/04\/les-arabes-et-la-palestine-impuissance-mensonges-et-video\/#primaryimage"},"thumbnailUrl":"https:\/\/kapitalis.com\/tunisie\/wp-content\/uploads\/2024\/11\/Ligue-des-Etats-arabes.jpg","keywords":["arabes","conseil de s\u00e9curit\u00e9","Etats-Unis","Gaza","g\u00e9nocide","Isra\u00ebl","ligue arabe","Nations unies","Palestine","Palestiniens"],"articleSection":["A LA UNE","POLITIQUE","TRIBUNE","Tunisie"],"inLanguage":"fr-FR","potentialAction":[{"@type":"CommentAction","name":"Comment","target":["https:\/\/kapitalis.com\/tunisie\/2024\/11\/04\/les-arabes-et-la-palestine-impuissance-mensonges-et-video\/#respond"]}]},{"@type":"WebPage","@id":"https:\/\/kapitalis.com\/tunisie\/2024\/11\/04\/les-arabes-et-la-palestine-impuissance-mensonges-et-video\/","url":"https:\/\/kapitalis.com\/tunisie\/2024\/11\/04\/les-arabes-et-la-palestine-impuissance-mensonges-et-video\/","name":"Les Arabes et la Palestine\u00a0: impuissance, mensonge et vid\u00e9o - Kapitalis","isPartOf":{"@id":"https:\/\/kapitalis.com\/tunisie\/#website"},"primaryImageOfPage":{"@id":"https:\/\/kapitalis.com\/tunisie\/2024\/11\/04\/les-arabes-et-la-palestine-impuissance-mensonges-et-video\/#primaryimage"},"image":{"@id":"https:\/\/kapitalis.com\/tunisie\/2024\/11\/04\/les-arabes-et-la-palestine-impuissance-mensonges-et-video\/#primaryimage"},"thumbnailUrl":"https:\/\/kapitalis.com\/tunisie\/wp-content\/uploads\/2024\/11\/Ligue-des-Etats-arabes.jpg","datePublished":"2024-11-04T09:22:17+00:00","dateModified":"2024-11-04T09:22:54+00:00","breadcrumb":{"@id":"https:\/\/kapitalis.com\/tunisie\/2024\/11\/04\/les-arabes-et-la-palestine-impuissance-mensonges-et-video\/#breadcrumb"},"inLanguage":"fr-FR","potentialAction":[{"@type":"ReadAction","target":["https:\/\/kapitalis.com\/tunisie\/2024\/11\/04\/les-arabes-et-la-palestine-impuissance-mensonges-et-video\/"]}]},{"@type":"ImageObject","inLanguage":"fr-FR","@id":"https:\/\/kapitalis.com\/tunisie\/2024\/11\/04\/les-arabes-et-la-palestine-impuissance-mensonges-et-video\/#primaryimage","url":"https:\/\/kapitalis.com\/tunisie\/wp-content\/uploads\/2024\/11\/Ligue-des-Etats-arabes.jpg","contentUrl":"https:\/\/kapitalis.com\/tunisie\/wp-content\/uploads\/2024\/11\/Ligue-des-Etats-arabes.jpg","width":1200,"height":630},{"@type":"BreadcrumbList","@id":"https:\/\/kapitalis.com\/tunisie\/2024\/11\/04\/les-arabes-et-la-palestine-impuissance-mensonges-et-video\/#breadcrumb","itemListElement":[{"@type":"ListItem","position":1,"name":"Accueil","item":"https:\/\/kapitalis.com\/tunisie\/"},{"@type":"ListItem","position":2,"name":"Les Arabes et la Palestine\u00a0: impuissance, mensonge et vid\u00e9o"}]},{"@type":"WebSite","@id":"https:\/\/kapitalis.com\/tunisie\/#website","url":"https:\/\/kapitalis.com\/tunisie\/","name":"Kapitalis","description":"L&#039;actualit\u00e9 en Tunisie et dans le monde","publisher":{"@id":"https:\/\/kapitalis.com\/tunisie\/#organization"},"potentialAction":[{"@type":"SearchAction","target":{"@type":"EntryPoint","urlTemplate":"https:\/\/kapitalis.com\/tunisie\/?s={search_term_string}"},"query-input":{"@type":"PropertyValueSpecification","valueRequired":true,"valueName":"search_term_string"}}],"inLanguage":"fr-FR"},{"@type":"Organization","@id":"https:\/\/kapitalis.com\/tunisie\/#organization","name":"Kapitalis","url":"https:\/\/kapitalis.com\/tunisie\/","logo":{"@type":"ImageObject","inLanguage":"fr-FR","@id":"https:\/\/kapitalis.com\/tunisie\/#\/schema\/logo\/image\/","url":"https:\/\/kapitalis.com\/tunisie\/wp-content\/uploads\/2022\/05\/Kapitalis-big-size.png","contentUrl":"https:\/\/kapitalis.com\/tunisie\/wp-content\/uploads\/2022\/05\/Kapitalis-big-size.png","width":5000,"height":1500,"caption":"Kapitalis"},"image":{"@id":"https:\/\/kapitalis.com\/tunisie\/#\/schema\/logo\/image\/"},"sameAs":["https:\/\/www.facebook.com\/KapitalisInfo\/","https:\/\/x.com\/KapitalisInfo","https:\/\/www.youtube.com\/channel\/UC-yDYrHyfFBWWZaOw3FPg9Q"]},{"@type":"Person","@id":"https:\/\/kapitalis.com\/tunisie\/#\/schema\/person\/d71f33a9ca44f7bad4698210b480c8e9","name":"webmaster kapitalis","url":"https:\/\/kapitalis.com\/tunisie\/author\/webmaster-kapitalis\/"}]}},"_links":{"self":[{"href":"https:\/\/kapitalis.com\/tunisie\/wp-json\/wp\/v2\/posts\/14522145","targetHints":{"allow":["GET"]}}],"collection":[{"href":"https:\/\/kapitalis.com\/tunisie\/wp-json\/wp\/v2\/posts"}],"about":[{"href":"https:\/\/kapitalis.com\/tunisie\/wp-json\/wp\/v2\/types\/post"}],"author":[{"embeddable":true,"href":"https:\/\/kapitalis.com\/tunisie\/wp-json\/wp\/v2\/users\/8"}],"replies":[{"embeddable":true,"href":"https:\/\/kapitalis.com\/tunisie\/wp-json\/wp\/v2\/comments?post=14522145"}],"version-history":[{"count":2,"href":"https:\/\/kapitalis.com\/tunisie\/wp-json\/wp\/v2\/posts\/14522145\/revisions"}],"predecessor-version":[{"id":14522287,"href":"https:\/\/kapitalis.com\/tunisie\/wp-json\/wp\/v2\/posts\/14522145\/revisions\/14522287"}],"wp:featuredmedia":[{"embeddable":true,"href":"https:\/\/kapitalis.com\/tunisie\/wp-json\/wp\/v2\/media\/14522223"}],"wp:attachment":[{"href":"https:\/\/kapitalis.com\/tunisie\/wp-json\/wp\/v2\/media?parent=14522145"}],"wp:term":[{"taxonomy":"category","embeddable":true,"href":"https:\/\/kapitalis.com\/tunisie\/wp-json\/wp\/v2\/categories?post=14522145"},{"taxonomy":"post_tag","embeddable":true,"href":"https:\/\/kapitalis.com\/tunisie\/wp-json\/wp\/v2\/tags?post=14522145"}],"curies":[{"name":"wp","href":"https:\/\/api.w.org\/{rel}","templated":true}]}}