{"id":14524669,"date":"2024-11-04T13:39:54","date_gmt":"2024-11-04T12:39:54","guid":{"rendered":"https:\/\/kapitalis.com\/tunisie\/?p=14524669"},"modified":"2024-11-04T13:39:55","modified_gmt":"2024-11-04T12:39:55","slug":"tunisie-30-ans-de-prison-pour-une-dispute-de-la-circulation","status":"publish","type":"post","link":"https:\/\/kapitalis.com\/tunisie\/2024\/11\/04\/tunisie-30-ans-de-prison-pour-une-dispute-de-la-circulation\/","title":{"rendered":"Tunisie\u00a0: 30 ans de prison pour une dispute de la circulation"},"content":{"rendered":"\n<p><strong><em>Un jeune conducteur a \u00e9t\u00e9 condamn\u00e9 \u00e0 30 ans de r\u00e9clusion pour avoir tu\u00e9 un autre jeune conducteur en le tra\u00eenant d\u00e9lib\u00e9r\u00e9ment avec sa voiture, suite \u00e0 une dispute de circulation survenu au centre-ville de Tunis.<\/em><\/strong><\/p>\n\n\n\n<!--more-->\n\n\n\n<p>Les faits remontent \u00e0 juillet 2023, lorsque l\u2019accus\u00e9, au volant de son v\u00e9hicule, a eu une altercation avec la victime, qui circulait \u00e0 moto. Il est accus\u00e9 d\u2019\u00eatre sorti de sa voiture pour agresser violemment son adversaire, avant de remonter dans son v\u00e9hicule et de tra\u00eener la victime sur plusieurs dizaines de m\u00e8tres derri\u00e8re lui, entra\u00eenant sa mort des suites des graves blessures subies.<\/p>\n\n\n\n<p>Ce verdict a \u00e9t\u00e9 prononc\u00e9 ce lundi 4 novembre 2024 par la chambre criminelle du tribunal de premi\u00e8re instance de Tunis, rapporte <a href=\"https:\/\/www.mosaiquefm.net\/ar\/%D8%AA%D9%88%D9%86%D8%B3-%D8%A3%D8%AE%D8%A8%D8%A7%D8%B1-%D9%88%D8%B7%D9%86%D9%8A%D8%A9\/1336501\/%D8%A7%D9%84%D8%B9%D8%A7%D8%B5%D9%85%D8%A9-30-%D8%B3%D9%86%D8%A9-%D8%B3%D8%AC%D9%86%D8%A7-%D9%84%D8%B3%D8%A7%D8%A6%D9%82-%D8%B3%D9%25\" target=\"_blank\" rel=\"noreferrer noopener\">Mosa\u00efque FM<\/a>.<\/p>\n","protected":false},"excerpt":{"rendered":"<p>Un conducteur a \u00e9t\u00e9 condamn\u00e9 \u00e0 30 ans de r\u00e9clusion pour avoir tu\u00e9 un autre en le tra\u00eenant d\u00e9lib\u00e9r\u00e9ment avec sa voiture. <\/p>\n","protected":false},"author":8,"featured_media":4632618,"comment_status":"open","ping_status":"open","sticky":false,"template":"","format":"standard","meta":{"footnotes":""},"categories":[998,2433],"tags":[118731,62643],"class_list":["post-14524669","post","type-post","status-publish","format-standard","has-post-thumbnail","hentry","category-societe","category-tunisie","tag-dispute-de-circulation","tag-tunisie"],"yoast_head":"<!-- This site is optimized with the Yoast SEO plugin v26.6 - https:\/\/yoast.com\/wordpress\/plugins\/seo\/ -->\n<title>Tunisie\u00a0: 30 ans de prison pour une dispute de la circulation - Kapitalis<\/title>\n<meta name=\"robots\" content=\"index, follow, max-snippet:-1, max-image-preview:large, max-video-preview:-1\" \/>\n<link rel=\"canonical\" href=\"https:\/\/kapitalis.com\/tunisie\/2024\/11\/04\/tunisie-30-ans-de-prison-pour-une-dispute-de-la-circulation\/\" \/>\n<meta property=\"og:locale\" content=\"fr_FR\" \/>\n<meta property=\"og:type\" content=\"article\" \/>\n<meta property=\"og:title\" content=\"Tunisie\u00a0: 30 ans de prison pour une dispute de la circulation - Kapitalis\" \/>\n<meta property=\"og:description\" content=\"Un conducteur a \u00e9t\u00e9 condamn\u00e9 \u00e0 30 ans de r\u00e9clusion pour avoir tu\u00e9 un autre en le tra\u00eenant d\u00e9lib\u00e9r\u00e9ment avec sa voiture.\" \/>\n<meta property=\"og:url\" content=\"https:\/\/kapitalis.com\/tunisie\/2024\/11\/04\/tunisie-30-ans-de-prison-pour-une-dispute-de-la-circulation\/\" \/>\n<meta property=\"og:site_name\" content=\"Kapitalis\" \/>\n<meta property=\"article:publisher\" content=\"https:\/\/www.facebook.com\/KapitalisInfo\/\" \/>\n<meta property=\"article:published_time\" content=\"2024-11-04T12:39:54+00:00\" \/>\n<meta property=\"article:modified_time\" content=\"2024-11-04T12:39:55+00:00\" \/>\n<meta property=\"og:image\" content=\"https:\/\/kapitalis.com\/tunisie\/wp-content\/uploads\/2022\/10\/Arrestation.jpg\" \/>\n\t<meta property=\"og:image:width\" content=\"1200\" \/>\n\t<meta property=\"og:image:height\" content=\"630\" \/>\n\t<meta property=\"og:image:type\" content=\"image\/jpeg\" \/>\n<meta name=\"author\" content=\"webmaster kapitalis\" \/>\n<meta name=\"twitter:card\" content=\"summary_large_image\" \/>\n<meta name=\"twitter:creator\" content=\"@KapitalisInfo\" \/>\n<meta name=\"twitter:site\" content=\"@KapitalisInfo\" \/>\n<meta name=\"twitter:label1\" content=\"\u00c9crit par\" \/>\n\t<meta name=\"twitter:data1\" content=\"webmaster kapitalis\" \/>\n\t<meta name=\"twitter:label2\" content=\"Dur\u00e9e de lecture estim\u00e9e\" \/>\n\t<meta name=\"twitter:data2\" content=\"1 minute\" \/>\n<script type=\"application\/ld+json\" class=\"yoast-schema-graph\">{\"@context\":\"https:\/\/schema.org\",\"@graph\":[{\"@type\":\"Article\",\"@id\":\"https:\/\/kapitalis.com\/tunisie\/2024\/11\/04\/tunisie-30-ans-de-prison-pour-une-dispute-de-la-circulation\/#article\",\"isPartOf\":{\"@id\":\"https:\/\/kapitalis.com\/tunisie\/2024\/11\/04\/tunisie-30-ans-de-prison-pour-une-dispute-de-la-circulation\/\"},\"author\":{\"name\":\"webmaster kapitalis\",\"@id\":\"https:\/\/kapitalis.com\/tunisie\/#\/schema\/person\/d71f33a9ca44f7bad4698210b480c8e9\"},\"headline\":\"Tunisie\u00a0: 30 ans de prison pour une dispute de la circulation\",\"datePublished\":\"2024-11-04T12:39:54+00:00\",\"dateModified\":\"2024-11-04T12:39:55+00:00\",\"mainEntityOfPage\":{\"@id\":\"https:\/\/kapitalis.com\/tunisie\/2024\/11\/04\/tunisie-30-ans-de-prison-pour-une-dispute-de-la-circulation\/\"},\"wordCount\":141,\"commentCount\":0,\"publisher\":{\"@id\":\"https:\/\/kapitalis.com\/tunisie\/#organization\"},\"image\":{\"@id\":\"https:\/\/kapitalis.com\/tunisie\/2024\/11\/04\/tunisie-30-ans-de-prison-pour-une-dispute-de-la-circulation\/#primaryimage\"},\"thumbnailUrl\":\"https:\/\/kapitalis.com\/tunisie\/wp-content\/uploads\/2022\/10\/Arrestation.jpg\",\"keywords\":[\"dispute de circulation\",\"Tunisie\"],\"articleSection\":[\"SOCIETE\",\"Tunisie\"],\"inLanguage\":\"fr-FR\",\"potentialAction\":[{\"@type\":\"CommentAction\",\"name\":\"Comment\",\"target\":[\"https:\/\/kapitalis.com\/tunisie\/2024\/11\/04\/tunisie-30-ans-de-prison-pour-une-dispute-de-la-circulation\/#respond\"]}]},{\"@type\":\"WebPage\",\"@id\":\"https:\/\/kapitalis.com\/tunisie\/2024\/11\/04\/tunisie-30-ans-de-prison-pour-une-dispute-de-la-circulation\/\",\"url\":\"https:\/\/kapitalis.com\/tunisie\/2024\/11\/04\/tunisie-30-ans-de-prison-pour-une-dispute-de-la-circulation\/\",\"name\":\"Tunisie\u00a0: 30 ans de prison pour une dispute de la circulation - Kapitalis\",\"isPartOf\":{\"@id\":\"https:\/\/kapitalis.com\/tunisie\/#website\"},\"primaryImageOfPage\":{\"@id\":\"https:\/\/kapitalis.com\/tunisie\/2024\/11\/04\/tunisie-30-ans-de-prison-pour-une-dispute-de-la-circulation\/#primaryimage\"},\"image\":{\"@id\":\"https:\/\/kapitalis.com\/tunisie\/2024\/11\/04\/tunisie-30-ans-de-prison-pour-une-dispute-de-la-circulation\/#primaryimage\"},\"thumbnailUrl\":\"https:\/\/kapitalis.com\/tunisie\/wp-content\/uploads\/2022\/10\/Arrestation.jpg\",\"datePublished\":\"2024-11-04T12:39:54+00:00\",\"dateModified\":\"2024-11-04T12:39:55+00:00\",\"breadcrumb\":{\"@id\":\"https:\/\/kapitalis.com\/tunisie\/2024\/11\/04\/tunisie-30-ans-de-prison-pour-une-dispute-de-la-circulation\/#breadcrumb\"},\"inLanguage\":\"fr-FR\",\"potentialAction\":[{\"@type\":\"ReadAction\",\"target\":[\"https:\/\/kapitalis.com\/tunisie\/2024\/11\/04\/tunisie-30-ans-de-prison-pour-une-dispute-de-la-circulation\/\"]}]},{\"@type\":\"ImageObject\",\"inLanguage\":\"fr-FR\",\"@id\":\"https:\/\/kapitalis.com\/tunisie\/2024\/11\/04\/tunisie-30-ans-de-prison-pour-une-dispute-de-la-circulation\/#primaryimage\",\"url\":\"https:\/\/kapitalis.com\/tunisie\/wp-content\/uploads\/2022\/10\/Arrestation.jpg\",\"contentUrl\":\"https:\/\/kapitalis.com\/tunisie\/wp-content\/uploads\/2022\/10\/Arrestation.jpg\",\"width\":1200,\"height\":630},{\"@type\":\"BreadcrumbList\",\"@id\":\"https:\/\/kapitalis.com\/tunisie\/2024\/11\/04\/tunisie-30-ans-de-prison-pour-une-dispute-de-la-circulation\/#breadcrumb\",\"itemListElement\":[{\"@type\":\"ListItem\",\"position\":1,\"name\":\"Accueil\",\"item\":\"https:\/\/kapitalis.com\/tunisie\/\"},{\"@type\":\"ListItem\",\"position\":2,\"name\":\"Tunisie\u00a0: 30 ans de prison pour une dispute de la circulation\"}]},{\"@type\":\"WebSite\",\"@id\":\"https:\/\/kapitalis.com\/tunisie\/#website\",\"url\":\"https:\/\/kapitalis.com\/tunisie\/\",\"name\":\"Kapitalis\",\"description\":\"L&#039;actualit\u00e9 en Tunisie et dans le monde\",\"publisher\":{\"@id\":\"https:\/\/kapitalis.com\/tunisie\/#organization\"},\"potentialAction\":[{\"@type\":\"SearchAction\",\"target\":{\"@type\":\"EntryPoint\",\"urlTemplate\":\"https:\/\/kapitalis.com\/tunisie\/?s={search_term_string}\"},\"query-input\":{\"@type\":\"PropertyValueSpecification\",\"valueRequired\":true,\"valueName\":\"search_term_string\"}}],\"inLanguage\":\"fr-FR\"},{\"@type\":\"Organization\",\"@id\":\"https:\/\/kapitalis.com\/tunisie\/#organization\",\"name\":\"Kapitalis\",\"url\":\"https:\/\/kapitalis.com\/tunisie\/\",\"logo\":{\"@type\":\"ImageObject\",\"inLanguage\":\"fr-FR\",\"@id\":\"https:\/\/kapitalis.com\/tunisie\/#\/schema\/logo\/image\/\",\"url\":\"https:\/\/kapitalis.com\/tunisie\/wp-content\/uploads\/2022\/05\/Kapitalis-big-size.png\",\"contentUrl\":\"https:\/\/kapitalis.com\/tunisie\/wp-content\/uploads\/2022\/05\/Kapitalis-big-size.png\",\"width\":5000,\"height\":1500,\"caption\":\"Kapitalis\"},\"image\":{\"@id\":\"https:\/\/kapitalis.com\/tunisie\/#\/schema\/logo\/image\/\"},\"sameAs\":[\"https:\/\/www.facebook.com\/KapitalisInfo\/\",\"https:\/\/x.com\/KapitalisInfo\",\"https:\/\/www.youtube.com\/channel\/UC-yDYrHyfFBWWZaOw3FPg9Q\"]},{\"@type\":\"Person\",\"@id\":\"https:\/\/kapitalis.com\/tunisie\/#\/schema\/person\/d71f33a9ca44f7bad4698210b480c8e9\",\"name\":\"webmaster kapitalis\",\"url\":\"https:\/\/kapitalis.com\/tunisie\/author\/webmaster-kapitalis\/\"}]}<\/script>\n<!-- \/ Yoast SEO plugin. -->","yoast_head_json":{"title":"Tunisie\u00a0: 30 ans de prison pour une dispute de la circulation - Kapitalis","robots":{"index":"index","follow":"follow","max-snippet":"max-snippet:-1","max-image-preview":"max-image-preview:large","max-video-preview":"max-video-preview:-1"},"canonical":"https:\/\/kapitalis.com\/tunisie\/2024\/11\/04\/tunisie-30-ans-de-prison-pour-une-dispute-de-la-circulation\/","og_locale":"fr_FR","og_type":"article","og_title":"Tunisie\u00a0: 30 ans de prison pour une dispute de la circulation - Kapitalis","og_description":"Un conducteur a \u00e9t\u00e9 condamn\u00e9 \u00e0 30 ans de r\u00e9clusion pour avoir tu\u00e9 un autre en le tra\u00eenant d\u00e9lib\u00e9r\u00e9ment avec sa voiture.","og_url":"https:\/\/kapitalis.com\/tunisie\/2024\/11\/04\/tunisie-30-ans-de-prison-pour-une-dispute-de-la-circulation\/","og_site_name":"Kapitalis","article_publisher":"https:\/\/www.facebook.com\/KapitalisInfo\/","article_published_time":"2024-11-04T12:39:54+00:00","article_modified_time":"2024-11-04T12:39:55+00:00","og_image":[{"width":1200,"height":630,"url":"https:\/\/kapitalis.com\/tunisie\/wp-content\/uploads\/2022\/10\/Arrestation.jpg","type":"image\/jpeg"}],"author":"webmaster kapitalis","twitter_card":"summary_large_image","twitter_creator":"@KapitalisInfo","twitter_site":"@KapitalisInfo","twitter_misc":{"\u00c9crit par":"webmaster kapitalis","Dur\u00e9e de lecture estim\u00e9e":"1 minute"},"schema":{"@context":"https:\/\/schema.org","@graph":[{"@type":"Article","@id":"https:\/\/kapitalis.com\/tunisie\/2024\/11\/04\/tunisie-30-ans-de-prison-pour-une-dispute-de-la-circulation\/#article","isPartOf":{"@id":"https:\/\/kapitalis.com\/tunisie\/2024\/11\/04\/tunisie-30-ans-de-prison-pour-une-dispute-de-la-circulation\/"},"author":{"name":"webmaster kapitalis","@id":"https:\/\/kapitalis.com\/tunisie\/#\/schema\/person\/d71f33a9ca44f7bad4698210b480c8e9"},"headline":"Tunisie\u00a0: 30 ans de prison pour une dispute de la circulation","datePublished":"2024-11-04T12:39:54+00:00","dateModified":"2024-11-04T12:39:55+00:00","mainEntityOfPage":{"@id":"https:\/\/kapitalis.com\/tunisie\/2024\/11\/04\/tunisie-30-ans-de-prison-pour-une-dispute-de-la-circulation\/"},"wordCount":141,"commentCount":0,"publisher":{"@id":"https:\/\/kapitalis.com\/tunisie\/#organization"},"image":{"@id":"https:\/\/kapitalis.com\/tunisie\/2024\/11\/04\/tunisie-30-ans-de-prison-pour-une-dispute-de-la-circulation\/#primaryimage"},"thumbnailUrl":"https:\/\/kapitalis.com\/tunisie\/wp-content\/uploads\/2022\/10\/Arrestation.jpg","keywords":["dispute de circulation","Tunisie"],"articleSection":["SOCIETE","Tunisie"],"inLanguage":"fr-FR","potentialAction":[{"@type":"CommentAction","name":"Comment","target":["https:\/\/kapitalis.com\/tunisie\/2024\/11\/04\/tunisie-30-ans-de-prison-pour-une-dispute-de-la-circulation\/#respond"]}]},{"@type":"WebPage","@id":"https:\/\/kapitalis.com\/tunisie\/2024\/11\/04\/tunisie-30-ans-de-prison-pour-une-dispute-de-la-circulation\/","url":"https:\/\/kapitalis.com\/tunisie\/2024\/11\/04\/tunisie-30-ans-de-prison-pour-une-dispute-de-la-circulation\/","name":"Tunisie\u00a0: 30 ans de prison pour une dispute de la circulation - Kapitalis","isPartOf":{"@id":"https:\/\/kapitalis.com\/tunisie\/#website"},"primaryImageOfPage":{"@id":"https:\/\/kapitalis.com\/tunisie\/2024\/11\/04\/tunisie-30-ans-de-prison-pour-une-dispute-de-la-circulation\/#primaryimage"},"image":{"@id":"https:\/\/kapitalis.com\/tunisie\/2024\/11\/04\/tunisie-30-ans-de-prison-pour-une-dispute-de-la-circulation\/#primaryimage"},"thumbnailUrl":"https:\/\/kapitalis.com\/tunisie\/wp-content\/uploads\/2022\/10\/Arrestation.jpg","datePublished":"2024-11-04T12:39:54+00:00","dateModified":"2024-11-04T12:39:55+00:00","breadcrumb":{"@id":"https:\/\/kapitalis.com\/tunisie\/2024\/11\/04\/tunisie-30-ans-de-prison-pour-une-dispute-de-la-circulation\/#breadcrumb"},"inLanguage":"fr-FR","potentialAction":[{"@type":"ReadAction","target":["https:\/\/kapitalis.com\/tunisie\/2024\/11\/04\/tunisie-30-ans-de-prison-pour-une-dispute-de-la-circulation\/"]}]},{"@type":"ImageObject","inLanguage":"fr-FR","@id":"https:\/\/kapitalis.com\/tunisie\/2024\/11\/04\/tunisie-30-ans-de-prison-pour-une-dispute-de-la-circulation\/#primaryimage","url":"https:\/\/kapitalis.com\/tunisie\/wp-content\/uploads\/2022\/10\/Arrestation.jpg","contentUrl":"https:\/\/kapitalis.com\/tunisie\/wp-content\/uploads\/2022\/10\/Arrestation.jpg","width":1200,"height":630},{"@type":"BreadcrumbList","@id":"https:\/\/kapitalis.com\/tunisie\/2024\/11\/04\/tunisie-30-ans-de-prison-pour-une-dispute-de-la-circulation\/#breadcrumb","itemListElement":[{"@type":"ListItem","position":1,"name":"Accueil","item":"https:\/\/kapitalis.com\/tunisie\/"},{"@type":"ListItem","position":2,"name":"Tunisie\u00a0: 30 ans de prison pour une dispute de la circulation"}]},{"@type":"WebSite","@id":"https:\/\/kapitalis.com\/tunisie\/#website","url":"https:\/\/kapitalis.com\/tunisie\/","name":"Kapitalis","description":"L&#039;actualit\u00e9 en Tunisie et dans le monde","publisher":{"@id":"https:\/\/kapitalis.com\/tunisie\/#organization"},"potentialAction":[{"@type":"SearchAction","target":{"@type":"EntryPoint","urlTemplate":"https:\/\/kapitalis.com\/tunisie\/?s={search_term_string}"},"query-input":{"@type":"PropertyValueSpecification","valueRequired":true,"valueName":"search_term_string"}}],"inLanguage":"fr-FR"},{"@type":"Organization","@id":"https:\/\/kapitalis.com\/tunisie\/#organization","name":"Kapitalis","url":"https:\/\/kapitalis.com\/tunisie\/","logo":{"@type":"ImageObject","inLanguage":"fr-FR","@id":"https:\/\/kapitalis.com\/tunisie\/#\/schema\/logo\/image\/","url":"https:\/\/kapitalis.com\/tunisie\/wp-content\/uploads\/2022\/05\/Kapitalis-big-size.png","contentUrl":"https:\/\/kapitalis.com\/tunisie\/wp-content\/uploads\/2022\/05\/Kapitalis-big-size.png","width":5000,"height":1500,"caption":"Kapitalis"},"image":{"@id":"https:\/\/kapitalis.com\/tunisie\/#\/schema\/logo\/image\/"},"sameAs":["https:\/\/www.facebook.com\/KapitalisInfo\/","https:\/\/x.com\/KapitalisInfo","https:\/\/www.youtube.com\/channel\/UC-yDYrHyfFBWWZaOw3FPg9Q"]},{"@type":"Person","@id":"https:\/\/kapitalis.com\/tunisie\/#\/schema\/person\/d71f33a9ca44f7bad4698210b480c8e9","name":"webmaster kapitalis","url":"https:\/\/kapitalis.com\/tunisie\/author\/webmaster-kapitalis\/"}]}},"_links":{"self":[{"href":"https:\/\/kapitalis.com\/tunisie\/wp-json\/wp\/v2\/posts\/14524669","targetHints":{"allow":["GET"]}}],"collection":[{"href":"https:\/\/kapitalis.com\/tunisie\/wp-json\/wp\/v2\/posts"}],"about":[{"href":"https:\/\/kapitalis.com\/tunisie\/wp-json\/wp\/v2\/types\/post"}],"author":[{"embeddable":true,"href":"https:\/\/kapitalis.com\/tunisie\/wp-json\/wp\/v2\/users\/8"}],"replies":[{"embeddable":true,"href":"https:\/\/kapitalis.com\/tunisie\/wp-json\/wp\/v2\/comments?post=14524669"}],"version-history":[{"count":1,"href":"https:\/\/kapitalis.com\/tunisie\/wp-json\/wp\/v2\/posts\/14524669\/revisions"}],"predecessor-version":[{"id":14524700,"href":"https:\/\/kapitalis.com\/tunisie\/wp-json\/wp\/v2\/posts\/14524669\/revisions\/14524700"}],"wp:featuredmedia":[{"embeddable":true,"href":"https:\/\/kapitalis.com\/tunisie\/wp-json\/wp\/v2\/media\/4632618"}],"wp:attachment":[{"href":"https:\/\/kapitalis.com\/tunisie\/wp-json\/wp\/v2\/media?parent=14524669"}],"wp:term":[{"taxonomy":"category","embeddable":true,"href":"https:\/\/kapitalis.com\/tunisie\/wp-json\/wp\/v2\/categories?post=14524669"},{"taxonomy":"post_tag","embeddable":true,"href":"https:\/\/kapitalis.com\/tunisie\/wp-json\/wp\/v2\/tags?post=14524669"}],"curies":[{"name":"wp","href":"https:\/\/api.w.org\/{rel}","templated":true}]}}