{"id":145492,"date":"2018-03-26T16:22:51","date_gmt":"2018-03-26T15:22:51","guid":{"rendered":"http:\/\/kapitalis.com\/tunisie\/?p=145492"},"modified":"2018-03-26T16:22:51","modified_gmt":"2018-03-26T15:22:51","slug":"assemblee-toubal-a-bensedrine-presentez-votre-demission","status":"publish","type":"post","link":"https:\/\/kapitalis.com\/tunisie\/2018\/03\/26\/assemblee-toubal-a-bensedrine-presentez-votre-demission\/","title":{"rendered":"Assembl\u00e9e-Toubal \u00e0 Bensedrine : Pr\u00e9sentez votre d\u00e9mission!"},"content":{"rendered":"<p style=\"text-align: center;\"><img loading=\"lazy\" decoding=\"async\" class=\"alignnone size-full wp-image-145500\" src=\"http:\/\/kapitalis.com\/tunisie\/wp-content\/uploads\/2018\/03\/Sofiene-Toubel_Sihem-Bensedrine.jpg\" alt=\"\" width=\"626\" height=\"380\" \/><\/p>\n<p style=\"text-align: center;\"><em>Sofiene Toubal\/Sihem Bensedrine.<\/em><\/p>\n<p><em><strong>Le d\u00e9put\u00e9 et pr\u00e9sident du bloc parlementaire de Nidaa Tounes, Sofiene Toubal, a appel\u00e9 la pr\u00e9sidente de l&rsquo;IVD, Sihem Bensedrine, \u00e0 pr\u00e9senter sa d\u00e9mission.<\/strong><\/em><!--more--><\/p>\n<p>Lors de la s\u00e9ance pl\u00e9ni\u00e8re aujourd&rsquo;hui, lundi 26 mars 2018, \u00e0 l&rsquo;Assembl\u00e9e des repr\u00e9sentants du peuple (ARP), M. Toubal a indiqu\u00e9 que Mme Bensedrine a divis\u00e9 les Tunisiens et m\u00eames les historiens parmi eux et n&rsquo;a pas r\u00e9ussi \u00e0 faire avancer le processus de la justice transitionnelle.<\/p>\n<p>\u00ab<em>Ce processus n&rsquo;est pas incarn\u00e9 par la personne de Sihem Bensedrine. Je vous en supplie madame, si vous insistez r\u00e9ellement \u00e0 ce que la justice transitionnelle r\u00e9ussisse en Tunisie, pr\u00e9sentez votre d\u00e9mission parce que vous \u00eates un obstacle dans ce processus<\/em>\u00bb, a lanc\u00e9 le d\u00e9put\u00e9, ajoutant :\u00a0\u00abM<em>adame,\u00a0<\/em><em>nous nous engageons \u00e0 voter pour la prolongation du mandat de cette instance si vous en d\u00e9missionnez <\/em>\u00bb.<\/p>\n<p>Sofiene Toubal s&rsquo;est adress\u00e9 par la suite \u00e0 ses coll\u00e8gues pour les appeler \u00e0 ne pas voter pour la prolongation du mandat de l&rsquo;IVD et de celui de sa pr\u00e9sidente qui se croit \u00eatre au-dessus de la loi et de l&rsquo;Etat.<\/p>\n<p style=\"text-align: right;\"><strong>E. B. A.<\/strong><\/p>\n<blockquote class=\"wp-embedded-content\" data-secret=\"LElcyihEAh\"><p><a href=\"https:\/\/kapitalis.com\/tunisie\/2018\/03\/26\/ben-cheikh-ahmed-a-bensedrine-vous-netes-pas-au-dessus-de-letat\/\">Ben Cheikh Ahmed \u00e0 Bensedrine : Vous n&rsquo;\u00eates pas au dessus de l&rsquo;Etat<\/a><\/p><\/blockquote>\n<p><iframe loading=\"lazy\" class=\"wp-embedded-content\" sandbox=\"allow-scripts\" security=\"restricted\" style=\"position: absolute; clip: rect(1px, 1px, 1px, 1px);\" title=\"\u00ab\u00a0Ben Cheikh Ahmed \u00e0 Bensedrine : Vous n&rsquo;\u00eates pas au dessus de l&rsquo;Etat\u00a0\u00bb &#8212; Kapitalis\" src=\"https:\/\/kapitalis.com\/tunisie\/2018\/03\/26\/ben-cheikh-ahmed-a-bensedrine-vous-netes-pas-au-dessus-de-letat\/embed\/#?secret=EF4Erswfat#?secret=LElcyihEAh\" data-secret=\"LElcyihEAh\" width=\"600\" height=\"338\" frameborder=\"0\" marginwidth=\"0\" marginheight=\"0\" scrolling=\"no\"><\/iframe><\/p>\n<blockquote class=\"wp-embedded-content\" data-secret=\"cP7xgSiXCs\"><p><a href=\"https:\/\/kapitalis.com\/tunisie\/2018\/03\/25\/tunisie-sihem-bensedrine-une-forcenee-dans-la-ville\/\">Tunisie-Sihem Bensedrine : Une forcen\u00e9e dans la ville<\/a><\/p><\/blockquote>\n<p><iframe loading=\"lazy\" class=\"wp-embedded-content\" sandbox=\"allow-scripts\" security=\"restricted\" style=\"position: absolute; clip: rect(1px, 1px, 1px, 1px);\" title=\"\u00ab\u00a0Tunisie-Sihem Bensedrine : Une forcen\u00e9e dans la ville\u00a0\u00bb &#8212; Kapitalis\" src=\"https:\/\/kapitalis.com\/tunisie\/2018\/03\/25\/tunisie-sihem-bensedrine-une-forcenee-dans-la-ville\/embed\/#?secret=2YsH5k8oxy#?secret=cP7xgSiXCs\" data-secret=\"cP7xgSiXCs\" width=\"600\" height=\"338\" frameborder=\"0\" marginwidth=\"0\" marginheight=\"0\" scrolling=\"no\"><\/iframe><\/p>\n","protected":false},"excerpt":{"rendered":"<p>Sofiene Toubal\/Sihem Bensedrine. Le d\u00e9put\u00e9 et pr\u00e9sident du bloc parlementaire de Nidaa Tounes, Sofiene Toubal, a appel\u00e9 la pr\u00e9sidente de l&rsquo;IVD, Sihem Bensedrine, \u00e0 pr\u00e9senter sa d\u00e9mission.<\/p>\n","protected":false},"author":16,"featured_media":145500,"comment_status":"open","ping_status":"open","sticky":false,"template":"","format":"standard","meta":{"footnotes":""},"categories":[997,2433],"tags":[84,2036,5228,1793],"class_list":["post-145492","post","type-post","status-publish","format-standard","has-post-thumbnail","hentry","category-politique","category-tunisie","tag-arp","tag-demission","tag-ivd","tag-sihem-bensedrine"],"yoast_head":"<!-- This site is optimized with the Yoast SEO plugin v26.6 - https:\/\/yoast.com\/wordpress\/plugins\/seo\/ -->\n<title>Assembl\u00e9e-Toubal \u00e0 Bensedrine : Pr\u00e9sentez votre d\u00e9mission! - Kapitalis<\/title>\n<meta name=\"robots\" content=\"index, follow, max-snippet:-1, max-image-preview:large, max-video-preview:-1\" \/>\n<link rel=\"canonical\" href=\"https:\/\/kapitalis.com\/tunisie\/2018\/03\/26\/assemblee-toubal-a-bensedrine-presentez-votre-demission\/\" \/>\n<meta property=\"og:locale\" content=\"fr_FR\" \/>\n<meta property=\"og:type\" content=\"article\" \/>\n<meta property=\"og:title\" content=\"Assembl\u00e9e-Toubal \u00e0 Bensedrine : Pr\u00e9sentez votre d\u00e9mission! - Kapitalis\" \/>\n<meta property=\"og:description\" content=\"Sofiene Toubal\/Sihem Bensedrine. Le d\u00e9put\u00e9 et pr\u00e9sident du bloc parlementaire de Nidaa Tounes, Sofiene Toubal, a appel\u00e9 la pr\u00e9sidente de l&rsquo;IVD, Sihem Bensedrine, \u00e0 pr\u00e9senter sa d\u00e9mission.\" \/>\n<meta property=\"og:url\" content=\"https:\/\/kapitalis.com\/tunisie\/2018\/03\/26\/assemblee-toubal-a-bensedrine-presentez-votre-demission\/\" \/>\n<meta property=\"og:site_name\" content=\"Kapitalis\" \/>\n<meta property=\"article:publisher\" content=\"https:\/\/www.facebook.com\/KapitalisInfo\/\" \/>\n<meta property=\"article:published_time\" content=\"2018-03-26T15:22:51+00:00\" \/>\n<meta property=\"og:image\" content=\"https:\/\/kapitalis.com\/tunisie\/wp-content\/uploads\/2022\/05\/kapitalis-logo-fb.png\" \/>\n\t<meta property=\"og:image:width\" content=\"1200\" \/>\n\t<meta property=\"og:image:height\" content=\"630\" \/>\n\t<meta property=\"og:image:type\" content=\"image\/png\" \/>\n<meta name=\"author\" content=\"emna benabdallah\" \/>\n<meta name=\"twitter:card\" content=\"summary_large_image\" \/>\n<meta name=\"twitter:creator\" content=\"@KapitalisInfo\" \/>\n<meta name=\"twitter:site\" content=\"@KapitalisInfo\" \/>\n<meta name=\"twitter:label1\" content=\"\u00c9crit par\" \/>\n\t<meta name=\"twitter:data1\" content=\"emna benabdallah\" \/>\n\t<meta name=\"twitter:label2\" content=\"Dur\u00e9e de lecture estim\u00e9e\" \/>\n\t<meta name=\"twitter:data2\" content=\"1 minute\" \/>\n<script type=\"application\/ld+json\" class=\"yoast-schema-graph\">{\"@context\":\"https:\/\/schema.org\",\"@graph\":[{\"@type\":\"Article\",\"@id\":\"https:\/\/kapitalis.com\/tunisie\/2018\/03\/26\/assemblee-toubal-a-bensedrine-presentez-votre-demission\/#article\",\"isPartOf\":{\"@id\":\"https:\/\/kapitalis.com\/tunisie\/2018\/03\/26\/assemblee-toubal-a-bensedrine-presentez-votre-demission\/\"},\"author\":{\"name\":\"emna benabdallah\",\"@id\":\"https:\/\/kapitalis.com\/tunisie\/#\/schema\/person\/2c6e134b2f3369dffcd1daf5f087d28b\"},\"headline\":\"Assembl\u00e9e-Toubal \u00e0 Bensedrine : Pr\u00e9sentez votre d\u00e9mission!\",\"datePublished\":\"2018-03-26T15:22:51+00:00\",\"mainEntityOfPage\":{\"@id\":\"https:\/\/kapitalis.com\/tunisie\/2018\/03\/26\/assemblee-toubal-a-bensedrine-presentez-votre-demission\/\"},\"wordCount\":212,\"commentCount\":13,\"publisher\":{\"@id\":\"https:\/\/kapitalis.com\/tunisie\/#organization\"},\"image\":{\"@id\":\"https:\/\/kapitalis.com\/tunisie\/2018\/03\/26\/assemblee-toubal-a-bensedrine-presentez-votre-demission\/#primaryimage\"},\"thumbnailUrl\":\"\",\"keywords\":[\"ARP\",\"d\u00e9mission\",\"IVD\",\"Sihem Bensedrine\"],\"articleSection\":[\"POLITIQUE\",\"Tunisie\"],\"inLanguage\":\"fr-FR\",\"potentialAction\":[{\"@type\":\"CommentAction\",\"name\":\"Comment\",\"target\":[\"https:\/\/kapitalis.com\/tunisie\/2018\/03\/26\/assemblee-toubal-a-bensedrine-presentez-votre-demission\/#respond\"]}]},{\"@type\":\"WebPage\",\"@id\":\"https:\/\/kapitalis.com\/tunisie\/2018\/03\/26\/assemblee-toubal-a-bensedrine-presentez-votre-demission\/\",\"url\":\"https:\/\/kapitalis.com\/tunisie\/2018\/03\/26\/assemblee-toubal-a-bensedrine-presentez-votre-demission\/\",\"name\":\"Assembl\u00e9e-Toubal \u00e0 Bensedrine : Pr\u00e9sentez votre d\u00e9mission! - Kapitalis\",\"isPartOf\":{\"@id\":\"https:\/\/kapitalis.com\/tunisie\/#website\"},\"primaryImageOfPage\":{\"@id\":\"https:\/\/kapitalis.com\/tunisie\/2018\/03\/26\/assemblee-toubal-a-bensedrine-presentez-votre-demission\/#primaryimage\"},\"image\":{\"@id\":\"https:\/\/kapitalis.com\/tunisie\/2018\/03\/26\/assemblee-toubal-a-bensedrine-presentez-votre-demission\/#primaryimage\"},\"thumbnailUrl\":\"\",\"datePublished\":\"2018-03-26T15:22:51+00:00\",\"breadcrumb\":{\"@id\":\"https:\/\/kapitalis.com\/tunisie\/2018\/03\/26\/assemblee-toubal-a-bensedrine-presentez-votre-demission\/#breadcrumb\"},\"inLanguage\":\"fr-FR\",\"potentialAction\":[{\"@type\":\"ReadAction\",\"target\":[\"https:\/\/kapitalis.com\/tunisie\/2018\/03\/26\/assemblee-toubal-a-bensedrine-presentez-votre-demission\/\"]}]},{\"@type\":\"ImageObject\",\"inLanguage\":\"fr-FR\",\"@id\":\"https:\/\/kapitalis.com\/tunisie\/2018\/03\/26\/assemblee-toubal-a-bensedrine-presentez-votre-demission\/#primaryimage\",\"url\":\"\",\"contentUrl\":\"\"},{\"@type\":\"BreadcrumbList\",\"@id\":\"https:\/\/kapitalis.com\/tunisie\/2018\/03\/26\/assemblee-toubal-a-bensedrine-presentez-votre-demission\/#breadcrumb\",\"itemListElement\":[{\"@type\":\"ListItem\",\"position\":1,\"name\":\"Accueil\",\"item\":\"https:\/\/kapitalis.com\/tunisie\/\"},{\"@type\":\"ListItem\",\"position\":2,\"name\":\"Assembl\u00e9e-Toubal \u00e0 Bensedrine : Pr\u00e9sentez votre d\u00e9mission!\"}]},{\"@type\":\"WebSite\",\"@id\":\"https:\/\/kapitalis.com\/tunisie\/#website\",\"url\":\"https:\/\/kapitalis.com\/tunisie\/\",\"name\":\"Kapitalis\",\"description\":\"L&#039;actualit\u00e9 en Tunisie et dans le monde\",\"publisher\":{\"@id\":\"https:\/\/kapitalis.com\/tunisie\/#organization\"},\"potentialAction\":[{\"@type\":\"SearchAction\",\"target\":{\"@type\":\"EntryPoint\",\"urlTemplate\":\"https:\/\/kapitalis.com\/tunisie\/?s={search_term_string}\"},\"query-input\":{\"@type\":\"PropertyValueSpecification\",\"valueRequired\":true,\"valueName\":\"search_term_string\"}}],\"inLanguage\":\"fr-FR\"},{\"@type\":\"Organization\",\"@id\":\"https:\/\/kapitalis.com\/tunisie\/#organization\",\"name\":\"Kapitalis\",\"url\":\"https:\/\/kapitalis.com\/tunisie\/\",\"logo\":{\"@type\":\"ImageObject\",\"inLanguage\":\"fr-FR\",\"@id\":\"https:\/\/kapitalis.com\/tunisie\/#\/schema\/logo\/image\/\",\"url\":\"https:\/\/kapitalis.com\/tunisie\/wp-content\/uploads\/2022\/05\/Kapitalis-big-size.png\",\"contentUrl\":\"https:\/\/kapitalis.com\/tunisie\/wp-content\/uploads\/2022\/05\/Kapitalis-big-size.png\",\"width\":5000,\"height\":1500,\"caption\":\"Kapitalis\"},\"image\":{\"@id\":\"https:\/\/kapitalis.com\/tunisie\/#\/schema\/logo\/image\/\"},\"sameAs\":[\"https:\/\/www.facebook.com\/KapitalisInfo\/\",\"https:\/\/x.com\/KapitalisInfo\",\"https:\/\/www.youtube.com\/channel\/UC-yDYrHyfFBWWZaOw3FPg9Q\"]},{\"@type\":\"Person\",\"@id\":\"https:\/\/kapitalis.com\/tunisie\/#\/schema\/person\/2c6e134b2f3369dffcd1daf5f087d28b\",\"name\":\"emna benabdallah\",\"url\":\"https:\/\/kapitalis.com\/tunisie\/author\/emna\/\"}]}<\/script>\n<!-- \/ Yoast SEO plugin. -->","yoast_head_json":{"title":"Assembl\u00e9e-Toubal \u00e0 Bensedrine : Pr\u00e9sentez votre d\u00e9mission! - Kapitalis","robots":{"index":"index","follow":"follow","max-snippet":"max-snippet:-1","max-image-preview":"max-image-preview:large","max-video-preview":"max-video-preview:-1"},"canonical":"https:\/\/kapitalis.com\/tunisie\/2018\/03\/26\/assemblee-toubal-a-bensedrine-presentez-votre-demission\/","og_locale":"fr_FR","og_type":"article","og_title":"Assembl\u00e9e-Toubal \u00e0 Bensedrine : Pr\u00e9sentez votre d\u00e9mission! - Kapitalis","og_description":"Sofiene Toubal\/Sihem Bensedrine. Le d\u00e9put\u00e9 et pr\u00e9sident du bloc parlementaire de Nidaa Tounes, Sofiene Toubal, a appel\u00e9 la pr\u00e9sidente de l&rsquo;IVD, Sihem Bensedrine, \u00e0 pr\u00e9senter sa d\u00e9mission.","og_url":"https:\/\/kapitalis.com\/tunisie\/2018\/03\/26\/assemblee-toubal-a-bensedrine-presentez-votre-demission\/","og_site_name":"Kapitalis","article_publisher":"https:\/\/www.facebook.com\/KapitalisInfo\/","article_published_time":"2018-03-26T15:22:51+00:00","og_image":[{"width":1200,"height":630,"url":"https:\/\/kapitalis.com\/tunisie\/wp-content\/uploads\/2022\/05\/kapitalis-logo-fb.png","type":"image\/png"}],"author":"emna benabdallah","twitter_card":"summary_large_image","twitter_creator":"@KapitalisInfo","twitter_site":"@KapitalisInfo","twitter_misc":{"\u00c9crit par":"emna benabdallah","Dur\u00e9e de lecture estim\u00e9e":"1 minute"},"schema":{"@context":"https:\/\/schema.org","@graph":[{"@type":"Article","@id":"https:\/\/kapitalis.com\/tunisie\/2018\/03\/26\/assemblee-toubal-a-bensedrine-presentez-votre-demission\/#article","isPartOf":{"@id":"https:\/\/kapitalis.com\/tunisie\/2018\/03\/26\/assemblee-toubal-a-bensedrine-presentez-votre-demission\/"},"author":{"name":"emna benabdallah","@id":"https:\/\/kapitalis.com\/tunisie\/#\/schema\/person\/2c6e134b2f3369dffcd1daf5f087d28b"},"headline":"Assembl\u00e9e-Toubal \u00e0 Bensedrine : Pr\u00e9sentez votre d\u00e9mission!","datePublished":"2018-03-26T15:22:51+00:00","mainEntityOfPage":{"@id":"https:\/\/kapitalis.com\/tunisie\/2018\/03\/26\/assemblee-toubal-a-bensedrine-presentez-votre-demission\/"},"wordCount":212,"commentCount":13,"publisher":{"@id":"https:\/\/kapitalis.com\/tunisie\/#organization"},"image":{"@id":"https:\/\/kapitalis.com\/tunisie\/2018\/03\/26\/assemblee-toubal-a-bensedrine-presentez-votre-demission\/#primaryimage"},"thumbnailUrl":"","keywords":["ARP","d\u00e9mission","IVD","Sihem Bensedrine"],"articleSection":["POLITIQUE","Tunisie"],"inLanguage":"fr-FR","potentialAction":[{"@type":"CommentAction","name":"Comment","target":["https:\/\/kapitalis.com\/tunisie\/2018\/03\/26\/assemblee-toubal-a-bensedrine-presentez-votre-demission\/#respond"]}]},{"@type":"WebPage","@id":"https:\/\/kapitalis.com\/tunisie\/2018\/03\/26\/assemblee-toubal-a-bensedrine-presentez-votre-demission\/","url":"https:\/\/kapitalis.com\/tunisie\/2018\/03\/26\/assemblee-toubal-a-bensedrine-presentez-votre-demission\/","name":"Assembl\u00e9e-Toubal \u00e0 Bensedrine : Pr\u00e9sentez votre d\u00e9mission! - Kapitalis","isPartOf":{"@id":"https:\/\/kapitalis.com\/tunisie\/#website"},"primaryImageOfPage":{"@id":"https:\/\/kapitalis.com\/tunisie\/2018\/03\/26\/assemblee-toubal-a-bensedrine-presentez-votre-demission\/#primaryimage"},"image":{"@id":"https:\/\/kapitalis.com\/tunisie\/2018\/03\/26\/assemblee-toubal-a-bensedrine-presentez-votre-demission\/#primaryimage"},"thumbnailUrl":"","datePublished":"2018-03-26T15:22:51+00:00","breadcrumb":{"@id":"https:\/\/kapitalis.com\/tunisie\/2018\/03\/26\/assemblee-toubal-a-bensedrine-presentez-votre-demission\/#breadcrumb"},"inLanguage":"fr-FR","potentialAction":[{"@type":"ReadAction","target":["https:\/\/kapitalis.com\/tunisie\/2018\/03\/26\/assemblee-toubal-a-bensedrine-presentez-votre-demission\/"]}]},{"@type":"ImageObject","inLanguage":"fr-FR","@id":"https:\/\/kapitalis.com\/tunisie\/2018\/03\/26\/assemblee-toubal-a-bensedrine-presentez-votre-demission\/#primaryimage","url":"","contentUrl":""},{"@type":"BreadcrumbList","@id":"https:\/\/kapitalis.com\/tunisie\/2018\/03\/26\/assemblee-toubal-a-bensedrine-presentez-votre-demission\/#breadcrumb","itemListElement":[{"@type":"ListItem","position":1,"name":"Accueil","item":"https:\/\/kapitalis.com\/tunisie\/"},{"@type":"ListItem","position":2,"name":"Assembl\u00e9e-Toubal \u00e0 Bensedrine : Pr\u00e9sentez votre d\u00e9mission!"}]},{"@type":"WebSite","@id":"https:\/\/kapitalis.com\/tunisie\/#website","url":"https:\/\/kapitalis.com\/tunisie\/","name":"Kapitalis","description":"L&#039;actualit\u00e9 en Tunisie et dans le monde","publisher":{"@id":"https:\/\/kapitalis.com\/tunisie\/#organization"},"potentialAction":[{"@type":"SearchAction","target":{"@type":"EntryPoint","urlTemplate":"https:\/\/kapitalis.com\/tunisie\/?s={search_term_string}"},"query-input":{"@type":"PropertyValueSpecification","valueRequired":true,"valueName":"search_term_string"}}],"inLanguage":"fr-FR"},{"@type":"Organization","@id":"https:\/\/kapitalis.com\/tunisie\/#organization","name":"Kapitalis","url":"https:\/\/kapitalis.com\/tunisie\/","logo":{"@type":"ImageObject","inLanguage":"fr-FR","@id":"https:\/\/kapitalis.com\/tunisie\/#\/schema\/logo\/image\/","url":"https:\/\/kapitalis.com\/tunisie\/wp-content\/uploads\/2022\/05\/Kapitalis-big-size.png","contentUrl":"https:\/\/kapitalis.com\/tunisie\/wp-content\/uploads\/2022\/05\/Kapitalis-big-size.png","width":5000,"height":1500,"caption":"Kapitalis"},"image":{"@id":"https:\/\/kapitalis.com\/tunisie\/#\/schema\/logo\/image\/"},"sameAs":["https:\/\/www.facebook.com\/KapitalisInfo\/","https:\/\/x.com\/KapitalisInfo","https:\/\/www.youtube.com\/channel\/UC-yDYrHyfFBWWZaOw3FPg9Q"]},{"@type":"Person","@id":"https:\/\/kapitalis.com\/tunisie\/#\/schema\/person\/2c6e134b2f3369dffcd1daf5f087d28b","name":"emna benabdallah","url":"https:\/\/kapitalis.com\/tunisie\/author\/emna\/"}]}},"_links":{"self":[{"href":"https:\/\/kapitalis.com\/tunisie\/wp-json\/wp\/v2\/posts\/145492","targetHints":{"allow":["GET"]}}],"collection":[{"href":"https:\/\/kapitalis.com\/tunisie\/wp-json\/wp\/v2\/posts"}],"about":[{"href":"https:\/\/kapitalis.com\/tunisie\/wp-json\/wp\/v2\/types\/post"}],"author":[{"embeddable":true,"href":"https:\/\/kapitalis.com\/tunisie\/wp-json\/wp\/v2\/users\/16"}],"replies":[{"embeddable":true,"href":"https:\/\/kapitalis.com\/tunisie\/wp-json\/wp\/v2\/comments?post=145492"}],"version-history":[{"count":0,"href":"https:\/\/kapitalis.com\/tunisie\/wp-json\/wp\/v2\/posts\/145492\/revisions"}],"wp:featuredmedia":[{"embeddable":true,"href":"https:\/\/kapitalis.com\/tunisie\/wp-json\/wp\/v2\/media\/145500"}],"wp:attachment":[{"href":"https:\/\/kapitalis.com\/tunisie\/wp-json\/wp\/v2\/media?parent=145492"}],"wp:term":[{"taxonomy":"category","embeddable":true,"href":"https:\/\/kapitalis.com\/tunisie\/wp-json\/wp\/v2\/categories?post=145492"},{"taxonomy":"post_tag","embeddable":true,"href":"https:\/\/kapitalis.com\/tunisie\/wp-json\/wp\/v2\/tags?post=145492"}],"curies":[{"name":"wp","href":"https:\/\/api.w.org\/{rel}","templated":true}]}}