{"id":14549498,"date":"2024-11-06T12:52:23","date_gmt":"2024-11-06T11:52:23","guid":{"rendered":"https:\/\/kapitalis.com\/tunisie\/?p=14549498"},"modified":"2024-11-06T12:52:25","modified_gmt":"2024-11-06T11:52:25","slug":"kaouther-ben-mohamed-une-franco-tunisienne-au-coeur-de-marseille","status":"publish","type":"post","link":"https:\/\/kapitalis.com\/tunisie\/2024\/11\/06\/kaouther-ben-mohamed-une-franco-tunisienne-au-coeur-de-marseille\/","title":{"rendered":"Kaouther Ben Mohamed : une Franco-tunisienne au c\u0153ur de Marseille"},"content":{"rendered":"\n<p><strong><em>Lorsque Kaouther Ben Mohamed se rend \u00e0 la librairie Maupetit pour r\u00e9cup\u00e9rer une commande, elle ne peut s\u2019emp\u00eacher de ressentir une vague d\u2019\u00e9motion en d\u00e9couvrant son premier livre, \u2018\u201863 et 65 rue d&rsquo;Aubagne : Le drame d\u2019une ville m\u00e9pris\u00e9e\u2019\u2019, expos\u00e9 fi\u00e8rement entre les \u0153uvres de Pujol et P\u00e9raldi. Pour cette petite fille de l\u2019Estaque, une cit\u00e9 populaire de Marseille, et petite-fille d\u2019un immigr\u00e9 tunisien, cet instant symbolise bien plus qu\u2019une simple reconnaissance litt\u00e9raire.<\/em><\/strong><\/p>\n\n\n\n<p><strong>Djamal Guettala<\/strong><\/p>\n\n\n\n<!--more-->\n\n\n\n<p>Kaouther Ben Mohamed, d\u2019origine tunisienne, illustre par son parcours la richesse des histoires humaines qui se tissent au sein de la diversit\u00e9. Son livre, qui traite du drame d\u2019une ville souvent n\u00e9glig\u00e9e, plonge dans les r\u00e9alit\u00e9s de la rue d\u2019Aubagne, o\u00f9 un effondrement tragique a r\u00e9v\u00e9l\u00e9 les in\u00e9galit\u00e9s criantes et l\u2019abandon dont souffrent certains quartiers de Marseille.<\/p>\n\n\n\n<h2 class=\"wp-block-heading\">Une histoire de r\u00e9silience et d\u2019h\u00e9ritage<\/h2>\n\n\n\n<p><em>\u00abC\u2019est une grande fiert\u00e9 pour la petite enfant des bidonvilles de l\u2019Estaque que je suis\u00bb<\/em> d\u00e9clare-t-elle, le c\u0153ur empli de gratitude. <em>\u00abMon nom est grav\u00e9 pour l\u2019\u00e9ternit\u00e9 dans la biblioth\u00e8que nationale de cette France devenue, malgr\u00e9 elle, notre pays.\u00bb<\/em><\/p>\n\n\n\n<p>&nbsp;Pour Kaouther, cette inscription est un hommage \u00e0 son h\u00e9ritage et \u00e0 ceux qui, comme son grand-p\u00e8re Mohsen, ont contribu\u00e9 \u00e0 b\u00e2tir une France plus forte.<\/p>\n\n\n\n<p>\u00c0 travers son r\u00e9cit, Kaouther souhaite non seulement \u00e9clairer les injustices dont souffrent des milliers de personnes dans les quartiers populaires, mais aussi donner une voix \u00e0 ceux qui sont souvent r\u00e9duits au silence. Son livre se veut \u00eatre un cri de ralliement, une invitation \u00e0 ne pas oublier les histoires des oubli\u00e9s.<\/p>\n\n\n\n<p>Son succ\u00e8s repr\u00e9sente une victoire personnelle et collective. Elle prouve qu\u2019il est possible de surmonter les obstacles, de revendiquer sa place dans la soci\u00e9t\u00e9 et d\u2019\u00e9lever sa voix au-del\u00e0 des pr\u00e9jug\u00e9s.<\/p>\n\n\n\n<h2 class=\"wp-block-heading\">Une source d\u2019inspiration pour la jeunesse<\/h2>\n\n\n\n<p>Kaouther Ben Mohamed se positionne d\u00e9sormais comme un mod\u00e8le pour la jeunesse marseillaise et pour tous ceux qui se sentent exclus ou marginalis\u00e9s. En partageant son histoire et celle de son quartier, elle montre qu\u2019il est possible de transformer la douleur en force cr\u00e9atrice.<\/p>\n\n\n\n<p>Avec <em>\u2018\u201863 et 65 rue d\u2019Aubagne\u2019\u2019<\/em>, elle s\u2019affirme comme une porte-parole des enjeux contemporains de sa ville, et plus largement, de la soci\u00e9t\u00e9 fran\u00e7aise. Son livre est un appel \u00e0 l\u2019engagement, \u00e0 la m\u00e9moire, et \u00e0 la dignit\u00e9 humaine. Le premier ouvrage de Kaouther Ben Mohamed, expos\u00e9 \u00e0 la Librairie Maupetit, n\u2019est que le d\u00e9but d\u2019une aventure litt\u00e9raire prometteuse. \u00c0 travers ses mots, elle continue d\u2019\u00e9crire l\u2019histoire de son parcours, de sa ville, et de son peuple, avec la d\u00e9termination de ne jamais oublier d\u2019o\u00f9 elle vient. Ce livre est un t\u00e9moignage puissant de la richesse des vies qui composent le tissu social de Marseille et une invitation \u00e0 b\u00e2tir un avenir o\u00f9 chacun a sa place.<\/p>\n","protected":false},"excerpt":{"rendered":"<p>Kaouther Ben Mohamed,  petite-fille d\u2019un immigr\u00e9 tunisien illustre par son parcours la richesse des histoires humaines qui se tissent au sein de la diversit\u00e9. <\/p>\n","protected":false},"author":8,"featured_media":14549526,"comment_status":"open","ping_status":"open","sticky":false,"template":"","format":"standard","meta":{"footnotes":""},"categories":[992,994,2433],"tags":[118769,395,118770,118768,118771,580,62643],"class_list":["post-14549498","post","type-post","status-publish","format-standard","has-post-thumbnail","hentry","category-a-la-une","category-culture","category-tunisie","tag-estaque","tag-france","tag-immigre-tunisien","tag-kaouther-ben-mohamed","tag-librairie-maupetit","tag-marseille","tag-tunisie"],"yoast_head":"<!-- This site is optimized with the Yoast SEO plugin v26.6 - https:\/\/yoast.com\/wordpress\/plugins\/seo\/ -->\n<title>Kaouther Ben Mohamed : une Franco-tunisienne au c\u0153ur de Marseille - Kapitalis<\/title>\n<meta name=\"robots\" content=\"index, follow, max-snippet:-1, max-image-preview:large, max-video-preview:-1\" \/>\n<link rel=\"canonical\" href=\"https:\/\/kapitalis.com\/tunisie\/2024\/11\/06\/kaouther-ben-mohamed-une-franco-tunisienne-au-coeur-de-marseille\/\" \/>\n<meta property=\"og:locale\" content=\"fr_FR\" \/>\n<meta property=\"og:type\" content=\"article\" \/>\n<meta property=\"og:title\" content=\"Kaouther Ben Mohamed : une Franco-tunisienne au c\u0153ur de Marseille - Kapitalis\" \/>\n<meta property=\"og:description\" content=\"Kaouther Ben Mohamed, petite-fille d\u2019un immigr\u00e9 tunisien illustre par son parcours la richesse des histoires humaines qui se tissent au sein de la diversit\u00e9.\" \/>\n<meta property=\"og:url\" content=\"https:\/\/kapitalis.com\/tunisie\/2024\/11\/06\/kaouther-ben-mohamed-une-franco-tunisienne-au-coeur-de-marseille\/\" \/>\n<meta property=\"og:site_name\" content=\"Kapitalis\" \/>\n<meta property=\"article:publisher\" content=\"https:\/\/www.facebook.com\/KapitalisInfo\/\" \/>\n<meta property=\"article:published_time\" content=\"2024-11-06T11:52:23+00:00\" \/>\n<meta property=\"article:modified_time\" content=\"2024-11-06T11:52:25+00:00\" \/>\n<meta property=\"og:image\" content=\"https:\/\/kapitalis.com\/tunisie\/wp-content\/uploads\/2024\/11\/Kaouther-Ben-Mohamed.jpg\" \/>\n\t<meta property=\"og:image:width\" content=\"1200\" \/>\n\t<meta property=\"og:image:height\" content=\"630\" \/>\n\t<meta property=\"og:image:type\" content=\"image\/jpeg\" \/>\n<meta name=\"author\" content=\"webmaster kapitalis\" \/>\n<meta name=\"twitter:card\" content=\"summary_large_image\" \/>\n<meta name=\"twitter:creator\" content=\"@KapitalisInfo\" \/>\n<meta name=\"twitter:site\" content=\"@KapitalisInfo\" \/>\n<meta name=\"twitter:label1\" content=\"\u00c9crit par\" \/>\n\t<meta name=\"twitter:data1\" content=\"webmaster kapitalis\" \/>\n\t<meta name=\"twitter:label2\" content=\"Dur\u00e9e de lecture estim\u00e9e\" \/>\n\t<meta name=\"twitter:data2\" content=\"3 minutes\" \/>\n<script type=\"application\/ld+json\" class=\"yoast-schema-graph\">{\"@context\":\"https:\/\/schema.org\",\"@graph\":[{\"@type\":\"Article\",\"@id\":\"https:\/\/kapitalis.com\/tunisie\/2024\/11\/06\/kaouther-ben-mohamed-une-franco-tunisienne-au-coeur-de-marseille\/#article\",\"isPartOf\":{\"@id\":\"https:\/\/kapitalis.com\/tunisie\/2024\/11\/06\/kaouther-ben-mohamed-une-franco-tunisienne-au-coeur-de-marseille\/\"},\"author\":{\"name\":\"webmaster kapitalis\",\"@id\":\"https:\/\/kapitalis.com\/tunisie\/#\/schema\/person\/d71f33a9ca44f7bad4698210b480c8e9\"},\"headline\":\"Kaouther Ben Mohamed : une Franco-tunisienne au c\u0153ur de Marseille\",\"datePublished\":\"2024-11-06T11:52:23+00:00\",\"dateModified\":\"2024-11-06T11:52:25+00:00\",\"mainEntityOfPage\":{\"@id\":\"https:\/\/kapitalis.com\/tunisie\/2024\/11\/06\/kaouther-ben-mohamed-une-franco-tunisienne-au-coeur-de-marseille\/\"},\"wordCount\":518,\"commentCount\":0,\"publisher\":{\"@id\":\"https:\/\/kapitalis.com\/tunisie\/#organization\"},\"image\":{\"@id\":\"https:\/\/kapitalis.com\/tunisie\/2024\/11\/06\/kaouther-ben-mohamed-une-franco-tunisienne-au-coeur-de-marseille\/#primaryimage\"},\"thumbnailUrl\":\"https:\/\/kapitalis.com\/tunisie\/wp-content\/uploads\/2024\/11\/Kaouther-Ben-Mohamed.jpg\",\"keywords\":[\"Estaque\",\"France\",\"immigr\u00e9 tunisien\",\"Kaouther Ben Mohamed\",\"librairie Maupetit\",\"Marseille\",\"Tunisie\"],\"articleSection\":[\"A LA UNE\",\"CULTURE\",\"Tunisie\"],\"inLanguage\":\"fr-FR\",\"potentialAction\":[{\"@type\":\"CommentAction\",\"name\":\"Comment\",\"target\":[\"https:\/\/kapitalis.com\/tunisie\/2024\/11\/06\/kaouther-ben-mohamed-une-franco-tunisienne-au-coeur-de-marseille\/#respond\"]}]},{\"@type\":\"WebPage\",\"@id\":\"https:\/\/kapitalis.com\/tunisie\/2024\/11\/06\/kaouther-ben-mohamed-une-franco-tunisienne-au-coeur-de-marseille\/\",\"url\":\"https:\/\/kapitalis.com\/tunisie\/2024\/11\/06\/kaouther-ben-mohamed-une-franco-tunisienne-au-coeur-de-marseille\/\",\"name\":\"Kaouther Ben Mohamed : une Franco-tunisienne au c\u0153ur de Marseille - Kapitalis\",\"isPartOf\":{\"@id\":\"https:\/\/kapitalis.com\/tunisie\/#website\"},\"primaryImageOfPage\":{\"@id\":\"https:\/\/kapitalis.com\/tunisie\/2024\/11\/06\/kaouther-ben-mohamed-une-franco-tunisienne-au-coeur-de-marseille\/#primaryimage\"},\"image\":{\"@id\":\"https:\/\/kapitalis.com\/tunisie\/2024\/11\/06\/kaouther-ben-mohamed-une-franco-tunisienne-au-coeur-de-marseille\/#primaryimage\"},\"thumbnailUrl\":\"https:\/\/kapitalis.com\/tunisie\/wp-content\/uploads\/2024\/11\/Kaouther-Ben-Mohamed.jpg\",\"datePublished\":\"2024-11-06T11:52:23+00:00\",\"dateModified\":\"2024-11-06T11:52:25+00:00\",\"breadcrumb\":{\"@id\":\"https:\/\/kapitalis.com\/tunisie\/2024\/11\/06\/kaouther-ben-mohamed-une-franco-tunisienne-au-coeur-de-marseille\/#breadcrumb\"},\"inLanguage\":\"fr-FR\",\"potentialAction\":[{\"@type\":\"ReadAction\",\"target\":[\"https:\/\/kapitalis.com\/tunisie\/2024\/11\/06\/kaouther-ben-mohamed-une-franco-tunisienne-au-coeur-de-marseille\/\"]}]},{\"@type\":\"ImageObject\",\"inLanguage\":\"fr-FR\",\"@id\":\"https:\/\/kapitalis.com\/tunisie\/2024\/11\/06\/kaouther-ben-mohamed-une-franco-tunisienne-au-coeur-de-marseille\/#primaryimage\",\"url\":\"https:\/\/kapitalis.com\/tunisie\/wp-content\/uploads\/2024\/11\/Kaouther-Ben-Mohamed.jpg\",\"contentUrl\":\"https:\/\/kapitalis.com\/tunisie\/wp-content\/uploads\/2024\/11\/Kaouther-Ben-Mohamed.jpg\",\"width\":1200,\"height\":630},{\"@type\":\"BreadcrumbList\",\"@id\":\"https:\/\/kapitalis.com\/tunisie\/2024\/11\/06\/kaouther-ben-mohamed-une-franco-tunisienne-au-coeur-de-marseille\/#breadcrumb\",\"itemListElement\":[{\"@type\":\"ListItem\",\"position\":1,\"name\":\"Accueil\",\"item\":\"https:\/\/kapitalis.com\/tunisie\/\"},{\"@type\":\"ListItem\",\"position\":2,\"name\":\"Kaouther Ben Mohamed : une Franco-tunisienne au c\u0153ur de Marseille\"}]},{\"@type\":\"WebSite\",\"@id\":\"https:\/\/kapitalis.com\/tunisie\/#website\",\"url\":\"https:\/\/kapitalis.com\/tunisie\/\",\"name\":\"Kapitalis\",\"description\":\"L&#039;actualit\u00e9 en Tunisie et dans le monde\",\"publisher\":{\"@id\":\"https:\/\/kapitalis.com\/tunisie\/#organization\"},\"potentialAction\":[{\"@type\":\"SearchAction\",\"target\":{\"@type\":\"EntryPoint\",\"urlTemplate\":\"https:\/\/kapitalis.com\/tunisie\/?s={search_term_string}\"},\"query-input\":{\"@type\":\"PropertyValueSpecification\",\"valueRequired\":true,\"valueName\":\"search_term_string\"}}],\"inLanguage\":\"fr-FR\"},{\"@type\":\"Organization\",\"@id\":\"https:\/\/kapitalis.com\/tunisie\/#organization\",\"name\":\"Kapitalis\",\"url\":\"https:\/\/kapitalis.com\/tunisie\/\",\"logo\":{\"@type\":\"ImageObject\",\"inLanguage\":\"fr-FR\",\"@id\":\"https:\/\/kapitalis.com\/tunisie\/#\/schema\/logo\/image\/\",\"url\":\"https:\/\/kapitalis.com\/tunisie\/wp-content\/uploads\/2022\/05\/Kapitalis-big-size.png\",\"contentUrl\":\"https:\/\/kapitalis.com\/tunisie\/wp-content\/uploads\/2022\/05\/Kapitalis-big-size.png\",\"width\":5000,\"height\":1500,\"caption\":\"Kapitalis\"},\"image\":{\"@id\":\"https:\/\/kapitalis.com\/tunisie\/#\/schema\/logo\/image\/\"},\"sameAs\":[\"https:\/\/www.facebook.com\/KapitalisInfo\/\",\"https:\/\/x.com\/KapitalisInfo\",\"https:\/\/www.youtube.com\/channel\/UC-yDYrHyfFBWWZaOw3FPg9Q\"]},{\"@type\":\"Person\",\"@id\":\"https:\/\/kapitalis.com\/tunisie\/#\/schema\/person\/d71f33a9ca44f7bad4698210b480c8e9\",\"name\":\"webmaster kapitalis\",\"url\":\"https:\/\/kapitalis.com\/tunisie\/author\/webmaster-kapitalis\/\"}]}<\/script>\n<!-- \/ Yoast SEO plugin. -->","yoast_head_json":{"title":"Kaouther Ben Mohamed : une Franco-tunisienne au c\u0153ur de Marseille - Kapitalis","robots":{"index":"index","follow":"follow","max-snippet":"max-snippet:-1","max-image-preview":"max-image-preview:large","max-video-preview":"max-video-preview:-1"},"canonical":"https:\/\/kapitalis.com\/tunisie\/2024\/11\/06\/kaouther-ben-mohamed-une-franco-tunisienne-au-coeur-de-marseille\/","og_locale":"fr_FR","og_type":"article","og_title":"Kaouther Ben Mohamed : une Franco-tunisienne au c\u0153ur de Marseille - Kapitalis","og_description":"Kaouther Ben Mohamed, petite-fille d\u2019un immigr\u00e9 tunisien illustre par son parcours la richesse des histoires humaines qui se tissent au sein de la diversit\u00e9.","og_url":"https:\/\/kapitalis.com\/tunisie\/2024\/11\/06\/kaouther-ben-mohamed-une-franco-tunisienne-au-coeur-de-marseille\/","og_site_name":"Kapitalis","article_publisher":"https:\/\/www.facebook.com\/KapitalisInfo\/","article_published_time":"2024-11-06T11:52:23+00:00","article_modified_time":"2024-11-06T11:52:25+00:00","og_image":[{"width":1200,"height":630,"url":"https:\/\/kapitalis.com\/tunisie\/wp-content\/uploads\/2024\/11\/Kaouther-Ben-Mohamed.jpg","type":"image\/jpeg"}],"author":"webmaster kapitalis","twitter_card":"summary_large_image","twitter_creator":"@KapitalisInfo","twitter_site":"@KapitalisInfo","twitter_misc":{"\u00c9crit par":"webmaster kapitalis","Dur\u00e9e de lecture estim\u00e9e":"3 minutes"},"schema":{"@context":"https:\/\/schema.org","@graph":[{"@type":"Article","@id":"https:\/\/kapitalis.com\/tunisie\/2024\/11\/06\/kaouther-ben-mohamed-une-franco-tunisienne-au-coeur-de-marseille\/#article","isPartOf":{"@id":"https:\/\/kapitalis.com\/tunisie\/2024\/11\/06\/kaouther-ben-mohamed-une-franco-tunisienne-au-coeur-de-marseille\/"},"author":{"name":"webmaster kapitalis","@id":"https:\/\/kapitalis.com\/tunisie\/#\/schema\/person\/d71f33a9ca44f7bad4698210b480c8e9"},"headline":"Kaouther Ben Mohamed : une Franco-tunisienne au c\u0153ur de Marseille","datePublished":"2024-11-06T11:52:23+00:00","dateModified":"2024-11-06T11:52:25+00:00","mainEntityOfPage":{"@id":"https:\/\/kapitalis.com\/tunisie\/2024\/11\/06\/kaouther-ben-mohamed-une-franco-tunisienne-au-coeur-de-marseille\/"},"wordCount":518,"commentCount":0,"publisher":{"@id":"https:\/\/kapitalis.com\/tunisie\/#organization"},"image":{"@id":"https:\/\/kapitalis.com\/tunisie\/2024\/11\/06\/kaouther-ben-mohamed-une-franco-tunisienne-au-coeur-de-marseille\/#primaryimage"},"thumbnailUrl":"https:\/\/kapitalis.com\/tunisie\/wp-content\/uploads\/2024\/11\/Kaouther-Ben-Mohamed.jpg","keywords":["Estaque","France","immigr\u00e9 tunisien","Kaouther Ben Mohamed","librairie Maupetit","Marseille","Tunisie"],"articleSection":["A LA UNE","CULTURE","Tunisie"],"inLanguage":"fr-FR","potentialAction":[{"@type":"CommentAction","name":"Comment","target":["https:\/\/kapitalis.com\/tunisie\/2024\/11\/06\/kaouther-ben-mohamed-une-franco-tunisienne-au-coeur-de-marseille\/#respond"]}]},{"@type":"WebPage","@id":"https:\/\/kapitalis.com\/tunisie\/2024\/11\/06\/kaouther-ben-mohamed-une-franco-tunisienne-au-coeur-de-marseille\/","url":"https:\/\/kapitalis.com\/tunisie\/2024\/11\/06\/kaouther-ben-mohamed-une-franco-tunisienne-au-coeur-de-marseille\/","name":"Kaouther Ben Mohamed : une Franco-tunisienne au c\u0153ur de Marseille - Kapitalis","isPartOf":{"@id":"https:\/\/kapitalis.com\/tunisie\/#website"},"primaryImageOfPage":{"@id":"https:\/\/kapitalis.com\/tunisie\/2024\/11\/06\/kaouther-ben-mohamed-une-franco-tunisienne-au-coeur-de-marseille\/#primaryimage"},"image":{"@id":"https:\/\/kapitalis.com\/tunisie\/2024\/11\/06\/kaouther-ben-mohamed-une-franco-tunisienne-au-coeur-de-marseille\/#primaryimage"},"thumbnailUrl":"https:\/\/kapitalis.com\/tunisie\/wp-content\/uploads\/2024\/11\/Kaouther-Ben-Mohamed.jpg","datePublished":"2024-11-06T11:52:23+00:00","dateModified":"2024-11-06T11:52:25+00:00","breadcrumb":{"@id":"https:\/\/kapitalis.com\/tunisie\/2024\/11\/06\/kaouther-ben-mohamed-une-franco-tunisienne-au-coeur-de-marseille\/#breadcrumb"},"inLanguage":"fr-FR","potentialAction":[{"@type":"ReadAction","target":["https:\/\/kapitalis.com\/tunisie\/2024\/11\/06\/kaouther-ben-mohamed-une-franco-tunisienne-au-coeur-de-marseille\/"]}]},{"@type":"ImageObject","inLanguage":"fr-FR","@id":"https:\/\/kapitalis.com\/tunisie\/2024\/11\/06\/kaouther-ben-mohamed-une-franco-tunisienne-au-coeur-de-marseille\/#primaryimage","url":"https:\/\/kapitalis.com\/tunisie\/wp-content\/uploads\/2024\/11\/Kaouther-Ben-Mohamed.jpg","contentUrl":"https:\/\/kapitalis.com\/tunisie\/wp-content\/uploads\/2024\/11\/Kaouther-Ben-Mohamed.jpg","width":1200,"height":630},{"@type":"BreadcrumbList","@id":"https:\/\/kapitalis.com\/tunisie\/2024\/11\/06\/kaouther-ben-mohamed-une-franco-tunisienne-au-coeur-de-marseille\/#breadcrumb","itemListElement":[{"@type":"ListItem","position":1,"name":"Accueil","item":"https:\/\/kapitalis.com\/tunisie\/"},{"@type":"ListItem","position":2,"name":"Kaouther Ben Mohamed : une Franco-tunisienne au c\u0153ur de Marseille"}]},{"@type":"WebSite","@id":"https:\/\/kapitalis.com\/tunisie\/#website","url":"https:\/\/kapitalis.com\/tunisie\/","name":"Kapitalis","description":"L&#039;actualit\u00e9 en Tunisie et dans le monde","publisher":{"@id":"https:\/\/kapitalis.com\/tunisie\/#organization"},"potentialAction":[{"@type":"SearchAction","target":{"@type":"EntryPoint","urlTemplate":"https:\/\/kapitalis.com\/tunisie\/?s={search_term_string}"},"query-input":{"@type":"PropertyValueSpecification","valueRequired":true,"valueName":"search_term_string"}}],"inLanguage":"fr-FR"},{"@type":"Organization","@id":"https:\/\/kapitalis.com\/tunisie\/#organization","name":"Kapitalis","url":"https:\/\/kapitalis.com\/tunisie\/","logo":{"@type":"ImageObject","inLanguage":"fr-FR","@id":"https:\/\/kapitalis.com\/tunisie\/#\/schema\/logo\/image\/","url":"https:\/\/kapitalis.com\/tunisie\/wp-content\/uploads\/2022\/05\/Kapitalis-big-size.png","contentUrl":"https:\/\/kapitalis.com\/tunisie\/wp-content\/uploads\/2022\/05\/Kapitalis-big-size.png","width":5000,"height":1500,"caption":"Kapitalis"},"image":{"@id":"https:\/\/kapitalis.com\/tunisie\/#\/schema\/logo\/image\/"},"sameAs":["https:\/\/www.facebook.com\/KapitalisInfo\/","https:\/\/x.com\/KapitalisInfo","https:\/\/www.youtube.com\/channel\/UC-yDYrHyfFBWWZaOw3FPg9Q"]},{"@type":"Person","@id":"https:\/\/kapitalis.com\/tunisie\/#\/schema\/person\/d71f33a9ca44f7bad4698210b480c8e9","name":"webmaster kapitalis","url":"https:\/\/kapitalis.com\/tunisie\/author\/webmaster-kapitalis\/"}]}},"_links":{"self":[{"href":"https:\/\/kapitalis.com\/tunisie\/wp-json\/wp\/v2\/posts\/14549498","targetHints":{"allow":["GET"]}}],"collection":[{"href":"https:\/\/kapitalis.com\/tunisie\/wp-json\/wp\/v2\/posts"}],"about":[{"href":"https:\/\/kapitalis.com\/tunisie\/wp-json\/wp\/v2\/types\/post"}],"author":[{"embeddable":true,"href":"https:\/\/kapitalis.com\/tunisie\/wp-json\/wp\/v2\/users\/8"}],"replies":[{"embeddable":true,"href":"https:\/\/kapitalis.com\/tunisie\/wp-json\/wp\/v2\/comments?post=14549498"}],"version-history":[{"count":1,"href":"https:\/\/kapitalis.com\/tunisie\/wp-json\/wp\/v2\/posts\/14549498\/revisions"}],"predecessor-version":[{"id":14549535,"href":"https:\/\/kapitalis.com\/tunisie\/wp-json\/wp\/v2\/posts\/14549498\/revisions\/14549535"}],"wp:featuredmedia":[{"embeddable":true,"href":"https:\/\/kapitalis.com\/tunisie\/wp-json\/wp\/v2\/media\/14549526"}],"wp:attachment":[{"href":"https:\/\/kapitalis.com\/tunisie\/wp-json\/wp\/v2\/media?parent=14549498"}],"wp:term":[{"taxonomy":"category","embeddable":true,"href":"https:\/\/kapitalis.com\/tunisie\/wp-json\/wp\/v2\/categories?post=14549498"},{"taxonomy":"post_tag","embeddable":true,"href":"https:\/\/kapitalis.com\/tunisie\/wp-json\/wp\/v2\/tags?post=14549498"}],"curies":[{"name":"wp","href":"https:\/\/api.w.org\/{rel}","templated":true}]}}