{"id":145602,"date":"2018-03-27T07:38:45","date_gmt":"2018-03-27T06:38:45","guid":{"rendered":"http:\/\/kapitalis.com\/tunisie\/?p=145602"},"modified":"2018-03-28T09:49:27","modified_gmt":"2018-03-28T08:49:27","slug":"mondial-equipe-de-tunisie-une-derniere-chance-avant-la-pre-liste","status":"publish","type":"post","link":"https:\/\/kapitalis.com\/tunisie\/2018\/03\/27\/mondial-equipe-de-tunisie-une-derniere-chance-avant-la-pre-liste\/","title":{"rendered":"Mondial-Equipe de Tunisie : Une derni\u00e8re chance avant la pr\u00e9-liste"},"content":{"rendered":"<p style=\"text-align: center;\"><img loading=\"lazy\" decoding=\"async\" class=\"alignnone size-full wp-image-145603\" src=\"http:\/\/kapitalis.com\/tunisie\/wp-content\/uploads\/2018\/03\/Tunisie-Costa-Rica.jpg\" alt=\"\" width=\"626\" height=\"380\" \/><\/p>\n<p><em><strong>L\u2019\u00e9quipe de Tunisie encha\u00eene, aujourd\u2019hui, mardi 27 mars 2018, \u00e0 partir de 19 h (HT) \u00e0 l\u2019Allianz Rivera de Nice (sur\u00a0Al Watania 1\u00a0et Abu Dhabi Sport 2), sur un 2<sup>e<\/sup> test face \u00e0 un futur mondialiste, le Costa Rica, qui reste sur une victoire en \u00c9cosse (0-1).<\/strong><\/em><\/p>\n<p>Par <strong>Hassen Mzoughi<\/strong><\/p>\n<p><!--more--><\/p>\n<p>Apr\u00e8s un premier match de pr\u00e9paration tr\u00e8s instructif, vendredi dernier, <a href=\"http:\/\/kapitalis.com\/tunisie\/2018\/03\/24\/equipe-de-tunisie-victoire-meritee-mais-on-attend-confirmation\/\">contre l\u2019Iran (1-0)<\/a>, le s\u00e9lectionneur de l\u2019\u00e9quipe de Tunisie, Nabil Maaloul, va opter \u00e0 d\u2019autres \u00abcombinaisons\u00bb afin de peaufiner les contours du groupe qu\u2019il conduira l\u2019\u00e9t\u00e9\u00a0\u00a0prochain en Russie.<\/p>\n<p>Ce second match de pr\u00e9paration devrait favoriser quelques solutions \u00e0 certains postes avant le menu copieux face au Portugal et l\u2019Espagne.<\/p>\n<h3>Le d\u00e9fi de Mouez Hassen<\/h3>\n<p>La veille du premier match contre l\u2019Iran, le s\u00e9lectionneur national a affirm\u00e9 disposer \u00e0 95% de sa liste d\u00e9finitive. Mais ce n\u2019est pas dans la poche pour des joueurs en ballotage. \u00c0 commencer par le duo de gardiens Mouez Hassen et Moez Ben Chrifia. Si Aymen Mathlouthi et Farouk Ben Mustapha sont presque s\u00fbrs d\u2019aller en Russie, il n\u2019en est pas de m\u00eame pour le portier de l\u2019Esp\u00e9rance sportive de Tunis (EST), et le Franco-tunisien nouvellement s\u00e9lectionn\u00e9.<\/p>\n<p><em>\u00abProt\u00e9g\u00e9\u00bb<\/em> du pr\u00e9sident de la F\u00e9d\u00e9ration tunisienne de football (FTF), Aymen Mathlouthi semble intouchable. Ar\u00e8s le grand match qu\u2019il a sorti face \u00e0 l\u2019Iran, <a href=\"http:\/\/kapitalis.com\/tunisie\/2018\/03\/24\/equipe-de-tunisie-nabil-maaloul-encense-farouk-ben-mustapha\/\">Farouk Ben Mustapha<\/a> aura marqu\u00e9 des points d\u00e9cisifs et pris <em>\u00abl\u2019ascendant\u00bb<\/em> sur Ben Chrifia et compliqu\u00e9 la t\u00e2che pour le jeune gardien de Ch\u00e2teauroux.<\/p>\n<p>Ce soir, un grand d\u00e9fi attend Mouez Hassen face au Costa Rica. Il est appel\u00e9 \u00e0 rendre une copie impeccable, pour m\u00e9riter une place \u00e0 part enti\u00e8re. Une prestation convaincante et c\u2019est Ben Chrifia, qui perdra le statut de second gardien au profit de Ben Mustapha. Il aura peut \u00eatre une chance contre le Portugal, le 28 mai. Mais d\u2019ici l\u00e0\u2026<\/p>\n<h3>Des changements attendus<\/h3>\n<p>En plus de Mouez Hassen, plusieurs changements sont attendus contre le Costa Rica.<\/p>\n<p>Nabil Maaloul associera encore une fois Yassine Meriah et Yohan Benalouane au centre de la d\u00e9fense\u2026 pour tester de nouveau le d\u00e9fenseur de Leicester.\u00a0Dylan Bronn sera maintenu sur le flanc droit de la d\u00e9fense, Hamdi Naguez \u00e9tant indisponible, alors que sur le flanc gauche Ali Maaloul c\u00e9derait sa place \u00e0 Oussama Haddadi.<\/p>\n<p>Au milieu de terrain Karim Aouadhi devrait suppl\u00e9er l\u2019absence de Mohamed Amine Ben Amor, bless\u00e9. Il aura pour partenaires Ferjani Sassi et Ellyes Skhiri, tous deux reconduits.<\/p>\n<p>Enfin, pour l\u2019animation offensive, on aura sur le c\u00f4t\u00e9 droit Bassem Srarfi, dont ce sera une premi\u00e8re, Wahbi Khazri sur le c\u00f4t\u00e9 gauche et Taha Yassine Khenissi en pointe.<\/p>\n<p>Ce sera donc une nouvelle chance pour des joueurs qui doivent convaincre le coach des Aigles\u00a0de Carthage. En effet, ce dernier devra fournir\u00a0une pr\u00e9-liste\u00a0le 14 mai,\u00a0\u00a0comme l\u2019exige la Fifa.\u00a0La liste d\u00e9finitive de chaque s\u00e9lection, limit\u00e9e \u00e0 23 \u00e9l\u00e9ments, devra quant \u00e0 elle \u00eatre divulgu\u00e9e avant le 4 juin.\u00a0La Tunisie, rappelons-le, commencera la comp\u00e9tition le 18 juin contre l\u2019Angleterre.<\/p>\n<p>L\u2019\u00e9mulation entre les joueurs profitera au s\u00e9lectionneur pour cerner les choix car, par la suite, il n\u2019y aura plus de place pour les essais et autres exp\u00e9rimentations\u2026<\/p>\n<blockquote class=\"wp-embedded-content\" data-secret=\"xZXbdSk181\"><p><a href=\"https:\/\/kapitalis.com\/tunisie\/2018\/03\/26\/football-mondial-2018-lequipe-de-tunisie-peaufine-sa-preparation-a-nice\/\">Football-Mondial 2018 : L\u2019Equipe de Tunisie peaufine sa pr\u00e9paration \u00e0 Nice<\/a><\/p><\/blockquote>\n<p><iframe loading=\"lazy\" class=\"wp-embedded-content\" sandbox=\"allow-scripts\" security=\"restricted\" style=\"position: absolute; clip: rect(1px, 1px, 1px, 1px);\" title=\"\u00ab\u00a0Football-Mondial 2018 : L\u2019Equipe de Tunisie peaufine sa pr\u00e9paration \u00e0 Nice\u00a0\u00bb &#8212; Kapitalis\" src=\"https:\/\/kapitalis.com\/tunisie\/2018\/03\/26\/football-mondial-2018-lequipe-de-tunisie-peaufine-sa-preparation-a-nice\/embed\/#?secret=TFYQT7tZpW#?secret=xZXbdSk181\" data-secret=\"xZXbdSk181\" width=\"600\" height=\"338\" frameborder=\"0\" marginwidth=\"0\" marginheight=\"0\" scrolling=\"no\"><\/iframe><\/p>\n<blockquote class=\"wp-embedded-content\" data-secret=\"Q6V1IHNjXe\"><p><a href=\"https:\/\/kapitalis.com\/tunisie\/2018\/03\/25\/equipe-de-tunisie-mouez-hassen-et-bassem-srarfi-dans-leur-jardin-de-nice\/\">Equipe de Tunisie : Mouez Hassen et Bassem Srarfi dans leur jardin de Nice<\/a><\/p><\/blockquote>\n<p><iframe loading=\"lazy\" class=\"wp-embedded-content\" sandbox=\"allow-scripts\" security=\"restricted\" style=\"position: absolute; clip: rect(1px, 1px, 1px, 1px);\" title=\"\u00ab\u00a0Equipe de Tunisie : Mouez Hassen et Bassem Srarfi dans leur jardin de Nice\u00a0\u00bb &#8212; Kapitalis\" src=\"https:\/\/kapitalis.com\/tunisie\/2018\/03\/25\/equipe-de-tunisie-mouez-hassen-et-bassem-srarfi-dans-leur-jardin-de-nice\/embed\/#?secret=t7oc3PrSa2#?secret=Q6V1IHNjXe\" data-secret=\"Q6V1IHNjXe\" width=\"600\" height=\"338\" frameborder=\"0\" marginwidth=\"0\" marginheight=\"0\" scrolling=\"no\"><\/iframe><\/p>\n","protected":false},"excerpt":{"rendered":"<p>L\u2019\u00e9quipe de Tunisie encha\u00eene, aujourd\u2019hui, mardi 27 mars 2018, \u00e0 partir de 19 h (HT) \u00e0 l\u2019Allianz Rivera de Nice (sur\u00a0Al Watania 1\u00a0et Abu Dhabi Sport 2), sur un 2e test face \u00e0 un futur mondialiste, le Costa Rica, qui reste sur une victoire en \u00c9cosse (0-1). Par Hassen Mzoughi<\/p>\n","protected":false},"author":8,"featured_media":145603,"comment_status":"open","ping_status":"open","sticky":false,"template":"","format":"standard","meta":{"footnotes":""},"categories":[992,999,2433],"tags":[27527,8732,33320,1667,39000,8091,15920,38719],"class_list":["post-145602","post","type-post","status-publish","format-standard","has-post-thumbnail","hentry","category-a-la-une","category-sport","category-tunisie","tag-bassem-srarfi","tag-costa-rica","tag-karim-aouadhi","tag-mondial","tag-mouez-hassen","tag-nabil-maaloul","tag-nice","tag-oussama-haddadi"],"yoast_head":"<!-- This site is optimized with the Yoast SEO plugin v26.6 - https:\/\/yoast.com\/wordpress\/plugins\/seo\/ -->\n<title>Mondial-Equipe de Tunisie : Une derni\u00e8re chance avant la pr\u00e9-liste - Kapitalis<\/title>\n<meta name=\"robots\" content=\"index, follow, max-snippet:-1, max-image-preview:large, max-video-preview:-1\" \/>\n<link rel=\"canonical\" href=\"https:\/\/kapitalis.com\/tunisie\/2018\/03\/27\/mondial-equipe-de-tunisie-une-derniere-chance-avant-la-pre-liste\/\" \/>\n<meta property=\"og:locale\" content=\"fr_FR\" \/>\n<meta property=\"og:type\" content=\"article\" \/>\n<meta property=\"og:title\" content=\"Mondial-Equipe de Tunisie : Une derni\u00e8re chance avant la pr\u00e9-liste - Kapitalis\" \/>\n<meta property=\"og:description\" content=\"L\u2019\u00e9quipe de Tunisie encha\u00eene, aujourd\u2019hui, mardi 27 mars 2018, \u00e0 partir de 19 h (HT) \u00e0 l\u2019Allianz Rivera de Nice (sur\u00a0Al Watania 1\u00a0et Abu Dhabi Sport 2), sur un 2e test face \u00e0 un futur mondialiste, le Costa Rica, qui reste sur une victoire en \u00c9cosse (0-1). Par Hassen Mzoughi\" \/>\n<meta property=\"og:url\" content=\"https:\/\/kapitalis.com\/tunisie\/2018\/03\/27\/mondial-equipe-de-tunisie-une-derniere-chance-avant-la-pre-liste\/\" \/>\n<meta property=\"og:site_name\" content=\"Kapitalis\" \/>\n<meta property=\"article:publisher\" content=\"https:\/\/www.facebook.com\/KapitalisInfo\/\" \/>\n<meta property=\"article:published_time\" content=\"2018-03-27T06:38:45+00:00\" \/>\n<meta property=\"article:modified_time\" content=\"2018-03-28T08:49:27+00:00\" \/>\n<meta property=\"og:image\" content=\"https:\/\/kapitalis.com\/tunisie\/wp-content\/uploads\/2022\/05\/kapitalis-logo-fb.png\" \/>\n\t<meta property=\"og:image:width\" content=\"1200\" \/>\n\t<meta property=\"og:image:height\" content=\"630\" \/>\n\t<meta property=\"og:image:type\" content=\"image\/png\" \/>\n<meta name=\"author\" content=\"webmaster kapitalis\" \/>\n<meta name=\"twitter:card\" content=\"summary_large_image\" \/>\n<meta name=\"twitter:creator\" content=\"@KapitalisInfo\" \/>\n<meta name=\"twitter:site\" content=\"@KapitalisInfo\" \/>\n<meta name=\"twitter:label1\" content=\"\u00c9crit par\" \/>\n\t<meta name=\"twitter:data1\" content=\"webmaster kapitalis\" \/>\n\t<meta name=\"twitter:label2\" content=\"Dur\u00e9e de lecture estim\u00e9e\" \/>\n\t<meta name=\"twitter:data2\" content=\"3 minutes\" \/>\n<script type=\"application\/ld+json\" class=\"yoast-schema-graph\">{\"@context\":\"https:\/\/schema.org\",\"@graph\":[{\"@type\":\"Article\",\"@id\":\"https:\/\/kapitalis.com\/tunisie\/2018\/03\/27\/mondial-equipe-de-tunisie-une-derniere-chance-avant-la-pre-liste\/#article\",\"isPartOf\":{\"@id\":\"https:\/\/kapitalis.com\/tunisie\/2018\/03\/27\/mondial-equipe-de-tunisie-une-derniere-chance-avant-la-pre-liste\/\"},\"author\":{\"name\":\"webmaster kapitalis\",\"@id\":\"https:\/\/kapitalis.com\/tunisie\/#\/schema\/person\/d71f33a9ca44f7bad4698210b480c8e9\"},\"headline\":\"Mondial-Equipe de Tunisie : Une derni\u00e8re chance avant la pr\u00e9-liste\",\"datePublished\":\"2018-03-27T06:38:45+00:00\",\"dateModified\":\"2018-03-28T08:49:27+00:00\",\"mainEntityOfPage\":{\"@id\":\"https:\/\/kapitalis.com\/tunisie\/2018\/03\/27\/mondial-equipe-de-tunisie-une-derniere-chance-avant-la-pre-liste\/\"},\"wordCount\":583,\"commentCount\":0,\"publisher\":{\"@id\":\"https:\/\/kapitalis.com\/tunisie\/#organization\"},\"image\":{\"@id\":\"https:\/\/kapitalis.com\/tunisie\/2018\/03\/27\/mondial-equipe-de-tunisie-une-derniere-chance-avant-la-pre-liste\/#primaryimage\"},\"thumbnailUrl\":\"\",\"keywords\":[\"Bassem Srarfi\",\"Costa Rica\",\"Karim Aouadhi\",\"mondial\",\"Mouez Hassen\",\"Nabil Ma\u00e2loul\",\"Nice\",\"Oussama Haddadi\"],\"articleSection\":[\"A LA UNE\",\"SPORT\",\"Tunisie\"],\"inLanguage\":\"fr-FR\",\"potentialAction\":[{\"@type\":\"CommentAction\",\"name\":\"Comment\",\"target\":[\"https:\/\/kapitalis.com\/tunisie\/2018\/03\/27\/mondial-equipe-de-tunisie-une-derniere-chance-avant-la-pre-liste\/#respond\"]}]},{\"@type\":\"WebPage\",\"@id\":\"https:\/\/kapitalis.com\/tunisie\/2018\/03\/27\/mondial-equipe-de-tunisie-une-derniere-chance-avant-la-pre-liste\/\",\"url\":\"https:\/\/kapitalis.com\/tunisie\/2018\/03\/27\/mondial-equipe-de-tunisie-une-derniere-chance-avant-la-pre-liste\/\",\"name\":\"Mondial-Equipe de Tunisie : Une derni\u00e8re chance avant la pr\u00e9-liste - Kapitalis\",\"isPartOf\":{\"@id\":\"https:\/\/kapitalis.com\/tunisie\/#website\"},\"primaryImageOfPage\":{\"@id\":\"https:\/\/kapitalis.com\/tunisie\/2018\/03\/27\/mondial-equipe-de-tunisie-une-derniere-chance-avant-la-pre-liste\/#primaryimage\"},\"image\":{\"@id\":\"https:\/\/kapitalis.com\/tunisie\/2018\/03\/27\/mondial-equipe-de-tunisie-une-derniere-chance-avant-la-pre-liste\/#primaryimage\"},\"thumbnailUrl\":\"\",\"datePublished\":\"2018-03-27T06:38:45+00:00\",\"dateModified\":\"2018-03-28T08:49:27+00:00\",\"breadcrumb\":{\"@id\":\"https:\/\/kapitalis.com\/tunisie\/2018\/03\/27\/mondial-equipe-de-tunisie-une-derniere-chance-avant-la-pre-liste\/#breadcrumb\"},\"inLanguage\":\"fr-FR\",\"potentialAction\":[{\"@type\":\"ReadAction\",\"target\":[\"https:\/\/kapitalis.com\/tunisie\/2018\/03\/27\/mondial-equipe-de-tunisie-une-derniere-chance-avant-la-pre-liste\/\"]}]},{\"@type\":\"ImageObject\",\"inLanguage\":\"fr-FR\",\"@id\":\"https:\/\/kapitalis.com\/tunisie\/2018\/03\/27\/mondial-equipe-de-tunisie-une-derniere-chance-avant-la-pre-liste\/#primaryimage\",\"url\":\"\",\"contentUrl\":\"\"},{\"@type\":\"BreadcrumbList\",\"@id\":\"https:\/\/kapitalis.com\/tunisie\/2018\/03\/27\/mondial-equipe-de-tunisie-une-derniere-chance-avant-la-pre-liste\/#breadcrumb\",\"itemListElement\":[{\"@type\":\"ListItem\",\"position\":1,\"name\":\"Accueil\",\"item\":\"https:\/\/kapitalis.com\/tunisie\/\"},{\"@type\":\"ListItem\",\"position\":2,\"name\":\"Mondial-Equipe de Tunisie : Une derni\u00e8re chance avant la pr\u00e9-liste\"}]},{\"@type\":\"WebSite\",\"@id\":\"https:\/\/kapitalis.com\/tunisie\/#website\",\"url\":\"https:\/\/kapitalis.com\/tunisie\/\",\"name\":\"Kapitalis\",\"description\":\"L&#039;actualit\u00e9 en Tunisie et dans le monde\",\"publisher\":{\"@id\":\"https:\/\/kapitalis.com\/tunisie\/#organization\"},\"potentialAction\":[{\"@type\":\"SearchAction\",\"target\":{\"@type\":\"EntryPoint\",\"urlTemplate\":\"https:\/\/kapitalis.com\/tunisie\/?s={search_term_string}\"},\"query-input\":{\"@type\":\"PropertyValueSpecification\",\"valueRequired\":true,\"valueName\":\"search_term_string\"}}],\"inLanguage\":\"fr-FR\"},{\"@type\":\"Organization\",\"@id\":\"https:\/\/kapitalis.com\/tunisie\/#organization\",\"name\":\"Kapitalis\",\"url\":\"https:\/\/kapitalis.com\/tunisie\/\",\"logo\":{\"@type\":\"ImageObject\",\"inLanguage\":\"fr-FR\",\"@id\":\"https:\/\/kapitalis.com\/tunisie\/#\/schema\/logo\/image\/\",\"url\":\"https:\/\/kapitalis.com\/tunisie\/wp-content\/uploads\/2022\/05\/Kapitalis-big-size.png\",\"contentUrl\":\"https:\/\/kapitalis.com\/tunisie\/wp-content\/uploads\/2022\/05\/Kapitalis-big-size.png\",\"width\":5000,\"height\":1500,\"caption\":\"Kapitalis\"},\"image\":{\"@id\":\"https:\/\/kapitalis.com\/tunisie\/#\/schema\/logo\/image\/\"},\"sameAs\":[\"https:\/\/www.facebook.com\/KapitalisInfo\/\",\"https:\/\/x.com\/KapitalisInfo\",\"https:\/\/www.youtube.com\/channel\/UC-yDYrHyfFBWWZaOw3FPg9Q\"]},{\"@type\":\"Person\",\"@id\":\"https:\/\/kapitalis.com\/tunisie\/#\/schema\/person\/d71f33a9ca44f7bad4698210b480c8e9\",\"name\":\"webmaster kapitalis\",\"url\":\"https:\/\/kapitalis.com\/tunisie\/author\/webmaster-kapitalis\/\"}]}<\/script>\n<!-- \/ Yoast SEO plugin. -->","yoast_head_json":{"title":"Mondial-Equipe de Tunisie : Une derni\u00e8re chance avant la pr\u00e9-liste - Kapitalis","robots":{"index":"index","follow":"follow","max-snippet":"max-snippet:-1","max-image-preview":"max-image-preview:large","max-video-preview":"max-video-preview:-1"},"canonical":"https:\/\/kapitalis.com\/tunisie\/2018\/03\/27\/mondial-equipe-de-tunisie-une-derniere-chance-avant-la-pre-liste\/","og_locale":"fr_FR","og_type":"article","og_title":"Mondial-Equipe de Tunisie : Une derni\u00e8re chance avant la pr\u00e9-liste - Kapitalis","og_description":"L\u2019\u00e9quipe de Tunisie encha\u00eene, aujourd\u2019hui, mardi 27 mars 2018, \u00e0 partir de 19 h (HT) \u00e0 l\u2019Allianz Rivera de Nice (sur\u00a0Al Watania 1\u00a0et Abu Dhabi Sport 2), sur un 2e test face \u00e0 un futur mondialiste, le Costa Rica, qui reste sur une victoire en \u00c9cosse (0-1). Par Hassen Mzoughi","og_url":"https:\/\/kapitalis.com\/tunisie\/2018\/03\/27\/mondial-equipe-de-tunisie-une-derniere-chance-avant-la-pre-liste\/","og_site_name":"Kapitalis","article_publisher":"https:\/\/www.facebook.com\/KapitalisInfo\/","article_published_time":"2018-03-27T06:38:45+00:00","article_modified_time":"2018-03-28T08:49:27+00:00","og_image":[{"width":1200,"height":630,"url":"https:\/\/kapitalis.com\/tunisie\/wp-content\/uploads\/2022\/05\/kapitalis-logo-fb.png","type":"image\/png"}],"author":"webmaster kapitalis","twitter_card":"summary_large_image","twitter_creator":"@KapitalisInfo","twitter_site":"@KapitalisInfo","twitter_misc":{"\u00c9crit par":"webmaster kapitalis","Dur\u00e9e de lecture estim\u00e9e":"3 minutes"},"schema":{"@context":"https:\/\/schema.org","@graph":[{"@type":"Article","@id":"https:\/\/kapitalis.com\/tunisie\/2018\/03\/27\/mondial-equipe-de-tunisie-une-derniere-chance-avant-la-pre-liste\/#article","isPartOf":{"@id":"https:\/\/kapitalis.com\/tunisie\/2018\/03\/27\/mondial-equipe-de-tunisie-une-derniere-chance-avant-la-pre-liste\/"},"author":{"name":"webmaster kapitalis","@id":"https:\/\/kapitalis.com\/tunisie\/#\/schema\/person\/d71f33a9ca44f7bad4698210b480c8e9"},"headline":"Mondial-Equipe de Tunisie : Une derni\u00e8re chance avant la pr\u00e9-liste","datePublished":"2018-03-27T06:38:45+00:00","dateModified":"2018-03-28T08:49:27+00:00","mainEntityOfPage":{"@id":"https:\/\/kapitalis.com\/tunisie\/2018\/03\/27\/mondial-equipe-de-tunisie-une-derniere-chance-avant-la-pre-liste\/"},"wordCount":583,"commentCount":0,"publisher":{"@id":"https:\/\/kapitalis.com\/tunisie\/#organization"},"image":{"@id":"https:\/\/kapitalis.com\/tunisie\/2018\/03\/27\/mondial-equipe-de-tunisie-une-derniere-chance-avant-la-pre-liste\/#primaryimage"},"thumbnailUrl":"","keywords":["Bassem Srarfi","Costa Rica","Karim Aouadhi","mondial","Mouez Hassen","Nabil Ma\u00e2loul","Nice","Oussama Haddadi"],"articleSection":["A LA UNE","SPORT","Tunisie"],"inLanguage":"fr-FR","potentialAction":[{"@type":"CommentAction","name":"Comment","target":["https:\/\/kapitalis.com\/tunisie\/2018\/03\/27\/mondial-equipe-de-tunisie-une-derniere-chance-avant-la-pre-liste\/#respond"]}]},{"@type":"WebPage","@id":"https:\/\/kapitalis.com\/tunisie\/2018\/03\/27\/mondial-equipe-de-tunisie-une-derniere-chance-avant-la-pre-liste\/","url":"https:\/\/kapitalis.com\/tunisie\/2018\/03\/27\/mondial-equipe-de-tunisie-une-derniere-chance-avant-la-pre-liste\/","name":"Mondial-Equipe de Tunisie : Une derni\u00e8re chance avant la pr\u00e9-liste - Kapitalis","isPartOf":{"@id":"https:\/\/kapitalis.com\/tunisie\/#website"},"primaryImageOfPage":{"@id":"https:\/\/kapitalis.com\/tunisie\/2018\/03\/27\/mondial-equipe-de-tunisie-une-derniere-chance-avant-la-pre-liste\/#primaryimage"},"image":{"@id":"https:\/\/kapitalis.com\/tunisie\/2018\/03\/27\/mondial-equipe-de-tunisie-une-derniere-chance-avant-la-pre-liste\/#primaryimage"},"thumbnailUrl":"","datePublished":"2018-03-27T06:38:45+00:00","dateModified":"2018-03-28T08:49:27+00:00","breadcrumb":{"@id":"https:\/\/kapitalis.com\/tunisie\/2018\/03\/27\/mondial-equipe-de-tunisie-une-derniere-chance-avant-la-pre-liste\/#breadcrumb"},"inLanguage":"fr-FR","potentialAction":[{"@type":"ReadAction","target":["https:\/\/kapitalis.com\/tunisie\/2018\/03\/27\/mondial-equipe-de-tunisie-une-derniere-chance-avant-la-pre-liste\/"]}]},{"@type":"ImageObject","inLanguage":"fr-FR","@id":"https:\/\/kapitalis.com\/tunisie\/2018\/03\/27\/mondial-equipe-de-tunisie-une-derniere-chance-avant-la-pre-liste\/#primaryimage","url":"","contentUrl":""},{"@type":"BreadcrumbList","@id":"https:\/\/kapitalis.com\/tunisie\/2018\/03\/27\/mondial-equipe-de-tunisie-une-derniere-chance-avant-la-pre-liste\/#breadcrumb","itemListElement":[{"@type":"ListItem","position":1,"name":"Accueil","item":"https:\/\/kapitalis.com\/tunisie\/"},{"@type":"ListItem","position":2,"name":"Mondial-Equipe de Tunisie : Une derni\u00e8re chance avant la pr\u00e9-liste"}]},{"@type":"WebSite","@id":"https:\/\/kapitalis.com\/tunisie\/#website","url":"https:\/\/kapitalis.com\/tunisie\/","name":"Kapitalis","description":"L&#039;actualit\u00e9 en Tunisie et dans le monde","publisher":{"@id":"https:\/\/kapitalis.com\/tunisie\/#organization"},"potentialAction":[{"@type":"SearchAction","target":{"@type":"EntryPoint","urlTemplate":"https:\/\/kapitalis.com\/tunisie\/?s={search_term_string}"},"query-input":{"@type":"PropertyValueSpecification","valueRequired":true,"valueName":"search_term_string"}}],"inLanguage":"fr-FR"},{"@type":"Organization","@id":"https:\/\/kapitalis.com\/tunisie\/#organization","name":"Kapitalis","url":"https:\/\/kapitalis.com\/tunisie\/","logo":{"@type":"ImageObject","inLanguage":"fr-FR","@id":"https:\/\/kapitalis.com\/tunisie\/#\/schema\/logo\/image\/","url":"https:\/\/kapitalis.com\/tunisie\/wp-content\/uploads\/2022\/05\/Kapitalis-big-size.png","contentUrl":"https:\/\/kapitalis.com\/tunisie\/wp-content\/uploads\/2022\/05\/Kapitalis-big-size.png","width":5000,"height":1500,"caption":"Kapitalis"},"image":{"@id":"https:\/\/kapitalis.com\/tunisie\/#\/schema\/logo\/image\/"},"sameAs":["https:\/\/www.facebook.com\/KapitalisInfo\/","https:\/\/x.com\/KapitalisInfo","https:\/\/www.youtube.com\/channel\/UC-yDYrHyfFBWWZaOw3FPg9Q"]},{"@type":"Person","@id":"https:\/\/kapitalis.com\/tunisie\/#\/schema\/person\/d71f33a9ca44f7bad4698210b480c8e9","name":"webmaster kapitalis","url":"https:\/\/kapitalis.com\/tunisie\/author\/webmaster-kapitalis\/"}]}},"_links":{"self":[{"href":"https:\/\/kapitalis.com\/tunisie\/wp-json\/wp\/v2\/posts\/145602","targetHints":{"allow":["GET"]}}],"collection":[{"href":"https:\/\/kapitalis.com\/tunisie\/wp-json\/wp\/v2\/posts"}],"about":[{"href":"https:\/\/kapitalis.com\/tunisie\/wp-json\/wp\/v2\/types\/post"}],"author":[{"embeddable":true,"href":"https:\/\/kapitalis.com\/tunisie\/wp-json\/wp\/v2\/users\/8"}],"replies":[{"embeddable":true,"href":"https:\/\/kapitalis.com\/tunisie\/wp-json\/wp\/v2\/comments?post=145602"}],"version-history":[{"count":0,"href":"https:\/\/kapitalis.com\/tunisie\/wp-json\/wp\/v2\/posts\/145602\/revisions"}],"wp:featuredmedia":[{"embeddable":true,"href":"https:\/\/kapitalis.com\/tunisie\/wp-json\/wp\/v2\/media\/145603"}],"wp:attachment":[{"href":"https:\/\/kapitalis.com\/tunisie\/wp-json\/wp\/v2\/media?parent=145602"}],"wp:term":[{"taxonomy":"category","embeddable":true,"href":"https:\/\/kapitalis.com\/tunisie\/wp-json\/wp\/v2\/categories?post=145602"},{"taxonomy":"post_tag","embeddable":true,"href":"https:\/\/kapitalis.com\/tunisie\/wp-json\/wp\/v2\/tags?post=145602"}],"curies":[{"name":"wp","href":"https:\/\/api.w.org\/{rel}","templated":true}]}}