{"id":145794,"date":"2018-03-27T18:17:55","date_gmt":"2018-03-27T17:17:55","guid":{"rendered":"http:\/\/kapitalis.com\/tunisie\/?p=145794"},"modified":"2018-03-27T18:17:55","modified_gmt":"2018-03-27T17:17:55","slug":"le-senegal-sinteresse-au-savoir-faire-tunisien-en-matiere-dexportation","status":"publish","type":"post","link":"https:\/\/kapitalis.com\/tunisie\/2018\/03\/27\/le-senegal-sinteresse-au-savoir-faire-tunisien-en-matiere-dexportation\/","title":{"rendered":"Le S\u00e9n\u00e9gal s\u2019int\u00e9resse au savoir-faire tunisien en mati\u00e8re d\u2019exportation"},"content":{"rendered":"<p style=\"text-align: center;\"><img loading=\"lazy\" decoding=\"async\" class=\"alignnone size-full wp-image-145795\" src=\"http:\/\/kapitalis.com\/tunisie\/wp-content\/uploads\/2018\/03\/Delegation-senegalaise-au-Cepex.jpg\" alt=\"\" width=\"626\" height=\"380\" \/><\/p>\n<p><em><strong>Une d\u00e9l\u00e9gation s\u00e9n\u00e9galaise a visit\u00e9, aujourd\u2019hui, mardi 27 mars 2018, le Cepex, pour s\u2019inspirer de son expertise dans la promotion des exportations tunisiennes.<\/strong><\/em><\/p>\n<p><!--more--><\/p>\n<p>La d\u00e9l\u00e9gation s\u00e9n\u00e9galaise, qui s\u00e9journe actuellement en Tunisie, \u00e0 s\u2019inspirer du mod\u00e8le du Centre de promotion des exportations (Cepex) et du Fonds d\u2019appui \u00e0 la comp\u00e9titivit\u00e9 et au d\u00e9veloppement des exportations (Tasdir+) en mati\u00e8re de gestion de l\u2019information commerciale et de l&rsquo;accompagnement des exportateurs sur les march\u00e9s ext\u00e9rieurs.<\/p>\n<p>\u00c0 cet effet, une r\u00e9union s\u2019est d\u00e9roul\u00e9e aujourd\u2019hui, mardi 27 mars 2018, \u00e0 la Maison de l\u2019Exportateur, si\u00e8ge du Cepex, \u00e0 Tunis, entre les membres de cette d\u00e9l\u00e9gation et les cadres charg\u00e9s de la promotion des exportations au sein de l\u2019organisme d\u2019appui dont la cr\u00e9ation remonte \u00e0 plus de 45 ans.<\/p>\n<p>Une pr\u00e9sentation a \u00e9t\u00e9 faire du savoir-faire du Cepex dans l\u2019accompagnement des entreprises exportatrices et de la riche panoplie de services et du r\u00e9seau professionnel international dont il dispose pour effectuer ses missions, ainsi que de son r\u00f4le de pourvoyeur d\u2019informations commerciales et d\u2019assistance financi\u00e8re, logistique et technique au profit des PME dans leur effort de conqu\u00eate des march\u00e9s ext\u00e9rieurs.<\/p>\n<p>Dans son mot de bienvenue, Samir Azzi, Pdg du Cepex par int\u00e9rim, a soulign\u00e9 les excellentes relations existant entre les deux pays et la volont\u00e9 de r\u00e9affirmer davantage les liens de coop\u00e9ration notamment en mati\u00e8re d&rsquo;\u00e9changes commerciaux et d\u2019expertise.<\/p>\n<p>Riadh Bezzarga, le coordinateur du fonds Tasdir+, a rappel\u00e9 que ce fonds s\u2019inscrit dans le cadre du 3e Projet de d\u00e9veloppement des exportations (PDE III), lanc\u00e9 par le gouvernement tunisien avec l\u2019appui de la Banque internationale pour la reconstruction et le d\u00e9veloppement (Bird). Il vise \u00e0 accro\u00eetre et diversifier les exportations des entreprises tunisiennes, l\u2019am\u00e9lioration du milieu des affaires, la facilitation d\u2019une croissance \u00e9conomique tir\u00e9e par les exportations et l\u2019appui aux entreprises priv\u00e9es en qu\u00eate d\u2019expansion et de diversification de leurs exportations et de leurs march\u00e9s \u00e0 l\u2019export.<\/p>\n<p style=\"text-align: right;\"><strong>I. B.<\/strong> (avec communiqu\u00e9).<\/p>\n<blockquote class=\"wp-embedded-content\" data-secret=\"nfvexU3j05\"><p><a href=\"https:\/\/kapitalis.com\/tunisie\/2017\/12\/18\/exportation-delegation-espagnole-visite-cepex\/\">Exportation : D\u00e9l\u00e9gation espagnole en visite au Cepex<\/a><\/p><\/blockquote>\n<p><iframe loading=\"lazy\" class=\"wp-embedded-content\" sandbox=\"allow-scripts\" security=\"restricted\" style=\"position: absolute; clip: rect(1px, 1px, 1px, 1px);\" title=\"\u00ab\u00a0Exportation : D\u00e9l\u00e9gation espagnole en visite au Cepex\u00a0\u00bb &#8212; Kapitalis\" src=\"https:\/\/kapitalis.com\/tunisie\/2017\/12\/18\/exportation-delegation-espagnole-visite-cepex\/embed\/#?secret=4MmwfunHgn#?secret=nfvexU3j05\" data-secret=\"nfvexU3j05\" width=\"600\" height=\"338\" frameborder=\"0\" marginwidth=\"0\" marginheight=\"0\" scrolling=\"no\"><\/iframe><\/p>\n<blockquote class=\"wp-embedded-content\" data-secret=\"G9CDnKQElZ\"><p><a href=\"https:\/\/kapitalis.com\/tunisie\/2017\/10\/24\/cepex-impulser-les-exportations-vers-la-suisse\/\">Cepex : Impulser les exportations vers la Suisse<\/a><\/p><\/blockquote>\n<p><iframe loading=\"lazy\" class=\"wp-embedded-content\" sandbox=\"allow-scripts\" security=\"restricted\" style=\"position: absolute; clip: rect(1px, 1px, 1px, 1px);\" title=\"\u00ab\u00a0Cepex : Impulser les exportations vers la Suisse\u00a0\u00bb &#8212; Kapitalis\" src=\"https:\/\/kapitalis.com\/tunisie\/2017\/10\/24\/cepex-impulser-les-exportations-vers-la-suisse\/embed\/#?secret=cg9YASEVF6#?secret=G9CDnKQElZ\" data-secret=\"G9CDnKQElZ\" width=\"600\" height=\"338\" frameborder=\"0\" marginwidth=\"0\" marginheight=\"0\" scrolling=\"no\"><\/iframe><\/p>\n","protected":false},"excerpt":{"rendered":"<p>Une d\u00e9l\u00e9gation s\u00e9n\u00e9galaise a visit\u00e9, aujourd\u2019hui, mardi 27 mars 2018, le Cepex, pour s\u2019inspirer de son expertise dans la promotion des exportations tunisiennes.<\/p>\n","protected":false},"author":8,"featured_media":145795,"comment_status":"open","ping_status":"open","sticky":false,"template":"","format":"standard","meta":{"footnotes":""},"categories":[995,2433],"tags":[5008,1575,26776,41628,40280,11727],"class_list":["post-145794","post","type-post","status-publish","format-standard","has-post-thumbnail","hentry","category-economie","category-tunisie","tag-centre-de-promotion-des-exportations","tag-cepex","tag-exportations-tunisiennes","tag-riadh-bezzarga","tag-samir-azzi","tag-tasdir"],"yoast_head":"<!-- This site is optimized with the Yoast SEO plugin v26.6 - https:\/\/yoast.com\/wordpress\/plugins\/seo\/ -->\n<title>Le S\u00e9n\u00e9gal s\u2019int\u00e9resse au savoir-faire tunisien en mati\u00e8re d\u2019exportation - Kapitalis<\/title>\n<meta name=\"robots\" content=\"index, follow, max-snippet:-1, max-image-preview:large, max-video-preview:-1\" \/>\n<link rel=\"canonical\" href=\"https:\/\/kapitalis.com\/tunisie\/2018\/03\/27\/le-senegal-sinteresse-au-savoir-faire-tunisien-en-matiere-dexportation\/\" \/>\n<meta property=\"og:locale\" content=\"fr_FR\" \/>\n<meta property=\"og:type\" content=\"article\" \/>\n<meta property=\"og:title\" content=\"Le S\u00e9n\u00e9gal s\u2019int\u00e9resse au savoir-faire tunisien en mati\u00e8re d\u2019exportation - Kapitalis\" \/>\n<meta property=\"og:description\" content=\"Une d\u00e9l\u00e9gation s\u00e9n\u00e9galaise a visit\u00e9, aujourd\u2019hui, mardi 27 mars 2018, le Cepex, pour s\u2019inspirer de son expertise dans la promotion des exportations tunisiennes.\" \/>\n<meta property=\"og:url\" content=\"https:\/\/kapitalis.com\/tunisie\/2018\/03\/27\/le-senegal-sinteresse-au-savoir-faire-tunisien-en-matiere-dexportation\/\" \/>\n<meta property=\"og:site_name\" content=\"Kapitalis\" \/>\n<meta property=\"article:publisher\" content=\"https:\/\/www.facebook.com\/KapitalisInfo\/\" \/>\n<meta property=\"article:published_time\" content=\"2018-03-27T17:17:55+00:00\" \/>\n<meta property=\"og:image\" content=\"https:\/\/kapitalis.com\/tunisie\/wp-content\/uploads\/2022\/05\/kapitalis-logo-fb.png\" \/>\n\t<meta property=\"og:image:width\" content=\"1200\" \/>\n\t<meta property=\"og:image:height\" content=\"630\" \/>\n\t<meta property=\"og:image:type\" content=\"image\/png\" \/>\n<meta name=\"author\" content=\"webmaster kapitalis\" \/>\n<meta name=\"twitter:card\" content=\"summary_large_image\" \/>\n<meta name=\"twitter:creator\" content=\"@KapitalisInfo\" \/>\n<meta name=\"twitter:site\" content=\"@KapitalisInfo\" \/>\n<meta name=\"twitter:label1\" content=\"\u00c9crit par\" \/>\n\t<meta name=\"twitter:data1\" content=\"webmaster kapitalis\" \/>\n\t<meta name=\"twitter:label2\" content=\"Dur\u00e9e de lecture estim\u00e9e\" \/>\n\t<meta name=\"twitter:data2\" content=\"2 minutes\" \/>\n<script type=\"application\/ld+json\" class=\"yoast-schema-graph\">{\"@context\":\"https:\/\/schema.org\",\"@graph\":[{\"@type\":\"Article\",\"@id\":\"https:\/\/kapitalis.com\/tunisie\/2018\/03\/27\/le-senegal-sinteresse-au-savoir-faire-tunisien-en-matiere-dexportation\/#article\",\"isPartOf\":{\"@id\":\"https:\/\/kapitalis.com\/tunisie\/2018\/03\/27\/le-senegal-sinteresse-au-savoir-faire-tunisien-en-matiere-dexportation\/\"},\"author\":{\"name\":\"webmaster kapitalis\",\"@id\":\"https:\/\/kapitalis.com\/tunisie\/#\/schema\/person\/d71f33a9ca44f7bad4698210b480c8e9\"},\"headline\":\"Le S\u00e9n\u00e9gal s\u2019int\u00e9resse au savoir-faire tunisien en mati\u00e8re d\u2019exportation\",\"datePublished\":\"2018-03-27T17:17:55+00:00\",\"mainEntityOfPage\":{\"@id\":\"https:\/\/kapitalis.com\/tunisie\/2018\/03\/27\/le-senegal-sinteresse-au-savoir-faire-tunisien-en-matiere-dexportation\/\"},\"wordCount\":389,\"commentCount\":1,\"publisher\":{\"@id\":\"https:\/\/kapitalis.com\/tunisie\/#organization\"},\"image\":{\"@id\":\"https:\/\/kapitalis.com\/tunisie\/2018\/03\/27\/le-senegal-sinteresse-au-savoir-faire-tunisien-en-matiere-dexportation\/#primaryimage\"},\"thumbnailUrl\":\"\",\"keywords\":[\"Centre de promotion des exportations\",\"Cepex\",\"exportations tunisiennes\",\"Riadh Bezzarga\",\"Samir Azzi\",\"Tasdir+\"],\"articleSection\":[\"ECONOMIE\",\"Tunisie\"],\"inLanguage\":\"fr-FR\",\"potentialAction\":[{\"@type\":\"CommentAction\",\"name\":\"Comment\",\"target\":[\"https:\/\/kapitalis.com\/tunisie\/2018\/03\/27\/le-senegal-sinteresse-au-savoir-faire-tunisien-en-matiere-dexportation\/#respond\"]}]},{\"@type\":\"WebPage\",\"@id\":\"https:\/\/kapitalis.com\/tunisie\/2018\/03\/27\/le-senegal-sinteresse-au-savoir-faire-tunisien-en-matiere-dexportation\/\",\"url\":\"https:\/\/kapitalis.com\/tunisie\/2018\/03\/27\/le-senegal-sinteresse-au-savoir-faire-tunisien-en-matiere-dexportation\/\",\"name\":\"Le S\u00e9n\u00e9gal s\u2019int\u00e9resse au savoir-faire tunisien en mati\u00e8re d\u2019exportation - Kapitalis\",\"isPartOf\":{\"@id\":\"https:\/\/kapitalis.com\/tunisie\/#website\"},\"primaryImageOfPage\":{\"@id\":\"https:\/\/kapitalis.com\/tunisie\/2018\/03\/27\/le-senegal-sinteresse-au-savoir-faire-tunisien-en-matiere-dexportation\/#primaryimage\"},\"image\":{\"@id\":\"https:\/\/kapitalis.com\/tunisie\/2018\/03\/27\/le-senegal-sinteresse-au-savoir-faire-tunisien-en-matiere-dexportation\/#primaryimage\"},\"thumbnailUrl\":\"\",\"datePublished\":\"2018-03-27T17:17:55+00:00\",\"breadcrumb\":{\"@id\":\"https:\/\/kapitalis.com\/tunisie\/2018\/03\/27\/le-senegal-sinteresse-au-savoir-faire-tunisien-en-matiere-dexportation\/#breadcrumb\"},\"inLanguage\":\"fr-FR\",\"potentialAction\":[{\"@type\":\"ReadAction\",\"target\":[\"https:\/\/kapitalis.com\/tunisie\/2018\/03\/27\/le-senegal-sinteresse-au-savoir-faire-tunisien-en-matiere-dexportation\/\"]}]},{\"@type\":\"ImageObject\",\"inLanguage\":\"fr-FR\",\"@id\":\"https:\/\/kapitalis.com\/tunisie\/2018\/03\/27\/le-senegal-sinteresse-au-savoir-faire-tunisien-en-matiere-dexportation\/#primaryimage\",\"url\":\"\",\"contentUrl\":\"\"},{\"@type\":\"BreadcrumbList\",\"@id\":\"https:\/\/kapitalis.com\/tunisie\/2018\/03\/27\/le-senegal-sinteresse-au-savoir-faire-tunisien-en-matiere-dexportation\/#breadcrumb\",\"itemListElement\":[{\"@type\":\"ListItem\",\"position\":1,\"name\":\"Accueil\",\"item\":\"https:\/\/kapitalis.com\/tunisie\/\"},{\"@type\":\"ListItem\",\"position\":2,\"name\":\"Le S\u00e9n\u00e9gal s\u2019int\u00e9resse au savoir-faire tunisien en mati\u00e8re d\u2019exportation\"}]},{\"@type\":\"WebSite\",\"@id\":\"https:\/\/kapitalis.com\/tunisie\/#website\",\"url\":\"https:\/\/kapitalis.com\/tunisie\/\",\"name\":\"Kapitalis\",\"description\":\"L&#039;actualit\u00e9 en Tunisie et dans le monde\",\"publisher\":{\"@id\":\"https:\/\/kapitalis.com\/tunisie\/#organization\"},\"potentialAction\":[{\"@type\":\"SearchAction\",\"target\":{\"@type\":\"EntryPoint\",\"urlTemplate\":\"https:\/\/kapitalis.com\/tunisie\/?s={search_term_string}\"},\"query-input\":{\"@type\":\"PropertyValueSpecification\",\"valueRequired\":true,\"valueName\":\"search_term_string\"}}],\"inLanguage\":\"fr-FR\"},{\"@type\":\"Organization\",\"@id\":\"https:\/\/kapitalis.com\/tunisie\/#organization\",\"name\":\"Kapitalis\",\"url\":\"https:\/\/kapitalis.com\/tunisie\/\",\"logo\":{\"@type\":\"ImageObject\",\"inLanguage\":\"fr-FR\",\"@id\":\"https:\/\/kapitalis.com\/tunisie\/#\/schema\/logo\/image\/\",\"url\":\"https:\/\/kapitalis.com\/tunisie\/wp-content\/uploads\/2022\/05\/Kapitalis-big-size.png\",\"contentUrl\":\"https:\/\/kapitalis.com\/tunisie\/wp-content\/uploads\/2022\/05\/Kapitalis-big-size.png\",\"width\":5000,\"height\":1500,\"caption\":\"Kapitalis\"},\"image\":{\"@id\":\"https:\/\/kapitalis.com\/tunisie\/#\/schema\/logo\/image\/\"},\"sameAs\":[\"https:\/\/www.facebook.com\/KapitalisInfo\/\",\"https:\/\/x.com\/KapitalisInfo\",\"https:\/\/www.youtube.com\/channel\/UC-yDYrHyfFBWWZaOw3FPg9Q\"]},{\"@type\":\"Person\",\"@id\":\"https:\/\/kapitalis.com\/tunisie\/#\/schema\/person\/d71f33a9ca44f7bad4698210b480c8e9\",\"name\":\"webmaster kapitalis\",\"url\":\"https:\/\/kapitalis.com\/tunisie\/author\/webmaster-kapitalis\/\"}]}<\/script>\n<!-- \/ Yoast SEO plugin. -->","yoast_head_json":{"title":"Le S\u00e9n\u00e9gal s\u2019int\u00e9resse au savoir-faire tunisien en mati\u00e8re d\u2019exportation - Kapitalis","robots":{"index":"index","follow":"follow","max-snippet":"max-snippet:-1","max-image-preview":"max-image-preview:large","max-video-preview":"max-video-preview:-1"},"canonical":"https:\/\/kapitalis.com\/tunisie\/2018\/03\/27\/le-senegal-sinteresse-au-savoir-faire-tunisien-en-matiere-dexportation\/","og_locale":"fr_FR","og_type":"article","og_title":"Le S\u00e9n\u00e9gal s\u2019int\u00e9resse au savoir-faire tunisien en mati\u00e8re d\u2019exportation - Kapitalis","og_description":"Une d\u00e9l\u00e9gation s\u00e9n\u00e9galaise a visit\u00e9, aujourd\u2019hui, mardi 27 mars 2018, le Cepex, pour s\u2019inspirer de son expertise dans la promotion des exportations tunisiennes.","og_url":"https:\/\/kapitalis.com\/tunisie\/2018\/03\/27\/le-senegal-sinteresse-au-savoir-faire-tunisien-en-matiere-dexportation\/","og_site_name":"Kapitalis","article_publisher":"https:\/\/www.facebook.com\/KapitalisInfo\/","article_published_time":"2018-03-27T17:17:55+00:00","og_image":[{"width":1200,"height":630,"url":"https:\/\/kapitalis.com\/tunisie\/wp-content\/uploads\/2022\/05\/kapitalis-logo-fb.png","type":"image\/png"}],"author":"webmaster kapitalis","twitter_card":"summary_large_image","twitter_creator":"@KapitalisInfo","twitter_site":"@KapitalisInfo","twitter_misc":{"\u00c9crit par":"webmaster kapitalis","Dur\u00e9e de lecture estim\u00e9e":"2 minutes"},"schema":{"@context":"https:\/\/schema.org","@graph":[{"@type":"Article","@id":"https:\/\/kapitalis.com\/tunisie\/2018\/03\/27\/le-senegal-sinteresse-au-savoir-faire-tunisien-en-matiere-dexportation\/#article","isPartOf":{"@id":"https:\/\/kapitalis.com\/tunisie\/2018\/03\/27\/le-senegal-sinteresse-au-savoir-faire-tunisien-en-matiere-dexportation\/"},"author":{"name":"webmaster kapitalis","@id":"https:\/\/kapitalis.com\/tunisie\/#\/schema\/person\/d71f33a9ca44f7bad4698210b480c8e9"},"headline":"Le S\u00e9n\u00e9gal s\u2019int\u00e9resse au savoir-faire tunisien en mati\u00e8re d\u2019exportation","datePublished":"2018-03-27T17:17:55+00:00","mainEntityOfPage":{"@id":"https:\/\/kapitalis.com\/tunisie\/2018\/03\/27\/le-senegal-sinteresse-au-savoir-faire-tunisien-en-matiere-dexportation\/"},"wordCount":389,"commentCount":1,"publisher":{"@id":"https:\/\/kapitalis.com\/tunisie\/#organization"},"image":{"@id":"https:\/\/kapitalis.com\/tunisie\/2018\/03\/27\/le-senegal-sinteresse-au-savoir-faire-tunisien-en-matiere-dexportation\/#primaryimage"},"thumbnailUrl":"","keywords":["Centre de promotion des exportations","Cepex","exportations tunisiennes","Riadh Bezzarga","Samir Azzi","Tasdir+"],"articleSection":["ECONOMIE","Tunisie"],"inLanguage":"fr-FR","potentialAction":[{"@type":"CommentAction","name":"Comment","target":["https:\/\/kapitalis.com\/tunisie\/2018\/03\/27\/le-senegal-sinteresse-au-savoir-faire-tunisien-en-matiere-dexportation\/#respond"]}]},{"@type":"WebPage","@id":"https:\/\/kapitalis.com\/tunisie\/2018\/03\/27\/le-senegal-sinteresse-au-savoir-faire-tunisien-en-matiere-dexportation\/","url":"https:\/\/kapitalis.com\/tunisie\/2018\/03\/27\/le-senegal-sinteresse-au-savoir-faire-tunisien-en-matiere-dexportation\/","name":"Le S\u00e9n\u00e9gal s\u2019int\u00e9resse au savoir-faire tunisien en mati\u00e8re d\u2019exportation - Kapitalis","isPartOf":{"@id":"https:\/\/kapitalis.com\/tunisie\/#website"},"primaryImageOfPage":{"@id":"https:\/\/kapitalis.com\/tunisie\/2018\/03\/27\/le-senegal-sinteresse-au-savoir-faire-tunisien-en-matiere-dexportation\/#primaryimage"},"image":{"@id":"https:\/\/kapitalis.com\/tunisie\/2018\/03\/27\/le-senegal-sinteresse-au-savoir-faire-tunisien-en-matiere-dexportation\/#primaryimage"},"thumbnailUrl":"","datePublished":"2018-03-27T17:17:55+00:00","breadcrumb":{"@id":"https:\/\/kapitalis.com\/tunisie\/2018\/03\/27\/le-senegal-sinteresse-au-savoir-faire-tunisien-en-matiere-dexportation\/#breadcrumb"},"inLanguage":"fr-FR","potentialAction":[{"@type":"ReadAction","target":["https:\/\/kapitalis.com\/tunisie\/2018\/03\/27\/le-senegal-sinteresse-au-savoir-faire-tunisien-en-matiere-dexportation\/"]}]},{"@type":"ImageObject","inLanguage":"fr-FR","@id":"https:\/\/kapitalis.com\/tunisie\/2018\/03\/27\/le-senegal-sinteresse-au-savoir-faire-tunisien-en-matiere-dexportation\/#primaryimage","url":"","contentUrl":""},{"@type":"BreadcrumbList","@id":"https:\/\/kapitalis.com\/tunisie\/2018\/03\/27\/le-senegal-sinteresse-au-savoir-faire-tunisien-en-matiere-dexportation\/#breadcrumb","itemListElement":[{"@type":"ListItem","position":1,"name":"Accueil","item":"https:\/\/kapitalis.com\/tunisie\/"},{"@type":"ListItem","position":2,"name":"Le S\u00e9n\u00e9gal s\u2019int\u00e9resse au savoir-faire tunisien en mati\u00e8re d\u2019exportation"}]},{"@type":"WebSite","@id":"https:\/\/kapitalis.com\/tunisie\/#website","url":"https:\/\/kapitalis.com\/tunisie\/","name":"Kapitalis","description":"L&#039;actualit\u00e9 en Tunisie et dans le monde","publisher":{"@id":"https:\/\/kapitalis.com\/tunisie\/#organization"},"potentialAction":[{"@type":"SearchAction","target":{"@type":"EntryPoint","urlTemplate":"https:\/\/kapitalis.com\/tunisie\/?s={search_term_string}"},"query-input":{"@type":"PropertyValueSpecification","valueRequired":true,"valueName":"search_term_string"}}],"inLanguage":"fr-FR"},{"@type":"Organization","@id":"https:\/\/kapitalis.com\/tunisie\/#organization","name":"Kapitalis","url":"https:\/\/kapitalis.com\/tunisie\/","logo":{"@type":"ImageObject","inLanguage":"fr-FR","@id":"https:\/\/kapitalis.com\/tunisie\/#\/schema\/logo\/image\/","url":"https:\/\/kapitalis.com\/tunisie\/wp-content\/uploads\/2022\/05\/Kapitalis-big-size.png","contentUrl":"https:\/\/kapitalis.com\/tunisie\/wp-content\/uploads\/2022\/05\/Kapitalis-big-size.png","width":5000,"height":1500,"caption":"Kapitalis"},"image":{"@id":"https:\/\/kapitalis.com\/tunisie\/#\/schema\/logo\/image\/"},"sameAs":["https:\/\/www.facebook.com\/KapitalisInfo\/","https:\/\/x.com\/KapitalisInfo","https:\/\/www.youtube.com\/channel\/UC-yDYrHyfFBWWZaOw3FPg9Q"]},{"@type":"Person","@id":"https:\/\/kapitalis.com\/tunisie\/#\/schema\/person\/d71f33a9ca44f7bad4698210b480c8e9","name":"webmaster kapitalis","url":"https:\/\/kapitalis.com\/tunisie\/author\/webmaster-kapitalis\/"}]}},"_links":{"self":[{"href":"https:\/\/kapitalis.com\/tunisie\/wp-json\/wp\/v2\/posts\/145794","targetHints":{"allow":["GET"]}}],"collection":[{"href":"https:\/\/kapitalis.com\/tunisie\/wp-json\/wp\/v2\/posts"}],"about":[{"href":"https:\/\/kapitalis.com\/tunisie\/wp-json\/wp\/v2\/types\/post"}],"author":[{"embeddable":true,"href":"https:\/\/kapitalis.com\/tunisie\/wp-json\/wp\/v2\/users\/8"}],"replies":[{"embeddable":true,"href":"https:\/\/kapitalis.com\/tunisie\/wp-json\/wp\/v2\/comments?post=145794"}],"version-history":[{"count":0,"href":"https:\/\/kapitalis.com\/tunisie\/wp-json\/wp\/v2\/posts\/145794\/revisions"}],"wp:featuredmedia":[{"embeddable":true,"href":"https:\/\/kapitalis.com\/tunisie\/wp-json\/wp\/v2\/media\/145795"}],"wp:attachment":[{"href":"https:\/\/kapitalis.com\/tunisie\/wp-json\/wp\/v2\/media?parent=145794"}],"wp:term":[{"taxonomy":"category","embeddable":true,"href":"https:\/\/kapitalis.com\/tunisie\/wp-json\/wp\/v2\/categories?post=145794"},{"taxonomy":"post_tag","embeddable":true,"href":"https:\/\/kapitalis.com\/tunisie\/wp-json\/wp\/v2\/tags?post=145794"}],"curies":[{"name":"wp","href":"https:\/\/api.w.org\/{rel}","templated":true}]}}