{"id":145801,"date":"2018-03-27T18:50:48","date_gmt":"2018-03-27T17:50:48","guid":{"rendered":"http:\/\/kapitalis.com\/tunisie\/?p=145801"},"modified":"2018-03-27T18:50:48","modified_gmt":"2018-03-27T17:50:48","slug":"importation-dautos-sous-regime-fcr-les-concessionnaires-clarifient-leur-position","status":"publish","type":"post","link":"https:\/\/kapitalis.com\/tunisie\/2018\/03\/27\/importation-dautos-sous-regime-fcr-les-concessionnaires-clarifient-leur-position\/","title":{"rendered":"Importation d\u2019autos sous r\u00e9gime FCR :\u00a0Les concessionnaires clarifient leur position\u00a0"},"content":{"rendered":"<p style=\"text-align: center;\"><img loading=\"lazy\" decoding=\"async\" class=\"alignnone size-full wp-image-119457\" src=\"http:\/\/kapitalis.com\/tunisie\/wp-content\/uploads\/2017\/10\/Concessionnaires-de-voitures.jpg\" alt=\"\" width=\"626\" height=\"380\" \/><\/p>\n<p><em><strong>Les concessionnaires automobiles d\u00e9fendent le d\u00e9cret gouvernemental relatif \u00e0 l\u2019instauration d&rsquo;une clause d\u2019incessibilit\u00e9 d\u2019un an pour les voitures import\u00e9es par les Tunisiens r\u00e9sidant \u00e0 l\u2019\u00e9tranger b\u00e9n\u00e9ficiant d\u2019une franchise partielle.<\/strong><\/em><\/p>\n<p><!--more--><\/p>\n<p>Dans un communiqu\u00e9 de presse publi\u00e9 aujourd\u2019hui, mardi 27 mars 2018, Chambre syndicale des concessionnaires et des constructeurs automobiles (CSCCA), relevant de l\u2019Union tunisienne de l\u2019industrie, du commerce et de l\u2019artisanat (Utica), r\u00e9agit \u00e0 \u00abla d\u00e9ferlante de critiques contre les concessionnaires des mat\u00e9riels roulants qui a suivi la publication de ce d\u00e9cret gouvernemental.<\/p>\n<p>Elle pr\u00e9cise, \u00e0 ce propos, que <em>\u00abcette mesure ne porte pas atteinte \u00e0 l\u2019acquis consenti par l\u2019Etat en faveur des Tunisiens r\u00e9sidant \u00e0 l\u2019\u00e9tranger puisque le droit d\u2019importation avec franchise partielle est pr\u00e9serv\u00e9\u00bb.<\/em><\/p>\n<p>Selon la CSCCA, cette mesure <em>\u00abvise surtout, en instaurant la clause d\u2019incessibilit\u00e9, \u00e0 stopper le d\u00e9tournement de cet avantage qui a servi \u00e0 alimenter le march\u00e9 parall\u00e8le des voitures durant ces derni\u00e8res ann\u00e9es jusqu&rsquo;a atteindre 34% des immatriculations annuelles des voitures dans le pays.\u00bb<\/em><\/p>\n<p>Or, expliquent les concessionnaires automobiles, <em>\u00abcette situation a engendr\u00e9 une distorsion de la concurrence dans le march\u00e9 des mat\u00e9riels roulants, avec toutes les cons\u00e9quences n\u00e9fastes pour le secteur organis\u00e9, les consommateurs et les finances publiques\u00bb.<\/em><\/p>\n<p>Par ailleurs, <em>\u00abcette mesure entre \u00e9galement dans le cadre de la pr\u00e9servation du principe de l\u2019\u00e9galit\u00e9 de traitement puisque toutes les autres cat\u00e9gories professionnelles (taxis, louage, agences de voyage) b\u00e9n\u00e9ficiant d\u2019avantages fiscaux lors de l\u2019importation de voitures sont astreintes \u00e0 la clause d&rsquo;incessibilit\u00e9<\/em>\u00bb, explique encore la CSCCA.<\/p>\n<p><em>\u00abAucun traitement de faveur n\u2019est consenti aux concessionnaires officiels qui ont vu leurs quotas d&rsquo;importation baisser de 10% en 2017 et de 20% en 2018\u00bb,<\/em> rappellent les concessionnaires, en pr\u00e9cisant que <em>\u00abcertains op\u00e9rateurs du circuit parall\u00e8le dont l\u2019activit\u00e9 ob\u00e9it \u00e0 un cahier des charges de revente de v\u00e9hicules d\u2019occasion peuvent continuer \u00e0 exercer leur activit\u00e9 dans le cadre de la r\u00e9glementation en vigueur tout en respectant le nouveau d\u00e9cret relatif \u00e0 l\u2019incessibilit\u00e9 d\u2019un an relative aux v\u00e9hicules import\u00e9s par les Tunisiens r\u00e9sidant \u00e0 l\u2019\u00e9tranger\u00bb<\/em> sous le r\u00e9gime dit FCR.<\/p>\n<p>Enfin, la chambre des concessionnaires automobiles<em> \u00absalue toute mesure prise par le gouvernement en vue de garantir l\u2019\u00e9galit\u00e9 devant la loi ainsi que la d\u00e9fense du march\u00e9 de distribution organis\u00e9.\u00bb<\/em><\/p>\n<p style=\"text-align: right;\"><strong>I. B.<\/strong> (avec communiqu\u00e9).<\/p>\n<blockquote class=\"wp-embedded-content\" data-secret=\"TnS5h3UMlL\"><p><a href=\"https:\/\/kapitalis.com\/tunisie\/2018\/03\/18\/automobiles-nouvelles-dispositions-reglementaires-pour-le-regime-fcr\/\">Automobiles : Nouvelles dispositions r\u00e9glementaires pour le r\u00e9gime FCR<\/a><\/p><\/blockquote>\n<p><iframe loading=\"lazy\" class=\"wp-embedded-content\" sandbox=\"allow-scripts\" security=\"restricted\" style=\"position: absolute; clip: rect(1px, 1px, 1px, 1px);\" title=\"\u00ab\u00a0Automobiles : Nouvelles dispositions r\u00e9glementaires pour le r\u00e9gime FCR\u00a0\u00bb &#8212; Kapitalis\" src=\"https:\/\/kapitalis.com\/tunisie\/2018\/03\/18\/automobiles-nouvelles-dispositions-reglementaires-pour-le-regime-fcr\/embed\/#?secret=Yf9K3p4dwF#?secret=TnS5h3UMlL\" data-secret=\"TnS5h3UMlL\" width=\"600\" height=\"338\" frameborder=\"0\" marginwidth=\"0\" marginheight=\"0\" scrolling=\"no\"><\/iframe><\/p>\n<blockquote class=\"wp-embedded-content\" data-secret=\"aAEUbSR4Sg\"><p><a href=\"https:\/\/kapitalis.com\/tunisie\/2017\/11\/21\/auto-la-baisse-des-importations-en-2018-inquiete-les-concessionnaires\/\">Auto : La baisse des importations en 2018\u00a0inqui\u00e8te les concessionnaires<\/a><\/p><\/blockquote>\n<p><iframe loading=\"lazy\" class=\"wp-embedded-content\" sandbox=\"allow-scripts\" security=\"restricted\" style=\"position: absolute; clip: rect(1px, 1px, 1px, 1px);\" title=\"\u00ab\u00a0Auto : La baisse des importations en 2018\u00a0inqui\u00e8te les concessionnaires\u00a0\u00bb &#8212; Kapitalis\" src=\"https:\/\/kapitalis.com\/tunisie\/2017\/11\/21\/auto-la-baisse-des-importations-en-2018-inquiete-les-concessionnaires\/embed\/#?secret=6ty6a76vb0#?secret=aAEUbSR4Sg\" data-secret=\"aAEUbSR4Sg\" width=\"600\" height=\"338\" frameborder=\"0\" marginwidth=\"0\" marginheight=\"0\" scrolling=\"no\"><\/iframe><\/p>\n<blockquote class=\"wp-embedded-content\" data-secret=\"StDFH85IAx\"><p><a href=\"https:\/\/kapitalis.com\/tunisie\/2017\/10\/19\/loi-de-finances-2018-les-griefs-des-concessionnaires-automobiles\/\">Loi de Finances 2018 : Les griefs des concessionnaires automobiles<\/a><\/p><\/blockquote>\n<p><iframe loading=\"lazy\" class=\"wp-embedded-content\" sandbox=\"allow-scripts\" security=\"restricted\" style=\"position: absolute; clip: rect(1px, 1px, 1px, 1px);\" title=\"\u00ab\u00a0Loi de Finances 2018 : Les griefs des concessionnaires automobiles\u00a0\u00bb &#8212; Kapitalis\" src=\"https:\/\/kapitalis.com\/tunisie\/2017\/10\/19\/loi-de-finances-2018-les-griefs-des-concessionnaires-automobiles\/embed\/#?secret=8w4uP4izSA#?secret=StDFH85IAx\" data-secret=\"StDFH85IAx\" width=\"600\" height=\"338\" frameborder=\"0\" marginwidth=\"0\" marginheight=\"0\" scrolling=\"no\"><\/iframe><\/p>\n","protected":false},"excerpt":{"rendered":"<p>Les concessionnaires automobiles d\u00e9fendent le d\u00e9cret gouvernemental relatif \u00e0 l\u2019instauration d&rsquo;une clause d\u2019incessibilit\u00e9 d\u2019un an pour les voitures import\u00e9es par les Tunisiens r\u00e9sidant \u00e0 l\u2019\u00e9tranger b\u00e9n\u00e9ficiant d\u2019une franchise partielle.<\/p>\n","protected":false},"author":8,"featured_media":0,"comment_status":"open","ping_status":"open","sticky":false,"template":"","format":"standard","meta":{"footnotes":""},"categories":[995,2433],"tags":[19575],"class_list":["post-145801","post","type-post","status-publish","format-standard","hentry","category-economie","category-tunisie","tag-concessionnaires-automobiles"],"yoast_head":"<!-- This site is optimized with the Yoast SEO plugin v26.6 - https:\/\/yoast.com\/wordpress\/plugins\/seo\/ -->\n<title>Importation d\u2019autos sous r\u00e9gime FCR :\u00a0Les concessionnaires clarifient leur position\u00a0 - Kapitalis<\/title>\n<meta name=\"robots\" content=\"index, follow, max-snippet:-1, max-image-preview:large, max-video-preview:-1\" \/>\n<link rel=\"canonical\" href=\"https:\/\/kapitalis.com\/tunisie\/2018\/03\/27\/importation-dautos-sous-regime-fcr-les-concessionnaires-clarifient-leur-position\/\" \/>\n<meta property=\"og:locale\" content=\"fr_FR\" \/>\n<meta property=\"og:type\" content=\"article\" \/>\n<meta property=\"og:title\" content=\"Importation d\u2019autos sous r\u00e9gime FCR :\u00a0Les concessionnaires clarifient leur position\u00a0 - Kapitalis\" \/>\n<meta property=\"og:description\" content=\"Les concessionnaires automobiles d\u00e9fendent le d\u00e9cret gouvernemental relatif \u00e0 l\u2019instauration d&rsquo;une clause d\u2019incessibilit\u00e9 d\u2019un an pour les voitures import\u00e9es par les Tunisiens r\u00e9sidant \u00e0 l\u2019\u00e9tranger b\u00e9n\u00e9ficiant d\u2019une franchise partielle.\" \/>\n<meta property=\"og:url\" content=\"https:\/\/kapitalis.com\/tunisie\/2018\/03\/27\/importation-dautos-sous-regime-fcr-les-concessionnaires-clarifient-leur-position\/\" \/>\n<meta property=\"og:site_name\" content=\"Kapitalis\" \/>\n<meta property=\"article:publisher\" content=\"https:\/\/www.facebook.com\/KapitalisInfo\/\" \/>\n<meta property=\"article:published_time\" content=\"2018-03-27T17:50:48+00:00\" \/>\n<meta property=\"og:image\" content=\"http:\/\/kapitalis.com\/tunisie\/wp-content\/uploads\/2017\/10\/Concessionnaires-de-voitures.jpg\" \/>\n<meta name=\"author\" content=\"webmaster kapitalis\" \/>\n<meta name=\"twitter:card\" content=\"summary_large_image\" \/>\n<meta name=\"twitter:creator\" content=\"@KapitalisInfo\" \/>\n<meta name=\"twitter:site\" content=\"@KapitalisInfo\" \/>\n<meta name=\"twitter:label1\" content=\"\u00c9crit par\" \/>\n\t<meta name=\"twitter:data1\" content=\"webmaster kapitalis\" \/>\n\t<meta name=\"twitter:label2\" content=\"Dur\u00e9e de lecture estim\u00e9e\" \/>\n\t<meta name=\"twitter:data2\" content=\"2 minutes\" \/>\n<script type=\"application\/ld+json\" class=\"yoast-schema-graph\">{\"@context\":\"https:\/\/schema.org\",\"@graph\":[{\"@type\":\"Article\",\"@id\":\"https:\/\/kapitalis.com\/tunisie\/2018\/03\/27\/importation-dautos-sous-regime-fcr-les-concessionnaires-clarifient-leur-position\/#article\",\"isPartOf\":{\"@id\":\"https:\/\/kapitalis.com\/tunisie\/2018\/03\/27\/importation-dautos-sous-regime-fcr-les-concessionnaires-clarifient-leur-position\/\"},\"author\":{\"name\":\"webmaster kapitalis\",\"@id\":\"https:\/\/kapitalis.com\/tunisie\/#\/schema\/person\/d71f33a9ca44f7bad4698210b480c8e9\"},\"headline\":\"Importation d\u2019autos sous r\u00e9gime FCR :\u00a0Les concessionnaires clarifient leur position\u00a0\",\"datePublished\":\"2018-03-27T17:50:48+00:00\",\"mainEntityOfPage\":{\"@id\":\"https:\/\/kapitalis.com\/tunisie\/2018\/03\/27\/importation-dautos-sous-regime-fcr-les-concessionnaires-clarifient-leur-position\/\"},\"wordCount\":433,\"commentCount\":1,\"publisher\":{\"@id\":\"https:\/\/kapitalis.com\/tunisie\/#organization\"},\"image\":{\"@id\":\"https:\/\/kapitalis.com\/tunisie\/2018\/03\/27\/importation-dautos-sous-regime-fcr-les-concessionnaires-clarifient-leur-position\/#primaryimage\"},\"thumbnailUrl\":\"http:\/\/kapitalis.com\/tunisie\/wp-content\/uploads\/2017\/10\/Concessionnaires-de-voitures.jpg\",\"keywords\":[\"concessionnaires automobiles\"],\"articleSection\":[\"ECONOMIE\",\"Tunisie\"],\"inLanguage\":\"fr-FR\",\"potentialAction\":[{\"@type\":\"CommentAction\",\"name\":\"Comment\",\"target\":[\"https:\/\/kapitalis.com\/tunisie\/2018\/03\/27\/importation-dautos-sous-regime-fcr-les-concessionnaires-clarifient-leur-position\/#respond\"]}]},{\"@type\":\"WebPage\",\"@id\":\"https:\/\/kapitalis.com\/tunisie\/2018\/03\/27\/importation-dautos-sous-regime-fcr-les-concessionnaires-clarifient-leur-position\/\",\"url\":\"https:\/\/kapitalis.com\/tunisie\/2018\/03\/27\/importation-dautos-sous-regime-fcr-les-concessionnaires-clarifient-leur-position\/\",\"name\":\"Importation d\u2019autos sous r\u00e9gime FCR :\u00a0Les concessionnaires clarifient leur position\u00a0 - Kapitalis\",\"isPartOf\":{\"@id\":\"https:\/\/kapitalis.com\/tunisie\/#website\"},\"primaryImageOfPage\":{\"@id\":\"https:\/\/kapitalis.com\/tunisie\/2018\/03\/27\/importation-dautos-sous-regime-fcr-les-concessionnaires-clarifient-leur-position\/#primaryimage\"},\"image\":{\"@id\":\"https:\/\/kapitalis.com\/tunisie\/2018\/03\/27\/importation-dautos-sous-regime-fcr-les-concessionnaires-clarifient-leur-position\/#primaryimage\"},\"thumbnailUrl\":\"http:\/\/kapitalis.com\/tunisie\/wp-content\/uploads\/2017\/10\/Concessionnaires-de-voitures.jpg\",\"datePublished\":\"2018-03-27T17:50:48+00:00\",\"breadcrumb\":{\"@id\":\"https:\/\/kapitalis.com\/tunisie\/2018\/03\/27\/importation-dautos-sous-regime-fcr-les-concessionnaires-clarifient-leur-position\/#breadcrumb\"},\"inLanguage\":\"fr-FR\",\"potentialAction\":[{\"@type\":\"ReadAction\",\"target\":[\"https:\/\/kapitalis.com\/tunisie\/2018\/03\/27\/importation-dautos-sous-regime-fcr-les-concessionnaires-clarifient-leur-position\/\"]}]},{\"@type\":\"ImageObject\",\"inLanguage\":\"fr-FR\",\"@id\":\"https:\/\/kapitalis.com\/tunisie\/2018\/03\/27\/importation-dautos-sous-regime-fcr-les-concessionnaires-clarifient-leur-position\/#primaryimage\",\"url\":\"http:\/\/kapitalis.com\/tunisie\/wp-content\/uploads\/2017\/10\/Concessionnaires-de-voitures.jpg\",\"contentUrl\":\"http:\/\/kapitalis.com\/tunisie\/wp-content\/uploads\/2017\/10\/Concessionnaires-de-voitures.jpg\"},{\"@type\":\"BreadcrumbList\",\"@id\":\"https:\/\/kapitalis.com\/tunisie\/2018\/03\/27\/importation-dautos-sous-regime-fcr-les-concessionnaires-clarifient-leur-position\/#breadcrumb\",\"itemListElement\":[{\"@type\":\"ListItem\",\"position\":1,\"name\":\"Accueil\",\"item\":\"https:\/\/kapitalis.com\/tunisie\/\"},{\"@type\":\"ListItem\",\"position\":2,\"name\":\"Importation d\u2019autos sous r\u00e9gime FCR :\u00a0Les concessionnaires clarifient leur position\u00a0\"}]},{\"@type\":\"WebSite\",\"@id\":\"https:\/\/kapitalis.com\/tunisie\/#website\",\"url\":\"https:\/\/kapitalis.com\/tunisie\/\",\"name\":\"Kapitalis\",\"description\":\"L&#039;actualit\u00e9 en Tunisie et dans le monde\",\"publisher\":{\"@id\":\"https:\/\/kapitalis.com\/tunisie\/#organization\"},\"potentialAction\":[{\"@type\":\"SearchAction\",\"target\":{\"@type\":\"EntryPoint\",\"urlTemplate\":\"https:\/\/kapitalis.com\/tunisie\/?s={search_term_string}\"},\"query-input\":{\"@type\":\"PropertyValueSpecification\",\"valueRequired\":true,\"valueName\":\"search_term_string\"}}],\"inLanguage\":\"fr-FR\"},{\"@type\":\"Organization\",\"@id\":\"https:\/\/kapitalis.com\/tunisie\/#organization\",\"name\":\"Kapitalis\",\"url\":\"https:\/\/kapitalis.com\/tunisie\/\",\"logo\":{\"@type\":\"ImageObject\",\"inLanguage\":\"fr-FR\",\"@id\":\"https:\/\/kapitalis.com\/tunisie\/#\/schema\/logo\/image\/\",\"url\":\"https:\/\/kapitalis.com\/tunisie\/wp-content\/uploads\/2022\/05\/Kapitalis-big-size.png\",\"contentUrl\":\"https:\/\/kapitalis.com\/tunisie\/wp-content\/uploads\/2022\/05\/Kapitalis-big-size.png\",\"width\":5000,\"height\":1500,\"caption\":\"Kapitalis\"},\"image\":{\"@id\":\"https:\/\/kapitalis.com\/tunisie\/#\/schema\/logo\/image\/\"},\"sameAs\":[\"https:\/\/www.facebook.com\/KapitalisInfo\/\",\"https:\/\/x.com\/KapitalisInfo\",\"https:\/\/www.youtube.com\/channel\/UC-yDYrHyfFBWWZaOw3FPg9Q\"]},{\"@type\":\"Person\",\"@id\":\"https:\/\/kapitalis.com\/tunisie\/#\/schema\/person\/d71f33a9ca44f7bad4698210b480c8e9\",\"name\":\"webmaster kapitalis\",\"url\":\"https:\/\/kapitalis.com\/tunisie\/author\/webmaster-kapitalis\/\"}]}<\/script>\n<!-- \/ Yoast SEO plugin. -->","yoast_head_json":{"title":"Importation d\u2019autos sous r\u00e9gime FCR :\u00a0Les concessionnaires clarifient leur position\u00a0 - Kapitalis","robots":{"index":"index","follow":"follow","max-snippet":"max-snippet:-1","max-image-preview":"max-image-preview:large","max-video-preview":"max-video-preview:-1"},"canonical":"https:\/\/kapitalis.com\/tunisie\/2018\/03\/27\/importation-dautos-sous-regime-fcr-les-concessionnaires-clarifient-leur-position\/","og_locale":"fr_FR","og_type":"article","og_title":"Importation d\u2019autos sous r\u00e9gime FCR :\u00a0Les concessionnaires clarifient leur position\u00a0 - Kapitalis","og_description":"Les concessionnaires automobiles d\u00e9fendent le d\u00e9cret gouvernemental relatif \u00e0 l\u2019instauration d&rsquo;une clause d\u2019incessibilit\u00e9 d\u2019un an pour les voitures import\u00e9es par les Tunisiens r\u00e9sidant \u00e0 l\u2019\u00e9tranger b\u00e9n\u00e9ficiant d\u2019une franchise partielle.","og_url":"https:\/\/kapitalis.com\/tunisie\/2018\/03\/27\/importation-dautos-sous-regime-fcr-les-concessionnaires-clarifient-leur-position\/","og_site_name":"Kapitalis","article_publisher":"https:\/\/www.facebook.com\/KapitalisInfo\/","article_published_time":"2018-03-27T17:50:48+00:00","og_image":[{"url":"http:\/\/kapitalis.com\/tunisie\/wp-content\/uploads\/2017\/10\/Concessionnaires-de-voitures.jpg","type":"","width":"","height":""}],"author":"webmaster kapitalis","twitter_card":"summary_large_image","twitter_creator":"@KapitalisInfo","twitter_site":"@KapitalisInfo","twitter_misc":{"\u00c9crit par":"webmaster kapitalis","Dur\u00e9e de lecture estim\u00e9e":"2 minutes"},"schema":{"@context":"https:\/\/schema.org","@graph":[{"@type":"Article","@id":"https:\/\/kapitalis.com\/tunisie\/2018\/03\/27\/importation-dautos-sous-regime-fcr-les-concessionnaires-clarifient-leur-position\/#article","isPartOf":{"@id":"https:\/\/kapitalis.com\/tunisie\/2018\/03\/27\/importation-dautos-sous-regime-fcr-les-concessionnaires-clarifient-leur-position\/"},"author":{"name":"webmaster kapitalis","@id":"https:\/\/kapitalis.com\/tunisie\/#\/schema\/person\/d71f33a9ca44f7bad4698210b480c8e9"},"headline":"Importation d\u2019autos sous r\u00e9gime FCR :\u00a0Les concessionnaires clarifient leur position\u00a0","datePublished":"2018-03-27T17:50:48+00:00","mainEntityOfPage":{"@id":"https:\/\/kapitalis.com\/tunisie\/2018\/03\/27\/importation-dautos-sous-regime-fcr-les-concessionnaires-clarifient-leur-position\/"},"wordCount":433,"commentCount":1,"publisher":{"@id":"https:\/\/kapitalis.com\/tunisie\/#organization"},"image":{"@id":"https:\/\/kapitalis.com\/tunisie\/2018\/03\/27\/importation-dautos-sous-regime-fcr-les-concessionnaires-clarifient-leur-position\/#primaryimage"},"thumbnailUrl":"http:\/\/kapitalis.com\/tunisie\/wp-content\/uploads\/2017\/10\/Concessionnaires-de-voitures.jpg","keywords":["concessionnaires automobiles"],"articleSection":["ECONOMIE","Tunisie"],"inLanguage":"fr-FR","potentialAction":[{"@type":"CommentAction","name":"Comment","target":["https:\/\/kapitalis.com\/tunisie\/2018\/03\/27\/importation-dautos-sous-regime-fcr-les-concessionnaires-clarifient-leur-position\/#respond"]}]},{"@type":"WebPage","@id":"https:\/\/kapitalis.com\/tunisie\/2018\/03\/27\/importation-dautos-sous-regime-fcr-les-concessionnaires-clarifient-leur-position\/","url":"https:\/\/kapitalis.com\/tunisie\/2018\/03\/27\/importation-dautos-sous-regime-fcr-les-concessionnaires-clarifient-leur-position\/","name":"Importation d\u2019autos sous r\u00e9gime FCR :\u00a0Les concessionnaires clarifient leur position\u00a0 - Kapitalis","isPartOf":{"@id":"https:\/\/kapitalis.com\/tunisie\/#website"},"primaryImageOfPage":{"@id":"https:\/\/kapitalis.com\/tunisie\/2018\/03\/27\/importation-dautos-sous-regime-fcr-les-concessionnaires-clarifient-leur-position\/#primaryimage"},"image":{"@id":"https:\/\/kapitalis.com\/tunisie\/2018\/03\/27\/importation-dautos-sous-regime-fcr-les-concessionnaires-clarifient-leur-position\/#primaryimage"},"thumbnailUrl":"http:\/\/kapitalis.com\/tunisie\/wp-content\/uploads\/2017\/10\/Concessionnaires-de-voitures.jpg","datePublished":"2018-03-27T17:50:48+00:00","breadcrumb":{"@id":"https:\/\/kapitalis.com\/tunisie\/2018\/03\/27\/importation-dautos-sous-regime-fcr-les-concessionnaires-clarifient-leur-position\/#breadcrumb"},"inLanguage":"fr-FR","potentialAction":[{"@type":"ReadAction","target":["https:\/\/kapitalis.com\/tunisie\/2018\/03\/27\/importation-dautos-sous-regime-fcr-les-concessionnaires-clarifient-leur-position\/"]}]},{"@type":"ImageObject","inLanguage":"fr-FR","@id":"https:\/\/kapitalis.com\/tunisie\/2018\/03\/27\/importation-dautos-sous-regime-fcr-les-concessionnaires-clarifient-leur-position\/#primaryimage","url":"http:\/\/kapitalis.com\/tunisie\/wp-content\/uploads\/2017\/10\/Concessionnaires-de-voitures.jpg","contentUrl":"http:\/\/kapitalis.com\/tunisie\/wp-content\/uploads\/2017\/10\/Concessionnaires-de-voitures.jpg"},{"@type":"BreadcrumbList","@id":"https:\/\/kapitalis.com\/tunisie\/2018\/03\/27\/importation-dautos-sous-regime-fcr-les-concessionnaires-clarifient-leur-position\/#breadcrumb","itemListElement":[{"@type":"ListItem","position":1,"name":"Accueil","item":"https:\/\/kapitalis.com\/tunisie\/"},{"@type":"ListItem","position":2,"name":"Importation d\u2019autos sous r\u00e9gime FCR :\u00a0Les concessionnaires clarifient leur position\u00a0"}]},{"@type":"WebSite","@id":"https:\/\/kapitalis.com\/tunisie\/#website","url":"https:\/\/kapitalis.com\/tunisie\/","name":"Kapitalis","description":"L&#039;actualit\u00e9 en Tunisie et dans le monde","publisher":{"@id":"https:\/\/kapitalis.com\/tunisie\/#organization"},"potentialAction":[{"@type":"SearchAction","target":{"@type":"EntryPoint","urlTemplate":"https:\/\/kapitalis.com\/tunisie\/?s={search_term_string}"},"query-input":{"@type":"PropertyValueSpecification","valueRequired":true,"valueName":"search_term_string"}}],"inLanguage":"fr-FR"},{"@type":"Organization","@id":"https:\/\/kapitalis.com\/tunisie\/#organization","name":"Kapitalis","url":"https:\/\/kapitalis.com\/tunisie\/","logo":{"@type":"ImageObject","inLanguage":"fr-FR","@id":"https:\/\/kapitalis.com\/tunisie\/#\/schema\/logo\/image\/","url":"https:\/\/kapitalis.com\/tunisie\/wp-content\/uploads\/2022\/05\/Kapitalis-big-size.png","contentUrl":"https:\/\/kapitalis.com\/tunisie\/wp-content\/uploads\/2022\/05\/Kapitalis-big-size.png","width":5000,"height":1500,"caption":"Kapitalis"},"image":{"@id":"https:\/\/kapitalis.com\/tunisie\/#\/schema\/logo\/image\/"},"sameAs":["https:\/\/www.facebook.com\/KapitalisInfo\/","https:\/\/x.com\/KapitalisInfo","https:\/\/www.youtube.com\/channel\/UC-yDYrHyfFBWWZaOw3FPg9Q"]},{"@type":"Person","@id":"https:\/\/kapitalis.com\/tunisie\/#\/schema\/person\/d71f33a9ca44f7bad4698210b480c8e9","name":"webmaster kapitalis","url":"https:\/\/kapitalis.com\/tunisie\/author\/webmaster-kapitalis\/"}]}},"_links":{"self":[{"href":"https:\/\/kapitalis.com\/tunisie\/wp-json\/wp\/v2\/posts\/145801","targetHints":{"allow":["GET"]}}],"collection":[{"href":"https:\/\/kapitalis.com\/tunisie\/wp-json\/wp\/v2\/posts"}],"about":[{"href":"https:\/\/kapitalis.com\/tunisie\/wp-json\/wp\/v2\/types\/post"}],"author":[{"embeddable":true,"href":"https:\/\/kapitalis.com\/tunisie\/wp-json\/wp\/v2\/users\/8"}],"replies":[{"embeddable":true,"href":"https:\/\/kapitalis.com\/tunisie\/wp-json\/wp\/v2\/comments?post=145801"}],"version-history":[{"count":0,"href":"https:\/\/kapitalis.com\/tunisie\/wp-json\/wp\/v2\/posts\/145801\/revisions"}],"wp:attachment":[{"href":"https:\/\/kapitalis.com\/tunisie\/wp-json\/wp\/v2\/media?parent=145801"}],"wp:term":[{"taxonomy":"category","embeddable":true,"href":"https:\/\/kapitalis.com\/tunisie\/wp-json\/wp\/v2\/categories?post=145801"},{"taxonomy":"post_tag","embeddable":true,"href":"https:\/\/kapitalis.com\/tunisie\/wp-json\/wp\/v2\/tags?post=145801"}],"curies":[{"name":"wp","href":"https:\/\/api.w.org\/{rel}","templated":true}]}}